{"id":10047,"date":"2024-07-06T20:23:00","date_gmt":"2024-07-06T20:23:00","guid":{"rendered":"https:\/\/e-ciftlik.com\/haberler\/tarim\/kozaklida-buyuk-zarar-100-dekar-tarim-alani-kul-oldu\/"},"modified":"2024-07-06T20:23:00","modified_gmt":"2024-07-06T20:23:00","slug":"kozaklida-buyuk-zarar-100-dekar-tarim-alani-kul-oldu","status":"publish","type":"post","link":"http:\/\/e-ciftlik.com\/haberler\/tarim\/kozaklida-buyuk-zarar-100-dekar-tarim-alani-kul-oldu\/","title":{"rendered":"Kozakl\u0131&#8217;da B\u00fcy\u00fck Zarar: 100 Dekar Tar\u0131m Alan\u0131 K\u00fcl Oldu"},"content":{"rendered":"<p>Nev\u015fehir&#8217;de 100 dekar tar\u0131m arazisi yanarak k\u00fcl oldu.<\/p>\n<p>Nev\u015fehir&#8217;in Kozakl\u0131 il\u00e7esine ba\u011fl\u0131 Karahanl\u0131 k\u00f6y\u00fcnde bulunan bu\u011fday ekili tarlada \u00e7\u0131kan yang\u0131n sonucunda 100 d\u00f6n\u00fcm alan zarar g\u00f6rd\u00fc.<\/p>\n<p>Olay d\u00fcn \u00f6\u011fle saatlerinde Kozakl\u0131 il\u00e7esine ba\u011fl\u0131 Karahasanl\u0131 k\u00f6y\u00fc \u00d6zbek \u00e7\u0131k\u0131\u015f\u0131 Ba\u011fyolu E\u011friarka\u00e7 mevkii civar\u0131ndaki bu\u011fday ekili tarlada meydana geldi. Yang\u0131n r\u00fczgar\u0131n etkisiyle h\u0131zla b\u00fcy\u00fcyerek di\u011fer tarlalara da s\u0131\u00e7rad\u0131. K\u00f6y halk\u0131 yang\u0131n\u0131 fark eder etmez trakt\u00f6rleriyle m\u00fcdahale etmeye \u00e7al\u0131\u015ft\u0131. \u0130tfaiye ekipleri yang\u0131na m\u00fcdahale ederek kontrol alt\u0131na ald\u0131 ancak yang\u0131n 100 d\u00f6n\u00fcm alan\u0131 etkiledi.<\/p>\n<p>Yang\u0131n\u0131n elektrik hatt\u0131ndan \u00e7\u0131kma ihtimali \u00fczerine soru\u015fturma ba\u015flat\u0131ld\u0131.<\/p>\n<p>Kaynak: \u0130hlas Haber Ajans\u0131 \/ Genel<\/p>\n<p>Haberin anahtar kelimeleri: Nev\u015fehir, Kozakl\u0131, Genel, Ya\u015fam, G\u00fcncel, Haberler<\/p>\n","protected":false},"excerpt":{"rendered":"<p>Nev\u015fehir&#8217;de 100 dekar tar\u0131m arazisi yanarak k\u00fcl oldu. Nev\u015fehir&#8217;in Kozakl\u0131 il\u00e7esine ba\u011fl\u0131 Karahanl\u0131 k\u00f6y\u00fcnde bulunan&hellip;<\/p>\n","protected":false},"author":1,"featured_media":6345,"comment_status":"open","ping_status":"open","sticky":false,"template":"","format":"standard","meta":{"footnotes":""},"categories":[9],"tags":[],"class_list":["post-10047","post","type-post","status-publish","format-standard","has-post-thumbnail","hentry","category-tarim"],"yoast_head":"<!-- This site is optimized with the Yoast SEO Premium plugin v24.3 (Yoast SEO v27.4) - https:\/\/yoast.com\/product\/yoast-seo-premium-wordpress\/ -->\n<title>Kozakl\u0131&#039;da B\u00fcy\u00fck Zarar: 100 Dekar Tar\u0131m Alan\u0131 K\u00fcl Oldu - E-&Ccedil;\u0130FTL\u0130K HABER<\/title>\n<meta name=\"description\" content=\"Nev\u015fehir&#039;de 100 dekar tar\u0131m arazisi yanarak k\u00fcl oldu. Nev\u015fehir&#039;in Kozakl\u0131 il\u00e7esine ba\u011fl\u0131 Karahanl\u0131 k\u00f6y\u00fcnde bulunan bu\u011fday ekili tarlada \u00e7\u0131kan yang\u0131n\" \/>\n<meta name=\"robots\" content=\"index, follow, max-snippet:-1, max-image-preview:large, max-video-preview:-1\" \/>\n<link rel=\"canonical\" href=\"https:\/\/e-ciftlik.com\/haberler\/tarim\/kozaklida-buyuk-zarar-100-dekar-tarim-alani-kul-oldu\/\" \/>\n<meta property=\"og:locale\" content=\"tr_TR\" \/>\n<meta property=\"og:type\" content=\"article\" \/>\n<meta property=\"og:title\" content=\"Kozakl\u0131&#039;da B\u00fcy\u00fck Zarar: 100 Dekar Tar\u0131m Alan\u0131 K\u00fcl Oldu\" \/>\n<meta property=\"og:description\" content=\"Nev\u015fehir&#039;de 100 dekar tar\u0131m arazisi yanarak k\u00fcl oldu. Nev\u015fehir&#039;in Kozakl\u0131 il\u00e7esine ba\u011fl\u0131 Karahanl\u0131 k\u00f6y\u00fcnde bulunan bu\u011fday ekili tarlada \u00e7\u0131kan yang\u0131n\" \/>\n<meta property=\"og:url\" content=\"https:\/\/e-ciftlik.com\/haberler\/tarim\/kozaklida-buyuk-zarar-100-dekar-tarim-alani-kul-oldu\/\" \/>\n<meta property=\"og:site_name\" content=\"E-&Ccedil;\u0130FTL\u0130K HABER\" \/>\n<meta property=\"article:publisher\" content=\"https:\/\/www.facebook.com\/eciftlikturkiye\" \/>\n<meta property=\"article:published_time\" content=\"2024-07-06T20:23:00+00:00\" \/>\n<meta property=\"og:image\" content=\"https:\/\/e-ciftlik.com\/haberler\/wp-content\/uploads\/2024\/06\/haberlercom_haberi.jpg\" \/>\n\t<meta property=\"og:image:width\" content=\"1200\" \/>\n\t<meta property=\"og:image:height\" content=\"636\" \/>\n\t<meta property=\"og:image:type\" content=\"image\/jpeg\" \/>\n<meta name=\"author\" content=\"Haber Merkezi\" \/>\n<meta name=\"twitter:card\" content=\"summary_large_image\" \/>\n<meta name=\"twitter:creator\" content=\"@eciftlikresmi\" \/>\n<meta name=\"twitter:site\" content=\"@eciftlikresmi\" \/>\n<meta name=\"twitter:label1\" content=\"Yazan:\" \/>\n\t<meta name=\"twitter:data1\" content=\"Haber Merkezi\" \/>\n\t<meta name=\"twitter:label2\" content=\"Tahmini okuma s\u00fcresi\" \/>\n\t<meta name=\"twitter:data2\" content=\"1 dakika\" \/>\n<script type=\"application\/ld+json\" class=\"yoast-schema-graph\">{\"@context\":\"https:\\\/\\\/schema.org\",\"@graph\":[{\"@type\":\"NewsArticle\",\"@id\":\"https:\\\/\\\/e-ciftlik.com\\\/haberler\\\/tarim\\\/kozaklida-buyuk-zarar-100-dekar-tarim-alani-kul-oldu\\\/#article\",\"isPartOf\":{\"@id\":\"https:\\\/\\\/e-ciftlik.com\\\/haberler\\\/tarim\\\/kozaklida-buyuk-zarar-100-dekar-tarim-alani-kul-oldu\\\/\"},\"author\":{\"name\":\"Haber Merkezi\",\"@id\":\"https:\\\/\\\/e-ciftlik.com\\\/haberler\\\/#\\\/schema\\\/person\\\/d2f4fee3143d7f72be82cb887d51b00a\"},\"headline\":\"Kozakl\u0131&#8217;da B\u00fcy\u00fck Zarar: 100 Dekar Tar\u0131m Alan\u0131 K\u00fcl Oldu\",\"datePublished\":\"2024-07-06T20:23:00+00:00\",\"mainEntityOfPage\":{\"@id\":\"https:\\\/\\\/e-ciftlik.com\\\/haberler\\\/tarim\\\/kozaklida-buyuk-zarar-100-dekar-tarim-alani-kul-oldu\\\/\"},\"wordCount\":162,\"commentCount\":0,\"publisher\":{\"@id\":\"https:\\\/\\\/e-ciftlik.com\\\/haberler\\\/#organization\"},\"image\":{\"@id\":\"https:\\\/\\\/e-ciftlik.com\\\/haberler\\\/tarim\\\/kozaklida-buyuk-zarar-100-dekar-tarim-alani-kul-oldu\\\/#primaryimage\"},\"thumbnailUrl\":\"http:\\\/\\\/e-ciftlik.com\\\/haberler\\\/wp-content\\\/uploads\\\/2024\\\/06\\\/haberlercom_haberi.jpg\",\"articleSection\":[\"Tar\u0131m\"],\"inLanguage\":\"tr\",\"potentialAction\":[{\"@type\":\"CommentAction\",\"name\":\"Comment\",\"target\":[\"https:\\\/\\\/e-ciftlik.com\\\/haberler\\\/tarim\\\/kozaklida-buyuk-zarar-100-dekar-tarim-alani-kul-oldu\\\/#respond\"]}]},{\"@type\":\"WebPage\",\"@id\":\"https:\\\/\\\/e-ciftlik.com\\\/haberler\\\/tarim\\\/kozaklida-buyuk-zarar-100-dekar-tarim-alani-kul-oldu\\\/\",\"url\":\"https:\\\/\\\/e-ciftlik.com\\\/haberler\\\/tarim\\\/kozaklida-buyuk-zarar-100-dekar-tarim-alani-kul-oldu\\\/\",\"name\":\"Kozakl\u0131'da B\u00fcy\u00fck Zarar: 100 Dekar Tar\u0131m Alan\u0131 K\u00fcl Oldu - E-&Ccedil;\u0130FTL\u0130K HABER\",\"isPartOf\":{\"@id\":\"https:\\\/\\\/e-ciftlik.com\\\/haberler\\\/#website\"},\"primaryImageOfPage\":{\"@id\":\"https:\\\/\\\/e-ciftlik.com\\\/haberler\\\/tarim\\\/kozaklida-buyuk-zarar-100-dekar-tarim-alani-kul-oldu\\\/#primaryimage\"},\"image\":{\"@id\":\"https:\\\/\\\/e-ciftlik.com\\\/haberler\\\/tarim\\\/kozaklida-buyuk-zarar-100-dekar-tarim-alani-kul-oldu\\\/#primaryimage\"},\"thumbnailUrl\":\"http:\\\/\\\/e-ciftlik.com\\\/haberler\\\/wp-content\\\/uploads\\\/2024\\\/06\\\/haberlercom_haberi.jpg\",\"datePublished\":\"2024-07-06T20:23:00+00:00\",\"description\":\"Nev\u015fehir'de 100 dekar tar\u0131m arazisi yanarak k\u00fcl oldu. Nev\u015fehir'in Kozakl\u0131 il\u00e7esine ba\u011fl\u0131 Karahanl\u0131 k\u00f6y\u00fcnde bulunan bu\u011fday ekili tarlada \u00e7\u0131kan yang\u0131n\",\"breadcrumb\":{\"@id\":\"https:\\\/\\\/e-ciftlik.com\\\/haberler\\\/tarim\\\/kozaklida-buyuk-zarar-100-dekar-tarim-alani-kul-oldu\\\/#breadcrumb\"},\"inLanguage\":\"tr\",\"potentialAction\":[{\"@type\":\"ReadAction\",\"target\":[\"https:\\\/\\\/e-ciftlik.com\\\/haberler\\\/tarim\\\/kozaklida-buyuk-zarar-100-dekar-tarim-alani-kul-oldu\\\/\"]}]},{\"@type\":\"ImageObject\",\"inLanguage\":\"tr\",\"@id\":\"https:\\\/\\\/e-ciftlik.com\\\/haberler\\\/tarim\\\/kozaklida-buyuk-zarar-100-dekar-tarim-alani-kul-oldu\\\/#primaryimage\",\"url\":\"http:\\\/\\\/e-ciftlik.com\\\/haberler\\\/wp-content\\\/uploads\\\/2024\\\/06\\\/haberlercom_haberi.jpg\",\"contentUrl\":\"http:\\\/\\\/e-ciftlik.com\\\/haberler\\\/wp-content\\\/uploads\\\/2024\\\/06\\\/haberlercom_haberi.jpg\",\"width\":1200,\"height\":636},{\"@type\":\"BreadcrumbList\",\"@id\":\"https:\\\/\\\/e-ciftlik.com\\\/haberler\\\/tarim\\\/kozaklida-buyuk-zarar-100-dekar-tarim-alani-kul-oldu\\\/#breadcrumb\",\"itemListElement\":[{\"@type\":\"ListItem\",\"position\":1,\"name\":\"Anasayfa\",\"item\":\"https:\\\/\\\/e-ciftlik.com\\\/haberler\\\/\"},{\"@type\":\"ListItem\",\"position\":2,\"name\":\"Kozakl\u0131&#8217;da B\u00fcy\u00fck Zarar: 100 Dekar Tar\u0131m Alan\u0131 K\u00fcl Oldu\"}]},{\"@type\":\"WebSite\",\"@id\":\"https:\\\/\\\/e-ciftlik.com\\\/haberler\\\/#website\",\"url\":\"https:\\\/\\\/e-ciftlik.com\\\/haberler\\\/\",\"name\":\"E-\u00c7iftlik Haber | G\u00fcncel, Son Dakika Haberler, En Son Haber\",\"description\":\"\",\"publisher\":{\"@id\":\"https:\\\/\\\/e-ciftlik.com\\\/haberler\\\/#organization\"},\"potentialAction\":[{\"@type\":\"SearchAction\",\"target\":{\"@type\":\"EntryPoint\",\"urlTemplate\":\"https:\\\/\\\/e-ciftlik.com\\\/haberler\\\/?s={search_term_string}\"},\"query-input\":{\"@type\":\"PropertyValueSpecification\",\"valueRequired\":true,\"valueName\":\"search_term_string\"}}],\"inLanguage\":\"tr\"},{\"@type\":\"Organization\",\"@id\":\"https:\\\/\\\/e-ciftlik.com\\\/haberler\\\/#organization\",\"name\":\"E-\u00c7\u0130FTL\u0130K HABER\",\"url\":\"https:\\\/\\\/e-ciftlik.com\\\/haberler\\\/\",\"logo\":{\"@type\":\"ImageObject\",\"inLanguage\":\"tr\",\"@id\":\"https:\\\/\\\/e-ciftlik.com\\\/haberler\\\/#\\\/schema\\\/logo\\\/image\\\/\",\"url\":\"http:\\\/\\\/e-ciftlik.com\\\/haberler\\\/wp-content\\\/uploads\\\/2024\\\/06\\\/cropped-cropped-favicon-1-2.png\",\"contentUrl\":\"http:\\\/\\\/e-ciftlik.com\\\/haberler\\\/wp-content\\\/uploads\\\/2024\\\/06\\\/cropped-cropped-favicon-1-2.png\",\"width\":512,\"height\":512,\"caption\":\"E-\u00c7\u0130FTL\u0130K HABER\"},\"image\":{\"@id\":\"https:\\\/\\\/e-ciftlik.com\\\/haberler\\\/#\\\/schema\\\/logo\\\/image\\\/\"},\"sameAs\":[\"https:\\\/\\\/www.facebook.com\\\/eciftlikturkiye\",\"https:\\\/\\\/x.com\\\/eciftlikresmi\",\"https:\\\/\\\/www.instagram.com\\\/eciftlikresmi\\\/\"]},{\"@type\":\"Person\",\"@id\":\"https:\\\/\\\/e-ciftlik.com\\\/haberler\\\/#\\\/schema\\\/person\\\/d2f4fee3143d7f72be82cb887d51b00a\",\"name\":\"Haber Merkezi\",\"image\":{\"@type\":\"ImageObject\",\"inLanguage\":\"tr\",\"@id\":\"https:\\\/\\\/secure.gravatar.com\\\/avatar\\\/6c27d641914e66c1d0452c92716002398782818991d86db1c2cccb531e7c7c82?s=96&d=mm&r=g\",\"url\":\"https:\\\/\\\/secure.gravatar.com\\\/avatar\\\/6c27d641914e66c1d0452c92716002398782818991d86db1c2cccb531e7c7c82?s=96&d=mm&r=g\",\"contentUrl\":\"https:\\\/\\\/secure.gravatar.com\\\/avatar\\\/6c27d641914e66c1d0452c92716002398782818991d86db1c2cccb531e7c7c82?s=96&d=mm&r=g\",\"caption\":\"Haber Merkezi\"},\"sameAs\":[\"http:\\\/\\\/e-ciftlik.com\\\/haberler\"]}]}<\/script>\n<!-- \/ Yoast SEO Premium plugin. -->","yoast_head_json":{"title":"Kozakl\u0131'da B\u00fcy\u00fck Zarar: 100 Dekar Tar\u0131m Alan\u0131 K\u00fcl Oldu - E-&Ccedil;\u0130FTL\u0130K HABER","description":"Nev\u015fehir'de 100 dekar tar\u0131m arazisi yanarak k\u00fcl oldu. Nev\u015fehir'in Kozakl\u0131 il\u00e7esine ba\u011fl\u0131 Karahanl\u0131 k\u00f6y\u00fcnde bulunan bu\u011fday ekili tarlada \u00e7\u0131kan yang\u0131n","robots":{"index":"index","follow":"follow","max-snippet":"max-snippet:-1","max-image-preview":"max-image-preview:large","max-video-preview":"max-video-preview:-1"},"canonical":"https:\/\/e-ciftlik.com\/haberler\/tarim\/kozaklida-buyuk-zarar-100-dekar-tarim-alani-kul-oldu\/","og_locale":"tr_TR","og_type":"article","og_title":"Kozakl\u0131'da B\u00fcy\u00fck Zarar: 100 Dekar Tar\u0131m Alan\u0131 K\u00fcl Oldu","og_description":"Nev\u015fehir'de 100 dekar tar\u0131m arazisi yanarak k\u00fcl oldu. Nev\u015fehir'in Kozakl\u0131 il\u00e7esine ba\u011fl\u0131 Karahanl\u0131 k\u00f6y\u00fcnde bulunan bu\u011fday ekili tarlada \u00e7\u0131kan yang\u0131n","og_url":"https:\/\/e-ciftlik.com\/haberler\/tarim\/kozaklida-buyuk-zarar-100-dekar-tarim-alani-kul-oldu\/","og_site_name":"E-&Ccedil;\u0130FTL\u0130K HABER","article_publisher":"https:\/\/www.facebook.com\/eciftlikturkiye","article_published_time":"2024-07-06T20:23:00+00:00","og_image":[{"width":1200,"height":636,"url":"https:\/\/e-ciftlik.com\/haberler\/wp-content\/uploads\/2024\/06\/haberlercom_haberi.jpg","type":"image\/jpeg"}],"author":"Haber Merkezi","twitter_card":"summary_large_image","twitter_creator":"@eciftlikresmi","twitter_site":"@eciftlikresmi","twitter_misc":{"Yazan:":"Haber Merkezi","Tahmini okuma s\u00fcresi":"1 dakika"},"schema":{"@context":"https:\/\/schema.org","@graph":[{"@type":"NewsArticle","@id":"https:\/\/e-ciftlik.com\/haberler\/tarim\/kozaklida-buyuk-zarar-100-dekar-tarim-alani-kul-oldu\/#article","isPartOf":{"@id":"https:\/\/e-ciftlik.com\/haberler\/tarim\/kozaklida-buyuk-zarar-100-dekar-tarim-alani-kul-oldu\/"},"author":{"name":"Haber Merkezi","@id":"https:\/\/e-ciftlik.com\/haberler\/#\/schema\/person\/d2f4fee3143d7f72be82cb887d51b00a"},"headline":"Kozakl\u0131&#8217;da B\u00fcy\u00fck Zarar: 100 Dekar Tar\u0131m Alan\u0131 K\u00fcl Oldu","datePublished":"2024-07-06T20:23:00+00:00","mainEntityOfPage":{"@id":"https:\/\/e-ciftlik.com\/haberler\/tarim\/kozaklida-buyuk-zarar-100-dekar-tarim-alani-kul-oldu\/"},"wordCount":162,"commentCount":0,"publisher":{"@id":"https:\/\/e-ciftlik.com\/haberler\/#organization"},"image":{"@id":"https:\/\/e-ciftlik.com\/haberler\/tarim\/kozaklida-buyuk-zarar-100-dekar-tarim-alani-kul-oldu\/#primaryimage"},"thumbnailUrl":"http:\/\/e-ciftlik.com\/haberler\/wp-content\/uploads\/2024\/06\/haberlercom_haberi.jpg","articleSection":["Tar\u0131m"],"inLanguage":"tr","potentialAction":[{"@type":"CommentAction","name":"Comment","target":["https:\/\/e-ciftlik.com\/haberler\/tarim\/kozaklida-buyuk-zarar-100-dekar-tarim-alani-kul-oldu\/#respond"]}]},{"@type":"WebPage","@id":"https:\/\/e-ciftlik.com\/haberler\/tarim\/kozaklida-buyuk-zarar-100-dekar-tarim-alani-kul-oldu\/","url":"https:\/\/e-ciftlik.com\/haberler\/tarim\/kozaklida-buyuk-zarar-100-dekar-tarim-alani-kul-oldu\/","name":"Kozakl\u0131'da B\u00fcy\u00fck Zarar: 100 Dekar Tar\u0131m Alan\u0131 K\u00fcl Oldu - E-&Ccedil;\u0130FTL\u0130K HABER","isPartOf":{"@id":"https:\/\/e-ciftlik.com\/haberler\/#website"},"primaryImageOfPage":{"@id":"https:\/\/e-ciftlik.com\/haberler\/tarim\/kozaklida-buyuk-zarar-100-dekar-tarim-alani-kul-oldu\/#primaryimage"},"image":{"@id":"https:\/\/e-ciftlik.com\/haberler\/tarim\/kozaklida-buyuk-zarar-100-dekar-tarim-alani-kul-oldu\/#primaryimage"},"thumbnailUrl":"http:\/\/e-ciftlik.com\/haberler\/wp-content\/uploads\/2024\/06\/haberlercom_haberi.jpg","datePublished":"2024-07-06T20:23:00+00:00","description":"Nev\u015fehir'de 100 dekar tar\u0131m arazisi yanarak k\u00fcl oldu. Nev\u015fehir'in Kozakl\u0131 il\u00e7esine ba\u011fl\u0131 Karahanl\u0131 k\u00f6y\u00fcnde bulunan bu\u011fday ekili tarlada \u00e7\u0131kan yang\u0131n","breadcrumb":{"@id":"https:\/\/e-ciftlik.com\/haberler\/tarim\/kozaklida-buyuk-zarar-100-dekar-tarim-alani-kul-oldu\/#breadcrumb"},"inLanguage":"tr","potentialAction":[{"@type":"ReadAction","target":["https:\/\/e-ciftlik.com\/haberler\/tarim\/kozaklida-buyuk-zarar-100-dekar-tarim-alani-kul-oldu\/"]}]},{"@type":"ImageObject","inLanguage":"tr","@id":"https:\/\/e-ciftlik.com\/haberler\/tarim\/kozaklida-buyuk-zarar-100-dekar-tarim-alani-kul-oldu\/#primaryimage","url":"http:\/\/e-ciftlik.com\/haberler\/wp-content\/uploads\/2024\/06\/haberlercom_haberi.jpg","contentUrl":"http:\/\/e-ciftlik.com\/haberler\/wp-content\/uploads\/2024\/06\/haberlercom_haberi.jpg","width":1200,"height":636},{"@type":"BreadcrumbList","@id":"https:\/\/e-ciftlik.com\/haberler\/tarim\/kozaklida-buyuk-zarar-100-dekar-tarim-alani-kul-oldu\/#breadcrumb","itemListElement":[{"@type":"ListItem","position":1,"name":"Anasayfa","item":"https:\/\/e-ciftlik.com\/haberler\/"},{"@type":"ListItem","position":2,"name":"Kozakl\u0131&#8217;da B\u00fcy\u00fck Zarar: 100 Dekar Tar\u0131m Alan\u0131 K\u00fcl Oldu"}]},{"@type":"WebSite","@id":"https:\/\/e-ciftlik.com\/haberler\/#website","url":"https:\/\/e-ciftlik.com\/haberler\/","name":"E-\u00c7iftlik Haber | G\u00fcncel, Son Dakika Haberler, En Son Haber","description":"","publisher":{"@id":"https:\/\/e-ciftlik.com\/haberler\/#organization"},"potentialAction":[{"@type":"SearchAction","target":{"@type":"EntryPoint","urlTemplate":"https:\/\/e-ciftlik.com\/haberler\/?s={search_term_string}"},"query-input":{"@type":"PropertyValueSpecification","valueRequired":true,"valueName":"search_term_string"}}],"inLanguage":"tr"},{"@type":"Organization","@id":"https:\/\/e-ciftlik.com\/haberler\/#organization","name":"E-\u00c7\u0130FTL\u0130K HABER","url":"https:\/\/e-ciftlik.com\/haberler\/","logo":{"@type":"ImageObject","inLanguage":"tr","@id":"https:\/\/e-ciftlik.com\/haberler\/#\/schema\/logo\/image\/","url":"http:\/\/e-ciftlik.com\/haberler\/wp-content\/uploads\/2024\/06\/cropped-cropped-favicon-1-2.png","contentUrl":"http:\/\/e-ciftlik.com\/haberler\/wp-content\/uploads\/2024\/06\/cropped-cropped-favicon-1-2.png","width":512,"height":512,"caption":"E-\u00c7\u0130FTL\u0130K HABER"},"image":{"@id":"https:\/\/e-ciftlik.com\/haberler\/#\/schema\/logo\/image\/"},"sameAs":["https:\/\/www.facebook.com\/eciftlikturkiye","https:\/\/x.com\/eciftlikresmi","https:\/\/www.instagram.com\/eciftlikresmi\/"]},{"@type":"Person","@id":"https:\/\/e-ciftlik.com\/haberler\/#\/schema\/person\/d2f4fee3143d7f72be82cb887d51b00a","name":"Haber Merkezi","image":{"@type":"ImageObject","inLanguage":"tr","@id":"https:\/\/secure.gravatar.com\/avatar\/6c27d641914e66c1d0452c92716002398782818991d86db1c2cccb531e7c7c82?s=96&d=mm&r=g","url":"https:\/\/secure.gravatar.com\/avatar\/6c27d641914e66c1d0452c92716002398782818991d86db1c2cccb531e7c7c82?s=96&d=mm&r=g","contentUrl":"https:\/\/secure.gravatar.com\/avatar\/6c27d641914e66c1d0452c92716002398782818991d86db1c2cccb531e7c7c82?s=96&d=mm&r=g","caption":"Haber Merkezi"},"sameAs":["http:\/\/e-ciftlik.com\/haberler"]}]}},"_links":{"self":[{"href":"http:\/\/e-ciftlik.com\/haberler\/wp-json\/wp\/v2\/posts\/10047","targetHints":{"allow":["GET"]}}],"collection":[{"href":"http:\/\/e-ciftlik.com\/haberler\/wp-json\/wp\/v2\/posts"}],"about":[{"href":"http:\/\/e-ciftlik.com\/haberler\/wp-json\/wp\/v2\/types\/post"}],"author":[{"embeddable":true,"href":"http:\/\/e-ciftlik.com\/haberler\/wp-json\/wp\/v2\/users\/1"}],"replies":[{"embeddable":true,"href":"http:\/\/e-ciftlik.com\/haberler\/wp-json\/wp\/v2\/comments?post=10047"}],"version-history":[{"count":0,"href":"http:\/\/e-ciftlik.com\/haberler\/wp-json\/wp\/v2\/posts\/10047\/revisions"}],"wp:featuredmedia":[{"embeddable":true,"href":"http:\/\/e-ciftlik.com\/haberler\/wp-json\/wp\/v2\/media\/6345"}],"wp:attachment":[{"href":"http:\/\/e-ciftlik.com\/haberler\/wp-json\/wp\/v2\/media?parent=10047"}],"wp:term":[{"taxonomy":"category","embeddable":true,"href":"http:\/\/e-ciftlik.com\/haberler\/wp-json\/wp\/v2\/categories?post=10047"},{"taxonomy":"post_tag","embeddable":true,"href":"http:\/\/e-ciftlik.com\/haberler\/wp-json\/wp\/v2\/tags?post=10047"}],"curies":[{"name":"wp","href":"https:\/\/api.w.org\/{rel}","templated":true}]}}