{"id":5150,"date":"2024-06-21T00:36:53","date_gmt":"2024-06-21T00:36:53","guid":{"rendered":"https:\/\/e-ciftlik.com\/haberler\/spor\/mourinho-ilk-gununde-samandirada\/"},"modified":"2024-06-21T00:36:53","modified_gmt":"2024-06-21T00:36:53","slug":"mourinho-ilk-gununde-samandirada","status":"publish","type":"post","link":"http:\/\/e-ciftlik.com\/haberler\/spor\/mourinho-ilk-gununde-samandirada\/","title":{"rendered":"Mourinho \u0130lk G\u00fcn\u00fcnde Samand\u0131ra&#8217;da!"},"content":{"rendered":"<p>Fenerbah\u00e7e&#8217;nin yeni sezon \u00f6ncesi teknik direkt\u00f6r\u00fc Jose Mourinho, tatilinin ard\u0131ndan \u0130stanbul&#8217;a d\u00f6nerek Samand\u0131ra Can Bartu Tesisleri&#8217;nde \u00e7al\u0131\u015fmalar\u0131na ba\u015flad\u0131. Portekizli teknik adam, sosyal medya hesab\u0131ndan payla\u015ft\u0131\u011f\u0131 &#8220;1. G\u00fcn&#8221; yaz\u0131l\u0131 foto\u011fraf ile geri d\u00f6n\u00fc\u015f\u00fcn\u00fc duyurdu.<\/p>\n<p>Sar\u0131-lacivertli futbolcular, 22-23 Haziran tarihlerinde sa\u011fl\u0131k kontrolleri i\u00e7in tesislere gelmeye ba\u015flayacak. Tak\u0131m, ilk etap \u00e7al\u0131\u015fmalar\u0131n\u0131 24-29 Haziran tarihleri aras\u0131nda Topuk Yaylas\u0131&#8217;nda ger\u00e7ekle\u015ftirecek. Ard\u0131ndan, 2-13 Temmuz tarihleri aras\u0131nda Avusturya&#8217;n\u0131n Bad Wastersdolf kasabas\u0131nda kampa girecekler.<\/p>\n<p>Ge\u00e7en sezon Fenerbah\u00e7e&#8217;de 22 gol atan Michy Batshuayi&#8217;nin Galatasaray&#8217;a transfer olma karar\u0131 ortaya \u00e7\u0131kt\u0131. Bel\u00e7ikal\u0131 golc\u00fc, sar\u0131-lacivertlilerle olan s\u00f6zle\u015fmesini uzatmayarak Galatasaray ile anla\u015fma sa\u011flad\u0131. Fenerbah\u00e7e&#8217;nin Batshuayi&#8217;ye yapt\u0131\u011f\u0131 10 milyon Euro&#8217;luk teklif, Galatasaray&#8217;\u0131n 12 milyon Euro&#8217;luk teklifini reddetmesine neden oldu.<\/p>\n<p>Jose Mourinho, Batshuayi&#8217;nin transfer s\u00fcrecinde y\u00f6netimden d\u00fczenli olarak bilgilendirildi. Mourinho, g\u00f6reve ba\u015flad\u0131\u011f\u0131nda Bel\u00e7ikal\u0131 futbolcuyla devam etme karar\u0131 alm\u0131\u015ft\u0131 ancak Galatasaray&#8217;\u0131n devreye girmesi sonucu uzayan pazarl\u0131k s\u00fcreci, Mourinho&#8217;nun fikrini de de\u011fi\u015ftirdi.<\/p>\n<p>Mourinho, Fenerbah\u00e7e&#8217;nin transfer politikas\u0131 hakk\u0131nda &#8220;aidiyet hissetmeyen ve kalmak istemeyen oyuncular i\u00e7in \u0131srarc\u0131 olmayal\u0131m&#8221; \u015feklinde g\u00f6r\u00fc\u015f bildirdi. Portekizli teknik adam, mevcut teklifin art\u0131r\u0131lmamas\u0131n\u0131 isteyerek Fenerbah\u00e7e&#8217;nin transferden \u00e7ekilmesine \u00f6nc\u00fcl\u00fck etti.<\/p>\n","protected":false},"excerpt":{"rendered":"<p>Fenerbah\u00e7e&#8217;nin yeni sezon \u00f6ncesi teknik direkt\u00f6r\u00fc Jose Mourinho, tatilinin ard\u0131ndan \u0130stanbul&#8217;a d\u00f6nerek Samand\u0131ra Can Bartu&hellip;<\/p>\n","protected":false},"author":1,"featured_media":5151,"comment_status":"open","ping_status":"open","sticky":false,"template":"","format":"standard","meta":{"footnotes":""},"categories":[7],"tags":[],"class_list":["post-5150","post","type-post","status-publish","format-standard","has-post-thumbnail","hentry","category-spor"],"yoast_head":"<!-- This site is optimized with the Yoast SEO Premium plugin v24.3 (Yoast SEO v27.4) - https:\/\/yoast.com\/product\/yoast-seo-premium-wordpress\/ -->\n<title>Mourinho \u0130lk G\u00fcn\u00fcnde Samand\u0131ra&#039;da! - E-&Ccedil;\u0130FTL\u0130K HABER<\/title>\n<meta name=\"description\" content=\"Fenerbah\u00e7e&#039;nin yeni sezon \u00f6ncesi teknik direkt\u00f6r\u00fc Jose Mourinho, tatilinin ard\u0131ndan \u0130stanbul&#039;a d\u00f6nerek Samand\u0131ra Can Bartu Tesisleri&#039;nde \u00e7al\u0131\u015fmalar\u0131na\" \/>\n<meta name=\"robots\" content=\"index, follow, max-snippet:-1, max-image-preview:large, max-video-preview:-1\" \/>\n<link rel=\"canonical\" href=\"http:\/\/e-ciftlik.com\/haberler\/spor\/mourinho-ilk-gununde-samandirada\/\" \/>\n<meta property=\"og:locale\" content=\"tr_TR\" \/>\n<meta property=\"og:type\" content=\"article\" \/>\n<meta property=\"og:title\" content=\"Mourinho \u0130lk G\u00fcn\u00fcnde Samand\u0131ra&#039;da!\" \/>\n<meta property=\"og:description\" content=\"Fenerbah\u00e7e&#039;nin yeni sezon \u00f6ncesi teknik direkt\u00f6r\u00fc Jose Mourinho, tatilinin ard\u0131ndan \u0130stanbul&#039;a d\u00f6nerek Samand\u0131ra Can Bartu Tesisleri&#039;nde \u00e7al\u0131\u015fmalar\u0131na\" \/>\n<meta property=\"og:url\" content=\"http:\/\/e-ciftlik.com\/haberler\/spor\/mourinho-ilk-gununde-samandirada\/\" \/>\n<meta property=\"og:site_name\" content=\"E-&Ccedil;\u0130FTL\u0130K HABER\" \/>\n<meta property=\"article:publisher\" content=\"https:\/\/www.facebook.com\/eciftlikturkiye\" \/>\n<meta property=\"article:published_time\" content=\"2024-06-21T00:36:53+00:00\" \/>\n<meta property=\"og:image\" content=\"http:\/\/e-ciftlik.com\/haberler\/wp-content\/uploads\/2024\/06\/1718930216_1200x628.jpeg\" \/>\n\t<meta property=\"og:image:width\" content=\"1200\" \/>\n\t<meta property=\"og:image:height\" content=\"627\" \/>\n\t<meta property=\"og:image:type\" content=\"image\/jpeg\" \/>\n<meta name=\"author\" content=\"Haber Merkezi\" \/>\n<meta name=\"twitter:card\" content=\"summary_large_image\" \/>\n<meta name=\"twitter:creator\" content=\"@eciftlikresmi\" \/>\n<meta name=\"twitter:site\" content=\"@eciftlikresmi\" \/>\n<meta name=\"twitter:label1\" content=\"Yazan:\" \/>\n\t<meta name=\"twitter:data1\" content=\"Haber Merkezi\" \/>\n\t<meta name=\"twitter:label2\" content=\"Tahmini okuma s\u00fcresi\" \/>\n\t<meta name=\"twitter:data2\" content=\"1 dakika\" \/>\n<script type=\"application\/ld+json\" class=\"yoast-schema-graph\">{\"@context\":\"https:\\\/\\\/schema.org\",\"@graph\":[{\"@type\":\"NewsArticle\",\"@id\":\"http:\\\/\\\/e-ciftlik.com\\\/haberler\\\/spor\\\/mourinho-ilk-gununde-samandirada\\\/#article\",\"isPartOf\":{\"@id\":\"http:\\\/\\\/e-ciftlik.com\\\/haberler\\\/spor\\\/mourinho-ilk-gununde-samandirada\\\/\"},\"author\":{\"name\":\"Haber Merkezi\",\"@id\":\"https:\\\/\\\/e-ciftlik.com\\\/haberler\\\/#\\\/schema\\\/person\\\/d2f4fee3143d7f72be82cb887d51b00a\"},\"headline\":\"Mourinho \u0130lk G\u00fcn\u00fcnde Samand\u0131ra&#8217;da!\",\"datePublished\":\"2024-06-21T00:36:53+00:00\",\"mainEntityOfPage\":{\"@id\":\"http:\\\/\\\/e-ciftlik.com\\\/haberler\\\/spor\\\/mourinho-ilk-gununde-samandirada\\\/\"},\"wordCount\":248,\"commentCount\":0,\"publisher\":{\"@id\":\"https:\\\/\\\/e-ciftlik.com\\\/haberler\\\/#organization\"},\"image\":{\"@id\":\"http:\\\/\\\/e-ciftlik.com\\\/haberler\\\/spor\\\/mourinho-ilk-gununde-samandirada\\\/#primaryimage\"},\"thumbnailUrl\":\"http:\\\/\\\/e-ciftlik.com\\\/haberler\\\/wp-content\\\/uploads\\\/2024\\\/06\\\/1718930216_1200x628.jpeg\",\"articleSection\":[\"Spor\"],\"inLanguage\":\"tr\",\"potentialAction\":[{\"@type\":\"CommentAction\",\"name\":\"Comment\",\"target\":[\"http:\\\/\\\/e-ciftlik.com\\\/haberler\\\/spor\\\/mourinho-ilk-gununde-samandirada\\\/#respond\"]}]},{\"@type\":\"WebPage\",\"@id\":\"http:\\\/\\\/e-ciftlik.com\\\/haberler\\\/spor\\\/mourinho-ilk-gununde-samandirada\\\/\",\"url\":\"http:\\\/\\\/e-ciftlik.com\\\/haberler\\\/spor\\\/mourinho-ilk-gununde-samandirada\\\/\",\"name\":\"Mourinho \u0130lk G\u00fcn\u00fcnde Samand\u0131ra'da! - E-&Ccedil;\u0130FTL\u0130K HABER\",\"isPartOf\":{\"@id\":\"https:\\\/\\\/e-ciftlik.com\\\/haberler\\\/#website\"},\"primaryImageOfPage\":{\"@id\":\"http:\\\/\\\/e-ciftlik.com\\\/haberler\\\/spor\\\/mourinho-ilk-gununde-samandirada\\\/#primaryimage\"},\"image\":{\"@id\":\"http:\\\/\\\/e-ciftlik.com\\\/haberler\\\/spor\\\/mourinho-ilk-gununde-samandirada\\\/#primaryimage\"},\"thumbnailUrl\":\"http:\\\/\\\/e-ciftlik.com\\\/haberler\\\/wp-content\\\/uploads\\\/2024\\\/06\\\/1718930216_1200x628.jpeg\",\"datePublished\":\"2024-06-21T00:36:53+00:00\",\"description\":\"Fenerbah\u00e7e'nin yeni sezon \u00f6ncesi teknik direkt\u00f6r\u00fc Jose Mourinho, tatilinin ard\u0131ndan \u0130stanbul'a d\u00f6nerek Samand\u0131ra Can Bartu Tesisleri'nde \u00e7al\u0131\u015fmalar\u0131na\",\"breadcrumb\":{\"@id\":\"http:\\\/\\\/e-ciftlik.com\\\/haberler\\\/spor\\\/mourinho-ilk-gununde-samandirada\\\/#breadcrumb\"},\"inLanguage\":\"tr\",\"potentialAction\":[{\"@type\":\"ReadAction\",\"target\":[\"http:\\\/\\\/e-ciftlik.com\\\/haberler\\\/spor\\\/mourinho-ilk-gununde-samandirada\\\/\"]}]},{\"@type\":\"ImageObject\",\"inLanguage\":\"tr\",\"@id\":\"http:\\\/\\\/e-ciftlik.com\\\/haberler\\\/spor\\\/mourinho-ilk-gununde-samandirada\\\/#primaryimage\",\"url\":\"http:\\\/\\\/e-ciftlik.com\\\/haberler\\\/wp-content\\\/uploads\\\/2024\\\/06\\\/1718930216_1200x628.jpeg\",\"contentUrl\":\"http:\\\/\\\/e-ciftlik.com\\\/haberler\\\/wp-content\\\/uploads\\\/2024\\\/06\\\/1718930216_1200x628.jpeg\",\"width\":1200,\"height\":627},{\"@type\":\"BreadcrumbList\",\"@id\":\"http:\\\/\\\/e-ciftlik.com\\\/haberler\\\/spor\\\/mourinho-ilk-gununde-samandirada\\\/#breadcrumb\",\"itemListElement\":[{\"@type\":\"ListItem\",\"position\":1,\"name\":\"Anasayfa\",\"item\":\"https:\\\/\\\/e-ciftlik.com\\\/haberler\\\/\"},{\"@type\":\"ListItem\",\"position\":2,\"name\":\"Mourinho \u0130lk G\u00fcn\u00fcnde Samand\u0131ra&#8217;da!\"}]},{\"@type\":\"WebSite\",\"@id\":\"https:\\\/\\\/e-ciftlik.com\\\/haberler\\\/#website\",\"url\":\"https:\\\/\\\/e-ciftlik.com\\\/haberler\\\/\",\"name\":\"E-\u00c7iftlik Haber | G\u00fcncel, Son Dakika Haberler, En Son Haber\",\"description\":\"\",\"publisher\":{\"@id\":\"https:\\\/\\\/e-ciftlik.com\\\/haberler\\\/#organization\"},\"potentialAction\":[{\"@type\":\"SearchAction\",\"target\":{\"@type\":\"EntryPoint\",\"urlTemplate\":\"https:\\\/\\\/e-ciftlik.com\\\/haberler\\\/?s={search_term_string}\"},\"query-input\":{\"@type\":\"PropertyValueSpecification\",\"valueRequired\":true,\"valueName\":\"search_term_string\"}}],\"inLanguage\":\"tr\"},{\"@type\":\"Organization\",\"@id\":\"https:\\\/\\\/e-ciftlik.com\\\/haberler\\\/#organization\",\"name\":\"E-\u00c7\u0130FTL\u0130K HABER\",\"url\":\"https:\\\/\\\/e-ciftlik.com\\\/haberler\\\/\",\"logo\":{\"@type\":\"ImageObject\",\"inLanguage\":\"tr\",\"@id\":\"https:\\\/\\\/e-ciftlik.com\\\/haberler\\\/#\\\/schema\\\/logo\\\/image\\\/\",\"url\":\"http:\\\/\\\/e-ciftlik.com\\\/haberler\\\/wp-content\\\/uploads\\\/2024\\\/06\\\/cropped-cropped-favicon-1-2.png\",\"contentUrl\":\"http:\\\/\\\/e-ciftlik.com\\\/haberler\\\/wp-content\\\/uploads\\\/2024\\\/06\\\/cropped-cropped-favicon-1-2.png\",\"width\":512,\"height\":512,\"caption\":\"E-\u00c7\u0130FTL\u0130K HABER\"},\"image\":{\"@id\":\"https:\\\/\\\/e-ciftlik.com\\\/haberler\\\/#\\\/schema\\\/logo\\\/image\\\/\"},\"sameAs\":[\"https:\\\/\\\/www.facebook.com\\\/eciftlikturkiye\",\"https:\\\/\\\/x.com\\\/eciftlikresmi\",\"https:\\\/\\\/www.instagram.com\\\/eciftlikresmi\\\/\"]},{\"@type\":\"Person\",\"@id\":\"https:\\\/\\\/e-ciftlik.com\\\/haberler\\\/#\\\/schema\\\/person\\\/d2f4fee3143d7f72be82cb887d51b00a\",\"name\":\"Haber Merkezi\",\"image\":{\"@type\":\"ImageObject\",\"inLanguage\":\"tr\",\"@id\":\"https:\\\/\\\/secure.gravatar.com\\\/avatar\\\/6c27d641914e66c1d0452c92716002398782818991d86db1c2cccb531e7c7c82?s=96&d=mm&r=g\",\"url\":\"https:\\\/\\\/secure.gravatar.com\\\/avatar\\\/6c27d641914e66c1d0452c92716002398782818991d86db1c2cccb531e7c7c82?s=96&d=mm&r=g\",\"contentUrl\":\"https:\\\/\\\/secure.gravatar.com\\\/avatar\\\/6c27d641914e66c1d0452c92716002398782818991d86db1c2cccb531e7c7c82?s=96&d=mm&r=g\",\"caption\":\"Haber Merkezi\"},\"sameAs\":[\"http:\\\/\\\/e-ciftlik.com\\\/haberler\"]}]}<\/script>\n<!-- \/ Yoast SEO Premium plugin. -->","yoast_head_json":{"title":"Mourinho \u0130lk G\u00fcn\u00fcnde Samand\u0131ra'da! - E-&Ccedil;\u0130FTL\u0130K HABER","description":"Fenerbah\u00e7e'nin yeni sezon \u00f6ncesi teknik direkt\u00f6r\u00fc Jose Mourinho, tatilinin ard\u0131ndan \u0130stanbul'a d\u00f6nerek Samand\u0131ra Can Bartu Tesisleri'nde \u00e7al\u0131\u015fmalar\u0131na","robots":{"index":"index","follow":"follow","max-snippet":"max-snippet:-1","max-image-preview":"max-image-preview:large","max-video-preview":"max-video-preview:-1"},"canonical":"http:\/\/e-ciftlik.com\/haberler\/spor\/mourinho-ilk-gununde-samandirada\/","og_locale":"tr_TR","og_type":"article","og_title":"Mourinho \u0130lk G\u00fcn\u00fcnde Samand\u0131ra'da!","og_description":"Fenerbah\u00e7e'nin yeni sezon \u00f6ncesi teknik direkt\u00f6r\u00fc Jose Mourinho, tatilinin ard\u0131ndan \u0130stanbul'a d\u00f6nerek Samand\u0131ra Can Bartu Tesisleri'nde \u00e7al\u0131\u015fmalar\u0131na","og_url":"http:\/\/e-ciftlik.com\/haberler\/spor\/mourinho-ilk-gununde-samandirada\/","og_site_name":"E-&Ccedil;\u0130FTL\u0130K HABER","article_publisher":"https:\/\/www.facebook.com\/eciftlikturkiye","article_published_time":"2024-06-21T00:36:53+00:00","og_image":[{"width":1200,"height":627,"url":"http:\/\/e-ciftlik.com\/haberler\/wp-content\/uploads\/2024\/06\/1718930216_1200x628.jpeg","type":"image\/jpeg"}],"author":"Haber Merkezi","twitter_card":"summary_large_image","twitter_creator":"@eciftlikresmi","twitter_site":"@eciftlikresmi","twitter_misc":{"Yazan:":"Haber Merkezi","Tahmini okuma s\u00fcresi":"1 dakika"},"schema":{"@context":"https:\/\/schema.org","@graph":[{"@type":"NewsArticle","@id":"http:\/\/e-ciftlik.com\/haberler\/spor\/mourinho-ilk-gununde-samandirada\/#article","isPartOf":{"@id":"http:\/\/e-ciftlik.com\/haberler\/spor\/mourinho-ilk-gununde-samandirada\/"},"author":{"name":"Haber Merkezi","@id":"https:\/\/e-ciftlik.com\/haberler\/#\/schema\/person\/d2f4fee3143d7f72be82cb887d51b00a"},"headline":"Mourinho \u0130lk G\u00fcn\u00fcnde Samand\u0131ra&#8217;da!","datePublished":"2024-06-21T00:36:53+00:00","mainEntityOfPage":{"@id":"http:\/\/e-ciftlik.com\/haberler\/spor\/mourinho-ilk-gununde-samandirada\/"},"wordCount":248,"commentCount":0,"publisher":{"@id":"https:\/\/e-ciftlik.com\/haberler\/#organization"},"image":{"@id":"http:\/\/e-ciftlik.com\/haberler\/spor\/mourinho-ilk-gununde-samandirada\/#primaryimage"},"thumbnailUrl":"http:\/\/e-ciftlik.com\/haberler\/wp-content\/uploads\/2024\/06\/1718930216_1200x628.jpeg","articleSection":["Spor"],"inLanguage":"tr","potentialAction":[{"@type":"CommentAction","name":"Comment","target":["http:\/\/e-ciftlik.com\/haberler\/spor\/mourinho-ilk-gununde-samandirada\/#respond"]}]},{"@type":"WebPage","@id":"http:\/\/e-ciftlik.com\/haberler\/spor\/mourinho-ilk-gununde-samandirada\/","url":"http:\/\/e-ciftlik.com\/haberler\/spor\/mourinho-ilk-gununde-samandirada\/","name":"Mourinho \u0130lk G\u00fcn\u00fcnde Samand\u0131ra'da! - E-&Ccedil;\u0130FTL\u0130K HABER","isPartOf":{"@id":"https:\/\/e-ciftlik.com\/haberler\/#website"},"primaryImageOfPage":{"@id":"http:\/\/e-ciftlik.com\/haberler\/spor\/mourinho-ilk-gununde-samandirada\/#primaryimage"},"image":{"@id":"http:\/\/e-ciftlik.com\/haberler\/spor\/mourinho-ilk-gununde-samandirada\/#primaryimage"},"thumbnailUrl":"http:\/\/e-ciftlik.com\/haberler\/wp-content\/uploads\/2024\/06\/1718930216_1200x628.jpeg","datePublished":"2024-06-21T00:36:53+00:00","description":"Fenerbah\u00e7e'nin yeni sezon \u00f6ncesi teknik direkt\u00f6r\u00fc Jose Mourinho, tatilinin ard\u0131ndan \u0130stanbul'a d\u00f6nerek Samand\u0131ra Can Bartu Tesisleri'nde \u00e7al\u0131\u015fmalar\u0131na","breadcrumb":{"@id":"http:\/\/e-ciftlik.com\/haberler\/spor\/mourinho-ilk-gununde-samandirada\/#breadcrumb"},"inLanguage":"tr","potentialAction":[{"@type":"ReadAction","target":["http:\/\/e-ciftlik.com\/haberler\/spor\/mourinho-ilk-gununde-samandirada\/"]}]},{"@type":"ImageObject","inLanguage":"tr","@id":"http:\/\/e-ciftlik.com\/haberler\/spor\/mourinho-ilk-gununde-samandirada\/#primaryimage","url":"http:\/\/e-ciftlik.com\/haberler\/wp-content\/uploads\/2024\/06\/1718930216_1200x628.jpeg","contentUrl":"http:\/\/e-ciftlik.com\/haberler\/wp-content\/uploads\/2024\/06\/1718930216_1200x628.jpeg","width":1200,"height":627},{"@type":"BreadcrumbList","@id":"http:\/\/e-ciftlik.com\/haberler\/spor\/mourinho-ilk-gununde-samandirada\/#breadcrumb","itemListElement":[{"@type":"ListItem","position":1,"name":"Anasayfa","item":"https:\/\/e-ciftlik.com\/haberler\/"},{"@type":"ListItem","position":2,"name":"Mourinho \u0130lk G\u00fcn\u00fcnde Samand\u0131ra&#8217;da!"}]},{"@type":"WebSite","@id":"https:\/\/e-ciftlik.com\/haberler\/#website","url":"https:\/\/e-ciftlik.com\/haberler\/","name":"E-\u00c7iftlik Haber | G\u00fcncel, Son Dakika Haberler, En Son Haber","description":"","publisher":{"@id":"https:\/\/e-ciftlik.com\/haberler\/#organization"},"potentialAction":[{"@type":"SearchAction","target":{"@type":"EntryPoint","urlTemplate":"https:\/\/e-ciftlik.com\/haberler\/?s={search_term_string}"},"query-input":{"@type":"PropertyValueSpecification","valueRequired":true,"valueName":"search_term_string"}}],"inLanguage":"tr"},{"@type":"Organization","@id":"https:\/\/e-ciftlik.com\/haberler\/#organization","name":"E-\u00c7\u0130FTL\u0130K HABER","url":"https:\/\/e-ciftlik.com\/haberler\/","logo":{"@type":"ImageObject","inLanguage":"tr","@id":"https:\/\/e-ciftlik.com\/haberler\/#\/schema\/logo\/image\/","url":"http:\/\/e-ciftlik.com\/haberler\/wp-content\/uploads\/2024\/06\/cropped-cropped-favicon-1-2.png","contentUrl":"http:\/\/e-ciftlik.com\/haberler\/wp-content\/uploads\/2024\/06\/cropped-cropped-favicon-1-2.png","width":512,"height":512,"caption":"E-\u00c7\u0130FTL\u0130K HABER"},"image":{"@id":"https:\/\/e-ciftlik.com\/haberler\/#\/schema\/logo\/image\/"},"sameAs":["https:\/\/www.facebook.com\/eciftlikturkiye","https:\/\/x.com\/eciftlikresmi","https:\/\/www.instagram.com\/eciftlikresmi\/"]},{"@type":"Person","@id":"https:\/\/e-ciftlik.com\/haberler\/#\/schema\/person\/d2f4fee3143d7f72be82cb887d51b00a","name":"Haber Merkezi","image":{"@type":"ImageObject","inLanguage":"tr","@id":"https:\/\/secure.gravatar.com\/avatar\/6c27d641914e66c1d0452c92716002398782818991d86db1c2cccb531e7c7c82?s=96&d=mm&r=g","url":"https:\/\/secure.gravatar.com\/avatar\/6c27d641914e66c1d0452c92716002398782818991d86db1c2cccb531e7c7c82?s=96&d=mm&r=g","contentUrl":"https:\/\/secure.gravatar.com\/avatar\/6c27d641914e66c1d0452c92716002398782818991d86db1c2cccb531e7c7c82?s=96&d=mm&r=g","caption":"Haber Merkezi"},"sameAs":["http:\/\/e-ciftlik.com\/haberler"]}]}},"_links":{"self":[{"href":"http:\/\/e-ciftlik.com\/haberler\/wp-json\/wp\/v2\/posts\/5150","targetHints":{"allow":["GET"]}}],"collection":[{"href":"http:\/\/e-ciftlik.com\/haberler\/wp-json\/wp\/v2\/posts"}],"about":[{"href":"http:\/\/e-ciftlik.com\/haberler\/wp-json\/wp\/v2\/types\/post"}],"author":[{"embeddable":true,"href":"http:\/\/e-ciftlik.com\/haberler\/wp-json\/wp\/v2\/users\/1"}],"replies":[{"embeddable":true,"href":"http:\/\/e-ciftlik.com\/haberler\/wp-json\/wp\/v2\/comments?post=5150"}],"version-history":[{"count":0,"href":"http:\/\/e-ciftlik.com\/haberler\/wp-json\/wp\/v2\/posts\/5150\/revisions"}],"wp:featuredmedia":[{"embeddable":true,"href":"http:\/\/e-ciftlik.com\/haberler\/wp-json\/wp\/v2\/media\/5151"}],"wp:attachment":[{"href":"http:\/\/e-ciftlik.com\/haberler\/wp-json\/wp\/v2\/media?parent=5150"}],"wp:term":[{"taxonomy":"category","embeddable":true,"href":"http:\/\/e-ciftlik.com\/haberler\/wp-json\/wp\/v2\/categories?post=5150"},{"taxonomy":"post_tag","embeddable":true,"href":"http:\/\/e-ciftlik.com\/haberler\/wp-json\/wp\/v2\/tags?post=5150"}],"curies":[{"name":"wp","href":"https:\/\/api.w.org\/{rel}","templated":true}]}}