{"id":5156,"date":"2024-06-21T00:50:57","date_gmt":"2024-06-21T00:50:57","guid":{"rendered":"https:\/\/e-ciftlik.com\/haberler\/gundem\/saglik-bakanliginin-36-bin-personel-alimi-son-dakika-gelismeler\/"},"modified":"2024-06-21T00:50:57","modified_gmt":"2024-06-21T00:50:57","slug":"saglik-bakanliginin-36-bin-personel-alimi-son-dakika-gelismeler","status":"publish","type":"post","link":"http:\/\/e-ciftlik.com\/haberler\/gundem\/saglik-bakanliginin-36-bin-personel-alimi-son-dakika-gelismeler\/","title":{"rendered":"Sa\u011fl\u0131k Bakanl\u0131\u011f\u0131&#8217;n\u0131n 36 Bin Personel Al\u0131m\u0131: Son Dakika Geli\u015fmeler!"},"content":{"rendered":"<p>Sa\u011fl\u0131k Bakanl\u0131\u011f\u0131, 36 bin s\u00f6zle\u015fmeli personel al\u0131m\u0131 i\u00e7in Resmi Gazete&#8217;de yay\u0131mlanan karara g\u00f6re, farkl\u0131 bran\u015flarda ve kadrolarda istihdam edilecek personel say\u0131lar\u0131 belirlendi. Ba\u015fvuru s\u00fcreci, \u00d6SYM taraf\u0131ndan yay\u0131nlanacak olan ba\u015fvuru k\u0131lavuzu ile ba\u015flayacak ve adaylar\u0131n yerine getirmesi gereken \u00f6zel-genel \u015fartlar, e\u011fitim, ya\u015f ve s\u0131nav gibi kriterler k\u0131lavuzda belirtilecek.<\/p>\n<p>Ge\u00e7ti\u011fimiz y\u0131llarda oldu\u011fu gibi, bu y\u0131l da ba\u015fvurular\u0131n \u00d6SYM taraf\u0131ndan y\u00f6netilmesi beklenmektedir. Resmi a\u00e7\u0131klamalar yap\u0131ld\u0131\u011f\u0131nda detaylar netlik kazanacakt\u0131r. Ba\u015fvuru s\u00fcreciyle ilgili \u015fartlar ve s\u00fcre\u00e7, ba\u015fvuru k\u0131lavuzunda detayl\u0131 bir \u015fekilde a\u00e7\u0131klanacakt\u0131r.<\/p>\n<p>Ge\u00e7mi\u015f y\u0131llarda yap\u0131lan al\u0131mlarda adaylardan belirli \u015fartlar talep edilmi\u015fti. \u00d6rne\u011fin, 657 say\u0131l\u0131 Kanunun 4&#8217;\u00fcnc\u00fc maddesinin (B) f\u0131kras\u0131, ayn\u0131 Kanunun 48&#8217;inci maddesinin (A) f\u0131kras\u0131n\u0131n belirli bentleri ve S\u00f6zle\u015fmeli Personel \u00c7al\u0131\u015ft\u0131r\u0131lmas\u0131na \u0130li\u015fkin Esaslarda belirtilen \u015fartlar\u0131 ta\u015f\u0131ma gereklili\u011fi aranm\u0131\u015ft\u0131. Ayr\u0131ca, ge\u00e7mi\u015f y\u0131llarda yap\u0131lan al\u0131mlarda belirli uyruklara ve belgeye sahip adaylar ile yabanc\u0131 uyruklu adaylar\u0131n ba\u015fvuru yapamayaca\u011f\u0131 belirtilmi\u015fti.<\/p>\n<p>Sa\u011fl\u0131k Bakanl\u0131\u011f\u0131 personel al\u0131mlar\u0131nda 7315 say\u0131l\u0131 G\u00fcvenlik Soru\u015fturmas\u0131 ve Ar\u015fiv Ara\u015ft\u0131rmas\u0131 Kanunu gere\u011fince ar\u015fiv ara\u015ft\u0131rmas\u0131 yap\u0131l\u0131yor ve atama i\u015flemleri bu sonu\u00e7lara g\u00f6re ger\u00e7ekle\u015ftiriliyor. Detaylar ve g\u00fcncellemeler resmi a\u00e7\u0131klamalarla duyurulacakt\u0131r.<\/p>\n<p>Sa\u011fl\u0131kta personel eksikli\u011fi olduk\u00e7a hissediliyor. Sa\u011fl\u0131k Bakanl\u0131\u011f\u0131 bu yo\u011funlu\u011fu azaltmak i\u00e7in bir\u00e7ok personel al\u0131m\u0131 yap\u0131yor. 36 bin ki\u015filik kadroya ek olarak farkl\u0131 alanlarda da ihtiya\u00e7 olan personel al\u0131m\u0131 yap\u0131labilir. Konuyla ilgili Sa\u011fl\u0131k Bakanl\u0131\u011f\u0131\u2019n\u0131n a\u00e7\u0131klamalar\u0131n\u0131 takip ediyoruz.<\/p>\n","protected":false},"excerpt":{"rendered":"<p>Sa\u011fl\u0131k Bakanl\u0131\u011f\u0131, 36 bin s\u00f6zle\u015fmeli personel al\u0131m\u0131 i\u00e7in Resmi Gazete&#8217;de yay\u0131mlanan karara g\u00f6re, farkl\u0131 bran\u015flarda&hellip;<\/p>\n","protected":false},"author":1,"featured_media":5157,"comment_status":"open","ping_status":"open","sticky":false,"template":"","format":"standard","meta":{"footnotes":""},"categories":[10],"tags":[],"class_list":["post-5156","post","type-post","status-publish","format-standard","has-post-thumbnail","hentry","category-gundem"],"yoast_head":"<!-- This site is optimized with the Yoast SEO Premium plugin v24.3 (Yoast SEO v27.4) - https:\/\/yoast.com\/product\/yoast-seo-premium-wordpress\/ -->\n<title>Sa\u011fl\u0131k Bakanl\u0131\u011f\u0131&#039;n\u0131n 36 Bin Personel Al\u0131m\u0131: Son Dakika Geli\u015fmeler! - E-&Ccedil;\u0130FTL\u0130K HABER<\/title>\n<meta name=\"description\" content=\"Sa\u011fl\u0131k Bakanl\u0131\u011f\u0131, 36 bin s\u00f6zle\u015fmeli personel al\u0131m\u0131 i\u00e7in Resmi Gazete&#039;de yay\u0131mlanan karara g\u00f6re, farkl\u0131 bran\u015flarda ve kadrolarda istihdam edilecek personel\" \/>\n<meta name=\"robots\" content=\"index, follow, max-snippet:-1, max-image-preview:large, max-video-preview:-1\" \/>\n<link rel=\"canonical\" href=\"http:\/\/e-ciftlik.com\/haberler\/gundem\/saglik-bakanliginin-36-bin-personel-alimi-son-dakika-gelismeler\/\" \/>\n<meta property=\"og:locale\" content=\"tr_TR\" \/>\n<meta property=\"og:type\" content=\"article\" \/>\n<meta property=\"og:title\" content=\"Sa\u011fl\u0131k Bakanl\u0131\u011f\u0131&#039;n\u0131n 36 Bin Personel Al\u0131m\u0131: Son Dakika Geli\u015fmeler!\" \/>\n<meta property=\"og:description\" content=\"Sa\u011fl\u0131k Bakanl\u0131\u011f\u0131, 36 bin s\u00f6zle\u015fmeli personel al\u0131m\u0131 i\u00e7in Resmi Gazete&#039;de yay\u0131mlanan karara g\u00f6re, farkl\u0131 bran\u015flarda ve kadrolarda istihdam edilecek personel\" \/>\n<meta property=\"og:url\" content=\"http:\/\/e-ciftlik.com\/haberler\/gundem\/saglik-bakanliginin-36-bin-personel-alimi-son-dakika-gelismeler\/\" \/>\n<meta property=\"og:site_name\" content=\"E-&Ccedil;\u0130FTL\u0130K HABER\" \/>\n<meta property=\"article:publisher\" content=\"https:\/\/www.facebook.com\/eciftlikturkiye\" \/>\n<meta property=\"article:published_time\" content=\"2024-06-21T00:50:57+00:00\" \/>\n<meta property=\"og:image\" content=\"http:\/\/e-ciftlik.com\/haberler\/wp-content\/uploads\/2024\/06\/saglik-bakanligi-36-bin-peronel-alimi-ne-zaman-olacak-ek-kadro-verilir-mi-3560_1.jpg\" \/>\n\t<meta property=\"og:image:width\" content=\"641\" \/>\n\t<meta property=\"og:image:height\" content=\"380\" \/>\n\t<meta property=\"og:image:type\" content=\"image\/jpeg\" \/>\n<meta name=\"author\" content=\"Haber Merkezi\" \/>\n<meta name=\"twitter:card\" content=\"summary_large_image\" \/>\n<meta name=\"twitter:creator\" content=\"@eciftlikresmi\" \/>\n<meta name=\"twitter:site\" content=\"@eciftlikresmi\" \/>\n<meta name=\"twitter:label1\" content=\"Yazan:\" \/>\n\t<meta name=\"twitter:data1\" content=\"Haber Merkezi\" \/>\n\t<meta name=\"twitter:label2\" content=\"Tahmini okuma s\u00fcresi\" \/>\n\t<meta name=\"twitter:data2\" content=\"2 dakika\" \/>\n<script type=\"application\/ld+json\" class=\"yoast-schema-graph\">{\"@context\":\"https:\\\/\\\/schema.org\",\"@graph\":[{\"@type\":\"NewsArticle\",\"@id\":\"http:\\\/\\\/e-ciftlik.com\\\/haberler\\\/gundem\\\/saglik-bakanliginin-36-bin-personel-alimi-son-dakika-gelismeler\\\/#article\",\"isPartOf\":{\"@id\":\"http:\\\/\\\/e-ciftlik.com\\\/haberler\\\/gundem\\\/saglik-bakanliginin-36-bin-personel-alimi-son-dakika-gelismeler\\\/\"},\"author\":{\"name\":\"Haber Merkezi\",\"@id\":\"https:\\\/\\\/e-ciftlik.com\\\/haberler\\\/#\\\/schema\\\/person\\\/d2f4fee3143d7f72be82cb887d51b00a\"},\"headline\":\"Sa\u011fl\u0131k Bakanl\u0131\u011f\u0131&#8217;n\u0131n 36 Bin Personel Al\u0131m\u0131: Son Dakika Geli\u015fmeler!\",\"datePublished\":\"2024-06-21T00:50:57+00:00\",\"mainEntityOfPage\":{\"@id\":\"http:\\\/\\\/e-ciftlik.com\\\/haberler\\\/gundem\\\/saglik-bakanliginin-36-bin-personel-alimi-son-dakika-gelismeler\\\/\"},\"wordCount\":322,\"commentCount\":0,\"publisher\":{\"@id\":\"https:\\\/\\\/e-ciftlik.com\\\/haberler\\\/#organization\"},\"image\":{\"@id\":\"http:\\\/\\\/e-ciftlik.com\\\/haberler\\\/gundem\\\/saglik-bakanliginin-36-bin-personel-alimi-son-dakika-gelismeler\\\/#primaryimage\"},\"thumbnailUrl\":\"http:\\\/\\\/e-ciftlik.com\\\/haberler\\\/wp-content\\\/uploads\\\/2024\\\/06\\\/saglik-bakanligi-36-bin-peronel-alimi-ne-zaman-olacak-ek-kadro-verilir-mi-3560_1.jpg\",\"articleSection\":[\"G\u00fcndem\"],\"inLanguage\":\"tr\",\"potentialAction\":[{\"@type\":\"CommentAction\",\"name\":\"Comment\",\"target\":[\"http:\\\/\\\/e-ciftlik.com\\\/haberler\\\/gundem\\\/saglik-bakanliginin-36-bin-personel-alimi-son-dakika-gelismeler\\\/#respond\"]}]},{\"@type\":\"WebPage\",\"@id\":\"http:\\\/\\\/e-ciftlik.com\\\/haberler\\\/gundem\\\/saglik-bakanliginin-36-bin-personel-alimi-son-dakika-gelismeler\\\/\",\"url\":\"http:\\\/\\\/e-ciftlik.com\\\/haberler\\\/gundem\\\/saglik-bakanliginin-36-bin-personel-alimi-son-dakika-gelismeler\\\/\",\"name\":\"Sa\u011fl\u0131k Bakanl\u0131\u011f\u0131'n\u0131n 36 Bin Personel Al\u0131m\u0131: Son Dakika Geli\u015fmeler! - E-&Ccedil;\u0130FTL\u0130K HABER\",\"isPartOf\":{\"@id\":\"https:\\\/\\\/e-ciftlik.com\\\/haberler\\\/#website\"},\"primaryImageOfPage\":{\"@id\":\"http:\\\/\\\/e-ciftlik.com\\\/haberler\\\/gundem\\\/saglik-bakanliginin-36-bin-personel-alimi-son-dakika-gelismeler\\\/#primaryimage\"},\"image\":{\"@id\":\"http:\\\/\\\/e-ciftlik.com\\\/haberler\\\/gundem\\\/saglik-bakanliginin-36-bin-personel-alimi-son-dakika-gelismeler\\\/#primaryimage\"},\"thumbnailUrl\":\"http:\\\/\\\/e-ciftlik.com\\\/haberler\\\/wp-content\\\/uploads\\\/2024\\\/06\\\/saglik-bakanligi-36-bin-peronel-alimi-ne-zaman-olacak-ek-kadro-verilir-mi-3560_1.jpg\",\"datePublished\":\"2024-06-21T00:50:57+00:00\",\"description\":\"Sa\u011fl\u0131k Bakanl\u0131\u011f\u0131, 36 bin s\u00f6zle\u015fmeli personel al\u0131m\u0131 i\u00e7in Resmi Gazete'de yay\u0131mlanan karara g\u00f6re, farkl\u0131 bran\u015flarda ve kadrolarda istihdam edilecek personel\",\"breadcrumb\":{\"@id\":\"http:\\\/\\\/e-ciftlik.com\\\/haberler\\\/gundem\\\/saglik-bakanliginin-36-bin-personel-alimi-son-dakika-gelismeler\\\/#breadcrumb\"},\"inLanguage\":\"tr\",\"potentialAction\":[{\"@type\":\"ReadAction\",\"target\":[\"http:\\\/\\\/e-ciftlik.com\\\/haberler\\\/gundem\\\/saglik-bakanliginin-36-bin-personel-alimi-son-dakika-gelismeler\\\/\"]}]},{\"@type\":\"ImageObject\",\"inLanguage\":\"tr\",\"@id\":\"http:\\\/\\\/e-ciftlik.com\\\/haberler\\\/gundem\\\/saglik-bakanliginin-36-bin-personel-alimi-son-dakika-gelismeler\\\/#primaryimage\",\"url\":\"http:\\\/\\\/e-ciftlik.com\\\/haberler\\\/wp-content\\\/uploads\\\/2024\\\/06\\\/saglik-bakanligi-36-bin-peronel-alimi-ne-zaman-olacak-ek-kadro-verilir-mi-3560_1.jpg\",\"contentUrl\":\"http:\\\/\\\/e-ciftlik.com\\\/haberler\\\/wp-content\\\/uploads\\\/2024\\\/06\\\/saglik-bakanligi-36-bin-peronel-alimi-ne-zaman-olacak-ek-kadro-verilir-mi-3560_1.jpg\",\"width\":641,\"height\":380},{\"@type\":\"BreadcrumbList\",\"@id\":\"http:\\\/\\\/e-ciftlik.com\\\/haberler\\\/gundem\\\/saglik-bakanliginin-36-bin-personel-alimi-son-dakika-gelismeler\\\/#breadcrumb\",\"itemListElement\":[{\"@type\":\"ListItem\",\"position\":1,\"name\":\"Anasayfa\",\"item\":\"https:\\\/\\\/e-ciftlik.com\\\/haberler\\\/\"},{\"@type\":\"ListItem\",\"position\":2,\"name\":\"Sa\u011fl\u0131k Bakanl\u0131\u011f\u0131&#8217;n\u0131n 36 Bin Personel Al\u0131m\u0131: Son Dakika Geli\u015fmeler!\"}]},{\"@type\":\"WebSite\",\"@id\":\"https:\\\/\\\/e-ciftlik.com\\\/haberler\\\/#website\",\"url\":\"https:\\\/\\\/e-ciftlik.com\\\/haberler\\\/\",\"name\":\"E-\u00c7iftlik Haber | G\u00fcncel, Son Dakika Haberler, En Son Haber\",\"description\":\"\",\"publisher\":{\"@id\":\"https:\\\/\\\/e-ciftlik.com\\\/haberler\\\/#organization\"},\"potentialAction\":[{\"@type\":\"SearchAction\",\"target\":{\"@type\":\"EntryPoint\",\"urlTemplate\":\"https:\\\/\\\/e-ciftlik.com\\\/haberler\\\/?s={search_term_string}\"},\"query-input\":{\"@type\":\"PropertyValueSpecification\",\"valueRequired\":true,\"valueName\":\"search_term_string\"}}],\"inLanguage\":\"tr\"},{\"@type\":\"Organization\",\"@id\":\"https:\\\/\\\/e-ciftlik.com\\\/haberler\\\/#organization\",\"name\":\"E-\u00c7\u0130FTL\u0130K HABER\",\"url\":\"https:\\\/\\\/e-ciftlik.com\\\/haberler\\\/\",\"logo\":{\"@type\":\"ImageObject\",\"inLanguage\":\"tr\",\"@id\":\"https:\\\/\\\/e-ciftlik.com\\\/haberler\\\/#\\\/schema\\\/logo\\\/image\\\/\",\"url\":\"http:\\\/\\\/e-ciftlik.com\\\/haberler\\\/wp-content\\\/uploads\\\/2024\\\/06\\\/cropped-cropped-favicon-1-2.png\",\"contentUrl\":\"http:\\\/\\\/e-ciftlik.com\\\/haberler\\\/wp-content\\\/uploads\\\/2024\\\/06\\\/cropped-cropped-favicon-1-2.png\",\"width\":512,\"height\":512,\"caption\":\"E-\u00c7\u0130FTL\u0130K HABER\"},\"image\":{\"@id\":\"https:\\\/\\\/e-ciftlik.com\\\/haberler\\\/#\\\/schema\\\/logo\\\/image\\\/\"},\"sameAs\":[\"https:\\\/\\\/www.facebook.com\\\/eciftlikturkiye\",\"https:\\\/\\\/x.com\\\/eciftlikresmi\",\"https:\\\/\\\/www.instagram.com\\\/eciftlikresmi\\\/\"]},{\"@type\":\"Person\",\"@id\":\"https:\\\/\\\/e-ciftlik.com\\\/haberler\\\/#\\\/schema\\\/person\\\/d2f4fee3143d7f72be82cb887d51b00a\",\"name\":\"Haber Merkezi\",\"image\":{\"@type\":\"ImageObject\",\"inLanguage\":\"tr\",\"@id\":\"https:\\\/\\\/secure.gravatar.com\\\/avatar\\\/6c27d641914e66c1d0452c92716002398782818991d86db1c2cccb531e7c7c82?s=96&d=mm&r=g\",\"url\":\"https:\\\/\\\/secure.gravatar.com\\\/avatar\\\/6c27d641914e66c1d0452c92716002398782818991d86db1c2cccb531e7c7c82?s=96&d=mm&r=g\",\"contentUrl\":\"https:\\\/\\\/secure.gravatar.com\\\/avatar\\\/6c27d641914e66c1d0452c92716002398782818991d86db1c2cccb531e7c7c82?s=96&d=mm&r=g\",\"caption\":\"Haber Merkezi\"},\"sameAs\":[\"http:\\\/\\\/e-ciftlik.com\\\/haberler\"]}]}<\/script>\n<!-- \/ Yoast SEO Premium plugin. -->","yoast_head_json":{"title":"Sa\u011fl\u0131k Bakanl\u0131\u011f\u0131'n\u0131n 36 Bin Personel Al\u0131m\u0131: Son Dakika Geli\u015fmeler! - E-&Ccedil;\u0130FTL\u0130K HABER","description":"Sa\u011fl\u0131k Bakanl\u0131\u011f\u0131, 36 bin s\u00f6zle\u015fmeli personel al\u0131m\u0131 i\u00e7in Resmi Gazete'de yay\u0131mlanan karara g\u00f6re, farkl\u0131 bran\u015flarda ve kadrolarda istihdam edilecek personel","robots":{"index":"index","follow":"follow","max-snippet":"max-snippet:-1","max-image-preview":"max-image-preview:large","max-video-preview":"max-video-preview:-1"},"canonical":"http:\/\/e-ciftlik.com\/haberler\/gundem\/saglik-bakanliginin-36-bin-personel-alimi-son-dakika-gelismeler\/","og_locale":"tr_TR","og_type":"article","og_title":"Sa\u011fl\u0131k Bakanl\u0131\u011f\u0131'n\u0131n 36 Bin Personel Al\u0131m\u0131: Son Dakika Geli\u015fmeler!","og_description":"Sa\u011fl\u0131k Bakanl\u0131\u011f\u0131, 36 bin s\u00f6zle\u015fmeli personel al\u0131m\u0131 i\u00e7in Resmi Gazete'de yay\u0131mlanan karara g\u00f6re, farkl\u0131 bran\u015flarda ve kadrolarda istihdam edilecek personel","og_url":"http:\/\/e-ciftlik.com\/haberler\/gundem\/saglik-bakanliginin-36-bin-personel-alimi-son-dakika-gelismeler\/","og_site_name":"E-&Ccedil;\u0130FTL\u0130K HABER","article_publisher":"https:\/\/www.facebook.com\/eciftlikturkiye","article_published_time":"2024-06-21T00:50:57+00:00","og_image":[{"width":641,"height":380,"url":"http:\/\/e-ciftlik.com\/haberler\/wp-content\/uploads\/2024\/06\/saglik-bakanligi-36-bin-peronel-alimi-ne-zaman-olacak-ek-kadro-verilir-mi-3560_1.jpg","type":"image\/jpeg"}],"author":"Haber Merkezi","twitter_card":"summary_large_image","twitter_creator":"@eciftlikresmi","twitter_site":"@eciftlikresmi","twitter_misc":{"Yazan:":"Haber Merkezi","Tahmini okuma s\u00fcresi":"2 dakika"},"schema":{"@context":"https:\/\/schema.org","@graph":[{"@type":"NewsArticle","@id":"http:\/\/e-ciftlik.com\/haberler\/gundem\/saglik-bakanliginin-36-bin-personel-alimi-son-dakika-gelismeler\/#article","isPartOf":{"@id":"http:\/\/e-ciftlik.com\/haberler\/gundem\/saglik-bakanliginin-36-bin-personel-alimi-son-dakika-gelismeler\/"},"author":{"name":"Haber Merkezi","@id":"https:\/\/e-ciftlik.com\/haberler\/#\/schema\/person\/d2f4fee3143d7f72be82cb887d51b00a"},"headline":"Sa\u011fl\u0131k Bakanl\u0131\u011f\u0131&#8217;n\u0131n 36 Bin Personel Al\u0131m\u0131: Son Dakika Geli\u015fmeler!","datePublished":"2024-06-21T00:50:57+00:00","mainEntityOfPage":{"@id":"http:\/\/e-ciftlik.com\/haberler\/gundem\/saglik-bakanliginin-36-bin-personel-alimi-son-dakika-gelismeler\/"},"wordCount":322,"commentCount":0,"publisher":{"@id":"https:\/\/e-ciftlik.com\/haberler\/#organization"},"image":{"@id":"http:\/\/e-ciftlik.com\/haberler\/gundem\/saglik-bakanliginin-36-bin-personel-alimi-son-dakika-gelismeler\/#primaryimage"},"thumbnailUrl":"http:\/\/e-ciftlik.com\/haberler\/wp-content\/uploads\/2024\/06\/saglik-bakanligi-36-bin-peronel-alimi-ne-zaman-olacak-ek-kadro-verilir-mi-3560_1.jpg","articleSection":["G\u00fcndem"],"inLanguage":"tr","potentialAction":[{"@type":"CommentAction","name":"Comment","target":["http:\/\/e-ciftlik.com\/haberler\/gundem\/saglik-bakanliginin-36-bin-personel-alimi-son-dakika-gelismeler\/#respond"]}]},{"@type":"WebPage","@id":"http:\/\/e-ciftlik.com\/haberler\/gundem\/saglik-bakanliginin-36-bin-personel-alimi-son-dakika-gelismeler\/","url":"http:\/\/e-ciftlik.com\/haberler\/gundem\/saglik-bakanliginin-36-bin-personel-alimi-son-dakika-gelismeler\/","name":"Sa\u011fl\u0131k Bakanl\u0131\u011f\u0131'n\u0131n 36 Bin Personel Al\u0131m\u0131: Son Dakika Geli\u015fmeler! - E-&Ccedil;\u0130FTL\u0130K HABER","isPartOf":{"@id":"https:\/\/e-ciftlik.com\/haberler\/#website"},"primaryImageOfPage":{"@id":"http:\/\/e-ciftlik.com\/haberler\/gundem\/saglik-bakanliginin-36-bin-personel-alimi-son-dakika-gelismeler\/#primaryimage"},"image":{"@id":"http:\/\/e-ciftlik.com\/haberler\/gundem\/saglik-bakanliginin-36-bin-personel-alimi-son-dakika-gelismeler\/#primaryimage"},"thumbnailUrl":"http:\/\/e-ciftlik.com\/haberler\/wp-content\/uploads\/2024\/06\/saglik-bakanligi-36-bin-peronel-alimi-ne-zaman-olacak-ek-kadro-verilir-mi-3560_1.jpg","datePublished":"2024-06-21T00:50:57+00:00","description":"Sa\u011fl\u0131k Bakanl\u0131\u011f\u0131, 36 bin s\u00f6zle\u015fmeli personel al\u0131m\u0131 i\u00e7in Resmi Gazete'de yay\u0131mlanan karara g\u00f6re, farkl\u0131 bran\u015flarda ve kadrolarda istihdam edilecek personel","breadcrumb":{"@id":"http:\/\/e-ciftlik.com\/haberler\/gundem\/saglik-bakanliginin-36-bin-personel-alimi-son-dakika-gelismeler\/#breadcrumb"},"inLanguage":"tr","potentialAction":[{"@type":"ReadAction","target":["http:\/\/e-ciftlik.com\/haberler\/gundem\/saglik-bakanliginin-36-bin-personel-alimi-son-dakika-gelismeler\/"]}]},{"@type":"ImageObject","inLanguage":"tr","@id":"http:\/\/e-ciftlik.com\/haberler\/gundem\/saglik-bakanliginin-36-bin-personel-alimi-son-dakika-gelismeler\/#primaryimage","url":"http:\/\/e-ciftlik.com\/haberler\/wp-content\/uploads\/2024\/06\/saglik-bakanligi-36-bin-peronel-alimi-ne-zaman-olacak-ek-kadro-verilir-mi-3560_1.jpg","contentUrl":"http:\/\/e-ciftlik.com\/haberler\/wp-content\/uploads\/2024\/06\/saglik-bakanligi-36-bin-peronel-alimi-ne-zaman-olacak-ek-kadro-verilir-mi-3560_1.jpg","width":641,"height":380},{"@type":"BreadcrumbList","@id":"http:\/\/e-ciftlik.com\/haberler\/gundem\/saglik-bakanliginin-36-bin-personel-alimi-son-dakika-gelismeler\/#breadcrumb","itemListElement":[{"@type":"ListItem","position":1,"name":"Anasayfa","item":"https:\/\/e-ciftlik.com\/haberler\/"},{"@type":"ListItem","position":2,"name":"Sa\u011fl\u0131k Bakanl\u0131\u011f\u0131&#8217;n\u0131n 36 Bin Personel Al\u0131m\u0131: Son Dakika Geli\u015fmeler!"}]},{"@type":"WebSite","@id":"https:\/\/e-ciftlik.com\/haberler\/#website","url":"https:\/\/e-ciftlik.com\/haberler\/","name":"E-\u00c7iftlik Haber | G\u00fcncel, Son Dakika Haberler, En Son Haber","description":"","publisher":{"@id":"https:\/\/e-ciftlik.com\/haberler\/#organization"},"potentialAction":[{"@type":"SearchAction","target":{"@type":"EntryPoint","urlTemplate":"https:\/\/e-ciftlik.com\/haberler\/?s={search_term_string}"},"query-input":{"@type":"PropertyValueSpecification","valueRequired":true,"valueName":"search_term_string"}}],"inLanguage":"tr"},{"@type":"Organization","@id":"https:\/\/e-ciftlik.com\/haberler\/#organization","name":"E-\u00c7\u0130FTL\u0130K HABER","url":"https:\/\/e-ciftlik.com\/haberler\/","logo":{"@type":"ImageObject","inLanguage":"tr","@id":"https:\/\/e-ciftlik.com\/haberler\/#\/schema\/logo\/image\/","url":"http:\/\/e-ciftlik.com\/haberler\/wp-content\/uploads\/2024\/06\/cropped-cropped-favicon-1-2.png","contentUrl":"http:\/\/e-ciftlik.com\/haberler\/wp-content\/uploads\/2024\/06\/cropped-cropped-favicon-1-2.png","width":512,"height":512,"caption":"E-\u00c7\u0130FTL\u0130K HABER"},"image":{"@id":"https:\/\/e-ciftlik.com\/haberler\/#\/schema\/logo\/image\/"},"sameAs":["https:\/\/www.facebook.com\/eciftlikturkiye","https:\/\/x.com\/eciftlikresmi","https:\/\/www.instagram.com\/eciftlikresmi\/"]},{"@type":"Person","@id":"https:\/\/e-ciftlik.com\/haberler\/#\/schema\/person\/d2f4fee3143d7f72be82cb887d51b00a","name":"Haber Merkezi","image":{"@type":"ImageObject","inLanguage":"tr","@id":"https:\/\/secure.gravatar.com\/avatar\/6c27d641914e66c1d0452c92716002398782818991d86db1c2cccb531e7c7c82?s=96&d=mm&r=g","url":"https:\/\/secure.gravatar.com\/avatar\/6c27d641914e66c1d0452c92716002398782818991d86db1c2cccb531e7c7c82?s=96&d=mm&r=g","contentUrl":"https:\/\/secure.gravatar.com\/avatar\/6c27d641914e66c1d0452c92716002398782818991d86db1c2cccb531e7c7c82?s=96&d=mm&r=g","caption":"Haber Merkezi"},"sameAs":["http:\/\/e-ciftlik.com\/haberler"]}]}},"_links":{"self":[{"href":"http:\/\/e-ciftlik.com\/haberler\/wp-json\/wp\/v2\/posts\/5156","targetHints":{"allow":["GET"]}}],"collection":[{"href":"http:\/\/e-ciftlik.com\/haberler\/wp-json\/wp\/v2\/posts"}],"about":[{"href":"http:\/\/e-ciftlik.com\/haberler\/wp-json\/wp\/v2\/types\/post"}],"author":[{"embeddable":true,"href":"http:\/\/e-ciftlik.com\/haberler\/wp-json\/wp\/v2\/users\/1"}],"replies":[{"embeddable":true,"href":"http:\/\/e-ciftlik.com\/haberler\/wp-json\/wp\/v2\/comments?post=5156"}],"version-history":[{"count":0,"href":"http:\/\/e-ciftlik.com\/haberler\/wp-json\/wp\/v2\/posts\/5156\/revisions"}],"wp:featuredmedia":[{"embeddable":true,"href":"http:\/\/e-ciftlik.com\/haberler\/wp-json\/wp\/v2\/media\/5157"}],"wp:attachment":[{"href":"http:\/\/e-ciftlik.com\/haberler\/wp-json\/wp\/v2\/media?parent=5156"}],"wp:term":[{"taxonomy":"category","embeddable":true,"href":"http:\/\/e-ciftlik.com\/haberler\/wp-json\/wp\/v2\/categories?post=5156"},{"taxonomy":"post_tag","embeddable":true,"href":"http:\/\/e-ciftlik.com\/haberler\/wp-json\/wp\/v2\/tags?post=5156"}],"curies":[{"name":"wp","href":"https:\/\/api.w.org\/{rel}","templated":true}]}}