{"id":74586,"date":"2025-01-27T14:38:22","date_gmt":"2025-01-27T14:38:22","guid":{"rendered":"http:\/\/e-ciftlik.com\/haberler\/egitim\/osymnin-2024-sinav-istatistikleri-aciklandi\/"},"modified":"2025-01-27T14:38:22","modified_gmt":"2025-01-27T14:38:22","slug":"osymnin-2024-sinav-istatistikleri-aciklandi","status":"publish","type":"post","link":"http:\/\/e-ciftlik.com\/haberler\/egitim\/osymnin-2024-sinav-istatistikleri-aciklandi\/","title":{"rendered":"\u00d6SYM&#8217;nin 2024 S\u0131nav \u0130statistikleri a\u00e7\u0131kland\u0131!"},"content":{"rendered":"<p>\u00d6SYM&#8217;nin 2024 y\u0131l\u0131 s\u0131navlar\u0131 hakk\u0131nda yap\u0131lan a\u00e7\u0131klamada, \u00d6SYM Ba\u015fkan\u0131 Ersoy&#8217;un g\u00f6r\u00fc\u015flerine yer verildi. Ersoy, bu y\u0131l 65 s\u0131navda 81 oturum d\u00fczenlendi\u011fini belirtti. Toplam 13 milyon 923 bin 380 aday\u0131n ba\u015fvuruda bulundu\u011fu s\u0131navlarda, 30 merkezi yerle\u015ftirme i\u015flemi ger\u00e7ekle\u015ftirildi. Toplamda 256 testte 12 bin 830 soru soruldu. 2024 y\u0131l\u0131nda uygulanan s\u0131navlarda 2 bin ton ka\u011f\u0131t kullan\u0131ld\u0131. <\/p>\n<p>Ersoy, 2 yurt d\u0131\u015f\u0131, 3 genel, 91 il, 111 il\u00e7e s\u0131nav koordinat\u00f6rl\u00fc\u011f\u00fc ve 6 bin aday\u0131n ayn\u0131 anda s\u0131nava girdi\u011fi elektronik s\u0131nav merkezleriyle adaylara hizmet verildi\u011fini belirtti. Ayr\u0131ca, bu y\u0131l i\u00e7inde 6 yeni s\u0131nav merkezinin hizmete a\u00e7\u0131ld\u0131\u011f\u0131n\u0131 a\u00e7\u0131klad\u0131.<\/p>\n<p>\u00d6SYM Ba\u015fkan\u0131 Ersoy, s\u0131nav evraklar\u0131n\u0131n ta\u015f\u0131nmas\u0131 ve s\u0131nav s\u00fcre\u00e7lerinin y\u00f6netilmesi i\u00e7in binlerce nakliye arac\u0131n\u0131n kullan\u0131ld\u0131\u011f\u0131n\u0131 payla\u015ft\u0131. Ayr\u0131ca, s\u0131navlar i\u00e7in binlerce bina ve salon, milyonlarca kitap\u00e7\u0131k ve k\u0131rtasiye seti ile el dedekt\u00f6rlerinin kullan\u0131ld\u0131\u011f\u0131n\u0131 ifade etti.<\/p>\n<p>Ersoy, \u00d6SYM&#8217;nin 2024&#8217;te ilk defa uygulad\u0131\u011f\u0131 s\u0131navlar hakk\u0131nda da bilgi verdi. \u00d6SYM&#8217;nin dijitalle\u015fme hedefleri do\u011frultusunda yapay zeka teknolojilerini s\u0131nav s\u00fcre\u00e7lerine entegre etmeyi hedefledi\u011fini belirtti. Ayr\u0131ca, \u00d6SYM&#8217;nin \u00e7evre koruma bilincini geli\u015ftirmek amac\u0131yla s\u0131f\u0131r at\u0131k hedefleri belirledi\u011fini ve kaynaklar\u0131 verimli kulland\u0131\u011f\u0131n\u0131 vurgulad\u0131.<\/p>\n<p>Ersoy, ayr\u0131ca \u015fehit ve gazi yak\u0131nlar\u0131na sa\u011flanan kolayl\u0131klar\u0131n toplumun milli birlik ve beraberlik duygusunu g\u00fc\u00e7lendirdi\u011fini ve bu kapsamda \u00d6SYM&#8217;nin yapt\u0131\u011f\u0131 \u00e7al\u0131\u015fmalar\u0131 payla\u015ft\u0131. \u00d6SYM&#8217;nin gelecek y\u0131llarda dijital s\u0131nav uygulamalar\u0131n\u0131 artt\u0131rmay\u0131 ve yapay zeka kullan\u0131m\u0131n\u0131 s\u0131nav s\u00fcre\u00e7lerine entegre etmeyi hedefledi\u011fini belirtti.<\/p>\n","protected":false},"excerpt":{"rendered":"<p>\u00d6SYM&#8217;nin 2024 y\u0131l\u0131 s\u0131navlar\u0131 hakk\u0131nda yap\u0131lan a\u00e7\u0131klamada, \u00d6SYM Ba\u015fkan\u0131 Ersoy&#8217;un g\u00f6r\u00fc\u015flerine yer verildi. Ersoy, bu&hellip;<\/p>\n","protected":false},"author":1,"featured_media":707,"comment_status":"open","ping_status":"open","sticky":false,"template":"","format":"standard","meta":{"footnotes":""},"categories":[12],"tags":[],"class_list":["post-74586","post","type-post","status-publish","format-standard","has-post-thumbnail","hentry","category-egitim"],"yoast_head":"<!-- This site is optimized with the Yoast SEO Premium plugin v24.3 (Yoast SEO v27.4) - https:\/\/yoast.com\/product\/yoast-seo-premium-wordpress\/ -->\n<title>\u00d6SYM&#039;nin 2024 S\u0131nav \u0130statistikleri a\u00e7\u0131kland\u0131! - E-&Ccedil;\u0130FTL\u0130K HABER<\/title>\n<meta name=\"description\" content=\"\u00d6SYM&#039;nin 2024 y\u0131l\u0131 s\u0131navlar\u0131 hakk\u0131nda yap\u0131lan a\u00e7\u0131klamada, \u00d6SYM Ba\u015fkan\u0131 Ersoy&#039;un g\u00f6r\u00fc\u015flerine yer verildi. Ersoy, bu y\u0131l 65 s\u0131navda 81 oturum d\u00fczenlendi\u011fini\" \/>\n<meta name=\"robots\" content=\"index, follow, max-snippet:-1, max-image-preview:large, max-video-preview:-1\" \/>\n<link rel=\"canonical\" href=\"http:\/\/e-ciftlik.com\/haberler\/egitim\/osymnin-2024-sinav-istatistikleri-aciklandi\/\" \/>\n<meta property=\"og:locale\" content=\"tr_TR\" \/>\n<meta property=\"og:type\" content=\"article\" \/>\n<meta property=\"og:title\" content=\"\u00d6SYM&#039;nin 2024 S\u0131nav \u0130statistikleri a\u00e7\u0131kland\u0131!\" \/>\n<meta property=\"og:description\" content=\"\u00d6SYM&#039;nin 2024 y\u0131l\u0131 s\u0131navlar\u0131 hakk\u0131nda yap\u0131lan a\u00e7\u0131klamada, \u00d6SYM Ba\u015fkan\u0131 Ersoy&#039;un g\u00f6r\u00fc\u015flerine yer verildi. Ersoy, bu y\u0131l 65 s\u0131navda 81 oturum d\u00fczenlendi\u011fini\" \/>\n<meta property=\"og:url\" content=\"http:\/\/e-ciftlik.com\/haberler\/egitim\/osymnin-2024-sinav-istatistikleri-aciklandi\/\" \/>\n<meta property=\"og:site_name\" content=\"E-&Ccedil;\u0130FTL\u0130K HABER\" \/>\n<meta property=\"article:publisher\" content=\"https:\/\/www.facebook.com\/eciftlikturkiye\" \/>\n<meta property=\"article:published_time\" content=\"2025-01-27T14:38:22+00:00\" \/>\n<meta property=\"og:image\" content=\"http:\/\/e-ciftlik.com\/haberler\/wp-content\/uploads\/2024\/06\/osym-sinav-aa-1654216.jpg\" \/>\n\t<meta property=\"og:image:width\" content=\"1280\" \/>\n\t<meta property=\"og:image:height\" content=\"720\" \/>\n\t<meta property=\"og:image:type\" content=\"image\/jpeg\" \/>\n<meta name=\"author\" content=\"Haber Merkezi\" \/>\n<meta name=\"twitter:card\" content=\"summary_large_image\" \/>\n<meta name=\"twitter:creator\" content=\"@eciftlikresmi\" \/>\n<meta name=\"twitter:site\" content=\"@eciftlikresmi\" \/>\n<meta name=\"twitter:label1\" content=\"Yazan:\" \/>\n\t<meta name=\"twitter:data1\" content=\"Haber Merkezi\" \/>\n\t<meta name=\"twitter:label2\" content=\"Tahmini okuma s\u00fcresi\" \/>\n\t<meta name=\"twitter:data2\" content=\"1 dakika\" \/>\n<script type=\"application\/ld+json\" class=\"yoast-schema-graph\">{\"@context\":\"https:\\\/\\\/schema.org\",\"@graph\":[{\"@type\":\"NewsArticle\",\"@id\":\"http:\\\/\\\/e-ciftlik.com\\\/haberler\\\/egitim\\\/osymnin-2024-sinav-istatistikleri-aciklandi\\\/#article\",\"isPartOf\":{\"@id\":\"http:\\\/\\\/e-ciftlik.com\\\/haberler\\\/egitim\\\/osymnin-2024-sinav-istatistikleri-aciklandi\\\/\"},\"author\":{\"name\":\"Haber Merkezi\",\"@id\":\"https:\\\/\\\/e-ciftlik.com\\\/haberler\\\/#\\\/schema\\\/person\\\/d2f4fee3143d7f72be82cb887d51b00a\"},\"headline\":\"\u00d6SYM&#8217;nin 2024 S\u0131nav \u0130statistikleri a\u00e7\u0131kland\u0131!\",\"datePublished\":\"2025-01-27T14:38:22+00:00\",\"mainEntityOfPage\":{\"@id\":\"http:\\\/\\\/e-ciftlik.com\\\/haberler\\\/egitim\\\/osymnin-2024-sinav-istatistikleri-aciklandi\\\/\"},\"wordCount\":300,\"commentCount\":0,\"publisher\":{\"@id\":\"https:\\\/\\\/e-ciftlik.com\\\/haberler\\\/#organization\"},\"image\":{\"@id\":\"http:\\\/\\\/e-ciftlik.com\\\/haberler\\\/egitim\\\/osymnin-2024-sinav-istatistikleri-aciklandi\\\/#primaryimage\"},\"thumbnailUrl\":\"http:\\\/\\\/e-ciftlik.com\\\/haberler\\\/wp-content\\\/uploads\\\/2024\\\/06\\\/osym-sinav-aa-1654216.jpg\",\"articleSection\":[\"E\u011fitim\"],\"inLanguage\":\"tr\",\"potentialAction\":[{\"@type\":\"CommentAction\",\"name\":\"Comment\",\"target\":[\"http:\\\/\\\/e-ciftlik.com\\\/haberler\\\/egitim\\\/osymnin-2024-sinav-istatistikleri-aciklandi\\\/#respond\"]}]},{\"@type\":\"WebPage\",\"@id\":\"http:\\\/\\\/e-ciftlik.com\\\/haberler\\\/egitim\\\/osymnin-2024-sinav-istatistikleri-aciklandi\\\/\",\"url\":\"http:\\\/\\\/e-ciftlik.com\\\/haberler\\\/egitim\\\/osymnin-2024-sinav-istatistikleri-aciklandi\\\/\",\"name\":\"\u00d6SYM'nin 2024 S\u0131nav \u0130statistikleri a\u00e7\u0131kland\u0131! - E-&Ccedil;\u0130FTL\u0130K HABER\",\"isPartOf\":{\"@id\":\"https:\\\/\\\/e-ciftlik.com\\\/haberler\\\/#website\"},\"primaryImageOfPage\":{\"@id\":\"http:\\\/\\\/e-ciftlik.com\\\/haberler\\\/egitim\\\/osymnin-2024-sinav-istatistikleri-aciklandi\\\/#primaryimage\"},\"image\":{\"@id\":\"http:\\\/\\\/e-ciftlik.com\\\/haberler\\\/egitim\\\/osymnin-2024-sinav-istatistikleri-aciklandi\\\/#primaryimage\"},\"thumbnailUrl\":\"http:\\\/\\\/e-ciftlik.com\\\/haberler\\\/wp-content\\\/uploads\\\/2024\\\/06\\\/osym-sinav-aa-1654216.jpg\",\"datePublished\":\"2025-01-27T14:38:22+00:00\",\"description\":\"\u00d6SYM'nin 2024 y\u0131l\u0131 s\u0131navlar\u0131 hakk\u0131nda yap\u0131lan a\u00e7\u0131klamada, \u00d6SYM Ba\u015fkan\u0131 Ersoy'un g\u00f6r\u00fc\u015flerine yer verildi. Ersoy, bu y\u0131l 65 s\u0131navda 81 oturum d\u00fczenlendi\u011fini\",\"breadcrumb\":{\"@id\":\"http:\\\/\\\/e-ciftlik.com\\\/haberler\\\/egitim\\\/osymnin-2024-sinav-istatistikleri-aciklandi\\\/#breadcrumb\"},\"inLanguage\":\"tr\",\"potentialAction\":[{\"@type\":\"ReadAction\",\"target\":[\"http:\\\/\\\/e-ciftlik.com\\\/haberler\\\/egitim\\\/osymnin-2024-sinav-istatistikleri-aciklandi\\\/\"]}]},{\"@type\":\"ImageObject\",\"inLanguage\":\"tr\",\"@id\":\"http:\\\/\\\/e-ciftlik.com\\\/haberler\\\/egitim\\\/osymnin-2024-sinav-istatistikleri-aciklandi\\\/#primaryimage\",\"url\":\"http:\\\/\\\/e-ciftlik.com\\\/haberler\\\/wp-content\\\/uploads\\\/2024\\\/06\\\/osym-sinav-aa-1654216.jpg\",\"contentUrl\":\"http:\\\/\\\/e-ciftlik.com\\\/haberler\\\/wp-content\\\/uploads\\\/2024\\\/06\\\/osym-sinav-aa-1654216.jpg\",\"width\":1280,\"height\":720},{\"@type\":\"BreadcrumbList\",\"@id\":\"http:\\\/\\\/e-ciftlik.com\\\/haberler\\\/egitim\\\/osymnin-2024-sinav-istatistikleri-aciklandi\\\/#breadcrumb\",\"itemListElement\":[{\"@type\":\"ListItem\",\"position\":1,\"name\":\"Anasayfa\",\"item\":\"https:\\\/\\\/e-ciftlik.com\\\/haberler\\\/\"},{\"@type\":\"ListItem\",\"position\":2,\"name\":\"\u00d6SYM&#8217;nin 2024 S\u0131nav \u0130statistikleri a\u00e7\u0131kland\u0131!\"}]},{\"@type\":\"WebSite\",\"@id\":\"https:\\\/\\\/e-ciftlik.com\\\/haberler\\\/#website\",\"url\":\"https:\\\/\\\/e-ciftlik.com\\\/haberler\\\/\",\"name\":\"E-\u00c7iftlik Haber | G\u00fcncel, Son Dakika Haberler, En Son Haber\",\"description\":\"\",\"publisher\":{\"@id\":\"https:\\\/\\\/e-ciftlik.com\\\/haberler\\\/#organization\"},\"potentialAction\":[{\"@type\":\"SearchAction\",\"target\":{\"@type\":\"EntryPoint\",\"urlTemplate\":\"https:\\\/\\\/e-ciftlik.com\\\/haberler\\\/?s={search_term_string}\"},\"query-input\":{\"@type\":\"PropertyValueSpecification\",\"valueRequired\":true,\"valueName\":\"search_term_string\"}}],\"inLanguage\":\"tr\"},{\"@type\":\"Organization\",\"@id\":\"https:\\\/\\\/e-ciftlik.com\\\/haberler\\\/#organization\",\"name\":\"E-\u00c7\u0130FTL\u0130K HABER\",\"url\":\"https:\\\/\\\/e-ciftlik.com\\\/haberler\\\/\",\"logo\":{\"@type\":\"ImageObject\",\"inLanguage\":\"tr\",\"@id\":\"https:\\\/\\\/e-ciftlik.com\\\/haberler\\\/#\\\/schema\\\/logo\\\/image\\\/\",\"url\":\"http:\\\/\\\/e-ciftlik.com\\\/haberler\\\/wp-content\\\/uploads\\\/2024\\\/06\\\/cropped-cropped-favicon-1-2.png\",\"contentUrl\":\"http:\\\/\\\/e-ciftlik.com\\\/haberler\\\/wp-content\\\/uploads\\\/2024\\\/06\\\/cropped-cropped-favicon-1-2.png\",\"width\":512,\"height\":512,\"caption\":\"E-\u00c7\u0130FTL\u0130K HABER\"},\"image\":{\"@id\":\"https:\\\/\\\/e-ciftlik.com\\\/haberler\\\/#\\\/schema\\\/logo\\\/image\\\/\"},\"sameAs\":[\"https:\\\/\\\/www.facebook.com\\\/eciftlikturkiye\",\"https:\\\/\\\/x.com\\\/eciftlikresmi\",\"https:\\\/\\\/www.instagram.com\\\/eciftlikresmi\\\/\"]},{\"@type\":\"Person\",\"@id\":\"https:\\\/\\\/e-ciftlik.com\\\/haberler\\\/#\\\/schema\\\/person\\\/d2f4fee3143d7f72be82cb887d51b00a\",\"name\":\"Haber Merkezi\",\"image\":{\"@type\":\"ImageObject\",\"inLanguage\":\"tr\",\"@id\":\"https:\\\/\\\/secure.gravatar.com\\\/avatar\\\/6c27d641914e66c1d0452c92716002398782818991d86db1c2cccb531e7c7c82?s=96&d=mm&r=g\",\"url\":\"https:\\\/\\\/secure.gravatar.com\\\/avatar\\\/6c27d641914e66c1d0452c92716002398782818991d86db1c2cccb531e7c7c82?s=96&d=mm&r=g\",\"contentUrl\":\"https:\\\/\\\/secure.gravatar.com\\\/avatar\\\/6c27d641914e66c1d0452c92716002398782818991d86db1c2cccb531e7c7c82?s=96&d=mm&r=g\",\"caption\":\"Haber Merkezi\"},\"sameAs\":[\"http:\\\/\\\/e-ciftlik.com\\\/haberler\"]}]}<\/script>\n<!-- \/ Yoast SEO Premium plugin. -->","yoast_head_json":{"title":"\u00d6SYM'nin 2024 S\u0131nav \u0130statistikleri a\u00e7\u0131kland\u0131! - E-&Ccedil;\u0130FTL\u0130K HABER","description":"\u00d6SYM'nin 2024 y\u0131l\u0131 s\u0131navlar\u0131 hakk\u0131nda yap\u0131lan a\u00e7\u0131klamada, \u00d6SYM Ba\u015fkan\u0131 Ersoy'un g\u00f6r\u00fc\u015flerine yer verildi. Ersoy, bu y\u0131l 65 s\u0131navda 81 oturum d\u00fczenlendi\u011fini","robots":{"index":"index","follow":"follow","max-snippet":"max-snippet:-1","max-image-preview":"max-image-preview:large","max-video-preview":"max-video-preview:-1"},"canonical":"http:\/\/e-ciftlik.com\/haberler\/egitim\/osymnin-2024-sinav-istatistikleri-aciklandi\/","og_locale":"tr_TR","og_type":"article","og_title":"\u00d6SYM'nin 2024 S\u0131nav \u0130statistikleri a\u00e7\u0131kland\u0131!","og_description":"\u00d6SYM'nin 2024 y\u0131l\u0131 s\u0131navlar\u0131 hakk\u0131nda yap\u0131lan a\u00e7\u0131klamada, \u00d6SYM Ba\u015fkan\u0131 Ersoy'un g\u00f6r\u00fc\u015flerine yer verildi. Ersoy, bu y\u0131l 65 s\u0131navda 81 oturum d\u00fczenlendi\u011fini","og_url":"http:\/\/e-ciftlik.com\/haberler\/egitim\/osymnin-2024-sinav-istatistikleri-aciklandi\/","og_site_name":"E-&Ccedil;\u0130FTL\u0130K HABER","article_publisher":"https:\/\/www.facebook.com\/eciftlikturkiye","article_published_time":"2025-01-27T14:38:22+00:00","og_image":[{"width":1280,"height":720,"url":"http:\/\/e-ciftlik.com\/haberler\/wp-content\/uploads\/2024\/06\/osym-sinav-aa-1654216.jpg","type":"image\/jpeg"}],"author":"Haber Merkezi","twitter_card":"summary_large_image","twitter_creator":"@eciftlikresmi","twitter_site":"@eciftlikresmi","twitter_misc":{"Yazan:":"Haber Merkezi","Tahmini okuma s\u00fcresi":"1 dakika"},"schema":{"@context":"https:\/\/schema.org","@graph":[{"@type":"NewsArticle","@id":"http:\/\/e-ciftlik.com\/haberler\/egitim\/osymnin-2024-sinav-istatistikleri-aciklandi\/#article","isPartOf":{"@id":"http:\/\/e-ciftlik.com\/haberler\/egitim\/osymnin-2024-sinav-istatistikleri-aciklandi\/"},"author":{"name":"Haber Merkezi","@id":"https:\/\/e-ciftlik.com\/haberler\/#\/schema\/person\/d2f4fee3143d7f72be82cb887d51b00a"},"headline":"\u00d6SYM&#8217;nin 2024 S\u0131nav \u0130statistikleri a\u00e7\u0131kland\u0131!","datePublished":"2025-01-27T14:38:22+00:00","mainEntityOfPage":{"@id":"http:\/\/e-ciftlik.com\/haberler\/egitim\/osymnin-2024-sinav-istatistikleri-aciklandi\/"},"wordCount":300,"commentCount":0,"publisher":{"@id":"https:\/\/e-ciftlik.com\/haberler\/#organization"},"image":{"@id":"http:\/\/e-ciftlik.com\/haberler\/egitim\/osymnin-2024-sinav-istatistikleri-aciklandi\/#primaryimage"},"thumbnailUrl":"http:\/\/e-ciftlik.com\/haberler\/wp-content\/uploads\/2024\/06\/osym-sinav-aa-1654216.jpg","articleSection":["E\u011fitim"],"inLanguage":"tr","potentialAction":[{"@type":"CommentAction","name":"Comment","target":["http:\/\/e-ciftlik.com\/haberler\/egitim\/osymnin-2024-sinav-istatistikleri-aciklandi\/#respond"]}]},{"@type":"WebPage","@id":"http:\/\/e-ciftlik.com\/haberler\/egitim\/osymnin-2024-sinav-istatistikleri-aciklandi\/","url":"http:\/\/e-ciftlik.com\/haberler\/egitim\/osymnin-2024-sinav-istatistikleri-aciklandi\/","name":"\u00d6SYM'nin 2024 S\u0131nav \u0130statistikleri a\u00e7\u0131kland\u0131! - E-&Ccedil;\u0130FTL\u0130K HABER","isPartOf":{"@id":"https:\/\/e-ciftlik.com\/haberler\/#website"},"primaryImageOfPage":{"@id":"http:\/\/e-ciftlik.com\/haberler\/egitim\/osymnin-2024-sinav-istatistikleri-aciklandi\/#primaryimage"},"image":{"@id":"http:\/\/e-ciftlik.com\/haberler\/egitim\/osymnin-2024-sinav-istatistikleri-aciklandi\/#primaryimage"},"thumbnailUrl":"http:\/\/e-ciftlik.com\/haberler\/wp-content\/uploads\/2024\/06\/osym-sinav-aa-1654216.jpg","datePublished":"2025-01-27T14:38:22+00:00","description":"\u00d6SYM'nin 2024 y\u0131l\u0131 s\u0131navlar\u0131 hakk\u0131nda yap\u0131lan a\u00e7\u0131klamada, \u00d6SYM Ba\u015fkan\u0131 Ersoy'un g\u00f6r\u00fc\u015flerine yer verildi. Ersoy, bu y\u0131l 65 s\u0131navda 81 oturum d\u00fczenlendi\u011fini","breadcrumb":{"@id":"http:\/\/e-ciftlik.com\/haberler\/egitim\/osymnin-2024-sinav-istatistikleri-aciklandi\/#breadcrumb"},"inLanguage":"tr","potentialAction":[{"@type":"ReadAction","target":["http:\/\/e-ciftlik.com\/haberler\/egitim\/osymnin-2024-sinav-istatistikleri-aciklandi\/"]}]},{"@type":"ImageObject","inLanguage":"tr","@id":"http:\/\/e-ciftlik.com\/haberler\/egitim\/osymnin-2024-sinav-istatistikleri-aciklandi\/#primaryimage","url":"http:\/\/e-ciftlik.com\/haberler\/wp-content\/uploads\/2024\/06\/osym-sinav-aa-1654216.jpg","contentUrl":"http:\/\/e-ciftlik.com\/haberler\/wp-content\/uploads\/2024\/06\/osym-sinav-aa-1654216.jpg","width":1280,"height":720},{"@type":"BreadcrumbList","@id":"http:\/\/e-ciftlik.com\/haberler\/egitim\/osymnin-2024-sinav-istatistikleri-aciklandi\/#breadcrumb","itemListElement":[{"@type":"ListItem","position":1,"name":"Anasayfa","item":"https:\/\/e-ciftlik.com\/haberler\/"},{"@type":"ListItem","position":2,"name":"\u00d6SYM&#8217;nin 2024 S\u0131nav \u0130statistikleri a\u00e7\u0131kland\u0131!"}]},{"@type":"WebSite","@id":"https:\/\/e-ciftlik.com\/haberler\/#website","url":"https:\/\/e-ciftlik.com\/haberler\/","name":"E-\u00c7iftlik Haber | G\u00fcncel, Son Dakika Haberler, En Son Haber","description":"","publisher":{"@id":"https:\/\/e-ciftlik.com\/haberler\/#organization"},"potentialAction":[{"@type":"SearchAction","target":{"@type":"EntryPoint","urlTemplate":"https:\/\/e-ciftlik.com\/haberler\/?s={search_term_string}"},"query-input":{"@type":"PropertyValueSpecification","valueRequired":true,"valueName":"search_term_string"}}],"inLanguage":"tr"},{"@type":"Organization","@id":"https:\/\/e-ciftlik.com\/haberler\/#organization","name":"E-\u00c7\u0130FTL\u0130K HABER","url":"https:\/\/e-ciftlik.com\/haberler\/","logo":{"@type":"ImageObject","inLanguage":"tr","@id":"https:\/\/e-ciftlik.com\/haberler\/#\/schema\/logo\/image\/","url":"http:\/\/e-ciftlik.com\/haberler\/wp-content\/uploads\/2024\/06\/cropped-cropped-favicon-1-2.png","contentUrl":"http:\/\/e-ciftlik.com\/haberler\/wp-content\/uploads\/2024\/06\/cropped-cropped-favicon-1-2.png","width":512,"height":512,"caption":"E-\u00c7\u0130FTL\u0130K HABER"},"image":{"@id":"https:\/\/e-ciftlik.com\/haberler\/#\/schema\/logo\/image\/"},"sameAs":["https:\/\/www.facebook.com\/eciftlikturkiye","https:\/\/x.com\/eciftlikresmi","https:\/\/www.instagram.com\/eciftlikresmi\/"]},{"@type":"Person","@id":"https:\/\/e-ciftlik.com\/haberler\/#\/schema\/person\/d2f4fee3143d7f72be82cb887d51b00a","name":"Haber Merkezi","image":{"@type":"ImageObject","inLanguage":"tr","@id":"https:\/\/secure.gravatar.com\/avatar\/6c27d641914e66c1d0452c92716002398782818991d86db1c2cccb531e7c7c82?s=96&d=mm&r=g","url":"https:\/\/secure.gravatar.com\/avatar\/6c27d641914e66c1d0452c92716002398782818991d86db1c2cccb531e7c7c82?s=96&d=mm&r=g","contentUrl":"https:\/\/secure.gravatar.com\/avatar\/6c27d641914e66c1d0452c92716002398782818991d86db1c2cccb531e7c7c82?s=96&d=mm&r=g","caption":"Haber Merkezi"},"sameAs":["http:\/\/e-ciftlik.com\/haberler"]}]}},"_links":{"self":[{"href":"http:\/\/e-ciftlik.com\/haberler\/wp-json\/wp\/v2\/posts\/74586","targetHints":{"allow":["GET"]}}],"collection":[{"href":"http:\/\/e-ciftlik.com\/haberler\/wp-json\/wp\/v2\/posts"}],"about":[{"href":"http:\/\/e-ciftlik.com\/haberler\/wp-json\/wp\/v2\/types\/post"}],"author":[{"embeddable":true,"href":"http:\/\/e-ciftlik.com\/haberler\/wp-json\/wp\/v2\/users\/1"}],"replies":[{"embeddable":true,"href":"http:\/\/e-ciftlik.com\/haberler\/wp-json\/wp\/v2\/comments?post=74586"}],"version-history":[{"count":0,"href":"http:\/\/e-ciftlik.com\/haberler\/wp-json\/wp\/v2\/posts\/74586\/revisions"}],"wp:featuredmedia":[{"embeddable":true,"href":"http:\/\/e-ciftlik.com\/haberler\/wp-json\/wp\/v2\/media\/707"}],"wp:attachment":[{"href":"http:\/\/e-ciftlik.com\/haberler\/wp-json\/wp\/v2\/media?parent=74586"}],"wp:term":[{"taxonomy":"category","embeddable":true,"href":"http:\/\/e-ciftlik.com\/haberler\/wp-json\/wp\/v2\/categories?post=74586"},{"taxonomy":"post_tag","embeddable":true,"href":"http:\/\/e-ciftlik.com\/haberler\/wp-json\/wp\/v2\/tags?post=74586"}],"curies":[{"name":"wp","href":"https:\/\/api.w.org\/{rel}","templated":true}]}}