{"id":74587,"date":"2025-01-27T14:40:40","date_gmt":"2025-01-27T14:40:40","guid":{"rendered":"http:\/\/e-ciftlik.com\/haberler\/gundem\/grand-kartal-otelde-78-kisi-hayatini-kaybetti\/"},"modified":"2025-01-27T14:40:40","modified_gmt":"2025-01-27T14:40:40","slug":"grand-kartal-otelde-78-kisi-hayatini-kaybetti","status":"publish","type":"post","link":"http:\/\/e-ciftlik.com\/haberler\/gundem\/grand-kartal-otelde-78-kisi-hayatini-kaybetti\/","title":{"rendered":"Grand Kartal Otel&#8217;de 78 Ki\u015fi Hayat\u0131n\u0131 Kaybetti"},"content":{"rendered":"<p>Grand Kartal Otel&#8217;de 78 ki\u015fi hayat\u0131n\u0131 kaybetti<\/p>\n<p>G\u00dcVENL\u0130K\u00c7\u0130LER: \u00d6zel \u00d6z K\u00f6ro\u011flu G\u00fcvenlik \u015firketi ile 5-6 y\u0131l \u00f6nce denetim i\u00e7in anla\u015fma yap\u0131ld\u0131. Bu \u015firket g\u00fcvenlik denetimleri yap\u0131yordu ve otelin g\u00fcvenli\u011fini sa\u011fl\u0131yordu. Ayr\u0131ca otelin kendi \u00f6zel g\u00fcvenlik birimi de bulunmaktayd\u0131 ve 24 saat i\u00e7inde otelde dola\u015farak g\u00fcvenli\u011fi sa\u011fl\u0131yorlard\u0131.<\/p>\n<p>DANI\u015eMANLIK \u015e\u0130RKET\u0130: K\u00fclt\u00fcr ve Turizm Bakanl\u0131\u011f\u0131&#8217;n\u0131n yetki verdi\u011fi FQC Global Dan\u0131\u015fmanl\u0131k A.\u015e. ile her y\u0131l denetim s\u00f6zle\u015fmesi yap\u0131lmaktayd\u0131. Bu \u015firket, otelin her y\u00f6n\u00fcyle denetimini yap\u0131yor ve eksiklikler hakk\u0131nda bilgi veriyordu. Otelin yang\u0131n merdivenlerinin mevzuata uygun oldu\u011fu ve otelin 2007 y\u0131l\u0131nda yap\u0131ld\u0131\u011f\u0131 belirtilerek, denetimlerden ge\u00e7ti\u011fi ifade edildi.<\/p>\n<p>&#8220;YA\u011eMURLAMA ZORUNLU DE\u011e\u0130LD\u0130&#8221;<\/p>\n<p>Otelde yang\u0131na kar\u015f\u0131 al\u0131nan \u00f6nlemler ve yap\u0131lan denetimler hakk\u0131nda bilgi veren yetkili, otelin 1998 y\u0131l\u0131nda in\u015fa edildi\u011fini ve o d\u00f6nemde ya\u011fmurlama sistemi zorunlulu\u011funun olmad\u0131\u011f\u0131n\u0131 belirtti. Yang\u0131n alarm sistemi oldu\u011fu ancak yang\u0131n\u0131n ba\u015flang\u0131c\u0131nda sistemin hasar ald\u0131\u011f\u0131 i\u00e7in \u00e7al\u0131\u015fmad\u0131\u011f\u0131, ancak duman dedekt\u00f6rlerinin devreye girdi\u011fi ifade edildi.<\/p>\n<p>YANGIN ALARMI YANGINDA HASAR ALDI<\/p>\n<p>Yang\u0131na kar\u015f\u0131 alarm sisteminin oldu\u011fu ancak yang\u0131n s\u0131ras\u0131nda hasar ald\u0131\u011f\u0131 belirtildi. Otelin yan\u0131nda bulunan 70 metrekarelik alanda rapor talebinin oldu\u011fu ancak otelin tamam\u0131 i\u00e7in b\u00f6yle bir talepte bulunulmad\u0131\u011f\u0131 ifade edildi. 2007 y\u0131l\u0131nda otelin a\u00e7\u0131l\u0131\u015f belgesinin al\u0131nd\u0131\u011f\u0131 ve yang\u0131na kar\u015f\u0131 yeterlilik belgesi oldu\u011fu belirtildi.<\/p>\n","protected":false},"excerpt":{"rendered":"<p>Grand Kartal Otel&#8217;de 78 ki\u015fi hayat\u0131n\u0131 kaybetti G\u00dcVENL\u0130K\u00c7\u0130LER: \u00d6zel \u00d6z K\u00f6ro\u011flu G\u00fcvenlik \u015firketi ile 5-6&hellip;<\/p>\n","protected":false},"author":1,"featured_media":74588,"comment_status":"open","ping_status":"open","sticky":false,"template":"","format":"standard","meta":{"footnotes":""},"categories":[10],"tags":[],"class_list":["post-74587","post","type-post","status-publish","format-standard","has-post-thumbnail","hentry","category-gundem"],"yoast_head":"<!-- This site is optimized with the Yoast SEO Premium plugin v24.3 (Yoast SEO v27.4) - https:\/\/yoast.com\/product\/yoast-seo-premium-wordpress\/ -->\n<title>Grand Kartal Otel&#039;de 78 Ki\u015fi Hayat\u0131n\u0131 Kaybetti - E-&Ccedil;\u0130FTL\u0130K HABER<\/title>\n<meta name=\"description\" content=\"Grand Kartal Otel&#039;de 78 ki\u015fi hayat\u0131n\u0131 kaybetti G\u00dcVENL\u0130K\u00c7\u0130LER: \u00d6zel \u00d6z K\u00f6ro\u011flu G\u00fcvenlik \u015firketi ile 5-6 y\u0131l \u00f6nce denetim i\u00e7in anla\u015fma yap\u0131ld\u0131. Bu \u015firket\" \/>\n<meta name=\"robots\" content=\"index, follow, max-snippet:-1, max-image-preview:large, max-video-preview:-1\" \/>\n<link rel=\"canonical\" href=\"http:\/\/e-ciftlik.com\/haberler\/gundem\/grand-kartal-otelde-78-kisi-hayatini-kaybetti\/\" \/>\n<meta property=\"og:locale\" content=\"tr_TR\" \/>\n<meta property=\"og:type\" content=\"article\" \/>\n<meta property=\"og:title\" content=\"Grand Kartal Otel&#039;de 78 Ki\u015fi Hayat\u0131n\u0131 Kaybetti\" \/>\n<meta property=\"og:description\" content=\"Grand Kartal Otel&#039;de 78 ki\u015fi hayat\u0131n\u0131 kaybetti G\u00dcVENL\u0130K\u00c7\u0130LER: \u00d6zel \u00d6z K\u00f6ro\u011flu G\u00fcvenlik \u015firketi ile 5-6 y\u0131l \u00f6nce denetim i\u00e7in anla\u015fma yap\u0131ld\u0131. Bu \u015firket\" \/>\n<meta property=\"og:url\" content=\"http:\/\/e-ciftlik.com\/haberler\/gundem\/grand-kartal-otelde-78-kisi-hayatini-kaybetti\/\" \/>\n<meta property=\"og:site_name\" content=\"E-&Ccedil;\u0130FTL\u0130K HABER\" \/>\n<meta property=\"article:publisher\" content=\"https:\/\/www.facebook.com\/eciftlikturkiye\" \/>\n<meta property=\"article:published_time\" content=\"2025-01-27T14:40:40+00:00\" \/>\n<meta property=\"og:image\" content=\"http:\/\/e-ciftlik.com\/haberler\/wp-content\/uploads\/2025\/01\/grand-kartal-otelin-sahibi-halit-ergulun-ifadesi-ortaya-cikti-herkesi-sucladi-kendini-akladi-1737875.webp\" \/>\n\t<meta property=\"og:image:width\" content=\"1200\" \/>\n\t<meta property=\"og:image:height\" content=\"675\" \/>\n\t<meta property=\"og:image:type\" content=\"image\/webp\" \/>\n<meta name=\"author\" content=\"Haber Merkezi\" \/>\n<meta name=\"twitter:card\" content=\"summary_large_image\" \/>\n<meta name=\"twitter:creator\" content=\"@eciftlikresmi\" \/>\n<meta name=\"twitter:site\" content=\"@eciftlikresmi\" \/>\n<meta name=\"twitter:label1\" content=\"Yazan:\" \/>\n\t<meta name=\"twitter:data1\" content=\"Haber Merkezi\" \/>\n\t<meta name=\"twitter:label2\" content=\"Tahmini okuma s\u00fcresi\" \/>\n\t<meta name=\"twitter:data2\" content=\"1 dakika\" \/>\n<script type=\"application\/ld+json\" class=\"yoast-schema-graph\">{\"@context\":\"https:\\\/\\\/schema.org\",\"@graph\":[{\"@type\":\"NewsArticle\",\"@id\":\"http:\\\/\\\/e-ciftlik.com\\\/haberler\\\/gundem\\\/grand-kartal-otelde-78-kisi-hayatini-kaybetti\\\/#article\",\"isPartOf\":{\"@id\":\"http:\\\/\\\/e-ciftlik.com\\\/haberler\\\/gundem\\\/grand-kartal-otelde-78-kisi-hayatini-kaybetti\\\/\"},\"author\":{\"name\":\"Haber Merkezi\",\"@id\":\"https:\\\/\\\/e-ciftlik.com\\\/haberler\\\/#\\\/schema\\\/person\\\/d2f4fee3143d7f72be82cb887d51b00a\"},\"headline\":\"Grand Kartal Otel&#8217;de 78 Ki\u015fi Hayat\u0131n\u0131 Kaybetti\",\"datePublished\":\"2025-01-27T14:40:40+00:00\",\"mainEntityOfPage\":{\"@id\":\"http:\\\/\\\/e-ciftlik.com\\\/haberler\\\/gundem\\\/grand-kartal-otelde-78-kisi-hayatini-kaybetti\\\/\"},\"wordCount\":280,\"commentCount\":0,\"publisher\":{\"@id\":\"https:\\\/\\\/e-ciftlik.com\\\/haberler\\\/#organization\"},\"image\":{\"@id\":\"http:\\\/\\\/e-ciftlik.com\\\/haberler\\\/gundem\\\/grand-kartal-otelde-78-kisi-hayatini-kaybetti\\\/#primaryimage\"},\"thumbnailUrl\":\"http:\\\/\\\/e-ciftlik.com\\\/haberler\\\/wp-content\\\/uploads\\\/2025\\\/01\\\/grand-kartal-otelin-sahibi-halit-ergulun-ifadesi-ortaya-cikti-herkesi-sucladi-kendini-akladi-1737875.webp\",\"articleSection\":[\"G\u00fcndem\"],\"inLanguage\":\"tr\",\"potentialAction\":[{\"@type\":\"CommentAction\",\"name\":\"Comment\",\"target\":[\"http:\\\/\\\/e-ciftlik.com\\\/haberler\\\/gundem\\\/grand-kartal-otelde-78-kisi-hayatini-kaybetti\\\/#respond\"]}]},{\"@type\":\"WebPage\",\"@id\":\"http:\\\/\\\/e-ciftlik.com\\\/haberler\\\/gundem\\\/grand-kartal-otelde-78-kisi-hayatini-kaybetti\\\/\",\"url\":\"http:\\\/\\\/e-ciftlik.com\\\/haberler\\\/gundem\\\/grand-kartal-otelde-78-kisi-hayatini-kaybetti\\\/\",\"name\":\"Grand Kartal Otel'de 78 Ki\u015fi Hayat\u0131n\u0131 Kaybetti - E-&Ccedil;\u0130FTL\u0130K HABER\",\"isPartOf\":{\"@id\":\"https:\\\/\\\/e-ciftlik.com\\\/haberler\\\/#website\"},\"primaryImageOfPage\":{\"@id\":\"http:\\\/\\\/e-ciftlik.com\\\/haberler\\\/gundem\\\/grand-kartal-otelde-78-kisi-hayatini-kaybetti\\\/#primaryimage\"},\"image\":{\"@id\":\"http:\\\/\\\/e-ciftlik.com\\\/haberler\\\/gundem\\\/grand-kartal-otelde-78-kisi-hayatini-kaybetti\\\/#primaryimage\"},\"thumbnailUrl\":\"http:\\\/\\\/e-ciftlik.com\\\/haberler\\\/wp-content\\\/uploads\\\/2025\\\/01\\\/grand-kartal-otelin-sahibi-halit-ergulun-ifadesi-ortaya-cikti-herkesi-sucladi-kendini-akladi-1737875.webp\",\"datePublished\":\"2025-01-27T14:40:40+00:00\",\"description\":\"Grand Kartal Otel'de 78 ki\u015fi hayat\u0131n\u0131 kaybetti G\u00dcVENL\u0130K\u00c7\u0130LER: \u00d6zel \u00d6z K\u00f6ro\u011flu G\u00fcvenlik \u015firketi ile 5-6 y\u0131l \u00f6nce denetim i\u00e7in anla\u015fma yap\u0131ld\u0131. Bu \u015firket\",\"breadcrumb\":{\"@id\":\"http:\\\/\\\/e-ciftlik.com\\\/haberler\\\/gundem\\\/grand-kartal-otelde-78-kisi-hayatini-kaybetti\\\/#breadcrumb\"},\"inLanguage\":\"tr\",\"potentialAction\":[{\"@type\":\"ReadAction\",\"target\":[\"http:\\\/\\\/e-ciftlik.com\\\/haberler\\\/gundem\\\/grand-kartal-otelde-78-kisi-hayatini-kaybetti\\\/\"]}]},{\"@type\":\"ImageObject\",\"inLanguage\":\"tr\",\"@id\":\"http:\\\/\\\/e-ciftlik.com\\\/haberler\\\/gundem\\\/grand-kartal-otelde-78-kisi-hayatini-kaybetti\\\/#primaryimage\",\"url\":\"http:\\\/\\\/e-ciftlik.com\\\/haberler\\\/wp-content\\\/uploads\\\/2025\\\/01\\\/grand-kartal-otelin-sahibi-halit-ergulun-ifadesi-ortaya-cikti-herkesi-sucladi-kendini-akladi-1737875.webp\",\"contentUrl\":\"http:\\\/\\\/e-ciftlik.com\\\/haberler\\\/wp-content\\\/uploads\\\/2025\\\/01\\\/grand-kartal-otelin-sahibi-halit-ergulun-ifadesi-ortaya-cikti-herkesi-sucladi-kendini-akladi-1737875.webp\",\"width\":1200,\"height\":675},{\"@type\":\"BreadcrumbList\",\"@id\":\"http:\\\/\\\/e-ciftlik.com\\\/haberler\\\/gundem\\\/grand-kartal-otelde-78-kisi-hayatini-kaybetti\\\/#breadcrumb\",\"itemListElement\":[{\"@type\":\"ListItem\",\"position\":1,\"name\":\"Anasayfa\",\"item\":\"https:\\\/\\\/e-ciftlik.com\\\/haberler\\\/\"},{\"@type\":\"ListItem\",\"position\":2,\"name\":\"Grand Kartal Otel&#8217;de 78 Ki\u015fi Hayat\u0131n\u0131 Kaybetti\"}]},{\"@type\":\"WebSite\",\"@id\":\"https:\\\/\\\/e-ciftlik.com\\\/haberler\\\/#website\",\"url\":\"https:\\\/\\\/e-ciftlik.com\\\/haberler\\\/\",\"name\":\"E-\u00c7iftlik Haber | G\u00fcncel, Son Dakika Haberler, En Son Haber\",\"description\":\"\",\"publisher\":{\"@id\":\"https:\\\/\\\/e-ciftlik.com\\\/haberler\\\/#organization\"},\"potentialAction\":[{\"@type\":\"SearchAction\",\"target\":{\"@type\":\"EntryPoint\",\"urlTemplate\":\"https:\\\/\\\/e-ciftlik.com\\\/haberler\\\/?s={search_term_string}\"},\"query-input\":{\"@type\":\"PropertyValueSpecification\",\"valueRequired\":true,\"valueName\":\"search_term_string\"}}],\"inLanguage\":\"tr\"},{\"@type\":\"Organization\",\"@id\":\"https:\\\/\\\/e-ciftlik.com\\\/haberler\\\/#organization\",\"name\":\"E-\u00c7\u0130FTL\u0130K HABER\",\"url\":\"https:\\\/\\\/e-ciftlik.com\\\/haberler\\\/\",\"logo\":{\"@type\":\"ImageObject\",\"inLanguage\":\"tr\",\"@id\":\"https:\\\/\\\/e-ciftlik.com\\\/haberler\\\/#\\\/schema\\\/logo\\\/image\\\/\",\"url\":\"http:\\\/\\\/e-ciftlik.com\\\/haberler\\\/wp-content\\\/uploads\\\/2024\\\/06\\\/cropped-cropped-favicon-1-2.png\",\"contentUrl\":\"http:\\\/\\\/e-ciftlik.com\\\/haberler\\\/wp-content\\\/uploads\\\/2024\\\/06\\\/cropped-cropped-favicon-1-2.png\",\"width\":512,\"height\":512,\"caption\":\"E-\u00c7\u0130FTL\u0130K HABER\"},\"image\":{\"@id\":\"https:\\\/\\\/e-ciftlik.com\\\/haberler\\\/#\\\/schema\\\/logo\\\/image\\\/\"},\"sameAs\":[\"https:\\\/\\\/www.facebook.com\\\/eciftlikturkiye\",\"https:\\\/\\\/x.com\\\/eciftlikresmi\",\"https:\\\/\\\/www.instagram.com\\\/eciftlikresmi\\\/\"]},{\"@type\":\"Person\",\"@id\":\"https:\\\/\\\/e-ciftlik.com\\\/haberler\\\/#\\\/schema\\\/person\\\/d2f4fee3143d7f72be82cb887d51b00a\",\"name\":\"Haber Merkezi\",\"image\":{\"@type\":\"ImageObject\",\"inLanguage\":\"tr\",\"@id\":\"https:\\\/\\\/secure.gravatar.com\\\/avatar\\\/6c27d641914e66c1d0452c92716002398782818991d86db1c2cccb531e7c7c82?s=96&d=mm&r=g\",\"url\":\"https:\\\/\\\/secure.gravatar.com\\\/avatar\\\/6c27d641914e66c1d0452c92716002398782818991d86db1c2cccb531e7c7c82?s=96&d=mm&r=g\",\"contentUrl\":\"https:\\\/\\\/secure.gravatar.com\\\/avatar\\\/6c27d641914e66c1d0452c92716002398782818991d86db1c2cccb531e7c7c82?s=96&d=mm&r=g\",\"caption\":\"Haber Merkezi\"},\"sameAs\":[\"http:\\\/\\\/e-ciftlik.com\\\/haberler\"]}]}<\/script>\n<!-- \/ Yoast SEO Premium plugin. -->","yoast_head_json":{"title":"Grand Kartal Otel'de 78 Ki\u015fi Hayat\u0131n\u0131 Kaybetti - E-&Ccedil;\u0130FTL\u0130K HABER","description":"Grand Kartal Otel'de 78 ki\u015fi hayat\u0131n\u0131 kaybetti G\u00dcVENL\u0130K\u00c7\u0130LER: \u00d6zel \u00d6z K\u00f6ro\u011flu G\u00fcvenlik \u015firketi ile 5-6 y\u0131l \u00f6nce denetim i\u00e7in anla\u015fma yap\u0131ld\u0131. Bu \u015firket","robots":{"index":"index","follow":"follow","max-snippet":"max-snippet:-1","max-image-preview":"max-image-preview:large","max-video-preview":"max-video-preview:-1"},"canonical":"http:\/\/e-ciftlik.com\/haberler\/gundem\/grand-kartal-otelde-78-kisi-hayatini-kaybetti\/","og_locale":"tr_TR","og_type":"article","og_title":"Grand Kartal Otel'de 78 Ki\u015fi Hayat\u0131n\u0131 Kaybetti","og_description":"Grand Kartal Otel'de 78 ki\u015fi hayat\u0131n\u0131 kaybetti G\u00dcVENL\u0130K\u00c7\u0130LER: \u00d6zel \u00d6z K\u00f6ro\u011flu G\u00fcvenlik \u015firketi ile 5-6 y\u0131l \u00f6nce denetim i\u00e7in anla\u015fma yap\u0131ld\u0131. Bu \u015firket","og_url":"http:\/\/e-ciftlik.com\/haberler\/gundem\/grand-kartal-otelde-78-kisi-hayatini-kaybetti\/","og_site_name":"E-&Ccedil;\u0130FTL\u0130K HABER","article_publisher":"https:\/\/www.facebook.com\/eciftlikturkiye","article_published_time":"2025-01-27T14:40:40+00:00","og_image":[{"width":1200,"height":675,"url":"http:\/\/e-ciftlik.com\/haberler\/wp-content\/uploads\/2025\/01\/grand-kartal-otelin-sahibi-halit-ergulun-ifadesi-ortaya-cikti-herkesi-sucladi-kendini-akladi-1737875.webp","type":"image\/webp"}],"author":"Haber Merkezi","twitter_card":"summary_large_image","twitter_creator":"@eciftlikresmi","twitter_site":"@eciftlikresmi","twitter_misc":{"Yazan:":"Haber Merkezi","Tahmini okuma s\u00fcresi":"1 dakika"},"schema":{"@context":"https:\/\/schema.org","@graph":[{"@type":"NewsArticle","@id":"http:\/\/e-ciftlik.com\/haberler\/gundem\/grand-kartal-otelde-78-kisi-hayatini-kaybetti\/#article","isPartOf":{"@id":"http:\/\/e-ciftlik.com\/haberler\/gundem\/grand-kartal-otelde-78-kisi-hayatini-kaybetti\/"},"author":{"name":"Haber Merkezi","@id":"https:\/\/e-ciftlik.com\/haberler\/#\/schema\/person\/d2f4fee3143d7f72be82cb887d51b00a"},"headline":"Grand Kartal Otel&#8217;de 78 Ki\u015fi Hayat\u0131n\u0131 Kaybetti","datePublished":"2025-01-27T14:40:40+00:00","mainEntityOfPage":{"@id":"http:\/\/e-ciftlik.com\/haberler\/gundem\/grand-kartal-otelde-78-kisi-hayatini-kaybetti\/"},"wordCount":280,"commentCount":0,"publisher":{"@id":"https:\/\/e-ciftlik.com\/haberler\/#organization"},"image":{"@id":"http:\/\/e-ciftlik.com\/haberler\/gundem\/grand-kartal-otelde-78-kisi-hayatini-kaybetti\/#primaryimage"},"thumbnailUrl":"http:\/\/e-ciftlik.com\/haberler\/wp-content\/uploads\/2025\/01\/grand-kartal-otelin-sahibi-halit-ergulun-ifadesi-ortaya-cikti-herkesi-sucladi-kendini-akladi-1737875.webp","articleSection":["G\u00fcndem"],"inLanguage":"tr","potentialAction":[{"@type":"CommentAction","name":"Comment","target":["http:\/\/e-ciftlik.com\/haberler\/gundem\/grand-kartal-otelde-78-kisi-hayatini-kaybetti\/#respond"]}]},{"@type":"WebPage","@id":"http:\/\/e-ciftlik.com\/haberler\/gundem\/grand-kartal-otelde-78-kisi-hayatini-kaybetti\/","url":"http:\/\/e-ciftlik.com\/haberler\/gundem\/grand-kartal-otelde-78-kisi-hayatini-kaybetti\/","name":"Grand Kartal Otel'de 78 Ki\u015fi Hayat\u0131n\u0131 Kaybetti - E-&Ccedil;\u0130FTL\u0130K HABER","isPartOf":{"@id":"https:\/\/e-ciftlik.com\/haberler\/#website"},"primaryImageOfPage":{"@id":"http:\/\/e-ciftlik.com\/haberler\/gundem\/grand-kartal-otelde-78-kisi-hayatini-kaybetti\/#primaryimage"},"image":{"@id":"http:\/\/e-ciftlik.com\/haberler\/gundem\/grand-kartal-otelde-78-kisi-hayatini-kaybetti\/#primaryimage"},"thumbnailUrl":"http:\/\/e-ciftlik.com\/haberler\/wp-content\/uploads\/2025\/01\/grand-kartal-otelin-sahibi-halit-ergulun-ifadesi-ortaya-cikti-herkesi-sucladi-kendini-akladi-1737875.webp","datePublished":"2025-01-27T14:40:40+00:00","description":"Grand Kartal Otel'de 78 ki\u015fi hayat\u0131n\u0131 kaybetti G\u00dcVENL\u0130K\u00c7\u0130LER: \u00d6zel \u00d6z K\u00f6ro\u011flu G\u00fcvenlik \u015firketi ile 5-6 y\u0131l \u00f6nce denetim i\u00e7in anla\u015fma yap\u0131ld\u0131. Bu \u015firket","breadcrumb":{"@id":"http:\/\/e-ciftlik.com\/haberler\/gundem\/grand-kartal-otelde-78-kisi-hayatini-kaybetti\/#breadcrumb"},"inLanguage":"tr","potentialAction":[{"@type":"ReadAction","target":["http:\/\/e-ciftlik.com\/haberler\/gundem\/grand-kartal-otelde-78-kisi-hayatini-kaybetti\/"]}]},{"@type":"ImageObject","inLanguage":"tr","@id":"http:\/\/e-ciftlik.com\/haberler\/gundem\/grand-kartal-otelde-78-kisi-hayatini-kaybetti\/#primaryimage","url":"http:\/\/e-ciftlik.com\/haberler\/wp-content\/uploads\/2025\/01\/grand-kartal-otelin-sahibi-halit-ergulun-ifadesi-ortaya-cikti-herkesi-sucladi-kendini-akladi-1737875.webp","contentUrl":"http:\/\/e-ciftlik.com\/haberler\/wp-content\/uploads\/2025\/01\/grand-kartal-otelin-sahibi-halit-ergulun-ifadesi-ortaya-cikti-herkesi-sucladi-kendini-akladi-1737875.webp","width":1200,"height":675},{"@type":"BreadcrumbList","@id":"http:\/\/e-ciftlik.com\/haberler\/gundem\/grand-kartal-otelde-78-kisi-hayatini-kaybetti\/#breadcrumb","itemListElement":[{"@type":"ListItem","position":1,"name":"Anasayfa","item":"https:\/\/e-ciftlik.com\/haberler\/"},{"@type":"ListItem","position":2,"name":"Grand Kartal Otel&#8217;de 78 Ki\u015fi Hayat\u0131n\u0131 Kaybetti"}]},{"@type":"WebSite","@id":"https:\/\/e-ciftlik.com\/haberler\/#website","url":"https:\/\/e-ciftlik.com\/haberler\/","name":"E-\u00c7iftlik Haber | G\u00fcncel, Son Dakika Haberler, En Son Haber","description":"","publisher":{"@id":"https:\/\/e-ciftlik.com\/haberler\/#organization"},"potentialAction":[{"@type":"SearchAction","target":{"@type":"EntryPoint","urlTemplate":"https:\/\/e-ciftlik.com\/haberler\/?s={search_term_string}"},"query-input":{"@type":"PropertyValueSpecification","valueRequired":true,"valueName":"search_term_string"}}],"inLanguage":"tr"},{"@type":"Organization","@id":"https:\/\/e-ciftlik.com\/haberler\/#organization","name":"E-\u00c7\u0130FTL\u0130K HABER","url":"https:\/\/e-ciftlik.com\/haberler\/","logo":{"@type":"ImageObject","inLanguage":"tr","@id":"https:\/\/e-ciftlik.com\/haberler\/#\/schema\/logo\/image\/","url":"http:\/\/e-ciftlik.com\/haberler\/wp-content\/uploads\/2024\/06\/cropped-cropped-favicon-1-2.png","contentUrl":"http:\/\/e-ciftlik.com\/haberler\/wp-content\/uploads\/2024\/06\/cropped-cropped-favicon-1-2.png","width":512,"height":512,"caption":"E-\u00c7\u0130FTL\u0130K HABER"},"image":{"@id":"https:\/\/e-ciftlik.com\/haberler\/#\/schema\/logo\/image\/"},"sameAs":["https:\/\/www.facebook.com\/eciftlikturkiye","https:\/\/x.com\/eciftlikresmi","https:\/\/www.instagram.com\/eciftlikresmi\/"]},{"@type":"Person","@id":"https:\/\/e-ciftlik.com\/haberler\/#\/schema\/person\/d2f4fee3143d7f72be82cb887d51b00a","name":"Haber Merkezi","image":{"@type":"ImageObject","inLanguage":"tr","@id":"https:\/\/secure.gravatar.com\/avatar\/6c27d641914e66c1d0452c92716002398782818991d86db1c2cccb531e7c7c82?s=96&d=mm&r=g","url":"https:\/\/secure.gravatar.com\/avatar\/6c27d641914e66c1d0452c92716002398782818991d86db1c2cccb531e7c7c82?s=96&d=mm&r=g","contentUrl":"https:\/\/secure.gravatar.com\/avatar\/6c27d641914e66c1d0452c92716002398782818991d86db1c2cccb531e7c7c82?s=96&d=mm&r=g","caption":"Haber Merkezi"},"sameAs":["http:\/\/e-ciftlik.com\/haberler"]}]}},"_links":{"self":[{"href":"http:\/\/e-ciftlik.com\/haberler\/wp-json\/wp\/v2\/posts\/74587","targetHints":{"allow":["GET"]}}],"collection":[{"href":"http:\/\/e-ciftlik.com\/haberler\/wp-json\/wp\/v2\/posts"}],"about":[{"href":"http:\/\/e-ciftlik.com\/haberler\/wp-json\/wp\/v2\/types\/post"}],"author":[{"embeddable":true,"href":"http:\/\/e-ciftlik.com\/haberler\/wp-json\/wp\/v2\/users\/1"}],"replies":[{"embeddable":true,"href":"http:\/\/e-ciftlik.com\/haberler\/wp-json\/wp\/v2\/comments?post=74587"}],"version-history":[{"count":0,"href":"http:\/\/e-ciftlik.com\/haberler\/wp-json\/wp\/v2\/posts\/74587\/revisions"}],"wp:featuredmedia":[{"embeddable":true,"href":"http:\/\/e-ciftlik.com\/haberler\/wp-json\/wp\/v2\/media\/74588"}],"wp:attachment":[{"href":"http:\/\/e-ciftlik.com\/haberler\/wp-json\/wp\/v2\/media?parent=74587"}],"wp:term":[{"taxonomy":"category","embeddable":true,"href":"http:\/\/e-ciftlik.com\/haberler\/wp-json\/wp\/v2\/categories?post=74587"},{"taxonomy":"post_tag","embeddable":true,"href":"http:\/\/e-ciftlik.com\/haberler\/wp-json\/wp\/v2\/tags?post=74587"}],"curies":[{"name":"wp","href":"https:\/\/api.w.org\/{rel}","templated":true}]}}