{"id":7459,"date":"2024-06-27T14:57:37","date_gmt":"2024-06-27T14:57:37","guid":{"rendered":"https:\/\/e-ciftlik.com\/haberler\/gundem\/cumhurbaskani-erdogan-estonya-cumhurbaskani-ile-basin-toplantisinda\/"},"modified":"2024-06-27T14:57:37","modified_gmt":"2024-06-27T14:57:37","slug":"cumhurbaskani-erdogan-estonya-cumhurbaskani-ile-basin-toplantisinda","status":"publish","type":"post","link":"http:\/\/e-ciftlik.com\/haberler\/gundem\/cumhurbaskani-erdogan-estonya-cumhurbaskani-ile-basin-toplantisinda\/","title":{"rendered":"Cumhurba\u015fkan\u0131 Erdo\u011fan Estonya Cumhurba\u015fkan\u0131 ile bas\u0131n toplant\u0131s\u0131nda!"},"content":{"rendered":"<p>T\u00fcrkiye Cumhurba\u015fkan\u0131 Recep Tayyip Erdo\u011fan, Estonya Cumhurba\u015fkan\u0131 Alar Karis ile birlikte d\u00fczenledikleri Ortak Bas\u0131n Toplant\u0131s\u0131&#8217;nda \u00f6nemli a\u00e7\u0131klamalarda bulundu. Toplant\u0131da, iki \u00fclke aras\u0131ndaki ili\u015fkilerin geli\u015ftirilmesi, g\u00fcncel uluslararas\u0131 konular ve b\u00f6lgesel meseleler ele al\u0131nd\u0131.<\/p>\n<p>Erdo\u011fan, Estonya&#8217;n\u0131n NATO&#8217;nun bir \u00fcyesi olarak g\u00fcvenlik ve savunma alan\u0131ndaki katk\u0131lar\u0131ndan \u00f6vg\u00fcyle bahsederek, i\u015fbirli\u011finin daha da g\u00fc\u00e7lendirilmesi gerekti\u011fini vurgulad\u0131. Karis ise T\u00fcrkiye ile olan ili\u015fkilerin her ge\u00e7en g\u00fcn daha da g\u00fc\u00e7lendi\u011fini ve ortak projelerin hayata ge\u00e7irilmesinin \u00f6nemine de\u011findi.<\/p>\n<p>Toplant\u0131da, ikili ekonomik i\u015fbirli\u011finin art\u0131r\u0131lmas\u0131, ticaret hacminin geni\u015fletilmesi ve yat\u0131r\u0131mlar\u0131n te\u015fvik edilmesi konular\u0131 da ele al\u0131nd\u0131. Ayr\u0131ca, e\u011fitim, k\u00fclt\u00fcr ve turizm alanlar\u0131nda da i\u015fbirli\u011finin art\u0131r\u0131lmas\u0131 konusunda mutab\u0131k kal\u0131nd\u0131.<\/p>\n<p>Ba\u015fkan Erdo\u011fan ve Cumhurba\u015fkan\u0131 Karis, Ortak Bas\u0131n Toplant\u0131s\u0131&#8217;n\u0131n sonunda gazetecilerin sorular\u0131n\u0131 da yan\u0131tlad\u0131lar. Her iki lider de, T\u00fcrkiye-Estonya ili\u015fkilerinin dostane ve i\u015fbirlik\u00e7i bir \u015fekilde devam edece\u011fine dair kararl\u0131l\u0131klar\u0131n\u0131 dile getirdiler.<\/p>\n<p>\u0130ki \u00fclke lideri, Ortak Bas\u0131n Toplant\u0131s\u0131&#8217;n\u0131n ard\u0131ndan ikili g\u00f6r\u00fc\u015fmelerine devam edeceklerini ve ortak projelerin hayata ge\u00e7irilmesi konusunda \u00e7al\u0131\u015fmalar\u0131na devam edeceklerini belirttiler. S\u00f6z konusu bulu\u015fma, Ankara&#8217;da ger\u00e7ekle\u015fti ve uluslararas\u0131 ili\u015fkilerde yeni bir sayfa a\u00e7\u0131lmas\u0131na vesile oldu.<\/p>\n","protected":false},"excerpt":{"rendered":"<p>T\u00fcrkiye Cumhurba\u015fkan\u0131 Recep Tayyip Erdo\u011fan, Estonya Cumhurba\u015fkan\u0131 Alar Karis ile birlikte d\u00fczenledikleri Ortak Bas\u0131n Toplant\u0131s\u0131&#8217;nda&hellip;<\/p>\n","protected":false},"author":1,"featured_media":7460,"comment_status":"open","ping_status":"open","sticky":false,"template":"","format":"standard","meta":{"footnotes":""},"categories":[10],"tags":[],"class_list":["post-7459","post","type-post","status-publish","format-standard","has-post-thumbnail","hentry","category-gundem"],"yoast_head":"<!-- This site is optimized with the Yoast SEO Premium plugin v24.3 (Yoast SEO v27.4) - https:\/\/yoast.com\/product\/yoast-seo-premium-wordpress\/ -->\n<title>Cumhurba\u015fkan\u0131 Erdo\u011fan Estonya Cumhurba\u015fkan\u0131 ile bas\u0131n toplant\u0131s\u0131nda! - E-&Ccedil;\u0130FTL\u0130K HABER<\/title>\n<meta name=\"description\" content=\"T\u00fcrkiye Cumhurba\u015fkan\u0131 Recep Tayyip Erdo\u011fan, Estonya Cumhurba\u015fkan\u0131 Alar Karis ile birlikte d\u00fczenledikleri Ortak Bas\u0131n Toplant\u0131s\u0131&#039;nda \u00f6nemli a\u00e7\u0131klamalarda\" \/>\n<meta name=\"robots\" content=\"index, follow, max-snippet:-1, max-image-preview:large, max-video-preview:-1\" \/>\n<link rel=\"canonical\" href=\"http:\/\/e-ciftlik.com\/haberler\/gundem\/cumhurbaskani-erdogan-estonya-cumhurbaskani-ile-basin-toplantisinda\/\" \/>\n<meta property=\"og:locale\" content=\"tr_TR\" \/>\n<meta property=\"og:type\" content=\"article\" \/>\n<meta property=\"og:title\" content=\"Cumhurba\u015fkan\u0131 Erdo\u011fan Estonya Cumhurba\u015fkan\u0131 ile bas\u0131n toplant\u0131s\u0131nda!\" \/>\n<meta property=\"og:description\" content=\"T\u00fcrkiye Cumhurba\u015fkan\u0131 Recep Tayyip Erdo\u011fan, Estonya Cumhurba\u015fkan\u0131 Alar Karis ile birlikte d\u00fczenledikleri Ortak Bas\u0131n Toplant\u0131s\u0131&#039;nda \u00f6nemli a\u00e7\u0131klamalarda\" \/>\n<meta property=\"og:url\" content=\"http:\/\/e-ciftlik.com\/haberler\/gundem\/cumhurbaskani-erdogan-estonya-cumhurbaskani-ile-basin-toplantisinda\/\" \/>\n<meta property=\"og:site_name\" content=\"E-&Ccedil;\u0130FTL\u0130K HABER\" \/>\n<meta property=\"article:publisher\" content=\"https:\/\/www.facebook.com\/eciftlikturkiye\" \/>\n<meta property=\"article:published_time\" content=\"2024-06-27T14:57:37+00:00\" \/>\n<meta property=\"og:image\" content=\"http:\/\/e-ciftlik.com\/haberler\/wp-content\/uploads\/2024\/06\/baskan-erdogan-estonya-cumhurbaskani-ile-ortak-basin-toplantisinda-konusuyor-1719499150014.jpg\" \/>\n\t<meta property=\"og:image:width\" content=\"1200\" \/>\n\t<meta property=\"og:image:height\" content=\"675\" \/>\n\t<meta property=\"og:image:type\" content=\"image\/jpeg\" \/>\n<meta name=\"author\" content=\"Haber Merkezi\" \/>\n<meta name=\"twitter:card\" content=\"summary_large_image\" \/>\n<meta name=\"twitter:creator\" content=\"@eciftlikresmi\" \/>\n<meta name=\"twitter:site\" content=\"@eciftlikresmi\" \/>\n<meta name=\"twitter:label1\" content=\"Yazan:\" \/>\n\t<meta name=\"twitter:data1\" content=\"Haber Merkezi\" \/>\n\t<meta name=\"twitter:label2\" content=\"Tahmini okuma s\u00fcresi\" \/>\n\t<meta name=\"twitter:data2\" content=\"1 dakika\" \/>\n<script type=\"application\/ld+json\" class=\"yoast-schema-graph\">{\"@context\":\"https:\\\/\\\/schema.org\",\"@graph\":[{\"@type\":\"NewsArticle\",\"@id\":\"http:\\\/\\\/e-ciftlik.com\\\/haberler\\\/gundem\\\/cumhurbaskani-erdogan-estonya-cumhurbaskani-ile-basin-toplantisinda\\\/#article\",\"isPartOf\":{\"@id\":\"http:\\\/\\\/e-ciftlik.com\\\/haberler\\\/gundem\\\/cumhurbaskani-erdogan-estonya-cumhurbaskani-ile-basin-toplantisinda\\\/\"},\"author\":{\"name\":\"Haber Merkezi\",\"@id\":\"https:\\\/\\\/e-ciftlik.com\\\/haberler\\\/#\\\/schema\\\/person\\\/d2f4fee3143d7f72be82cb887d51b00a\"},\"headline\":\"Cumhurba\u015fkan\u0131 Erdo\u011fan Estonya Cumhurba\u015fkan\u0131 ile bas\u0131n toplant\u0131s\u0131nda!\",\"datePublished\":\"2024-06-27T14:57:37+00:00\",\"mainEntityOfPage\":{\"@id\":\"http:\\\/\\\/e-ciftlik.com\\\/haberler\\\/gundem\\\/cumhurbaskani-erdogan-estonya-cumhurbaskani-ile-basin-toplantisinda\\\/\"},\"wordCount\":271,\"commentCount\":0,\"publisher\":{\"@id\":\"https:\\\/\\\/e-ciftlik.com\\\/haberler\\\/#organization\"},\"image\":{\"@id\":\"http:\\\/\\\/e-ciftlik.com\\\/haberler\\\/gundem\\\/cumhurbaskani-erdogan-estonya-cumhurbaskani-ile-basin-toplantisinda\\\/#primaryimage\"},\"thumbnailUrl\":\"http:\\\/\\\/e-ciftlik.com\\\/haberler\\\/wp-content\\\/uploads\\\/2024\\\/06\\\/baskan-erdogan-estonya-cumhurbaskani-ile-ortak-basin-toplantisinda-konusuyor-1719499150014.jpg\",\"articleSection\":[\"G\u00fcndem\"],\"inLanguage\":\"tr\",\"potentialAction\":[{\"@type\":\"CommentAction\",\"name\":\"Comment\",\"target\":[\"http:\\\/\\\/e-ciftlik.com\\\/haberler\\\/gundem\\\/cumhurbaskani-erdogan-estonya-cumhurbaskani-ile-basin-toplantisinda\\\/#respond\"]}]},{\"@type\":\"WebPage\",\"@id\":\"http:\\\/\\\/e-ciftlik.com\\\/haberler\\\/gundem\\\/cumhurbaskani-erdogan-estonya-cumhurbaskani-ile-basin-toplantisinda\\\/\",\"url\":\"http:\\\/\\\/e-ciftlik.com\\\/haberler\\\/gundem\\\/cumhurbaskani-erdogan-estonya-cumhurbaskani-ile-basin-toplantisinda\\\/\",\"name\":\"Cumhurba\u015fkan\u0131 Erdo\u011fan Estonya Cumhurba\u015fkan\u0131 ile bas\u0131n toplant\u0131s\u0131nda! - E-&Ccedil;\u0130FTL\u0130K HABER\",\"isPartOf\":{\"@id\":\"https:\\\/\\\/e-ciftlik.com\\\/haberler\\\/#website\"},\"primaryImageOfPage\":{\"@id\":\"http:\\\/\\\/e-ciftlik.com\\\/haberler\\\/gundem\\\/cumhurbaskani-erdogan-estonya-cumhurbaskani-ile-basin-toplantisinda\\\/#primaryimage\"},\"image\":{\"@id\":\"http:\\\/\\\/e-ciftlik.com\\\/haberler\\\/gundem\\\/cumhurbaskani-erdogan-estonya-cumhurbaskani-ile-basin-toplantisinda\\\/#primaryimage\"},\"thumbnailUrl\":\"http:\\\/\\\/e-ciftlik.com\\\/haberler\\\/wp-content\\\/uploads\\\/2024\\\/06\\\/baskan-erdogan-estonya-cumhurbaskani-ile-ortak-basin-toplantisinda-konusuyor-1719499150014.jpg\",\"datePublished\":\"2024-06-27T14:57:37+00:00\",\"description\":\"T\u00fcrkiye Cumhurba\u015fkan\u0131 Recep Tayyip Erdo\u011fan, Estonya Cumhurba\u015fkan\u0131 Alar Karis ile birlikte d\u00fczenledikleri Ortak Bas\u0131n Toplant\u0131s\u0131'nda \u00f6nemli a\u00e7\u0131klamalarda\",\"breadcrumb\":{\"@id\":\"http:\\\/\\\/e-ciftlik.com\\\/haberler\\\/gundem\\\/cumhurbaskani-erdogan-estonya-cumhurbaskani-ile-basin-toplantisinda\\\/#breadcrumb\"},\"inLanguage\":\"tr\",\"potentialAction\":[{\"@type\":\"ReadAction\",\"target\":[\"http:\\\/\\\/e-ciftlik.com\\\/haberler\\\/gundem\\\/cumhurbaskani-erdogan-estonya-cumhurbaskani-ile-basin-toplantisinda\\\/\"]}]},{\"@type\":\"ImageObject\",\"inLanguage\":\"tr\",\"@id\":\"http:\\\/\\\/e-ciftlik.com\\\/haberler\\\/gundem\\\/cumhurbaskani-erdogan-estonya-cumhurbaskani-ile-basin-toplantisinda\\\/#primaryimage\",\"url\":\"http:\\\/\\\/e-ciftlik.com\\\/haberler\\\/wp-content\\\/uploads\\\/2024\\\/06\\\/baskan-erdogan-estonya-cumhurbaskani-ile-ortak-basin-toplantisinda-konusuyor-1719499150014.jpg\",\"contentUrl\":\"http:\\\/\\\/e-ciftlik.com\\\/haberler\\\/wp-content\\\/uploads\\\/2024\\\/06\\\/baskan-erdogan-estonya-cumhurbaskani-ile-ortak-basin-toplantisinda-konusuyor-1719499150014.jpg\",\"width\":1200,\"height\":675},{\"@type\":\"BreadcrumbList\",\"@id\":\"http:\\\/\\\/e-ciftlik.com\\\/haberler\\\/gundem\\\/cumhurbaskani-erdogan-estonya-cumhurbaskani-ile-basin-toplantisinda\\\/#breadcrumb\",\"itemListElement\":[{\"@type\":\"ListItem\",\"position\":1,\"name\":\"Anasayfa\",\"item\":\"https:\\\/\\\/e-ciftlik.com\\\/haberler\\\/\"},{\"@type\":\"ListItem\",\"position\":2,\"name\":\"Cumhurba\u015fkan\u0131 Erdo\u011fan Estonya Cumhurba\u015fkan\u0131 ile bas\u0131n toplant\u0131s\u0131nda!\"}]},{\"@type\":\"WebSite\",\"@id\":\"https:\\\/\\\/e-ciftlik.com\\\/haberler\\\/#website\",\"url\":\"https:\\\/\\\/e-ciftlik.com\\\/haberler\\\/\",\"name\":\"E-\u00c7iftlik Haber | G\u00fcncel, Son Dakika Haberler, En Son Haber\",\"description\":\"\",\"publisher\":{\"@id\":\"https:\\\/\\\/e-ciftlik.com\\\/haberler\\\/#organization\"},\"potentialAction\":[{\"@type\":\"SearchAction\",\"target\":{\"@type\":\"EntryPoint\",\"urlTemplate\":\"https:\\\/\\\/e-ciftlik.com\\\/haberler\\\/?s={search_term_string}\"},\"query-input\":{\"@type\":\"PropertyValueSpecification\",\"valueRequired\":true,\"valueName\":\"search_term_string\"}}],\"inLanguage\":\"tr\"},{\"@type\":\"Organization\",\"@id\":\"https:\\\/\\\/e-ciftlik.com\\\/haberler\\\/#organization\",\"name\":\"E-\u00c7\u0130FTL\u0130K HABER\",\"url\":\"https:\\\/\\\/e-ciftlik.com\\\/haberler\\\/\",\"logo\":{\"@type\":\"ImageObject\",\"inLanguage\":\"tr\",\"@id\":\"https:\\\/\\\/e-ciftlik.com\\\/haberler\\\/#\\\/schema\\\/logo\\\/image\\\/\",\"url\":\"http:\\\/\\\/e-ciftlik.com\\\/haberler\\\/wp-content\\\/uploads\\\/2024\\\/06\\\/cropped-cropped-favicon-1-2.png\",\"contentUrl\":\"http:\\\/\\\/e-ciftlik.com\\\/haberler\\\/wp-content\\\/uploads\\\/2024\\\/06\\\/cropped-cropped-favicon-1-2.png\",\"width\":512,\"height\":512,\"caption\":\"E-\u00c7\u0130FTL\u0130K HABER\"},\"image\":{\"@id\":\"https:\\\/\\\/e-ciftlik.com\\\/haberler\\\/#\\\/schema\\\/logo\\\/image\\\/\"},\"sameAs\":[\"https:\\\/\\\/www.facebook.com\\\/eciftlikturkiye\",\"https:\\\/\\\/x.com\\\/eciftlikresmi\",\"https:\\\/\\\/www.instagram.com\\\/eciftlikresmi\\\/\"]},{\"@type\":\"Person\",\"@id\":\"https:\\\/\\\/e-ciftlik.com\\\/haberler\\\/#\\\/schema\\\/person\\\/d2f4fee3143d7f72be82cb887d51b00a\",\"name\":\"Haber Merkezi\",\"image\":{\"@type\":\"ImageObject\",\"inLanguage\":\"tr\",\"@id\":\"https:\\\/\\\/secure.gravatar.com\\\/avatar\\\/6c27d641914e66c1d0452c92716002398782818991d86db1c2cccb531e7c7c82?s=96&d=mm&r=g\",\"url\":\"https:\\\/\\\/secure.gravatar.com\\\/avatar\\\/6c27d641914e66c1d0452c92716002398782818991d86db1c2cccb531e7c7c82?s=96&d=mm&r=g\",\"contentUrl\":\"https:\\\/\\\/secure.gravatar.com\\\/avatar\\\/6c27d641914e66c1d0452c92716002398782818991d86db1c2cccb531e7c7c82?s=96&d=mm&r=g\",\"caption\":\"Haber Merkezi\"},\"sameAs\":[\"http:\\\/\\\/e-ciftlik.com\\\/haberler\"]}]}<\/script>\n<!-- \/ Yoast SEO Premium plugin. -->","yoast_head_json":{"title":"Cumhurba\u015fkan\u0131 Erdo\u011fan Estonya Cumhurba\u015fkan\u0131 ile bas\u0131n toplant\u0131s\u0131nda! - E-&Ccedil;\u0130FTL\u0130K HABER","description":"T\u00fcrkiye Cumhurba\u015fkan\u0131 Recep Tayyip Erdo\u011fan, Estonya Cumhurba\u015fkan\u0131 Alar Karis ile birlikte d\u00fczenledikleri Ortak Bas\u0131n Toplant\u0131s\u0131'nda \u00f6nemli a\u00e7\u0131klamalarda","robots":{"index":"index","follow":"follow","max-snippet":"max-snippet:-1","max-image-preview":"max-image-preview:large","max-video-preview":"max-video-preview:-1"},"canonical":"http:\/\/e-ciftlik.com\/haberler\/gundem\/cumhurbaskani-erdogan-estonya-cumhurbaskani-ile-basin-toplantisinda\/","og_locale":"tr_TR","og_type":"article","og_title":"Cumhurba\u015fkan\u0131 Erdo\u011fan Estonya Cumhurba\u015fkan\u0131 ile bas\u0131n toplant\u0131s\u0131nda!","og_description":"T\u00fcrkiye Cumhurba\u015fkan\u0131 Recep Tayyip Erdo\u011fan, Estonya Cumhurba\u015fkan\u0131 Alar Karis ile birlikte d\u00fczenledikleri Ortak Bas\u0131n Toplant\u0131s\u0131'nda \u00f6nemli a\u00e7\u0131klamalarda","og_url":"http:\/\/e-ciftlik.com\/haberler\/gundem\/cumhurbaskani-erdogan-estonya-cumhurbaskani-ile-basin-toplantisinda\/","og_site_name":"E-&Ccedil;\u0130FTL\u0130K HABER","article_publisher":"https:\/\/www.facebook.com\/eciftlikturkiye","article_published_time":"2024-06-27T14:57:37+00:00","og_image":[{"width":1200,"height":675,"url":"http:\/\/e-ciftlik.com\/haberler\/wp-content\/uploads\/2024\/06\/baskan-erdogan-estonya-cumhurbaskani-ile-ortak-basin-toplantisinda-konusuyor-1719499150014.jpg","type":"image\/jpeg"}],"author":"Haber Merkezi","twitter_card":"summary_large_image","twitter_creator":"@eciftlikresmi","twitter_site":"@eciftlikresmi","twitter_misc":{"Yazan:":"Haber Merkezi","Tahmini okuma s\u00fcresi":"1 dakika"},"schema":{"@context":"https:\/\/schema.org","@graph":[{"@type":"NewsArticle","@id":"http:\/\/e-ciftlik.com\/haberler\/gundem\/cumhurbaskani-erdogan-estonya-cumhurbaskani-ile-basin-toplantisinda\/#article","isPartOf":{"@id":"http:\/\/e-ciftlik.com\/haberler\/gundem\/cumhurbaskani-erdogan-estonya-cumhurbaskani-ile-basin-toplantisinda\/"},"author":{"name":"Haber Merkezi","@id":"https:\/\/e-ciftlik.com\/haberler\/#\/schema\/person\/d2f4fee3143d7f72be82cb887d51b00a"},"headline":"Cumhurba\u015fkan\u0131 Erdo\u011fan Estonya Cumhurba\u015fkan\u0131 ile bas\u0131n toplant\u0131s\u0131nda!","datePublished":"2024-06-27T14:57:37+00:00","mainEntityOfPage":{"@id":"http:\/\/e-ciftlik.com\/haberler\/gundem\/cumhurbaskani-erdogan-estonya-cumhurbaskani-ile-basin-toplantisinda\/"},"wordCount":271,"commentCount":0,"publisher":{"@id":"https:\/\/e-ciftlik.com\/haberler\/#organization"},"image":{"@id":"http:\/\/e-ciftlik.com\/haberler\/gundem\/cumhurbaskani-erdogan-estonya-cumhurbaskani-ile-basin-toplantisinda\/#primaryimage"},"thumbnailUrl":"http:\/\/e-ciftlik.com\/haberler\/wp-content\/uploads\/2024\/06\/baskan-erdogan-estonya-cumhurbaskani-ile-ortak-basin-toplantisinda-konusuyor-1719499150014.jpg","articleSection":["G\u00fcndem"],"inLanguage":"tr","potentialAction":[{"@type":"CommentAction","name":"Comment","target":["http:\/\/e-ciftlik.com\/haberler\/gundem\/cumhurbaskani-erdogan-estonya-cumhurbaskani-ile-basin-toplantisinda\/#respond"]}]},{"@type":"WebPage","@id":"http:\/\/e-ciftlik.com\/haberler\/gundem\/cumhurbaskani-erdogan-estonya-cumhurbaskani-ile-basin-toplantisinda\/","url":"http:\/\/e-ciftlik.com\/haberler\/gundem\/cumhurbaskani-erdogan-estonya-cumhurbaskani-ile-basin-toplantisinda\/","name":"Cumhurba\u015fkan\u0131 Erdo\u011fan Estonya Cumhurba\u015fkan\u0131 ile bas\u0131n toplant\u0131s\u0131nda! - E-&Ccedil;\u0130FTL\u0130K HABER","isPartOf":{"@id":"https:\/\/e-ciftlik.com\/haberler\/#website"},"primaryImageOfPage":{"@id":"http:\/\/e-ciftlik.com\/haberler\/gundem\/cumhurbaskani-erdogan-estonya-cumhurbaskani-ile-basin-toplantisinda\/#primaryimage"},"image":{"@id":"http:\/\/e-ciftlik.com\/haberler\/gundem\/cumhurbaskani-erdogan-estonya-cumhurbaskani-ile-basin-toplantisinda\/#primaryimage"},"thumbnailUrl":"http:\/\/e-ciftlik.com\/haberler\/wp-content\/uploads\/2024\/06\/baskan-erdogan-estonya-cumhurbaskani-ile-ortak-basin-toplantisinda-konusuyor-1719499150014.jpg","datePublished":"2024-06-27T14:57:37+00:00","description":"T\u00fcrkiye Cumhurba\u015fkan\u0131 Recep Tayyip Erdo\u011fan, Estonya Cumhurba\u015fkan\u0131 Alar Karis ile birlikte d\u00fczenledikleri Ortak Bas\u0131n Toplant\u0131s\u0131'nda \u00f6nemli a\u00e7\u0131klamalarda","breadcrumb":{"@id":"http:\/\/e-ciftlik.com\/haberler\/gundem\/cumhurbaskani-erdogan-estonya-cumhurbaskani-ile-basin-toplantisinda\/#breadcrumb"},"inLanguage":"tr","potentialAction":[{"@type":"ReadAction","target":["http:\/\/e-ciftlik.com\/haberler\/gundem\/cumhurbaskani-erdogan-estonya-cumhurbaskani-ile-basin-toplantisinda\/"]}]},{"@type":"ImageObject","inLanguage":"tr","@id":"http:\/\/e-ciftlik.com\/haberler\/gundem\/cumhurbaskani-erdogan-estonya-cumhurbaskani-ile-basin-toplantisinda\/#primaryimage","url":"http:\/\/e-ciftlik.com\/haberler\/wp-content\/uploads\/2024\/06\/baskan-erdogan-estonya-cumhurbaskani-ile-ortak-basin-toplantisinda-konusuyor-1719499150014.jpg","contentUrl":"http:\/\/e-ciftlik.com\/haberler\/wp-content\/uploads\/2024\/06\/baskan-erdogan-estonya-cumhurbaskani-ile-ortak-basin-toplantisinda-konusuyor-1719499150014.jpg","width":1200,"height":675},{"@type":"BreadcrumbList","@id":"http:\/\/e-ciftlik.com\/haberler\/gundem\/cumhurbaskani-erdogan-estonya-cumhurbaskani-ile-basin-toplantisinda\/#breadcrumb","itemListElement":[{"@type":"ListItem","position":1,"name":"Anasayfa","item":"https:\/\/e-ciftlik.com\/haberler\/"},{"@type":"ListItem","position":2,"name":"Cumhurba\u015fkan\u0131 Erdo\u011fan Estonya Cumhurba\u015fkan\u0131 ile bas\u0131n toplant\u0131s\u0131nda!"}]},{"@type":"WebSite","@id":"https:\/\/e-ciftlik.com\/haberler\/#website","url":"https:\/\/e-ciftlik.com\/haberler\/","name":"E-\u00c7iftlik Haber | G\u00fcncel, Son Dakika Haberler, En Son Haber","description":"","publisher":{"@id":"https:\/\/e-ciftlik.com\/haberler\/#organization"},"potentialAction":[{"@type":"SearchAction","target":{"@type":"EntryPoint","urlTemplate":"https:\/\/e-ciftlik.com\/haberler\/?s={search_term_string}"},"query-input":{"@type":"PropertyValueSpecification","valueRequired":true,"valueName":"search_term_string"}}],"inLanguage":"tr"},{"@type":"Organization","@id":"https:\/\/e-ciftlik.com\/haberler\/#organization","name":"E-\u00c7\u0130FTL\u0130K HABER","url":"https:\/\/e-ciftlik.com\/haberler\/","logo":{"@type":"ImageObject","inLanguage":"tr","@id":"https:\/\/e-ciftlik.com\/haberler\/#\/schema\/logo\/image\/","url":"http:\/\/e-ciftlik.com\/haberler\/wp-content\/uploads\/2024\/06\/cropped-cropped-favicon-1-2.png","contentUrl":"http:\/\/e-ciftlik.com\/haberler\/wp-content\/uploads\/2024\/06\/cropped-cropped-favicon-1-2.png","width":512,"height":512,"caption":"E-\u00c7\u0130FTL\u0130K HABER"},"image":{"@id":"https:\/\/e-ciftlik.com\/haberler\/#\/schema\/logo\/image\/"},"sameAs":["https:\/\/www.facebook.com\/eciftlikturkiye","https:\/\/x.com\/eciftlikresmi","https:\/\/www.instagram.com\/eciftlikresmi\/"]},{"@type":"Person","@id":"https:\/\/e-ciftlik.com\/haberler\/#\/schema\/person\/d2f4fee3143d7f72be82cb887d51b00a","name":"Haber Merkezi","image":{"@type":"ImageObject","inLanguage":"tr","@id":"https:\/\/secure.gravatar.com\/avatar\/6c27d641914e66c1d0452c92716002398782818991d86db1c2cccb531e7c7c82?s=96&d=mm&r=g","url":"https:\/\/secure.gravatar.com\/avatar\/6c27d641914e66c1d0452c92716002398782818991d86db1c2cccb531e7c7c82?s=96&d=mm&r=g","contentUrl":"https:\/\/secure.gravatar.com\/avatar\/6c27d641914e66c1d0452c92716002398782818991d86db1c2cccb531e7c7c82?s=96&d=mm&r=g","caption":"Haber Merkezi"},"sameAs":["http:\/\/e-ciftlik.com\/haberler"]}]}},"_links":{"self":[{"href":"http:\/\/e-ciftlik.com\/haberler\/wp-json\/wp\/v2\/posts\/7459","targetHints":{"allow":["GET"]}}],"collection":[{"href":"http:\/\/e-ciftlik.com\/haberler\/wp-json\/wp\/v2\/posts"}],"about":[{"href":"http:\/\/e-ciftlik.com\/haberler\/wp-json\/wp\/v2\/types\/post"}],"author":[{"embeddable":true,"href":"http:\/\/e-ciftlik.com\/haberler\/wp-json\/wp\/v2\/users\/1"}],"replies":[{"embeddable":true,"href":"http:\/\/e-ciftlik.com\/haberler\/wp-json\/wp\/v2\/comments?post=7459"}],"version-history":[{"count":0,"href":"http:\/\/e-ciftlik.com\/haberler\/wp-json\/wp\/v2\/posts\/7459\/revisions"}],"wp:featuredmedia":[{"embeddable":true,"href":"http:\/\/e-ciftlik.com\/haberler\/wp-json\/wp\/v2\/media\/7460"}],"wp:attachment":[{"href":"http:\/\/e-ciftlik.com\/haberler\/wp-json\/wp\/v2\/media?parent=7459"}],"wp:term":[{"taxonomy":"category","embeddable":true,"href":"http:\/\/e-ciftlik.com\/haberler\/wp-json\/wp\/v2\/categories?post=7459"},{"taxonomy":"post_tag","embeddable":true,"href":"http:\/\/e-ciftlik.com\/haberler\/wp-json\/wp\/v2\/tags?post=7459"}],"curies":[{"name":"wp","href":"https:\/\/api.w.org\/{rel}","templated":true}]}}