{"id":7499,"date":"2024-06-27T17:35:27","date_gmt":"2024-06-27T17:35:27","guid":{"rendered":"https:\/\/e-ciftlik.com\/haberler\/gundem\/iyi-parti-ankara-milletvekili-koray-aydin-istifa-etti\/"},"modified":"2024-06-27T17:35:27","modified_gmt":"2024-06-27T17:35:27","slug":"iyi-parti-ankara-milletvekili-koray-aydin-istifa-etti","status":"publish","type":"post","link":"http:\/\/e-ciftlik.com\/haberler\/gundem\/iyi-parti-ankara-milletvekili-koray-aydin-istifa-etti\/","title":{"rendered":"\u0130Y\u0130 Parti Ankara Milletvekili Koray Ayd\u0131n \u0130stifa Etti"},"content":{"rendered":"<p>Ankara Milletvekili Koray Ayd\u0131n, \u0130yi Parti&#8217;den istifa etti. Parti i\u00e7inde ya\u015fanan erime ve gerileme s\u00fcreci, ayr\u0131l\u0131\u011f\u0131n sebebi olarak g\u00f6sterildi. Kurucu Genel Ba\u015fkan Meral Ak\u015fener&#8217;e yap\u0131lan uyar\u0131lar\u0131n dikkate al\u0131nmad\u0131\u011f\u0131 belirtildi. \u0130l ve il\u00e7e te\u015fkilatlar\u0131n\u0131n yerel se\u00e7imlerdeki hatal\u0131 kararlar\u0131na itiraz edilmesine ra\u011fmen \u00f6tekile\u015ftirildi\u011fi ifade edildi. \u0130yi Parti, 2023 y\u0131l\u0131 ba\u015f\u0131nda 617 bin 513 \u00fcyesinin \u00fc\u00e7te birini ve 2023 genel se\u00e7imlerinde ald\u0131\u011f\u0131 oyun yar\u0131s\u0131ndan \u00e7o\u011funu, 2024 yerel se\u00e7imlerinde kaybetti. Parti i\u00e7indeki bu s\u00fcre\u00e7lerin Say\u0131n Ak\u015fener&#8217;in y\u00f6netimi alt\u0131nda ya\u015fand\u0131\u011f\u0131 vurguland\u0131.<\/p>\n<p>Kurucu Te\u015fkilat Ba\u015fkan\u0131 olan istifa eden isim, \u0130yi Parti&#8217;nin milliyet\u00e7i, demokrat ve kalk\u0131nmac\u0131 kimli\u011fiyle b\u00fct\u00fcn T\u00fcrk milletini kucaklamay\u0131 hedefledi\u011fini ancak zamanla bu hedeflerin g\u00f6z ard\u0131 edildi\u011fini belirtti. T\u00fcrk devletinin kurucu ideali olan T\u00fcrk milliyet\u00e7ili\u011finin yok say\u0131ld\u0131\u011f\u0131n\u0131 dile getirdi. Ayr\u0131ca, \u0130yi Parti&#8217;nin haks\u0131zl\u0131klara ve hukuksuzluklara kar\u015f\u0131 \u00e7\u0131kma amac\u0131yla kuruldu\u011fu ve Saray&#8217;a gitmeyi de\u011fil, hak, adalet ve medeniyet yolunu d\u00f6\u015femeyi hedefledi\u011fi ifade edildi.<\/p>\n<p>Ak\u015fener ile Cumhurba\u015fkan\u0131 aras\u0131nda Saray&#8217;daki g\u00f6r\u00fc\u015fmelerin \u015feffaf bir \u015fekilde a\u00e7\u0131klanmad\u0131\u011f\u0131 takdirde Parti&#8217;nin kurulu\u015f felsefesinin sars\u0131laca\u011f\u0131 uyar\u0131s\u0131nda bulunuldu. Parti y\u00f6netiminin uyar\u0131lar\u0131na duyars\u0131z kald\u0131\u011f\u0131 ve gereken ad\u0131mlar\u0131 atmad\u0131\u011f\u0131 belirtildi. \u0130yi Parti 5. Ola\u011fan\u00fcst\u00fc B\u00fcy\u00fck Kurultay\u0131 sonras\u0131nda ya\u015fanan istifalar\u0131n parti i\u00e7inde derlenme, toparlanma ve kucakla\u015fma beklentilerini sars\u0131c\u0131 etkisi oldu\u011fu dile getirildi. Ayr\u0131ca, yeni kat\u0131l\u0131mlar beklense de sudan sebeplere dayal\u0131 ihra\u00e7 talepleriyle kar\u015f\u0131 kar\u015f\u0131ya kal\u0131nd\u0131\u011f\u0131 vurguland\u0131.<\/p>\n","protected":false},"excerpt":{"rendered":"<p>Ankara Milletvekili Koray Ayd\u0131n, \u0130yi Parti&#8217;den istifa etti. Parti i\u00e7inde ya\u015fanan erime ve gerileme s\u00fcreci,&hellip;<\/p>\n","protected":false},"author":1,"featured_media":7500,"comment_status":"open","ping_status":"open","sticky":false,"template":"","format":"standard","meta":{"footnotes":""},"categories":[10],"tags":[],"class_list":["post-7499","post","type-post","status-publish","format-standard","has-post-thumbnail","hentry","category-gundem"],"yoast_head":"<!-- This site is optimized with the Yoast SEO Premium plugin v24.3 (Yoast SEO v27.4) - https:\/\/yoast.com\/product\/yoast-seo-premium-wordpress\/ -->\n<title>\u0130Y\u0130 Parti Ankara Milletvekili Koray Ayd\u0131n \u0130stifa Etti - E-&Ccedil;\u0130FTL\u0130K HABER<\/title>\n<meta name=\"description\" content=\"Ankara Milletvekili Koray Ayd\u0131n, \u0130yi Parti&#039;den istifa etti. Parti i\u00e7inde ya\u015fanan erime ve gerileme s\u00fcreci, ayr\u0131l\u0131\u011f\u0131n sebebi olarak g\u00f6sterildi. Kurucu\" \/>\n<meta name=\"robots\" content=\"index, follow, max-snippet:-1, max-image-preview:large, max-video-preview:-1\" \/>\n<link rel=\"canonical\" href=\"https:\/\/e-ciftlik.com\/haberler\/gundem\/iyi-parti-ankara-milletvekili-koray-aydin-istifa-etti\/\" \/>\n<meta property=\"og:locale\" content=\"tr_TR\" \/>\n<meta property=\"og:type\" content=\"article\" \/>\n<meta property=\"og:title\" content=\"\u0130Y\u0130 Parti Ankara Milletvekili Koray Ayd\u0131n \u0130stifa Etti\" \/>\n<meta property=\"og:description\" content=\"Ankara Milletvekili Koray Ayd\u0131n, \u0130yi Parti&#039;den istifa etti. Parti i\u00e7inde ya\u015fanan erime ve gerileme s\u00fcreci, ayr\u0131l\u0131\u011f\u0131n sebebi olarak g\u00f6sterildi. Kurucu\" \/>\n<meta property=\"og:url\" content=\"https:\/\/e-ciftlik.com\/haberler\/gundem\/iyi-parti-ankara-milletvekili-koray-aydin-istifa-etti\/\" \/>\n<meta property=\"og:site_name\" content=\"E-&Ccedil;\u0130FTL\u0130K HABER\" \/>\n<meta property=\"article:publisher\" content=\"https:\/\/www.facebook.com\/eciftlikturkiye\" \/>\n<meta property=\"article:published_time\" content=\"2024-06-27T17:35:27+00:00\" \/>\n<meta property=\"og:image\" content=\"https:\/\/e-ciftlik.com\/haberler\/wp-content\/uploads\/2024\/06\/son-dakika-iyi-parti-ankara-milletvekili-koray-aydin-istifa-etti-1719493674975.jpg\" \/>\n\t<meta property=\"og:image:width\" content=\"1200\" \/>\n\t<meta property=\"og:image:height\" content=\"675\" \/>\n\t<meta property=\"og:image:type\" content=\"image\/jpeg\" \/>\n<meta name=\"author\" content=\"Haber Merkezi\" \/>\n<meta name=\"twitter:card\" content=\"summary_large_image\" \/>\n<meta name=\"twitter:creator\" content=\"@eciftlikresmi\" \/>\n<meta name=\"twitter:site\" content=\"@eciftlikresmi\" \/>\n<meta name=\"twitter:label1\" content=\"Yazan:\" \/>\n\t<meta name=\"twitter:data1\" content=\"Haber Merkezi\" \/>\n\t<meta name=\"twitter:label2\" content=\"Tahmini okuma s\u00fcresi\" \/>\n\t<meta name=\"twitter:data2\" content=\"1 dakika\" \/>\n<script type=\"application\/ld+json\" class=\"yoast-schema-graph\">{\"@context\":\"https:\\\/\\\/schema.org\",\"@graph\":[{\"@type\":\"NewsArticle\",\"@id\":\"https:\\\/\\\/e-ciftlik.com\\\/haberler\\\/gundem\\\/iyi-parti-ankara-milletvekili-koray-aydin-istifa-etti\\\/#article\",\"isPartOf\":{\"@id\":\"https:\\\/\\\/e-ciftlik.com\\\/haberler\\\/gundem\\\/iyi-parti-ankara-milletvekili-koray-aydin-istifa-etti\\\/\"},\"author\":{\"name\":\"Haber Merkezi\",\"@id\":\"https:\\\/\\\/e-ciftlik.com\\\/haberler\\\/#\\\/schema\\\/person\\\/d2f4fee3143d7f72be82cb887d51b00a\"},\"headline\":\"\u0130Y\u0130 Parti Ankara Milletvekili Koray Ayd\u0131n \u0130stifa Etti\",\"datePublished\":\"2024-06-27T17:35:27+00:00\",\"mainEntityOfPage\":{\"@id\":\"https:\\\/\\\/e-ciftlik.com\\\/haberler\\\/gundem\\\/iyi-parti-ankara-milletvekili-koray-aydin-istifa-etti\\\/\"},\"wordCount\":302,\"commentCount\":0,\"publisher\":{\"@id\":\"https:\\\/\\\/e-ciftlik.com\\\/haberler\\\/#organization\"},\"image\":{\"@id\":\"https:\\\/\\\/e-ciftlik.com\\\/haberler\\\/gundem\\\/iyi-parti-ankara-milletvekili-koray-aydin-istifa-etti\\\/#primaryimage\"},\"thumbnailUrl\":\"http:\\\/\\\/e-ciftlik.com\\\/haberler\\\/wp-content\\\/uploads\\\/2024\\\/06\\\/son-dakika-iyi-parti-ankara-milletvekili-koray-aydin-istifa-etti-1719493674975.jpg\",\"articleSection\":[\"G\u00fcndem\"],\"inLanguage\":\"tr\",\"potentialAction\":[{\"@type\":\"CommentAction\",\"name\":\"Comment\",\"target\":[\"https:\\\/\\\/e-ciftlik.com\\\/haberler\\\/gundem\\\/iyi-parti-ankara-milletvekili-koray-aydin-istifa-etti\\\/#respond\"]}]},{\"@type\":\"WebPage\",\"@id\":\"https:\\\/\\\/e-ciftlik.com\\\/haberler\\\/gundem\\\/iyi-parti-ankara-milletvekili-koray-aydin-istifa-etti\\\/\",\"url\":\"https:\\\/\\\/e-ciftlik.com\\\/haberler\\\/gundem\\\/iyi-parti-ankara-milletvekili-koray-aydin-istifa-etti\\\/\",\"name\":\"\u0130Y\u0130 Parti Ankara Milletvekili Koray Ayd\u0131n \u0130stifa Etti - E-&Ccedil;\u0130FTL\u0130K HABER\",\"isPartOf\":{\"@id\":\"https:\\\/\\\/e-ciftlik.com\\\/haberler\\\/#website\"},\"primaryImageOfPage\":{\"@id\":\"https:\\\/\\\/e-ciftlik.com\\\/haberler\\\/gundem\\\/iyi-parti-ankara-milletvekili-koray-aydin-istifa-etti\\\/#primaryimage\"},\"image\":{\"@id\":\"https:\\\/\\\/e-ciftlik.com\\\/haberler\\\/gundem\\\/iyi-parti-ankara-milletvekili-koray-aydin-istifa-etti\\\/#primaryimage\"},\"thumbnailUrl\":\"http:\\\/\\\/e-ciftlik.com\\\/haberler\\\/wp-content\\\/uploads\\\/2024\\\/06\\\/son-dakika-iyi-parti-ankara-milletvekili-koray-aydin-istifa-etti-1719493674975.jpg\",\"datePublished\":\"2024-06-27T17:35:27+00:00\",\"description\":\"Ankara Milletvekili Koray Ayd\u0131n, \u0130yi Parti'den istifa etti. Parti i\u00e7inde ya\u015fanan erime ve gerileme s\u00fcreci, ayr\u0131l\u0131\u011f\u0131n sebebi olarak g\u00f6sterildi. Kurucu\",\"breadcrumb\":{\"@id\":\"https:\\\/\\\/e-ciftlik.com\\\/haberler\\\/gundem\\\/iyi-parti-ankara-milletvekili-koray-aydin-istifa-etti\\\/#breadcrumb\"},\"inLanguage\":\"tr\",\"potentialAction\":[{\"@type\":\"ReadAction\",\"target\":[\"https:\\\/\\\/e-ciftlik.com\\\/haberler\\\/gundem\\\/iyi-parti-ankara-milletvekili-koray-aydin-istifa-etti\\\/\"]}]},{\"@type\":\"ImageObject\",\"inLanguage\":\"tr\",\"@id\":\"https:\\\/\\\/e-ciftlik.com\\\/haberler\\\/gundem\\\/iyi-parti-ankara-milletvekili-koray-aydin-istifa-etti\\\/#primaryimage\",\"url\":\"http:\\\/\\\/e-ciftlik.com\\\/haberler\\\/wp-content\\\/uploads\\\/2024\\\/06\\\/son-dakika-iyi-parti-ankara-milletvekili-koray-aydin-istifa-etti-1719493674975.jpg\",\"contentUrl\":\"http:\\\/\\\/e-ciftlik.com\\\/haberler\\\/wp-content\\\/uploads\\\/2024\\\/06\\\/son-dakika-iyi-parti-ankara-milletvekili-koray-aydin-istifa-etti-1719493674975.jpg\",\"width\":1200,\"height\":675},{\"@type\":\"BreadcrumbList\",\"@id\":\"https:\\\/\\\/e-ciftlik.com\\\/haberler\\\/gundem\\\/iyi-parti-ankara-milletvekili-koray-aydin-istifa-etti\\\/#breadcrumb\",\"itemListElement\":[{\"@type\":\"ListItem\",\"position\":1,\"name\":\"Anasayfa\",\"item\":\"https:\\\/\\\/e-ciftlik.com\\\/haberler\\\/\"},{\"@type\":\"ListItem\",\"position\":2,\"name\":\"\u0130Y\u0130 Parti Ankara Milletvekili Koray Ayd\u0131n \u0130stifa Etti\"}]},{\"@type\":\"WebSite\",\"@id\":\"https:\\\/\\\/e-ciftlik.com\\\/haberler\\\/#website\",\"url\":\"https:\\\/\\\/e-ciftlik.com\\\/haberler\\\/\",\"name\":\"E-\u00c7iftlik Haber | G\u00fcncel, Son Dakika Haberler, En Son Haber\",\"description\":\"\",\"publisher\":{\"@id\":\"https:\\\/\\\/e-ciftlik.com\\\/haberler\\\/#organization\"},\"potentialAction\":[{\"@type\":\"SearchAction\",\"target\":{\"@type\":\"EntryPoint\",\"urlTemplate\":\"https:\\\/\\\/e-ciftlik.com\\\/haberler\\\/?s={search_term_string}\"},\"query-input\":{\"@type\":\"PropertyValueSpecification\",\"valueRequired\":true,\"valueName\":\"search_term_string\"}}],\"inLanguage\":\"tr\"},{\"@type\":\"Organization\",\"@id\":\"https:\\\/\\\/e-ciftlik.com\\\/haberler\\\/#organization\",\"name\":\"E-\u00c7\u0130FTL\u0130K HABER\",\"url\":\"https:\\\/\\\/e-ciftlik.com\\\/haberler\\\/\",\"logo\":{\"@type\":\"ImageObject\",\"inLanguage\":\"tr\",\"@id\":\"https:\\\/\\\/e-ciftlik.com\\\/haberler\\\/#\\\/schema\\\/logo\\\/image\\\/\",\"url\":\"http:\\\/\\\/e-ciftlik.com\\\/haberler\\\/wp-content\\\/uploads\\\/2024\\\/06\\\/cropped-cropped-favicon-1-2.png\",\"contentUrl\":\"http:\\\/\\\/e-ciftlik.com\\\/haberler\\\/wp-content\\\/uploads\\\/2024\\\/06\\\/cropped-cropped-favicon-1-2.png\",\"width\":512,\"height\":512,\"caption\":\"E-\u00c7\u0130FTL\u0130K HABER\"},\"image\":{\"@id\":\"https:\\\/\\\/e-ciftlik.com\\\/haberler\\\/#\\\/schema\\\/logo\\\/image\\\/\"},\"sameAs\":[\"https:\\\/\\\/www.facebook.com\\\/eciftlikturkiye\",\"https:\\\/\\\/x.com\\\/eciftlikresmi\",\"https:\\\/\\\/www.instagram.com\\\/eciftlikresmi\\\/\"]},{\"@type\":\"Person\",\"@id\":\"https:\\\/\\\/e-ciftlik.com\\\/haberler\\\/#\\\/schema\\\/person\\\/d2f4fee3143d7f72be82cb887d51b00a\",\"name\":\"Haber Merkezi\",\"image\":{\"@type\":\"ImageObject\",\"inLanguage\":\"tr\",\"@id\":\"https:\\\/\\\/secure.gravatar.com\\\/avatar\\\/6c27d641914e66c1d0452c92716002398782818991d86db1c2cccb531e7c7c82?s=96&d=mm&r=g\",\"url\":\"https:\\\/\\\/secure.gravatar.com\\\/avatar\\\/6c27d641914e66c1d0452c92716002398782818991d86db1c2cccb531e7c7c82?s=96&d=mm&r=g\",\"contentUrl\":\"https:\\\/\\\/secure.gravatar.com\\\/avatar\\\/6c27d641914e66c1d0452c92716002398782818991d86db1c2cccb531e7c7c82?s=96&d=mm&r=g\",\"caption\":\"Haber Merkezi\"},\"sameAs\":[\"http:\\\/\\\/e-ciftlik.com\\\/haberler\"]}]}<\/script>\n<!-- \/ Yoast SEO Premium plugin. -->","yoast_head_json":{"title":"\u0130Y\u0130 Parti Ankara Milletvekili Koray Ayd\u0131n \u0130stifa Etti - E-&Ccedil;\u0130FTL\u0130K HABER","description":"Ankara Milletvekili Koray Ayd\u0131n, \u0130yi Parti'den istifa etti. Parti i\u00e7inde ya\u015fanan erime ve gerileme s\u00fcreci, ayr\u0131l\u0131\u011f\u0131n sebebi olarak g\u00f6sterildi. Kurucu","robots":{"index":"index","follow":"follow","max-snippet":"max-snippet:-1","max-image-preview":"max-image-preview:large","max-video-preview":"max-video-preview:-1"},"canonical":"https:\/\/e-ciftlik.com\/haberler\/gundem\/iyi-parti-ankara-milletvekili-koray-aydin-istifa-etti\/","og_locale":"tr_TR","og_type":"article","og_title":"\u0130Y\u0130 Parti Ankara Milletvekili Koray Ayd\u0131n \u0130stifa Etti","og_description":"Ankara Milletvekili Koray Ayd\u0131n, \u0130yi Parti'den istifa etti. Parti i\u00e7inde ya\u015fanan erime ve gerileme s\u00fcreci, ayr\u0131l\u0131\u011f\u0131n sebebi olarak g\u00f6sterildi. Kurucu","og_url":"https:\/\/e-ciftlik.com\/haberler\/gundem\/iyi-parti-ankara-milletvekili-koray-aydin-istifa-etti\/","og_site_name":"E-&Ccedil;\u0130FTL\u0130K HABER","article_publisher":"https:\/\/www.facebook.com\/eciftlikturkiye","article_published_time":"2024-06-27T17:35:27+00:00","og_image":[{"width":1200,"height":675,"url":"https:\/\/e-ciftlik.com\/haberler\/wp-content\/uploads\/2024\/06\/son-dakika-iyi-parti-ankara-milletvekili-koray-aydin-istifa-etti-1719493674975.jpg","type":"image\/jpeg"}],"author":"Haber Merkezi","twitter_card":"summary_large_image","twitter_creator":"@eciftlikresmi","twitter_site":"@eciftlikresmi","twitter_misc":{"Yazan:":"Haber Merkezi","Tahmini okuma s\u00fcresi":"1 dakika"},"schema":{"@context":"https:\/\/schema.org","@graph":[{"@type":"NewsArticle","@id":"https:\/\/e-ciftlik.com\/haberler\/gundem\/iyi-parti-ankara-milletvekili-koray-aydin-istifa-etti\/#article","isPartOf":{"@id":"https:\/\/e-ciftlik.com\/haberler\/gundem\/iyi-parti-ankara-milletvekili-koray-aydin-istifa-etti\/"},"author":{"name":"Haber Merkezi","@id":"https:\/\/e-ciftlik.com\/haberler\/#\/schema\/person\/d2f4fee3143d7f72be82cb887d51b00a"},"headline":"\u0130Y\u0130 Parti Ankara Milletvekili Koray Ayd\u0131n \u0130stifa Etti","datePublished":"2024-06-27T17:35:27+00:00","mainEntityOfPage":{"@id":"https:\/\/e-ciftlik.com\/haberler\/gundem\/iyi-parti-ankara-milletvekili-koray-aydin-istifa-etti\/"},"wordCount":302,"commentCount":0,"publisher":{"@id":"https:\/\/e-ciftlik.com\/haberler\/#organization"},"image":{"@id":"https:\/\/e-ciftlik.com\/haberler\/gundem\/iyi-parti-ankara-milletvekili-koray-aydin-istifa-etti\/#primaryimage"},"thumbnailUrl":"http:\/\/e-ciftlik.com\/haberler\/wp-content\/uploads\/2024\/06\/son-dakika-iyi-parti-ankara-milletvekili-koray-aydin-istifa-etti-1719493674975.jpg","articleSection":["G\u00fcndem"],"inLanguage":"tr","potentialAction":[{"@type":"CommentAction","name":"Comment","target":["https:\/\/e-ciftlik.com\/haberler\/gundem\/iyi-parti-ankara-milletvekili-koray-aydin-istifa-etti\/#respond"]}]},{"@type":"WebPage","@id":"https:\/\/e-ciftlik.com\/haberler\/gundem\/iyi-parti-ankara-milletvekili-koray-aydin-istifa-etti\/","url":"https:\/\/e-ciftlik.com\/haberler\/gundem\/iyi-parti-ankara-milletvekili-koray-aydin-istifa-etti\/","name":"\u0130Y\u0130 Parti Ankara Milletvekili Koray Ayd\u0131n \u0130stifa Etti - E-&Ccedil;\u0130FTL\u0130K HABER","isPartOf":{"@id":"https:\/\/e-ciftlik.com\/haberler\/#website"},"primaryImageOfPage":{"@id":"https:\/\/e-ciftlik.com\/haberler\/gundem\/iyi-parti-ankara-milletvekili-koray-aydin-istifa-etti\/#primaryimage"},"image":{"@id":"https:\/\/e-ciftlik.com\/haberler\/gundem\/iyi-parti-ankara-milletvekili-koray-aydin-istifa-etti\/#primaryimage"},"thumbnailUrl":"http:\/\/e-ciftlik.com\/haberler\/wp-content\/uploads\/2024\/06\/son-dakika-iyi-parti-ankara-milletvekili-koray-aydin-istifa-etti-1719493674975.jpg","datePublished":"2024-06-27T17:35:27+00:00","description":"Ankara Milletvekili Koray Ayd\u0131n, \u0130yi Parti'den istifa etti. Parti i\u00e7inde ya\u015fanan erime ve gerileme s\u00fcreci, ayr\u0131l\u0131\u011f\u0131n sebebi olarak g\u00f6sterildi. Kurucu","breadcrumb":{"@id":"https:\/\/e-ciftlik.com\/haberler\/gundem\/iyi-parti-ankara-milletvekili-koray-aydin-istifa-etti\/#breadcrumb"},"inLanguage":"tr","potentialAction":[{"@type":"ReadAction","target":["https:\/\/e-ciftlik.com\/haberler\/gundem\/iyi-parti-ankara-milletvekili-koray-aydin-istifa-etti\/"]}]},{"@type":"ImageObject","inLanguage":"tr","@id":"https:\/\/e-ciftlik.com\/haberler\/gundem\/iyi-parti-ankara-milletvekili-koray-aydin-istifa-etti\/#primaryimage","url":"http:\/\/e-ciftlik.com\/haberler\/wp-content\/uploads\/2024\/06\/son-dakika-iyi-parti-ankara-milletvekili-koray-aydin-istifa-etti-1719493674975.jpg","contentUrl":"http:\/\/e-ciftlik.com\/haberler\/wp-content\/uploads\/2024\/06\/son-dakika-iyi-parti-ankara-milletvekili-koray-aydin-istifa-etti-1719493674975.jpg","width":1200,"height":675},{"@type":"BreadcrumbList","@id":"https:\/\/e-ciftlik.com\/haberler\/gundem\/iyi-parti-ankara-milletvekili-koray-aydin-istifa-etti\/#breadcrumb","itemListElement":[{"@type":"ListItem","position":1,"name":"Anasayfa","item":"https:\/\/e-ciftlik.com\/haberler\/"},{"@type":"ListItem","position":2,"name":"\u0130Y\u0130 Parti Ankara Milletvekili Koray Ayd\u0131n \u0130stifa Etti"}]},{"@type":"WebSite","@id":"https:\/\/e-ciftlik.com\/haberler\/#website","url":"https:\/\/e-ciftlik.com\/haberler\/","name":"E-\u00c7iftlik Haber | G\u00fcncel, Son Dakika Haberler, En Son Haber","description":"","publisher":{"@id":"https:\/\/e-ciftlik.com\/haberler\/#organization"},"potentialAction":[{"@type":"SearchAction","target":{"@type":"EntryPoint","urlTemplate":"https:\/\/e-ciftlik.com\/haberler\/?s={search_term_string}"},"query-input":{"@type":"PropertyValueSpecification","valueRequired":true,"valueName":"search_term_string"}}],"inLanguage":"tr"},{"@type":"Organization","@id":"https:\/\/e-ciftlik.com\/haberler\/#organization","name":"E-\u00c7\u0130FTL\u0130K HABER","url":"https:\/\/e-ciftlik.com\/haberler\/","logo":{"@type":"ImageObject","inLanguage":"tr","@id":"https:\/\/e-ciftlik.com\/haberler\/#\/schema\/logo\/image\/","url":"http:\/\/e-ciftlik.com\/haberler\/wp-content\/uploads\/2024\/06\/cropped-cropped-favicon-1-2.png","contentUrl":"http:\/\/e-ciftlik.com\/haberler\/wp-content\/uploads\/2024\/06\/cropped-cropped-favicon-1-2.png","width":512,"height":512,"caption":"E-\u00c7\u0130FTL\u0130K HABER"},"image":{"@id":"https:\/\/e-ciftlik.com\/haberler\/#\/schema\/logo\/image\/"},"sameAs":["https:\/\/www.facebook.com\/eciftlikturkiye","https:\/\/x.com\/eciftlikresmi","https:\/\/www.instagram.com\/eciftlikresmi\/"]},{"@type":"Person","@id":"https:\/\/e-ciftlik.com\/haberler\/#\/schema\/person\/d2f4fee3143d7f72be82cb887d51b00a","name":"Haber Merkezi","image":{"@type":"ImageObject","inLanguage":"tr","@id":"https:\/\/secure.gravatar.com\/avatar\/6c27d641914e66c1d0452c92716002398782818991d86db1c2cccb531e7c7c82?s=96&d=mm&r=g","url":"https:\/\/secure.gravatar.com\/avatar\/6c27d641914e66c1d0452c92716002398782818991d86db1c2cccb531e7c7c82?s=96&d=mm&r=g","contentUrl":"https:\/\/secure.gravatar.com\/avatar\/6c27d641914e66c1d0452c92716002398782818991d86db1c2cccb531e7c7c82?s=96&d=mm&r=g","caption":"Haber Merkezi"},"sameAs":["http:\/\/e-ciftlik.com\/haberler"]}]}},"_links":{"self":[{"href":"http:\/\/e-ciftlik.com\/haberler\/wp-json\/wp\/v2\/posts\/7499","targetHints":{"allow":["GET"]}}],"collection":[{"href":"http:\/\/e-ciftlik.com\/haberler\/wp-json\/wp\/v2\/posts"}],"about":[{"href":"http:\/\/e-ciftlik.com\/haberler\/wp-json\/wp\/v2\/types\/post"}],"author":[{"embeddable":true,"href":"http:\/\/e-ciftlik.com\/haberler\/wp-json\/wp\/v2\/users\/1"}],"replies":[{"embeddable":true,"href":"http:\/\/e-ciftlik.com\/haberler\/wp-json\/wp\/v2\/comments?post=7499"}],"version-history":[{"count":0,"href":"http:\/\/e-ciftlik.com\/haberler\/wp-json\/wp\/v2\/posts\/7499\/revisions"}],"wp:featuredmedia":[{"embeddable":true,"href":"http:\/\/e-ciftlik.com\/haberler\/wp-json\/wp\/v2\/media\/7500"}],"wp:attachment":[{"href":"http:\/\/e-ciftlik.com\/haberler\/wp-json\/wp\/v2\/media?parent=7499"}],"wp:term":[{"taxonomy":"category","embeddable":true,"href":"http:\/\/e-ciftlik.com\/haberler\/wp-json\/wp\/v2\/categories?post=7499"},{"taxonomy":"post_tag","embeddable":true,"href":"http:\/\/e-ciftlik.com\/haberler\/wp-json\/wp\/v2\/tags?post=7499"}],"curies":[{"name":"wp","href":"https:\/\/api.w.org\/{rel}","templated":true}]}}