{"id":7572,"date":"2024-06-28T01:15:04","date_gmt":"2024-06-28T01:15:04","guid":{"rendered":"https:\/\/e-ciftlik.com\/haberler\/gundem\/turkiye-savas-hazirligi-mi-yapiyor\/"},"modified":"2024-06-28T01:15:04","modified_gmt":"2024-06-28T01:15:04","slug":"turkiye-savas-hazirligi-mi-yapiyor","status":"publish","type":"post","link":"http:\/\/e-ciftlik.com\/haberler\/gundem\/turkiye-savas-hazirligi-mi-yapiyor\/","title":{"rendered":"T\u00dcRK\u0130YE SAVA\u015e HAZIRLI\u011eI MI YAPIYOR?"},"content":{"rendered":"<p>Milli Savunma Bakanl\u0131\u011f\u0131&#8217;na ba\u011fl\u0131 kaynaklar, \u00fc\u00e7\u00fcnc\u00fc d\u00fcnya sava\u015f\u0131 benzeri bir karanl\u0131k senaryonun istenmedi\u011fini, ancak her t\u00fcrl\u00fc duruma haz\u0131r olduklar\u0131n\u0131 ifade etti. Bakanl\u0131k taraf\u0131ndan yap\u0131lan a\u00e7\u0131klamada, savunma ve g\u00fcvenlik konusundaki de\u011ferlendirmelerin s\u00fcrekli g\u00fcncellendi\u011fi ve haz\u0131rl\u0131kl\u0131 bir \u00fclke olduklar\u0131n\u0131n alt\u0131 \u00e7izildi. T\u00fcrk Silahl\u0131 Kuvvetleri&#8217;nin (TSK) dinamik bir ordu oldu\u011fu ve bir\u00e7ok co\u011frafyada faaliyet g\u00f6sterdi\u011fi vurguland\u0131. Her ne kadar \u00fc\u00e7\u00fcnc\u00fc d\u00fcnya sava\u015f\u0131 gibi bir senaryo arzulanmasa da, ordunun her t\u00fcrl\u00fc duruma haz\u0131r oldu\u011fu belirtildi.<\/p>\n<p>Son zamanlarda b\u00f6lgesel sava\u015flar\u0131n artmas\u0131yla birlikte, \u00fcst \u00fcste gelen \u00fc\u00e7\u00fcnc\u00fc d\u00fcnya sava\u015f\u0131 senaryolar\u0131yla ilgili detayl\u0131 a\u00e7\u0131klamalar A Haber ekranlar\u0131nda izleyicilerle payla\u015f\u0131ld\u0131. Bu \u00e7er\u00e7evede T\u00fcrkiye&#8217;nin sava\u015f haz\u0131rl\u0131klar\u0131 da incelenmeye devam ediyor.<\/p>\n","protected":false},"excerpt":{"rendered":"<p>Milli Savunma Bakanl\u0131\u011f\u0131&#8217;na ba\u011fl\u0131 kaynaklar, \u00fc\u00e7\u00fcnc\u00fc d\u00fcnya sava\u015f\u0131 benzeri bir karanl\u0131k senaryonun istenmedi\u011fini, ancak her&hellip;<\/p>\n","protected":false},"author":1,"featured_media":7573,"comment_status":"open","ping_status":"open","sticky":false,"template":"","format":"standard","meta":{"footnotes":""},"categories":[10],"tags":[],"class_list":["post-7572","post","type-post","status-publish","format-standard","has-post-thumbnail","hentry","category-gundem"],"yoast_head":"<!-- This site is optimized with the Yoast SEO Premium plugin v24.3 (Yoast SEO v27.4) - https:\/\/yoast.com\/product\/yoast-seo-premium-wordpress\/ -->\n<title>T\u00dcRK\u0130YE SAVA\u015e HAZIRLI\u011eI MI YAPIYOR? - E-&Ccedil;\u0130FTL\u0130K HABER<\/title>\n<meta name=\"description\" content=\"Milli Savunma Bakanl\u0131\u011f\u0131&#039;na ba\u011fl\u0131 kaynaklar, \u00fc\u00e7\u00fcnc\u00fc d\u00fcnya sava\u015f\u0131 benzeri bir karanl\u0131k senaryonun istenmedi\u011fini, ancak her t\u00fcrl\u00fc duruma haz\u0131r olduklar\u0131n\u0131\" \/>\n<meta name=\"robots\" content=\"index, follow, max-snippet:-1, max-image-preview:large, max-video-preview:-1\" \/>\n<link rel=\"canonical\" href=\"http:\/\/e-ciftlik.com\/haberler\/gundem\/turkiye-savas-hazirligi-mi-yapiyor\/\" \/>\n<meta property=\"og:locale\" content=\"tr_TR\" \/>\n<meta property=\"og:type\" content=\"article\" \/>\n<meta property=\"og:title\" content=\"T\u00dcRK\u0130YE SAVA\u015e HAZIRLI\u011eI MI YAPIYOR?\" \/>\n<meta property=\"og:description\" content=\"Milli Savunma Bakanl\u0131\u011f\u0131&#039;na ba\u011fl\u0131 kaynaklar, \u00fc\u00e7\u00fcnc\u00fc d\u00fcnya sava\u015f\u0131 benzeri bir karanl\u0131k senaryonun istenmedi\u011fini, ancak her t\u00fcrl\u00fc duruma haz\u0131r olduklar\u0131n\u0131\" \/>\n<meta property=\"og:url\" content=\"http:\/\/e-ciftlik.com\/haberler\/gundem\/turkiye-savas-hazirligi-mi-yapiyor\/\" \/>\n<meta property=\"og:site_name\" content=\"E-&Ccedil;\u0130FTL\u0130K HABER\" \/>\n<meta property=\"article:publisher\" content=\"https:\/\/www.facebook.com\/eciftlikturkiye\" \/>\n<meta property=\"article:published_time\" content=\"2024-06-28T01:15:04+00:00\" \/>\n<meta property=\"og:image\" content=\"http:\/\/e-ciftlik.com\/haberler\/wp-content\/uploads\/2024\/06\/1719515389887.jpg\" \/>\n\t<meta property=\"og:image:width\" content=\"1200\" \/>\n\t<meta property=\"og:image:height\" content=\"675\" \/>\n\t<meta property=\"og:image:type\" content=\"image\/jpeg\" \/>\n<meta name=\"author\" content=\"Haber Merkezi\" \/>\n<meta name=\"twitter:card\" content=\"summary_large_image\" \/>\n<meta name=\"twitter:creator\" content=\"@eciftlikresmi\" \/>\n<meta name=\"twitter:site\" content=\"@eciftlikresmi\" \/>\n<meta name=\"twitter:label1\" content=\"Yazan:\" \/>\n\t<meta name=\"twitter:data1\" content=\"Haber Merkezi\" \/>\n\t<meta name=\"twitter:label2\" content=\"Tahmini okuma s\u00fcresi\" \/>\n\t<meta name=\"twitter:data2\" content=\"1 dakika\" \/>\n<script type=\"application\/ld+json\" class=\"yoast-schema-graph\">{\"@context\":\"https:\\\/\\\/schema.org\",\"@graph\":[{\"@type\":\"NewsArticle\",\"@id\":\"http:\\\/\\\/e-ciftlik.com\\\/haberler\\\/gundem\\\/turkiye-savas-hazirligi-mi-yapiyor\\\/#article\",\"isPartOf\":{\"@id\":\"http:\\\/\\\/e-ciftlik.com\\\/haberler\\\/gundem\\\/turkiye-savas-hazirligi-mi-yapiyor\\\/\"},\"author\":{\"name\":\"Haber Merkezi\",\"@id\":\"https:\\\/\\\/e-ciftlik.com\\\/haberler\\\/#\\\/schema\\\/person\\\/d2f4fee3143d7f72be82cb887d51b00a\"},\"headline\":\"T\u00dcRK\u0130YE SAVA\u015e HAZIRLI\u011eI MI YAPIYOR?\",\"datePublished\":\"2024-06-28T01:15:04+00:00\",\"mainEntityOfPage\":{\"@id\":\"http:\\\/\\\/e-ciftlik.com\\\/haberler\\\/gundem\\\/turkiye-savas-hazirligi-mi-yapiyor\\\/\"},\"wordCount\":155,\"commentCount\":0,\"publisher\":{\"@id\":\"https:\\\/\\\/e-ciftlik.com\\\/haberler\\\/#organization\"},\"image\":{\"@id\":\"http:\\\/\\\/e-ciftlik.com\\\/haberler\\\/gundem\\\/turkiye-savas-hazirligi-mi-yapiyor\\\/#primaryimage\"},\"thumbnailUrl\":\"http:\\\/\\\/e-ciftlik.com\\\/haberler\\\/wp-content\\\/uploads\\\/2024\\\/06\\\/1719515389887.jpg\",\"articleSection\":[\"G\u00fcndem\"],\"inLanguage\":\"tr\",\"potentialAction\":[{\"@type\":\"CommentAction\",\"name\":\"Comment\",\"target\":[\"http:\\\/\\\/e-ciftlik.com\\\/haberler\\\/gundem\\\/turkiye-savas-hazirligi-mi-yapiyor\\\/#respond\"]}]},{\"@type\":\"WebPage\",\"@id\":\"http:\\\/\\\/e-ciftlik.com\\\/haberler\\\/gundem\\\/turkiye-savas-hazirligi-mi-yapiyor\\\/\",\"url\":\"http:\\\/\\\/e-ciftlik.com\\\/haberler\\\/gundem\\\/turkiye-savas-hazirligi-mi-yapiyor\\\/\",\"name\":\"T\u00dcRK\u0130YE SAVA\u015e HAZIRLI\u011eI MI YAPIYOR? - E-&Ccedil;\u0130FTL\u0130K HABER\",\"isPartOf\":{\"@id\":\"https:\\\/\\\/e-ciftlik.com\\\/haberler\\\/#website\"},\"primaryImageOfPage\":{\"@id\":\"http:\\\/\\\/e-ciftlik.com\\\/haberler\\\/gundem\\\/turkiye-savas-hazirligi-mi-yapiyor\\\/#primaryimage\"},\"image\":{\"@id\":\"http:\\\/\\\/e-ciftlik.com\\\/haberler\\\/gundem\\\/turkiye-savas-hazirligi-mi-yapiyor\\\/#primaryimage\"},\"thumbnailUrl\":\"http:\\\/\\\/e-ciftlik.com\\\/haberler\\\/wp-content\\\/uploads\\\/2024\\\/06\\\/1719515389887.jpg\",\"datePublished\":\"2024-06-28T01:15:04+00:00\",\"description\":\"Milli Savunma Bakanl\u0131\u011f\u0131'na ba\u011fl\u0131 kaynaklar, \u00fc\u00e7\u00fcnc\u00fc d\u00fcnya sava\u015f\u0131 benzeri bir karanl\u0131k senaryonun istenmedi\u011fini, ancak her t\u00fcrl\u00fc duruma haz\u0131r olduklar\u0131n\u0131\",\"breadcrumb\":{\"@id\":\"http:\\\/\\\/e-ciftlik.com\\\/haberler\\\/gundem\\\/turkiye-savas-hazirligi-mi-yapiyor\\\/#breadcrumb\"},\"inLanguage\":\"tr\",\"potentialAction\":[{\"@type\":\"ReadAction\",\"target\":[\"http:\\\/\\\/e-ciftlik.com\\\/haberler\\\/gundem\\\/turkiye-savas-hazirligi-mi-yapiyor\\\/\"]}]},{\"@type\":\"ImageObject\",\"inLanguage\":\"tr\",\"@id\":\"http:\\\/\\\/e-ciftlik.com\\\/haberler\\\/gundem\\\/turkiye-savas-hazirligi-mi-yapiyor\\\/#primaryimage\",\"url\":\"http:\\\/\\\/e-ciftlik.com\\\/haberler\\\/wp-content\\\/uploads\\\/2024\\\/06\\\/1719515389887.jpg\",\"contentUrl\":\"http:\\\/\\\/e-ciftlik.com\\\/haberler\\\/wp-content\\\/uploads\\\/2024\\\/06\\\/1719515389887.jpg\",\"width\":1200,\"height\":675},{\"@type\":\"BreadcrumbList\",\"@id\":\"http:\\\/\\\/e-ciftlik.com\\\/haberler\\\/gundem\\\/turkiye-savas-hazirligi-mi-yapiyor\\\/#breadcrumb\",\"itemListElement\":[{\"@type\":\"ListItem\",\"position\":1,\"name\":\"Anasayfa\",\"item\":\"https:\\\/\\\/e-ciftlik.com\\\/haberler\\\/\"},{\"@type\":\"ListItem\",\"position\":2,\"name\":\"T\u00dcRK\u0130YE SAVA\u015e HAZIRLI\u011eI MI YAPIYOR?\"}]},{\"@type\":\"WebSite\",\"@id\":\"https:\\\/\\\/e-ciftlik.com\\\/haberler\\\/#website\",\"url\":\"https:\\\/\\\/e-ciftlik.com\\\/haberler\\\/\",\"name\":\"E-\u00c7iftlik Haber | G\u00fcncel, Son Dakika Haberler, En Son Haber\",\"description\":\"\",\"publisher\":{\"@id\":\"https:\\\/\\\/e-ciftlik.com\\\/haberler\\\/#organization\"},\"potentialAction\":[{\"@type\":\"SearchAction\",\"target\":{\"@type\":\"EntryPoint\",\"urlTemplate\":\"https:\\\/\\\/e-ciftlik.com\\\/haberler\\\/?s={search_term_string}\"},\"query-input\":{\"@type\":\"PropertyValueSpecification\",\"valueRequired\":true,\"valueName\":\"search_term_string\"}}],\"inLanguage\":\"tr\"},{\"@type\":\"Organization\",\"@id\":\"https:\\\/\\\/e-ciftlik.com\\\/haberler\\\/#organization\",\"name\":\"E-\u00c7\u0130FTL\u0130K HABER\",\"url\":\"https:\\\/\\\/e-ciftlik.com\\\/haberler\\\/\",\"logo\":{\"@type\":\"ImageObject\",\"inLanguage\":\"tr\",\"@id\":\"https:\\\/\\\/e-ciftlik.com\\\/haberler\\\/#\\\/schema\\\/logo\\\/image\\\/\",\"url\":\"http:\\\/\\\/e-ciftlik.com\\\/haberler\\\/wp-content\\\/uploads\\\/2024\\\/06\\\/cropped-cropped-favicon-1-2.png\",\"contentUrl\":\"http:\\\/\\\/e-ciftlik.com\\\/haberler\\\/wp-content\\\/uploads\\\/2024\\\/06\\\/cropped-cropped-favicon-1-2.png\",\"width\":512,\"height\":512,\"caption\":\"E-\u00c7\u0130FTL\u0130K HABER\"},\"image\":{\"@id\":\"https:\\\/\\\/e-ciftlik.com\\\/haberler\\\/#\\\/schema\\\/logo\\\/image\\\/\"},\"sameAs\":[\"https:\\\/\\\/www.facebook.com\\\/eciftlikturkiye\",\"https:\\\/\\\/x.com\\\/eciftlikresmi\",\"https:\\\/\\\/www.instagram.com\\\/eciftlikresmi\\\/\"]},{\"@type\":\"Person\",\"@id\":\"https:\\\/\\\/e-ciftlik.com\\\/haberler\\\/#\\\/schema\\\/person\\\/d2f4fee3143d7f72be82cb887d51b00a\",\"name\":\"Haber Merkezi\",\"image\":{\"@type\":\"ImageObject\",\"inLanguage\":\"tr\",\"@id\":\"https:\\\/\\\/secure.gravatar.com\\\/avatar\\\/6c27d641914e66c1d0452c92716002398782818991d86db1c2cccb531e7c7c82?s=96&d=mm&r=g\",\"url\":\"https:\\\/\\\/secure.gravatar.com\\\/avatar\\\/6c27d641914e66c1d0452c92716002398782818991d86db1c2cccb531e7c7c82?s=96&d=mm&r=g\",\"contentUrl\":\"https:\\\/\\\/secure.gravatar.com\\\/avatar\\\/6c27d641914e66c1d0452c92716002398782818991d86db1c2cccb531e7c7c82?s=96&d=mm&r=g\",\"caption\":\"Haber Merkezi\"},\"sameAs\":[\"http:\\\/\\\/e-ciftlik.com\\\/haberler\"]}]}<\/script>\n<!-- \/ Yoast SEO Premium plugin. -->","yoast_head_json":{"title":"T\u00dcRK\u0130YE SAVA\u015e HAZIRLI\u011eI MI YAPIYOR? - E-&Ccedil;\u0130FTL\u0130K HABER","description":"Milli Savunma Bakanl\u0131\u011f\u0131'na ba\u011fl\u0131 kaynaklar, \u00fc\u00e7\u00fcnc\u00fc d\u00fcnya sava\u015f\u0131 benzeri bir karanl\u0131k senaryonun istenmedi\u011fini, ancak her t\u00fcrl\u00fc duruma haz\u0131r olduklar\u0131n\u0131","robots":{"index":"index","follow":"follow","max-snippet":"max-snippet:-1","max-image-preview":"max-image-preview:large","max-video-preview":"max-video-preview:-1"},"canonical":"http:\/\/e-ciftlik.com\/haberler\/gundem\/turkiye-savas-hazirligi-mi-yapiyor\/","og_locale":"tr_TR","og_type":"article","og_title":"T\u00dcRK\u0130YE SAVA\u015e HAZIRLI\u011eI MI YAPIYOR?","og_description":"Milli Savunma Bakanl\u0131\u011f\u0131'na ba\u011fl\u0131 kaynaklar, \u00fc\u00e7\u00fcnc\u00fc d\u00fcnya sava\u015f\u0131 benzeri bir karanl\u0131k senaryonun istenmedi\u011fini, ancak her t\u00fcrl\u00fc duruma haz\u0131r olduklar\u0131n\u0131","og_url":"http:\/\/e-ciftlik.com\/haberler\/gundem\/turkiye-savas-hazirligi-mi-yapiyor\/","og_site_name":"E-&Ccedil;\u0130FTL\u0130K HABER","article_publisher":"https:\/\/www.facebook.com\/eciftlikturkiye","article_published_time":"2024-06-28T01:15:04+00:00","og_image":[{"width":1200,"height":675,"url":"http:\/\/e-ciftlik.com\/haberler\/wp-content\/uploads\/2024\/06\/1719515389887.jpg","type":"image\/jpeg"}],"author":"Haber Merkezi","twitter_card":"summary_large_image","twitter_creator":"@eciftlikresmi","twitter_site":"@eciftlikresmi","twitter_misc":{"Yazan:":"Haber Merkezi","Tahmini okuma s\u00fcresi":"1 dakika"},"schema":{"@context":"https:\/\/schema.org","@graph":[{"@type":"NewsArticle","@id":"http:\/\/e-ciftlik.com\/haberler\/gundem\/turkiye-savas-hazirligi-mi-yapiyor\/#article","isPartOf":{"@id":"http:\/\/e-ciftlik.com\/haberler\/gundem\/turkiye-savas-hazirligi-mi-yapiyor\/"},"author":{"name":"Haber Merkezi","@id":"https:\/\/e-ciftlik.com\/haberler\/#\/schema\/person\/d2f4fee3143d7f72be82cb887d51b00a"},"headline":"T\u00dcRK\u0130YE SAVA\u015e HAZIRLI\u011eI MI YAPIYOR?","datePublished":"2024-06-28T01:15:04+00:00","mainEntityOfPage":{"@id":"http:\/\/e-ciftlik.com\/haberler\/gundem\/turkiye-savas-hazirligi-mi-yapiyor\/"},"wordCount":155,"commentCount":0,"publisher":{"@id":"https:\/\/e-ciftlik.com\/haberler\/#organization"},"image":{"@id":"http:\/\/e-ciftlik.com\/haberler\/gundem\/turkiye-savas-hazirligi-mi-yapiyor\/#primaryimage"},"thumbnailUrl":"http:\/\/e-ciftlik.com\/haberler\/wp-content\/uploads\/2024\/06\/1719515389887.jpg","articleSection":["G\u00fcndem"],"inLanguage":"tr","potentialAction":[{"@type":"CommentAction","name":"Comment","target":["http:\/\/e-ciftlik.com\/haberler\/gundem\/turkiye-savas-hazirligi-mi-yapiyor\/#respond"]}]},{"@type":"WebPage","@id":"http:\/\/e-ciftlik.com\/haberler\/gundem\/turkiye-savas-hazirligi-mi-yapiyor\/","url":"http:\/\/e-ciftlik.com\/haberler\/gundem\/turkiye-savas-hazirligi-mi-yapiyor\/","name":"T\u00dcRK\u0130YE SAVA\u015e HAZIRLI\u011eI MI YAPIYOR? - E-&Ccedil;\u0130FTL\u0130K HABER","isPartOf":{"@id":"https:\/\/e-ciftlik.com\/haberler\/#website"},"primaryImageOfPage":{"@id":"http:\/\/e-ciftlik.com\/haberler\/gundem\/turkiye-savas-hazirligi-mi-yapiyor\/#primaryimage"},"image":{"@id":"http:\/\/e-ciftlik.com\/haberler\/gundem\/turkiye-savas-hazirligi-mi-yapiyor\/#primaryimage"},"thumbnailUrl":"http:\/\/e-ciftlik.com\/haberler\/wp-content\/uploads\/2024\/06\/1719515389887.jpg","datePublished":"2024-06-28T01:15:04+00:00","description":"Milli Savunma Bakanl\u0131\u011f\u0131'na ba\u011fl\u0131 kaynaklar, \u00fc\u00e7\u00fcnc\u00fc d\u00fcnya sava\u015f\u0131 benzeri bir karanl\u0131k senaryonun istenmedi\u011fini, ancak her t\u00fcrl\u00fc duruma haz\u0131r olduklar\u0131n\u0131","breadcrumb":{"@id":"http:\/\/e-ciftlik.com\/haberler\/gundem\/turkiye-savas-hazirligi-mi-yapiyor\/#breadcrumb"},"inLanguage":"tr","potentialAction":[{"@type":"ReadAction","target":["http:\/\/e-ciftlik.com\/haberler\/gundem\/turkiye-savas-hazirligi-mi-yapiyor\/"]}]},{"@type":"ImageObject","inLanguage":"tr","@id":"http:\/\/e-ciftlik.com\/haberler\/gundem\/turkiye-savas-hazirligi-mi-yapiyor\/#primaryimage","url":"http:\/\/e-ciftlik.com\/haberler\/wp-content\/uploads\/2024\/06\/1719515389887.jpg","contentUrl":"http:\/\/e-ciftlik.com\/haberler\/wp-content\/uploads\/2024\/06\/1719515389887.jpg","width":1200,"height":675},{"@type":"BreadcrumbList","@id":"http:\/\/e-ciftlik.com\/haberler\/gundem\/turkiye-savas-hazirligi-mi-yapiyor\/#breadcrumb","itemListElement":[{"@type":"ListItem","position":1,"name":"Anasayfa","item":"https:\/\/e-ciftlik.com\/haberler\/"},{"@type":"ListItem","position":2,"name":"T\u00dcRK\u0130YE SAVA\u015e HAZIRLI\u011eI MI YAPIYOR?"}]},{"@type":"WebSite","@id":"https:\/\/e-ciftlik.com\/haberler\/#website","url":"https:\/\/e-ciftlik.com\/haberler\/","name":"E-\u00c7iftlik Haber | G\u00fcncel, Son Dakika Haberler, En Son Haber","description":"","publisher":{"@id":"https:\/\/e-ciftlik.com\/haberler\/#organization"},"potentialAction":[{"@type":"SearchAction","target":{"@type":"EntryPoint","urlTemplate":"https:\/\/e-ciftlik.com\/haberler\/?s={search_term_string}"},"query-input":{"@type":"PropertyValueSpecification","valueRequired":true,"valueName":"search_term_string"}}],"inLanguage":"tr"},{"@type":"Organization","@id":"https:\/\/e-ciftlik.com\/haberler\/#organization","name":"E-\u00c7\u0130FTL\u0130K HABER","url":"https:\/\/e-ciftlik.com\/haberler\/","logo":{"@type":"ImageObject","inLanguage":"tr","@id":"https:\/\/e-ciftlik.com\/haberler\/#\/schema\/logo\/image\/","url":"http:\/\/e-ciftlik.com\/haberler\/wp-content\/uploads\/2024\/06\/cropped-cropped-favicon-1-2.png","contentUrl":"http:\/\/e-ciftlik.com\/haberler\/wp-content\/uploads\/2024\/06\/cropped-cropped-favicon-1-2.png","width":512,"height":512,"caption":"E-\u00c7\u0130FTL\u0130K HABER"},"image":{"@id":"https:\/\/e-ciftlik.com\/haberler\/#\/schema\/logo\/image\/"},"sameAs":["https:\/\/www.facebook.com\/eciftlikturkiye","https:\/\/x.com\/eciftlikresmi","https:\/\/www.instagram.com\/eciftlikresmi\/"]},{"@type":"Person","@id":"https:\/\/e-ciftlik.com\/haberler\/#\/schema\/person\/d2f4fee3143d7f72be82cb887d51b00a","name":"Haber Merkezi","image":{"@type":"ImageObject","inLanguage":"tr","@id":"https:\/\/secure.gravatar.com\/avatar\/6c27d641914e66c1d0452c92716002398782818991d86db1c2cccb531e7c7c82?s=96&d=mm&r=g","url":"https:\/\/secure.gravatar.com\/avatar\/6c27d641914e66c1d0452c92716002398782818991d86db1c2cccb531e7c7c82?s=96&d=mm&r=g","contentUrl":"https:\/\/secure.gravatar.com\/avatar\/6c27d641914e66c1d0452c92716002398782818991d86db1c2cccb531e7c7c82?s=96&d=mm&r=g","caption":"Haber Merkezi"},"sameAs":["http:\/\/e-ciftlik.com\/haberler"]}]}},"_links":{"self":[{"href":"http:\/\/e-ciftlik.com\/haberler\/wp-json\/wp\/v2\/posts\/7572","targetHints":{"allow":["GET"]}}],"collection":[{"href":"http:\/\/e-ciftlik.com\/haberler\/wp-json\/wp\/v2\/posts"}],"about":[{"href":"http:\/\/e-ciftlik.com\/haberler\/wp-json\/wp\/v2\/types\/post"}],"author":[{"embeddable":true,"href":"http:\/\/e-ciftlik.com\/haberler\/wp-json\/wp\/v2\/users\/1"}],"replies":[{"embeddable":true,"href":"http:\/\/e-ciftlik.com\/haberler\/wp-json\/wp\/v2\/comments?post=7572"}],"version-history":[{"count":0,"href":"http:\/\/e-ciftlik.com\/haberler\/wp-json\/wp\/v2\/posts\/7572\/revisions"}],"wp:featuredmedia":[{"embeddable":true,"href":"http:\/\/e-ciftlik.com\/haberler\/wp-json\/wp\/v2\/media\/7573"}],"wp:attachment":[{"href":"http:\/\/e-ciftlik.com\/haberler\/wp-json\/wp\/v2\/media?parent=7572"}],"wp:term":[{"taxonomy":"category","embeddable":true,"href":"http:\/\/e-ciftlik.com\/haberler\/wp-json\/wp\/v2\/categories?post=7572"},{"taxonomy":"post_tag","embeddable":true,"href":"http:\/\/e-ciftlik.com\/haberler\/wp-json\/wp\/v2\/tags?post=7572"}],"curies":[{"name":"wp","href":"https:\/\/api.w.org\/{rel}","templated":true}]}}