{"id":7592,"date":"2024-06-28T03:56:16","date_gmt":"2024-06-28T03:56:16","guid":{"rendered":"http:\/\/e-ciftlik.com\/haberler\/gundem\/cevdet-yilmaz-enflasyon-2026da-tek-hanelere-inecek\/"},"modified":"2024-06-28T03:56:16","modified_gmt":"2024-06-28T03:56:16","slug":"cevdet-yilmaz-enflasyon-2026da-tek-hanelere-inecek","status":"publish","type":"post","link":"http:\/\/e-ciftlik.com\/haberler\/gundem\/cevdet-yilmaz-enflasyon-2026da-tek-hanelere-inecek\/","title":{"rendered":"Cevdet Y\u0131lmaz: Enflasyon 2026&#8217;da Tek Hanelere \u0130necek!"},"content":{"rendered":"<p>Cevdet Y\u0131lmaz&#8217;dan Net Enflasyon Mesaj\u0131: 2026 Y\u0131l\u0131nda Tek Hanelere Ula\u015faca\u011f\u0131z<\/p>\n<p>Cumhuriyet\u00e7i Ba\u015fkan Yard\u0131mc\u0131s\u0131 Cevdet Y\u0131lmaz, T\u00fcrkiye&#8217;ye daha uygun ko\u015fullarda fon ak\u0131\u015f\u0131n\u0131n olabilece\u011fini belirtti. Bu durumun \u00fclkenin kalk\u0131nmas\u0131na yard\u0131mc\u0131 olabilece\u011fini vurgulayan Y\u0131lmaz, ekonomi politikalar\u0131n\u0131n yan\u0131 s\u0131ra kara para aklama ve ter\u00f6r\u00fcn finansman\u0131 konular\u0131nda d\u00fczenlemelerin \u00f6nemli oldu\u011funu ifade etti.<\/p>\n<p>Y\u0131lmaz, Meclis&#8217;in \u00e7\u0131kartt\u0131\u011f\u0131 \u00f6nemli d\u00fczenlemeler sayesinde T\u00fcrkiye&#8217;nin hukuki anlamda eksikliklerini giderdi\u011fini s\u00f6yledi. \u00dclkenin ileti\u015fim ve siyasi karar alma s\u00fcre\u00e7lerindeki engellere ra\u011fmen kalk\u0131nma hedeflerine odakland\u0131klar\u0131n\u0131 belirten Y\u0131lmaz, ge\u00e7en y\u0131l ortaya koyduklar\u0131 Orta Vadeli Program\u0131n (OVP) \u00fc\u00e7 d\u00f6nemine de enflasyonla ilgili ciddi \u015fekilde ele al\u0131nd\u0131\u011f\u0131n\u0131 dile getirdi.<\/p>\n<p>Y\u0131lmaz, ge\u00e7i\u015f d\u00f6neminin may\u0131s ay\u0131 itibariyle tamamland\u0131\u011f\u0131n\u0131 ve enflasyonun \u00f6n\u00fcm\u00fczdeki aylarda gerileyece\u011fini \u00f6ng\u00f6rd\u00fcklerini belirtti. Haziran ay\u0131ndan itibaren enflasyonda d\u00fc\u015f\u00fc\u015fe ge\u00e7eceklerini d\u00fc\u015f\u00fcnd\u00fcklerini ifade eden Y\u0131lmaz, enflasyonun y\u0131l sonunda Merkez Bankas\u0131&#8217;n\u0131n y\u00fczde 38 tahminini esas ald\u0131klar\u0131n\u0131 s\u00f6yledi. Gelecek y\u0131l enflasyonun y\u00fczde 20&#8217;nin alt\u0131na d\u00fc\u015fece\u011fini \u00f6ng\u00f6rd\u00fcklerini belirten Y\u0131lmaz, kal\u0131c\u0131 fiyat istikrar\u0131n\u0131n sa\u011flanmas\u0131yla 2026 y\u0131l\u0131nda tek haneli enflasyon rakamlar\u0131na ula\u015facaklar\u0131na inand\u0131klar\u0131n\u0131 dile getirdi.<\/p>\n<p>Y\u0131lmaz, vatanda\u015flar\u0131n beklentilerinin y\u00fcksek oldu\u011funu ancak somut ad\u0131mlar\u0131n at\u0131ld\u0131\u011f\u0131nda bu beklentilerin kar\u015f\u0131lanaca\u011f\u0131na inand\u0131\u011f\u0131n\u0131 ifade etti. Yaz d\u00f6neminde bu beklentilerin kar\u015f\u0131lanaca\u011f\u0131na inan\u0131ld\u0131\u011f\u0131n\u0131 belirten Y\u0131lmaz, AK Parti ve Cumhur \u0130ttifak\u0131 olarak enflasyonun d\u00fc\u015f\u00fcr\u00fclmesinin temel \u00f6ncelikleri oldu\u011funu vurgulad\u0131.<\/p>\n","protected":false},"excerpt":{"rendered":"<p>Cevdet Y\u0131lmaz&#8217;dan Net Enflasyon Mesaj\u0131: 2026 Y\u0131l\u0131nda Tek Hanelere Ula\u015faca\u011f\u0131z Cumhuriyet\u00e7i Ba\u015fkan Yard\u0131mc\u0131s\u0131 Cevdet Y\u0131lmaz,&hellip;<\/p>\n","protected":false},"author":1,"featured_media":7593,"comment_status":"open","ping_status":"open","sticky":false,"template":"","format":"standard","meta":{"footnotes":""},"categories":[10],"tags":[],"class_list":["post-7592","post","type-post","status-publish","format-standard","has-post-thumbnail","hentry","category-gundem"],"yoast_head":"<!-- This site is optimized with the Yoast SEO Premium plugin v24.3 (Yoast SEO v27.4) - https:\/\/yoast.com\/product\/yoast-seo-premium-wordpress\/ -->\n<title>Cevdet Y\u0131lmaz: Enflasyon 2026&#039;da Tek Hanelere \u0130necek! - E-&Ccedil;\u0130FTL\u0130K HABER<\/title>\n<meta name=\"description\" content=\"Cevdet Y\u0131lmaz&#039;dan Net Enflasyon Mesaj\u0131: 2026 Y\u0131l\u0131nda Tek Hanelere Ula\u015faca\u011f\u0131z Cumhuriyet\u00e7i Ba\u015fkan Yard\u0131mc\u0131s\u0131 Cevdet Y\u0131lmaz, T\u00fcrkiye&#039;ye daha uygun\" \/>\n<meta name=\"robots\" content=\"index, follow, max-snippet:-1, max-image-preview:large, max-video-preview:-1\" \/>\n<link rel=\"canonical\" href=\"http:\/\/e-ciftlik.com\/haberler\/gundem\/cevdet-yilmaz-enflasyon-2026da-tek-hanelere-inecek\/\" \/>\n<meta property=\"og:locale\" content=\"tr_TR\" \/>\n<meta property=\"og:type\" content=\"article\" \/>\n<meta property=\"og:title\" content=\"Cevdet Y\u0131lmaz: Enflasyon 2026&#039;da Tek Hanelere \u0130necek!\" \/>\n<meta property=\"og:description\" content=\"Cevdet Y\u0131lmaz&#039;dan Net Enflasyon Mesaj\u0131: 2026 Y\u0131l\u0131nda Tek Hanelere Ula\u015faca\u011f\u0131z Cumhuriyet\u00e7i Ba\u015fkan Yard\u0131mc\u0131s\u0131 Cevdet Y\u0131lmaz, T\u00fcrkiye&#039;ye daha uygun\" \/>\n<meta property=\"og:url\" content=\"http:\/\/e-ciftlik.com\/haberler\/gundem\/cevdet-yilmaz-enflasyon-2026da-tek-hanelere-inecek\/\" \/>\n<meta property=\"og:site_name\" content=\"E-&Ccedil;\u0130FTL\u0130K HABER\" \/>\n<meta property=\"article:publisher\" content=\"https:\/\/www.facebook.com\/eciftlikturkiye\" \/>\n<meta property=\"article:published_time\" content=\"2024-06-28T03:56:16+00:00\" \/>\n<meta property=\"og:image\" content=\"http:\/\/e-ciftlik.com\/haberler\/wp-content\/uploads\/2024\/06\/cb-yardimcisi-cevdet-yilmazdan-net-enflasyon-mesaji-2026-yilinda-tek-hanelere-ulasacagiz-1719520174156.jpg\" \/>\n\t<meta property=\"og:image:width\" content=\"1200\" \/>\n\t<meta property=\"og:image:height\" content=\"675\" \/>\n\t<meta property=\"og:image:type\" content=\"image\/jpeg\" \/>\n<meta name=\"author\" content=\"Haber Merkezi\" \/>\n<meta name=\"twitter:card\" content=\"summary_large_image\" \/>\n<meta name=\"twitter:creator\" content=\"@eciftlikresmi\" \/>\n<meta name=\"twitter:site\" content=\"@eciftlikresmi\" \/>\n<meta name=\"twitter:label1\" content=\"Yazan:\" \/>\n\t<meta name=\"twitter:data1\" content=\"Haber Merkezi\" \/>\n\t<meta name=\"twitter:label2\" content=\"Tahmini okuma s\u00fcresi\" \/>\n\t<meta name=\"twitter:data2\" content=\"1 dakika\" \/>\n<script type=\"application\/ld+json\" class=\"yoast-schema-graph\">{\"@context\":\"https:\\\/\\\/schema.org\",\"@graph\":[{\"@type\":\"NewsArticle\",\"@id\":\"http:\\\/\\\/e-ciftlik.com\\\/haberler\\\/gundem\\\/cevdet-yilmaz-enflasyon-2026da-tek-hanelere-inecek\\\/#article\",\"isPartOf\":{\"@id\":\"http:\\\/\\\/e-ciftlik.com\\\/haberler\\\/gundem\\\/cevdet-yilmaz-enflasyon-2026da-tek-hanelere-inecek\\\/\"},\"author\":{\"name\":\"Haber Merkezi\",\"@id\":\"https:\\\/\\\/e-ciftlik.com\\\/haberler\\\/#\\\/schema\\\/person\\\/d2f4fee3143d7f72be82cb887d51b00a\"},\"headline\":\"Cevdet Y\u0131lmaz: Enflasyon 2026&#8217;da Tek Hanelere \u0130necek!\",\"datePublished\":\"2024-06-28T03:56:16+00:00\",\"mainEntityOfPage\":{\"@id\":\"http:\\\/\\\/e-ciftlik.com\\\/haberler\\\/gundem\\\/cevdet-yilmaz-enflasyon-2026da-tek-hanelere-inecek\\\/\"},\"wordCount\":305,\"commentCount\":0,\"publisher\":{\"@id\":\"https:\\\/\\\/e-ciftlik.com\\\/haberler\\\/#organization\"},\"image\":{\"@id\":\"http:\\\/\\\/e-ciftlik.com\\\/haberler\\\/gundem\\\/cevdet-yilmaz-enflasyon-2026da-tek-hanelere-inecek\\\/#primaryimage\"},\"thumbnailUrl\":\"http:\\\/\\\/e-ciftlik.com\\\/haberler\\\/wp-content\\\/uploads\\\/2024\\\/06\\\/cb-yardimcisi-cevdet-yilmazdan-net-enflasyon-mesaji-2026-yilinda-tek-hanelere-ulasacagiz-1719520174156.jpg\",\"articleSection\":[\"G\u00fcndem\"],\"inLanguage\":\"tr\",\"potentialAction\":[{\"@type\":\"CommentAction\",\"name\":\"Comment\",\"target\":[\"http:\\\/\\\/e-ciftlik.com\\\/haberler\\\/gundem\\\/cevdet-yilmaz-enflasyon-2026da-tek-hanelere-inecek\\\/#respond\"]}]},{\"@type\":\"WebPage\",\"@id\":\"http:\\\/\\\/e-ciftlik.com\\\/haberler\\\/gundem\\\/cevdet-yilmaz-enflasyon-2026da-tek-hanelere-inecek\\\/\",\"url\":\"http:\\\/\\\/e-ciftlik.com\\\/haberler\\\/gundem\\\/cevdet-yilmaz-enflasyon-2026da-tek-hanelere-inecek\\\/\",\"name\":\"Cevdet Y\u0131lmaz: Enflasyon 2026'da Tek Hanelere \u0130necek! - E-&Ccedil;\u0130FTL\u0130K HABER\",\"isPartOf\":{\"@id\":\"https:\\\/\\\/e-ciftlik.com\\\/haberler\\\/#website\"},\"primaryImageOfPage\":{\"@id\":\"http:\\\/\\\/e-ciftlik.com\\\/haberler\\\/gundem\\\/cevdet-yilmaz-enflasyon-2026da-tek-hanelere-inecek\\\/#primaryimage\"},\"image\":{\"@id\":\"http:\\\/\\\/e-ciftlik.com\\\/haberler\\\/gundem\\\/cevdet-yilmaz-enflasyon-2026da-tek-hanelere-inecek\\\/#primaryimage\"},\"thumbnailUrl\":\"http:\\\/\\\/e-ciftlik.com\\\/haberler\\\/wp-content\\\/uploads\\\/2024\\\/06\\\/cb-yardimcisi-cevdet-yilmazdan-net-enflasyon-mesaji-2026-yilinda-tek-hanelere-ulasacagiz-1719520174156.jpg\",\"datePublished\":\"2024-06-28T03:56:16+00:00\",\"description\":\"Cevdet Y\u0131lmaz'dan Net Enflasyon Mesaj\u0131: 2026 Y\u0131l\u0131nda Tek Hanelere Ula\u015faca\u011f\u0131z Cumhuriyet\u00e7i Ba\u015fkan Yard\u0131mc\u0131s\u0131 Cevdet Y\u0131lmaz, T\u00fcrkiye'ye daha uygun\",\"breadcrumb\":{\"@id\":\"http:\\\/\\\/e-ciftlik.com\\\/haberler\\\/gundem\\\/cevdet-yilmaz-enflasyon-2026da-tek-hanelere-inecek\\\/#breadcrumb\"},\"inLanguage\":\"tr\",\"potentialAction\":[{\"@type\":\"ReadAction\",\"target\":[\"http:\\\/\\\/e-ciftlik.com\\\/haberler\\\/gundem\\\/cevdet-yilmaz-enflasyon-2026da-tek-hanelere-inecek\\\/\"]}]},{\"@type\":\"ImageObject\",\"inLanguage\":\"tr\",\"@id\":\"http:\\\/\\\/e-ciftlik.com\\\/haberler\\\/gundem\\\/cevdet-yilmaz-enflasyon-2026da-tek-hanelere-inecek\\\/#primaryimage\",\"url\":\"http:\\\/\\\/e-ciftlik.com\\\/haberler\\\/wp-content\\\/uploads\\\/2024\\\/06\\\/cb-yardimcisi-cevdet-yilmazdan-net-enflasyon-mesaji-2026-yilinda-tek-hanelere-ulasacagiz-1719520174156.jpg\",\"contentUrl\":\"http:\\\/\\\/e-ciftlik.com\\\/haberler\\\/wp-content\\\/uploads\\\/2024\\\/06\\\/cb-yardimcisi-cevdet-yilmazdan-net-enflasyon-mesaji-2026-yilinda-tek-hanelere-ulasacagiz-1719520174156.jpg\",\"width\":1200,\"height\":675},{\"@type\":\"BreadcrumbList\",\"@id\":\"http:\\\/\\\/e-ciftlik.com\\\/haberler\\\/gundem\\\/cevdet-yilmaz-enflasyon-2026da-tek-hanelere-inecek\\\/#breadcrumb\",\"itemListElement\":[{\"@type\":\"ListItem\",\"position\":1,\"name\":\"Anasayfa\",\"item\":\"https:\\\/\\\/e-ciftlik.com\\\/haberler\\\/\"},{\"@type\":\"ListItem\",\"position\":2,\"name\":\"Cevdet Y\u0131lmaz: Enflasyon 2026&#8217;da Tek Hanelere \u0130necek!\"}]},{\"@type\":\"WebSite\",\"@id\":\"https:\\\/\\\/e-ciftlik.com\\\/haberler\\\/#website\",\"url\":\"https:\\\/\\\/e-ciftlik.com\\\/haberler\\\/\",\"name\":\"E-\u00c7iftlik Haber | G\u00fcncel, Son Dakika Haberler, En Son Haber\",\"description\":\"\",\"publisher\":{\"@id\":\"https:\\\/\\\/e-ciftlik.com\\\/haberler\\\/#organization\"},\"potentialAction\":[{\"@type\":\"SearchAction\",\"target\":{\"@type\":\"EntryPoint\",\"urlTemplate\":\"https:\\\/\\\/e-ciftlik.com\\\/haberler\\\/?s={search_term_string}\"},\"query-input\":{\"@type\":\"PropertyValueSpecification\",\"valueRequired\":true,\"valueName\":\"search_term_string\"}}],\"inLanguage\":\"tr\"},{\"@type\":\"Organization\",\"@id\":\"https:\\\/\\\/e-ciftlik.com\\\/haberler\\\/#organization\",\"name\":\"E-\u00c7\u0130FTL\u0130K HABER\",\"url\":\"https:\\\/\\\/e-ciftlik.com\\\/haberler\\\/\",\"logo\":{\"@type\":\"ImageObject\",\"inLanguage\":\"tr\",\"@id\":\"https:\\\/\\\/e-ciftlik.com\\\/haberler\\\/#\\\/schema\\\/logo\\\/image\\\/\",\"url\":\"http:\\\/\\\/e-ciftlik.com\\\/haberler\\\/wp-content\\\/uploads\\\/2024\\\/06\\\/cropped-cropped-favicon-1-2.png\",\"contentUrl\":\"http:\\\/\\\/e-ciftlik.com\\\/haberler\\\/wp-content\\\/uploads\\\/2024\\\/06\\\/cropped-cropped-favicon-1-2.png\",\"width\":512,\"height\":512,\"caption\":\"E-\u00c7\u0130FTL\u0130K HABER\"},\"image\":{\"@id\":\"https:\\\/\\\/e-ciftlik.com\\\/haberler\\\/#\\\/schema\\\/logo\\\/image\\\/\"},\"sameAs\":[\"https:\\\/\\\/www.facebook.com\\\/eciftlikturkiye\",\"https:\\\/\\\/x.com\\\/eciftlikresmi\",\"https:\\\/\\\/www.instagram.com\\\/eciftlikresmi\\\/\"]},{\"@type\":\"Person\",\"@id\":\"https:\\\/\\\/e-ciftlik.com\\\/haberler\\\/#\\\/schema\\\/person\\\/d2f4fee3143d7f72be82cb887d51b00a\",\"name\":\"Haber Merkezi\",\"image\":{\"@type\":\"ImageObject\",\"inLanguage\":\"tr\",\"@id\":\"https:\\\/\\\/secure.gravatar.com\\\/avatar\\\/6c27d641914e66c1d0452c92716002398782818991d86db1c2cccb531e7c7c82?s=96&d=mm&r=g\",\"url\":\"https:\\\/\\\/secure.gravatar.com\\\/avatar\\\/6c27d641914e66c1d0452c92716002398782818991d86db1c2cccb531e7c7c82?s=96&d=mm&r=g\",\"contentUrl\":\"https:\\\/\\\/secure.gravatar.com\\\/avatar\\\/6c27d641914e66c1d0452c92716002398782818991d86db1c2cccb531e7c7c82?s=96&d=mm&r=g\",\"caption\":\"Haber Merkezi\"},\"sameAs\":[\"http:\\\/\\\/e-ciftlik.com\\\/haberler\"]}]}<\/script>\n<!-- \/ Yoast SEO Premium plugin. -->","yoast_head_json":{"title":"Cevdet Y\u0131lmaz: Enflasyon 2026'da Tek Hanelere \u0130necek! - E-&Ccedil;\u0130FTL\u0130K HABER","description":"Cevdet Y\u0131lmaz'dan Net Enflasyon Mesaj\u0131: 2026 Y\u0131l\u0131nda Tek Hanelere Ula\u015faca\u011f\u0131z Cumhuriyet\u00e7i Ba\u015fkan Yard\u0131mc\u0131s\u0131 Cevdet Y\u0131lmaz, T\u00fcrkiye'ye daha uygun","robots":{"index":"index","follow":"follow","max-snippet":"max-snippet:-1","max-image-preview":"max-image-preview:large","max-video-preview":"max-video-preview:-1"},"canonical":"http:\/\/e-ciftlik.com\/haberler\/gundem\/cevdet-yilmaz-enflasyon-2026da-tek-hanelere-inecek\/","og_locale":"tr_TR","og_type":"article","og_title":"Cevdet Y\u0131lmaz: Enflasyon 2026'da Tek Hanelere \u0130necek!","og_description":"Cevdet Y\u0131lmaz'dan Net Enflasyon Mesaj\u0131: 2026 Y\u0131l\u0131nda Tek Hanelere Ula\u015faca\u011f\u0131z Cumhuriyet\u00e7i Ba\u015fkan Yard\u0131mc\u0131s\u0131 Cevdet Y\u0131lmaz, T\u00fcrkiye'ye daha uygun","og_url":"http:\/\/e-ciftlik.com\/haberler\/gundem\/cevdet-yilmaz-enflasyon-2026da-tek-hanelere-inecek\/","og_site_name":"E-&Ccedil;\u0130FTL\u0130K HABER","article_publisher":"https:\/\/www.facebook.com\/eciftlikturkiye","article_published_time":"2024-06-28T03:56:16+00:00","og_image":[{"width":1200,"height":675,"url":"http:\/\/e-ciftlik.com\/haberler\/wp-content\/uploads\/2024\/06\/cb-yardimcisi-cevdet-yilmazdan-net-enflasyon-mesaji-2026-yilinda-tek-hanelere-ulasacagiz-1719520174156.jpg","type":"image\/jpeg"}],"author":"Haber Merkezi","twitter_card":"summary_large_image","twitter_creator":"@eciftlikresmi","twitter_site":"@eciftlikresmi","twitter_misc":{"Yazan:":"Haber Merkezi","Tahmini okuma s\u00fcresi":"1 dakika"},"schema":{"@context":"https:\/\/schema.org","@graph":[{"@type":"NewsArticle","@id":"http:\/\/e-ciftlik.com\/haberler\/gundem\/cevdet-yilmaz-enflasyon-2026da-tek-hanelere-inecek\/#article","isPartOf":{"@id":"http:\/\/e-ciftlik.com\/haberler\/gundem\/cevdet-yilmaz-enflasyon-2026da-tek-hanelere-inecek\/"},"author":{"name":"Haber Merkezi","@id":"https:\/\/e-ciftlik.com\/haberler\/#\/schema\/person\/d2f4fee3143d7f72be82cb887d51b00a"},"headline":"Cevdet Y\u0131lmaz: Enflasyon 2026&#8217;da Tek Hanelere \u0130necek!","datePublished":"2024-06-28T03:56:16+00:00","mainEntityOfPage":{"@id":"http:\/\/e-ciftlik.com\/haberler\/gundem\/cevdet-yilmaz-enflasyon-2026da-tek-hanelere-inecek\/"},"wordCount":305,"commentCount":0,"publisher":{"@id":"https:\/\/e-ciftlik.com\/haberler\/#organization"},"image":{"@id":"http:\/\/e-ciftlik.com\/haberler\/gundem\/cevdet-yilmaz-enflasyon-2026da-tek-hanelere-inecek\/#primaryimage"},"thumbnailUrl":"http:\/\/e-ciftlik.com\/haberler\/wp-content\/uploads\/2024\/06\/cb-yardimcisi-cevdet-yilmazdan-net-enflasyon-mesaji-2026-yilinda-tek-hanelere-ulasacagiz-1719520174156.jpg","articleSection":["G\u00fcndem"],"inLanguage":"tr","potentialAction":[{"@type":"CommentAction","name":"Comment","target":["http:\/\/e-ciftlik.com\/haberler\/gundem\/cevdet-yilmaz-enflasyon-2026da-tek-hanelere-inecek\/#respond"]}]},{"@type":"WebPage","@id":"http:\/\/e-ciftlik.com\/haberler\/gundem\/cevdet-yilmaz-enflasyon-2026da-tek-hanelere-inecek\/","url":"http:\/\/e-ciftlik.com\/haberler\/gundem\/cevdet-yilmaz-enflasyon-2026da-tek-hanelere-inecek\/","name":"Cevdet Y\u0131lmaz: Enflasyon 2026'da Tek Hanelere \u0130necek! - E-&Ccedil;\u0130FTL\u0130K HABER","isPartOf":{"@id":"https:\/\/e-ciftlik.com\/haberler\/#website"},"primaryImageOfPage":{"@id":"http:\/\/e-ciftlik.com\/haberler\/gundem\/cevdet-yilmaz-enflasyon-2026da-tek-hanelere-inecek\/#primaryimage"},"image":{"@id":"http:\/\/e-ciftlik.com\/haberler\/gundem\/cevdet-yilmaz-enflasyon-2026da-tek-hanelere-inecek\/#primaryimage"},"thumbnailUrl":"http:\/\/e-ciftlik.com\/haberler\/wp-content\/uploads\/2024\/06\/cb-yardimcisi-cevdet-yilmazdan-net-enflasyon-mesaji-2026-yilinda-tek-hanelere-ulasacagiz-1719520174156.jpg","datePublished":"2024-06-28T03:56:16+00:00","description":"Cevdet Y\u0131lmaz'dan Net Enflasyon Mesaj\u0131: 2026 Y\u0131l\u0131nda Tek Hanelere Ula\u015faca\u011f\u0131z Cumhuriyet\u00e7i Ba\u015fkan Yard\u0131mc\u0131s\u0131 Cevdet Y\u0131lmaz, T\u00fcrkiye'ye daha uygun","breadcrumb":{"@id":"http:\/\/e-ciftlik.com\/haberler\/gundem\/cevdet-yilmaz-enflasyon-2026da-tek-hanelere-inecek\/#breadcrumb"},"inLanguage":"tr","potentialAction":[{"@type":"ReadAction","target":["http:\/\/e-ciftlik.com\/haberler\/gundem\/cevdet-yilmaz-enflasyon-2026da-tek-hanelere-inecek\/"]}]},{"@type":"ImageObject","inLanguage":"tr","@id":"http:\/\/e-ciftlik.com\/haberler\/gundem\/cevdet-yilmaz-enflasyon-2026da-tek-hanelere-inecek\/#primaryimage","url":"http:\/\/e-ciftlik.com\/haberler\/wp-content\/uploads\/2024\/06\/cb-yardimcisi-cevdet-yilmazdan-net-enflasyon-mesaji-2026-yilinda-tek-hanelere-ulasacagiz-1719520174156.jpg","contentUrl":"http:\/\/e-ciftlik.com\/haberler\/wp-content\/uploads\/2024\/06\/cb-yardimcisi-cevdet-yilmazdan-net-enflasyon-mesaji-2026-yilinda-tek-hanelere-ulasacagiz-1719520174156.jpg","width":1200,"height":675},{"@type":"BreadcrumbList","@id":"http:\/\/e-ciftlik.com\/haberler\/gundem\/cevdet-yilmaz-enflasyon-2026da-tek-hanelere-inecek\/#breadcrumb","itemListElement":[{"@type":"ListItem","position":1,"name":"Anasayfa","item":"https:\/\/e-ciftlik.com\/haberler\/"},{"@type":"ListItem","position":2,"name":"Cevdet Y\u0131lmaz: Enflasyon 2026&#8217;da Tek Hanelere \u0130necek!"}]},{"@type":"WebSite","@id":"https:\/\/e-ciftlik.com\/haberler\/#website","url":"https:\/\/e-ciftlik.com\/haberler\/","name":"E-\u00c7iftlik Haber | G\u00fcncel, Son Dakika Haberler, En Son Haber","description":"","publisher":{"@id":"https:\/\/e-ciftlik.com\/haberler\/#organization"},"potentialAction":[{"@type":"SearchAction","target":{"@type":"EntryPoint","urlTemplate":"https:\/\/e-ciftlik.com\/haberler\/?s={search_term_string}"},"query-input":{"@type":"PropertyValueSpecification","valueRequired":true,"valueName":"search_term_string"}}],"inLanguage":"tr"},{"@type":"Organization","@id":"https:\/\/e-ciftlik.com\/haberler\/#organization","name":"E-\u00c7\u0130FTL\u0130K HABER","url":"https:\/\/e-ciftlik.com\/haberler\/","logo":{"@type":"ImageObject","inLanguage":"tr","@id":"https:\/\/e-ciftlik.com\/haberler\/#\/schema\/logo\/image\/","url":"http:\/\/e-ciftlik.com\/haberler\/wp-content\/uploads\/2024\/06\/cropped-cropped-favicon-1-2.png","contentUrl":"http:\/\/e-ciftlik.com\/haberler\/wp-content\/uploads\/2024\/06\/cropped-cropped-favicon-1-2.png","width":512,"height":512,"caption":"E-\u00c7\u0130FTL\u0130K HABER"},"image":{"@id":"https:\/\/e-ciftlik.com\/haberler\/#\/schema\/logo\/image\/"},"sameAs":["https:\/\/www.facebook.com\/eciftlikturkiye","https:\/\/x.com\/eciftlikresmi","https:\/\/www.instagram.com\/eciftlikresmi\/"]},{"@type":"Person","@id":"https:\/\/e-ciftlik.com\/haberler\/#\/schema\/person\/d2f4fee3143d7f72be82cb887d51b00a","name":"Haber Merkezi","image":{"@type":"ImageObject","inLanguage":"tr","@id":"https:\/\/secure.gravatar.com\/avatar\/6c27d641914e66c1d0452c92716002398782818991d86db1c2cccb531e7c7c82?s=96&d=mm&r=g","url":"https:\/\/secure.gravatar.com\/avatar\/6c27d641914e66c1d0452c92716002398782818991d86db1c2cccb531e7c7c82?s=96&d=mm&r=g","contentUrl":"https:\/\/secure.gravatar.com\/avatar\/6c27d641914e66c1d0452c92716002398782818991d86db1c2cccb531e7c7c82?s=96&d=mm&r=g","caption":"Haber Merkezi"},"sameAs":["http:\/\/e-ciftlik.com\/haberler"]}]}},"_links":{"self":[{"href":"http:\/\/e-ciftlik.com\/haberler\/wp-json\/wp\/v2\/posts\/7592","targetHints":{"allow":["GET"]}}],"collection":[{"href":"http:\/\/e-ciftlik.com\/haberler\/wp-json\/wp\/v2\/posts"}],"about":[{"href":"http:\/\/e-ciftlik.com\/haberler\/wp-json\/wp\/v2\/types\/post"}],"author":[{"embeddable":true,"href":"http:\/\/e-ciftlik.com\/haberler\/wp-json\/wp\/v2\/users\/1"}],"replies":[{"embeddable":true,"href":"http:\/\/e-ciftlik.com\/haberler\/wp-json\/wp\/v2\/comments?post=7592"}],"version-history":[{"count":0,"href":"http:\/\/e-ciftlik.com\/haberler\/wp-json\/wp\/v2\/posts\/7592\/revisions"}],"wp:featuredmedia":[{"embeddable":true,"href":"http:\/\/e-ciftlik.com\/haberler\/wp-json\/wp\/v2\/media\/7593"}],"wp:attachment":[{"href":"http:\/\/e-ciftlik.com\/haberler\/wp-json\/wp\/v2\/media?parent=7592"}],"wp:term":[{"taxonomy":"category","embeddable":true,"href":"http:\/\/e-ciftlik.com\/haberler\/wp-json\/wp\/v2\/categories?post=7592"},{"taxonomy":"post_tag","embeddable":true,"href":"http:\/\/e-ciftlik.com\/haberler\/wp-json\/wp\/v2\/tags?post=7592"}],"curies":[{"name":"wp","href":"https:\/\/api.w.org\/{rel}","templated":true}]}}