{"id":76282,"date":"2025-01-30T12:38:00","date_gmt":"2025-01-30T12:38:00","guid":{"rendered":"http:\/\/e-ciftlik.com\/haberler\/tarim\/tudkiyeb-baskani-karadenizde-kucukbas-hayvanciligi-konustu\/"},"modified":"2025-01-30T12:38:00","modified_gmt":"2025-01-30T12:38:00","slug":"tudkiyeb-baskani-karadenizde-kucukbas-hayvanciligi-konustu","status":"publish","type":"post","link":"http:\/\/e-ciftlik.com\/haberler\/tarim\/tudkiyeb-baskani-karadenizde-kucukbas-hayvanciligi-konustu\/","title":{"rendered":"T\u00dcDK\u0130YEB Ba\u015fkan\u0131 Karadeniz&#8217;de K\u00fc\u00e7\u00fckba\u015f Hayvanc\u0131l\u0131\u011f\u0131 Konu\u015ftu"},"content":{"rendered":"<p>T\u00dcDK\u0130YEB Ba\u015fkan\u0131 Nihat \u00c7elik, Karadeniz&#8217;deki Dam\u0131zl\u0131k Koyun Ke\u00e7i Yeti\u015ftiricileri Birli\u011fi Ba\u015fkanlar\u0131yla Bulu\u015ftu<\/p>\n<p>T\u00fcrkiye Dam\u0131zl\u0131k Koyun Ke\u00e7i Yeti\u015ftiricileri Merkez Birli\u011fi (T\u00dcDK\u0130YEB) Genel Ba\u015fkan\u0131 Nihat \u00c7elik, Trabzon&#8217;da ger\u00e7ekle\u015fen toplant\u0131da Karadeniz b\u00f6lgesindeki dam\u0131zl\u0131k koyun ke\u00e7i yeti\u015ftiricileri birli\u011fi ba\u015fkanlar\u0131yla bir araya geldi. Ak\u00e7aabat il\u00e7esindeki bir otelde d\u00fczenlenen toplant\u0131da konu\u015fan T\u00dcDK\u0130YEB Ba\u015fkan\u0131 \u00c7elik, sahada ya\u015fanan sorun ve s\u0131k\u0131nt\u0131lar\u0131 tespit etmek amac\u0131yla isti\u015fare toplant\u0131lar\u0131 d\u00fczenlediklerini belirtti.<\/p>\n<p>\u00c7elik, k\u00fc\u00e7\u00fckba\u015f hayvan yeti\u015ftiricilerinin tar\u0131m\u0131n her alan\u0131nda \u00f6nemli bir yere sahip oldu\u011funu vurgulayarak, &#8220;K\u00fc\u00e7\u00fckba\u015f varsa tar\u0131m vard\u0131r, k\u00fc\u00e7\u00fckba\u015f varsa g\u0131da vard\u0131r. Dolay\u0131s\u0131yla 85 milyon n\u00fcfusumuzun g\u0131das\u0131n\u0131 ve g\u0131da g\u00fcvenli\u011fini sa\u011flamak \u00fczere her b\u00f6lgeye bu g\u00f6rev d\u00fc\u015fmektedir.&#8221; \u015feklinde konu\u015ftu. Karadeniz b\u00f6lgesindeki \u00e7ift\u00e7ilere \u00f6nemli g\u00f6revler d\u00fc\u015ft\u00fc\u011f\u00fcn\u00fc belirten \u00c7elik, &#8220;Karadeniz, co\u011frafyas\u0131, meralar\u0131, yaylalar\u0131, otlak alanlar\u0131yla zengin bir kayna\u011fa sahip bir b\u00f6lgedir. Karadeniz&#8217;de \u00e7ay ve f\u0131nd\u0131k kadar koyun, kuzu, ke\u00e7i ve o\u011flak da \u00f6nemlidir. Bu \u00fcretim alanlar\u0131 ekonomiye katk\u0131 sa\u011flayacak en \u00f6nemli unsurlardan biridir.&#8221; ifadelerini kulland\u0131.<\/p>\n<p>\u00c7elik, tar\u0131msal \u00fcretimin s\u00fcrd\u00fcr\u00fclebilir olmas\u0131 i\u00e7in \u00e7ift\u00e7ilerin desteklenmesi gerekti\u011fine dikkat \u00e7ekerek, &#8220;\u00dcretimde tar\u0131m\u0131n temel ta\u015flar\u0131 olan \u00e7ift\u00e7ilerimizin eme\u011fi g\u00f6z ard\u0131 edilmeden her t\u00fcrl\u00fc deste\u011fin sa\u011flanmas\u0131 gerekir. \u00c7ift\u00e7ilerimizin, \u00fcreticilerimizin eme\u011fi, 85 milyon insan\u0131n g\u0131da g\u00fcvencesini sa\u011flamak i\u00e7in \u00f6nemlidir.&#8221; dedi. \u00dcretimin artmas\u0131yla birlikte t\u00fcketicinin uygun fiyatl\u0131 g\u0131da alabilece\u011fini belirten \u00c7elik, &#8220;\u00dcretim seferberli\u011fi i\u00e7inde \u00e7ift\u00e7iler ve yeti\u015ftiriciler olarak \u00fczerimize d\u00fc\u015fen g\u00f6revi yerine getirmeliyiz.&#8221; \u015feklinde konu\u015ftu.<\/p>\n<p>Toplant\u0131da, b\u00f6lgeden gelen birlik ba\u015fkanlar\u0131n\u0131n sorunlar\u0131 ve talepleri ele al\u0131nd\u0131.<\/p>\n","protected":false},"excerpt":{"rendered":"<p>T\u00dcDK\u0130YEB Ba\u015fkan\u0131 Nihat \u00c7elik, Karadeniz&#8217;deki Dam\u0131zl\u0131k Koyun Ke\u00e7i Yeti\u015ftiricileri Birli\u011fi Ba\u015fkanlar\u0131yla Bulu\u015ftu T\u00fcrkiye Dam\u0131zl\u0131k Koyun&hellip;<\/p>\n","protected":false},"author":1,"featured_media":76283,"comment_status":"open","ping_status":"open","sticky":false,"template":"","format":"standard","meta":{"footnotes":""},"categories":[9],"tags":[],"class_list":["post-76282","post","type-post","status-publish","format-standard","has-post-thumbnail","hentry","category-tarim"],"yoast_head":"<!-- This site is optimized with the Yoast SEO Premium plugin v24.3 (Yoast SEO v27.4) - https:\/\/yoast.com\/product\/yoast-seo-premium-wordpress\/ -->\n<title>T\u00dcDK\u0130YEB Ba\u015fkan\u0131 Karadeniz&#039;de K\u00fc\u00e7\u00fckba\u015f Hayvanc\u0131l\u0131\u011f\u0131 Konu\u015ftu - E-&Ccedil;\u0130FTL\u0130K HABER<\/title>\n<meta name=\"description\" content=\"T\u00dcDK\u0130YEB Ba\u015fkan\u0131 Nihat \u00c7elik, Karadeniz&#039;deki Dam\u0131zl\u0131k Koyun Ke\u00e7i Yeti\u015ftiricileri Birli\u011fi Ba\u015fkanlar\u0131yla Bulu\u015ftu T\u00fcrkiye Dam\u0131zl\u0131k Koyun Ke\u00e7i Yeti\u015ftiricileri\" \/>\n<meta name=\"robots\" content=\"index, follow, max-snippet:-1, max-image-preview:large, max-video-preview:-1\" \/>\n<link rel=\"canonical\" href=\"http:\/\/e-ciftlik.com\/haberler\/tarim\/tudkiyeb-baskani-karadenizde-kucukbas-hayvanciligi-konustu\/\" \/>\n<meta property=\"og:locale\" content=\"tr_TR\" \/>\n<meta property=\"og:type\" content=\"article\" \/>\n<meta property=\"og:title\" content=\"T\u00dcDK\u0130YEB Ba\u015fkan\u0131 Karadeniz&#039;de K\u00fc\u00e7\u00fckba\u015f Hayvanc\u0131l\u0131\u011f\u0131 Konu\u015ftu\" \/>\n<meta property=\"og:description\" content=\"T\u00dcDK\u0130YEB Ba\u015fkan\u0131 Nihat \u00c7elik, Karadeniz&#039;deki Dam\u0131zl\u0131k Koyun Ke\u00e7i Yeti\u015ftiricileri Birli\u011fi Ba\u015fkanlar\u0131yla Bulu\u015ftu T\u00fcrkiye Dam\u0131zl\u0131k Koyun Ke\u00e7i Yeti\u015ftiricileri\" \/>\n<meta property=\"og:url\" content=\"http:\/\/e-ciftlik.com\/haberler\/tarim\/tudkiyeb-baskani-karadenizde-kucukbas-hayvanciligi-konustu\/\" \/>\n<meta property=\"og:site_name\" content=\"E-&Ccedil;\u0130FTL\u0130K HABER\" \/>\n<meta property=\"article:publisher\" content=\"https:\/\/www.facebook.com\/eciftlikturkiye\" \/>\n<meta property=\"article:published_time\" content=\"2025-01-30T12:38:00+00:00\" \/>\n<meta property=\"og:image\" content=\"http:\/\/e-ciftlik.com\/haberler\/wp-content\/uploads\/2025\/01\/tudkiyeb-baskani-celik-karadeniz-deki-besicil-18317973_amp.jpg\" \/>\n\t<meta property=\"og:image:width\" content=\"1200\" \/>\n\t<meta property=\"og:image:height\" content=\"800\" \/>\n\t<meta property=\"og:image:type\" content=\"image\/jpeg\" \/>\n<meta name=\"author\" content=\"Haber Merkezi\" \/>\n<meta name=\"twitter:card\" content=\"summary_large_image\" \/>\n<meta name=\"twitter:creator\" content=\"@eciftlikresmi\" \/>\n<meta name=\"twitter:site\" content=\"@eciftlikresmi\" \/>\n<meta name=\"twitter:label1\" content=\"Yazan:\" \/>\n\t<meta name=\"twitter:data1\" content=\"Haber Merkezi\" \/>\n\t<meta name=\"twitter:label2\" content=\"Tahmini okuma s\u00fcresi\" \/>\n\t<meta name=\"twitter:data2\" content=\"2 dakika\" \/>\n<script type=\"application\/ld+json\" class=\"yoast-schema-graph\">{\"@context\":\"https:\\\/\\\/schema.org\",\"@graph\":[{\"@type\":\"NewsArticle\",\"@id\":\"http:\\\/\\\/e-ciftlik.com\\\/haberler\\\/tarim\\\/tudkiyeb-baskani-karadenizde-kucukbas-hayvanciligi-konustu\\\/#article\",\"isPartOf\":{\"@id\":\"http:\\\/\\\/e-ciftlik.com\\\/haberler\\\/tarim\\\/tudkiyeb-baskani-karadenizde-kucukbas-hayvanciligi-konustu\\\/\"},\"author\":{\"name\":\"Haber Merkezi\",\"@id\":\"https:\\\/\\\/e-ciftlik.com\\\/haberler\\\/#\\\/schema\\\/person\\\/d2f4fee3143d7f72be82cb887d51b00a\"},\"headline\":\"T\u00dcDK\u0130YEB Ba\u015fkan\u0131 Karadeniz&#8217;de K\u00fc\u00e7\u00fckba\u015f Hayvanc\u0131l\u0131\u011f\u0131 Konu\u015ftu\",\"datePublished\":\"2025-01-30T12:38:00+00:00\",\"mainEntityOfPage\":{\"@id\":\"http:\\\/\\\/e-ciftlik.com\\\/haberler\\\/tarim\\\/tudkiyeb-baskani-karadenizde-kucukbas-hayvanciligi-konustu\\\/\"},\"wordCount\":354,\"commentCount\":0,\"publisher\":{\"@id\":\"https:\\\/\\\/e-ciftlik.com\\\/haberler\\\/#organization\"},\"image\":{\"@id\":\"http:\\\/\\\/e-ciftlik.com\\\/haberler\\\/tarim\\\/tudkiyeb-baskani-karadenizde-kucukbas-hayvanciligi-konustu\\\/#primaryimage\"},\"thumbnailUrl\":\"http:\\\/\\\/e-ciftlik.com\\\/haberler\\\/wp-content\\\/uploads\\\/2025\\\/01\\\/tudkiyeb-baskani-celik-karadeniz-deki-besicil-18317973_amp.jpg\",\"articleSection\":[\"Tar\u0131m\"],\"inLanguage\":\"tr\",\"potentialAction\":[{\"@type\":\"CommentAction\",\"name\":\"Comment\",\"target\":[\"http:\\\/\\\/e-ciftlik.com\\\/haberler\\\/tarim\\\/tudkiyeb-baskani-karadenizde-kucukbas-hayvanciligi-konustu\\\/#respond\"]}]},{\"@type\":\"WebPage\",\"@id\":\"http:\\\/\\\/e-ciftlik.com\\\/haberler\\\/tarim\\\/tudkiyeb-baskani-karadenizde-kucukbas-hayvanciligi-konustu\\\/\",\"url\":\"http:\\\/\\\/e-ciftlik.com\\\/haberler\\\/tarim\\\/tudkiyeb-baskani-karadenizde-kucukbas-hayvanciligi-konustu\\\/\",\"name\":\"T\u00dcDK\u0130YEB Ba\u015fkan\u0131 Karadeniz'de K\u00fc\u00e7\u00fckba\u015f Hayvanc\u0131l\u0131\u011f\u0131 Konu\u015ftu - E-&Ccedil;\u0130FTL\u0130K HABER\",\"isPartOf\":{\"@id\":\"https:\\\/\\\/e-ciftlik.com\\\/haberler\\\/#website\"},\"primaryImageOfPage\":{\"@id\":\"http:\\\/\\\/e-ciftlik.com\\\/haberler\\\/tarim\\\/tudkiyeb-baskani-karadenizde-kucukbas-hayvanciligi-konustu\\\/#primaryimage\"},\"image\":{\"@id\":\"http:\\\/\\\/e-ciftlik.com\\\/haberler\\\/tarim\\\/tudkiyeb-baskani-karadenizde-kucukbas-hayvanciligi-konustu\\\/#primaryimage\"},\"thumbnailUrl\":\"http:\\\/\\\/e-ciftlik.com\\\/haberler\\\/wp-content\\\/uploads\\\/2025\\\/01\\\/tudkiyeb-baskani-celik-karadeniz-deki-besicil-18317973_amp.jpg\",\"datePublished\":\"2025-01-30T12:38:00+00:00\",\"description\":\"T\u00dcDK\u0130YEB Ba\u015fkan\u0131 Nihat \u00c7elik, Karadeniz'deki Dam\u0131zl\u0131k Koyun Ke\u00e7i Yeti\u015ftiricileri Birli\u011fi Ba\u015fkanlar\u0131yla Bulu\u015ftu T\u00fcrkiye Dam\u0131zl\u0131k Koyun Ke\u00e7i Yeti\u015ftiricileri\",\"breadcrumb\":{\"@id\":\"http:\\\/\\\/e-ciftlik.com\\\/haberler\\\/tarim\\\/tudkiyeb-baskani-karadenizde-kucukbas-hayvanciligi-konustu\\\/#breadcrumb\"},\"inLanguage\":\"tr\",\"potentialAction\":[{\"@type\":\"ReadAction\",\"target\":[\"http:\\\/\\\/e-ciftlik.com\\\/haberler\\\/tarim\\\/tudkiyeb-baskani-karadenizde-kucukbas-hayvanciligi-konustu\\\/\"]}]},{\"@type\":\"ImageObject\",\"inLanguage\":\"tr\",\"@id\":\"http:\\\/\\\/e-ciftlik.com\\\/haberler\\\/tarim\\\/tudkiyeb-baskani-karadenizde-kucukbas-hayvanciligi-konustu\\\/#primaryimage\",\"url\":\"http:\\\/\\\/e-ciftlik.com\\\/haberler\\\/wp-content\\\/uploads\\\/2025\\\/01\\\/tudkiyeb-baskani-celik-karadeniz-deki-besicil-18317973_amp.jpg\",\"contentUrl\":\"http:\\\/\\\/e-ciftlik.com\\\/haberler\\\/wp-content\\\/uploads\\\/2025\\\/01\\\/tudkiyeb-baskani-celik-karadeniz-deki-besicil-18317973_amp.jpg\",\"width\":1200,\"height\":800},{\"@type\":\"BreadcrumbList\",\"@id\":\"http:\\\/\\\/e-ciftlik.com\\\/haberler\\\/tarim\\\/tudkiyeb-baskani-karadenizde-kucukbas-hayvanciligi-konustu\\\/#breadcrumb\",\"itemListElement\":[{\"@type\":\"ListItem\",\"position\":1,\"name\":\"Anasayfa\",\"item\":\"https:\\\/\\\/e-ciftlik.com\\\/haberler\\\/\"},{\"@type\":\"ListItem\",\"position\":2,\"name\":\"T\u00dcDK\u0130YEB Ba\u015fkan\u0131 Karadeniz&#8217;de K\u00fc\u00e7\u00fckba\u015f Hayvanc\u0131l\u0131\u011f\u0131 Konu\u015ftu\"}]},{\"@type\":\"WebSite\",\"@id\":\"https:\\\/\\\/e-ciftlik.com\\\/haberler\\\/#website\",\"url\":\"https:\\\/\\\/e-ciftlik.com\\\/haberler\\\/\",\"name\":\"E-\u00c7iftlik Haber | G\u00fcncel, Son Dakika Haberler, En Son Haber\",\"description\":\"\",\"publisher\":{\"@id\":\"https:\\\/\\\/e-ciftlik.com\\\/haberler\\\/#organization\"},\"potentialAction\":[{\"@type\":\"SearchAction\",\"target\":{\"@type\":\"EntryPoint\",\"urlTemplate\":\"https:\\\/\\\/e-ciftlik.com\\\/haberler\\\/?s={search_term_string}\"},\"query-input\":{\"@type\":\"PropertyValueSpecification\",\"valueRequired\":true,\"valueName\":\"search_term_string\"}}],\"inLanguage\":\"tr\"},{\"@type\":\"Organization\",\"@id\":\"https:\\\/\\\/e-ciftlik.com\\\/haberler\\\/#organization\",\"name\":\"E-\u00c7\u0130FTL\u0130K HABER\",\"url\":\"https:\\\/\\\/e-ciftlik.com\\\/haberler\\\/\",\"logo\":{\"@type\":\"ImageObject\",\"inLanguage\":\"tr\",\"@id\":\"https:\\\/\\\/e-ciftlik.com\\\/haberler\\\/#\\\/schema\\\/logo\\\/image\\\/\",\"url\":\"http:\\\/\\\/e-ciftlik.com\\\/haberler\\\/wp-content\\\/uploads\\\/2024\\\/06\\\/cropped-cropped-favicon-1-2.png\",\"contentUrl\":\"http:\\\/\\\/e-ciftlik.com\\\/haberler\\\/wp-content\\\/uploads\\\/2024\\\/06\\\/cropped-cropped-favicon-1-2.png\",\"width\":512,\"height\":512,\"caption\":\"E-\u00c7\u0130FTL\u0130K HABER\"},\"image\":{\"@id\":\"https:\\\/\\\/e-ciftlik.com\\\/haberler\\\/#\\\/schema\\\/logo\\\/image\\\/\"},\"sameAs\":[\"https:\\\/\\\/www.facebook.com\\\/eciftlikturkiye\",\"https:\\\/\\\/x.com\\\/eciftlikresmi\",\"https:\\\/\\\/www.instagram.com\\\/eciftlikresmi\\\/\"]},{\"@type\":\"Person\",\"@id\":\"https:\\\/\\\/e-ciftlik.com\\\/haberler\\\/#\\\/schema\\\/person\\\/d2f4fee3143d7f72be82cb887d51b00a\",\"name\":\"Haber Merkezi\",\"image\":{\"@type\":\"ImageObject\",\"inLanguage\":\"tr\",\"@id\":\"https:\\\/\\\/secure.gravatar.com\\\/avatar\\\/6c27d641914e66c1d0452c92716002398782818991d86db1c2cccb531e7c7c82?s=96&d=mm&r=g\",\"url\":\"https:\\\/\\\/secure.gravatar.com\\\/avatar\\\/6c27d641914e66c1d0452c92716002398782818991d86db1c2cccb531e7c7c82?s=96&d=mm&r=g\",\"contentUrl\":\"https:\\\/\\\/secure.gravatar.com\\\/avatar\\\/6c27d641914e66c1d0452c92716002398782818991d86db1c2cccb531e7c7c82?s=96&d=mm&r=g\",\"caption\":\"Haber Merkezi\"},\"sameAs\":[\"http:\\\/\\\/e-ciftlik.com\\\/haberler\"]}]}<\/script>\n<!-- \/ Yoast SEO Premium plugin. -->","yoast_head_json":{"title":"T\u00dcDK\u0130YEB Ba\u015fkan\u0131 Karadeniz'de K\u00fc\u00e7\u00fckba\u015f Hayvanc\u0131l\u0131\u011f\u0131 Konu\u015ftu - E-&Ccedil;\u0130FTL\u0130K HABER","description":"T\u00dcDK\u0130YEB Ba\u015fkan\u0131 Nihat \u00c7elik, Karadeniz'deki Dam\u0131zl\u0131k Koyun Ke\u00e7i Yeti\u015ftiricileri Birli\u011fi Ba\u015fkanlar\u0131yla Bulu\u015ftu T\u00fcrkiye Dam\u0131zl\u0131k Koyun Ke\u00e7i Yeti\u015ftiricileri","robots":{"index":"index","follow":"follow","max-snippet":"max-snippet:-1","max-image-preview":"max-image-preview:large","max-video-preview":"max-video-preview:-1"},"canonical":"http:\/\/e-ciftlik.com\/haberler\/tarim\/tudkiyeb-baskani-karadenizde-kucukbas-hayvanciligi-konustu\/","og_locale":"tr_TR","og_type":"article","og_title":"T\u00dcDK\u0130YEB Ba\u015fkan\u0131 Karadeniz'de K\u00fc\u00e7\u00fckba\u015f Hayvanc\u0131l\u0131\u011f\u0131 Konu\u015ftu","og_description":"T\u00dcDK\u0130YEB Ba\u015fkan\u0131 Nihat \u00c7elik, Karadeniz'deki Dam\u0131zl\u0131k Koyun Ke\u00e7i Yeti\u015ftiricileri Birli\u011fi Ba\u015fkanlar\u0131yla Bulu\u015ftu T\u00fcrkiye Dam\u0131zl\u0131k Koyun Ke\u00e7i Yeti\u015ftiricileri","og_url":"http:\/\/e-ciftlik.com\/haberler\/tarim\/tudkiyeb-baskani-karadenizde-kucukbas-hayvanciligi-konustu\/","og_site_name":"E-&Ccedil;\u0130FTL\u0130K HABER","article_publisher":"https:\/\/www.facebook.com\/eciftlikturkiye","article_published_time":"2025-01-30T12:38:00+00:00","og_image":[{"width":1200,"height":800,"url":"http:\/\/e-ciftlik.com\/haberler\/wp-content\/uploads\/2025\/01\/tudkiyeb-baskani-celik-karadeniz-deki-besicil-18317973_amp.jpg","type":"image\/jpeg"}],"author":"Haber Merkezi","twitter_card":"summary_large_image","twitter_creator":"@eciftlikresmi","twitter_site":"@eciftlikresmi","twitter_misc":{"Yazan:":"Haber Merkezi","Tahmini okuma s\u00fcresi":"2 dakika"},"schema":{"@context":"https:\/\/schema.org","@graph":[{"@type":"NewsArticle","@id":"http:\/\/e-ciftlik.com\/haberler\/tarim\/tudkiyeb-baskani-karadenizde-kucukbas-hayvanciligi-konustu\/#article","isPartOf":{"@id":"http:\/\/e-ciftlik.com\/haberler\/tarim\/tudkiyeb-baskani-karadenizde-kucukbas-hayvanciligi-konustu\/"},"author":{"name":"Haber Merkezi","@id":"https:\/\/e-ciftlik.com\/haberler\/#\/schema\/person\/d2f4fee3143d7f72be82cb887d51b00a"},"headline":"T\u00dcDK\u0130YEB Ba\u015fkan\u0131 Karadeniz&#8217;de K\u00fc\u00e7\u00fckba\u015f Hayvanc\u0131l\u0131\u011f\u0131 Konu\u015ftu","datePublished":"2025-01-30T12:38:00+00:00","mainEntityOfPage":{"@id":"http:\/\/e-ciftlik.com\/haberler\/tarim\/tudkiyeb-baskani-karadenizde-kucukbas-hayvanciligi-konustu\/"},"wordCount":354,"commentCount":0,"publisher":{"@id":"https:\/\/e-ciftlik.com\/haberler\/#organization"},"image":{"@id":"http:\/\/e-ciftlik.com\/haberler\/tarim\/tudkiyeb-baskani-karadenizde-kucukbas-hayvanciligi-konustu\/#primaryimage"},"thumbnailUrl":"http:\/\/e-ciftlik.com\/haberler\/wp-content\/uploads\/2025\/01\/tudkiyeb-baskani-celik-karadeniz-deki-besicil-18317973_amp.jpg","articleSection":["Tar\u0131m"],"inLanguage":"tr","potentialAction":[{"@type":"CommentAction","name":"Comment","target":["http:\/\/e-ciftlik.com\/haberler\/tarim\/tudkiyeb-baskani-karadenizde-kucukbas-hayvanciligi-konustu\/#respond"]}]},{"@type":"WebPage","@id":"http:\/\/e-ciftlik.com\/haberler\/tarim\/tudkiyeb-baskani-karadenizde-kucukbas-hayvanciligi-konustu\/","url":"http:\/\/e-ciftlik.com\/haberler\/tarim\/tudkiyeb-baskani-karadenizde-kucukbas-hayvanciligi-konustu\/","name":"T\u00dcDK\u0130YEB Ba\u015fkan\u0131 Karadeniz'de K\u00fc\u00e7\u00fckba\u015f Hayvanc\u0131l\u0131\u011f\u0131 Konu\u015ftu - E-&Ccedil;\u0130FTL\u0130K HABER","isPartOf":{"@id":"https:\/\/e-ciftlik.com\/haberler\/#website"},"primaryImageOfPage":{"@id":"http:\/\/e-ciftlik.com\/haberler\/tarim\/tudkiyeb-baskani-karadenizde-kucukbas-hayvanciligi-konustu\/#primaryimage"},"image":{"@id":"http:\/\/e-ciftlik.com\/haberler\/tarim\/tudkiyeb-baskani-karadenizde-kucukbas-hayvanciligi-konustu\/#primaryimage"},"thumbnailUrl":"http:\/\/e-ciftlik.com\/haberler\/wp-content\/uploads\/2025\/01\/tudkiyeb-baskani-celik-karadeniz-deki-besicil-18317973_amp.jpg","datePublished":"2025-01-30T12:38:00+00:00","description":"T\u00dcDK\u0130YEB Ba\u015fkan\u0131 Nihat \u00c7elik, Karadeniz'deki Dam\u0131zl\u0131k Koyun Ke\u00e7i Yeti\u015ftiricileri Birli\u011fi Ba\u015fkanlar\u0131yla Bulu\u015ftu T\u00fcrkiye Dam\u0131zl\u0131k Koyun Ke\u00e7i Yeti\u015ftiricileri","breadcrumb":{"@id":"http:\/\/e-ciftlik.com\/haberler\/tarim\/tudkiyeb-baskani-karadenizde-kucukbas-hayvanciligi-konustu\/#breadcrumb"},"inLanguage":"tr","potentialAction":[{"@type":"ReadAction","target":["http:\/\/e-ciftlik.com\/haberler\/tarim\/tudkiyeb-baskani-karadenizde-kucukbas-hayvanciligi-konustu\/"]}]},{"@type":"ImageObject","inLanguage":"tr","@id":"http:\/\/e-ciftlik.com\/haberler\/tarim\/tudkiyeb-baskani-karadenizde-kucukbas-hayvanciligi-konustu\/#primaryimage","url":"http:\/\/e-ciftlik.com\/haberler\/wp-content\/uploads\/2025\/01\/tudkiyeb-baskani-celik-karadeniz-deki-besicil-18317973_amp.jpg","contentUrl":"http:\/\/e-ciftlik.com\/haberler\/wp-content\/uploads\/2025\/01\/tudkiyeb-baskani-celik-karadeniz-deki-besicil-18317973_amp.jpg","width":1200,"height":800},{"@type":"BreadcrumbList","@id":"http:\/\/e-ciftlik.com\/haberler\/tarim\/tudkiyeb-baskani-karadenizde-kucukbas-hayvanciligi-konustu\/#breadcrumb","itemListElement":[{"@type":"ListItem","position":1,"name":"Anasayfa","item":"https:\/\/e-ciftlik.com\/haberler\/"},{"@type":"ListItem","position":2,"name":"T\u00dcDK\u0130YEB Ba\u015fkan\u0131 Karadeniz&#8217;de K\u00fc\u00e7\u00fckba\u015f Hayvanc\u0131l\u0131\u011f\u0131 Konu\u015ftu"}]},{"@type":"WebSite","@id":"https:\/\/e-ciftlik.com\/haberler\/#website","url":"https:\/\/e-ciftlik.com\/haberler\/","name":"E-\u00c7iftlik Haber | G\u00fcncel, Son Dakika Haberler, En Son Haber","description":"","publisher":{"@id":"https:\/\/e-ciftlik.com\/haberler\/#organization"},"potentialAction":[{"@type":"SearchAction","target":{"@type":"EntryPoint","urlTemplate":"https:\/\/e-ciftlik.com\/haberler\/?s={search_term_string}"},"query-input":{"@type":"PropertyValueSpecification","valueRequired":true,"valueName":"search_term_string"}}],"inLanguage":"tr"},{"@type":"Organization","@id":"https:\/\/e-ciftlik.com\/haberler\/#organization","name":"E-\u00c7\u0130FTL\u0130K HABER","url":"https:\/\/e-ciftlik.com\/haberler\/","logo":{"@type":"ImageObject","inLanguage":"tr","@id":"https:\/\/e-ciftlik.com\/haberler\/#\/schema\/logo\/image\/","url":"http:\/\/e-ciftlik.com\/haberler\/wp-content\/uploads\/2024\/06\/cropped-cropped-favicon-1-2.png","contentUrl":"http:\/\/e-ciftlik.com\/haberler\/wp-content\/uploads\/2024\/06\/cropped-cropped-favicon-1-2.png","width":512,"height":512,"caption":"E-\u00c7\u0130FTL\u0130K HABER"},"image":{"@id":"https:\/\/e-ciftlik.com\/haberler\/#\/schema\/logo\/image\/"},"sameAs":["https:\/\/www.facebook.com\/eciftlikturkiye","https:\/\/x.com\/eciftlikresmi","https:\/\/www.instagram.com\/eciftlikresmi\/"]},{"@type":"Person","@id":"https:\/\/e-ciftlik.com\/haberler\/#\/schema\/person\/d2f4fee3143d7f72be82cb887d51b00a","name":"Haber Merkezi","image":{"@type":"ImageObject","inLanguage":"tr","@id":"https:\/\/secure.gravatar.com\/avatar\/6c27d641914e66c1d0452c92716002398782818991d86db1c2cccb531e7c7c82?s=96&d=mm&r=g","url":"https:\/\/secure.gravatar.com\/avatar\/6c27d641914e66c1d0452c92716002398782818991d86db1c2cccb531e7c7c82?s=96&d=mm&r=g","contentUrl":"https:\/\/secure.gravatar.com\/avatar\/6c27d641914e66c1d0452c92716002398782818991d86db1c2cccb531e7c7c82?s=96&d=mm&r=g","caption":"Haber Merkezi"},"sameAs":["http:\/\/e-ciftlik.com\/haberler"]}]}},"_links":{"self":[{"href":"http:\/\/e-ciftlik.com\/haberler\/wp-json\/wp\/v2\/posts\/76282","targetHints":{"allow":["GET"]}}],"collection":[{"href":"http:\/\/e-ciftlik.com\/haberler\/wp-json\/wp\/v2\/posts"}],"about":[{"href":"http:\/\/e-ciftlik.com\/haberler\/wp-json\/wp\/v2\/types\/post"}],"author":[{"embeddable":true,"href":"http:\/\/e-ciftlik.com\/haberler\/wp-json\/wp\/v2\/users\/1"}],"replies":[{"embeddable":true,"href":"http:\/\/e-ciftlik.com\/haberler\/wp-json\/wp\/v2\/comments?post=76282"}],"version-history":[{"count":0,"href":"http:\/\/e-ciftlik.com\/haberler\/wp-json\/wp\/v2\/posts\/76282\/revisions"}],"wp:featuredmedia":[{"embeddable":true,"href":"http:\/\/e-ciftlik.com\/haberler\/wp-json\/wp\/v2\/media\/76283"}],"wp:attachment":[{"href":"http:\/\/e-ciftlik.com\/haberler\/wp-json\/wp\/v2\/media?parent=76282"}],"wp:term":[{"taxonomy":"category","embeddable":true,"href":"http:\/\/e-ciftlik.com\/haberler\/wp-json\/wp\/v2\/categories?post=76282"},{"taxonomy":"post_tag","embeddable":true,"href":"http:\/\/e-ciftlik.com\/haberler\/wp-json\/wp\/v2\/tags?post=76282"}],"curies":[{"name":"wp","href":"https:\/\/api.w.org\/{rel}","templated":true}]}}