{"id":7710,"date":"2024-06-28T13:47:58","date_gmt":"2024-06-28T13:47:58","guid":{"rendered":"https:\/\/e-ciftlik.com\/haberler\/gundem\/erdogandan-suriye-aciklamasi-iliskilerin-yeniden-kurulmamasi-icin-bir-neden-yok\/"},"modified":"2024-06-28T13:47:58","modified_gmt":"2024-06-28T13:47:58","slug":"erdogandan-suriye-aciklamasi-iliskilerin-yeniden-kurulmamasi-icin-bir-neden-yok","status":"publish","type":"post","link":"http:\/\/e-ciftlik.com\/haberler\/gundem\/erdogandan-suriye-aciklamasi-iliskilerin-yeniden-kurulmamasi-icin-bir-neden-yok\/","title":{"rendered":"Erdo\u011fan&#8217;dan Suriye A\u00e7\u0131klamas\u0131: \u0130li\u015fkilerin Yeniden Kurulmamas\u0131 \u0130\u00e7in Bir Neden Yok!"},"content":{"rendered":"<p>Ba\u015fkan Recep Tayyip Erdo\u011fan, Suriye ile ili\u015fkilerin yeniden kurulmamas\u0131 i\u00e7in herhangi bir sebep olmad\u0131\u011f\u0131n\u0131 belirterek, &#8220;Yani biz Suriye&#8217;yle bu ili\u015fkileri geli\u015ftirmekte ge\u00e7mi\u015fte nas\u0131l birlikteysek yine ayn\u0131 \u015fekilde birlikte hareket ederiz. Suriye&#8217;nin de i\u00e7 i\u015flerine kar\u0131\u015fmak gibi bir derdimiz, bir hedefimiz asla olamaz.&#8221; dedi.<\/p>\n<p>Ba\u015fkan Erdo\u011fan, Hz. Ali Camisi&#8217;nde cuma namaz\u0131n\u0131n ard\u0131ndan bas\u0131n mensuplar\u0131n\u0131n sorular\u0131n\u0131 yan\u0131tlad\u0131. \u0130stanbul&#8217;da binalar\u0131n \u00e7\u00f6kmesine ve kentsel d\u00f6n\u00fc\u015f\u00fcm \u00e7al\u0131\u015fmalar\u0131na ili\u015fkin soruyu cevaplayan Erdo\u011fan, &#8220;Yani yeni bir sesleni\u015fe filan bu noktada gerek yok. Kentsel d\u00f6n\u00fc\u015f\u00fcm dedi\u011fimiz olay\u0131n temelinde ne yat\u0131yor? \u0130\u015fte bu t\u00fcr bir\u00e7ok ka\u00e7ak yap\u0131lar\u0131n, bir\u00e7ok zemin et\u00fctlerinin do\u011fru d\u00fcr\u00fcst yap\u0131lmad\u0131\u011f\u0131 yerlerde biliyorsunuz kentsel d\u00f6n\u00fc\u015f\u00fcme gidelim ki i\u015fi sa\u011flama ba\u011flam\u0131\u015f olal\u0131m. Kentsel d\u00f6n\u00fc\u015f\u00fcm\u00fcn alt\u0131nda yatan ger\u00e7ek bu ve \u015fu anda y\u0131k\u0131lan binalarda da s\u0131k\u0131nt\u0131 bak\u0131yorsunuz \u00fc\u00e7 kat ka\u00e7ak yap\u0131lm\u0131\u015f ve bu \u00fc\u00e7 kat ka\u00e7aktan dolay\u0131 da burada b\u00f6yle bir y\u0131k\u0131m s\u00f6z konusu olmu\u015f. Yani bunun bir\u00e7o\u011funda maalesef bunlar\u0131 bundan sonra da ya\u015fayaca\u011f\u0131m\u0131z\u0131 \u00e7ok a\u00e7\u0131k, net s\u00f6ylemek isterim.&#8221; diye konu\u015ftu.<\/p>\n","protected":false},"excerpt":{"rendered":"<p>Ba\u015fkan Recep Tayyip Erdo\u011fan, Suriye ile ili\u015fkilerin yeniden kurulmamas\u0131 i\u00e7in herhangi bir sebep olmad\u0131\u011f\u0131n\u0131 belirterek,&hellip;<\/p>\n","protected":false},"author":1,"featured_media":7696,"comment_status":"open","ping_status":"open","sticky":false,"template":"","format":"standard","meta":{"footnotes":""},"categories":[10],"tags":[],"class_list":["post-7710","post","type-post","status-publish","format-standard","has-post-thumbnail","hentry","category-gundem"],"yoast_head":"<!-- This site is optimized with the Yoast SEO Premium plugin v24.3 (Yoast SEO v27.4) - https:\/\/yoast.com\/product\/yoast-seo-premium-wordpress\/ -->\n<title>Erdo\u011fan&#039;dan Suriye A\u00e7\u0131klamas\u0131: \u0130li\u015fkilerin Yeniden Kurulmamas\u0131 \u0130\u00e7in Bir Neden Yok! - E-&Ccedil;\u0130FTL\u0130K HABER<\/title>\n<meta name=\"description\" content=\"Ba\u015fkan Recep Tayyip Erdo\u011fan, Suriye ile ili\u015fkilerin yeniden kurulmamas\u0131 i\u00e7in herhangi bir sebep olmad\u0131\u011f\u0131n\u0131 belirterek, &quot;Yani biz Suriye&#039;yle bu ili\u015fkileri\" \/>\n<meta name=\"robots\" content=\"index, follow, max-snippet:-1, max-image-preview:large, max-video-preview:-1\" \/>\n<link rel=\"canonical\" href=\"http:\/\/e-ciftlik.com\/haberler\/gundem\/erdogandan-suriye-aciklamasi-iliskilerin-yeniden-kurulmamasi-icin-bir-neden-yok\/\" \/>\n<meta property=\"og:locale\" content=\"tr_TR\" \/>\n<meta property=\"og:type\" content=\"article\" \/>\n<meta property=\"og:title\" content=\"Erdo\u011fan&#039;dan Suriye A\u00e7\u0131klamas\u0131: \u0130li\u015fkilerin Yeniden Kurulmamas\u0131 \u0130\u00e7in Bir Neden Yok!\" \/>\n<meta property=\"og:description\" content=\"Ba\u015fkan Recep Tayyip Erdo\u011fan, Suriye ile ili\u015fkilerin yeniden kurulmamas\u0131 i\u00e7in herhangi bir sebep olmad\u0131\u011f\u0131n\u0131 belirterek, &quot;Yani biz Suriye&#039;yle bu ili\u015fkileri\" \/>\n<meta property=\"og:url\" content=\"http:\/\/e-ciftlik.com\/haberler\/gundem\/erdogandan-suriye-aciklamasi-iliskilerin-yeniden-kurulmamasi-icin-bir-neden-yok\/\" \/>\n<meta property=\"og:site_name\" content=\"E-&Ccedil;\u0130FTL\u0130K HABER\" \/>\n<meta property=\"article:publisher\" content=\"https:\/\/www.facebook.com\/eciftlikturkiye\" \/>\n<meta property=\"article:published_time\" content=\"2024-06-28T13:47:58+00:00\" \/>\n<meta property=\"og:image\" content=\"http:\/\/e-ciftlik.com\/haberler\/wp-content\/uploads\/2024\/06\/turkiye-suriye-temaslari-baskan-erdogandan-flas-sozler-iliskilerin-kurulmamasi-icin-bir-neden-yok-1719575982643.jpeg\" \/>\n\t<meta property=\"og:image:width\" content=\"1200\" \/>\n\t<meta property=\"og:image:height\" content=\"675\" \/>\n\t<meta property=\"og:image:type\" content=\"image\/jpeg\" \/>\n<meta name=\"author\" content=\"Haber Merkezi\" \/>\n<meta name=\"twitter:card\" content=\"summary_large_image\" \/>\n<meta name=\"twitter:creator\" content=\"@eciftlikresmi\" \/>\n<meta name=\"twitter:site\" content=\"@eciftlikresmi\" \/>\n<meta name=\"twitter:label1\" content=\"Yazan:\" \/>\n\t<meta name=\"twitter:data1\" content=\"Haber Merkezi\" \/>\n\t<meta name=\"twitter:label2\" content=\"Tahmini okuma s\u00fcresi\" \/>\n\t<meta name=\"twitter:data2\" content=\"1 dakika\" \/>\n<script type=\"application\/ld+json\" class=\"yoast-schema-graph\">{\"@context\":\"https:\\\/\\\/schema.org\",\"@graph\":[{\"@type\":\"NewsArticle\",\"@id\":\"http:\\\/\\\/e-ciftlik.com\\\/haberler\\\/gundem\\\/erdogandan-suriye-aciklamasi-iliskilerin-yeniden-kurulmamasi-icin-bir-neden-yok\\\/#article\",\"isPartOf\":{\"@id\":\"http:\\\/\\\/e-ciftlik.com\\\/haberler\\\/gundem\\\/erdogandan-suriye-aciklamasi-iliskilerin-yeniden-kurulmamasi-icin-bir-neden-yok\\\/\"},\"author\":{\"name\":\"Haber Merkezi\",\"@id\":\"https:\\\/\\\/e-ciftlik.com\\\/haberler\\\/#\\\/schema\\\/person\\\/d2f4fee3143d7f72be82cb887d51b00a\"},\"headline\":\"Erdo\u011fan&#8217;dan Suriye A\u00e7\u0131klamas\u0131: \u0130li\u015fkilerin Yeniden Kurulmamas\u0131 \u0130\u00e7in Bir Neden Yok!\",\"datePublished\":\"2024-06-28T13:47:58+00:00\",\"mainEntityOfPage\":{\"@id\":\"http:\\\/\\\/e-ciftlik.com\\\/haberler\\\/gundem\\\/erdogandan-suriye-aciklamasi-iliskilerin-yeniden-kurulmamasi-icin-bir-neden-yok\\\/\"},\"wordCount\":245,\"commentCount\":0,\"publisher\":{\"@id\":\"https:\\\/\\\/e-ciftlik.com\\\/haberler\\\/#organization\"},\"image\":{\"@id\":\"http:\\\/\\\/e-ciftlik.com\\\/haberler\\\/gundem\\\/erdogandan-suriye-aciklamasi-iliskilerin-yeniden-kurulmamasi-icin-bir-neden-yok\\\/#primaryimage\"},\"thumbnailUrl\":\"http:\\\/\\\/e-ciftlik.com\\\/haberler\\\/wp-content\\\/uploads\\\/2024\\\/06\\\/turkiye-suriye-temaslari-baskan-erdogandan-flas-sozler-iliskilerin-kurulmamasi-icin-bir-neden-yok-1719575982643.jpeg\",\"articleSection\":[\"G\u00fcndem\"],\"inLanguage\":\"tr\",\"potentialAction\":[{\"@type\":\"CommentAction\",\"name\":\"Comment\",\"target\":[\"http:\\\/\\\/e-ciftlik.com\\\/haberler\\\/gundem\\\/erdogandan-suriye-aciklamasi-iliskilerin-yeniden-kurulmamasi-icin-bir-neden-yok\\\/#respond\"]}]},{\"@type\":\"WebPage\",\"@id\":\"http:\\\/\\\/e-ciftlik.com\\\/haberler\\\/gundem\\\/erdogandan-suriye-aciklamasi-iliskilerin-yeniden-kurulmamasi-icin-bir-neden-yok\\\/\",\"url\":\"http:\\\/\\\/e-ciftlik.com\\\/haberler\\\/gundem\\\/erdogandan-suriye-aciklamasi-iliskilerin-yeniden-kurulmamasi-icin-bir-neden-yok\\\/\",\"name\":\"Erdo\u011fan'dan Suriye A\u00e7\u0131klamas\u0131: \u0130li\u015fkilerin Yeniden Kurulmamas\u0131 \u0130\u00e7in Bir Neden Yok! - E-&Ccedil;\u0130FTL\u0130K HABER\",\"isPartOf\":{\"@id\":\"https:\\\/\\\/e-ciftlik.com\\\/haberler\\\/#website\"},\"primaryImageOfPage\":{\"@id\":\"http:\\\/\\\/e-ciftlik.com\\\/haberler\\\/gundem\\\/erdogandan-suriye-aciklamasi-iliskilerin-yeniden-kurulmamasi-icin-bir-neden-yok\\\/#primaryimage\"},\"image\":{\"@id\":\"http:\\\/\\\/e-ciftlik.com\\\/haberler\\\/gundem\\\/erdogandan-suriye-aciklamasi-iliskilerin-yeniden-kurulmamasi-icin-bir-neden-yok\\\/#primaryimage\"},\"thumbnailUrl\":\"http:\\\/\\\/e-ciftlik.com\\\/haberler\\\/wp-content\\\/uploads\\\/2024\\\/06\\\/turkiye-suriye-temaslari-baskan-erdogandan-flas-sozler-iliskilerin-kurulmamasi-icin-bir-neden-yok-1719575982643.jpeg\",\"datePublished\":\"2024-06-28T13:47:58+00:00\",\"description\":\"Ba\u015fkan Recep Tayyip Erdo\u011fan, Suriye ile ili\u015fkilerin yeniden kurulmamas\u0131 i\u00e7in herhangi bir sebep olmad\u0131\u011f\u0131n\u0131 belirterek, \\\"Yani biz Suriye'yle bu ili\u015fkileri\",\"breadcrumb\":{\"@id\":\"http:\\\/\\\/e-ciftlik.com\\\/haberler\\\/gundem\\\/erdogandan-suriye-aciklamasi-iliskilerin-yeniden-kurulmamasi-icin-bir-neden-yok\\\/#breadcrumb\"},\"inLanguage\":\"tr\",\"potentialAction\":[{\"@type\":\"ReadAction\",\"target\":[\"http:\\\/\\\/e-ciftlik.com\\\/haberler\\\/gundem\\\/erdogandan-suriye-aciklamasi-iliskilerin-yeniden-kurulmamasi-icin-bir-neden-yok\\\/\"]}]},{\"@type\":\"ImageObject\",\"inLanguage\":\"tr\",\"@id\":\"http:\\\/\\\/e-ciftlik.com\\\/haberler\\\/gundem\\\/erdogandan-suriye-aciklamasi-iliskilerin-yeniden-kurulmamasi-icin-bir-neden-yok\\\/#primaryimage\",\"url\":\"http:\\\/\\\/e-ciftlik.com\\\/haberler\\\/wp-content\\\/uploads\\\/2024\\\/06\\\/turkiye-suriye-temaslari-baskan-erdogandan-flas-sozler-iliskilerin-kurulmamasi-icin-bir-neden-yok-1719575982643.jpeg\",\"contentUrl\":\"http:\\\/\\\/e-ciftlik.com\\\/haberler\\\/wp-content\\\/uploads\\\/2024\\\/06\\\/turkiye-suriye-temaslari-baskan-erdogandan-flas-sozler-iliskilerin-kurulmamasi-icin-bir-neden-yok-1719575982643.jpeg\",\"width\":1200,\"height\":675},{\"@type\":\"BreadcrumbList\",\"@id\":\"http:\\\/\\\/e-ciftlik.com\\\/haberler\\\/gundem\\\/erdogandan-suriye-aciklamasi-iliskilerin-yeniden-kurulmamasi-icin-bir-neden-yok\\\/#breadcrumb\",\"itemListElement\":[{\"@type\":\"ListItem\",\"position\":1,\"name\":\"Anasayfa\",\"item\":\"https:\\\/\\\/e-ciftlik.com\\\/haberler\\\/\"},{\"@type\":\"ListItem\",\"position\":2,\"name\":\"Erdo\u011fan&#8217;dan Suriye A\u00e7\u0131klamas\u0131: \u0130li\u015fkilerin Yeniden Kurulmamas\u0131 \u0130\u00e7in Bir Neden Yok!\"}]},{\"@type\":\"WebSite\",\"@id\":\"https:\\\/\\\/e-ciftlik.com\\\/haberler\\\/#website\",\"url\":\"https:\\\/\\\/e-ciftlik.com\\\/haberler\\\/\",\"name\":\"E-\u00c7iftlik Haber | G\u00fcncel, Son Dakika Haberler, En Son Haber\",\"description\":\"\",\"publisher\":{\"@id\":\"https:\\\/\\\/e-ciftlik.com\\\/haberler\\\/#organization\"},\"potentialAction\":[{\"@type\":\"SearchAction\",\"target\":{\"@type\":\"EntryPoint\",\"urlTemplate\":\"https:\\\/\\\/e-ciftlik.com\\\/haberler\\\/?s={search_term_string}\"},\"query-input\":{\"@type\":\"PropertyValueSpecification\",\"valueRequired\":true,\"valueName\":\"search_term_string\"}}],\"inLanguage\":\"tr\"},{\"@type\":\"Organization\",\"@id\":\"https:\\\/\\\/e-ciftlik.com\\\/haberler\\\/#organization\",\"name\":\"E-\u00c7\u0130FTL\u0130K HABER\",\"url\":\"https:\\\/\\\/e-ciftlik.com\\\/haberler\\\/\",\"logo\":{\"@type\":\"ImageObject\",\"inLanguage\":\"tr\",\"@id\":\"https:\\\/\\\/e-ciftlik.com\\\/haberler\\\/#\\\/schema\\\/logo\\\/image\\\/\",\"url\":\"http:\\\/\\\/e-ciftlik.com\\\/haberler\\\/wp-content\\\/uploads\\\/2024\\\/06\\\/cropped-cropped-favicon-1-2.png\",\"contentUrl\":\"http:\\\/\\\/e-ciftlik.com\\\/haberler\\\/wp-content\\\/uploads\\\/2024\\\/06\\\/cropped-cropped-favicon-1-2.png\",\"width\":512,\"height\":512,\"caption\":\"E-\u00c7\u0130FTL\u0130K HABER\"},\"image\":{\"@id\":\"https:\\\/\\\/e-ciftlik.com\\\/haberler\\\/#\\\/schema\\\/logo\\\/image\\\/\"},\"sameAs\":[\"https:\\\/\\\/www.facebook.com\\\/eciftlikturkiye\",\"https:\\\/\\\/x.com\\\/eciftlikresmi\",\"https:\\\/\\\/www.instagram.com\\\/eciftlikresmi\\\/\"]},{\"@type\":\"Person\",\"@id\":\"https:\\\/\\\/e-ciftlik.com\\\/haberler\\\/#\\\/schema\\\/person\\\/d2f4fee3143d7f72be82cb887d51b00a\",\"name\":\"Haber Merkezi\",\"image\":{\"@type\":\"ImageObject\",\"inLanguage\":\"tr\",\"@id\":\"https:\\\/\\\/secure.gravatar.com\\\/avatar\\\/6c27d641914e66c1d0452c92716002398782818991d86db1c2cccb531e7c7c82?s=96&d=mm&r=g\",\"url\":\"https:\\\/\\\/secure.gravatar.com\\\/avatar\\\/6c27d641914e66c1d0452c92716002398782818991d86db1c2cccb531e7c7c82?s=96&d=mm&r=g\",\"contentUrl\":\"https:\\\/\\\/secure.gravatar.com\\\/avatar\\\/6c27d641914e66c1d0452c92716002398782818991d86db1c2cccb531e7c7c82?s=96&d=mm&r=g\",\"caption\":\"Haber Merkezi\"},\"sameAs\":[\"http:\\\/\\\/e-ciftlik.com\\\/haberler\"]}]}<\/script>\n<!-- \/ Yoast SEO Premium plugin. -->","yoast_head_json":{"title":"Erdo\u011fan'dan Suriye A\u00e7\u0131klamas\u0131: \u0130li\u015fkilerin Yeniden Kurulmamas\u0131 \u0130\u00e7in Bir Neden Yok! - E-&Ccedil;\u0130FTL\u0130K HABER","description":"Ba\u015fkan Recep Tayyip Erdo\u011fan, Suriye ile ili\u015fkilerin yeniden kurulmamas\u0131 i\u00e7in herhangi bir sebep olmad\u0131\u011f\u0131n\u0131 belirterek, \"Yani biz Suriye'yle bu ili\u015fkileri","robots":{"index":"index","follow":"follow","max-snippet":"max-snippet:-1","max-image-preview":"max-image-preview:large","max-video-preview":"max-video-preview:-1"},"canonical":"http:\/\/e-ciftlik.com\/haberler\/gundem\/erdogandan-suriye-aciklamasi-iliskilerin-yeniden-kurulmamasi-icin-bir-neden-yok\/","og_locale":"tr_TR","og_type":"article","og_title":"Erdo\u011fan'dan Suriye A\u00e7\u0131klamas\u0131: \u0130li\u015fkilerin Yeniden Kurulmamas\u0131 \u0130\u00e7in Bir Neden Yok!","og_description":"Ba\u015fkan Recep Tayyip Erdo\u011fan, Suriye ile ili\u015fkilerin yeniden kurulmamas\u0131 i\u00e7in herhangi bir sebep olmad\u0131\u011f\u0131n\u0131 belirterek, \"Yani biz Suriye'yle bu ili\u015fkileri","og_url":"http:\/\/e-ciftlik.com\/haberler\/gundem\/erdogandan-suriye-aciklamasi-iliskilerin-yeniden-kurulmamasi-icin-bir-neden-yok\/","og_site_name":"E-&Ccedil;\u0130FTL\u0130K HABER","article_publisher":"https:\/\/www.facebook.com\/eciftlikturkiye","article_published_time":"2024-06-28T13:47:58+00:00","og_image":[{"width":1200,"height":675,"url":"http:\/\/e-ciftlik.com\/haberler\/wp-content\/uploads\/2024\/06\/turkiye-suriye-temaslari-baskan-erdogandan-flas-sozler-iliskilerin-kurulmamasi-icin-bir-neden-yok-1719575982643.jpeg","type":"image\/jpeg"}],"author":"Haber Merkezi","twitter_card":"summary_large_image","twitter_creator":"@eciftlikresmi","twitter_site":"@eciftlikresmi","twitter_misc":{"Yazan:":"Haber Merkezi","Tahmini okuma s\u00fcresi":"1 dakika"},"schema":{"@context":"https:\/\/schema.org","@graph":[{"@type":"NewsArticle","@id":"http:\/\/e-ciftlik.com\/haberler\/gundem\/erdogandan-suriye-aciklamasi-iliskilerin-yeniden-kurulmamasi-icin-bir-neden-yok\/#article","isPartOf":{"@id":"http:\/\/e-ciftlik.com\/haberler\/gundem\/erdogandan-suriye-aciklamasi-iliskilerin-yeniden-kurulmamasi-icin-bir-neden-yok\/"},"author":{"name":"Haber Merkezi","@id":"https:\/\/e-ciftlik.com\/haberler\/#\/schema\/person\/d2f4fee3143d7f72be82cb887d51b00a"},"headline":"Erdo\u011fan&#8217;dan Suriye A\u00e7\u0131klamas\u0131: \u0130li\u015fkilerin Yeniden Kurulmamas\u0131 \u0130\u00e7in Bir Neden Yok!","datePublished":"2024-06-28T13:47:58+00:00","mainEntityOfPage":{"@id":"http:\/\/e-ciftlik.com\/haberler\/gundem\/erdogandan-suriye-aciklamasi-iliskilerin-yeniden-kurulmamasi-icin-bir-neden-yok\/"},"wordCount":245,"commentCount":0,"publisher":{"@id":"https:\/\/e-ciftlik.com\/haberler\/#organization"},"image":{"@id":"http:\/\/e-ciftlik.com\/haberler\/gundem\/erdogandan-suriye-aciklamasi-iliskilerin-yeniden-kurulmamasi-icin-bir-neden-yok\/#primaryimage"},"thumbnailUrl":"http:\/\/e-ciftlik.com\/haberler\/wp-content\/uploads\/2024\/06\/turkiye-suriye-temaslari-baskan-erdogandan-flas-sozler-iliskilerin-kurulmamasi-icin-bir-neden-yok-1719575982643.jpeg","articleSection":["G\u00fcndem"],"inLanguage":"tr","potentialAction":[{"@type":"CommentAction","name":"Comment","target":["http:\/\/e-ciftlik.com\/haberler\/gundem\/erdogandan-suriye-aciklamasi-iliskilerin-yeniden-kurulmamasi-icin-bir-neden-yok\/#respond"]}]},{"@type":"WebPage","@id":"http:\/\/e-ciftlik.com\/haberler\/gundem\/erdogandan-suriye-aciklamasi-iliskilerin-yeniden-kurulmamasi-icin-bir-neden-yok\/","url":"http:\/\/e-ciftlik.com\/haberler\/gundem\/erdogandan-suriye-aciklamasi-iliskilerin-yeniden-kurulmamasi-icin-bir-neden-yok\/","name":"Erdo\u011fan'dan Suriye A\u00e7\u0131klamas\u0131: \u0130li\u015fkilerin Yeniden Kurulmamas\u0131 \u0130\u00e7in Bir Neden Yok! - E-&Ccedil;\u0130FTL\u0130K HABER","isPartOf":{"@id":"https:\/\/e-ciftlik.com\/haberler\/#website"},"primaryImageOfPage":{"@id":"http:\/\/e-ciftlik.com\/haberler\/gundem\/erdogandan-suriye-aciklamasi-iliskilerin-yeniden-kurulmamasi-icin-bir-neden-yok\/#primaryimage"},"image":{"@id":"http:\/\/e-ciftlik.com\/haberler\/gundem\/erdogandan-suriye-aciklamasi-iliskilerin-yeniden-kurulmamasi-icin-bir-neden-yok\/#primaryimage"},"thumbnailUrl":"http:\/\/e-ciftlik.com\/haberler\/wp-content\/uploads\/2024\/06\/turkiye-suriye-temaslari-baskan-erdogandan-flas-sozler-iliskilerin-kurulmamasi-icin-bir-neden-yok-1719575982643.jpeg","datePublished":"2024-06-28T13:47:58+00:00","description":"Ba\u015fkan Recep Tayyip Erdo\u011fan, Suriye ile ili\u015fkilerin yeniden kurulmamas\u0131 i\u00e7in herhangi bir sebep olmad\u0131\u011f\u0131n\u0131 belirterek, \"Yani biz Suriye'yle bu ili\u015fkileri","breadcrumb":{"@id":"http:\/\/e-ciftlik.com\/haberler\/gundem\/erdogandan-suriye-aciklamasi-iliskilerin-yeniden-kurulmamasi-icin-bir-neden-yok\/#breadcrumb"},"inLanguage":"tr","potentialAction":[{"@type":"ReadAction","target":["http:\/\/e-ciftlik.com\/haberler\/gundem\/erdogandan-suriye-aciklamasi-iliskilerin-yeniden-kurulmamasi-icin-bir-neden-yok\/"]}]},{"@type":"ImageObject","inLanguage":"tr","@id":"http:\/\/e-ciftlik.com\/haberler\/gundem\/erdogandan-suriye-aciklamasi-iliskilerin-yeniden-kurulmamasi-icin-bir-neden-yok\/#primaryimage","url":"http:\/\/e-ciftlik.com\/haberler\/wp-content\/uploads\/2024\/06\/turkiye-suriye-temaslari-baskan-erdogandan-flas-sozler-iliskilerin-kurulmamasi-icin-bir-neden-yok-1719575982643.jpeg","contentUrl":"http:\/\/e-ciftlik.com\/haberler\/wp-content\/uploads\/2024\/06\/turkiye-suriye-temaslari-baskan-erdogandan-flas-sozler-iliskilerin-kurulmamasi-icin-bir-neden-yok-1719575982643.jpeg","width":1200,"height":675},{"@type":"BreadcrumbList","@id":"http:\/\/e-ciftlik.com\/haberler\/gundem\/erdogandan-suriye-aciklamasi-iliskilerin-yeniden-kurulmamasi-icin-bir-neden-yok\/#breadcrumb","itemListElement":[{"@type":"ListItem","position":1,"name":"Anasayfa","item":"https:\/\/e-ciftlik.com\/haberler\/"},{"@type":"ListItem","position":2,"name":"Erdo\u011fan&#8217;dan Suriye A\u00e7\u0131klamas\u0131: \u0130li\u015fkilerin Yeniden Kurulmamas\u0131 \u0130\u00e7in Bir Neden Yok!"}]},{"@type":"WebSite","@id":"https:\/\/e-ciftlik.com\/haberler\/#website","url":"https:\/\/e-ciftlik.com\/haberler\/","name":"E-\u00c7iftlik Haber | G\u00fcncel, Son Dakika Haberler, En Son Haber","description":"","publisher":{"@id":"https:\/\/e-ciftlik.com\/haberler\/#organization"},"potentialAction":[{"@type":"SearchAction","target":{"@type":"EntryPoint","urlTemplate":"https:\/\/e-ciftlik.com\/haberler\/?s={search_term_string}"},"query-input":{"@type":"PropertyValueSpecification","valueRequired":true,"valueName":"search_term_string"}}],"inLanguage":"tr"},{"@type":"Organization","@id":"https:\/\/e-ciftlik.com\/haberler\/#organization","name":"E-\u00c7\u0130FTL\u0130K HABER","url":"https:\/\/e-ciftlik.com\/haberler\/","logo":{"@type":"ImageObject","inLanguage":"tr","@id":"https:\/\/e-ciftlik.com\/haberler\/#\/schema\/logo\/image\/","url":"http:\/\/e-ciftlik.com\/haberler\/wp-content\/uploads\/2024\/06\/cropped-cropped-favicon-1-2.png","contentUrl":"http:\/\/e-ciftlik.com\/haberler\/wp-content\/uploads\/2024\/06\/cropped-cropped-favicon-1-2.png","width":512,"height":512,"caption":"E-\u00c7\u0130FTL\u0130K HABER"},"image":{"@id":"https:\/\/e-ciftlik.com\/haberler\/#\/schema\/logo\/image\/"},"sameAs":["https:\/\/www.facebook.com\/eciftlikturkiye","https:\/\/x.com\/eciftlikresmi","https:\/\/www.instagram.com\/eciftlikresmi\/"]},{"@type":"Person","@id":"https:\/\/e-ciftlik.com\/haberler\/#\/schema\/person\/d2f4fee3143d7f72be82cb887d51b00a","name":"Haber Merkezi","image":{"@type":"ImageObject","inLanguage":"tr","@id":"https:\/\/secure.gravatar.com\/avatar\/6c27d641914e66c1d0452c92716002398782818991d86db1c2cccb531e7c7c82?s=96&d=mm&r=g","url":"https:\/\/secure.gravatar.com\/avatar\/6c27d641914e66c1d0452c92716002398782818991d86db1c2cccb531e7c7c82?s=96&d=mm&r=g","contentUrl":"https:\/\/secure.gravatar.com\/avatar\/6c27d641914e66c1d0452c92716002398782818991d86db1c2cccb531e7c7c82?s=96&d=mm&r=g","caption":"Haber Merkezi"},"sameAs":["http:\/\/e-ciftlik.com\/haberler"]}]}},"_links":{"self":[{"href":"http:\/\/e-ciftlik.com\/haberler\/wp-json\/wp\/v2\/posts\/7710","targetHints":{"allow":["GET"]}}],"collection":[{"href":"http:\/\/e-ciftlik.com\/haberler\/wp-json\/wp\/v2\/posts"}],"about":[{"href":"http:\/\/e-ciftlik.com\/haberler\/wp-json\/wp\/v2\/types\/post"}],"author":[{"embeddable":true,"href":"http:\/\/e-ciftlik.com\/haberler\/wp-json\/wp\/v2\/users\/1"}],"replies":[{"embeddable":true,"href":"http:\/\/e-ciftlik.com\/haberler\/wp-json\/wp\/v2\/comments?post=7710"}],"version-history":[{"count":0,"href":"http:\/\/e-ciftlik.com\/haberler\/wp-json\/wp\/v2\/posts\/7710\/revisions"}],"wp:featuredmedia":[{"embeddable":true,"href":"http:\/\/e-ciftlik.com\/haberler\/wp-json\/wp\/v2\/media\/7696"}],"wp:attachment":[{"href":"http:\/\/e-ciftlik.com\/haberler\/wp-json\/wp\/v2\/media?parent=7710"}],"wp:term":[{"taxonomy":"category","embeddable":true,"href":"http:\/\/e-ciftlik.com\/haberler\/wp-json\/wp\/v2\/categories?post=7710"},{"taxonomy":"post_tag","embeddable":true,"href":"http:\/\/e-ciftlik.com\/haberler\/wp-json\/wp\/v2\/tags?post=7710"}],"curies":[{"name":"wp","href":"https:\/\/api.w.org\/{rel}","templated":true}]}}