{"id":7905,"date":"2024-06-29T07:55:09","date_gmt":"2024-06-29T07:55:09","guid":{"rendered":"http:\/\/e-ciftlik.com\/haberler\/spor\/arda-gulerin-madride-gitmesi-sosyal-medyayi-salladi\/"},"modified":"2024-06-29T07:55:09","modified_gmt":"2024-06-29T07:55:09","slug":"arda-gulerin-madride-gitmesi-sosyal-medyayi-salladi","status":"publish","type":"post","link":"http:\/\/e-ciftlik.com\/haberler\/spor\/arda-gulerin-madride-gitmesi-sosyal-medyayi-salladi\/","title":{"rendered":"Arda G\u00fcler&#8217;in Madrid&#8217;e Gitmesi Sosyal Medyay\u0131 Sallad\u0131"},"content":{"rendered":"<p>\u0130spanyol medyas\u0131, Arda G\u00fcler\u2019in gelece\u011fi hakk\u0131nda \u00f6nemli bir haber yay\u0131nlad\u0131. Ayr\u0131ca T\u00fcrkiye Futbol Federasyonu taraf\u0131ndan haz\u0131rlanan \u00f6zel bir videoda Arda G\u00fcler\u2019in telefonuna gelen mesajlar, sosyal medyada b\u00fcy\u00fck yank\u0131 uyand\u0131rd\u0131. Bu geli\u015fmeler, futbol d\u00fcnyas\u0131nda merak konusu olmaya devam ediyor. <\/p>\n<p>Arda G\u00fcler\u2019in Real Madrid\u2019deki durumuyla ilgili \u0130spanyol bas\u0131n\u0131nda \u00e7\u0131kan haberler, futbolseverleri heyecanland\u0131rd\u0131. TFF\u2019nin payla\u015ft\u0131\u011f\u0131 videoda ise Arda G\u00fcler\u2019e gelen mesajlar, takip\u00e7ilerinin dikkatini \u00e7ekmeyi ba\u015fard\u0131. <\/p>\n<p>Sosyal medyada yap\u0131lan yorumlar, Arda G\u00fcler\u2019in kariyerinde yeni bir d\u00f6nemin ba\u015flayabilece\u011fine i\u015faret ediyor. Futbolseverler, Arda G\u00fcler\u2019in gelece\u011fi hakk\u0131nda merakla bekleyi\u015flerini s\u00fcrd\u00fcr\u00fcyor. <\/p>\n<p>T\u00fcrkiye Futbol Federasyonu yetkilileri, Arda G\u00fcler\u2019in durumu hakk\u0131nda hen\u00fcz resmi bir a\u00e7\u0131klama yapmazken, \u0130spanyol medyas\u0131 ve sosyal medyadaki geli\u015fmeler takip edilmeye devam ediyor. Futbolseverler, Arda G\u00fcler\u2019in kariyerindeki son durumu \u00f6\u011frenmek i\u00e7in merakla bekleyi\u015flerini s\u00fcrd\u00fcr\u00fcyor.<\/p>\n","protected":false},"excerpt":{"rendered":"<p>\u0130spanyol medyas\u0131, Arda G\u00fcler\u2019in gelece\u011fi hakk\u0131nda \u00f6nemli bir haber yay\u0131nlad\u0131. Ayr\u0131ca T\u00fcrkiye Futbol Federasyonu taraf\u0131ndan&hellip;<\/p>\n","protected":false},"author":1,"featured_media":7906,"comment_status":"open","ping_status":"open","sticky":false,"template":"","format":"standard","meta":{"footnotes":""},"categories":[7],"tags":[],"class_list":["post-7905","post","type-post","status-publish","format-standard","has-post-thumbnail","hentry","category-spor"],"yoast_head":"<!-- This site is optimized with the Yoast SEO Premium plugin v24.3 (Yoast SEO v27.4) - https:\/\/yoast.com\/product\/yoast-seo-premium-wordpress\/ -->\n<title>Arda G\u00fcler&#039;in Madrid&#039;e Gitmesi Sosyal Medyay\u0131 Sallad\u0131 - E-&Ccedil;\u0130FTL\u0130K HABER<\/title>\n<meta name=\"description\" content=\"\u0130spanyol medyas\u0131, Arda G\u00fcler\u2019in gelece\u011fi hakk\u0131nda \u00f6nemli bir haber yay\u0131nlad\u0131. Ayr\u0131ca T\u00fcrkiye Futbol Federasyonu taraf\u0131ndan haz\u0131rlanan \u00f6zel bir videoda\" \/>\n<meta name=\"robots\" content=\"index, follow, max-snippet:-1, max-image-preview:large, max-video-preview:-1\" \/>\n<link rel=\"canonical\" href=\"http:\/\/e-ciftlik.com\/haberler\/spor\/arda-gulerin-madride-gitmesi-sosyal-medyayi-salladi\/\" \/>\n<meta property=\"og:locale\" content=\"tr_TR\" \/>\n<meta property=\"og:type\" content=\"article\" \/>\n<meta property=\"og:title\" content=\"Arda G\u00fcler&#039;in Madrid&#039;e Gitmesi Sosyal Medyay\u0131 Sallad\u0131\" \/>\n<meta property=\"og:description\" content=\"\u0130spanyol medyas\u0131, Arda G\u00fcler\u2019in gelece\u011fi hakk\u0131nda \u00f6nemli bir haber yay\u0131nlad\u0131. Ayr\u0131ca T\u00fcrkiye Futbol Federasyonu taraf\u0131ndan haz\u0131rlanan \u00f6zel bir videoda\" \/>\n<meta property=\"og:url\" content=\"http:\/\/e-ciftlik.com\/haberler\/spor\/arda-gulerin-madride-gitmesi-sosyal-medyayi-salladi\/\" \/>\n<meta property=\"og:site_name\" content=\"E-&Ccedil;\u0130FTL\u0130K HABER\" \/>\n<meta property=\"article:publisher\" content=\"https:\/\/www.facebook.com\/eciftlikturkiye\" \/>\n<meta property=\"article:published_time\" content=\"2024-06-29T07:55:09+00:00\" \/>\n<meta property=\"og:image\" content=\"http:\/\/e-ciftlik.com\/haberler\/wp-content\/uploads\/2024\/06\/1719647713_1200x628.jpeg\" \/>\n\t<meta property=\"og:image:width\" content=\"1200\" \/>\n\t<meta property=\"og:image:height\" content=\"627\" \/>\n\t<meta property=\"og:image:type\" content=\"image\/jpeg\" \/>\n<meta name=\"author\" content=\"Haber Merkezi\" \/>\n<meta name=\"twitter:card\" content=\"summary_large_image\" \/>\n<meta name=\"twitter:creator\" content=\"@eciftlikresmi\" \/>\n<meta name=\"twitter:site\" content=\"@eciftlikresmi\" \/>\n<meta name=\"twitter:label1\" content=\"Yazan:\" \/>\n\t<meta name=\"twitter:data1\" content=\"Haber Merkezi\" \/>\n\t<meta name=\"twitter:label2\" content=\"Tahmini okuma s\u00fcresi\" \/>\n\t<meta name=\"twitter:data2\" content=\"1 dakika\" \/>\n<script type=\"application\/ld+json\" class=\"yoast-schema-graph\">{\"@context\":\"https:\\\/\\\/schema.org\",\"@graph\":[{\"@type\":\"NewsArticle\",\"@id\":\"http:\\\/\\\/e-ciftlik.com\\\/haberler\\\/spor\\\/arda-gulerin-madride-gitmesi-sosyal-medyayi-salladi\\\/#article\",\"isPartOf\":{\"@id\":\"http:\\\/\\\/e-ciftlik.com\\\/haberler\\\/spor\\\/arda-gulerin-madride-gitmesi-sosyal-medyayi-salladi\\\/\"},\"author\":{\"name\":\"Haber Merkezi\",\"@id\":\"https:\\\/\\\/e-ciftlik.com\\\/haberler\\\/#\\\/schema\\\/person\\\/d2f4fee3143d7f72be82cb887d51b00a\"},\"headline\":\"Arda G\u00fcler&#8217;in Madrid&#8217;e Gitmesi Sosyal Medyay\u0131 Sallad\u0131\",\"datePublished\":\"2024-06-29T07:55:09+00:00\",\"mainEntityOfPage\":{\"@id\":\"http:\\\/\\\/e-ciftlik.com\\\/haberler\\\/spor\\\/arda-gulerin-madride-gitmesi-sosyal-medyayi-salladi\\\/\"},\"wordCount\":185,\"commentCount\":0,\"publisher\":{\"@id\":\"https:\\\/\\\/e-ciftlik.com\\\/haberler\\\/#organization\"},\"image\":{\"@id\":\"http:\\\/\\\/e-ciftlik.com\\\/haberler\\\/spor\\\/arda-gulerin-madride-gitmesi-sosyal-medyayi-salladi\\\/#primaryimage\"},\"thumbnailUrl\":\"http:\\\/\\\/e-ciftlik.com\\\/haberler\\\/wp-content\\\/uploads\\\/2024\\\/06\\\/1719647713_1200x628.jpeg\",\"articleSection\":[\"Spor\"],\"inLanguage\":\"tr\",\"potentialAction\":[{\"@type\":\"CommentAction\",\"name\":\"Comment\",\"target\":[\"http:\\\/\\\/e-ciftlik.com\\\/haberler\\\/spor\\\/arda-gulerin-madride-gitmesi-sosyal-medyayi-salladi\\\/#respond\"]}]},{\"@type\":\"WebPage\",\"@id\":\"http:\\\/\\\/e-ciftlik.com\\\/haberler\\\/spor\\\/arda-gulerin-madride-gitmesi-sosyal-medyayi-salladi\\\/\",\"url\":\"http:\\\/\\\/e-ciftlik.com\\\/haberler\\\/spor\\\/arda-gulerin-madride-gitmesi-sosyal-medyayi-salladi\\\/\",\"name\":\"Arda G\u00fcler'in Madrid'e Gitmesi Sosyal Medyay\u0131 Sallad\u0131 - E-&Ccedil;\u0130FTL\u0130K HABER\",\"isPartOf\":{\"@id\":\"https:\\\/\\\/e-ciftlik.com\\\/haberler\\\/#website\"},\"primaryImageOfPage\":{\"@id\":\"http:\\\/\\\/e-ciftlik.com\\\/haberler\\\/spor\\\/arda-gulerin-madride-gitmesi-sosyal-medyayi-salladi\\\/#primaryimage\"},\"image\":{\"@id\":\"http:\\\/\\\/e-ciftlik.com\\\/haberler\\\/spor\\\/arda-gulerin-madride-gitmesi-sosyal-medyayi-salladi\\\/#primaryimage\"},\"thumbnailUrl\":\"http:\\\/\\\/e-ciftlik.com\\\/haberler\\\/wp-content\\\/uploads\\\/2024\\\/06\\\/1719647713_1200x628.jpeg\",\"datePublished\":\"2024-06-29T07:55:09+00:00\",\"description\":\"\u0130spanyol medyas\u0131, Arda G\u00fcler\u2019in gelece\u011fi hakk\u0131nda \u00f6nemli bir haber yay\u0131nlad\u0131. Ayr\u0131ca T\u00fcrkiye Futbol Federasyonu taraf\u0131ndan haz\u0131rlanan \u00f6zel bir videoda\",\"breadcrumb\":{\"@id\":\"http:\\\/\\\/e-ciftlik.com\\\/haberler\\\/spor\\\/arda-gulerin-madride-gitmesi-sosyal-medyayi-salladi\\\/#breadcrumb\"},\"inLanguage\":\"tr\",\"potentialAction\":[{\"@type\":\"ReadAction\",\"target\":[\"http:\\\/\\\/e-ciftlik.com\\\/haberler\\\/spor\\\/arda-gulerin-madride-gitmesi-sosyal-medyayi-salladi\\\/\"]}]},{\"@type\":\"ImageObject\",\"inLanguage\":\"tr\",\"@id\":\"http:\\\/\\\/e-ciftlik.com\\\/haberler\\\/spor\\\/arda-gulerin-madride-gitmesi-sosyal-medyayi-salladi\\\/#primaryimage\",\"url\":\"http:\\\/\\\/e-ciftlik.com\\\/haberler\\\/wp-content\\\/uploads\\\/2024\\\/06\\\/1719647713_1200x628.jpeg\",\"contentUrl\":\"http:\\\/\\\/e-ciftlik.com\\\/haberler\\\/wp-content\\\/uploads\\\/2024\\\/06\\\/1719647713_1200x628.jpeg\",\"width\":1200,\"height\":627},{\"@type\":\"BreadcrumbList\",\"@id\":\"http:\\\/\\\/e-ciftlik.com\\\/haberler\\\/spor\\\/arda-gulerin-madride-gitmesi-sosyal-medyayi-salladi\\\/#breadcrumb\",\"itemListElement\":[{\"@type\":\"ListItem\",\"position\":1,\"name\":\"Anasayfa\",\"item\":\"https:\\\/\\\/e-ciftlik.com\\\/haberler\\\/\"},{\"@type\":\"ListItem\",\"position\":2,\"name\":\"Arda G\u00fcler&#8217;in Madrid&#8217;e Gitmesi Sosyal Medyay\u0131 Sallad\u0131\"}]},{\"@type\":\"WebSite\",\"@id\":\"https:\\\/\\\/e-ciftlik.com\\\/haberler\\\/#website\",\"url\":\"https:\\\/\\\/e-ciftlik.com\\\/haberler\\\/\",\"name\":\"E-\u00c7iftlik Haber | G\u00fcncel, Son Dakika Haberler, En Son Haber\",\"description\":\"\",\"publisher\":{\"@id\":\"https:\\\/\\\/e-ciftlik.com\\\/haberler\\\/#organization\"},\"potentialAction\":[{\"@type\":\"SearchAction\",\"target\":{\"@type\":\"EntryPoint\",\"urlTemplate\":\"https:\\\/\\\/e-ciftlik.com\\\/haberler\\\/?s={search_term_string}\"},\"query-input\":{\"@type\":\"PropertyValueSpecification\",\"valueRequired\":true,\"valueName\":\"search_term_string\"}}],\"inLanguage\":\"tr\"},{\"@type\":\"Organization\",\"@id\":\"https:\\\/\\\/e-ciftlik.com\\\/haberler\\\/#organization\",\"name\":\"E-\u00c7\u0130FTL\u0130K HABER\",\"url\":\"https:\\\/\\\/e-ciftlik.com\\\/haberler\\\/\",\"logo\":{\"@type\":\"ImageObject\",\"inLanguage\":\"tr\",\"@id\":\"https:\\\/\\\/e-ciftlik.com\\\/haberler\\\/#\\\/schema\\\/logo\\\/image\\\/\",\"url\":\"http:\\\/\\\/e-ciftlik.com\\\/haberler\\\/wp-content\\\/uploads\\\/2024\\\/06\\\/cropped-cropped-favicon-1-2.png\",\"contentUrl\":\"http:\\\/\\\/e-ciftlik.com\\\/haberler\\\/wp-content\\\/uploads\\\/2024\\\/06\\\/cropped-cropped-favicon-1-2.png\",\"width\":512,\"height\":512,\"caption\":\"E-\u00c7\u0130FTL\u0130K HABER\"},\"image\":{\"@id\":\"https:\\\/\\\/e-ciftlik.com\\\/haberler\\\/#\\\/schema\\\/logo\\\/image\\\/\"},\"sameAs\":[\"https:\\\/\\\/www.facebook.com\\\/eciftlikturkiye\",\"https:\\\/\\\/x.com\\\/eciftlikresmi\",\"https:\\\/\\\/www.instagram.com\\\/eciftlikresmi\\\/\"]},{\"@type\":\"Person\",\"@id\":\"https:\\\/\\\/e-ciftlik.com\\\/haberler\\\/#\\\/schema\\\/person\\\/d2f4fee3143d7f72be82cb887d51b00a\",\"name\":\"Haber Merkezi\",\"image\":{\"@type\":\"ImageObject\",\"inLanguage\":\"tr\",\"@id\":\"https:\\\/\\\/secure.gravatar.com\\\/avatar\\\/6c27d641914e66c1d0452c92716002398782818991d86db1c2cccb531e7c7c82?s=96&d=mm&r=g\",\"url\":\"https:\\\/\\\/secure.gravatar.com\\\/avatar\\\/6c27d641914e66c1d0452c92716002398782818991d86db1c2cccb531e7c7c82?s=96&d=mm&r=g\",\"contentUrl\":\"https:\\\/\\\/secure.gravatar.com\\\/avatar\\\/6c27d641914e66c1d0452c92716002398782818991d86db1c2cccb531e7c7c82?s=96&d=mm&r=g\",\"caption\":\"Haber Merkezi\"},\"sameAs\":[\"http:\\\/\\\/e-ciftlik.com\\\/haberler\"]}]}<\/script>\n<!-- \/ Yoast SEO Premium plugin. -->","yoast_head_json":{"title":"Arda G\u00fcler'in Madrid'e Gitmesi Sosyal Medyay\u0131 Sallad\u0131 - E-&Ccedil;\u0130FTL\u0130K HABER","description":"\u0130spanyol medyas\u0131, Arda G\u00fcler\u2019in gelece\u011fi hakk\u0131nda \u00f6nemli bir haber yay\u0131nlad\u0131. Ayr\u0131ca T\u00fcrkiye Futbol Federasyonu taraf\u0131ndan haz\u0131rlanan \u00f6zel bir videoda","robots":{"index":"index","follow":"follow","max-snippet":"max-snippet:-1","max-image-preview":"max-image-preview:large","max-video-preview":"max-video-preview:-1"},"canonical":"http:\/\/e-ciftlik.com\/haberler\/spor\/arda-gulerin-madride-gitmesi-sosyal-medyayi-salladi\/","og_locale":"tr_TR","og_type":"article","og_title":"Arda G\u00fcler'in Madrid'e Gitmesi Sosyal Medyay\u0131 Sallad\u0131","og_description":"\u0130spanyol medyas\u0131, Arda G\u00fcler\u2019in gelece\u011fi hakk\u0131nda \u00f6nemli bir haber yay\u0131nlad\u0131. Ayr\u0131ca T\u00fcrkiye Futbol Federasyonu taraf\u0131ndan haz\u0131rlanan \u00f6zel bir videoda","og_url":"http:\/\/e-ciftlik.com\/haberler\/spor\/arda-gulerin-madride-gitmesi-sosyal-medyayi-salladi\/","og_site_name":"E-&Ccedil;\u0130FTL\u0130K HABER","article_publisher":"https:\/\/www.facebook.com\/eciftlikturkiye","article_published_time":"2024-06-29T07:55:09+00:00","og_image":[{"width":1200,"height":627,"url":"http:\/\/e-ciftlik.com\/haberler\/wp-content\/uploads\/2024\/06\/1719647713_1200x628.jpeg","type":"image\/jpeg"}],"author":"Haber Merkezi","twitter_card":"summary_large_image","twitter_creator":"@eciftlikresmi","twitter_site":"@eciftlikresmi","twitter_misc":{"Yazan:":"Haber Merkezi","Tahmini okuma s\u00fcresi":"1 dakika"},"schema":{"@context":"https:\/\/schema.org","@graph":[{"@type":"NewsArticle","@id":"http:\/\/e-ciftlik.com\/haberler\/spor\/arda-gulerin-madride-gitmesi-sosyal-medyayi-salladi\/#article","isPartOf":{"@id":"http:\/\/e-ciftlik.com\/haberler\/spor\/arda-gulerin-madride-gitmesi-sosyal-medyayi-salladi\/"},"author":{"name":"Haber Merkezi","@id":"https:\/\/e-ciftlik.com\/haberler\/#\/schema\/person\/d2f4fee3143d7f72be82cb887d51b00a"},"headline":"Arda G\u00fcler&#8217;in Madrid&#8217;e Gitmesi Sosyal Medyay\u0131 Sallad\u0131","datePublished":"2024-06-29T07:55:09+00:00","mainEntityOfPage":{"@id":"http:\/\/e-ciftlik.com\/haberler\/spor\/arda-gulerin-madride-gitmesi-sosyal-medyayi-salladi\/"},"wordCount":185,"commentCount":0,"publisher":{"@id":"https:\/\/e-ciftlik.com\/haberler\/#organization"},"image":{"@id":"http:\/\/e-ciftlik.com\/haberler\/spor\/arda-gulerin-madride-gitmesi-sosyal-medyayi-salladi\/#primaryimage"},"thumbnailUrl":"http:\/\/e-ciftlik.com\/haberler\/wp-content\/uploads\/2024\/06\/1719647713_1200x628.jpeg","articleSection":["Spor"],"inLanguage":"tr","potentialAction":[{"@type":"CommentAction","name":"Comment","target":["http:\/\/e-ciftlik.com\/haberler\/spor\/arda-gulerin-madride-gitmesi-sosyal-medyayi-salladi\/#respond"]}]},{"@type":"WebPage","@id":"http:\/\/e-ciftlik.com\/haberler\/spor\/arda-gulerin-madride-gitmesi-sosyal-medyayi-salladi\/","url":"http:\/\/e-ciftlik.com\/haberler\/spor\/arda-gulerin-madride-gitmesi-sosyal-medyayi-salladi\/","name":"Arda G\u00fcler'in Madrid'e Gitmesi Sosyal Medyay\u0131 Sallad\u0131 - E-&Ccedil;\u0130FTL\u0130K HABER","isPartOf":{"@id":"https:\/\/e-ciftlik.com\/haberler\/#website"},"primaryImageOfPage":{"@id":"http:\/\/e-ciftlik.com\/haberler\/spor\/arda-gulerin-madride-gitmesi-sosyal-medyayi-salladi\/#primaryimage"},"image":{"@id":"http:\/\/e-ciftlik.com\/haberler\/spor\/arda-gulerin-madride-gitmesi-sosyal-medyayi-salladi\/#primaryimage"},"thumbnailUrl":"http:\/\/e-ciftlik.com\/haberler\/wp-content\/uploads\/2024\/06\/1719647713_1200x628.jpeg","datePublished":"2024-06-29T07:55:09+00:00","description":"\u0130spanyol medyas\u0131, Arda G\u00fcler\u2019in gelece\u011fi hakk\u0131nda \u00f6nemli bir haber yay\u0131nlad\u0131. Ayr\u0131ca T\u00fcrkiye Futbol Federasyonu taraf\u0131ndan haz\u0131rlanan \u00f6zel bir videoda","breadcrumb":{"@id":"http:\/\/e-ciftlik.com\/haberler\/spor\/arda-gulerin-madride-gitmesi-sosyal-medyayi-salladi\/#breadcrumb"},"inLanguage":"tr","potentialAction":[{"@type":"ReadAction","target":["http:\/\/e-ciftlik.com\/haberler\/spor\/arda-gulerin-madride-gitmesi-sosyal-medyayi-salladi\/"]}]},{"@type":"ImageObject","inLanguage":"tr","@id":"http:\/\/e-ciftlik.com\/haberler\/spor\/arda-gulerin-madride-gitmesi-sosyal-medyayi-salladi\/#primaryimage","url":"http:\/\/e-ciftlik.com\/haberler\/wp-content\/uploads\/2024\/06\/1719647713_1200x628.jpeg","contentUrl":"http:\/\/e-ciftlik.com\/haberler\/wp-content\/uploads\/2024\/06\/1719647713_1200x628.jpeg","width":1200,"height":627},{"@type":"BreadcrumbList","@id":"http:\/\/e-ciftlik.com\/haberler\/spor\/arda-gulerin-madride-gitmesi-sosyal-medyayi-salladi\/#breadcrumb","itemListElement":[{"@type":"ListItem","position":1,"name":"Anasayfa","item":"https:\/\/e-ciftlik.com\/haberler\/"},{"@type":"ListItem","position":2,"name":"Arda G\u00fcler&#8217;in Madrid&#8217;e Gitmesi Sosyal Medyay\u0131 Sallad\u0131"}]},{"@type":"WebSite","@id":"https:\/\/e-ciftlik.com\/haberler\/#website","url":"https:\/\/e-ciftlik.com\/haberler\/","name":"E-\u00c7iftlik Haber | G\u00fcncel, Son Dakika Haberler, En Son Haber","description":"","publisher":{"@id":"https:\/\/e-ciftlik.com\/haberler\/#organization"},"potentialAction":[{"@type":"SearchAction","target":{"@type":"EntryPoint","urlTemplate":"https:\/\/e-ciftlik.com\/haberler\/?s={search_term_string}"},"query-input":{"@type":"PropertyValueSpecification","valueRequired":true,"valueName":"search_term_string"}}],"inLanguage":"tr"},{"@type":"Organization","@id":"https:\/\/e-ciftlik.com\/haberler\/#organization","name":"E-\u00c7\u0130FTL\u0130K HABER","url":"https:\/\/e-ciftlik.com\/haberler\/","logo":{"@type":"ImageObject","inLanguage":"tr","@id":"https:\/\/e-ciftlik.com\/haberler\/#\/schema\/logo\/image\/","url":"http:\/\/e-ciftlik.com\/haberler\/wp-content\/uploads\/2024\/06\/cropped-cropped-favicon-1-2.png","contentUrl":"http:\/\/e-ciftlik.com\/haberler\/wp-content\/uploads\/2024\/06\/cropped-cropped-favicon-1-2.png","width":512,"height":512,"caption":"E-\u00c7\u0130FTL\u0130K HABER"},"image":{"@id":"https:\/\/e-ciftlik.com\/haberler\/#\/schema\/logo\/image\/"},"sameAs":["https:\/\/www.facebook.com\/eciftlikturkiye","https:\/\/x.com\/eciftlikresmi","https:\/\/www.instagram.com\/eciftlikresmi\/"]},{"@type":"Person","@id":"https:\/\/e-ciftlik.com\/haberler\/#\/schema\/person\/d2f4fee3143d7f72be82cb887d51b00a","name":"Haber Merkezi","image":{"@type":"ImageObject","inLanguage":"tr","@id":"https:\/\/secure.gravatar.com\/avatar\/6c27d641914e66c1d0452c92716002398782818991d86db1c2cccb531e7c7c82?s=96&d=mm&r=g","url":"https:\/\/secure.gravatar.com\/avatar\/6c27d641914e66c1d0452c92716002398782818991d86db1c2cccb531e7c7c82?s=96&d=mm&r=g","contentUrl":"https:\/\/secure.gravatar.com\/avatar\/6c27d641914e66c1d0452c92716002398782818991d86db1c2cccb531e7c7c82?s=96&d=mm&r=g","caption":"Haber Merkezi"},"sameAs":["http:\/\/e-ciftlik.com\/haberler"]}]}},"_links":{"self":[{"href":"http:\/\/e-ciftlik.com\/haberler\/wp-json\/wp\/v2\/posts\/7905","targetHints":{"allow":["GET"]}}],"collection":[{"href":"http:\/\/e-ciftlik.com\/haberler\/wp-json\/wp\/v2\/posts"}],"about":[{"href":"http:\/\/e-ciftlik.com\/haberler\/wp-json\/wp\/v2\/types\/post"}],"author":[{"embeddable":true,"href":"http:\/\/e-ciftlik.com\/haberler\/wp-json\/wp\/v2\/users\/1"}],"replies":[{"embeddable":true,"href":"http:\/\/e-ciftlik.com\/haberler\/wp-json\/wp\/v2\/comments?post=7905"}],"version-history":[{"count":0,"href":"http:\/\/e-ciftlik.com\/haberler\/wp-json\/wp\/v2\/posts\/7905\/revisions"}],"wp:featuredmedia":[{"embeddable":true,"href":"http:\/\/e-ciftlik.com\/haberler\/wp-json\/wp\/v2\/media\/7906"}],"wp:attachment":[{"href":"http:\/\/e-ciftlik.com\/haberler\/wp-json\/wp\/v2\/media?parent=7905"}],"wp:term":[{"taxonomy":"category","embeddable":true,"href":"http:\/\/e-ciftlik.com\/haberler\/wp-json\/wp\/v2\/categories?post=7905"},{"taxonomy":"post_tag","embeddable":true,"href":"http:\/\/e-ciftlik.com\/haberler\/wp-json\/wp\/v2\/tags?post=7905"}],"curies":[{"name":"wp","href":"https:\/\/api.w.org\/{rel}","templated":true}]}}