{"id":7936,"date":"2024-06-29T10:08:37","date_gmt":"2024-06-29T10:08:37","guid":{"rendered":"https:\/\/e-ciftlik.com\/haberler\/gundem\/turk-ihalarinin-dikkat-cekici-yukselisi\/"},"modified":"2024-06-29T10:08:37","modified_gmt":"2024-06-29T10:08:37","slug":"turk-ihalarinin-dikkat-cekici-yukselisi","status":"publish","type":"post","link":"http:\/\/e-ciftlik.com\/haberler\/gundem\/turk-ihalarinin-dikkat-cekici-yukselisi\/","title":{"rendered":"T\u00fcrk \u0130HA&#8217;lar\u0131n\u0131n Dikkat \u00c7ekici Y\u00fckseli\u015fi"},"content":{"rendered":"<p>T\u00fcrkiye&#8217;nin \u0130HA \u0130lerlemesi G\u00f6z Kama\u015ft\u0131r\u0131yor<\/p>\n<p>Son zamanlarda T\u00fcrkiye, insans\u0131z hava ara\u00e7lar\u0131 (\u0130HA) alan\u0131nda att\u0131\u011f\u0131 ad\u0131mlarla d\u00fcnyan\u0131n \u00f6nde gelen \u00fclkeleri aras\u0131nda yerini sa\u011flamla\u015ft\u0131rd\u0131. Bir\u00e7ok \u00fclke T\u00fcrk \u0130HA&#8217;lar\u0131n\u0131 tercih ederken, bu durum Amerika Birle\u015fik Devletleri&#8217;ni de etkiledi. Center for a New American Security adl\u0131 kurulu\u015f taraf\u0131ndan yay\u0131nlanan &#8220;Gelecekteki M\u00fcdahalelerde \u0130HA Sava\u015f\u0131&#8221; isimli makalede, T\u00fcrk \u0130HA&#8217;lar\u0131n\u0131n d\u00fcnya sava\u015flar\u0131na olan etkisi ve T\u00fcrkiye&#8217;nin \u0130HA geli\u015fim s\u00fcrecine odaklan\u0131ld\u0131. T\u00fcrkiye&#8217;nin \u00c7in&#8217;i geride b\u0131rakarak \u00c7in pazar\u0131n\u0131 ele ge\u00e7irmesine vurgu yap\u0131lan makalede, &#8220;T\u00fcrkiye, Amerika&#8217;n\u0131n \u0130HA ihracat k\u0131s\u0131tlamalar\u0131n\u0131n yerli \u0130HA geli\u015fimini nas\u0131l y\u00f6nlendirdi\u011finin en iyi \u00f6rne\u011fini sunmaktad\u0131r.&#8221; ifadelerine yer verildi.<\/p>\n<p>T\u00fcrkiye&#8217;nin \u0130HA teknolojisi konusundaki ba\u015far\u0131s\u0131, uluslararas\u0131 alanda geni\u015f yank\u0131 bulmaya devam ediyor. Yay\u0131nlanan makale, T\u00fcrkiye&#8217;nin bu alandaki y\u00fckseli\u015fini detaylar\u0131yla ele al\u0131rken, T\u00fcrkiye&#8217;nin d\u00fcnya \u00e7ap\u0131nda \u0130HA pazar\u0131nda liderli\u011fini s\u00fcrd\u00fcrmesini \u00f6ne \u00e7\u0131kar\u0131yor.<\/p>\n<p>T\u00fcrk \u0130HA&#8217;lar\u0131n\u0131n sava\u015flara olan etkisi ve T\u00fcrkiye&#8217;nin \u0130HA teknolojisi alan\u0131ndaki ba\u015far\u0131s\u0131, uluslararas\u0131 ilgiyi \u00fczerine \u00e7ekmeye devam ediyor. T\u00fcrkiye&#8217;nin \u00c7in&#8217;i geride b\u0131rakarak \u00c7in pazar\u0131na hakim olmas\u0131na de\u011finen makale, T\u00fcrkiye&#8217;nin bu alandaki \u00f6nc\u00fc konumunu vurguluyor.<\/p>\n<p>Makalede, T\u00fcrkiye&#8217;nin \u0130HA teknolojisi alan\u0131ndaki geli\u015fimi ve bu alandaki liderli\u011fi detayl\u0131 bir \u015fekilde ele al\u0131n\u0131yor. T\u00fcrkiye&#8217;nin Amerika Birle\u015fik Devletleri&#8217;nin ihracat k\u0131s\u0131tlamalar\u0131n\u0131 nas\u0131l a\u015ft\u0131\u011f\u0131na dikkat \u00e7ekilirken, T\u00fcrkiye&#8217;nin \u0130HA teknolojisindeki ilerleyi\u015fi \u00f6vg\u00fcyle anlat\u0131l\u0131yor.<\/p>\n","protected":false},"excerpt":{"rendered":"<p>T\u00fcrkiye&#8217;nin \u0130HA \u0130lerlemesi G\u00f6z Kama\u015ft\u0131r\u0131yor Son zamanlarda T\u00fcrkiye, insans\u0131z hava ara\u00e7lar\u0131 (\u0130HA) alan\u0131nda att\u0131\u011f\u0131 ad\u0131mlarla&hellip;<\/p>\n","protected":false},"author":1,"featured_media":7937,"comment_status":"open","ping_status":"open","sticky":false,"template":"","format":"standard","meta":{"footnotes":""},"categories":[10],"tags":[],"class_list":["post-7936","post","type-post","status-publish","format-standard","has-post-thumbnail","hentry","category-gundem"],"yoast_head":"<!-- This site is optimized with the Yoast SEO Premium plugin v24.3 (Yoast SEO v27.4) - https:\/\/yoast.com\/product\/yoast-seo-premium-wordpress\/ -->\n<title>T\u00fcrk \u0130HA&#039;lar\u0131n\u0131n Dikkat \u00c7ekici Y\u00fckseli\u015fi - E-&Ccedil;\u0130FTL\u0130K HABER<\/title>\n<meta name=\"description\" content=\"T\u00fcrkiye&#039;nin \u0130HA \u0130lerlemesi G\u00f6z Kama\u015ft\u0131r\u0131yor Son zamanlarda T\u00fcrkiye, insans\u0131z hava ara\u00e7lar\u0131 (\u0130HA) alan\u0131nda att\u0131\u011f\u0131 ad\u0131mlarla d\u00fcnyan\u0131n \u00f6nde gelen \u00fclkeleri\" \/>\n<meta name=\"robots\" content=\"index, follow, max-snippet:-1, max-image-preview:large, max-video-preview:-1\" \/>\n<link rel=\"canonical\" href=\"http:\/\/e-ciftlik.com\/haberler\/gundem\/turk-ihalarinin-dikkat-cekici-yukselisi\/\" \/>\n<meta property=\"og:locale\" content=\"tr_TR\" \/>\n<meta property=\"og:type\" content=\"article\" \/>\n<meta property=\"og:title\" content=\"T\u00fcrk \u0130HA&#039;lar\u0131n\u0131n Dikkat \u00c7ekici Y\u00fckseli\u015fi\" \/>\n<meta property=\"og:description\" content=\"T\u00fcrkiye&#039;nin \u0130HA \u0130lerlemesi G\u00f6z Kama\u015ft\u0131r\u0131yor Son zamanlarda T\u00fcrkiye, insans\u0131z hava ara\u00e7lar\u0131 (\u0130HA) alan\u0131nda att\u0131\u011f\u0131 ad\u0131mlarla d\u00fcnyan\u0131n \u00f6nde gelen \u00fclkeleri\" \/>\n<meta property=\"og:url\" content=\"http:\/\/e-ciftlik.com\/haberler\/gundem\/turk-ihalarinin-dikkat-cekici-yukselisi\/\" \/>\n<meta property=\"og:site_name\" content=\"E-&Ccedil;\u0130FTL\u0130K HABER\" \/>\n<meta property=\"article:publisher\" content=\"https:\/\/www.facebook.com\/eciftlikturkiye\" \/>\n<meta property=\"article:published_time\" content=\"2024-06-29T10:08:37+00:00\" \/>\n<meta property=\"og:image\" content=\"http:\/\/e-ciftlik.com\/haberler\/wp-content\/uploads\/2024\/06\/gelecekteki-savaslara-ihalar-imza-atacak-abd-medyasi-ovgu-yagdirdi-bu-isin-zirvesi-turkler-1719651477561.jpg\" \/>\n\t<meta property=\"og:image:width\" content=\"1200\" \/>\n\t<meta property=\"og:image:height\" content=\"675\" \/>\n\t<meta property=\"og:image:type\" content=\"image\/jpeg\" \/>\n<meta name=\"author\" content=\"Haber Merkezi\" \/>\n<meta name=\"twitter:card\" content=\"summary_large_image\" \/>\n<meta name=\"twitter:creator\" content=\"@eciftlikresmi\" \/>\n<meta name=\"twitter:site\" content=\"@eciftlikresmi\" \/>\n<meta name=\"twitter:label1\" content=\"Yazan:\" \/>\n\t<meta name=\"twitter:data1\" content=\"Haber Merkezi\" \/>\n\t<meta name=\"twitter:label2\" content=\"Tahmini okuma s\u00fcresi\" \/>\n\t<meta name=\"twitter:data2\" content=\"1 dakika\" \/>\n<script type=\"application\/ld+json\" class=\"yoast-schema-graph\">{\"@context\":\"https:\\\/\\\/schema.org\",\"@graph\":[{\"@type\":\"NewsArticle\",\"@id\":\"http:\\\/\\\/e-ciftlik.com\\\/haberler\\\/gundem\\\/turk-ihalarinin-dikkat-cekici-yukselisi\\\/#article\",\"isPartOf\":{\"@id\":\"http:\\\/\\\/e-ciftlik.com\\\/haberler\\\/gundem\\\/turk-ihalarinin-dikkat-cekici-yukselisi\\\/\"},\"author\":{\"name\":\"Haber Merkezi\",\"@id\":\"https:\\\/\\\/e-ciftlik.com\\\/haberler\\\/#\\\/schema\\\/person\\\/d2f4fee3143d7f72be82cb887d51b00a\"},\"headline\":\"T\u00fcrk \u0130HA&#8217;lar\u0131n\u0131n Dikkat \u00c7ekici Y\u00fckseli\u015fi\",\"datePublished\":\"2024-06-29T10:08:37+00:00\",\"mainEntityOfPage\":{\"@id\":\"http:\\\/\\\/e-ciftlik.com\\\/haberler\\\/gundem\\\/turk-ihalarinin-dikkat-cekici-yukselisi\\\/\"},\"wordCount\":316,\"commentCount\":0,\"publisher\":{\"@id\":\"https:\\\/\\\/e-ciftlik.com\\\/haberler\\\/#organization\"},\"image\":{\"@id\":\"http:\\\/\\\/e-ciftlik.com\\\/haberler\\\/gundem\\\/turk-ihalarinin-dikkat-cekici-yukselisi\\\/#primaryimage\"},\"thumbnailUrl\":\"http:\\\/\\\/e-ciftlik.com\\\/haberler\\\/wp-content\\\/uploads\\\/2024\\\/06\\\/gelecekteki-savaslara-ihalar-imza-atacak-abd-medyasi-ovgu-yagdirdi-bu-isin-zirvesi-turkler-1719651477561.jpg\",\"articleSection\":[\"G\u00fcndem\"],\"inLanguage\":\"tr\",\"potentialAction\":[{\"@type\":\"CommentAction\",\"name\":\"Comment\",\"target\":[\"http:\\\/\\\/e-ciftlik.com\\\/haberler\\\/gundem\\\/turk-ihalarinin-dikkat-cekici-yukselisi\\\/#respond\"]}]},{\"@type\":\"WebPage\",\"@id\":\"http:\\\/\\\/e-ciftlik.com\\\/haberler\\\/gundem\\\/turk-ihalarinin-dikkat-cekici-yukselisi\\\/\",\"url\":\"http:\\\/\\\/e-ciftlik.com\\\/haberler\\\/gundem\\\/turk-ihalarinin-dikkat-cekici-yukselisi\\\/\",\"name\":\"T\u00fcrk \u0130HA'lar\u0131n\u0131n Dikkat \u00c7ekici Y\u00fckseli\u015fi - E-&Ccedil;\u0130FTL\u0130K HABER\",\"isPartOf\":{\"@id\":\"https:\\\/\\\/e-ciftlik.com\\\/haberler\\\/#website\"},\"primaryImageOfPage\":{\"@id\":\"http:\\\/\\\/e-ciftlik.com\\\/haberler\\\/gundem\\\/turk-ihalarinin-dikkat-cekici-yukselisi\\\/#primaryimage\"},\"image\":{\"@id\":\"http:\\\/\\\/e-ciftlik.com\\\/haberler\\\/gundem\\\/turk-ihalarinin-dikkat-cekici-yukselisi\\\/#primaryimage\"},\"thumbnailUrl\":\"http:\\\/\\\/e-ciftlik.com\\\/haberler\\\/wp-content\\\/uploads\\\/2024\\\/06\\\/gelecekteki-savaslara-ihalar-imza-atacak-abd-medyasi-ovgu-yagdirdi-bu-isin-zirvesi-turkler-1719651477561.jpg\",\"datePublished\":\"2024-06-29T10:08:37+00:00\",\"description\":\"T\u00fcrkiye'nin \u0130HA \u0130lerlemesi G\u00f6z Kama\u015ft\u0131r\u0131yor Son zamanlarda T\u00fcrkiye, insans\u0131z hava ara\u00e7lar\u0131 (\u0130HA) alan\u0131nda att\u0131\u011f\u0131 ad\u0131mlarla d\u00fcnyan\u0131n \u00f6nde gelen \u00fclkeleri\",\"breadcrumb\":{\"@id\":\"http:\\\/\\\/e-ciftlik.com\\\/haberler\\\/gundem\\\/turk-ihalarinin-dikkat-cekici-yukselisi\\\/#breadcrumb\"},\"inLanguage\":\"tr\",\"potentialAction\":[{\"@type\":\"ReadAction\",\"target\":[\"http:\\\/\\\/e-ciftlik.com\\\/haberler\\\/gundem\\\/turk-ihalarinin-dikkat-cekici-yukselisi\\\/\"]}]},{\"@type\":\"ImageObject\",\"inLanguage\":\"tr\",\"@id\":\"http:\\\/\\\/e-ciftlik.com\\\/haberler\\\/gundem\\\/turk-ihalarinin-dikkat-cekici-yukselisi\\\/#primaryimage\",\"url\":\"http:\\\/\\\/e-ciftlik.com\\\/haberler\\\/wp-content\\\/uploads\\\/2024\\\/06\\\/gelecekteki-savaslara-ihalar-imza-atacak-abd-medyasi-ovgu-yagdirdi-bu-isin-zirvesi-turkler-1719651477561.jpg\",\"contentUrl\":\"http:\\\/\\\/e-ciftlik.com\\\/haberler\\\/wp-content\\\/uploads\\\/2024\\\/06\\\/gelecekteki-savaslara-ihalar-imza-atacak-abd-medyasi-ovgu-yagdirdi-bu-isin-zirvesi-turkler-1719651477561.jpg\",\"width\":1200,\"height\":675},{\"@type\":\"BreadcrumbList\",\"@id\":\"http:\\\/\\\/e-ciftlik.com\\\/haberler\\\/gundem\\\/turk-ihalarinin-dikkat-cekici-yukselisi\\\/#breadcrumb\",\"itemListElement\":[{\"@type\":\"ListItem\",\"position\":1,\"name\":\"Anasayfa\",\"item\":\"https:\\\/\\\/e-ciftlik.com\\\/haberler\\\/\"},{\"@type\":\"ListItem\",\"position\":2,\"name\":\"T\u00fcrk \u0130HA&#8217;lar\u0131n\u0131n Dikkat \u00c7ekici Y\u00fckseli\u015fi\"}]},{\"@type\":\"WebSite\",\"@id\":\"https:\\\/\\\/e-ciftlik.com\\\/haberler\\\/#website\",\"url\":\"https:\\\/\\\/e-ciftlik.com\\\/haberler\\\/\",\"name\":\"E-\u00c7iftlik Haber | G\u00fcncel, Son Dakika Haberler, En Son Haber\",\"description\":\"\",\"publisher\":{\"@id\":\"https:\\\/\\\/e-ciftlik.com\\\/haberler\\\/#organization\"},\"potentialAction\":[{\"@type\":\"SearchAction\",\"target\":{\"@type\":\"EntryPoint\",\"urlTemplate\":\"https:\\\/\\\/e-ciftlik.com\\\/haberler\\\/?s={search_term_string}\"},\"query-input\":{\"@type\":\"PropertyValueSpecification\",\"valueRequired\":true,\"valueName\":\"search_term_string\"}}],\"inLanguage\":\"tr\"},{\"@type\":\"Organization\",\"@id\":\"https:\\\/\\\/e-ciftlik.com\\\/haberler\\\/#organization\",\"name\":\"E-\u00c7\u0130FTL\u0130K HABER\",\"url\":\"https:\\\/\\\/e-ciftlik.com\\\/haberler\\\/\",\"logo\":{\"@type\":\"ImageObject\",\"inLanguage\":\"tr\",\"@id\":\"https:\\\/\\\/e-ciftlik.com\\\/haberler\\\/#\\\/schema\\\/logo\\\/image\\\/\",\"url\":\"http:\\\/\\\/e-ciftlik.com\\\/haberler\\\/wp-content\\\/uploads\\\/2024\\\/06\\\/cropped-cropped-favicon-1-2.png\",\"contentUrl\":\"http:\\\/\\\/e-ciftlik.com\\\/haberler\\\/wp-content\\\/uploads\\\/2024\\\/06\\\/cropped-cropped-favicon-1-2.png\",\"width\":512,\"height\":512,\"caption\":\"E-\u00c7\u0130FTL\u0130K HABER\"},\"image\":{\"@id\":\"https:\\\/\\\/e-ciftlik.com\\\/haberler\\\/#\\\/schema\\\/logo\\\/image\\\/\"},\"sameAs\":[\"https:\\\/\\\/www.facebook.com\\\/eciftlikturkiye\",\"https:\\\/\\\/x.com\\\/eciftlikresmi\",\"https:\\\/\\\/www.instagram.com\\\/eciftlikresmi\\\/\"]},{\"@type\":\"Person\",\"@id\":\"https:\\\/\\\/e-ciftlik.com\\\/haberler\\\/#\\\/schema\\\/person\\\/d2f4fee3143d7f72be82cb887d51b00a\",\"name\":\"Haber Merkezi\",\"image\":{\"@type\":\"ImageObject\",\"inLanguage\":\"tr\",\"@id\":\"https:\\\/\\\/secure.gravatar.com\\\/avatar\\\/6c27d641914e66c1d0452c92716002398782818991d86db1c2cccb531e7c7c82?s=96&d=mm&r=g\",\"url\":\"https:\\\/\\\/secure.gravatar.com\\\/avatar\\\/6c27d641914e66c1d0452c92716002398782818991d86db1c2cccb531e7c7c82?s=96&d=mm&r=g\",\"contentUrl\":\"https:\\\/\\\/secure.gravatar.com\\\/avatar\\\/6c27d641914e66c1d0452c92716002398782818991d86db1c2cccb531e7c7c82?s=96&d=mm&r=g\",\"caption\":\"Haber Merkezi\"},\"sameAs\":[\"http:\\\/\\\/e-ciftlik.com\\\/haberler\"]}]}<\/script>\n<!-- \/ Yoast SEO Premium plugin. -->","yoast_head_json":{"title":"T\u00fcrk \u0130HA'lar\u0131n\u0131n Dikkat \u00c7ekici Y\u00fckseli\u015fi - E-&Ccedil;\u0130FTL\u0130K HABER","description":"T\u00fcrkiye'nin \u0130HA \u0130lerlemesi G\u00f6z Kama\u015ft\u0131r\u0131yor Son zamanlarda T\u00fcrkiye, insans\u0131z hava ara\u00e7lar\u0131 (\u0130HA) alan\u0131nda att\u0131\u011f\u0131 ad\u0131mlarla d\u00fcnyan\u0131n \u00f6nde gelen \u00fclkeleri","robots":{"index":"index","follow":"follow","max-snippet":"max-snippet:-1","max-image-preview":"max-image-preview:large","max-video-preview":"max-video-preview:-1"},"canonical":"http:\/\/e-ciftlik.com\/haberler\/gundem\/turk-ihalarinin-dikkat-cekici-yukselisi\/","og_locale":"tr_TR","og_type":"article","og_title":"T\u00fcrk \u0130HA'lar\u0131n\u0131n Dikkat \u00c7ekici Y\u00fckseli\u015fi","og_description":"T\u00fcrkiye'nin \u0130HA \u0130lerlemesi G\u00f6z Kama\u015ft\u0131r\u0131yor Son zamanlarda T\u00fcrkiye, insans\u0131z hava ara\u00e7lar\u0131 (\u0130HA) alan\u0131nda att\u0131\u011f\u0131 ad\u0131mlarla d\u00fcnyan\u0131n \u00f6nde gelen \u00fclkeleri","og_url":"http:\/\/e-ciftlik.com\/haberler\/gundem\/turk-ihalarinin-dikkat-cekici-yukselisi\/","og_site_name":"E-&Ccedil;\u0130FTL\u0130K HABER","article_publisher":"https:\/\/www.facebook.com\/eciftlikturkiye","article_published_time":"2024-06-29T10:08:37+00:00","og_image":[{"width":1200,"height":675,"url":"http:\/\/e-ciftlik.com\/haberler\/wp-content\/uploads\/2024\/06\/gelecekteki-savaslara-ihalar-imza-atacak-abd-medyasi-ovgu-yagdirdi-bu-isin-zirvesi-turkler-1719651477561.jpg","type":"image\/jpeg"}],"author":"Haber Merkezi","twitter_card":"summary_large_image","twitter_creator":"@eciftlikresmi","twitter_site":"@eciftlikresmi","twitter_misc":{"Yazan:":"Haber Merkezi","Tahmini okuma s\u00fcresi":"1 dakika"},"schema":{"@context":"https:\/\/schema.org","@graph":[{"@type":"NewsArticle","@id":"http:\/\/e-ciftlik.com\/haberler\/gundem\/turk-ihalarinin-dikkat-cekici-yukselisi\/#article","isPartOf":{"@id":"http:\/\/e-ciftlik.com\/haberler\/gundem\/turk-ihalarinin-dikkat-cekici-yukselisi\/"},"author":{"name":"Haber Merkezi","@id":"https:\/\/e-ciftlik.com\/haberler\/#\/schema\/person\/d2f4fee3143d7f72be82cb887d51b00a"},"headline":"T\u00fcrk \u0130HA&#8217;lar\u0131n\u0131n Dikkat \u00c7ekici Y\u00fckseli\u015fi","datePublished":"2024-06-29T10:08:37+00:00","mainEntityOfPage":{"@id":"http:\/\/e-ciftlik.com\/haberler\/gundem\/turk-ihalarinin-dikkat-cekici-yukselisi\/"},"wordCount":316,"commentCount":0,"publisher":{"@id":"https:\/\/e-ciftlik.com\/haberler\/#organization"},"image":{"@id":"http:\/\/e-ciftlik.com\/haberler\/gundem\/turk-ihalarinin-dikkat-cekici-yukselisi\/#primaryimage"},"thumbnailUrl":"http:\/\/e-ciftlik.com\/haberler\/wp-content\/uploads\/2024\/06\/gelecekteki-savaslara-ihalar-imza-atacak-abd-medyasi-ovgu-yagdirdi-bu-isin-zirvesi-turkler-1719651477561.jpg","articleSection":["G\u00fcndem"],"inLanguage":"tr","potentialAction":[{"@type":"CommentAction","name":"Comment","target":["http:\/\/e-ciftlik.com\/haberler\/gundem\/turk-ihalarinin-dikkat-cekici-yukselisi\/#respond"]}]},{"@type":"WebPage","@id":"http:\/\/e-ciftlik.com\/haberler\/gundem\/turk-ihalarinin-dikkat-cekici-yukselisi\/","url":"http:\/\/e-ciftlik.com\/haberler\/gundem\/turk-ihalarinin-dikkat-cekici-yukselisi\/","name":"T\u00fcrk \u0130HA'lar\u0131n\u0131n Dikkat \u00c7ekici Y\u00fckseli\u015fi - E-&Ccedil;\u0130FTL\u0130K HABER","isPartOf":{"@id":"https:\/\/e-ciftlik.com\/haberler\/#website"},"primaryImageOfPage":{"@id":"http:\/\/e-ciftlik.com\/haberler\/gundem\/turk-ihalarinin-dikkat-cekici-yukselisi\/#primaryimage"},"image":{"@id":"http:\/\/e-ciftlik.com\/haberler\/gundem\/turk-ihalarinin-dikkat-cekici-yukselisi\/#primaryimage"},"thumbnailUrl":"http:\/\/e-ciftlik.com\/haberler\/wp-content\/uploads\/2024\/06\/gelecekteki-savaslara-ihalar-imza-atacak-abd-medyasi-ovgu-yagdirdi-bu-isin-zirvesi-turkler-1719651477561.jpg","datePublished":"2024-06-29T10:08:37+00:00","description":"T\u00fcrkiye'nin \u0130HA \u0130lerlemesi G\u00f6z Kama\u015ft\u0131r\u0131yor Son zamanlarda T\u00fcrkiye, insans\u0131z hava ara\u00e7lar\u0131 (\u0130HA) alan\u0131nda att\u0131\u011f\u0131 ad\u0131mlarla d\u00fcnyan\u0131n \u00f6nde gelen \u00fclkeleri","breadcrumb":{"@id":"http:\/\/e-ciftlik.com\/haberler\/gundem\/turk-ihalarinin-dikkat-cekici-yukselisi\/#breadcrumb"},"inLanguage":"tr","potentialAction":[{"@type":"ReadAction","target":["http:\/\/e-ciftlik.com\/haberler\/gundem\/turk-ihalarinin-dikkat-cekici-yukselisi\/"]}]},{"@type":"ImageObject","inLanguage":"tr","@id":"http:\/\/e-ciftlik.com\/haberler\/gundem\/turk-ihalarinin-dikkat-cekici-yukselisi\/#primaryimage","url":"http:\/\/e-ciftlik.com\/haberler\/wp-content\/uploads\/2024\/06\/gelecekteki-savaslara-ihalar-imza-atacak-abd-medyasi-ovgu-yagdirdi-bu-isin-zirvesi-turkler-1719651477561.jpg","contentUrl":"http:\/\/e-ciftlik.com\/haberler\/wp-content\/uploads\/2024\/06\/gelecekteki-savaslara-ihalar-imza-atacak-abd-medyasi-ovgu-yagdirdi-bu-isin-zirvesi-turkler-1719651477561.jpg","width":1200,"height":675},{"@type":"BreadcrumbList","@id":"http:\/\/e-ciftlik.com\/haberler\/gundem\/turk-ihalarinin-dikkat-cekici-yukselisi\/#breadcrumb","itemListElement":[{"@type":"ListItem","position":1,"name":"Anasayfa","item":"https:\/\/e-ciftlik.com\/haberler\/"},{"@type":"ListItem","position":2,"name":"T\u00fcrk \u0130HA&#8217;lar\u0131n\u0131n Dikkat \u00c7ekici Y\u00fckseli\u015fi"}]},{"@type":"WebSite","@id":"https:\/\/e-ciftlik.com\/haberler\/#website","url":"https:\/\/e-ciftlik.com\/haberler\/","name":"E-\u00c7iftlik Haber | G\u00fcncel, Son Dakika Haberler, En Son Haber","description":"","publisher":{"@id":"https:\/\/e-ciftlik.com\/haberler\/#organization"},"potentialAction":[{"@type":"SearchAction","target":{"@type":"EntryPoint","urlTemplate":"https:\/\/e-ciftlik.com\/haberler\/?s={search_term_string}"},"query-input":{"@type":"PropertyValueSpecification","valueRequired":true,"valueName":"search_term_string"}}],"inLanguage":"tr"},{"@type":"Organization","@id":"https:\/\/e-ciftlik.com\/haberler\/#organization","name":"E-\u00c7\u0130FTL\u0130K HABER","url":"https:\/\/e-ciftlik.com\/haberler\/","logo":{"@type":"ImageObject","inLanguage":"tr","@id":"https:\/\/e-ciftlik.com\/haberler\/#\/schema\/logo\/image\/","url":"http:\/\/e-ciftlik.com\/haberler\/wp-content\/uploads\/2024\/06\/cropped-cropped-favicon-1-2.png","contentUrl":"http:\/\/e-ciftlik.com\/haberler\/wp-content\/uploads\/2024\/06\/cropped-cropped-favicon-1-2.png","width":512,"height":512,"caption":"E-\u00c7\u0130FTL\u0130K HABER"},"image":{"@id":"https:\/\/e-ciftlik.com\/haberler\/#\/schema\/logo\/image\/"},"sameAs":["https:\/\/www.facebook.com\/eciftlikturkiye","https:\/\/x.com\/eciftlikresmi","https:\/\/www.instagram.com\/eciftlikresmi\/"]},{"@type":"Person","@id":"https:\/\/e-ciftlik.com\/haberler\/#\/schema\/person\/d2f4fee3143d7f72be82cb887d51b00a","name":"Haber Merkezi","image":{"@type":"ImageObject","inLanguage":"tr","@id":"https:\/\/secure.gravatar.com\/avatar\/6c27d641914e66c1d0452c92716002398782818991d86db1c2cccb531e7c7c82?s=96&d=mm&r=g","url":"https:\/\/secure.gravatar.com\/avatar\/6c27d641914e66c1d0452c92716002398782818991d86db1c2cccb531e7c7c82?s=96&d=mm&r=g","contentUrl":"https:\/\/secure.gravatar.com\/avatar\/6c27d641914e66c1d0452c92716002398782818991d86db1c2cccb531e7c7c82?s=96&d=mm&r=g","caption":"Haber Merkezi"},"sameAs":["http:\/\/e-ciftlik.com\/haberler"]}]}},"_links":{"self":[{"href":"http:\/\/e-ciftlik.com\/haberler\/wp-json\/wp\/v2\/posts\/7936","targetHints":{"allow":["GET"]}}],"collection":[{"href":"http:\/\/e-ciftlik.com\/haberler\/wp-json\/wp\/v2\/posts"}],"about":[{"href":"http:\/\/e-ciftlik.com\/haberler\/wp-json\/wp\/v2\/types\/post"}],"author":[{"embeddable":true,"href":"http:\/\/e-ciftlik.com\/haberler\/wp-json\/wp\/v2\/users\/1"}],"replies":[{"embeddable":true,"href":"http:\/\/e-ciftlik.com\/haberler\/wp-json\/wp\/v2\/comments?post=7936"}],"version-history":[{"count":0,"href":"http:\/\/e-ciftlik.com\/haberler\/wp-json\/wp\/v2\/posts\/7936\/revisions"}],"wp:featuredmedia":[{"embeddable":true,"href":"http:\/\/e-ciftlik.com\/haberler\/wp-json\/wp\/v2\/media\/7937"}],"wp:attachment":[{"href":"http:\/\/e-ciftlik.com\/haberler\/wp-json\/wp\/v2\/media?parent=7936"}],"wp:term":[{"taxonomy":"category","embeddable":true,"href":"http:\/\/e-ciftlik.com\/haberler\/wp-json\/wp\/v2\/categories?post=7936"},{"taxonomy":"post_tag","embeddable":true,"href":"http:\/\/e-ciftlik.com\/haberler\/wp-json\/wp\/v2\/tags?post=7936"}],"curies":[{"name":"wp","href":"https:\/\/api.w.org\/{rel}","templated":true}]}}