{"id":7946,"date":"2024-06-29T11:10:16","date_gmt":"2024-06-29T11:10:16","guid":{"rendered":"https:\/\/e-ciftlik.com\/haberler\/dizi\/emanet-696-bolum-izle-full-tek-parca-dizi-haberleri\/"},"modified":"2024-06-29T11:10:16","modified_gmt":"2024-06-29T11:10:16","slug":"emanet-696-bolum-izle-full-tek-parca-dizi-haberleri","status":"publish","type":"post","link":"http:\/\/e-ciftlik.com\/haberler\/dizi\/emanet-696-bolum-izle-full-tek-parca-dizi-haberleri\/","title":{"rendered":"Emanet 696. B\u00f6l\u00fcm \u0130zle &#8211; Full Tek Par\u00e7a | Dizi Haberleri"},"content":{"rendered":"<p>Emanet dizisinin heyecanla beklenen 696. B\u00f6l\u00fcm\u00fc, 29 Haziran&#8217;da Kanal 7&#8217;de ekrana geldi. Kanal 7&#8217;nin pop\u00fcler dizisi Emanet, \u00fc\u00e7\u00fcnc\u00fc sezonuyla hayranlar\u0131n\u0131n kar\u015f\u0131s\u0131na \u00e7\u0131k\u0131yor. Seher&#8217;in \u00f6l\u00fcm\u00fcyle sars\u0131lan Yaman ve Yusuf&#8217;un hayat\u0131, Emanet ile ekranda yerini al\u0131yor.<\/p>\n<p>Dizinin konusu, gen\u00e7 ve g\u00fczel bir k\u0131z olan Seher&#8217;in hikayesini anlat\u0131yor. Seher, ablas\u0131n\u0131n \u00f6l\u00fcm\u00fcyle ye\u011feni Yusuf&#8217;a emanet edilir ve k\u00fc\u00e7\u00fck \u00e7ocu\u011fa sahip \u00e7\u0131kmak zorundad\u0131r. Ancak bu, sert ve ac\u0131mas\u0131z bir i\u015f adam\u0131 olan Yusuf&#8217;un amcas\u0131 Yaman K\u0131r\u0131ml\u0131 taraf\u0131ndan zorla\u015ft\u0131r\u0131l\u0131r. Seher, Yusuf&#8217;u korumak i\u00e7in Yaman&#8217;a kar\u015f\u0131 amans\u0131z bir m\u00fccadeleye giri\u015fir.<\/p>\n<p>Dizinin y\u00f6netmenleri Ayhan \u00d6zen ve Taner Tun\u00e7, yard\u0131mc\u0131 y\u00f6netmeni ise Umut Keten&#8217;dir. G\u00f6r\u00fcnt\u00fc y\u00f6netmeni \u00d6mer Y\u0131lmaz, senaryosu Ba\u015fak Yaz\u0131 Odas\u0131 taraf\u0131ndan yaz\u0131lm\u0131\u015ft\u0131r. Dizinin yap\u0131mc\u0131s\u0131 Karamel Yap\u0131m, m\u00fczi\u011fi ise Min\u00f6r taraf\u0131ndan yap\u0131lm\u0131\u015ft\u0131r.<\/p>\n<p>Oyuncu kadrosunda Halil \u0130brahim Ceyhan, Berat Yusuf \u00d6zkan, G\u00fclderen G\u00fcler Melih \u00d6zkaya, Tolga Pancaro\u011flu, G\u00fclay \u00d6zdem, G\u00f6zde G\u00fcrkan, Hilal Y\u0131ld\u0131z, O\u011fuz Ya\u011fc\u0131, Osman Ayd\u0131n, \u00d6mer Gec\u00fc, Binnaz Ekren, Zeynep Naz, Derya Ertun, Mehmet Ali Ayd\u0131n, \u00d6zge A\u011fyar, Volkan Y\u0131ld\u0131r\u0131m ve Hayat Olcay gibi isimler yer almaktad\u0131r.<\/p>\n<p>Emanet dizisinin 29 Haziran tarihinde yay\u0131nlanan 696. b\u00f6l\u00fcm\u00fc i\u00e7in tek par\u00e7a izleme linkine a\u015fa\u011f\u0131daki ba\u011flant\u0131dan ula\u015fabilirsiniz. Dizi ile ilgili daha fazla haber ve izleme linkine dair detaylar i\u00e7in l\u00fctfen t\u0131klay\u0131n\u0131z&#8230;<\/p>\n","protected":false},"excerpt":{"rendered":"<p>Emanet dizisinin heyecanla beklenen 696. B\u00f6l\u00fcm\u00fc, 29 Haziran&#8217;da Kanal 7&#8217;de ekrana geldi. Kanal 7&#8217;nin pop\u00fcler&hellip;<\/p>\n","protected":false},"author":1,"featured_media":7947,"comment_status":"open","ping_status":"open","sticky":false,"template":"","format":"standard","meta":{"footnotes":""},"categories":[13],"tags":[],"class_list":["post-7946","post","type-post","status-publish","format-standard","has-post-thumbnail","hentry","category-dizi"],"yoast_head":"<!-- This site is optimized with the Yoast SEO Premium plugin v24.3 (Yoast SEO v27.4) - https:\/\/yoast.com\/product\/yoast-seo-premium-wordpress\/ -->\n<title>Emanet 696. B\u00f6l\u00fcm \u0130zle - Full Tek Par\u00e7a | Dizi Haberleri - E-&Ccedil;\u0130FTL\u0130K HABER<\/title>\n<meta name=\"description\" content=\"Emanet dizisinin heyecanla beklenen 696. B\u00f6l\u00fcm\u00fc, 29 Haziran&#039;da Kanal 7&#039;de ekrana geldi. Kanal 7&#039;nin pop\u00fcler dizisi Emanet, \u00fc\u00e7\u00fcnc\u00fc sezonuyla hayranlar\u0131n\u0131n\" \/>\n<meta name=\"robots\" content=\"index, follow, max-snippet:-1, max-image-preview:large, max-video-preview:-1\" \/>\n<link rel=\"canonical\" href=\"http:\/\/e-ciftlik.com\/haberler\/dizi\/emanet-696-bolum-izle-full-tek-parca-dizi-haberleri\/\" \/>\n<meta property=\"og:locale\" content=\"tr_TR\" \/>\n<meta property=\"og:type\" content=\"article\" \/>\n<meta property=\"og:title\" content=\"Emanet 696. B\u00f6l\u00fcm \u0130zle - Full Tek Par\u00e7a | Dizi Haberleri\" \/>\n<meta property=\"og:description\" content=\"Emanet dizisinin heyecanla beklenen 696. B\u00f6l\u00fcm\u00fc, 29 Haziran&#039;da Kanal 7&#039;de ekrana geldi. Kanal 7&#039;nin pop\u00fcler dizisi Emanet, \u00fc\u00e7\u00fcnc\u00fc sezonuyla hayranlar\u0131n\u0131n\" \/>\n<meta property=\"og:url\" content=\"http:\/\/e-ciftlik.com\/haberler\/dizi\/emanet-696-bolum-izle-full-tek-parca-dizi-haberleri\/\" \/>\n<meta property=\"og:site_name\" content=\"E-&Ccedil;\u0130FTL\u0130K HABER\" \/>\n<meta property=\"article:publisher\" content=\"https:\/\/www.facebook.com\/eciftlikturkiye\" \/>\n<meta property=\"article:published_time\" content=\"2024-06-29T11:10:16+00:00\" \/>\n<meta property=\"og:image\" content=\"http:\/\/e-ciftlik.com\/haberler\/wp-content\/uploads\/2024\/06\/emanet-696-bolum-izle-emanet-yeni-bolum-full-izle-emanet-son-bolum-tek-parca-izle-si59.jpg\" \/>\n\t<meta property=\"og:image:width\" content=\"1600\" \/>\n\t<meta property=\"og:image:height\" content=\"900\" \/>\n\t<meta property=\"og:image:type\" content=\"image\/jpeg\" \/>\n<meta name=\"author\" content=\"Haber Merkezi\" \/>\n<meta name=\"twitter:card\" content=\"summary_large_image\" \/>\n<meta name=\"twitter:creator\" content=\"@eciftlikresmi\" \/>\n<meta name=\"twitter:site\" content=\"@eciftlikresmi\" \/>\n<meta name=\"twitter:label1\" content=\"Yazan:\" \/>\n\t<meta name=\"twitter:data1\" content=\"Haber Merkezi\" \/>\n\t<meta name=\"twitter:label2\" content=\"Tahmini okuma s\u00fcresi\" \/>\n\t<meta name=\"twitter:data2\" content=\"1 dakika\" \/>\n<script type=\"application\/ld+json\" class=\"yoast-schema-graph\">{\"@context\":\"https:\\\/\\\/schema.org\",\"@graph\":[{\"@type\":\"NewsArticle\",\"@id\":\"http:\\\/\\\/e-ciftlik.com\\\/haberler\\\/dizi\\\/emanet-696-bolum-izle-full-tek-parca-dizi-haberleri\\\/#article\",\"isPartOf\":{\"@id\":\"http:\\\/\\\/e-ciftlik.com\\\/haberler\\\/dizi\\\/emanet-696-bolum-izle-full-tek-parca-dizi-haberleri\\\/\"},\"author\":{\"name\":\"Haber Merkezi\",\"@id\":\"https:\\\/\\\/e-ciftlik.com\\\/haberler\\\/#\\\/schema\\\/person\\\/d2f4fee3143d7f72be82cb887d51b00a\"},\"headline\":\"Emanet 696. B\u00f6l\u00fcm \u0130zle &#8211; Full Tek Par\u00e7a | Dizi Haberleri\",\"datePublished\":\"2024-06-29T11:10:16+00:00\",\"mainEntityOfPage\":{\"@id\":\"http:\\\/\\\/e-ciftlik.com\\\/haberler\\\/dizi\\\/emanet-696-bolum-izle-full-tek-parca-dizi-haberleri\\\/\"},\"wordCount\":297,\"commentCount\":0,\"publisher\":{\"@id\":\"https:\\\/\\\/e-ciftlik.com\\\/haberler\\\/#organization\"},\"image\":{\"@id\":\"http:\\\/\\\/e-ciftlik.com\\\/haberler\\\/dizi\\\/emanet-696-bolum-izle-full-tek-parca-dizi-haberleri\\\/#primaryimage\"},\"thumbnailUrl\":\"http:\\\/\\\/e-ciftlik.com\\\/haberler\\\/wp-content\\\/uploads\\\/2024\\\/06\\\/emanet-696-bolum-izle-emanet-yeni-bolum-full-izle-emanet-son-bolum-tek-parca-izle-si59.jpg\",\"articleSection\":[\"Dizi\"],\"inLanguage\":\"tr\",\"potentialAction\":[{\"@type\":\"CommentAction\",\"name\":\"Comment\",\"target\":[\"http:\\\/\\\/e-ciftlik.com\\\/haberler\\\/dizi\\\/emanet-696-bolum-izle-full-tek-parca-dizi-haberleri\\\/#respond\"]}]},{\"@type\":\"WebPage\",\"@id\":\"http:\\\/\\\/e-ciftlik.com\\\/haberler\\\/dizi\\\/emanet-696-bolum-izle-full-tek-parca-dizi-haberleri\\\/\",\"url\":\"http:\\\/\\\/e-ciftlik.com\\\/haberler\\\/dizi\\\/emanet-696-bolum-izle-full-tek-parca-dizi-haberleri\\\/\",\"name\":\"Emanet 696. B\u00f6l\u00fcm \u0130zle - Full Tek Par\u00e7a | Dizi Haberleri - E-&Ccedil;\u0130FTL\u0130K HABER\",\"isPartOf\":{\"@id\":\"https:\\\/\\\/e-ciftlik.com\\\/haberler\\\/#website\"},\"primaryImageOfPage\":{\"@id\":\"http:\\\/\\\/e-ciftlik.com\\\/haberler\\\/dizi\\\/emanet-696-bolum-izle-full-tek-parca-dizi-haberleri\\\/#primaryimage\"},\"image\":{\"@id\":\"http:\\\/\\\/e-ciftlik.com\\\/haberler\\\/dizi\\\/emanet-696-bolum-izle-full-tek-parca-dizi-haberleri\\\/#primaryimage\"},\"thumbnailUrl\":\"http:\\\/\\\/e-ciftlik.com\\\/haberler\\\/wp-content\\\/uploads\\\/2024\\\/06\\\/emanet-696-bolum-izle-emanet-yeni-bolum-full-izle-emanet-son-bolum-tek-parca-izle-si59.jpg\",\"datePublished\":\"2024-06-29T11:10:16+00:00\",\"description\":\"Emanet dizisinin heyecanla beklenen 696. B\u00f6l\u00fcm\u00fc, 29 Haziran'da Kanal 7'de ekrana geldi. Kanal 7'nin pop\u00fcler dizisi Emanet, \u00fc\u00e7\u00fcnc\u00fc sezonuyla hayranlar\u0131n\u0131n\",\"breadcrumb\":{\"@id\":\"http:\\\/\\\/e-ciftlik.com\\\/haberler\\\/dizi\\\/emanet-696-bolum-izle-full-tek-parca-dizi-haberleri\\\/#breadcrumb\"},\"inLanguage\":\"tr\",\"potentialAction\":[{\"@type\":\"ReadAction\",\"target\":[\"http:\\\/\\\/e-ciftlik.com\\\/haberler\\\/dizi\\\/emanet-696-bolum-izle-full-tek-parca-dizi-haberleri\\\/\"]}]},{\"@type\":\"ImageObject\",\"inLanguage\":\"tr\",\"@id\":\"http:\\\/\\\/e-ciftlik.com\\\/haberler\\\/dizi\\\/emanet-696-bolum-izle-full-tek-parca-dizi-haberleri\\\/#primaryimage\",\"url\":\"http:\\\/\\\/e-ciftlik.com\\\/haberler\\\/wp-content\\\/uploads\\\/2024\\\/06\\\/emanet-696-bolum-izle-emanet-yeni-bolum-full-izle-emanet-son-bolum-tek-parca-izle-si59.jpg\",\"contentUrl\":\"http:\\\/\\\/e-ciftlik.com\\\/haberler\\\/wp-content\\\/uploads\\\/2024\\\/06\\\/emanet-696-bolum-izle-emanet-yeni-bolum-full-izle-emanet-son-bolum-tek-parca-izle-si59.jpg\",\"width\":1600,\"height\":900},{\"@type\":\"BreadcrumbList\",\"@id\":\"http:\\\/\\\/e-ciftlik.com\\\/haberler\\\/dizi\\\/emanet-696-bolum-izle-full-tek-parca-dizi-haberleri\\\/#breadcrumb\",\"itemListElement\":[{\"@type\":\"ListItem\",\"position\":1,\"name\":\"Anasayfa\",\"item\":\"https:\\\/\\\/e-ciftlik.com\\\/haberler\\\/\"},{\"@type\":\"ListItem\",\"position\":2,\"name\":\"Emanet 696. B\u00f6l\u00fcm \u0130zle &#8211; Full Tek Par\u00e7a | Dizi Haberleri\"}]},{\"@type\":\"WebSite\",\"@id\":\"https:\\\/\\\/e-ciftlik.com\\\/haberler\\\/#website\",\"url\":\"https:\\\/\\\/e-ciftlik.com\\\/haberler\\\/\",\"name\":\"E-\u00c7iftlik Haber | G\u00fcncel, Son Dakika Haberler, En Son Haber\",\"description\":\"\",\"publisher\":{\"@id\":\"https:\\\/\\\/e-ciftlik.com\\\/haberler\\\/#organization\"},\"potentialAction\":[{\"@type\":\"SearchAction\",\"target\":{\"@type\":\"EntryPoint\",\"urlTemplate\":\"https:\\\/\\\/e-ciftlik.com\\\/haberler\\\/?s={search_term_string}\"},\"query-input\":{\"@type\":\"PropertyValueSpecification\",\"valueRequired\":true,\"valueName\":\"search_term_string\"}}],\"inLanguage\":\"tr\"},{\"@type\":\"Organization\",\"@id\":\"https:\\\/\\\/e-ciftlik.com\\\/haberler\\\/#organization\",\"name\":\"E-\u00c7\u0130FTL\u0130K HABER\",\"url\":\"https:\\\/\\\/e-ciftlik.com\\\/haberler\\\/\",\"logo\":{\"@type\":\"ImageObject\",\"inLanguage\":\"tr\",\"@id\":\"https:\\\/\\\/e-ciftlik.com\\\/haberler\\\/#\\\/schema\\\/logo\\\/image\\\/\",\"url\":\"http:\\\/\\\/e-ciftlik.com\\\/haberler\\\/wp-content\\\/uploads\\\/2024\\\/06\\\/cropped-cropped-favicon-1-2.png\",\"contentUrl\":\"http:\\\/\\\/e-ciftlik.com\\\/haberler\\\/wp-content\\\/uploads\\\/2024\\\/06\\\/cropped-cropped-favicon-1-2.png\",\"width\":512,\"height\":512,\"caption\":\"E-\u00c7\u0130FTL\u0130K HABER\"},\"image\":{\"@id\":\"https:\\\/\\\/e-ciftlik.com\\\/haberler\\\/#\\\/schema\\\/logo\\\/image\\\/\"},\"sameAs\":[\"https:\\\/\\\/www.facebook.com\\\/eciftlikturkiye\",\"https:\\\/\\\/x.com\\\/eciftlikresmi\",\"https:\\\/\\\/www.instagram.com\\\/eciftlikresmi\\\/\"]},{\"@type\":\"Person\",\"@id\":\"https:\\\/\\\/e-ciftlik.com\\\/haberler\\\/#\\\/schema\\\/person\\\/d2f4fee3143d7f72be82cb887d51b00a\",\"name\":\"Haber Merkezi\",\"image\":{\"@type\":\"ImageObject\",\"inLanguage\":\"tr\",\"@id\":\"https:\\\/\\\/secure.gravatar.com\\\/avatar\\\/6c27d641914e66c1d0452c92716002398782818991d86db1c2cccb531e7c7c82?s=96&d=mm&r=g\",\"url\":\"https:\\\/\\\/secure.gravatar.com\\\/avatar\\\/6c27d641914e66c1d0452c92716002398782818991d86db1c2cccb531e7c7c82?s=96&d=mm&r=g\",\"contentUrl\":\"https:\\\/\\\/secure.gravatar.com\\\/avatar\\\/6c27d641914e66c1d0452c92716002398782818991d86db1c2cccb531e7c7c82?s=96&d=mm&r=g\",\"caption\":\"Haber Merkezi\"},\"sameAs\":[\"http:\\\/\\\/e-ciftlik.com\\\/haberler\"]}]}<\/script>\n<!-- \/ Yoast SEO Premium plugin. -->","yoast_head_json":{"title":"Emanet 696. B\u00f6l\u00fcm \u0130zle - Full Tek Par\u00e7a | Dizi Haberleri - E-&Ccedil;\u0130FTL\u0130K HABER","description":"Emanet dizisinin heyecanla beklenen 696. B\u00f6l\u00fcm\u00fc, 29 Haziran'da Kanal 7'de ekrana geldi. Kanal 7'nin pop\u00fcler dizisi Emanet, \u00fc\u00e7\u00fcnc\u00fc sezonuyla hayranlar\u0131n\u0131n","robots":{"index":"index","follow":"follow","max-snippet":"max-snippet:-1","max-image-preview":"max-image-preview:large","max-video-preview":"max-video-preview:-1"},"canonical":"http:\/\/e-ciftlik.com\/haberler\/dizi\/emanet-696-bolum-izle-full-tek-parca-dizi-haberleri\/","og_locale":"tr_TR","og_type":"article","og_title":"Emanet 696. B\u00f6l\u00fcm \u0130zle - Full Tek Par\u00e7a | Dizi Haberleri","og_description":"Emanet dizisinin heyecanla beklenen 696. B\u00f6l\u00fcm\u00fc, 29 Haziran'da Kanal 7'de ekrana geldi. Kanal 7'nin pop\u00fcler dizisi Emanet, \u00fc\u00e7\u00fcnc\u00fc sezonuyla hayranlar\u0131n\u0131n","og_url":"http:\/\/e-ciftlik.com\/haberler\/dizi\/emanet-696-bolum-izle-full-tek-parca-dizi-haberleri\/","og_site_name":"E-&Ccedil;\u0130FTL\u0130K HABER","article_publisher":"https:\/\/www.facebook.com\/eciftlikturkiye","article_published_time":"2024-06-29T11:10:16+00:00","og_image":[{"width":1600,"height":900,"url":"http:\/\/e-ciftlik.com\/haberler\/wp-content\/uploads\/2024\/06\/emanet-696-bolum-izle-emanet-yeni-bolum-full-izle-emanet-son-bolum-tek-parca-izle-si59.jpg","type":"image\/jpeg"}],"author":"Haber Merkezi","twitter_card":"summary_large_image","twitter_creator":"@eciftlikresmi","twitter_site":"@eciftlikresmi","twitter_misc":{"Yazan:":"Haber Merkezi","Tahmini okuma s\u00fcresi":"1 dakika"},"schema":{"@context":"https:\/\/schema.org","@graph":[{"@type":"NewsArticle","@id":"http:\/\/e-ciftlik.com\/haberler\/dizi\/emanet-696-bolum-izle-full-tek-parca-dizi-haberleri\/#article","isPartOf":{"@id":"http:\/\/e-ciftlik.com\/haberler\/dizi\/emanet-696-bolum-izle-full-tek-parca-dizi-haberleri\/"},"author":{"name":"Haber Merkezi","@id":"https:\/\/e-ciftlik.com\/haberler\/#\/schema\/person\/d2f4fee3143d7f72be82cb887d51b00a"},"headline":"Emanet 696. B\u00f6l\u00fcm \u0130zle &#8211; Full Tek Par\u00e7a | Dizi Haberleri","datePublished":"2024-06-29T11:10:16+00:00","mainEntityOfPage":{"@id":"http:\/\/e-ciftlik.com\/haberler\/dizi\/emanet-696-bolum-izle-full-tek-parca-dizi-haberleri\/"},"wordCount":297,"commentCount":0,"publisher":{"@id":"https:\/\/e-ciftlik.com\/haberler\/#organization"},"image":{"@id":"http:\/\/e-ciftlik.com\/haberler\/dizi\/emanet-696-bolum-izle-full-tek-parca-dizi-haberleri\/#primaryimage"},"thumbnailUrl":"http:\/\/e-ciftlik.com\/haberler\/wp-content\/uploads\/2024\/06\/emanet-696-bolum-izle-emanet-yeni-bolum-full-izle-emanet-son-bolum-tek-parca-izle-si59.jpg","articleSection":["Dizi"],"inLanguage":"tr","potentialAction":[{"@type":"CommentAction","name":"Comment","target":["http:\/\/e-ciftlik.com\/haberler\/dizi\/emanet-696-bolum-izle-full-tek-parca-dizi-haberleri\/#respond"]}]},{"@type":"WebPage","@id":"http:\/\/e-ciftlik.com\/haberler\/dizi\/emanet-696-bolum-izle-full-tek-parca-dizi-haberleri\/","url":"http:\/\/e-ciftlik.com\/haberler\/dizi\/emanet-696-bolum-izle-full-tek-parca-dizi-haberleri\/","name":"Emanet 696. B\u00f6l\u00fcm \u0130zle - Full Tek Par\u00e7a | Dizi Haberleri - E-&Ccedil;\u0130FTL\u0130K HABER","isPartOf":{"@id":"https:\/\/e-ciftlik.com\/haberler\/#website"},"primaryImageOfPage":{"@id":"http:\/\/e-ciftlik.com\/haberler\/dizi\/emanet-696-bolum-izle-full-tek-parca-dizi-haberleri\/#primaryimage"},"image":{"@id":"http:\/\/e-ciftlik.com\/haberler\/dizi\/emanet-696-bolum-izle-full-tek-parca-dizi-haberleri\/#primaryimage"},"thumbnailUrl":"http:\/\/e-ciftlik.com\/haberler\/wp-content\/uploads\/2024\/06\/emanet-696-bolum-izle-emanet-yeni-bolum-full-izle-emanet-son-bolum-tek-parca-izle-si59.jpg","datePublished":"2024-06-29T11:10:16+00:00","description":"Emanet dizisinin heyecanla beklenen 696. B\u00f6l\u00fcm\u00fc, 29 Haziran'da Kanal 7'de ekrana geldi. Kanal 7'nin pop\u00fcler dizisi Emanet, \u00fc\u00e7\u00fcnc\u00fc sezonuyla hayranlar\u0131n\u0131n","breadcrumb":{"@id":"http:\/\/e-ciftlik.com\/haberler\/dizi\/emanet-696-bolum-izle-full-tek-parca-dizi-haberleri\/#breadcrumb"},"inLanguage":"tr","potentialAction":[{"@type":"ReadAction","target":["http:\/\/e-ciftlik.com\/haberler\/dizi\/emanet-696-bolum-izle-full-tek-parca-dizi-haberleri\/"]}]},{"@type":"ImageObject","inLanguage":"tr","@id":"http:\/\/e-ciftlik.com\/haberler\/dizi\/emanet-696-bolum-izle-full-tek-parca-dizi-haberleri\/#primaryimage","url":"http:\/\/e-ciftlik.com\/haberler\/wp-content\/uploads\/2024\/06\/emanet-696-bolum-izle-emanet-yeni-bolum-full-izle-emanet-son-bolum-tek-parca-izle-si59.jpg","contentUrl":"http:\/\/e-ciftlik.com\/haberler\/wp-content\/uploads\/2024\/06\/emanet-696-bolum-izle-emanet-yeni-bolum-full-izle-emanet-son-bolum-tek-parca-izle-si59.jpg","width":1600,"height":900},{"@type":"BreadcrumbList","@id":"http:\/\/e-ciftlik.com\/haberler\/dizi\/emanet-696-bolum-izle-full-tek-parca-dizi-haberleri\/#breadcrumb","itemListElement":[{"@type":"ListItem","position":1,"name":"Anasayfa","item":"https:\/\/e-ciftlik.com\/haberler\/"},{"@type":"ListItem","position":2,"name":"Emanet 696. B\u00f6l\u00fcm \u0130zle &#8211; Full Tek Par\u00e7a | Dizi Haberleri"}]},{"@type":"WebSite","@id":"https:\/\/e-ciftlik.com\/haberler\/#website","url":"https:\/\/e-ciftlik.com\/haberler\/","name":"E-\u00c7iftlik Haber | G\u00fcncel, Son Dakika Haberler, En Son Haber","description":"","publisher":{"@id":"https:\/\/e-ciftlik.com\/haberler\/#organization"},"potentialAction":[{"@type":"SearchAction","target":{"@type":"EntryPoint","urlTemplate":"https:\/\/e-ciftlik.com\/haberler\/?s={search_term_string}"},"query-input":{"@type":"PropertyValueSpecification","valueRequired":true,"valueName":"search_term_string"}}],"inLanguage":"tr"},{"@type":"Organization","@id":"https:\/\/e-ciftlik.com\/haberler\/#organization","name":"E-\u00c7\u0130FTL\u0130K HABER","url":"https:\/\/e-ciftlik.com\/haberler\/","logo":{"@type":"ImageObject","inLanguage":"tr","@id":"https:\/\/e-ciftlik.com\/haberler\/#\/schema\/logo\/image\/","url":"http:\/\/e-ciftlik.com\/haberler\/wp-content\/uploads\/2024\/06\/cropped-cropped-favicon-1-2.png","contentUrl":"http:\/\/e-ciftlik.com\/haberler\/wp-content\/uploads\/2024\/06\/cropped-cropped-favicon-1-2.png","width":512,"height":512,"caption":"E-\u00c7\u0130FTL\u0130K HABER"},"image":{"@id":"https:\/\/e-ciftlik.com\/haberler\/#\/schema\/logo\/image\/"},"sameAs":["https:\/\/www.facebook.com\/eciftlikturkiye","https:\/\/x.com\/eciftlikresmi","https:\/\/www.instagram.com\/eciftlikresmi\/"]},{"@type":"Person","@id":"https:\/\/e-ciftlik.com\/haberler\/#\/schema\/person\/d2f4fee3143d7f72be82cb887d51b00a","name":"Haber Merkezi","image":{"@type":"ImageObject","inLanguage":"tr","@id":"https:\/\/secure.gravatar.com\/avatar\/6c27d641914e66c1d0452c92716002398782818991d86db1c2cccb531e7c7c82?s=96&d=mm&r=g","url":"https:\/\/secure.gravatar.com\/avatar\/6c27d641914e66c1d0452c92716002398782818991d86db1c2cccb531e7c7c82?s=96&d=mm&r=g","contentUrl":"https:\/\/secure.gravatar.com\/avatar\/6c27d641914e66c1d0452c92716002398782818991d86db1c2cccb531e7c7c82?s=96&d=mm&r=g","caption":"Haber Merkezi"},"sameAs":["http:\/\/e-ciftlik.com\/haberler"]}]}},"_links":{"self":[{"href":"http:\/\/e-ciftlik.com\/haberler\/wp-json\/wp\/v2\/posts\/7946","targetHints":{"allow":["GET"]}}],"collection":[{"href":"http:\/\/e-ciftlik.com\/haberler\/wp-json\/wp\/v2\/posts"}],"about":[{"href":"http:\/\/e-ciftlik.com\/haberler\/wp-json\/wp\/v2\/types\/post"}],"author":[{"embeddable":true,"href":"http:\/\/e-ciftlik.com\/haberler\/wp-json\/wp\/v2\/users\/1"}],"replies":[{"embeddable":true,"href":"http:\/\/e-ciftlik.com\/haberler\/wp-json\/wp\/v2\/comments?post=7946"}],"version-history":[{"count":0,"href":"http:\/\/e-ciftlik.com\/haberler\/wp-json\/wp\/v2\/posts\/7946\/revisions"}],"wp:featuredmedia":[{"embeddable":true,"href":"http:\/\/e-ciftlik.com\/haberler\/wp-json\/wp\/v2\/media\/7947"}],"wp:attachment":[{"href":"http:\/\/e-ciftlik.com\/haberler\/wp-json\/wp\/v2\/media?parent=7946"}],"wp:term":[{"taxonomy":"category","embeddable":true,"href":"http:\/\/e-ciftlik.com\/haberler\/wp-json\/wp\/v2\/categories?post=7946"},{"taxonomy":"post_tag","embeddable":true,"href":"http:\/\/e-ciftlik.com\/haberler\/wp-json\/wp\/v2\/tags?post=7946"}],"curies":[{"name":"wp","href":"https:\/\/api.w.org\/{rel}","templated":true}]}}