{"id":7967,"date":"2024-06-29T12:38:16","date_gmt":"2024-06-29T12:38:16","guid":{"rendered":"https:\/\/e-ciftlik.com\/haberler\/gundem\/baskan-erdogan-ve-turkmenistan-lideri-telefon-gorusmesi-yapti\/"},"modified":"2024-06-29T12:38:16","modified_gmt":"2024-06-29T12:38:16","slug":"baskan-erdogan-ve-turkmenistan-lideri-telefon-gorusmesi-yapti","status":"publish","type":"post","link":"http:\/\/e-ciftlik.com\/haberler\/gundem\/baskan-erdogan-ve-turkmenistan-lideri-telefon-gorusmesi-yapti\/","title":{"rendered":"Ba\u015fkan Erdo\u011fan ve T\u00fcrkmenistan lideri telefon g\u00f6r\u00fc\u015fmesi yapt\u0131"},"content":{"rendered":"<p>T\u00fcrkiye Cumhurba\u015fkan\u0131 Recep Tayyip Erdo\u011fan, T\u00fcrkmenistan Devlet Ba\u015fkan\u0131 ve Halk Maslahat\u0131 Ba\u015fkan\u0131 Gurbangulu Berdimuhammedov ile telefon g\u00f6r\u00fc\u015fmesi yapt\u0131. G\u00f6r\u00fc\u015fmede, ikili ili\u015fkiler, b\u00f6lgesel konular ve i\u015fbirli\u011fi imkanlar\u0131 ele al\u0131nd\u0131. Erdo\u011fan ve Berdimuhammedov, iki \u00fclke aras\u0131ndaki dostane ili\u015fkilerin daha da g\u00fc\u00e7lenmesi i\u00e7in \u00e7al\u0131\u015fmaya devam etme konusunda mutab\u0131k kald\u0131. G\u00f6r\u00fc\u015fme sonras\u0131nda, T\u00fcrkiye ile T\u00fcrkmenistan aras\u0131ndaki i\u015fbirli\u011finin artarak devam edece\u011fi vurguland\u0131. Ba\u015fkan Erdo\u011fan ile Berdimuhammedov, kar\u015f\u0131l\u0131kl\u0131 olarak iki \u00fclkenin \u00e7\u0131karlar\u0131n\u0131 g\u00f6zetecek ad\u0131mlar atacaklar\u0131 konusunda da anla\u015ft\u0131lar.<\/p>\n","protected":false},"excerpt":{"rendered":"<p>T\u00fcrkiye Cumhurba\u015fkan\u0131 Recep Tayyip Erdo\u011fan, T\u00fcrkmenistan Devlet Ba\u015fkan\u0131 ve Halk Maslahat\u0131 Ba\u015fkan\u0131 Gurbangulu Berdimuhammedov ile&hellip;<\/p>\n","protected":false},"author":1,"featured_media":7968,"comment_status":"open","ping_status":"open","sticky":false,"template":"","format":"standard","meta":{"footnotes":""},"categories":[10],"tags":[],"class_list":["post-7967","post","type-post","status-publish","format-standard","has-post-thumbnail","hentry","category-gundem"],"yoast_head":"<!-- This site is optimized with the Yoast SEO Premium plugin v24.3 (Yoast SEO v27.4) - https:\/\/yoast.com\/product\/yoast-seo-premium-wordpress\/ -->\n<title>Ba\u015fkan Erdo\u011fan ve T\u00fcrkmenistan lideri telefon g\u00f6r\u00fc\u015fmesi yapt\u0131 - E-&Ccedil;\u0130FTL\u0130K HABER<\/title>\n<meta name=\"description\" content=\"T\u00fcrkiye Cumhurba\u015fkan\u0131 Recep Tayyip Erdo\u011fan, T\u00fcrkmenistan Devlet Ba\u015fkan\u0131 ve Halk Maslahat\u0131 Ba\u015fkan\u0131 Gurbangulu Berdimuhammedov ile telefon g\u00f6r\u00fc\u015fmesi yapt\u0131.\" \/>\n<meta name=\"robots\" content=\"index, follow, max-snippet:-1, max-image-preview:large, max-video-preview:-1\" \/>\n<link rel=\"canonical\" href=\"https:\/\/e-ciftlik.com\/haberler\/gundem\/baskan-erdogan-ve-turkmenistan-lideri-telefon-gorusmesi-yapti\/\" \/>\n<meta property=\"og:locale\" content=\"tr_TR\" \/>\n<meta property=\"og:type\" content=\"article\" \/>\n<meta property=\"og:title\" content=\"Ba\u015fkan Erdo\u011fan ve T\u00fcrkmenistan lideri telefon g\u00f6r\u00fc\u015fmesi yapt\u0131\" \/>\n<meta property=\"og:description\" content=\"T\u00fcrkiye Cumhurba\u015fkan\u0131 Recep Tayyip Erdo\u011fan, T\u00fcrkmenistan Devlet Ba\u015fkan\u0131 ve Halk Maslahat\u0131 Ba\u015fkan\u0131 Gurbangulu Berdimuhammedov ile telefon g\u00f6r\u00fc\u015fmesi yapt\u0131.\" \/>\n<meta property=\"og:url\" content=\"https:\/\/e-ciftlik.com\/haberler\/gundem\/baskan-erdogan-ve-turkmenistan-lideri-telefon-gorusmesi-yapti\/\" \/>\n<meta property=\"og:site_name\" content=\"E-&Ccedil;\u0130FTL\u0130K HABER\" \/>\n<meta property=\"article:publisher\" content=\"https:\/\/www.facebook.com\/eciftlikturkiye\" \/>\n<meta property=\"article:published_time\" content=\"2024-06-29T12:38:16+00:00\" \/>\n<meta property=\"og:image\" content=\"https:\/\/e-ciftlik.com\/haberler\/wp-content\/uploads\/2024\/06\/1719658041963.jpeg\" \/>\n\t<meta property=\"og:image:width\" content=\"1200\" \/>\n\t<meta property=\"og:image:height\" content=\"675\" \/>\n\t<meta property=\"og:image:type\" content=\"image\/jpeg\" \/>\n<meta name=\"author\" content=\"Haber Merkezi\" \/>\n<meta name=\"twitter:card\" content=\"summary_large_image\" \/>\n<meta name=\"twitter:creator\" content=\"@eciftlikresmi\" \/>\n<meta name=\"twitter:site\" content=\"@eciftlikresmi\" \/>\n<meta name=\"twitter:label1\" content=\"Yazan:\" \/>\n\t<meta name=\"twitter:data1\" content=\"Haber Merkezi\" \/>\n\t<meta name=\"twitter:label2\" content=\"Tahmini okuma s\u00fcresi\" \/>\n\t<meta name=\"twitter:data2\" content=\"1 dakika\" \/>\n<script type=\"application\/ld+json\" class=\"yoast-schema-graph\">{\"@context\":\"https:\\\/\\\/schema.org\",\"@graph\":[{\"@type\":\"NewsArticle\",\"@id\":\"https:\\\/\\\/e-ciftlik.com\\\/haberler\\\/gundem\\\/baskan-erdogan-ve-turkmenistan-lideri-telefon-gorusmesi-yapti\\\/#article\",\"isPartOf\":{\"@id\":\"https:\\\/\\\/e-ciftlik.com\\\/haberler\\\/gundem\\\/baskan-erdogan-ve-turkmenistan-lideri-telefon-gorusmesi-yapti\\\/\"},\"author\":{\"name\":\"Haber Merkezi\",\"@id\":\"https:\\\/\\\/e-ciftlik.com\\\/haberler\\\/#\\\/schema\\\/person\\\/d2f4fee3143d7f72be82cb887d51b00a\"},\"headline\":\"Ba\u015fkan Erdo\u011fan ve T\u00fcrkmenistan lideri telefon g\u00f6r\u00fc\u015fmesi yapt\u0131\",\"datePublished\":\"2024-06-29T12:38:16+00:00\",\"mainEntityOfPage\":{\"@id\":\"https:\\\/\\\/e-ciftlik.com\\\/haberler\\\/gundem\\\/baskan-erdogan-ve-turkmenistan-lideri-telefon-gorusmesi-yapti\\\/\"},\"wordCount\":125,\"commentCount\":0,\"publisher\":{\"@id\":\"https:\\\/\\\/e-ciftlik.com\\\/haberler\\\/#organization\"},\"image\":{\"@id\":\"https:\\\/\\\/e-ciftlik.com\\\/haberler\\\/gundem\\\/baskan-erdogan-ve-turkmenistan-lideri-telefon-gorusmesi-yapti\\\/#primaryimage\"},\"thumbnailUrl\":\"http:\\\/\\\/e-ciftlik.com\\\/haberler\\\/wp-content\\\/uploads\\\/2024\\\/06\\\/1719658041963.jpeg\",\"articleSection\":[\"G\u00fcndem\"],\"inLanguage\":\"tr\",\"potentialAction\":[{\"@type\":\"CommentAction\",\"name\":\"Comment\",\"target\":[\"https:\\\/\\\/e-ciftlik.com\\\/haberler\\\/gundem\\\/baskan-erdogan-ve-turkmenistan-lideri-telefon-gorusmesi-yapti\\\/#respond\"]}]},{\"@type\":\"WebPage\",\"@id\":\"https:\\\/\\\/e-ciftlik.com\\\/haberler\\\/gundem\\\/baskan-erdogan-ve-turkmenistan-lideri-telefon-gorusmesi-yapti\\\/\",\"url\":\"https:\\\/\\\/e-ciftlik.com\\\/haberler\\\/gundem\\\/baskan-erdogan-ve-turkmenistan-lideri-telefon-gorusmesi-yapti\\\/\",\"name\":\"Ba\u015fkan Erdo\u011fan ve T\u00fcrkmenistan lideri telefon g\u00f6r\u00fc\u015fmesi yapt\u0131 - E-&Ccedil;\u0130FTL\u0130K HABER\",\"isPartOf\":{\"@id\":\"https:\\\/\\\/e-ciftlik.com\\\/haberler\\\/#website\"},\"primaryImageOfPage\":{\"@id\":\"https:\\\/\\\/e-ciftlik.com\\\/haberler\\\/gundem\\\/baskan-erdogan-ve-turkmenistan-lideri-telefon-gorusmesi-yapti\\\/#primaryimage\"},\"image\":{\"@id\":\"https:\\\/\\\/e-ciftlik.com\\\/haberler\\\/gundem\\\/baskan-erdogan-ve-turkmenistan-lideri-telefon-gorusmesi-yapti\\\/#primaryimage\"},\"thumbnailUrl\":\"http:\\\/\\\/e-ciftlik.com\\\/haberler\\\/wp-content\\\/uploads\\\/2024\\\/06\\\/1719658041963.jpeg\",\"datePublished\":\"2024-06-29T12:38:16+00:00\",\"description\":\"T\u00fcrkiye Cumhurba\u015fkan\u0131 Recep Tayyip Erdo\u011fan, T\u00fcrkmenistan Devlet Ba\u015fkan\u0131 ve Halk Maslahat\u0131 Ba\u015fkan\u0131 Gurbangulu Berdimuhammedov ile telefon g\u00f6r\u00fc\u015fmesi yapt\u0131.\",\"breadcrumb\":{\"@id\":\"https:\\\/\\\/e-ciftlik.com\\\/haberler\\\/gundem\\\/baskan-erdogan-ve-turkmenistan-lideri-telefon-gorusmesi-yapti\\\/#breadcrumb\"},\"inLanguage\":\"tr\",\"potentialAction\":[{\"@type\":\"ReadAction\",\"target\":[\"https:\\\/\\\/e-ciftlik.com\\\/haberler\\\/gundem\\\/baskan-erdogan-ve-turkmenistan-lideri-telefon-gorusmesi-yapti\\\/\"]}]},{\"@type\":\"ImageObject\",\"inLanguage\":\"tr\",\"@id\":\"https:\\\/\\\/e-ciftlik.com\\\/haberler\\\/gundem\\\/baskan-erdogan-ve-turkmenistan-lideri-telefon-gorusmesi-yapti\\\/#primaryimage\",\"url\":\"http:\\\/\\\/e-ciftlik.com\\\/haberler\\\/wp-content\\\/uploads\\\/2024\\\/06\\\/1719658041963.jpeg\",\"contentUrl\":\"http:\\\/\\\/e-ciftlik.com\\\/haberler\\\/wp-content\\\/uploads\\\/2024\\\/06\\\/1719658041963.jpeg\",\"width\":1200,\"height\":675},{\"@type\":\"BreadcrumbList\",\"@id\":\"https:\\\/\\\/e-ciftlik.com\\\/haberler\\\/gundem\\\/baskan-erdogan-ve-turkmenistan-lideri-telefon-gorusmesi-yapti\\\/#breadcrumb\",\"itemListElement\":[{\"@type\":\"ListItem\",\"position\":1,\"name\":\"Anasayfa\",\"item\":\"https:\\\/\\\/e-ciftlik.com\\\/haberler\\\/\"},{\"@type\":\"ListItem\",\"position\":2,\"name\":\"Ba\u015fkan Erdo\u011fan ve T\u00fcrkmenistan lideri telefon g\u00f6r\u00fc\u015fmesi yapt\u0131\"}]},{\"@type\":\"WebSite\",\"@id\":\"https:\\\/\\\/e-ciftlik.com\\\/haberler\\\/#website\",\"url\":\"https:\\\/\\\/e-ciftlik.com\\\/haberler\\\/\",\"name\":\"E-\u00c7iftlik Haber | G\u00fcncel, Son Dakika Haberler, En Son Haber\",\"description\":\"\",\"publisher\":{\"@id\":\"https:\\\/\\\/e-ciftlik.com\\\/haberler\\\/#organization\"},\"potentialAction\":[{\"@type\":\"SearchAction\",\"target\":{\"@type\":\"EntryPoint\",\"urlTemplate\":\"https:\\\/\\\/e-ciftlik.com\\\/haberler\\\/?s={search_term_string}\"},\"query-input\":{\"@type\":\"PropertyValueSpecification\",\"valueRequired\":true,\"valueName\":\"search_term_string\"}}],\"inLanguage\":\"tr\"},{\"@type\":\"Organization\",\"@id\":\"https:\\\/\\\/e-ciftlik.com\\\/haberler\\\/#organization\",\"name\":\"E-\u00c7\u0130FTL\u0130K HABER\",\"url\":\"https:\\\/\\\/e-ciftlik.com\\\/haberler\\\/\",\"logo\":{\"@type\":\"ImageObject\",\"inLanguage\":\"tr\",\"@id\":\"https:\\\/\\\/e-ciftlik.com\\\/haberler\\\/#\\\/schema\\\/logo\\\/image\\\/\",\"url\":\"http:\\\/\\\/e-ciftlik.com\\\/haberler\\\/wp-content\\\/uploads\\\/2024\\\/06\\\/cropped-cropped-favicon-1-2.png\",\"contentUrl\":\"http:\\\/\\\/e-ciftlik.com\\\/haberler\\\/wp-content\\\/uploads\\\/2024\\\/06\\\/cropped-cropped-favicon-1-2.png\",\"width\":512,\"height\":512,\"caption\":\"E-\u00c7\u0130FTL\u0130K HABER\"},\"image\":{\"@id\":\"https:\\\/\\\/e-ciftlik.com\\\/haberler\\\/#\\\/schema\\\/logo\\\/image\\\/\"},\"sameAs\":[\"https:\\\/\\\/www.facebook.com\\\/eciftlikturkiye\",\"https:\\\/\\\/x.com\\\/eciftlikresmi\",\"https:\\\/\\\/www.instagram.com\\\/eciftlikresmi\\\/\"]},{\"@type\":\"Person\",\"@id\":\"https:\\\/\\\/e-ciftlik.com\\\/haberler\\\/#\\\/schema\\\/person\\\/d2f4fee3143d7f72be82cb887d51b00a\",\"name\":\"Haber Merkezi\",\"image\":{\"@type\":\"ImageObject\",\"inLanguage\":\"tr\",\"@id\":\"https:\\\/\\\/secure.gravatar.com\\\/avatar\\\/6c27d641914e66c1d0452c92716002398782818991d86db1c2cccb531e7c7c82?s=96&d=mm&r=g\",\"url\":\"https:\\\/\\\/secure.gravatar.com\\\/avatar\\\/6c27d641914e66c1d0452c92716002398782818991d86db1c2cccb531e7c7c82?s=96&d=mm&r=g\",\"contentUrl\":\"https:\\\/\\\/secure.gravatar.com\\\/avatar\\\/6c27d641914e66c1d0452c92716002398782818991d86db1c2cccb531e7c7c82?s=96&d=mm&r=g\",\"caption\":\"Haber Merkezi\"},\"sameAs\":[\"http:\\\/\\\/e-ciftlik.com\\\/haberler\"]}]}<\/script>\n<!-- \/ Yoast SEO Premium plugin. -->","yoast_head_json":{"title":"Ba\u015fkan Erdo\u011fan ve T\u00fcrkmenistan lideri telefon g\u00f6r\u00fc\u015fmesi yapt\u0131 - E-&Ccedil;\u0130FTL\u0130K HABER","description":"T\u00fcrkiye Cumhurba\u015fkan\u0131 Recep Tayyip Erdo\u011fan, T\u00fcrkmenistan Devlet Ba\u015fkan\u0131 ve Halk Maslahat\u0131 Ba\u015fkan\u0131 Gurbangulu Berdimuhammedov ile telefon g\u00f6r\u00fc\u015fmesi yapt\u0131.","robots":{"index":"index","follow":"follow","max-snippet":"max-snippet:-1","max-image-preview":"max-image-preview:large","max-video-preview":"max-video-preview:-1"},"canonical":"https:\/\/e-ciftlik.com\/haberler\/gundem\/baskan-erdogan-ve-turkmenistan-lideri-telefon-gorusmesi-yapti\/","og_locale":"tr_TR","og_type":"article","og_title":"Ba\u015fkan Erdo\u011fan ve T\u00fcrkmenistan lideri telefon g\u00f6r\u00fc\u015fmesi yapt\u0131","og_description":"T\u00fcrkiye Cumhurba\u015fkan\u0131 Recep Tayyip Erdo\u011fan, T\u00fcrkmenistan Devlet Ba\u015fkan\u0131 ve Halk Maslahat\u0131 Ba\u015fkan\u0131 Gurbangulu Berdimuhammedov ile telefon g\u00f6r\u00fc\u015fmesi yapt\u0131.","og_url":"https:\/\/e-ciftlik.com\/haberler\/gundem\/baskan-erdogan-ve-turkmenistan-lideri-telefon-gorusmesi-yapti\/","og_site_name":"E-&Ccedil;\u0130FTL\u0130K HABER","article_publisher":"https:\/\/www.facebook.com\/eciftlikturkiye","article_published_time":"2024-06-29T12:38:16+00:00","og_image":[{"width":1200,"height":675,"url":"https:\/\/e-ciftlik.com\/haberler\/wp-content\/uploads\/2024\/06\/1719658041963.jpeg","type":"image\/jpeg"}],"author":"Haber Merkezi","twitter_card":"summary_large_image","twitter_creator":"@eciftlikresmi","twitter_site":"@eciftlikresmi","twitter_misc":{"Yazan:":"Haber Merkezi","Tahmini okuma s\u00fcresi":"1 dakika"},"schema":{"@context":"https:\/\/schema.org","@graph":[{"@type":"NewsArticle","@id":"https:\/\/e-ciftlik.com\/haberler\/gundem\/baskan-erdogan-ve-turkmenistan-lideri-telefon-gorusmesi-yapti\/#article","isPartOf":{"@id":"https:\/\/e-ciftlik.com\/haberler\/gundem\/baskan-erdogan-ve-turkmenistan-lideri-telefon-gorusmesi-yapti\/"},"author":{"name":"Haber Merkezi","@id":"https:\/\/e-ciftlik.com\/haberler\/#\/schema\/person\/d2f4fee3143d7f72be82cb887d51b00a"},"headline":"Ba\u015fkan Erdo\u011fan ve T\u00fcrkmenistan lideri telefon g\u00f6r\u00fc\u015fmesi yapt\u0131","datePublished":"2024-06-29T12:38:16+00:00","mainEntityOfPage":{"@id":"https:\/\/e-ciftlik.com\/haberler\/gundem\/baskan-erdogan-ve-turkmenistan-lideri-telefon-gorusmesi-yapti\/"},"wordCount":125,"commentCount":0,"publisher":{"@id":"https:\/\/e-ciftlik.com\/haberler\/#organization"},"image":{"@id":"https:\/\/e-ciftlik.com\/haberler\/gundem\/baskan-erdogan-ve-turkmenistan-lideri-telefon-gorusmesi-yapti\/#primaryimage"},"thumbnailUrl":"http:\/\/e-ciftlik.com\/haberler\/wp-content\/uploads\/2024\/06\/1719658041963.jpeg","articleSection":["G\u00fcndem"],"inLanguage":"tr","potentialAction":[{"@type":"CommentAction","name":"Comment","target":["https:\/\/e-ciftlik.com\/haberler\/gundem\/baskan-erdogan-ve-turkmenistan-lideri-telefon-gorusmesi-yapti\/#respond"]}]},{"@type":"WebPage","@id":"https:\/\/e-ciftlik.com\/haberler\/gundem\/baskan-erdogan-ve-turkmenistan-lideri-telefon-gorusmesi-yapti\/","url":"https:\/\/e-ciftlik.com\/haberler\/gundem\/baskan-erdogan-ve-turkmenistan-lideri-telefon-gorusmesi-yapti\/","name":"Ba\u015fkan Erdo\u011fan ve T\u00fcrkmenistan lideri telefon g\u00f6r\u00fc\u015fmesi yapt\u0131 - E-&Ccedil;\u0130FTL\u0130K HABER","isPartOf":{"@id":"https:\/\/e-ciftlik.com\/haberler\/#website"},"primaryImageOfPage":{"@id":"https:\/\/e-ciftlik.com\/haberler\/gundem\/baskan-erdogan-ve-turkmenistan-lideri-telefon-gorusmesi-yapti\/#primaryimage"},"image":{"@id":"https:\/\/e-ciftlik.com\/haberler\/gundem\/baskan-erdogan-ve-turkmenistan-lideri-telefon-gorusmesi-yapti\/#primaryimage"},"thumbnailUrl":"http:\/\/e-ciftlik.com\/haberler\/wp-content\/uploads\/2024\/06\/1719658041963.jpeg","datePublished":"2024-06-29T12:38:16+00:00","description":"T\u00fcrkiye Cumhurba\u015fkan\u0131 Recep Tayyip Erdo\u011fan, T\u00fcrkmenistan Devlet Ba\u015fkan\u0131 ve Halk Maslahat\u0131 Ba\u015fkan\u0131 Gurbangulu Berdimuhammedov ile telefon g\u00f6r\u00fc\u015fmesi yapt\u0131.","breadcrumb":{"@id":"https:\/\/e-ciftlik.com\/haberler\/gundem\/baskan-erdogan-ve-turkmenistan-lideri-telefon-gorusmesi-yapti\/#breadcrumb"},"inLanguage":"tr","potentialAction":[{"@type":"ReadAction","target":["https:\/\/e-ciftlik.com\/haberler\/gundem\/baskan-erdogan-ve-turkmenistan-lideri-telefon-gorusmesi-yapti\/"]}]},{"@type":"ImageObject","inLanguage":"tr","@id":"https:\/\/e-ciftlik.com\/haberler\/gundem\/baskan-erdogan-ve-turkmenistan-lideri-telefon-gorusmesi-yapti\/#primaryimage","url":"http:\/\/e-ciftlik.com\/haberler\/wp-content\/uploads\/2024\/06\/1719658041963.jpeg","contentUrl":"http:\/\/e-ciftlik.com\/haberler\/wp-content\/uploads\/2024\/06\/1719658041963.jpeg","width":1200,"height":675},{"@type":"BreadcrumbList","@id":"https:\/\/e-ciftlik.com\/haberler\/gundem\/baskan-erdogan-ve-turkmenistan-lideri-telefon-gorusmesi-yapti\/#breadcrumb","itemListElement":[{"@type":"ListItem","position":1,"name":"Anasayfa","item":"https:\/\/e-ciftlik.com\/haberler\/"},{"@type":"ListItem","position":2,"name":"Ba\u015fkan Erdo\u011fan ve T\u00fcrkmenistan lideri telefon g\u00f6r\u00fc\u015fmesi yapt\u0131"}]},{"@type":"WebSite","@id":"https:\/\/e-ciftlik.com\/haberler\/#website","url":"https:\/\/e-ciftlik.com\/haberler\/","name":"E-\u00c7iftlik Haber | G\u00fcncel, Son Dakika Haberler, En Son Haber","description":"","publisher":{"@id":"https:\/\/e-ciftlik.com\/haberler\/#organization"},"potentialAction":[{"@type":"SearchAction","target":{"@type":"EntryPoint","urlTemplate":"https:\/\/e-ciftlik.com\/haberler\/?s={search_term_string}"},"query-input":{"@type":"PropertyValueSpecification","valueRequired":true,"valueName":"search_term_string"}}],"inLanguage":"tr"},{"@type":"Organization","@id":"https:\/\/e-ciftlik.com\/haberler\/#organization","name":"E-\u00c7\u0130FTL\u0130K HABER","url":"https:\/\/e-ciftlik.com\/haberler\/","logo":{"@type":"ImageObject","inLanguage":"tr","@id":"https:\/\/e-ciftlik.com\/haberler\/#\/schema\/logo\/image\/","url":"http:\/\/e-ciftlik.com\/haberler\/wp-content\/uploads\/2024\/06\/cropped-cropped-favicon-1-2.png","contentUrl":"http:\/\/e-ciftlik.com\/haberler\/wp-content\/uploads\/2024\/06\/cropped-cropped-favicon-1-2.png","width":512,"height":512,"caption":"E-\u00c7\u0130FTL\u0130K HABER"},"image":{"@id":"https:\/\/e-ciftlik.com\/haberler\/#\/schema\/logo\/image\/"},"sameAs":["https:\/\/www.facebook.com\/eciftlikturkiye","https:\/\/x.com\/eciftlikresmi","https:\/\/www.instagram.com\/eciftlikresmi\/"]},{"@type":"Person","@id":"https:\/\/e-ciftlik.com\/haberler\/#\/schema\/person\/d2f4fee3143d7f72be82cb887d51b00a","name":"Haber Merkezi","image":{"@type":"ImageObject","inLanguage":"tr","@id":"https:\/\/secure.gravatar.com\/avatar\/6c27d641914e66c1d0452c92716002398782818991d86db1c2cccb531e7c7c82?s=96&d=mm&r=g","url":"https:\/\/secure.gravatar.com\/avatar\/6c27d641914e66c1d0452c92716002398782818991d86db1c2cccb531e7c7c82?s=96&d=mm&r=g","contentUrl":"https:\/\/secure.gravatar.com\/avatar\/6c27d641914e66c1d0452c92716002398782818991d86db1c2cccb531e7c7c82?s=96&d=mm&r=g","caption":"Haber Merkezi"},"sameAs":["http:\/\/e-ciftlik.com\/haberler"]}]}},"_links":{"self":[{"href":"http:\/\/e-ciftlik.com\/haberler\/wp-json\/wp\/v2\/posts\/7967","targetHints":{"allow":["GET"]}}],"collection":[{"href":"http:\/\/e-ciftlik.com\/haberler\/wp-json\/wp\/v2\/posts"}],"about":[{"href":"http:\/\/e-ciftlik.com\/haberler\/wp-json\/wp\/v2\/types\/post"}],"author":[{"embeddable":true,"href":"http:\/\/e-ciftlik.com\/haberler\/wp-json\/wp\/v2\/users\/1"}],"replies":[{"embeddable":true,"href":"http:\/\/e-ciftlik.com\/haberler\/wp-json\/wp\/v2\/comments?post=7967"}],"version-history":[{"count":0,"href":"http:\/\/e-ciftlik.com\/haberler\/wp-json\/wp\/v2\/posts\/7967\/revisions"}],"wp:featuredmedia":[{"embeddable":true,"href":"http:\/\/e-ciftlik.com\/haberler\/wp-json\/wp\/v2\/media\/7968"}],"wp:attachment":[{"href":"http:\/\/e-ciftlik.com\/haberler\/wp-json\/wp\/v2\/media?parent=7967"}],"wp:term":[{"taxonomy":"category","embeddable":true,"href":"http:\/\/e-ciftlik.com\/haberler\/wp-json\/wp\/v2\/categories?post=7967"},{"taxonomy":"post_tag","embeddable":true,"href":"http:\/\/e-ciftlik.com\/haberler\/wp-json\/wp\/v2\/tags?post=7967"}],"curies":[{"name":"wp","href":"https:\/\/api.w.org\/{rel}","templated":true}]}}