{"id":7986,"date":"2024-06-29T14:53:06","date_gmt":"2024-06-29T14:53:06","guid":{"rendered":"https:\/\/e-ciftlik.com\/haberler\/seyahat\/trakyada-agro-turizmi-aycicegi-tarlalari-buyuleneceksiniz\/"},"modified":"2024-06-29T14:53:06","modified_gmt":"2024-06-29T14:53:06","slug":"trakyada-agro-turizmi-aycicegi-tarlalari-buyuleneceksiniz","status":"publish","type":"post","link":"http:\/\/e-ciftlik.com\/haberler\/seyahat\/trakyada-agro-turizmi-aycicegi-tarlalari-buyuleneceksiniz\/","title":{"rendered":"Trakya&#8217;da Agro Turizmi: Ay\u00e7i\u00e7e\u011fi Tarlalar\u0131 B\u00fcy\u00fcleneceksiniz!"},"content":{"rendered":"<p>Trakya B\u00f6lgesi&#8217;nde, do\u011fas\u0131, tarihi ve lezzetleri ile \u00fcnl\u00fc olan Edirne, K\u0131rklareli ve Tekirda\u011f, art\u0131k agro turizmi ile de dikkat \u00e7ekiyor. B\u00f6lgedeki sar\u0131 ve ye\u015fil a\u00e7an ay\u00e7i\u00e7e\u011fi tarlalar\u0131, yerli ve yabanc\u0131 turistlerin ilgisini \u00e7ekiyor.<\/p>\n<p>Ay\u00e7i\u00e7e\u011fi tarlalar\u0131, foto\u011fraf\u00e7\u0131lar taraf\u0131ndan do\u011fal bir foto\u011fraf st\u00fcdyosu olarak kullan\u0131l\u0131yor. K\u0131rklareli K\u00fclt\u00fcr ve Turizm M\u00fcd\u00fcr\u00fc Veli \u015een, Kovid-19 pandemisinin ard\u0131ndan yerli ve yabanc\u0131 turistlerin agro turizmine ilgi g\u00f6stermeye ba\u015flad\u0131\u011f\u0131n\u0131 a\u00e7\u0131klad\u0131. \u015een, Trakya&#8217;n\u0131n zengin ekosistemine dikkat \u00e7ekerek agro turizminin b\u00f6lgede \u00f6ne \u00e7\u0131kmaya ba\u015flad\u0131\u011f\u0131n\u0131 s\u00f6yledi.<\/p>\n<p>Sportif etkinlikler ve foto safari gibi aktivitelerin Trakya&#8217;da artt\u0131\u011f\u0131n\u0131 belirten \u015een, \u00f6zellikle yaz aylar\u0131nda ay\u00e7i\u00e7e\u011fi tarlalar\u0131n\u0131n muhte\u015fem bir foto safari imkan\u0131 sundu\u011funu vurgulad\u0131.<\/p>\n<p>K\u0131rklareli&#8217;nden ziyarete gelen Elif Kasap, ay\u00e7i\u00e7e\u011fi tarlalar\u0131n\u0131n harika g\u00f6r\u00fcnd\u00fc\u011f\u00fcn\u00fc belirtti ve arkada\u015flar\u0131yla birlikte foto\u011fraf \u00e7ekmeye geldi\u011fini s\u00f6yledi. Ay\u00e7i\u00e7eklerinin sar\u0131 ve ye\u015fil tonlar\u0131na hayran kalan Kasap, tarlalar\u0131n muhte\u015fem bir arka plan olu\u015fturdu\u011funu ifade etti.<\/p>\n<p>Amat\u00f6r foto\u011fraf\u00e7\u0131 Ahmet Alt\u0131n ise ay\u00e7i\u00e7e\u011fi tarlalar\u0131nda harika foto\u011fraflar \u00e7ekti\u011fini dile getirdi. Bir y\u0131ld\u0131r bu an\u0131 bekledi\u011fini belirten Alt\u0131n, ay\u00e7i\u00e7e\u011fi tarlalar\u0131n\u0131n do\u011fall\u0131\u011f\u0131n\u0131 ve g\u00fcn bat\u0131m\u0131n\u0131n sundu\u011fu g\u00fczellikleri \u00f6l\u00fcms\u00fczle\u015ftirmeye \u00e7al\u0131\u015ft\u0131klar\u0131n\u0131 s\u00f6yledi.<\/p>\n<p>K\u0131rklareli \u00dcniversitesi Turizm Fak\u00fcltesi \u00f6\u011frencisi Semanur T\u00fcmta\u015f da ay\u00e7i\u00e7e\u011fi tarlalar\u0131n\u0131n \u015fu s\u0131ralar \u00e7ok g\u00fczel g\u00f6r\u00fcnd\u00fc\u011f\u00fcn\u00fc belirtti. Turizm e\u011fitimi alan T\u00fcmta\u015f, bu g\u00fczelli\u011fi foto\u011fraflayarak \u00f6l\u00fcms\u00fczle\u015ftirmeyi sevdi\u011fini belirtti ve sar\u0131 ve ye\u015fil tonlar\u0131n zihinleri dinlendirdi\u011fini s\u00f6yledi, vatanda\u015flar\u0131 bu g\u00fczellikleri g\u00f6rmeye davet etti.<\/p>\n","protected":false},"excerpt":{"rendered":"<p>Trakya B\u00f6lgesi&#8217;nde, do\u011fas\u0131, tarihi ve lezzetleri ile \u00fcnl\u00fc olan Edirne, K\u0131rklareli ve Tekirda\u011f, art\u0131k agro&hellip;<\/p>\n","protected":false},"author":1,"featured_media":7987,"comment_status":"open","ping_status":"open","sticky":false,"template":"","format":"standard","meta":{"footnotes":""},"categories":[14],"tags":[],"class_list":["post-7986","post","type-post","status-publish","format-standard","has-post-thumbnail","hentry","category-seyahat"],"yoast_head":"<!-- This site is optimized with the Yoast SEO Premium plugin v24.3 (Yoast SEO v27.4) - https:\/\/yoast.com\/product\/yoast-seo-premium-wordpress\/ -->\n<title>Trakya&#039;da Agro Turizmi: Ay\u00e7i\u00e7e\u011fi Tarlalar\u0131 B\u00fcy\u00fcleneceksiniz! - E-&Ccedil;\u0130FTL\u0130K HABER<\/title>\n<meta name=\"description\" content=\"Trakya B\u00f6lgesi&#039;nde, do\u011fas\u0131, tarihi ve lezzetleri ile \u00fcnl\u00fc olan Edirne, K\u0131rklareli ve Tekirda\u011f, art\u0131k agro turizmi ile de dikkat \u00e7ekiyor. B\u00f6lgedeki sar\u0131 ve\" \/>\n<meta name=\"robots\" content=\"index, follow, max-snippet:-1, max-image-preview:large, max-video-preview:-1\" \/>\n<link rel=\"canonical\" href=\"http:\/\/e-ciftlik.com\/haberler\/seyahat\/trakyada-agro-turizmi-aycicegi-tarlalari-buyuleneceksiniz\/\" \/>\n<meta property=\"og:locale\" content=\"tr_TR\" \/>\n<meta property=\"og:type\" content=\"article\" \/>\n<meta property=\"og:title\" content=\"Trakya&#039;da Agro Turizmi: Ay\u00e7i\u00e7e\u011fi Tarlalar\u0131 B\u00fcy\u00fcleneceksiniz!\" \/>\n<meta property=\"og:description\" content=\"Trakya B\u00f6lgesi&#039;nde, do\u011fas\u0131, tarihi ve lezzetleri ile \u00fcnl\u00fc olan Edirne, K\u0131rklareli ve Tekirda\u011f, art\u0131k agro turizmi ile de dikkat \u00e7ekiyor. B\u00f6lgedeki sar\u0131 ve\" \/>\n<meta property=\"og:url\" content=\"http:\/\/e-ciftlik.com\/haberler\/seyahat\/trakyada-agro-turizmi-aycicegi-tarlalari-buyuleneceksiniz\/\" \/>\n<meta property=\"og:site_name\" content=\"E-&Ccedil;\u0130FTL\u0130K HABER\" \/>\n<meta property=\"article:publisher\" content=\"https:\/\/www.facebook.com\/eciftlikturkiye\" \/>\n<meta property=\"article:published_time\" content=\"2024-06-29T14:53:06+00:00\" \/>\n<meta property=\"og:image\" content=\"http:\/\/e-ciftlik.com\/haberler\/wp-content\/uploads\/2024\/06\/Xs_hS5riLkqZ_qF2PX9woA.jpg\" \/>\n\t<meta property=\"og:image:width\" content=\"1080\" \/>\n\t<meta property=\"og:image:height\" content=\"615\" \/>\n\t<meta property=\"og:image:type\" content=\"image\/jpeg\" \/>\n<meta name=\"author\" content=\"Haber Merkezi\" \/>\n<meta name=\"twitter:card\" content=\"summary_large_image\" \/>\n<meta name=\"twitter:creator\" content=\"@eciftlikresmi\" \/>\n<meta name=\"twitter:site\" content=\"@eciftlikresmi\" \/>\n<meta name=\"twitter:label1\" content=\"Yazan:\" \/>\n\t<meta name=\"twitter:data1\" content=\"Haber Merkezi\" \/>\n\t<meta name=\"twitter:label2\" content=\"Tahmini okuma s\u00fcresi\" \/>\n\t<meta name=\"twitter:data2\" content=\"2 dakika\" \/>\n<script type=\"application\/ld+json\" class=\"yoast-schema-graph\">{\"@context\":\"https:\\\/\\\/schema.org\",\"@graph\":[{\"@type\":\"NewsArticle\",\"@id\":\"http:\\\/\\\/e-ciftlik.com\\\/haberler\\\/seyahat\\\/trakyada-agro-turizmi-aycicegi-tarlalari-buyuleneceksiniz\\\/#article\",\"isPartOf\":{\"@id\":\"http:\\\/\\\/e-ciftlik.com\\\/haberler\\\/seyahat\\\/trakyada-agro-turizmi-aycicegi-tarlalari-buyuleneceksiniz\\\/\"},\"author\":{\"name\":\"Haber Merkezi\",\"@id\":\"https:\\\/\\\/e-ciftlik.com\\\/haberler\\\/#\\\/schema\\\/person\\\/d2f4fee3143d7f72be82cb887d51b00a\"},\"headline\":\"Trakya&#8217;da Agro Turizmi: Ay\u00e7i\u00e7e\u011fi Tarlalar\u0131 B\u00fcy\u00fcleneceksiniz!\",\"datePublished\":\"2024-06-29T14:53:06+00:00\",\"mainEntityOfPage\":{\"@id\":\"http:\\\/\\\/e-ciftlik.com\\\/haberler\\\/seyahat\\\/trakyada-agro-turizmi-aycicegi-tarlalari-buyuleneceksiniz\\\/\"},\"wordCount\":347,\"commentCount\":0,\"publisher\":{\"@id\":\"https:\\\/\\\/e-ciftlik.com\\\/haberler\\\/#organization\"},\"image\":{\"@id\":\"http:\\\/\\\/e-ciftlik.com\\\/haberler\\\/seyahat\\\/trakyada-agro-turizmi-aycicegi-tarlalari-buyuleneceksiniz\\\/#primaryimage\"},\"thumbnailUrl\":\"http:\\\/\\\/e-ciftlik.com\\\/haberler\\\/wp-content\\\/uploads\\\/2024\\\/06\\\/Xs_hS5riLkqZ_qF2PX9woA.jpg\",\"articleSection\":[\"Seyahat\"],\"inLanguage\":\"tr\",\"potentialAction\":[{\"@type\":\"CommentAction\",\"name\":\"Comment\",\"target\":[\"http:\\\/\\\/e-ciftlik.com\\\/haberler\\\/seyahat\\\/trakyada-agro-turizmi-aycicegi-tarlalari-buyuleneceksiniz\\\/#respond\"]}]},{\"@type\":\"WebPage\",\"@id\":\"http:\\\/\\\/e-ciftlik.com\\\/haberler\\\/seyahat\\\/trakyada-agro-turizmi-aycicegi-tarlalari-buyuleneceksiniz\\\/\",\"url\":\"http:\\\/\\\/e-ciftlik.com\\\/haberler\\\/seyahat\\\/trakyada-agro-turizmi-aycicegi-tarlalari-buyuleneceksiniz\\\/\",\"name\":\"Trakya'da Agro Turizmi: Ay\u00e7i\u00e7e\u011fi Tarlalar\u0131 B\u00fcy\u00fcleneceksiniz! - E-&Ccedil;\u0130FTL\u0130K HABER\",\"isPartOf\":{\"@id\":\"https:\\\/\\\/e-ciftlik.com\\\/haberler\\\/#website\"},\"primaryImageOfPage\":{\"@id\":\"http:\\\/\\\/e-ciftlik.com\\\/haberler\\\/seyahat\\\/trakyada-agro-turizmi-aycicegi-tarlalari-buyuleneceksiniz\\\/#primaryimage\"},\"image\":{\"@id\":\"http:\\\/\\\/e-ciftlik.com\\\/haberler\\\/seyahat\\\/trakyada-agro-turizmi-aycicegi-tarlalari-buyuleneceksiniz\\\/#primaryimage\"},\"thumbnailUrl\":\"http:\\\/\\\/e-ciftlik.com\\\/haberler\\\/wp-content\\\/uploads\\\/2024\\\/06\\\/Xs_hS5riLkqZ_qF2PX9woA.jpg\",\"datePublished\":\"2024-06-29T14:53:06+00:00\",\"description\":\"Trakya B\u00f6lgesi'nde, do\u011fas\u0131, tarihi ve lezzetleri ile \u00fcnl\u00fc olan Edirne, K\u0131rklareli ve Tekirda\u011f, art\u0131k agro turizmi ile de dikkat \u00e7ekiyor. B\u00f6lgedeki sar\u0131 ve\",\"breadcrumb\":{\"@id\":\"http:\\\/\\\/e-ciftlik.com\\\/haberler\\\/seyahat\\\/trakyada-agro-turizmi-aycicegi-tarlalari-buyuleneceksiniz\\\/#breadcrumb\"},\"inLanguage\":\"tr\",\"potentialAction\":[{\"@type\":\"ReadAction\",\"target\":[\"http:\\\/\\\/e-ciftlik.com\\\/haberler\\\/seyahat\\\/trakyada-agro-turizmi-aycicegi-tarlalari-buyuleneceksiniz\\\/\"]}]},{\"@type\":\"ImageObject\",\"inLanguage\":\"tr\",\"@id\":\"http:\\\/\\\/e-ciftlik.com\\\/haberler\\\/seyahat\\\/trakyada-agro-turizmi-aycicegi-tarlalari-buyuleneceksiniz\\\/#primaryimage\",\"url\":\"http:\\\/\\\/e-ciftlik.com\\\/haberler\\\/wp-content\\\/uploads\\\/2024\\\/06\\\/Xs_hS5riLkqZ_qF2PX9woA.jpg\",\"contentUrl\":\"http:\\\/\\\/e-ciftlik.com\\\/haberler\\\/wp-content\\\/uploads\\\/2024\\\/06\\\/Xs_hS5riLkqZ_qF2PX9woA.jpg\",\"width\":1080,\"height\":615},{\"@type\":\"BreadcrumbList\",\"@id\":\"http:\\\/\\\/e-ciftlik.com\\\/haberler\\\/seyahat\\\/trakyada-agro-turizmi-aycicegi-tarlalari-buyuleneceksiniz\\\/#breadcrumb\",\"itemListElement\":[{\"@type\":\"ListItem\",\"position\":1,\"name\":\"Anasayfa\",\"item\":\"https:\\\/\\\/e-ciftlik.com\\\/haberler\\\/\"},{\"@type\":\"ListItem\",\"position\":2,\"name\":\"Trakya&#8217;da Agro Turizmi: Ay\u00e7i\u00e7e\u011fi Tarlalar\u0131 B\u00fcy\u00fcleneceksiniz!\"}]},{\"@type\":\"WebSite\",\"@id\":\"https:\\\/\\\/e-ciftlik.com\\\/haberler\\\/#website\",\"url\":\"https:\\\/\\\/e-ciftlik.com\\\/haberler\\\/\",\"name\":\"E-\u00c7iftlik Haber | G\u00fcncel, Son Dakika Haberler, En Son Haber\",\"description\":\"\",\"publisher\":{\"@id\":\"https:\\\/\\\/e-ciftlik.com\\\/haberler\\\/#organization\"},\"potentialAction\":[{\"@type\":\"SearchAction\",\"target\":{\"@type\":\"EntryPoint\",\"urlTemplate\":\"https:\\\/\\\/e-ciftlik.com\\\/haberler\\\/?s={search_term_string}\"},\"query-input\":{\"@type\":\"PropertyValueSpecification\",\"valueRequired\":true,\"valueName\":\"search_term_string\"}}],\"inLanguage\":\"tr\"},{\"@type\":\"Organization\",\"@id\":\"https:\\\/\\\/e-ciftlik.com\\\/haberler\\\/#organization\",\"name\":\"E-\u00c7\u0130FTL\u0130K HABER\",\"url\":\"https:\\\/\\\/e-ciftlik.com\\\/haberler\\\/\",\"logo\":{\"@type\":\"ImageObject\",\"inLanguage\":\"tr\",\"@id\":\"https:\\\/\\\/e-ciftlik.com\\\/haberler\\\/#\\\/schema\\\/logo\\\/image\\\/\",\"url\":\"http:\\\/\\\/e-ciftlik.com\\\/haberler\\\/wp-content\\\/uploads\\\/2024\\\/06\\\/cropped-cropped-favicon-1-2.png\",\"contentUrl\":\"http:\\\/\\\/e-ciftlik.com\\\/haberler\\\/wp-content\\\/uploads\\\/2024\\\/06\\\/cropped-cropped-favicon-1-2.png\",\"width\":512,\"height\":512,\"caption\":\"E-\u00c7\u0130FTL\u0130K HABER\"},\"image\":{\"@id\":\"https:\\\/\\\/e-ciftlik.com\\\/haberler\\\/#\\\/schema\\\/logo\\\/image\\\/\"},\"sameAs\":[\"https:\\\/\\\/www.facebook.com\\\/eciftlikturkiye\",\"https:\\\/\\\/x.com\\\/eciftlikresmi\",\"https:\\\/\\\/www.instagram.com\\\/eciftlikresmi\\\/\"]},{\"@type\":\"Person\",\"@id\":\"https:\\\/\\\/e-ciftlik.com\\\/haberler\\\/#\\\/schema\\\/person\\\/d2f4fee3143d7f72be82cb887d51b00a\",\"name\":\"Haber Merkezi\",\"image\":{\"@type\":\"ImageObject\",\"inLanguage\":\"tr\",\"@id\":\"https:\\\/\\\/secure.gravatar.com\\\/avatar\\\/6c27d641914e66c1d0452c92716002398782818991d86db1c2cccb531e7c7c82?s=96&d=mm&r=g\",\"url\":\"https:\\\/\\\/secure.gravatar.com\\\/avatar\\\/6c27d641914e66c1d0452c92716002398782818991d86db1c2cccb531e7c7c82?s=96&d=mm&r=g\",\"contentUrl\":\"https:\\\/\\\/secure.gravatar.com\\\/avatar\\\/6c27d641914e66c1d0452c92716002398782818991d86db1c2cccb531e7c7c82?s=96&d=mm&r=g\",\"caption\":\"Haber Merkezi\"},\"sameAs\":[\"http:\\\/\\\/e-ciftlik.com\\\/haberler\"]}]}<\/script>\n<!-- \/ Yoast SEO Premium plugin. -->","yoast_head_json":{"title":"Trakya'da Agro Turizmi: Ay\u00e7i\u00e7e\u011fi Tarlalar\u0131 B\u00fcy\u00fcleneceksiniz! - E-&Ccedil;\u0130FTL\u0130K HABER","description":"Trakya B\u00f6lgesi'nde, do\u011fas\u0131, tarihi ve lezzetleri ile \u00fcnl\u00fc olan Edirne, K\u0131rklareli ve Tekirda\u011f, art\u0131k agro turizmi ile de dikkat \u00e7ekiyor. B\u00f6lgedeki sar\u0131 ve","robots":{"index":"index","follow":"follow","max-snippet":"max-snippet:-1","max-image-preview":"max-image-preview:large","max-video-preview":"max-video-preview:-1"},"canonical":"http:\/\/e-ciftlik.com\/haberler\/seyahat\/trakyada-agro-turizmi-aycicegi-tarlalari-buyuleneceksiniz\/","og_locale":"tr_TR","og_type":"article","og_title":"Trakya'da Agro Turizmi: Ay\u00e7i\u00e7e\u011fi Tarlalar\u0131 B\u00fcy\u00fcleneceksiniz!","og_description":"Trakya B\u00f6lgesi'nde, do\u011fas\u0131, tarihi ve lezzetleri ile \u00fcnl\u00fc olan Edirne, K\u0131rklareli ve Tekirda\u011f, art\u0131k agro turizmi ile de dikkat \u00e7ekiyor. B\u00f6lgedeki sar\u0131 ve","og_url":"http:\/\/e-ciftlik.com\/haberler\/seyahat\/trakyada-agro-turizmi-aycicegi-tarlalari-buyuleneceksiniz\/","og_site_name":"E-&Ccedil;\u0130FTL\u0130K HABER","article_publisher":"https:\/\/www.facebook.com\/eciftlikturkiye","article_published_time":"2024-06-29T14:53:06+00:00","og_image":[{"width":1080,"height":615,"url":"http:\/\/e-ciftlik.com\/haberler\/wp-content\/uploads\/2024\/06\/Xs_hS5riLkqZ_qF2PX9woA.jpg","type":"image\/jpeg"}],"author":"Haber Merkezi","twitter_card":"summary_large_image","twitter_creator":"@eciftlikresmi","twitter_site":"@eciftlikresmi","twitter_misc":{"Yazan:":"Haber Merkezi","Tahmini okuma s\u00fcresi":"2 dakika"},"schema":{"@context":"https:\/\/schema.org","@graph":[{"@type":"NewsArticle","@id":"http:\/\/e-ciftlik.com\/haberler\/seyahat\/trakyada-agro-turizmi-aycicegi-tarlalari-buyuleneceksiniz\/#article","isPartOf":{"@id":"http:\/\/e-ciftlik.com\/haberler\/seyahat\/trakyada-agro-turizmi-aycicegi-tarlalari-buyuleneceksiniz\/"},"author":{"name":"Haber Merkezi","@id":"https:\/\/e-ciftlik.com\/haberler\/#\/schema\/person\/d2f4fee3143d7f72be82cb887d51b00a"},"headline":"Trakya&#8217;da Agro Turizmi: Ay\u00e7i\u00e7e\u011fi Tarlalar\u0131 B\u00fcy\u00fcleneceksiniz!","datePublished":"2024-06-29T14:53:06+00:00","mainEntityOfPage":{"@id":"http:\/\/e-ciftlik.com\/haberler\/seyahat\/trakyada-agro-turizmi-aycicegi-tarlalari-buyuleneceksiniz\/"},"wordCount":347,"commentCount":0,"publisher":{"@id":"https:\/\/e-ciftlik.com\/haberler\/#organization"},"image":{"@id":"http:\/\/e-ciftlik.com\/haberler\/seyahat\/trakyada-agro-turizmi-aycicegi-tarlalari-buyuleneceksiniz\/#primaryimage"},"thumbnailUrl":"http:\/\/e-ciftlik.com\/haberler\/wp-content\/uploads\/2024\/06\/Xs_hS5riLkqZ_qF2PX9woA.jpg","articleSection":["Seyahat"],"inLanguage":"tr","potentialAction":[{"@type":"CommentAction","name":"Comment","target":["http:\/\/e-ciftlik.com\/haberler\/seyahat\/trakyada-agro-turizmi-aycicegi-tarlalari-buyuleneceksiniz\/#respond"]}]},{"@type":"WebPage","@id":"http:\/\/e-ciftlik.com\/haberler\/seyahat\/trakyada-agro-turizmi-aycicegi-tarlalari-buyuleneceksiniz\/","url":"http:\/\/e-ciftlik.com\/haberler\/seyahat\/trakyada-agro-turizmi-aycicegi-tarlalari-buyuleneceksiniz\/","name":"Trakya'da Agro Turizmi: Ay\u00e7i\u00e7e\u011fi Tarlalar\u0131 B\u00fcy\u00fcleneceksiniz! - E-&Ccedil;\u0130FTL\u0130K HABER","isPartOf":{"@id":"https:\/\/e-ciftlik.com\/haberler\/#website"},"primaryImageOfPage":{"@id":"http:\/\/e-ciftlik.com\/haberler\/seyahat\/trakyada-agro-turizmi-aycicegi-tarlalari-buyuleneceksiniz\/#primaryimage"},"image":{"@id":"http:\/\/e-ciftlik.com\/haberler\/seyahat\/trakyada-agro-turizmi-aycicegi-tarlalari-buyuleneceksiniz\/#primaryimage"},"thumbnailUrl":"http:\/\/e-ciftlik.com\/haberler\/wp-content\/uploads\/2024\/06\/Xs_hS5riLkqZ_qF2PX9woA.jpg","datePublished":"2024-06-29T14:53:06+00:00","description":"Trakya B\u00f6lgesi'nde, do\u011fas\u0131, tarihi ve lezzetleri ile \u00fcnl\u00fc olan Edirne, K\u0131rklareli ve Tekirda\u011f, art\u0131k agro turizmi ile de dikkat \u00e7ekiyor. B\u00f6lgedeki sar\u0131 ve","breadcrumb":{"@id":"http:\/\/e-ciftlik.com\/haberler\/seyahat\/trakyada-agro-turizmi-aycicegi-tarlalari-buyuleneceksiniz\/#breadcrumb"},"inLanguage":"tr","potentialAction":[{"@type":"ReadAction","target":["http:\/\/e-ciftlik.com\/haberler\/seyahat\/trakyada-agro-turizmi-aycicegi-tarlalari-buyuleneceksiniz\/"]}]},{"@type":"ImageObject","inLanguage":"tr","@id":"http:\/\/e-ciftlik.com\/haberler\/seyahat\/trakyada-agro-turizmi-aycicegi-tarlalari-buyuleneceksiniz\/#primaryimage","url":"http:\/\/e-ciftlik.com\/haberler\/wp-content\/uploads\/2024\/06\/Xs_hS5riLkqZ_qF2PX9woA.jpg","contentUrl":"http:\/\/e-ciftlik.com\/haberler\/wp-content\/uploads\/2024\/06\/Xs_hS5riLkqZ_qF2PX9woA.jpg","width":1080,"height":615},{"@type":"BreadcrumbList","@id":"http:\/\/e-ciftlik.com\/haberler\/seyahat\/trakyada-agro-turizmi-aycicegi-tarlalari-buyuleneceksiniz\/#breadcrumb","itemListElement":[{"@type":"ListItem","position":1,"name":"Anasayfa","item":"https:\/\/e-ciftlik.com\/haberler\/"},{"@type":"ListItem","position":2,"name":"Trakya&#8217;da Agro Turizmi: Ay\u00e7i\u00e7e\u011fi Tarlalar\u0131 B\u00fcy\u00fcleneceksiniz!"}]},{"@type":"WebSite","@id":"https:\/\/e-ciftlik.com\/haberler\/#website","url":"https:\/\/e-ciftlik.com\/haberler\/","name":"E-\u00c7iftlik Haber | G\u00fcncel, Son Dakika Haberler, En Son Haber","description":"","publisher":{"@id":"https:\/\/e-ciftlik.com\/haberler\/#organization"},"potentialAction":[{"@type":"SearchAction","target":{"@type":"EntryPoint","urlTemplate":"https:\/\/e-ciftlik.com\/haberler\/?s={search_term_string}"},"query-input":{"@type":"PropertyValueSpecification","valueRequired":true,"valueName":"search_term_string"}}],"inLanguage":"tr"},{"@type":"Organization","@id":"https:\/\/e-ciftlik.com\/haberler\/#organization","name":"E-\u00c7\u0130FTL\u0130K HABER","url":"https:\/\/e-ciftlik.com\/haberler\/","logo":{"@type":"ImageObject","inLanguage":"tr","@id":"https:\/\/e-ciftlik.com\/haberler\/#\/schema\/logo\/image\/","url":"http:\/\/e-ciftlik.com\/haberler\/wp-content\/uploads\/2024\/06\/cropped-cropped-favicon-1-2.png","contentUrl":"http:\/\/e-ciftlik.com\/haberler\/wp-content\/uploads\/2024\/06\/cropped-cropped-favicon-1-2.png","width":512,"height":512,"caption":"E-\u00c7\u0130FTL\u0130K HABER"},"image":{"@id":"https:\/\/e-ciftlik.com\/haberler\/#\/schema\/logo\/image\/"},"sameAs":["https:\/\/www.facebook.com\/eciftlikturkiye","https:\/\/x.com\/eciftlikresmi","https:\/\/www.instagram.com\/eciftlikresmi\/"]},{"@type":"Person","@id":"https:\/\/e-ciftlik.com\/haberler\/#\/schema\/person\/d2f4fee3143d7f72be82cb887d51b00a","name":"Haber Merkezi","image":{"@type":"ImageObject","inLanguage":"tr","@id":"https:\/\/secure.gravatar.com\/avatar\/6c27d641914e66c1d0452c92716002398782818991d86db1c2cccb531e7c7c82?s=96&d=mm&r=g","url":"https:\/\/secure.gravatar.com\/avatar\/6c27d641914e66c1d0452c92716002398782818991d86db1c2cccb531e7c7c82?s=96&d=mm&r=g","contentUrl":"https:\/\/secure.gravatar.com\/avatar\/6c27d641914e66c1d0452c92716002398782818991d86db1c2cccb531e7c7c82?s=96&d=mm&r=g","caption":"Haber Merkezi"},"sameAs":["http:\/\/e-ciftlik.com\/haberler"]}]}},"_links":{"self":[{"href":"http:\/\/e-ciftlik.com\/haberler\/wp-json\/wp\/v2\/posts\/7986","targetHints":{"allow":["GET"]}}],"collection":[{"href":"http:\/\/e-ciftlik.com\/haberler\/wp-json\/wp\/v2\/posts"}],"about":[{"href":"http:\/\/e-ciftlik.com\/haberler\/wp-json\/wp\/v2\/types\/post"}],"author":[{"embeddable":true,"href":"http:\/\/e-ciftlik.com\/haberler\/wp-json\/wp\/v2\/users\/1"}],"replies":[{"embeddable":true,"href":"http:\/\/e-ciftlik.com\/haberler\/wp-json\/wp\/v2\/comments?post=7986"}],"version-history":[{"count":0,"href":"http:\/\/e-ciftlik.com\/haberler\/wp-json\/wp\/v2\/posts\/7986\/revisions"}],"wp:featuredmedia":[{"embeddable":true,"href":"http:\/\/e-ciftlik.com\/haberler\/wp-json\/wp\/v2\/media\/7987"}],"wp:attachment":[{"href":"http:\/\/e-ciftlik.com\/haberler\/wp-json\/wp\/v2\/media?parent=7986"}],"wp:term":[{"taxonomy":"category","embeddable":true,"href":"http:\/\/e-ciftlik.com\/haberler\/wp-json\/wp\/v2\/categories?post=7986"},{"taxonomy":"post_tag","embeddable":true,"href":"http:\/\/e-ciftlik.com\/haberler\/wp-json\/wp\/v2\/tags?post=7986"}],"curies":[{"name":"wp","href":"https:\/\/api.w.org\/{rel}","templated":true}]}}