{"id":7994,"date":"2024-06-29T15:44:50","date_gmt":"2024-06-29T15:44:50","guid":{"rendered":"https:\/\/e-ciftlik.com\/haberler\/gundem\/baskan-erdogandan-mezuniyet-toreninde-etkileyici-konusma\/"},"modified":"2024-06-29T15:44:50","modified_gmt":"2024-06-29T15:44:50","slug":"baskan-erdogandan-mezuniyet-toreninde-etkileyici-konusma","status":"publish","type":"post","link":"http:\/\/e-ciftlik.com\/haberler\/gundem\/baskan-erdogandan-mezuniyet-toreninde-etkileyici-konusma\/","title":{"rendered":"Ba\u015fkan Erdo\u011fan&#8217;dan Mezuniyet T\u00f6reninde Etkileyici Konu\u015fma"},"content":{"rendered":"<p>Cumhurba\u015fkan\u0131 Recep Tayyip Erdo\u011fan, bir okulun mezuniyet t\u00f6renine kat\u0131larak torununun diplomalar\u0131n\u0131 verdi. Ba\u015fkan Erdo\u011fan konu\u015fmas\u0131nda, insan\u0131n bir duru\u015fu olmas\u0131 gerekti\u011fini vurgulayarak, a\u015fk\u0131n bir davaya adanmas\u0131 ve bu u\u011furda m\u00fccadele etmesinin \u00f6nemine dikkat \u00e7ekti. \u00d6\u011frencilere hayallerini pe\u015finden ko\u015fmalar\u0131 tavsiyesinde bulunan Erdo\u011fan, &#8220;a\u015fk\u0131nan ko\u015fan yorulmaz&#8221; s\u00f6zleriyle gen\u00e7lere ilham verdi.<\/p>\n<p>Mezuniyet t\u00f6reninde onur konu\u011fu olarak Prof. Dr. Hayrettin Karaman&#8217;\u0131 gen\u00e7lere konu\u015fmak \u00fczere sahneye davet eden Erdo\u011fan, Karaman&#8217;\u0131 fikirleriyle ve duru\u015fuyla \u00f6rnek bir isim olarak tan\u0131mlad\u0131. T\u00f6rende mezun olan \u00f6\u011frenciler alana Necip Faz\u0131l&#8217;\u0131n \u015fiirlerinden eserler seslendiren Y\u00fccel Arzen e\u015fli\u011finde girdi.<\/p>\n<p>T\u00f6ren, duygusal anlara sahne olurken Ba\u015fkan Erdo\u011fan torununa diploma vererek gururla mezuniyetlerini kutlad\u0131. Mezuniyet t\u00f6renindeki atmosfer, \u00f6\u011frencilerin hayallerine ve ideallerine olan inanc\u0131 daha da peki\u015ftirdi. G\u00fc\u00e7l\u00fc bir mesaj veren Erdo\u011fan, gen\u00e7lere ilham dolu s\u00f6zlerle yollar\u0131na devam etmeleri i\u00e7in cesaret verdi.<\/p>\n","protected":false},"excerpt":{"rendered":"<p>Cumhurba\u015fkan\u0131 Recep Tayyip Erdo\u011fan, bir okulun mezuniyet t\u00f6renine kat\u0131larak torununun diplomalar\u0131n\u0131 verdi. Ba\u015fkan Erdo\u011fan konu\u015fmas\u0131nda,&hellip;<\/p>\n","protected":false},"author":1,"featured_media":7995,"comment_status":"open","ping_status":"open","sticky":false,"template":"","format":"standard","meta":{"footnotes":""},"categories":[10],"tags":[],"class_list":["post-7994","post","type-post","status-publish","format-standard","has-post-thumbnail","hentry","category-gundem"],"yoast_head":"<!-- This site is optimized with the Yoast SEO Premium plugin v24.3 (Yoast SEO v27.4) - https:\/\/yoast.com\/product\/yoast-seo-premium-wordpress\/ -->\n<title>Ba\u015fkan Erdo\u011fan&#039;dan Mezuniyet T\u00f6reninde Etkileyici Konu\u015fma - E-&Ccedil;\u0130FTL\u0130K HABER<\/title>\n<meta name=\"description\" content=\"Cumhurba\u015fkan\u0131 Recep Tayyip Erdo\u011fan, bir okulun mezuniyet t\u00f6renine kat\u0131larak torununun diplomalar\u0131n\u0131 verdi. Ba\u015fkan Erdo\u011fan konu\u015fmas\u0131nda, insan\u0131n bir duru\u015fu\" \/>\n<meta name=\"robots\" content=\"index, follow, max-snippet:-1, max-image-preview:large, max-video-preview:-1\" \/>\n<link rel=\"canonical\" href=\"http:\/\/e-ciftlik.com\/haberler\/gundem\/baskan-erdogandan-mezuniyet-toreninde-etkileyici-konusma\/\" \/>\n<meta property=\"og:locale\" content=\"tr_TR\" \/>\n<meta property=\"og:type\" content=\"article\" \/>\n<meta property=\"og:title\" content=\"Ba\u015fkan Erdo\u011fan&#039;dan Mezuniyet T\u00f6reninde Etkileyici Konu\u015fma\" \/>\n<meta property=\"og:description\" content=\"Cumhurba\u015fkan\u0131 Recep Tayyip Erdo\u011fan, bir okulun mezuniyet t\u00f6renine kat\u0131larak torununun diplomalar\u0131n\u0131 verdi. Ba\u015fkan Erdo\u011fan konu\u015fmas\u0131nda, insan\u0131n bir duru\u015fu\" \/>\n<meta property=\"og:url\" content=\"http:\/\/e-ciftlik.com\/haberler\/gundem\/baskan-erdogandan-mezuniyet-toreninde-etkileyici-konusma\/\" \/>\n<meta property=\"og:site_name\" content=\"E-&Ccedil;\u0130FTL\u0130K HABER\" \/>\n<meta property=\"article:publisher\" content=\"https:\/\/www.facebook.com\/eciftlikturkiye\" \/>\n<meta property=\"article:published_time\" content=\"2024-06-29T15:44:50+00:00\" \/>\n<meta property=\"og:image\" content=\"http:\/\/e-ciftlik.com\/haberler\/wp-content\/uploads\/2024\/06\/baskan-recep-tayyip-erdogan-nun-okullarinda-torununun-mezuniyet-torenine-katildi-1719664807645.jpg\" \/>\n\t<meta property=\"og:image:width\" content=\"1200\" \/>\n\t<meta property=\"og:image:height\" content=\"675\" \/>\n\t<meta property=\"og:image:type\" content=\"image\/jpeg\" \/>\n<meta name=\"author\" content=\"Haber Merkezi\" \/>\n<meta name=\"twitter:card\" content=\"summary_large_image\" \/>\n<meta name=\"twitter:creator\" content=\"@eciftlikresmi\" \/>\n<meta name=\"twitter:site\" content=\"@eciftlikresmi\" \/>\n<meta name=\"twitter:label1\" content=\"Yazan:\" \/>\n\t<meta name=\"twitter:data1\" content=\"Haber Merkezi\" \/>\n\t<meta name=\"twitter:label2\" content=\"Tahmini okuma s\u00fcresi\" \/>\n\t<meta name=\"twitter:data2\" content=\"1 dakika\" \/>\n<script type=\"application\/ld+json\" class=\"yoast-schema-graph\">{\"@context\":\"https:\\\/\\\/schema.org\",\"@graph\":[{\"@type\":\"NewsArticle\",\"@id\":\"http:\\\/\\\/e-ciftlik.com\\\/haberler\\\/gundem\\\/baskan-erdogandan-mezuniyet-toreninde-etkileyici-konusma\\\/#article\",\"isPartOf\":{\"@id\":\"http:\\\/\\\/e-ciftlik.com\\\/haberler\\\/gundem\\\/baskan-erdogandan-mezuniyet-toreninde-etkileyici-konusma\\\/\"},\"author\":{\"name\":\"Haber Merkezi\",\"@id\":\"https:\\\/\\\/e-ciftlik.com\\\/haberler\\\/#\\\/schema\\\/person\\\/d2f4fee3143d7f72be82cb887d51b00a\"},\"headline\":\"Ba\u015fkan Erdo\u011fan&#8217;dan Mezuniyet T\u00f6reninde Etkileyici Konu\u015fma\",\"datePublished\":\"2024-06-29T15:44:50+00:00\",\"mainEntityOfPage\":{\"@id\":\"http:\\\/\\\/e-ciftlik.com\\\/haberler\\\/gundem\\\/baskan-erdogandan-mezuniyet-toreninde-etkileyici-konusma\\\/\"},\"wordCount\":185,\"commentCount\":0,\"publisher\":{\"@id\":\"https:\\\/\\\/e-ciftlik.com\\\/haberler\\\/#organization\"},\"image\":{\"@id\":\"http:\\\/\\\/e-ciftlik.com\\\/haberler\\\/gundem\\\/baskan-erdogandan-mezuniyet-toreninde-etkileyici-konusma\\\/#primaryimage\"},\"thumbnailUrl\":\"http:\\\/\\\/e-ciftlik.com\\\/haberler\\\/wp-content\\\/uploads\\\/2024\\\/06\\\/baskan-recep-tayyip-erdogan-nun-okullarinda-torununun-mezuniyet-torenine-katildi-1719664807645.jpg\",\"articleSection\":[\"G\u00fcndem\"],\"inLanguage\":\"tr\",\"potentialAction\":[{\"@type\":\"CommentAction\",\"name\":\"Comment\",\"target\":[\"http:\\\/\\\/e-ciftlik.com\\\/haberler\\\/gundem\\\/baskan-erdogandan-mezuniyet-toreninde-etkileyici-konusma\\\/#respond\"]}]},{\"@type\":\"WebPage\",\"@id\":\"http:\\\/\\\/e-ciftlik.com\\\/haberler\\\/gundem\\\/baskan-erdogandan-mezuniyet-toreninde-etkileyici-konusma\\\/\",\"url\":\"http:\\\/\\\/e-ciftlik.com\\\/haberler\\\/gundem\\\/baskan-erdogandan-mezuniyet-toreninde-etkileyici-konusma\\\/\",\"name\":\"Ba\u015fkan Erdo\u011fan'dan Mezuniyet T\u00f6reninde Etkileyici Konu\u015fma - E-&Ccedil;\u0130FTL\u0130K HABER\",\"isPartOf\":{\"@id\":\"https:\\\/\\\/e-ciftlik.com\\\/haberler\\\/#website\"},\"primaryImageOfPage\":{\"@id\":\"http:\\\/\\\/e-ciftlik.com\\\/haberler\\\/gundem\\\/baskan-erdogandan-mezuniyet-toreninde-etkileyici-konusma\\\/#primaryimage\"},\"image\":{\"@id\":\"http:\\\/\\\/e-ciftlik.com\\\/haberler\\\/gundem\\\/baskan-erdogandan-mezuniyet-toreninde-etkileyici-konusma\\\/#primaryimage\"},\"thumbnailUrl\":\"http:\\\/\\\/e-ciftlik.com\\\/haberler\\\/wp-content\\\/uploads\\\/2024\\\/06\\\/baskan-recep-tayyip-erdogan-nun-okullarinda-torununun-mezuniyet-torenine-katildi-1719664807645.jpg\",\"datePublished\":\"2024-06-29T15:44:50+00:00\",\"description\":\"Cumhurba\u015fkan\u0131 Recep Tayyip Erdo\u011fan, bir okulun mezuniyet t\u00f6renine kat\u0131larak torununun diplomalar\u0131n\u0131 verdi. Ba\u015fkan Erdo\u011fan konu\u015fmas\u0131nda, insan\u0131n bir duru\u015fu\",\"breadcrumb\":{\"@id\":\"http:\\\/\\\/e-ciftlik.com\\\/haberler\\\/gundem\\\/baskan-erdogandan-mezuniyet-toreninde-etkileyici-konusma\\\/#breadcrumb\"},\"inLanguage\":\"tr\",\"potentialAction\":[{\"@type\":\"ReadAction\",\"target\":[\"http:\\\/\\\/e-ciftlik.com\\\/haberler\\\/gundem\\\/baskan-erdogandan-mezuniyet-toreninde-etkileyici-konusma\\\/\"]}]},{\"@type\":\"ImageObject\",\"inLanguage\":\"tr\",\"@id\":\"http:\\\/\\\/e-ciftlik.com\\\/haberler\\\/gundem\\\/baskan-erdogandan-mezuniyet-toreninde-etkileyici-konusma\\\/#primaryimage\",\"url\":\"http:\\\/\\\/e-ciftlik.com\\\/haberler\\\/wp-content\\\/uploads\\\/2024\\\/06\\\/baskan-recep-tayyip-erdogan-nun-okullarinda-torununun-mezuniyet-torenine-katildi-1719664807645.jpg\",\"contentUrl\":\"http:\\\/\\\/e-ciftlik.com\\\/haberler\\\/wp-content\\\/uploads\\\/2024\\\/06\\\/baskan-recep-tayyip-erdogan-nun-okullarinda-torununun-mezuniyet-torenine-katildi-1719664807645.jpg\",\"width\":1200,\"height\":675},{\"@type\":\"BreadcrumbList\",\"@id\":\"http:\\\/\\\/e-ciftlik.com\\\/haberler\\\/gundem\\\/baskan-erdogandan-mezuniyet-toreninde-etkileyici-konusma\\\/#breadcrumb\",\"itemListElement\":[{\"@type\":\"ListItem\",\"position\":1,\"name\":\"Anasayfa\",\"item\":\"https:\\\/\\\/e-ciftlik.com\\\/haberler\\\/\"},{\"@type\":\"ListItem\",\"position\":2,\"name\":\"Ba\u015fkan Erdo\u011fan&#8217;dan Mezuniyet T\u00f6reninde Etkileyici Konu\u015fma\"}]},{\"@type\":\"WebSite\",\"@id\":\"https:\\\/\\\/e-ciftlik.com\\\/haberler\\\/#website\",\"url\":\"https:\\\/\\\/e-ciftlik.com\\\/haberler\\\/\",\"name\":\"E-\u00c7iftlik Haber | G\u00fcncel, Son Dakika Haberler, En Son Haber\",\"description\":\"\",\"publisher\":{\"@id\":\"https:\\\/\\\/e-ciftlik.com\\\/haberler\\\/#organization\"},\"potentialAction\":[{\"@type\":\"SearchAction\",\"target\":{\"@type\":\"EntryPoint\",\"urlTemplate\":\"https:\\\/\\\/e-ciftlik.com\\\/haberler\\\/?s={search_term_string}\"},\"query-input\":{\"@type\":\"PropertyValueSpecification\",\"valueRequired\":true,\"valueName\":\"search_term_string\"}}],\"inLanguage\":\"tr\"},{\"@type\":\"Organization\",\"@id\":\"https:\\\/\\\/e-ciftlik.com\\\/haberler\\\/#organization\",\"name\":\"E-\u00c7\u0130FTL\u0130K HABER\",\"url\":\"https:\\\/\\\/e-ciftlik.com\\\/haberler\\\/\",\"logo\":{\"@type\":\"ImageObject\",\"inLanguage\":\"tr\",\"@id\":\"https:\\\/\\\/e-ciftlik.com\\\/haberler\\\/#\\\/schema\\\/logo\\\/image\\\/\",\"url\":\"http:\\\/\\\/e-ciftlik.com\\\/haberler\\\/wp-content\\\/uploads\\\/2024\\\/06\\\/cropped-cropped-favicon-1-2.png\",\"contentUrl\":\"http:\\\/\\\/e-ciftlik.com\\\/haberler\\\/wp-content\\\/uploads\\\/2024\\\/06\\\/cropped-cropped-favicon-1-2.png\",\"width\":512,\"height\":512,\"caption\":\"E-\u00c7\u0130FTL\u0130K HABER\"},\"image\":{\"@id\":\"https:\\\/\\\/e-ciftlik.com\\\/haberler\\\/#\\\/schema\\\/logo\\\/image\\\/\"},\"sameAs\":[\"https:\\\/\\\/www.facebook.com\\\/eciftlikturkiye\",\"https:\\\/\\\/x.com\\\/eciftlikresmi\",\"https:\\\/\\\/www.instagram.com\\\/eciftlikresmi\\\/\"]},{\"@type\":\"Person\",\"@id\":\"https:\\\/\\\/e-ciftlik.com\\\/haberler\\\/#\\\/schema\\\/person\\\/d2f4fee3143d7f72be82cb887d51b00a\",\"name\":\"Haber Merkezi\",\"image\":{\"@type\":\"ImageObject\",\"inLanguage\":\"tr\",\"@id\":\"https:\\\/\\\/secure.gravatar.com\\\/avatar\\\/6c27d641914e66c1d0452c92716002398782818991d86db1c2cccb531e7c7c82?s=96&d=mm&r=g\",\"url\":\"https:\\\/\\\/secure.gravatar.com\\\/avatar\\\/6c27d641914e66c1d0452c92716002398782818991d86db1c2cccb531e7c7c82?s=96&d=mm&r=g\",\"contentUrl\":\"https:\\\/\\\/secure.gravatar.com\\\/avatar\\\/6c27d641914e66c1d0452c92716002398782818991d86db1c2cccb531e7c7c82?s=96&d=mm&r=g\",\"caption\":\"Haber Merkezi\"},\"sameAs\":[\"http:\\\/\\\/e-ciftlik.com\\\/haberler\"]}]}<\/script>\n<!-- \/ Yoast SEO Premium plugin. -->","yoast_head_json":{"title":"Ba\u015fkan Erdo\u011fan'dan Mezuniyet T\u00f6reninde Etkileyici Konu\u015fma - E-&Ccedil;\u0130FTL\u0130K HABER","description":"Cumhurba\u015fkan\u0131 Recep Tayyip Erdo\u011fan, bir okulun mezuniyet t\u00f6renine kat\u0131larak torununun diplomalar\u0131n\u0131 verdi. Ba\u015fkan Erdo\u011fan konu\u015fmas\u0131nda, insan\u0131n bir duru\u015fu","robots":{"index":"index","follow":"follow","max-snippet":"max-snippet:-1","max-image-preview":"max-image-preview:large","max-video-preview":"max-video-preview:-1"},"canonical":"http:\/\/e-ciftlik.com\/haberler\/gundem\/baskan-erdogandan-mezuniyet-toreninde-etkileyici-konusma\/","og_locale":"tr_TR","og_type":"article","og_title":"Ba\u015fkan Erdo\u011fan'dan Mezuniyet T\u00f6reninde Etkileyici Konu\u015fma","og_description":"Cumhurba\u015fkan\u0131 Recep Tayyip Erdo\u011fan, bir okulun mezuniyet t\u00f6renine kat\u0131larak torununun diplomalar\u0131n\u0131 verdi. Ba\u015fkan Erdo\u011fan konu\u015fmas\u0131nda, insan\u0131n bir duru\u015fu","og_url":"http:\/\/e-ciftlik.com\/haberler\/gundem\/baskan-erdogandan-mezuniyet-toreninde-etkileyici-konusma\/","og_site_name":"E-&Ccedil;\u0130FTL\u0130K HABER","article_publisher":"https:\/\/www.facebook.com\/eciftlikturkiye","article_published_time":"2024-06-29T15:44:50+00:00","og_image":[{"width":1200,"height":675,"url":"http:\/\/e-ciftlik.com\/haberler\/wp-content\/uploads\/2024\/06\/baskan-recep-tayyip-erdogan-nun-okullarinda-torununun-mezuniyet-torenine-katildi-1719664807645.jpg","type":"image\/jpeg"}],"author":"Haber Merkezi","twitter_card":"summary_large_image","twitter_creator":"@eciftlikresmi","twitter_site":"@eciftlikresmi","twitter_misc":{"Yazan:":"Haber Merkezi","Tahmini okuma s\u00fcresi":"1 dakika"},"schema":{"@context":"https:\/\/schema.org","@graph":[{"@type":"NewsArticle","@id":"http:\/\/e-ciftlik.com\/haberler\/gundem\/baskan-erdogandan-mezuniyet-toreninde-etkileyici-konusma\/#article","isPartOf":{"@id":"http:\/\/e-ciftlik.com\/haberler\/gundem\/baskan-erdogandan-mezuniyet-toreninde-etkileyici-konusma\/"},"author":{"name":"Haber Merkezi","@id":"https:\/\/e-ciftlik.com\/haberler\/#\/schema\/person\/d2f4fee3143d7f72be82cb887d51b00a"},"headline":"Ba\u015fkan Erdo\u011fan&#8217;dan Mezuniyet T\u00f6reninde Etkileyici Konu\u015fma","datePublished":"2024-06-29T15:44:50+00:00","mainEntityOfPage":{"@id":"http:\/\/e-ciftlik.com\/haberler\/gundem\/baskan-erdogandan-mezuniyet-toreninde-etkileyici-konusma\/"},"wordCount":185,"commentCount":0,"publisher":{"@id":"https:\/\/e-ciftlik.com\/haberler\/#organization"},"image":{"@id":"http:\/\/e-ciftlik.com\/haberler\/gundem\/baskan-erdogandan-mezuniyet-toreninde-etkileyici-konusma\/#primaryimage"},"thumbnailUrl":"http:\/\/e-ciftlik.com\/haberler\/wp-content\/uploads\/2024\/06\/baskan-recep-tayyip-erdogan-nun-okullarinda-torununun-mezuniyet-torenine-katildi-1719664807645.jpg","articleSection":["G\u00fcndem"],"inLanguage":"tr","potentialAction":[{"@type":"CommentAction","name":"Comment","target":["http:\/\/e-ciftlik.com\/haberler\/gundem\/baskan-erdogandan-mezuniyet-toreninde-etkileyici-konusma\/#respond"]}]},{"@type":"WebPage","@id":"http:\/\/e-ciftlik.com\/haberler\/gundem\/baskan-erdogandan-mezuniyet-toreninde-etkileyici-konusma\/","url":"http:\/\/e-ciftlik.com\/haberler\/gundem\/baskan-erdogandan-mezuniyet-toreninde-etkileyici-konusma\/","name":"Ba\u015fkan Erdo\u011fan'dan Mezuniyet T\u00f6reninde Etkileyici Konu\u015fma - E-&Ccedil;\u0130FTL\u0130K HABER","isPartOf":{"@id":"https:\/\/e-ciftlik.com\/haberler\/#website"},"primaryImageOfPage":{"@id":"http:\/\/e-ciftlik.com\/haberler\/gundem\/baskan-erdogandan-mezuniyet-toreninde-etkileyici-konusma\/#primaryimage"},"image":{"@id":"http:\/\/e-ciftlik.com\/haberler\/gundem\/baskan-erdogandan-mezuniyet-toreninde-etkileyici-konusma\/#primaryimage"},"thumbnailUrl":"http:\/\/e-ciftlik.com\/haberler\/wp-content\/uploads\/2024\/06\/baskan-recep-tayyip-erdogan-nun-okullarinda-torununun-mezuniyet-torenine-katildi-1719664807645.jpg","datePublished":"2024-06-29T15:44:50+00:00","description":"Cumhurba\u015fkan\u0131 Recep Tayyip Erdo\u011fan, bir okulun mezuniyet t\u00f6renine kat\u0131larak torununun diplomalar\u0131n\u0131 verdi. Ba\u015fkan Erdo\u011fan konu\u015fmas\u0131nda, insan\u0131n bir duru\u015fu","breadcrumb":{"@id":"http:\/\/e-ciftlik.com\/haberler\/gundem\/baskan-erdogandan-mezuniyet-toreninde-etkileyici-konusma\/#breadcrumb"},"inLanguage":"tr","potentialAction":[{"@type":"ReadAction","target":["http:\/\/e-ciftlik.com\/haberler\/gundem\/baskan-erdogandan-mezuniyet-toreninde-etkileyici-konusma\/"]}]},{"@type":"ImageObject","inLanguage":"tr","@id":"http:\/\/e-ciftlik.com\/haberler\/gundem\/baskan-erdogandan-mezuniyet-toreninde-etkileyici-konusma\/#primaryimage","url":"http:\/\/e-ciftlik.com\/haberler\/wp-content\/uploads\/2024\/06\/baskan-recep-tayyip-erdogan-nun-okullarinda-torununun-mezuniyet-torenine-katildi-1719664807645.jpg","contentUrl":"http:\/\/e-ciftlik.com\/haberler\/wp-content\/uploads\/2024\/06\/baskan-recep-tayyip-erdogan-nun-okullarinda-torununun-mezuniyet-torenine-katildi-1719664807645.jpg","width":1200,"height":675},{"@type":"BreadcrumbList","@id":"http:\/\/e-ciftlik.com\/haberler\/gundem\/baskan-erdogandan-mezuniyet-toreninde-etkileyici-konusma\/#breadcrumb","itemListElement":[{"@type":"ListItem","position":1,"name":"Anasayfa","item":"https:\/\/e-ciftlik.com\/haberler\/"},{"@type":"ListItem","position":2,"name":"Ba\u015fkan Erdo\u011fan&#8217;dan Mezuniyet T\u00f6reninde Etkileyici Konu\u015fma"}]},{"@type":"WebSite","@id":"https:\/\/e-ciftlik.com\/haberler\/#website","url":"https:\/\/e-ciftlik.com\/haberler\/","name":"E-\u00c7iftlik Haber | G\u00fcncel, Son Dakika Haberler, En Son Haber","description":"","publisher":{"@id":"https:\/\/e-ciftlik.com\/haberler\/#organization"},"potentialAction":[{"@type":"SearchAction","target":{"@type":"EntryPoint","urlTemplate":"https:\/\/e-ciftlik.com\/haberler\/?s={search_term_string}"},"query-input":{"@type":"PropertyValueSpecification","valueRequired":true,"valueName":"search_term_string"}}],"inLanguage":"tr"},{"@type":"Organization","@id":"https:\/\/e-ciftlik.com\/haberler\/#organization","name":"E-\u00c7\u0130FTL\u0130K HABER","url":"https:\/\/e-ciftlik.com\/haberler\/","logo":{"@type":"ImageObject","inLanguage":"tr","@id":"https:\/\/e-ciftlik.com\/haberler\/#\/schema\/logo\/image\/","url":"http:\/\/e-ciftlik.com\/haberler\/wp-content\/uploads\/2024\/06\/cropped-cropped-favicon-1-2.png","contentUrl":"http:\/\/e-ciftlik.com\/haberler\/wp-content\/uploads\/2024\/06\/cropped-cropped-favicon-1-2.png","width":512,"height":512,"caption":"E-\u00c7\u0130FTL\u0130K HABER"},"image":{"@id":"https:\/\/e-ciftlik.com\/haberler\/#\/schema\/logo\/image\/"},"sameAs":["https:\/\/www.facebook.com\/eciftlikturkiye","https:\/\/x.com\/eciftlikresmi","https:\/\/www.instagram.com\/eciftlikresmi\/"]},{"@type":"Person","@id":"https:\/\/e-ciftlik.com\/haberler\/#\/schema\/person\/d2f4fee3143d7f72be82cb887d51b00a","name":"Haber Merkezi","image":{"@type":"ImageObject","inLanguage":"tr","@id":"https:\/\/secure.gravatar.com\/avatar\/6c27d641914e66c1d0452c92716002398782818991d86db1c2cccb531e7c7c82?s=96&d=mm&r=g","url":"https:\/\/secure.gravatar.com\/avatar\/6c27d641914e66c1d0452c92716002398782818991d86db1c2cccb531e7c7c82?s=96&d=mm&r=g","contentUrl":"https:\/\/secure.gravatar.com\/avatar\/6c27d641914e66c1d0452c92716002398782818991d86db1c2cccb531e7c7c82?s=96&d=mm&r=g","caption":"Haber Merkezi"},"sameAs":["http:\/\/e-ciftlik.com\/haberler"]}]}},"_links":{"self":[{"href":"http:\/\/e-ciftlik.com\/haberler\/wp-json\/wp\/v2\/posts\/7994","targetHints":{"allow":["GET"]}}],"collection":[{"href":"http:\/\/e-ciftlik.com\/haberler\/wp-json\/wp\/v2\/posts"}],"about":[{"href":"http:\/\/e-ciftlik.com\/haberler\/wp-json\/wp\/v2\/types\/post"}],"author":[{"embeddable":true,"href":"http:\/\/e-ciftlik.com\/haberler\/wp-json\/wp\/v2\/users\/1"}],"replies":[{"embeddable":true,"href":"http:\/\/e-ciftlik.com\/haberler\/wp-json\/wp\/v2\/comments?post=7994"}],"version-history":[{"count":0,"href":"http:\/\/e-ciftlik.com\/haberler\/wp-json\/wp\/v2\/posts\/7994\/revisions"}],"wp:featuredmedia":[{"embeddable":true,"href":"http:\/\/e-ciftlik.com\/haberler\/wp-json\/wp\/v2\/media\/7995"}],"wp:attachment":[{"href":"http:\/\/e-ciftlik.com\/haberler\/wp-json\/wp\/v2\/media?parent=7994"}],"wp:term":[{"taxonomy":"category","embeddable":true,"href":"http:\/\/e-ciftlik.com\/haberler\/wp-json\/wp\/v2\/categories?post=7994"},{"taxonomy":"post_tag","embeddable":true,"href":"http:\/\/e-ciftlik.com\/haberler\/wp-json\/wp\/v2\/tags?post=7994"}],"curies":[{"name":"wp","href":"https:\/\/api.w.org\/{rel}","templated":true}]}}