{"id":8066,"date":"2024-06-29T22:40:37","date_gmt":"2024-06-29T22:40:37","guid":{"rendered":"https:\/\/e-ciftlik.com\/haberler\/spor\/veliefendi-hipodromunda-saat-17-15te-baslayacak-buyuk-kosu\/"},"modified":"2024-06-29T22:40:37","modified_gmt":"2024-06-29T22:40:37","slug":"veliefendi-hipodromunda-saat-17-15te-baslayacak-buyuk-kosu","status":"publish","type":"post","link":"http:\/\/e-ciftlik.com\/haberler\/spor\/veliefendi-hipodromunda-saat-17-15te-baslayacak-buyuk-kosu\/","title":{"rendered":"Veliefendi Hipodromu&#8217;nda saat 17.15&#8217;te ba\u015flayacak b\u00fcy\u00fck ko\u015fu"},"content":{"rendered":"<p>Veliefendi Hipodromu&#8217;nda d\u00fczenlenecek ko\u015fu, saat 17.15&#8217;te ba\u015flayacak. \u00dc\u00e7 ya\u015fl\u0131 safkan \u0130ngiliz atlar\u0131n kat\u0131laca\u011f\u0131 yar\u0131\u015f, 2 bin 400 metrelik \u00e7im pistte ger\u00e7ekle\u015fecek. \u015eu ana kadar 22&#8217;si as\u0131l, 2&#8217;si yedek olmak \u00fczere toplam 24 safkan yar\u0131\u015fa kay\u0131t yapt\u0131rd\u0131.<\/p>\n<p>Gazi Ko\u015fusu&#8217;nun tarih\u00e7esi, Kurtulu\u015f Sava\u015f\u0131 y\u0131llar\u0131na dayan\u0131yor. Mustafa Kemal Atat\u00fcrk&#8217;\u00fcn emriyle 1927&#8217;de d\u00fczenlenmeye ba\u015flanan yar\u0131\u015f, Ankara&#8217;daki hipodromda ger\u00e7ekle\u015ftirildi. \u0130lk Gazi Ko\u015fusu&#8217;nu Ali Muhiddin Hac\u0131bekir&#8217;e ait &#8220;Neriman&#8221; isimli safkan kazand\u0131 ve bu olaya Atat\u00fcrk ile \u0130smet \u0130n\u00f6n\u00fc birlikte \u015fahitlik etti.<\/p>\n<p>Gazi Ko\u015fusu tarihinin en h\u0131zl\u0131 safkan\u0131, 1996 y\u0131l\u0131nda yar\u0131\u015fan &#8220;Bold Pilot&#8221; oldu. \u00d6zdemir Atman&#8217;a ait olan bu safkan, 2.26.22&#8217;lik derecesiyle rekor k\u0131rd\u0131. Yar\u0131\u015f\u0131n en fazla kazanan jokeyi ise M\u00fcmin \u00c7\u0131lg\u0131n oldu. \u00c7\u0131lg\u0131n, toplamda 9 kez birinci olarak bu alanda bir rekora imza att\u0131.<\/p>\n<p>Gazi Ko\u015fusu&#8217;nda bu y\u0131l birincili\u011fi elde eden at\u0131n sahibi, sahibine 13 milyon 500 bin lira \u00f6d\u00fcl kazand\u0131racak. \u0130kinciye 5 milyon 400 bin, \u00fc\u00e7\u00fcnc\u00fcye 2 milyon 700 bin, d\u00f6rde 1 milyon 350 bin ve be\u015finciye 675 bin lira ikramiye verilecek. Toplamda ilk be\u015f yar\u0131\u015fmac\u0131n\u0131n kazanaca\u011f\u0131 ikramiye miktar\u0131 23 milyon 625 bin lira olarak a\u00e7\u0131kland\u0131. At sahibi, ayn\u0131 zamanda tay\u0131n yeti\u015ftiricisi ise \u00f6d\u00fcl miktar\u0131na yeti\u015ftiricilik primini de ekleyerek 24 milyon 848 bin 250 lira kazanacak.<\/p>\n","protected":false},"excerpt":{"rendered":"<p>Veliefendi Hipodromu&#8217;nda d\u00fczenlenecek ko\u015fu, saat 17.15&#8217;te ba\u015flayacak. \u00dc\u00e7 ya\u015fl\u0131 safkan \u0130ngiliz atlar\u0131n kat\u0131laca\u011f\u0131 yar\u0131\u015f, 2&hellip;<\/p>\n","protected":false},"author":1,"featured_media":8067,"comment_status":"open","ping_status":"open","sticky":false,"template":"","format":"standard","meta":{"footnotes":""},"categories":[7],"tags":[],"class_list":["post-8066","post","type-post","status-publish","format-standard","has-post-thumbnail","hentry","category-spor"],"yoast_head":"<!-- This site is optimized with the Yoast SEO Premium plugin v24.3 (Yoast SEO v27.4) - https:\/\/yoast.com\/product\/yoast-seo-premium-wordpress\/ -->\n<title>Veliefendi Hipodromu&#039;nda saat 17.15&#039;te ba\u015flayacak b\u00fcy\u00fck ko\u015fu - E-&Ccedil;\u0130FTL\u0130K HABER<\/title>\n<meta name=\"description\" content=\"Veliefendi Hipodromu&#039;nda d\u00fczenlenecek ko\u015fu, saat 17.15&#039;te ba\u015flayacak. \u00dc\u00e7 ya\u015fl\u0131 safkan \u0130ngiliz atlar\u0131n kat\u0131laca\u011f\u0131 yar\u0131\u015f, 2 bin 400 metrelik \u00e7im pistte\" \/>\n<meta name=\"robots\" content=\"index, follow, max-snippet:-1, max-image-preview:large, max-video-preview:-1\" \/>\n<link rel=\"canonical\" href=\"http:\/\/e-ciftlik.com\/haberler\/spor\/veliefendi-hipodromunda-saat-17-15te-baslayacak-buyuk-kosu\/\" \/>\n<meta property=\"og:locale\" content=\"tr_TR\" \/>\n<meta property=\"og:type\" content=\"article\" \/>\n<meta property=\"og:title\" content=\"Veliefendi Hipodromu&#039;nda saat 17.15&#039;te ba\u015flayacak b\u00fcy\u00fck ko\u015fu\" \/>\n<meta property=\"og:description\" content=\"Veliefendi Hipodromu&#039;nda d\u00fczenlenecek ko\u015fu, saat 17.15&#039;te ba\u015flayacak. \u00dc\u00e7 ya\u015fl\u0131 safkan \u0130ngiliz atlar\u0131n kat\u0131laca\u011f\u0131 yar\u0131\u015f, 2 bin 400 metrelik \u00e7im pistte\" \/>\n<meta property=\"og:url\" content=\"http:\/\/e-ciftlik.com\/haberler\/spor\/veliefendi-hipodromunda-saat-17-15te-baslayacak-buyuk-kosu\/\" \/>\n<meta property=\"og:site_name\" content=\"E-&Ccedil;\u0130FTL\u0130K HABER\" \/>\n<meta property=\"article:publisher\" content=\"https:\/\/www.facebook.com\/eciftlikturkiye\" \/>\n<meta property=\"article:published_time\" content=\"2024-06-29T22:40:37+00:00\" \/>\n<meta property=\"og:image\" content=\"http:\/\/e-ciftlik.com\/haberler\/wp-content\/uploads\/2024\/06\/1719700840_1200x628.jpeg\" \/>\n\t<meta property=\"og:image:width\" content=\"1200\" \/>\n\t<meta property=\"og:image:height\" content=\"628\" \/>\n\t<meta property=\"og:image:type\" content=\"image\/jpeg\" \/>\n<meta name=\"author\" content=\"Haber Merkezi\" \/>\n<meta name=\"twitter:card\" content=\"summary_large_image\" \/>\n<meta name=\"twitter:creator\" content=\"@eciftlikresmi\" \/>\n<meta name=\"twitter:site\" content=\"@eciftlikresmi\" \/>\n<meta name=\"twitter:label1\" content=\"Yazan:\" \/>\n\t<meta name=\"twitter:data1\" content=\"Haber Merkezi\" \/>\n\t<meta name=\"twitter:label2\" content=\"Tahmini okuma s\u00fcresi\" \/>\n\t<meta name=\"twitter:data2\" content=\"1 dakika\" \/>\n<script type=\"application\/ld+json\" class=\"yoast-schema-graph\">{\"@context\":\"https:\\\/\\\/schema.org\",\"@graph\":[{\"@type\":\"NewsArticle\",\"@id\":\"http:\\\/\\\/e-ciftlik.com\\\/haberler\\\/spor\\\/veliefendi-hipodromunda-saat-17-15te-baslayacak-buyuk-kosu\\\/#article\",\"isPartOf\":{\"@id\":\"http:\\\/\\\/e-ciftlik.com\\\/haberler\\\/spor\\\/veliefendi-hipodromunda-saat-17-15te-baslayacak-buyuk-kosu\\\/\"},\"author\":{\"name\":\"Haber Merkezi\",\"@id\":\"https:\\\/\\\/e-ciftlik.com\\\/haberler\\\/#\\\/schema\\\/person\\\/d2f4fee3143d7f72be82cb887d51b00a\"},\"headline\":\"Veliefendi Hipodromu&#8217;nda saat 17.15&#8217;te ba\u015flayacak b\u00fcy\u00fck ko\u015fu\",\"datePublished\":\"2024-06-29T22:40:37+00:00\",\"mainEntityOfPage\":{\"@id\":\"http:\\\/\\\/e-ciftlik.com\\\/haberler\\\/spor\\\/veliefendi-hipodromunda-saat-17-15te-baslayacak-buyuk-kosu\\\/\"},\"wordCount\":245,\"commentCount\":0,\"publisher\":{\"@id\":\"https:\\\/\\\/e-ciftlik.com\\\/haberler\\\/#organization\"},\"image\":{\"@id\":\"http:\\\/\\\/e-ciftlik.com\\\/haberler\\\/spor\\\/veliefendi-hipodromunda-saat-17-15te-baslayacak-buyuk-kosu\\\/#primaryimage\"},\"thumbnailUrl\":\"http:\\\/\\\/e-ciftlik.com\\\/haberler\\\/wp-content\\\/uploads\\\/2024\\\/06\\\/1719700840_1200x628.jpeg\",\"articleSection\":[\"Spor\"],\"inLanguage\":\"tr\",\"potentialAction\":[{\"@type\":\"CommentAction\",\"name\":\"Comment\",\"target\":[\"http:\\\/\\\/e-ciftlik.com\\\/haberler\\\/spor\\\/veliefendi-hipodromunda-saat-17-15te-baslayacak-buyuk-kosu\\\/#respond\"]}]},{\"@type\":\"WebPage\",\"@id\":\"http:\\\/\\\/e-ciftlik.com\\\/haberler\\\/spor\\\/veliefendi-hipodromunda-saat-17-15te-baslayacak-buyuk-kosu\\\/\",\"url\":\"http:\\\/\\\/e-ciftlik.com\\\/haberler\\\/spor\\\/veliefendi-hipodromunda-saat-17-15te-baslayacak-buyuk-kosu\\\/\",\"name\":\"Veliefendi Hipodromu'nda saat 17.15'te ba\u015flayacak b\u00fcy\u00fck ko\u015fu - E-&Ccedil;\u0130FTL\u0130K HABER\",\"isPartOf\":{\"@id\":\"https:\\\/\\\/e-ciftlik.com\\\/haberler\\\/#website\"},\"primaryImageOfPage\":{\"@id\":\"http:\\\/\\\/e-ciftlik.com\\\/haberler\\\/spor\\\/veliefendi-hipodromunda-saat-17-15te-baslayacak-buyuk-kosu\\\/#primaryimage\"},\"image\":{\"@id\":\"http:\\\/\\\/e-ciftlik.com\\\/haberler\\\/spor\\\/veliefendi-hipodromunda-saat-17-15te-baslayacak-buyuk-kosu\\\/#primaryimage\"},\"thumbnailUrl\":\"http:\\\/\\\/e-ciftlik.com\\\/haberler\\\/wp-content\\\/uploads\\\/2024\\\/06\\\/1719700840_1200x628.jpeg\",\"datePublished\":\"2024-06-29T22:40:37+00:00\",\"description\":\"Veliefendi Hipodromu'nda d\u00fczenlenecek ko\u015fu, saat 17.15'te ba\u015flayacak. \u00dc\u00e7 ya\u015fl\u0131 safkan \u0130ngiliz atlar\u0131n kat\u0131laca\u011f\u0131 yar\u0131\u015f, 2 bin 400 metrelik \u00e7im pistte\",\"breadcrumb\":{\"@id\":\"http:\\\/\\\/e-ciftlik.com\\\/haberler\\\/spor\\\/veliefendi-hipodromunda-saat-17-15te-baslayacak-buyuk-kosu\\\/#breadcrumb\"},\"inLanguage\":\"tr\",\"potentialAction\":[{\"@type\":\"ReadAction\",\"target\":[\"http:\\\/\\\/e-ciftlik.com\\\/haberler\\\/spor\\\/veliefendi-hipodromunda-saat-17-15te-baslayacak-buyuk-kosu\\\/\"]}]},{\"@type\":\"ImageObject\",\"inLanguage\":\"tr\",\"@id\":\"http:\\\/\\\/e-ciftlik.com\\\/haberler\\\/spor\\\/veliefendi-hipodromunda-saat-17-15te-baslayacak-buyuk-kosu\\\/#primaryimage\",\"url\":\"http:\\\/\\\/e-ciftlik.com\\\/haberler\\\/wp-content\\\/uploads\\\/2024\\\/06\\\/1719700840_1200x628.jpeg\",\"contentUrl\":\"http:\\\/\\\/e-ciftlik.com\\\/haberler\\\/wp-content\\\/uploads\\\/2024\\\/06\\\/1719700840_1200x628.jpeg\",\"width\":1200,\"height\":628},{\"@type\":\"BreadcrumbList\",\"@id\":\"http:\\\/\\\/e-ciftlik.com\\\/haberler\\\/spor\\\/veliefendi-hipodromunda-saat-17-15te-baslayacak-buyuk-kosu\\\/#breadcrumb\",\"itemListElement\":[{\"@type\":\"ListItem\",\"position\":1,\"name\":\"Anasayfa\",\"item\":\"https:\\\/\\\/e-ciftlik.com\\\/haberler\\\/\"},{\"@type\":\"ListItem\",\"position\":2,\"name\":\"Veliefendi Hipodromu&#8217;nda saat 17.15&#8217;te ba\u015flayacak b\u00fcy\u00fck ko\u015fu\"}]},{\"@type\":\"WebSite\",\"@id\":\"https:\\\/\\\/e-ciftlik.com\\\/haberler\\\/#website\",\"url\":\"https:\\\/\\\/e-ciftlik.com\\\/haberler\\\/\",\"name\":\"E-\u00c7iftlik Haber | G\u00fcncel, Son Dakika Haberler, En Son Haber\",\"description\":\"\",\"publisher\":{\"@id\":\"https:\\\/\\\/e-ciftlik.com\\\/haberler\\\/#organization\"},\"potentialAction\":[{\"@type\":\"SearchAction\",\"target\":{\"@type\":\"EntryPoint\",\"urlTemplate\":\"https:\\\/\\\/e-ciftlik.com\\\/haberler\\\/?s={search_term_string}\"},\"query-input\":{\"@type\":\"PropertyValueSpecification\",\"valueRequired\":true,\"valueName\":\"search_term_string\"}}],\"inLanguage\":\"tr\"},{\"@type\":\"Organization\",\"@id\":\"https:\\\/\\\/e-ciftlik.com\\\/haberler\\\/#organization\",\"name\":\"E-\u00c7\u0130FTL\u0130K HABER\",\"url\":\"https:\\\/\\\/e-ciftlik.com\\\/haberler\\\/\",\"logo\":{\"@type\":\"ImageObject\",\"inLanguage\":\"tr\",\"@id\":\"https:\\\/\\\/e-ciftlik.com\\\/haberler\\\/#\\\/schema\\\/logo\\\/image\\\/\",\"url\":\"http:\\\/\\\/e-ciftlik.com\\\/haberler\\\/wp-content\\\/uploads\\\/2024\\\/06\\\/cropped-cropped-favicon-1-2.png\",\"contentUrl\":\"http:\\\/\\\/e-ciftlik.com\\\/haberler\\\/wp-content\\\/uploads\\\/2024\\\/06\\\/cropped-cropped-favicon-1-2.png\",\"width\":512,\"height\":512,\"caption\":\"E-\u00c7\u0130FTL\u0130K HABER\"},\"image\":{\"@id\":\"https:\\\/\\\/e-ciftlik.com\\\/haberler\\\/#\\\/schema\\\/logo\\\/image\\\/\"},\"sameAs\":[\"https:\\\/\\\/www.facebook.com\\\/eciftlikturkiye\",\"https:\\\/\\\/x.com\\\/eciftlikresmi\",\"https:\\\/\\\/www.instagram.com\\\/eciftlikresmi\\\/\"]},{\"@type\":\"Person\",\"@id\":\"https:\\\/\\\/e-ciftlik.com\\\/haberler\\\/#\\\/schema\\\/person\\\/d2f4fee3143d7f72be82cb887d51b00a\",\"name\":\"Haber Merkezi\",\"image\":{\"@type\":\"ImageObject\",\"inLanguage\":\"tr\",\"@id\":\"https:\\\/\\\/secure.gravatar.com\\\/avatar\\\/6c27d641914e66c1d0452c92716002398782818991d86db1c2cccb531e7c7c82?s=96&d=mm&r=g\",\"url\":\"https:\\\/\\\/secure.gravatar.com\\\/avatar\\\/6c27d641914e66c1d0452c92716002398782818991d86db1c2cccb531e7c7c82?s=96&d=mm&r=g\",\"contentUrl\":\"https:\\\/\\\/secure.gravatar.com\\\/avatar\\\/6c27d641914e66c1d0452c92716002398782818991d86db1c2cccb531e7c7c82?s=96&d=mm&r=g\",\"caption\":\"Haber Merkezi\"},\"sameAs\":[\"http:\\\/\\\/e-ciftlik.com\\\/haberler\"]}]}<\/script>\n<!-- \/ Yoast SEO Premium plugin. -->","yoast_head_json":{"title":"Veliefendi Hipodromu'nda saat 17.15'te ba\u015flayacak b\u00fcy\u00fck ko\u015fu - E-&Ccedil;\u0130FTL\u0130K HABER","description":"Veliefendi Hipodromu'nda d\u00fczenlenecek ko\u015fu, saat 17.15'te ba\u015flayacak. \u00dc\u00e7 ya\u015fl\u0131 safkan \u0130ngiliz atlar\u0131n kat\u0131laca\u011f\u0131 yar\u0131\u015f, 2 bin 400 metrelik \u00e7im pistte","robots":{"index":"index","follow":"follow","max-snippet":"max-snippet:-1","max-image-preview":"max-image-preview:large","max-video-preview":"max-video-preview:-1"},"canonical":"http:\/\/e-ciftlik.com\/haberler\/spor\/veliefendi-hipodromunda-saat-17-15te-baslayacak-buyuk-kosu\/","og_locale":"tr_TR","og_type":"article","og_title":"Veliefendi Hipodromu'nda saat 17.15'te ba\u015flayacak b\u00fcy\u00fck ko\u015fu","og_description":"Veliefendi Hipodromu'nda d\u00fczenlenecek ko\u015fu, saat 17.15'te ba\u015flayacak. \u00dc\u00e7 ya\u015fl\u0131 safkan \u0130ngiliz atlar\u0131n kat\u0131laca\u011f\u0131 yar\u0131\u015f, 2 bin 400 metrelik \u00e7im pistte","og_url":"http:\/\/e-ciftlik.com\/haberler\/spor\/veliefendi-hipodromunda-saat-17-15te-baslayacak-buyuk-kosu\/","og_site_name":"E-&Ccedil;\u0130FTL\u0130K HABER","article_publisher":"https:\/\/www.facebook.com\/eciftlikturkiye","article_published_time":"2024-06-29T22:40:37+00:00","og_image":[{"width":1200,"height":628,"url":"http:\/\/e-ciftlik.com\/haberler\/wp-content\/uploads\/2024\/06\/1719700840_1200x628.jpeg","type":"image\/jpeg"}],"author":"Haber Merkezi","twitter_card":"summary_large_image","twitter_creator":"@eciftlikresmi","twitter_site":"@eciftlikresmi","twitter_misc":{"Yazan:":"Haber Merkezi","Tahmini okuma s\u00fcresi":"1 dakika"},"schema":{"@context":"https:\/\/schema.org","@graph":[{"@type":"NewsArticle","@id":"http:\/\/e-ciftlik.com\/haberler\/spor\/veliefendi-hipodromunda-saat-17-15te-baslayacak-buyuk-kosu\/#article","isPartOf":{"@id":"http:\/\/e-ciftlik.com\/haberler\/spor\/veliefendi-hipodromunda-saat-17-15te-baslayacak-buyuk-kosu\/"},"author":{"name":"Haber Merkezi","@id":"https:\/\/e-ciftlik.com\/haberler\/#\/schema\/person\/d2f4fee3143d7f72be82cb887d51b00a"},"headline":"Veliefendi Hipodromu&#8217;nda saat 17.15&#8217;te ba\u015flayacak b\u00fcy\u00fck ko\u015fu","datePublished":"2024-06-29T22:40:37+00:00","mainEntityOfPage":{"@id":"http:\/\/e-ciftlik.com\/haberler\/spor\/veliefendi-hipodromunda-saat-17-15te-baslayacak-buyuk-kosu\/"},"wordCount":245,"commentCount":0,"publisher":{"@id":"https:\/\/e-ciftlik.com\/haberler\/#organization"},"image":{"@id":"http:\/\/e-ciftlik.com\/haberler\/spor\/veliefendi-hipodromunda-saat-17-15te-baslayacak-buyuk-kosu\/#primaryimage"},"thumbnailUrl":"http:\/\/e-ciftlik.com\/haberler\/wp-content\/uploads\/2024\/06\/1719700840_1200x628.jpeg","articleSection":["Spor"],"inLanguage":"tr","potentialAction":[{"@type":"CommentAction","name":"Comment","target":["http:\/\/e-ciftlik.com\/haberler\/spor\/veliefendi-hipodromunda-saat-17-15te-baslayacak-buyuk-kosu\/#respond"]}]},{"@type":"WebPage","@id":"http:\/\/e-ciftlik.com\/haberler\/spor\/veliefendi-hipodromunda-saat-17-15te-baslayacak-buyuk-kosu\/","url":"http:\/\/e-ciftlik.com\/haberler\/spor\/veliefendi-hipodromunda-saat-17-15te-baslayacak-buyuk-kosu\/","name":"Veliefendi Hipodromu'nda saat 17.15'te ba\u015flayacak b\u00fcy\u00fck ko\u015fu - E-&Ccedil;\u0130FTL\u0130K HABER","isPartOf":{"@id":"https:\/\/e-ciftlik.com\/haberler\/#website"},"primaryImageOfPage":{"@id":"http:\/\/e-ciftlik.com\/haberler\/spor\/veliefendi-hipodromunda-saat-17-15te-baslayacak-buyuk-kosu\/#primaryimage"},"image":{"@id":"http:\/\/e-ciftlik.com\/haberler\/spor\/veliefendi-hipodromunda-saat-17-15te-baslayacak-buyuk-kosu\/#primaryimage"},"thumbnailUrl":"http:\/\/e-ciftlik.com\/haberler\/wp-content\/uploads\/2024\/06\/1719700840_1200x628.jpeg","datePublished":"2024-06-29T22:40:37+00:00","description":"Veliefendi Hipodromu'nda d\u00fczenlenecek ko\u015fu, saat 17.15'te ba\u015flayacak. \u00dc\u00e7 ya\u015fl\u0131 safkan \u0130ngiliz atlar\u0131n kat\u0131laca\u011f\u0131 yar\u0131\u015f, 2 bin 400 metrelik \u00e7im pistte","breadcrumb":{"@id":"http:\/\/e-ciftlik.com\/haberler\/spor\/veliefendi-hipodromunda-saat-17-15te-baslayacak-buyuk-kosu\/#breadcrumb"},"inLanguage":"tr","potentialAction":[{"@type":"ReadAction","target":["http:\/\/e-ciftlik.com\/haberler\/spor\/veliefendi-hipodromunda-saat-17-15te-baslayacak-buyuk-kosu\/"]}]},{"@type":"ImageObject","inLanguage":"tr","@id":"http:\/\/e-ciftlik.com\/haberler\/spor\/veliefendi-hipodromunda-saat-17-15te-baslayacak-buyuk-kosu\/#primaryimage","url":"http:\/\/e-ciftlik.com\/haberler\/wp-content\/uploads\/2024\/06\/1719700840_1200x628.jpeg","contentUrl":"http:\/\/e-ciftlik.com\/haberler\/wp-content\/uploads\/2024\/06\/1719700840_1200x628.jpeg","width":1200,"height":628},{"@type":"BreadcrumbList","@id":"http:\/\/e-ciftlik.com\/haberler\/spor\/veliefendi-hipodromunda-saat-17-15te-baslayacak-buyuk-kosu\/#breadcrumb","itemListElement":[{"@type":"ListItem","position":1,"name":"Anasayfa","item":"https:\/\/e-ciftlik.com\/haberler\/"},{"@type":"ListItem","position":2,"name":"Veliefendi Hipodromu&#8217;nda saat 17.15&#8217;te ba\u015flayacak b\u00fcy\u00fck ko\u015fu"}]},{"@type":"WebSite","@id":"https:\/\/e-ciftlik.com\/haberler\/#website","url":"https:\/\/e-ciftlik.com\/haberler\/","name":"E-\u00c7iftlik Haber | G\u00fcncel, Son Dakika Haberler, En Son Haber","description":"","publisher":{"@id":"https:\/\/e-ciftlik.com\/haberler\/#organization"},"potentialAction":[{"@type":"SearchAction","target":{"@type":"EntryPoint","urlTemplate":"https:\/\/e-ciftlik.com\/haberler\/?s={search_term_string}"},"query-input":{"@type":"PropertyValueSpecification","valueRequired":true,"valueName":"search_term_string"}}],"inLanguage":"tr"},{"@type":"Organization","@id":"https:\/\/e-ciftlik.com\/haberler\/#organization","name":"E-\u00c7\u0130FTL\u0130K HABER","url":"https:\/\/e-ciftlik.com\/haberler\/","logo":{"@type":"ImageObject","inLanguage":"tr","@id":"https:\/\/e-ciftlik.com\/haberler\/#\/schema\/logo\/image\/","url":"http:\/\/e-ciftlik.com\/haberler\/wp-content\/uploads\/2024\/06\/cropped-cropped-favicon-1-2.png","contentUrl":"http:\/\/e-ciftlik.com\/haberler\/wp-content\/uploads\/2024\/06\/cropped-cropped-favicon-1-2.png","width":512,"height":512,"caption":"E-\u00c7\u0130FTL\u0130K HABER"},"image":{"@id":"https:\/\/e-ciftlik.com\/haberler\/#\/schema\/logo\/image\/"},"sameAs":["https:\/\/www.facebook.com\/eciftlikturkiye","https:\/\/x.com\/eciftlikresmi","https:\/\/www.instagram.com\/eciftlikresmi\/"]},{"@type":"Person","@id":"https:\/\/e-ciftlik.com\/haberler\/#\/schema\/person\/d2f4fee3143d7f72be82cb887d51b00a","name":"Haber Merkezi","image":{"@type":"ImageObject","inLanguage":"tr","@id":"https:\/\/secure.gravatar.com\/avatar\/6c27d641914e66c1d0452c92716002398782818991d86db1c2cccb531e7c7c82?s=96&d=mm&r=g","url":"https:\/\/secure.gravatar.com\/avatar\/6c27d641914e66c1d0452c92716002398782818991d86db1c2cccb531e7c7c82?s=96&d=mm&r=g","contentUrl":"https:\/\/secure.gravatar.com\/avatar\/6c27d641914e66c1d0452c92716002398782818991d86db1c2cccb531e7c7c82?s=96&d=mm&r=g","caption":"Haber Merkezi"},"sameAs":["http:\/\/e-ciftlik.com\/haberler"]}]}},"_links":{"self":[{"href":"http:\/\/e-ciftlik.com\/haberler\/wp-json\/wp\/v2\/posts\/8066","targetHints":{"allow":["GET"]}}],"collection":[{"href":"http:\/\/e-ciftlik.com\/haberler\/wp-json\/wp\/v2\/posts"}],"about":[{"href":"http:\/\/e-ciftlik.com\/haberler\/wp-json\/wp\/v2\/types\/post"}],"author":[{"embeddable":true,"href":"http:\/\/e-ciftlik.com\/haberler\/wp-json\/wp\/v2\/users\/1"}],"replies":[{"embeddable":true,"href":"http:\/\/e-ciftlik.com\/haberler\/wp-json\/wp\/v2\/comments?post=8066"}],"version-history":[{"count":0,"href":"http:\/\/e-ciftlik.com\/haberler\/wp-json\/wp\/v2\/posts\/8066\/revisions"}],"wp:featuredmedia":[{"embeddable":true,"href":"http:\/\/e-ciftlik.com\/haberler\/wp-json\/wp\/v2\/media\/8067"}],"wp:attachment":[{"href":"http:\/\/e-ciftlik.com\/haberler\/wp-json\/wp\/v2\/media?parent=8066"}],"wp:term":[{"taxonomy":"category","embeddable":true,"href":"http:\/\/e-ciftlik.com\/haberler\/wp-json\/wp\/v2\/categories?post=8066"},{"taxonomy":"post_tag","embeddable":true,"href":"http:\/\/e-ciftlik.com\/haberler\/wp-json\/wp\/v2\/tags?post=8066"}],"curies":[{"name":"wp","href":"https:\/\/api.w.org\/{rel}","templated":true}]}}