{"id":8098,"date":"2024-06-29T10:29:00","date_gmt":"2024-06-29T10:29:00","guid":{"rendered":"https:\/\/e-ciftlik.com\/haberler\/tarim\/aksarayda-mevsimlik-tarim-iscilerine-sinema-keyfi\/"},"modified":"2024-06-29T10:29:00","modified_gmt":"2024-06-29T10:29:00","slug":"aksarayda-mevsimlik-tarim-iscilerine-sinema-keyfi","status":"publish","type":"post","link":"http:\/\/e-ciftlik.com\/haberler\/tarim\/aksarayda-mevsimlik-tarim-iscilerine-sinema-keyfi\/","title":{"rendered":"Aksaray&#8217;da Mevsimlik Tar\u0131m \u0130\u015f\u00e7ilerine Sinema Keyfi"},"content":{"rendered":"<p>Aksaray&#8217;da Tar\u0131m \u0130\u015f\u00e7ilerine \u00d6zel \u00c7ad\u0131rda Sinema Keyfi<\/p>\n<p>Aksaray&#8217;a gelen tar\u0131m i\u015f\u00e7ileri, tar\u0131m arazilerinde \u00e7al\u0131\u015fmak i\u00e7in \u00f6zel olarak haz\u0131rlanan \u00e7ad\u0131rda sinema keyfi ya\u015fad\u0131. \u015eanl\u0131urfal\u0131 mevsimlik tar\u0131m i\u015f\u00e7ileri, n\u00fcfusunun y\u00fczde 80&#8217;inin tar\u0131m ve hayvanc\u0131l\u0131ktan ge\u00e7imini sa\u011flad\u0131\u011f\u0131 Aksaray&#8217;a geldi. Sultanhan\u0131 Kaymakaml\u0131\u011f\u0131 taraf\u0131ndan d\u00fczenlenen \u00f6zel program kapsam\u0131nda Sultanhan\u0131 \u0130l\u00e7e Kaymakam\u0131 Abdullah Meliko\u011flu, mevsimlik tar\u0131m i\u015f\u00e7ilerini ziyaret ederek onlar\u0131n sorunlar\u0131n\u0131 ve ihtiya\u00e7lar\u0131n\u0131 yerinde dinledi. Ziyaret s\u0131ras\u0131nda kurum m\u00fcd\u00fcrleri de haz\u0131r bulundu ve \u00e7ad\u0131rlarda ya\u015fayan vatanda\u015flarla samimi bir sohbet ger\u00e7ekle\u015ftirildi.<\/p>\n<p>Kaymakam Meliko\u011flu, mevsimlik tar\u0131m i\u015f\u00e7ilerinin zorlu \u015fartlar alt\u0131nda \u00e7al\u0131\u015ft\u0131\u011f\u0131n\u0131 belirterek, &#8220;Devlet olarak onlar\u0131n yan\u0131nday\u0131z ve her t\u00fcrl\u00fc deste\u011fi sa\u011flamak i\u00e7in buraday\u0131z&#8221; dedi. Tar\u0131m i\u015f\u00e7ilerinin ya\u015fam \u015fartlar\u0131 hakk\u0131nda bilgi alan Meliko\u011flu, \u00e7\u00f6z\u00fcm \u00f6nerilerini de\u011ferlendirdi. Ard\u0131ndan \u00e7ocuklara y\u00f6nelik sinema etkinli\u011fi d\u00fczenlendi ve \u00e7ocuklar a\u00e7\u0131k hava sinemas\u0131nda film izleme keyfi ya\u015fad\u0131. \u00c7ocuklar\u0131n mutlulu\u011fu y\u00fczlerinden okunurken, etkinlik hem i\u015f\u00e7i aileleri hem de organizasyon ekibi taraf\u0131ndan b\u00fcy\u00fck takdir toplad\u0131.<\/p>\n<p>Program, \u00e7ocuklara da\u011f\u0131t\u0131lan hediyeler ve yap\u0131lan ikramlarla sona erdi. Kaymakam Meliko\u011flu ve beraberindeki heyet, tar\u0131m i\u015f\u00e7ilerine y\u00f6nelik hizmetlerin artarak devam edece\u011fini belirtti. &#8211; AKSARAY<\/p>\n<p>Kaynak: \u0130hlas Haber Ajans\u0131 \/ Yerel<\/p>\n<p>Sultanhan\u0131, Aksaray, Etkinlikler, Tar\u0131m, Yerel, Ya\u015fam, G\u00fcncel, Haberler<\/p>\n","protected":false},"excerpt":{"rendered":"<p>Aksaray&#8217;da Tar\u0131m \u0130\u015f\u00e7ilerine \u00d6zel \u00c7ad\u0131rda Sinema Keyfi Aksaray&#8217;a gelen tar\u0131m i\u015f\u00e7ileri, tar\u0131m arazilerinde \u00e7al\u0131\u015fmak i\u00e7in&hellip;<\/p>\n","protected":false},"author":1,"featured_media":8099,"comment_status":"open","ping_status":"open","sticky":false,"template":"","format":"standard","meta":{"footnotes":""},"categories":[9],"tags":[],"class_list":["post-8098","post","type-post","status-publish","format-standard","has-post-thumbnail","hentry","category-tarim"],"yoast_head":"<!-- This site is optimized with the Yoast SEO Premium plugin v24.3 (Yoast SEO v27.4) - https:\/\/yoast.com\/product\/yoast-seo-premium-wordpress\/ -->\n<title>Aksaray&#039;da Mevsimlik Tar\u0131m \u0130\u015f\u00e7ilerine Sinema Keyfi - E-&Ccedil;\u0130FTL\u0130K HABER<\/title>\n<meta name=\"description\" content=\"Aksaray&#039;da Tar\u0131m \u0130\u015f\u00e7ilerine \u00d6zel \u00c7ad\u0131rda Sinema Keyfi Aksaray&#039;a gelen tar\u0131m i\u015f\u00e7ileri, tar\u0131m arazilerinde \u00e7al\u0131\u015fmak i\u00e7in \u00f6zel olarak haz\u0131rlanan \u00e7ad\u0131rda\" \/>\n<meta name=\"robots\" content=\"index, follow, max-snippet:-1, max-image-preview:large, max-video-preview:-1\" \/>\n<link rel=\"canonical\" href=\"http:\/\/e-ciftlik.com\/haberler\/tarim\/aksarayda-mevsimlik-tarim-iscilerine-sinema-keyfi\/\" \/>\n<meta property=\"og:locale\" content=\"tr_TR\" \/>\n<meta property=\"og:type\" content=\"article\" \/>\n<meta property=\"og:title\" content=\"Aksaray&#039;da Mevsimlik Tar\u0131m \u0130\u015f\u00e7ilerine Sinema Keyfi\" \/>\n<meta property=\"og:description\" content=\"Aksaray&#039;da Tar\u0131m \u0130\u015f\u00e7ilerine \u00d6zel \u00c7ad\u0131rda Sinema Keyfi Aksaray&#039;a gelen tar\u0131m i\u015f\u00e7ileri, tar\u0131m arazilerinde \u00e7al\u0131\u015fmak i\u00e7in \u00f6zel olarak haz\u0131rlanan \u00e7ad\u0131rda\" \/>\n<meta property=\"og:url\" content=\"http:\/\/e-ciftlik.com\/haberler\/tarim\/aksarayda-mevsimlik-tarim-iscilerine-sinema-keyfi\/\" \/>\n<meta property=\"og:site_name\" content=\"E-&Ccedil;\u0130FTL\u0130K HABER\" \/>\n<meta property=\"article:publisher\" content=\"https:\/\/www.facebook.com\/eciftlikturkiye\" \/>\n<meta property=\"article:published_time\" content=\"2024-06-29T10:29:00+00:00\" \/>\n<meta property=\"og:image\" content=\"http:\/\/e-ciftlik.com\/haberler\/wp-content\/uploads\/2024\/06\/aksaray-da-mevsimlik-tarim-iscilerinin-cadird-17470547_amp.jpg\" \/>\n\t<meta property=\"og:image:width\" content=\"1200\" \/>\n\t<meta property=\"og:image:height\" content=\"799\" \/>\n\t<meta property=\"og:image:type\" content=\"image\/jpeg\" \/>\n<meta name=\"author\" content=\"Haber Merkezi\" \/>\n<meta name=\"twitter:card\" content=\"summary_large_image\" \/>\n<meta name=\"twitter:creator\" content=\"@eciftlikresmi\" \/>\n<meta name=\"twitter:site\" content=\"@eciftlikresmi\" \/>\n<meta name=\"twitter:label1\" content=\"Yazan:\" \/>\n\t<meta name=\"twitter:data1\" content=\"Haber Merkezi\" \/>\n\t<meta name=\"twitter:label2\" content=\"Tahmini okuma s\u00fcresi\" \/>\n\t<meta name=\"twitter:data2\" content=\"1 dakika\" \/>\n<script type=\"application\/ld+json\" class=\"yoast-schema-graph\">{\"@context\":\"https:\\\/\\\/schema.org\",\"@graph\":[{\"@type\":\"NewsArticle\",\"@id\":\"http:\\\/\\\/e-ciftlik.com\\\/haberler\\\/tarim\\\/aksarayda-mevsimlik-tarim-iscilerine-sinema-keyfi\\\/#article\",\"isPartOf\":{\"@id\":\"http:\\\/\\\/e-ciftlik.com\\\/haberler\\\/tarim\\\/aksarayda-mevsimlik-tarim-iscilerine-sinema-keyfi\\\/\"},\"author\":{\"name\":\"Haber Merkezi\",\"@id\":\"https:\\\/\\\/e-ciftlik.com\\\/haberler\\\/#\\\/schema\\\/person\\\/d2f4fee3143d7f72be82cb887d51b00a\"},\"headline\":\"Aksaray&#8217;da Mevsimlik Tar\u0131m \u0130\u015f\u00e7ilerine Sinema Keyfi\",\"datePublished\":\"2024-06-29T10:29:00+00:00\",\"mainEntityOfPage\":{\"@id\":\"http:\\\/\\\/e-ciftlik.com\\\/haberler\\\/tarim\\\/aksarayda-mevsimlik-tarim-iscilerine-sinema-keyfi\\\/\"},\"wordCount\":273,\"commentCount\":0,\"publisher\":{\"@id\":\"https:\\\/\\\/e-ciftlik.com\\\/haberler\\\/#organization\"},\"image\":{\"@id\":\"http:\\\/\\\/e-ciftlik.com\\\/haberler\\\/tarim\\\/aksarayda-mevsimlik-tarim-iscilerine-sinema-keyfi\\\/#primaryimage\"},\"thumbnailUrl\":\"http:\\\/\\\/e-ciftlik.com\\\/haberler\\\/wp-content\\\/uploads\\\/2024\\\/06\\\/aksaray-da-mevsimlik-tarim-iscilerinin-cadird-17470547_amp.jpg\",\"articleSection\":[\"Tar\u0131m\"],\"inLanguage\":\"tr\",\"potentialAction\":[{\"@type\":\"CommentAction\",\"name\":\"Comment\",\"target\":[\"http:\\\/\\\/e-ciftlik.com\\\/haberler\\\/tarim\\\/aksarayda-mevsimlik-tarim-iscilerine-sinema-keyfi\\\/#respond\"]}]},{\"@type\":\"WebPage\",\"@id\":\"http:\\\/\\\/e-ciftlik.com\\\/haberler\\\/tarim\\\/aksarayda-mevsimlik-tarim-iscilerine-sinema-keyfi\\\/\",\"url\":\"http:\\\/\\\/e-ciftlik.com\\\/haberler\\\/tarim\\\/aksarayda-mevsimlik-tarim-iscilerine-sinema-keyfi\\\/\",\"name\":\"Aksaray'da Mevsimlik Tar\u0131m \u0130\u015f\u00e7ilerine Sinema Keyfi - E-&Ccedil;\u0130FTL\u0130K HABER\",\"isPartOf\":{\"@id\":\"https:\\\/\\\/e-ciftlik.com\\\/haberler\\\/#website\"},\"primaryImageOfPage\":{\"@id\":\"http:\\\/\\\/e-ciftlik.com\\\/haberler\\\/tarim\\\/aksarayda-mevsimlik-tarim-iscilerine-sinema-keyfi\\\/#primaryimage\"},\"image\":{\"@id\":\"http:\\\/\\\/e-ciftlik.com\\\/haberler\\\/tarim\\\/aksarayda-mevsimlik-tarim-iscilerine-sinema-keyfi\\\/#primaryimage\"},\"thumbnailUrl\":\"http:\\\/\\\/e-ciftlik.com\\\/haberler\\\/wp-content\\\/uploads\\\/2024\\\/06\\\/aksaray-da-mevsimlik-tarim-iscilerinin-cadird-17470547_amp.jpg\",\"datePublished\":\"2024-06-29T10:29:00+00:00\",\"description\":\"Aksaray'da Tar\u0131m \u0130\u015f\u00e7ilerine \u00d6zel \u00c7ad\u0131rda Sinema Keyfi Aksaray'a gelen tar\u0131m i\u015f\u00e7ileri, tar\u0131m arazilerinde \u00e7al\u0131\u015fmak i\u00e7in \u00f6zel olarak haz\u0131rlanan \u00e7ad\u0131rda\",\"breadcrumb\":{\"@id\":\"http:\\\/\\\/e-ciftlik.com\\\/haberler\\\/tarim\\\/aksarayda-mevsimlik-tarim-iscilerine-sinema-keyfi\\\/#breadcrumb\"},\"inLanguage\":\"tr\",\"potentialAction\":[{\"@type\":\"ReadAction\",\"target\":[\"http:\\\/\\\/e-ciftlik.com\\\/haberler\\\/tarim\\\/aksarayda-mevsimlik-tarim-iscilerine-sinema-keyfi\\\/\"]}]},{\"@type\":\"ImageObject\",\"inLanguage\":\"tr\",\"@id\":\"http:\\\/\\\/e-ciftlik.com\\\/haberler\\\/tarim\\\/aksarayda-mevsimlik-tarim-iscilerine-sinema-keyfi\\\/#primaryimage\",\"url\":\"http:\\\/\\\/e-ciftlik.com\\\/haberler\\\/wp-content\\\/uploads\\\/2024\\\/06\\\/aksaray-da-mevsimlik-tarim-iscilerinin-cadird-17470547_amp.jpg\",\"contentUrl\":\"http:\\\/\\\/e-ciftlik.com\\\/haberler\\\/wp-content\\\/uploads\\\/2024\\\/06\\\/aksaray-da-mevsimlik-tarim-iscilerinin-cadird-17470547_amp.jpg\",\"width\":1200,\"height\":799},{\"@type\":\"BreadcrumbList\",\"@id\":\"http:\\\/\\\/e-ciftlik.com\\\/haberler\\\/tarim\\\/aksarayda-mevsimlik-tarim-iscilerine-sinema-keyfi\\\/#breadcrumb\",\"itemListElement\":[{\"@type\":\"ListItem\",\"position\":1,\"name\":\"Anasayfa\",\"item\":\"https:\\\/\\\/e-ciftlik.com\\\/haberler\\\/\"},{\"@type\":\"ListItem\",\"position\":2,\"name\":\"Aksaray&#8217;da Mevsimlik Tar\u0131m \u0130\u015f\u00e7ilerine Sinema Keyfi\"}]},{\"@type\":\"WebSite\",\"@id\":\"https:\\\/\\\/e-ciftlik.com\\\/haberler\\\/#website\",\"url\":\"https:\\\/\\\/e-ciftlik.com\\\/haberler\\\/\",\"name\":\"E-\u00c7iftlik Haber | G\u00fcncel, Son Dakika Haberler, En Son Haber\",\"description\":\"\",\"publisher\":{\"@id\":\"https:\\\/\\\/e-ciftlik.com\\\/haberler\\\/#organization\"},\"potentialAction\":[{\"@type\":\"SearchAction\",\"target\":{\"@type\":\"EntryPoint\",\"urlTemplate\":\"https:\\\/\\\/e-ciftlik.com\\\/haberler\\\/?s={search_term_string}\"},\"query-input\":{\"@type\":\"PropertyValueSpecification\",\"valueRequired\":true,\"valueName\":\"search_term_string\"}}],\"inLanguage\":\"tr\"},{\"@type\":\"Organization\",\"@id\":\"https:\\\/\\\/e-ciftlik.com\\\/haberler\\\/#organization\",\"name\":\"E-\u00c7\u0130FTL\u0130K HABER\",\"url\":\"https:\\\/\\\/e-ciftlik.com\\\/haberler\\\/\",\"logo\":{\"@type\":\"ImageObject\",\"inLanguage\":\"tr\",\"@id\":\"https:\\\/\\\/e-ciftlik.com\\\/haberler\\\/#\\\/schema\\\/logo\\\/image\\\/\",\"url\":\"http:\\\/\\\/e-ciftlik.com\\\/haberler\\\/wp-content\\\/uploads\\\/2024\\\/06\\\/cropped-cropped-favicon-1-2.png\",\"contentUrl\":\"http:\\\/\\\/e-ciftlik.com\\\/haberler\\\/wp-content\\\/uploads\\\/2024\\\/06\\\/cropped-cropped-favicon-1-2.png\",\"width\":512,\"height\":512,\"caption\":\"E-\u00c7\u0130FTL\u0130K HABER\"},\"image\":{\"@id\":\"https:\\\/\\\/e-ciftlik.com\\\/haberler\\\/#\\\/schema\\\/logo\\\/image\\\/\"},\"sameAs\":[\"https:\\\/\\\/www.facebook.com\\\/eciftlikturkiye\",\"https:\\\/\\\/x.com\\\/eciftlikresmi\",\"https:\\\/\\\/www.instagram.com\\\/eciftlikresmi\\\/\"]},{\"@type\":\"Person\",\"@id\":\"https:\\\/\\\/e-ciftlik.com\\\/haberler\\\/#\\\/schema\\\/person\\\/d2f4fee3143d7f72be82cb887d51b00a\",\"name\":\"Haber Merkezi\",\"image\":{\"@type\":\"ImageObject\",\"inLanguage\":\"tr\",\"@id\":\"https:\\\/\\\/secure.gravatar.com\\\/avatar\\\/6c27d641914e66c1d0452c92716002398782818991d86db1c2cccb531e7c7c82?s=96&d=mm&r=g\",\"url\":\"https:\\\/\\\/secure.gravatar.com\\\/avatar\\\/6c27d641914e66c1d0452c92716002398782818991d86db1c2cccb531e7c7c82?s=96&d=mm&r=g\",\"contentUrl\":\"https:\\\/\\\/secure.gravatar.com\\\/avatar\\\/6c27d641914e66c1d0452c92716002398782818991d86db1c2cccb531e7c7c82?s=96&d=mm&r=g\",\"caption\":\"Haber Merkezi\"},\"sameAs\":[\"http:\\\/\\\/e-ciftlik.com\\\/haberler\"]}]}<\/script>\n<!-- \/ Yoast SEO Premium plugin. -->","yoast_head_json":{"title":"Aksaray'da Mevsimlik Tar\u0131m \u0130\u015f\u00e7ilerine Sinema Keyfi - E-&Ccedil;\u0130FTL\u0130K HABER","description":"Aksaray'da Tar\u0131m \u0130\u015f\u00e7ilerine \u00d6zel \u00c7ad\u0131rda Sinema Keyfi Aksaray'a gelen tar\u0131m i\u015f\u00e7ileri, tar\u0131m arazilerinde \u00e7al\u0131\u015fmak i\u00e7in \u00f6zel olarak haz\u0131rlanan \u00e7ad\u0131rda","robots":{"index":"index","follow":"follow","max-snippet":"max-snippet:-1","max-image-preview":"max-image-preview:large","max-video-preview":"max-video-preview:-1"},"canonical":"http:\/\/e-ciftlik.com\/haberler\/tarim\/aksarayda-mevsimlik-tarim-iscilerine-sinema-keyfi\/","og_locale":"tr_TR","og_type":"article","og_title":"Aksaray'da Mevsimlik Tar\u0131m \u0130\u015f\u00e7ilerine Sinema Keyfi","og_description":"Aksaray'da Tar\u0131m \u0130\u015f\u00e7ilerine \u00d6zel \u00c7ad\u0131rda Sinema Keyfi Aksaray'a gelen tar\u0131m i\u015f\u00e7ileri, tar\u0131m arazilerinde \u00e7al\u0131\u015fmak i\u00e7in \u00f6zel olarak haz\u0131rlanan \u00e7ad\u0131rda","og_url":"http:\/\/e-ciftlik.com\/haberler\/tarim\/aksarayda-mevsimlik-tarim-iscilerine-sinema-keyfi\/","og_site_name":"E-&Ccedil;\u0130FTL\u0130K HABER","article_publisher":"https:\/\/www.facebook.com\/eciftlikturkiye","article_published_time":"2024-06-29T10:29:00+00:00","og_image":[{"width":1200,"height":799,"url":"http:\/\/e-ciftlik.com\/haberler\/wp-content\/uploads\/2024\/06\/aksaray-da-mevsimlik-tarim-iscilerinin-cadird-17470547_amp.jpg","type":"image\/jpeg"}],"author":"Haber Merkezi","twitter_card":"summary_large_image","twitter_creator":"@eciftlikresmi","twitter_site":"@eciftlikresmi","twitter_misc":{"Yazan:":"Haber Merkezi","Tahmini okuma s\u00fcresi":"1 dakika"},"schema":{"@context":"https:\/\/schema.org","@graph":[{"@type":"NewsArticle","@id":"http:\/\/e-ciftlik.com\/haberler\/tarim\/aksarayda-mevsimlik-tarim-iscilerine-sinema-keyfi\/#article","isPartOf":{"@id":"http:\/\/e-ciftlik.com\/haberler\/tarim\/aksarayda-mevsimlik-tarim-iscilerine-sinema-keyfi\/"},"author":{"name":"Haber Merkezi","@id":"https:\/\/e-ciftlik.com\/haberler\/#\/schema\/person\/d2f4fee3143d7f72be82cb887d51b00a"},"headline":"Aksaray&#8217;da Mevsimlik Tar\u0131m \u0130\u015f\u00e7ilerine Sinema Keyfi","datePublished":"2024-06-29T10:29:00+00:00","mainEntityOfPage":{"@id":"http:\/\/e-ciftlik.com\/haberler\/tarim\/aksarayda-mevsimlik-tarim-iscilerine-sinema-keyfi\/"},"wordCount":273,"commentCount":0,"publisher":{"@id":"https:\/\/e-ciftlik.com\/haberler\/#organization"},"image":{"@id":"http:\/\/e-ciftlik.com\/haberler\/tarim\/aksarayda-mevsimlik-tarim-iscilerine-sinema-keyfi\/#primaryimage"},"thumbnailUrl":"http:\/\/e-ciftlik.com\/haberler\/wp-content\/uploads\/2024\/06\/aksaray-da-mevsimlik-tarim-iscilerinin-cadird-17470547_amp.jpg","articleSection":["Tar\u0131m"],"inLanguage":"tr","potentialAction":[{"@type":"CommentAction","name":"Comment","target":["http:\/\/e-ciftlik.com\/haberler\/tarim\/aksarayda-mevsimlik-tarim-iscilerine-sinema-keyfi\/#respond"]}]},{"@type":"WebPage","@id":"http:\/\/e-ciftlik.com\/haberler\/tarim\/aksarayda-mevsimlik-tarim-iscilerine-sinema-keyfi\/","url":"http:\/\/e-ciftlik.com\/haberler\/tarim\/aksarayda-mevsimlik-tarim-iscilerine-sinema-keyfi\/","name":"Aksaray'da Mevsimlik Tar\u0131m \u0130\u015f\u00e7ilerine Sinema Keyfi - E-&Ccedil;\u0130FTL\u0130K HABER","isPartOf":{"@id":"https:\/\/e-ciftlik.com\/haberler\/#website"},"primaryImageOfPage":{"@id":"http:\/\/e-ciftlik.com\/haberler\/tarim\/aksarayda-mevsimlik-tarim-iscilerine-sinema-keyfi\/#primaryimage"},"image":{"@id":"http:\/\/e-ciftlik.com\/haberler\/tarim\/aksarayda-mevsimlik-tarim-iscilerine-sinema-keyfi\/#primaryimage"},"thumbnailUrl":"http:\/\/e-ciftlik.com\/haberler\/wp-content\/uploads\/2024\/06\/aksaray-da-mevsimlik-tarim-iscilerinin-cadird-17470547_amp.jpg","datePublished":"2024-06-29T10:29:00+00:00","description":"Aksaray'da Tar\u0131m \u0130\u015f\u00e7ilerine \u00d6zel \u00c7ad\u0131rda Sinema Keyfi Aksaray'a gelen tar\u0131m i\u015f\u00e7ileri, tar\u0131m arazilerinde \u00e7al\u0131\u015fmak i\u00e7in \u00f6zel olarak haz\u0131rlanan \u00e7ad\u0131rda","breadcrumb":{"@id":"http:\/\/e-ciftlik.com\/haberler\/tarim\/aksarayda-mevsimlik-tarim-iscilerine-sinema-keyfi\/#breadcrumb"},"inLanguage":"tr","potentialAction":[{"@type":"ReadAction","target":["http:\/\/e-ciftlik.com\/haberler\/tarim\/aksarayda-mevsimlik-tarim-iscilerine-sinema-keyfi\/"]}]},{"@type":"ImageObject","inLanguage":"tr","@id":"http:\/\/e-ciftlik.com\/haberler\/tarim\/aksarayda-mevsimlik-tarim-iscilerine-sinema-keyfi\/#primaryimage","url":"http:\/\/e-ciftlik.com\/haberler\/wp-content\/uploads\/2024\/06\/aksaray-da-mevsimlik-tarim-iscilerinin-cadird-17470547_amp.jpg","contentUrl":"http:\/\/e-ciftlik.com\/haberler\/wp-content\/uploads\/2024\/06\/aksaray-da-mevsimlik-tarim-iscilerinin-cadird-17470547_amp.jpg","width":1200,"height":799},{"@type":"BreadcrumbList","@id":"http:\/\/e-ciftlik.com\/haberler\/tarim\/aksarayda-mevsimlik-tarim-iscilerine-sinema-keyfi\/#breadcrumb","itemListElement":[{"@type":"ListItem","position":1,"name":"Anasayfa","item":"https:\/\/e-ciftlik.com\/haberler\/"},{"@type":"ListItem","position":2,"name":"Aksaray&#8217;da Mevsimlik Tar\u0131m \u0130\u015f\u00e7ilerine Sinema Keyfi"}]},{"@type":"WebSite","@id":"https:\/\/e-ciftlik.com\/haberler\/#website","url":"https:\/\/e-ciftlik.com\/haberler\/","name":"E-\u00c7iftlik Haber | G\u00fcncel, Son Dakika Haberler, En Son Haber","description":"","publisher":{"@id":"https:\/\/e-ciftlik.com\/haberler\/#organization"},"potentialAction":[{"@type":"SearchAction","target":{"@type":"EntryPoint","urlTemplate":"https:\/\/e-ciftlik.com\/haberler\/?s={search_term_string}"},"query-input":{"@type":"PropertyValueSpecification","valueRequired":true,"valueName":"search_term_string"}}],"inLanguage":"tr"},{"@type":"Organization","@id":"https:\/\/e-ciftlik.com\/haberler\/#organization","name":"E-\u00c7\u0130FTL\u0130K HABER","url":"https:\/\/e-ciftlik.com\/haberler\/","logo":{"@type":"ImageObject","inLanguage":"tr","@id":"https:\/\/e-ciftlik.com\/haberler\/#\/schema\/logo\/image\/","url":"http:\/\/e-ciftlik.com\/haberler\/wp-content\/uploads\/2024\/06\/cropped-cropped-favicon-1-2.png","contentUrl":"http:\/\/e-ciftlik.com\/haberler\/wp-content\/uploads\/2024\/06\/cropped-cropped-favicon-1-2.png","width":512,"height":512,"caption":"E-\u00c7\u0130FTL\u0130K HABER"},"image":{"@id":"https:\/\/e-ciftlik.com\/haberler\/#\/schema\/logo\/image\/"},"sameAs":["https:\/\/www.facebook.com\/eciftlikturkiye","https:\/\/x.com\/eciftlikresmi","https:\/\/www.instagram.com\/eciftlikresmi\/"]},{"@type":"Person","@id":"https:\/\/e-ciftlik.com\/haberler\/#\/schema\/person\/d2f4fee3143d7f72be82cb887d51b00a","name":"Haber Merkezi","image":{"@type":"ImageObject","inLanguage":"tr","@id":"https:\/\/secure.gravatar.com\/avatar\/6c27d641914e66c1d0452c92716002398782818991d86db1c2cccb531e7c7c82?s=96&d=mm&r=g","url":"https:\/\/secure.gravatar.com\/avatar\/6c27d641914e66c1d0452c92716002398782818991d86db1c2cccb531e7c7c82?s=96&d=mm&r=g","contentUrl":"https:\/\/secure.gravatar.com\/avatar\/6c27d641914e66c1d0452c92716002398782818991d86db1c2cccb531e7c7c82?s=96&d=mm&r=g","caption":"Haber Merkezi"},"sameAs":["http:\/\/e-ciftlik.com\/haberler"]}]}},"_links":{"self":[{"href":"http:\/\/e-ciftlik.com\/haberler\/wp-json\/wp\/v2\/posts\/8098","targetHints":{"allow":["GET"]}}],"collection":[{"href":"http:\/\/e-ciftlik.com\/haberler\/wp-json\/wp\/v2\/posts"}],"about":[{"href":"http:\/\/e-ciftlik.com\/haberler\/wp-json\/wp\/v2\/types\/post"}],"author":[{"embeddable":true,"href":"http:\/\/e-ciftlik.com\/haberler\/wp-json\/wp\/v2\/users\/1"}],"replies":[{"embeddable":true,"href":"http:\/\/e-ciftlik.com\/haberler\/wp-json\/wp\/v2\/comments?post=8098"}],"version-history":[{"count":0,"href":"http:\/\/e-ciftlik.com\/haberler\/wp-json\/wp\/v2\/posts\/8098\/revisions"}],"wp:featuredmedia":[{"embeddable":true,"href":"http:\/\/e-ciftlik.com\/haberler\/wp-json\/wp\/v2\/media\/8099"}],"wp:attachment":[{"href":"http:\/\/e-ciftlik.com\/haberler\/wp-json\/wp\/v2\/media?parent=8098"}],"wp:term":[{"taxonomy":"category","embeddable":true,"href":"http:\/\/e-ciftlik.com\/haberler\/wp-json\/wp\/v2\/categories?post=8098"},{"taxonomy":"post_tag","embeddable":true,"href":"http:\/\/e-ciftlik.com\/haberler\/wp-json\/wp\/v2\/tags?post=8098"}],"curies":[{"name":"wp","href":"https:\/\/api.w.org\/{rel}","templated":true}]}}