{"id":8100,"date":"2024-06-30T07:48:40","date_gmt":"2024-06-30T07:48:40","guid":{"rendered":"https:\/\/e-ciftlik.com\/haberler\/seyahat\/umay-nine-turk-mitolojisinin-guclu-figuru\/"},"modified":"2024-06-30T07:48:40","modified_gmt":"2024-06-30T07:48:40","slug":"umay-nine-turk-mitolojisinin-guclu-figuru","status":"publish","type":"post","link":"http:\/\/e-ciftlik.com\/haberler\/seyahat\/umay-nine-turk-mitolojisinin-guclu-figuru\/","title":{"rendered":"Umay Nine: T\u00fcrk Mitolojisinin G\u00fc\u00e7l\u00fc Fig\u00fcr\u00fc"},"content":{"rendered":"<p>Umay Anan\u0131n \u00d6nemi T\u00fcrk Mitolojisinde Vurgulanmaktad\u0131r<\/p>\n<p>\u2018Umay\u2019 ad\u0131, Orhun Yaz\u0131tlar\u0131 ve D\u00eev\u00e2nu Lug\u00e2ti&#8217;t-T\u00fcrk gibi eski T\u00fcrk metinlerinde ilk defa yer alm\u0131\u015ft\u0131r ve bu metinler Umay Anan\u0131n \u00f6nemini belirtmektedir. T\u00fcrk boylar\u0131n\u0131n inan\u00e7 sistemlerinde ad\u0131n\u0131n s\u0131k s\u0131k ge\u00e7mesi, Umay Anan\u0131n \u00f6nemini daha da vurgular. \u00d6rne\u011fin, Sagaylar, Umay Nine&#8217;ye anal\u0131k niteli\u011fi atfederken di\u011fer T\u00fcrk topluluklar\u0131 ise onun kad\u0131nlara do\u011fum s\u0131ras\u0131nda destek oldu\u011funa inan\u0131r.<\/p>\n<p>Umay Nine, g\u00fcn\u00fcm\u00fczde de hala b\u00fcy\u00fck bir \u00f6neme sahiptir. Teos \u00d6renyeri\u2019ndeki zeytin a\u011fac\u0131, bir\u00e7ok ziyaret\u00e7i i\u00e7in cesaret, destek ve huzur kayna\u011f\u0131 olman\u0131n yan\u0131 s\u0131ra \u00e7ocuk bekleyen anne adaylar\u0131 i\u00e7in de sa\u011flam bir anne sevgisi ve koruyuculu\u011fun somut bir g\u00f6stergesidir.<\/p>\n<p>Umay ve do\u011fa aras\u0131ndaki ili\u015fki sadece bir Umay Nine fig\u00fcr\u00fcyle s\u0131n\u0131rl\u0131 de\u011fildir elbette. T\u00fcrk mitolojisindeki Umay anlat\u0131s\u0131nda bir ikili vard\u0131r: Umay ya\u015fam\u0131 ve iyili\u011fi, Kara Umay ise \u00f6l\u00fcm\u00fc ve karanl\u0131\u011f\u0131 sembolize eder. Bu iki Umay fig\u00fcr\u00fc, hayat\u0131n d\u00f6ng\u00fcselli\u011fini bize g\u00f6sterir, yani do\u011fum ve \u00f6l\u00fcm\u00fcn ayn\u0131 madalyonun iki farkl\u0131 y\u00fcz\u00fc oldu\u011funu hat\u0131rlat\u0131r. Uzun y\u0131llara dayanan insanl\u0131k tarihine tan\u0131kl\u0131k etmi\u015f bu eski anlat\u0131 ve onun sessiz temsilcisi Umay Ana, do\u011fan\u0131n asl\u0131nda bir hediye oldu\u011funu bize hat\u0131rlat\u0131r. Bu g\u00fczellikleri koruyarak, gelecek nesillerin de ayn\u0131 hayranl\u0131k, merak ve g\u00fcvende hissetmelerini sa\u011flamak \u00e7ok \u00f6nemlidir.<\/p>\n","protected":false},"excerpt":{"rendered":"<p>Umay Anan\u0131n \u00d6nemi T\u00fcrk Mitolojisinde Vurgulanmaktad\u0131r \u2018Umay\u2019 ad\u0131, Orhun Yaz\u0131tlar\u0131 ve D\u00eev\u00e2nu Lug\u00e2ti&#8217;t-T\u00fcrk gibi eski&hellip;<\/p>\n","protected":false},"author":1,"featured_media":8101,"comment_status":"open","ping_status":"open","sticky":false,"template":"","format":"standard","meta":{"footnotes":""},"categories":[14],"tags":[],"class_list":["post-8100","post","type-post","status-publish","format-standard","has-post-thumbnail","hentry","category-seyahat"],"yoast_head":"<!-- This site is optimized with the Yoast SEO Premium plugin v24.3 (Yoast SEO v27.4) - https:\/\/yoast.com\/product\/yoast-seo-premium-wordpress\/ -->\n<title>Umay Nine: T\u00fcrk Mitolojisinin G\u00fc\u00e7l\u00fc Fig\u00fcr\u00fc - E-&Ccedil;\u0130FTL\u0130K HABER<\/title>\n<meta name=\"description\" content=\"Umay Anan\u0131n \u00d6nemi T\u00fcrk Mitolojisinde Vurgulanmaktad\u0131r \u2018Umay\u2019 ad\u0131, Orhun Yaz\u0131tlar\u0131 ve D\u00eev\u00e2nu Lug\u00e2ti&#039;t-T\u00fcrk gibi eski T\u00fcrk metinlerinde ilk defa yer\" \/>\n<meta name=\"robots\" content=\"index, follow, max-snippet:-1, max-image-preview:large, max-video-preview:-1\" \/>\n<link rel=\"canonical\" href=\"http:\/\/e-ciftlik.com\/haberler\/seyahat\/umay-nine-turk-mitolojisinin-guclu-figuru\/\" \/>\n<meta property=\"og:locale\" content=\"tr_TR\" \/>\n<meta property=\"og:type\" content=\"article\" \/>\n<meta property=\"og:title\" content=\"Umay Nine: T\u00fcrk Mitolojisinin G\u00fc\u00e7l\u00fc Fig\u00fcr\u00fc\" \/>\n<meta property=\"og:description\" content=\"Umay Anan\u0131n \u00d6nemi T\u00fcrk Mitolojisinde Vurgulanmaktad\u0131r \u2018Umay\u2019 ad\u0131, Orhun Yaz\u0131tlar\u0131 ve D\u00eev\u00e2nu Lug\u00e2ti&#039;t-T\u00fcrk gibi eski T\u00fcrk metinlerinde ilk defa yer\" \/>\n<meta property=\"og:url\" content=\"http:\/\/e-ciftlik.com\/haberler\/seyahat\/umay-nine-turk-mitolojisinin-guclu-figuru\/\" \/>\n<meta property=\"og:site_name\" content=\"E-&Ccedil;\u0130FTL\u0130K HABER\" \/>\n<meta property=\"article:publisher\" content=\"https:\/\/www.facebook.com\/eciftlikturkiye\" \/>\n<meta property=\"article:published_time\" content=\"2024-06-30T07:48:40+00:00\" \/>\n<meta property=\"og:image\" content=\"http:\/\/e-ciftlik.com\/haberler\/wp-content\/uploads\/2024\/06\/s-19ab11a148efdfb36b8dfbffc1fc7dd746471df6.jpg\" \/>\n\t<meta property=\"og:image:width\" content=\"1200\" \/>\n\t<meta property=\"og:image:height\" content=\"628\" \/>\n\t<meta property=\"og:image:type\" content=\"image\/jpeg\" \/>\n<meta name=\"author\" content=\"Haber Merkezi\" \/>\n<meta name=\"twitter:card\" content=\"summary_large_image\" \/>\n<meta name=\"twitter:creator\" content=\"@eciftlikresmi\" \/>\n<meta name=\"twitter:site\" content=\"@eciftlikresmi\" \/>\n<meta name=\"twitter:label1\" content=\"Yazan:\" \/>\n\t<meta name=\"twitter:data1\" content=\"Haber Merkezi\" \/>\n\t<meta name=\"twitter:label2\" content=\"Tahmini okuma s\u00fcresi\" \/>\n\t<meta name=\"twitter:data2\" content=\"1 dakika\" \/>\n<script type=\"application\/ld+json\" class=\"yoast-schema-graph\">{\"@context\":\"https:\\\/\\\/schema.org\",\"@graph\":[{\"@type\":\"NewsArticle\",\"@id\":\"http:\\\/\\\/e-ciftlik.com\\\/haberler\\\/seyahat\\\/umay-nine-turk-mitolojisinin-guclu-figuru\\\/#article\",\"isPartOf\":{\"@id\":\"http:\\\/\\\/e-ciftlik.com\\\/haberler\\\/seyahat\\\/umay-nine-turk-mitolojisinin-guclu-figuru\\\/\"},\"author\":{\"name\":\"Haber Merkezi\",\"@id\":\"https:\\\/\\\/e-ciftlik.com\\\/haberler\\\/#\\\/schema\\\/person\\\/d2f4fee3143d7f72be82cb887d51b00a\"},\"headline\":\"Umay Nine: T\u00fcrk Mitolojisinin G\u00fc\u00e7l\u00fc Fig\u00fcr\u00fc\",\"datePublished\":\"2024-06-30T07:48:40+00:00\",\"mainEntityOfPage\":{\"@id\":\"http:\\\/\\\/e-ciftlik.com\\\/haberler\\\/seyahat\\\/umay-nine-turk-mitolojisinin-guclu-figuru\\\/\"},\"wordCount\":289,\"commentCount\":0,\"publisher\":{\"@id\":\"https:\\\/\\\/e-ciftlik.com\\\/haberler\\\/#organization\"},\"image\":{\"@id\":\"http:\\\/\\\/e-ciftlik.com\\\/haberler\\\/seyahat\\\/umay-nine-turk-mitolojisinin-guclu-figuru\\\/#primaryimage\"},\"thumbnailUrl\":\"http:\\\/\\\/e-ciftlik.com\\\/haberler\\\/wp-content\\\/uploads\\\/2024\\\/06\\\/s-19ab11a148efdfb36b8dfbffc1fc7dd746471df6.jpg\",\"articleSection\":[\"Seyahat\"],\"inLanguage\":\"tr\",\"potentialAction\":[{\"@type\":\"CommentAction\",\"name\":\"Comment\",\"target\":[\"http:\\\/\\\/e-ciftlik.com\\\/haberler\\\/seyahat\\\/umay-nine-turk-mitolojisinin-guclu-figuru\\\/#respond\"]}]},{\"@type\":\"WebPage\",\"@id\":\"http:\\\/\\\/e-ciftlik.com\\\/haberler\\\/seyahat\\\/umay-nine-turk-mitolojisinin-guclu-figuru\\\/\",\"url\":\"http:\\\/\\\/e-ciftlik.com\\\/haberler\\\/seyahat\\\/umay-nine-turk-mitolojisinin-guclu-figuru\\\/\",\"name\":\"Umay Nine: T\u00fcrk Mitolojisinin G\u00fc\u00e7l\u00fc Fig\u00fcr\u00fc - E-&Ccedil;\u0130FTL\u0130K HABER\",\"isPartOf\":{\"@id\":\"https:\\\/\\\/e-ciftlik.com\\\/haberler\\\/#website\"},\"primaryImageOfPage\":{\"@id\":\"http:\\\/\\\/e-ciftlik.com\\\/haberler\\\/seyahat\\\/umay-nine-turk-mitolojisinin-guclu-figuru\\\/#primaryimage\"},\"image\":{\"@id\":\"http:\\\/\\\/e-ciftlik.com\\\/haberler\\\/seyahat\\\/umay-nine-turk-mitolojisinin-guclu-figuru\\\/#primaryimage\"},\"thumbnailUrl\":\"http:\\\/\\\/e-ciftlik.com\\\/haberler\\\/wp-content\\\/uploads\\\/2024\\\/06\\\/s-19ab11a148efdfb36b8dfbffc1fc7dd746471df6.jpg\",\"datePublished\":\"2024-06-30T07:48:40+00:00\",\"description\":\"Umay Anan\u0131n \u00d6nemi T\u00fcrk Mitolojisinde Vurgulanmaktad\u0131r \u2018Umay\u2019 ad\u0131, Orhun Yaz\u0131tlar\u0131 ve D\u00eev\u00e2nu Lug\u00e2ti't-T\u00fcrk gibi eski T\u00fcrk metinlerinde ilk defa yer\",\"breadcrumb\":{\"@id\":\"http:\\\/\\\/e-ciftlik.com\\\/haberler\\\/seyahat\\\/umay-nine-turk-mitolojisinin-guclu-figuru\\\/#breadcrumb\"},\"inLanguage\":\"tr\",\"potentialAction\":[{\"@type\":\"ReadAction\",\"target\":[\"http:\\\/\\\/e-ciftlik.com\\\/haberler\\\/seyahat\\\/umay-nine-turk-mitolojisinin-guclu-figuru\\\/\"]}]},{\"@type\":\"ImageObject\",\"inLanguage\":\"tr\",\"@id\":\"http:\\\/\\\/e-ciftlik.com\\\/haberler\\\/seyahat\\\/umay-nine-turk-mitolojisinin-guclu-figuru\\\/#primaryimage\",\"url\":\"http:\\\/\\\/e-ciftlik.com\\\/haberler\\\/wp-content\\\/uploads\\\/2024\\\/06\\\/s-19ab11a148efdfb36b8dfbffc1fc7dd746471df6.jpg\",\"contentUrl\":\"http:\\\/\\\/e-ciftlik.com\\\/haberler\\\/wp-content\\\/uploads\\\/2024\\\/06\\\/s-19ab11a148efdfb36b8dfbffc1fc7dd746471df6.jpg\",\"width\":1200,\"height\":628},{\"@type\":\"BreadcrumbList\",\"@id\":\"http:\\\/\\\/e-ciftlik.com\\\/haberler\\\/seyahat\\\/umay-nine-turk-mitolojisinin-guclu-figuru\\\/#breadcrumb\",\"itemListElement\":[{\"@type\":\"ListItem\",\"position\":1,\"name\":\"Anasayfa\",\"item\":\"https:\\\/\\\/e-ciftlik.com\\\/haberler\\\/\"},{\"@type\":\"ListItem\",\"position\":2,\"name\":\"Umay Nine: T\u00fcrk Mitolojisinin G\u00fc\u00e7l\u00fc Fig\u00fcr\u00fc\"}]},{\"@type\":\"WebSite\",\"@id\":\"https:\\\/\\\/e-ciftlik.com\\\/haberler\\\/#website\",\"url\":\"https:\\\/\\\/e-ciftlik.com\\\/haberler\\\/\",\"name\":\"E-\u00c7iftlik Haber | G\u00fcncel, Son Dakika Haberler, En Son Haber\",\"description\":\"\",\"publisher\":{\"@id\":\"https:\\\/\\\/e-ciftlik.com\\\/haberler\\\/#organization\"},\"potentialAction\":[{\"@type\":\"SearchAction\",\"target\":{\"@type\":\"EntryPoint\",\"urlTemplate\":\"https:\\\/\\\/e-ciftlik.com\\\/haberler\\\/?s={search_term_string}\"},\"query-input\":{\"@type\":\"PropertyValueSpecification\",\"valueRequired\":true,\"valueName\":\"search_term_string\"}}],\"inLanguage\":\"tr\"},{\"@type\":\"Organization\",\"@id\":\"https:\\\/\\\/e-ciftlik.com\\\/haberler\\\/#organization\",\"name\":\"E-\u00c7\u0130FTL\u0130K HABER\",\"url\":\"https:\\\/\\\/e-ciftlik.com\\\/haberler\\\/\",\"logo\":{\"@type\":\"ImageObject\",\"inLanguage\":\"tr\",\"@id\":\"https:\\\/\\\/e-ciftlik.com\\\/haberler\\\/#\\\/schema\\\/logo\\\/image\\\/\",\"url\":\"http:\\\/\\\/e-ciftlik.com\\\/haberler\\\/wp-content\\\/uploads\\\/2024\\\/06\\\/cropped-cropped-favicon-1-2.png\",\"contentUrl\":\"http:\\\/\\\/e-ciftlik.com\\\/haberler\\\/wp-content\\\/uploads\\\/2024\\\/06\\\/cropped-cropped-favicon-1-2.png\",\"width\":512,\"height\":512,\"caption\":\"E-\u00c7\u0130FTL\u0130K HABER\"},\"image\":{\"@id\":\"https:\\\/\\\/e-ciftlik.com\\\/haberler\\\/#\\\/schema\\\/logo\\\/image\\\/\"},\"sameAs\":[\"https:\\\/\\\/www.facebook.com\\\/eciftlikturkiye\",\"https:\\\/\\\/x.com\\\/eciftlikresmi\",\"https:\\\/\\\/www.instagram.com\\\/eciftlikresmi\\\/\"]},{\"@type\":\"Person\",\"@id\":\"https:\\\/\\\/e-ciftlik.com\\\/haberler\\\/#\\\/schema\\\/person\\\/d2f4fee3143d7f72be82cb887d51b00a\",\"name\":\"Haber Merkezi\",\"image\":{\"@type\":\"ImageObject\",\"inLanguage\":\"tr\",\"@id\":\"https:\\\/\\\/secure.gravatar.com\\\/avatar\\\/6c27d641914e66c1d0452c92716002398782818991d86db1c2cccb531e7c7c82?s=96&d=mm&r=g\",\"url\":\"https:\\\/\\\/secure.gravatar.com\\\/avatar\\\/6c27d641914e66c1d0452c92716002398782818991d86db1c2cccb531e7c7c82?s=96&d=mm&r=g\",\"contentUrl\":\"https:\\\/\\\/secure.gravatar.com\\\/avatar\\\/6c27d641914e66c1d0452c92716002398782818991d86db1c2cccb531e7c7c82?s=96&d=mm&r=g\",\"caption\":\"Haber Merkezi\"},\"sameAs\":[\"http:\\\/\\\/e-ciftlik.com\\\/haberler\"]}]}<\/script>\n<!-- \/ Yoast SEO Premium plugin. -->","yoast_head_json":{"title":"Umay Nine: T\u00fcrk Mitolojisinin G\u00fc\u00e7l\u00fc Fig\u00fcr\u00fc - E-&Ccedil;\u0130FTL\u0130K HABER","description":"Umay Anan\u0131n \u00d6nemi T\u00fcrk Mitolojisinde Vurgulanmaktad\u0131r \u2018Umay\u2019 ad\u0131, Orhun Yaz\u0131tlar\u0131 ve D\u00eev\u00e2nu Lug\u00e2ti't-T\u00fcrk gibi eski T\u00fcrk metinlerinde ilk defa yer","robots":{"index":"index","follow":"follow","max-snippet":"max-snippet:-1","max-image-preview":"max-image-preview:large","max-video-preview":"max-video-preview:-1"},"canonical":"http:\/\/e-ciftlik.com\/haberler\/seyahat\/umay-nine-turk-mitolojisinin-guclu-figuru\/","og_locale":"tr_TR","og_type":"article","og_title":"Umay Nine: T\u00fcrk Mitolojisinin G\u00fc\u00e7l\u00fc Fig\u00fcr\u00fc","og_description":"Umay Anan\u0131n \u00d6nemi T\u00fcrk Mitolojisinde Vurgulanmaktad\u0131r \u2018Umay\u2019 ad\u0131, Orhun Yaz\u0131tlar\u0131 ve D\u00eev\u00e2nu Lug\u00e2ti't-T\u00fcrk gibi eski T\u00fcrk metinlerinde ilk defa yer","og_url":"http:\/\/e-ciftlik.com\/haberler\/seyahat\/umay-nine-turk-mitolojisinin-guclu-figuru\/","og_site_name":"E-&Ccedil;\u0130FTL\u0130K HABER","article_publisher":"https:\/\/www.facebook.com\/eciftlikturkiye","article_published_time":"2024-06-30T07:48:40+00:00","og_image":[{"width":1200,"height":628,"url":"http:\/\/e-ciftlik.com\/haberler\/wp-content\/uploads\/2024\/06\/s-19ab11a148efdfb36b8dfbffc1fc7dd746471df6.jpg","type":"image\/jpeg"}],"author":"Haber Merkezi","twitter_card":"summary_large_image","twitter_creator":"@eciftlikresmi","twitter_site":"@eciftlikresmi","twitter_misc":{"Yazan:":"Haber Merkezi","Tahmini okuma s\u00fcresi":"1 dakika"},"schema":{"@context":"https:\/\/schema.org","@graph":[{"@type":"NewsArticle","@id":"http:\/\/e-ciftlik.com\/haberler\/seyahat\/umay-nine-turk-mitolojisinin-guclu-figuru\/#article","isPartOf":{"@id":"http:\/\/e-ciftlik.com\/haberler\/seyahat\/umay-nine-turk-mitolojisinin-guclu-figuru\/"},"author":{"name":"Haber Merkezi","@id":"https:\/\/e-ciftlik.com\/haberler\/#\/schema\/person\/d2f4fee3143d7f72be82cb887d51b00a"},"headline":"Umay Nine: T\u00fcrk Mitolojisinin G\u00fc\u00e7l\u00fc Fig\u00fcr\u00fc","datePublished":"2024-06-30T07:48:40+00:00","mainEntityOfPage":{"@id":"http:\/\/e-ciftlik.com\/haberler\/seyahat\/umay-nine-turk-mitolojisinin-guclu-figuru\/"},"wordCount":289,"commentCount":0,"publisher":{"@id":"https:\/\/e-ciftlik.com\/haberler\/#organization"},"image":{"@id":"http:\/\/e-ciftlik.com\/haberler\/seyahat\/umay-nine-turk-mitolojisinin-guclu-figuru\/#primaryimage"},"thumbnailUrl":"http:\/\/e-ciftlik.com\/haberler\/wp-content\/uploads\/2024\/06\/s-19ab11a148efdfb36b8dfbffc1fc7dd746471df6.jpg","articleSection":["Seyahat"],"inLanguage":"tr","potentialAction":[{"@type":"CommentAction","name":"Comment","target":["http:\/\/e-ciftlik.com\/haberler\/seyahat\/umay-nine-turk-mitolojisinin-guclu-figuru\/#respond"]}]},{"@type":"WebPage","@id":"http:\/\/e-ciftlik.com\/haberler\/seyahat\/umay-nine-turk-mitolojisinin-guclu-figuru\/","url":"http:\/\/e-ciftlik.com\/haberler\/seyahat\/umay-nine-turk-mitolojisinin-guclu-figuru\/","name":"Umay Nine: T\u00fcrk Mitolojisinin G\u00fc\u00e7l\u00fc Fig\u00fcr\u00fc - E-&Ccedil;\u0130FTL\u0130K HABER","isPartOf":{"@id":"https:\/\/e-ciftlik.com\/haberler\/#website"},"primaryImageOfPage":{"@id":"http:\/\/e-ciftlik.com\/haberler\/seyahat\/umay-nine-turk-mitolojisinin-guclu-figuru\/#primaryimage"},"image":{"@id":"http:\/\/e-ciftlik.com\/haberler\/seyahat\/umay-nine-turk-mitolojisinin-guclu-figuru\/#primaryimage"},"thumbnailUrl":"http:\/\/e-ciftlik.com\/haberler\/wp-content\/uploads\/2024\/06\/s-19ab11a148efdfb36b8dfbffc1fc7dd746471df6.jpg","datePublished":"2024-06-30T07:48:40+00:00","description":"Umay Anan\u0131n \u00d6nemi T\u00fcrk Mitolojisinde Vurgulanmaktad\u0131r \u2018Umay\u2019 ad\u0131, Orhun Yaz\u0131tlar\u0131 ve D\u00eev\u00e2nu Lug\u00e2ti't-T\u00fcrk gibi eski T\u00fcrk metinlerinde ilk defa yer","breadcrumb":{"@id":"http:\/\/e-ciftlik.com\/haberler\/seyahat\/umay-nine-turk-mitolojisinin-guclu-figuru\/#breadcrumb"},"inLanguage":"tr","potentialAction":[{"@type":"ReadAction","target":["http:\/\/e-ciftlik.com\/haberler\/seyahat\/umay-nine-turk-mitolojisinin-guclu-figuru\/"]}]},{"@type":"ImageObject","inLanguage":"tr","@id":"http:\/\/e-ciftlik.com\/haberler\/seyahat\/umay-nine-turk-mitolojisinin-guclu-figuru\/#primaryimage","url":"http:\/\/e-ciftlik.com\/haberler\/wp-content\/uploads\/2024\/06\/s-19ab11a148efdfb36b8dfbffc1fc7dd746471df6.jpg","contentUrl":"http:\/\/e-ciftlik.com\/haberler\/wp-content\/uploads\/2024\/06\/s-19ab11a148efdfb36b8dfbffc1fc7dd746471df6.jpg","width":1200,"height":628},{"@type":"BreadcrumbList","@id":"http:\/\/e-ciftlik.com\/haberler\/seyahat\/umay-nine-turk-mitolojisinin-guclu-figuru\/#breadcrumb","itemListElement":[{"@type":"ListItem","position":1,"name":"Anasayfa","item":"https:\/\/e-ciftlik.com\/haberler\/"},{"@type":"ListItem","position":2,"name":"Umay Nine: T\u00fcrk Mitolojisinin G\u00fc\u00e7l\u00fc Fig\u00fcr\u00fc"}]},{"@type":"WebSite","@id":"https:\/\/e-ciftlik.com\/haberler\/#website","url":"https:\/\/e-ciftlik.com\/haberler\/","name":"E-\u00c7iftlik Haber | G\u00fcncel, Son Dakika Haberler, En Son Haber","description":"","publisher":{"@id":"https:\/\/e-ciftlik.com\/haberler\/#organization"},"potentialAction":[{"@type":"SearchAction","target":{"@type":"EntryPoint","urlTemplate":"https:\/\/e-ciftlik.com\/haberler\/?s={search_term_string}"},"query-input":{"@type":"PropertyValueSpecification","valueRequired":true,"valueName":"search_term_string"}}],"inLanguage":"tr"},{"@type":"Organization","@id":"https:\/\/e-ciftlik.com\/haberler\/#organization","name":"E-\u00c7\u0130FTL\u0130K HABER","url":"https:\/\/e-ciftlik.com\/haberler\/","logo":{"@type":"ImageObject","inLanguage":"tr","@id":"https:\/\/e-ciftlik.com\/haberler\/#\/schema\/logo\/image\/","url":"http:\/\/e-ciftlik.com\/haberler\/wp-content\/uploads\/2024\/06\/cropped-cropped-favicon-1-2.png","contentUrl":"http:\/\/e-ciftlik.com\/haberler\/wp-content\/uploads\/2024\/06\/cropped-cropped-favicon-1-2.png","width":512,"height":512,"caption":"E-\u00c7\u0130FTL\u0130K HABER"},"image":{"@id":"https:\/\/e-ciftlik.com\/haberler\/#\/schema\/logo\/image\/"},"sameAs":["https:\/\/www.facebook.com\/eciftlikturkiye","https:\/\/x.com\/eciftlikresmi","https:\/\/www.instagram.com\/eciftlikresmi\/"]},{"@type":"Person","@id":"https:\/\/e-ciftlik.com\/haberler\/#\/schema\/person\/d2f4fee3143d7f72be82cb887d51b00a","name":"Haber Merkezi","image":{"@type":"ImageObject","inLanguage":"tr","@id":"https:\/\/secure.gravatar.com\/avatar\/6c27d641914e66c1d0452c92716002398782818991d86db1c2cccb531e7c7c82?s=96&d=mm&r=g","url":"https:\/\/secure.gravatar.com\/avatar\/6c27d641914e66c1d0452c92716002398782818991d86db1c2cccb531e7c7c82?s=96&d=mm&r=g","contentUrl":"https:\/\/secure.gravatar.com\/avatar\/6c27d641914e66c1d0452c92716002398782818991d86db1c2cccb531e7c7c82?s=96&d=mm&r=g","caption":"Haber Merkezi"},"sameAs":["http:\/\/e-ciftlik.com\/haberler"]}]}},"_links":{"self":[{"href":"http:\/\/e-ciftlik.com\/haberler\/wp-json\/wp\/v2\/posts\/8100","targetHints":{"allow":["GET"]}}],"collection":[{"href":"http:\/\/e-ciftlik.com\/haberler\/wp-json\/wp\/v2\/posts"}],"about":[{"href":"http:\/\/e-ciftlik.com\/haberler\/wp-json\/wp\/v2\/types\/post"}],"author":[{"embeddable":true,"href":"http:\/\/e-ciftlik.com\/haberler\/wp-json\/wp\/v2\/users\/1"}],"replies":[{"embeddable":true,"href":"http:\/\/e-ciftlik.com\/haberler\/wp-json\/wp\/v2\/comments?post=8100"}],"version-history":[{"count":0,"href":"http:\/\/e-ciftlik.com\/haberler\/wp-json\/wp\/v2\/posts\/8100\/revisions"}],"wp:featuredmedia":[{"embeddable":true,"href":"http:\/\/e-ciftlik.com\/haberler\/wp-json\/wp\/v2\/media\/8101"}],"wp:attachment":[{"href":"http:\/\/e-ciftlik.com\/haberler\/wp-json\/wp\/v2\/media?parent=8100"}],"wp:term":[{"taxonomy":"category","embeddable":true,"href":"http:\/\/e-ciftlik.com\/haberler\/wp-json\/wp\/v2\/categories?post=8100"},{"taxonomy":"post_tag","embeddable":true,"href":"http:\/\/e-ciftlik.com\/haberler\/wp-json\/wp\/v2\/tags?post=8100"}],"curies":[{"name":"wp","href":"https:\/\/api.w.org\/{rel}","templated":true}]}}