{"id":8124,"date":"2024-06-30T10:57:55","date_gmt":"2024-06-30T10:57:55","guid":{"rendered":"https:\/\/e-ciftlik.com\/haberler\/dizi\/emanet-697-bolum-izle-seherin-hayati-degisiyor\/"},"modified":"2024-06-30T10:57:55","modified_gmt":"2024-06-30T10:57:55","slug":"emanet-697-bolum-izle-seherin-hayati-degisiyor","status":"publish","type":"post","link":"http:\/\/e-ciftlik.com\/haberler\/dizi\/emanet-697-bolum-izle-seherin-hayati-degisiyor\/","title":{"rendered":"Emanet 697. B\u00f6l\u00fcm \u0130zle: Seher&#8217;in Hayat\u0131 De\u011fi\u015fiyor"},"content":{"rendered":"<p>Emanet adl\u0131 dizinin heyecanla beklenen 697. B\u00f6l\u00fcm\u00fc bug\u00fcn Kanal 7&#8217;de ekrana geldi. Hayranlar\u0131n\u0131n merakla bekledi\u011fi Emanet dizisi, \u00fc\u00e7\u00fcnc\u00fc sezonuyla sevenleriyle bulu\u015ftu. Seher&#8217;in \u00f6l\u00fcm\u00fcyle sars\u0131lan Yaman ve Yusuf&#8217;un sessizlik i\u00e7indeki hayatlar\u0131, Emanet dizisiyle ekranlara ta\u015f\u0131nd\u0131.<\/p>\n<p>Seher&#8217;in ya\u015fl\u0131 babas\u0131yla birlikte sakin bir ya\u015fam s\u00fcren gen\u00e7 ve g\u00fczel bir k\u0131z oldu\u011fu belirtiliyor. Ancak ablas\u0131n\u0131n \u00f6l\u00fcm\u00fcyle hayat\u0131 alt \u00fcst olur ve be\u015f ya\u015f\u0131ndaki ye\u011feni Yusuf&#8217;a sahip \u00e7\u0131kmas\u0131 gerekti\u011fi ger\u00e7e\u011fiyle y\u00fczle\u015fir. Bu durum, Seher&#8217;in kolay bir m\u00fccadele verece\u011fi anlam\u0131na gelmez.<\/p>\n<p>Zira g\u00fc\u00e7l\u00fc ve ac\u0131mas\u0131z i\u015f adam\u0131 Yaman K\u0131r\u0131ml\u0131, Yusuf&#8217;un amcas\u0131d\u0131r ve ye\u011fenini kimseye vermeye niyetli de\u011fildir. Seher ise masumiyeti ve sabr\u0131yla g\u00fc\u00e7lenerek Yaman K\u0131r\u0131ml\u0131&#8217;ya kar\u015f\u0131 amans\u0131z bir m\u00fccadeleye giri\u015fir. Bu m\u00fccadele, K\u0131r\u0131ml\u0131 kona\u011f\u0131nda derin s\u0131rlar\u0131n ortaya \u00e7\u0131kmas\u0131na ve Seher ile Yaman aras\u0131nda farkl\u0131 bir ba\u011f\u0131n olu\u015fmas\u0131na neden olacakt\u0131r.<\/p>\n<p>Emanet dizisinin y\u00f6netmenleri Ayhan \u00d6zen ve Taner Tun\u00e7&#8217;tur. Dizinin senaryosu Ba\u015fak Yaz\u0131 Odas\u0131 taraf\u0131ndan yaz\u0131lm\u0131\u015ft\u0131r. Oyuncu kadrosunda ise Halil \u0130brahim Ceyhan, Berat Yusuf \u00d6zkan, G\u00fclderen G\u00fcler Melih \u00d6zkaya, Tolga Pancaro\u011flu, G\u00fclay \u00d6zdem, G\u00f6zde G\u00fcrkan gibi isimler bulunmaktad\u0131r.<\/p>\n<p>E\u011fer Emanet dizisinin 30 Haziran tarihinde yay\u0131nlanan 697. B\u00f6l\u00fcm\u00fcn\u00fc izlemek isterseniz, dizi haberleri kategorisinde bulabilece\u011finiz izleme linkine a\u015fa\u011f\u0131dan ula\u015fabilirsiniz.<\/p>\n","protected":false},"excerpt":{"rendered":"<p>Emanet adl\u0131 dizinin heyecanla beklenen 697. B\u00f6l\u00fcm\u00fc bug\u00fcn Kanal 7&#8217;de ekrana geldi. Hayranlar\u0131n\u0131n merakla bekledi\u011fi&hellip;<\/p>\n","protected":false},"author":1,"featured_media":8125,"comment_status":"open","ping_status":"open","sticky":false,"template":"","format":"standard","meta":{"footnotes":""},"categories":[13],"tags":[],"class_list":["post-8124","post","type-post","status-publish","format-standard","has-post-thumbnail","hentry","category-dizi"],"yoast_head":"<!-- This site is optimized with the Yoast SEO Premium plugin v24.3 (Yoast SEO v27.4) - https:\/\/yoast.com\/product\/yoast-seo-premium-wordpress\/ -->\n<title>Emanet 697. B\u00f6l\u00fcm \u0130zle: Seher&#039;in Hayat\u0131 De\u011fi\u015fiyor - E-&Ccedil;\u0130FTL\u0130K HABER<\/title>\n<meta name=\"description\" content=\"Emanet adl\u0131 dizinin heyecanla beklenen 697. B\u00f6l\u00fcm\u00fc bug\u00fcn Kanal 7&#039;de ekrana geldi. Hayranlar\u0131n\u0131n merakla bekledi\u011fi Emanet dizisi, \u00fc\u00e7\u00fcnc\u00fc sezonuyla\" \/>\n<meta name=\"robots\" content=\"index, follow, max-snippet:-1, max-image-preview:large, max-video-preview:-1\" \/>\n<link rel=\"canonical\" href=\"http:\/\/e-ciftlik.com\/haberler\/dizi\/emanet-697-bolum-izle-seherin-hayati-degisiyor\/\" \/>\n<meta property=\"og:locale\" content=\"tr_TR\" \/>\n<meta property=\"og:type\" content=\"article\" \/>\n<meta property=\"og:title\" content=\"Emanet 697. B\u00f6l\u00fcm \u0130zle: Seher&#039;in Hayat\u0131 De\u011fi\u015fiyor\" \/>\n<meta property=\"og:description\" content=\"Emanet adl\u0131 dizinin heyecanla beklenen 697. B\u00f6l\u00fcm\u00fc bug\u00fcn Kanal 7&#039;de ekrana geldi. Hayranlar\u0131n\u0131n merakla bekledi\u011fi Emanet dizisi, \u00fc\u00e7\u00fcnc\u00fc sezonuyla\" \/>\n<meta property=\"og:url\" content=\"http:\/\/e-ciftlik.com\/haberler\/dizi\/emanet-697-bolum-izle-seherin-hayati-degisiyor\/\" \/>\n<meta property=\"og:site_name\" content=\"E-&Ccedil;\u0130FTL\u0130K HABER\" \/>\n<meta property=\"article:publisher\" content=\"https:\/\/www.facebook.com\/eciftlikturkiye\" \/>\n<meta property=\"article:published_time\" content=\"2024-06-30T10:57:55+00:00\" \/>\n<meta property=\"og:image\" content=\"http:\/\/e-ciftlik.com\/haberler\/wp-content\/uploads\/2024\/06\/emanet-697-bolum-izle-emanet-yeni-bolum-full-izle-emanet-son-bolum-tek-parca-izle-xrkj.jpg\" \/>\n\t<meta property=\"og:image:width\" content=\"1600\" \/>\n\t<meta property=\"og:image:height\" content=\"900\" \/>\n\t<meta property=\"og:image:type\" content=\"image\/jpeg\" \/>\n<meta name=\"author\" content=\"Haber Merkezi\" \/>\n<meta name=\"twitter:card\" content=\"summary_large_image\" \/>\n<meta name=\"twitter:creator\" content=\"@eciftlikresmi\" \/>\n<meta name=\"twitter:site\" content=\"@eciftlikresmi\" \/>\n<meta name=\"twitter:label1\" content=\"Yazan:\" \/>\n\t<meta name=\"twitter:data1\" content=\"Haber Merkezi\" \/>\n\t<meta name=\"twitter:label2\" content=\"Tahmini okuma s\u00fcresi\" \/>\n\t<meta name=\"twitter:data2\" content=\"1 dakika\" \/>\n<script type=\"application\/ld+json\" class=\"yoast-schema-graph\">{\"@context\":\"https:\\\/\\\/schema.org\",\"@graph\":[{\"@type\":\"NewsArticle\",\"@id\":\"http:\\\/\\\/e-ciftlik.com\\\/haberler\\\/dizi\\\/emanet-697-bolum-izle-seherin-hayati-degisiyor\\\/#article\",\"isPartOf\":{\"@id\":\"http:\\\/\\\/e-ciftlik.com\\\/haberler\\\/dizi\\\/emanet-697-bolum-izle-seherin-hayati-degisiyor\\\/\"},\"author\":{\"name\":\"Haber Merkezi\",\"@id\":\"https:\\\/\\\/e-ciftlik.com\\\/haberler\\\/#\\\/schema\\\/person\\\/d2f4fee3143d7f72be82cb887d51b00a\"},\"headline\":\"Emanet 697. B\u00f6l\u00fcm \u0130zle: Seher&#8217;in Hayat\u0131 De\u011fi\u015fiyor\",\"datePublished\":\"2024-06-30T10:57:55+00:00\",\"mainEntityOfPage\":{\"@id\":\"http:\\\/\\\/e-ciftlik.com\\\/haberler\\\/dizi\\\/emanet-697-bolum-izle-seherin-hayati-degisiyor\\\/\"},\"wordCount\":278,\"commentCount\":0,\"publisher\":{\"@id\":\"https:\\\/\\\/e-ciftlik.com\\\/haberler\\\/#organization\"},\"image\":{\"@id\":\"http:\\\/\\\/e-ciftlik.com\\\/haberler\\\/dizi\\\/emanet-697-bolum-izle-seherin-hayati-degisiyor\\\/#primaryimage\"},\"thumbnailUrl\":\"http:\\\/\\\/e-ciftlik.com\\\/haberler\\\/wp-content\\\/uploads\\\/2024\\\/06\\\/emanet-697-bolum-izle-emanet-yeni-bolum-full-izle-emanet-son-bolum-tek-parca-izle-xrkj.jpg\",\"articleSection\":[\"Dizi\"],\"inLanguage\":\"tr\",\"potentialAction\":[{\"@type\":\"CommentAction\",\"name\":\"Comment\",\"target\":[\"http:\\\/\\\/e-ciftlik.com\\\/haberler\\\/dizi\\\/emanet-697-bolum-izle-seherin-hayati-degisiyor\\\/#respond\"]}]},{\"@type\":\"WebPage\",\"@id\":\"http:\\\/\\\/e-ciftlik.com\\\/haberler\\\/dizi\\\/emanet-697-bolum-izle-seherin-hayati-degisiyor\\\/\",\"url\":\"http:\\\/\\\/e-ciftlik.com\\\/haberler\\\/dizi\\\/emanet-697-bolum-izle-seherin-hayati-degisiyor\\\/\",\"name\":\"Emanet 697. B\u00f6l\u00fcm \u0130zle: Seher'in Hayat\u0131 De\u011fi\u015fiyor - E-&Ccedil;\u0130FTL\u0130K HABER\",\"isPartOf\":{\"@id\":\"https:\\\/\\\/e-ciftlik.com\\\/haberler\\\/#website\"},\"primaryImageOfPage\":{\"@id\":\"http:\\\/\\\/e-ciftlik.com\\\/haberler\\\/dizi\\\/emanet-697-bolum-izle-seherin-hayati-degisiyor\\\/#primaryimage\"},\"image\":{\"@id\":\"http:\\\/\\\/e-ciftlik.com\\\/haberler\\\/dizi\\\/emanet-697-bolum-izle-seherin-hayati-degisiyor\\\/#primaryimage\"},\"thumbnailUrl\":\"http:\\\/\\\/e-ciftlik.com\\\/haberler\\\/wp-content\\\/uploads\\\/2024\\\/06\\\/emanet-697-bolum-izle-emanet-yeni-bolum-full-izle-emanet-son-bolum-tek-parca-izle-xrkj.jpg\",\"datePublished\":\"2024-06-30T10:57:55+00:00\",\"description\":\"Emanet adl\u0131 dizinin heyecanla beklenen 697. B\u00f6l\u00fcm\u00fc bug\u00fcn Kanal 7'de ekrana geldi. Hayranlar\u0131n\u0131n merakla bekledi\u011fi Emanet dizisi, \u00fc\u00e7\u00fcnc\u00fc sezonuyla\",\"breadcrumb\":{\"@id\":\"http:\\\/\\\/e-ciftlik.com\\\/haberler\\\/dizi\\\/emanet-697-bolum-izle-seherin-hayati-degisiyor\\\/#breadcrumb\"},\"inLanguage\":\"tr\",\"potentialAction\":[{\"@type\":\"ReadAction\",\"target\":[\"http:\\\/\\\/e-ciftlik.com\\\/haberler\\\/dizi\\\/emanet-697-bolum-izle-seherin-hayati-degisiyor\\\/\"]}]},{\"@type\":\"ImageObject\",\"inLanguage\":\"tr\",\"@id\":\"http:\\\/\\\/e-ciftlik.com\\\/haberler\\\/dizi\\\/emanet-697-bolum-izle-seherin-hayati-degisiyor\\\/#primaryimage\",\"url\":\"http:\\\/\\\/e-ciftlik.com\\\/haberler\\\/wp-content\\\/uploads\\\/2024\\\/06\\\/emanet-697-bolum-izle-emanet-yeni-bolum-full-izle-emanet-son-bolum-tek-parca-izle-xrkj.jpg\",\"contentUrl\":\"http:\\\/\\\/e-ciftlik.com\\\/haberler\\\/wp-content\\\/uploads\\\/2024\\\/06\\\/emanet-697-bolum-izle-emanet-yeni-bolum-full-izle-emanet-son-bolum-tek-parca-izle-xrkj.jpg\",\"width\":1600,\"height\":900},{\"@type\":\"BreadcrumbList\",\"@id\":\"http:\\\/\\\/e-ciftlik.com\\\/haberler\\\/dizi\\\/emanet-697-bolum-izle-seherin-hayati-degisiyor\\\/#breadcrumb\",\"itemListElement\":[{\"@type\":\"ListItem\",\"position\":1,\"name\":\"Anasayfa\",\"item\":\"https:\\\/\\\/e-ciftlik.com\\\/haberler\\\/\"},{\"@type\":\"ListItem\",\"position\":2,\"name\":\"Emanet 697. B\u00f6l\u00fcm \u0130zle: Seher&#8217;in Hayat\u0131 De\u011fi\u015fiyor\"}]},{\"@type\":\"WebSite\",\"@id\":\"https:\\\/\\\/e-ciftlik.com\\\/haberler\\\/#website\",\"url\":\"https:\\\/\\\/e-ciftlik.com\\\/haberler\\\/\",\"name\":\"E-\u00c7iftlik Haber | G\u00fcncel, Son Dakika Haberler, En Son Haber\",\"description\":\"\",\"publisher\":{\"@id\":\"https:\\\/\\\/e-ciftlik.com\\\/haberler\\\/#organization\"},\"potentialAction\":[{\"@type\":\"SearchAction\",\"target\":{\"@type\":\"EntryPoint\",\"urlTemplate\":\"https:\\\/\\\/e-ciftlik.com\\\/haberler\\\/?s={search_term_string}\"},\"query-input\":{\"@type\":\"PropertyValueSpecification\",\"valueRequired\":true,\"valueName\":\"search_term_string\"}}],\"inLanguage\":\"tr\"},{\"@type\":\"Organization\",\"@id\":\"https:\\\/\\\/e-ciftlik.com\\\/haberler\\\/#organization\",\"name\":\"E-\u00c7\u0130FTL\u0130K HABER\",\"url\":\"https:\\\/\\\/e-ciftlik.com\\\/haberler\\\/\",\"logo\":{\"@type\":\"ImageObject\",\"inLanguage\":\"tr\",\"@id\":\"https:\\\/\\\/e-ciftlik.com\\\/haberler\\\/#\\\/schema\\\/logo\\\/image\\\/\",\"url\":\"http:\\\/\\\/e-ciftlik.com\\\/haberler\\\/wp-content\\\/uploads\\\/2024\\\/06\\\/cropped-cropped-favicon-1-2.png\",\"contentUrl\":\"http:\\\/\\\/e-ciftlik.com\\\/haberler\\\/wp-content\\\/uploads\\\/2024\\\/06\\\/cropped-cropped-favicon-1-2.png\",\"width\":512,\"height\":512,\"caption\":\"E-\u00c7\u0130FTL\u0130K HABER\"},\"image\":{\"@id\":\"https:\\\/\\\/e-ciftlik.com\\\/haberler\\\/#\\\/schema\\\/logo\\\/image\\\/\"},\"sameAs\":[\"https:\\\/\\\/www.facebook.com\\\/eciftlikturkiye\",\"https:\\\/\\\/x.com\\\/eciftlikresmi\",\"https:\\\/\\\/www.instagram.com\\\/eciftlikresmi\\\/\"]},{\"@type\":\"Person\",\"@id\":\"https:\\\/\\\/e-ciftlik.com\\\/haberler\\\/#\\\/schema\\\/person\\\/d2f4fee3143d7f72be82cb887d51b00a\",\"name\":\"Haber Merkezi\",\"image\":{\"@type\":\"ImageObject\",\"inLanguage\":\"tr\",\"@id\":\"https:\\\/\\\/secure.gravatar.com\\\/avatar\\\/6c27d641914e66c1d0452c92716002398782818991d86db1c2cccb531e7c7c82?s=96&d=mm&r=g\",\"url\":\"https:\\\/\\\/secure.gravatar.com\\\/avatar\\\/6c27d641914e66c1d0452c92716002398782818991d86db1c2cccb531e7c7c82?s=96&d=mm&r=g\",\"contentUrl\":\"https:\\\/\\\/secure.gravatar.com\\\/avatar\\\/6c27d641914e66c1d0452c92716002398782818991d86db1c2cccb531e7c7c82?s=96&d=mm&r=g\",\"caption\":\"Haber Merkezi\"},\"sameAs\":[\"http:\\\/\\\/e-ciftlik.com\\\/haberler\"]}]}<\/script>\n<!-- \/ Yoast SEO Premium plugin. -->","yoast_head_json":{"title":"Emanet 697. B\u00f6l\u00fcm \u0130zle: Seher'in Hayat\u0131 De\u011fi\u015fiyor - E-&Ccedil;\u0130FTL\u0130K HABER","description":"Emanet adl\u0131 dizinin heyecanla beklenen 697. B\u00f6l\u00fcm\u00fc bug\u00fcn Kanal 7'de ekrana geldi. Hayranlar\u0131n\u0131n merakla bekledi\u011fi Emanet dizisi, \u00fc\u00e7\u00fcnc\u00fc sezonuyla","robots":{"index":"index","follow":"follow","max-snippet":"max-snippet:-1","max-image-preview":"max-image-preview:large","max-video-preview":"max-video-preview:-1"},"canonical":"http:\/\/e-ciftlik.com\/haberler\/dizi\/emanet-697-bolum-izle-seherin-hayati-degisiyor\/","og_locale":"tr_TR","og_type":"article","og_title":"Emanet 697. B\u00f6l\u00fcm \u0130zle: Seher'in Hayat\u0131 De\u011fi\u015fiyor","og_description":"Emanet adl\u0131 dizinin heyecanla beklenen 697. B\u00f6l\u00fcm\u00fc bug\u00fcn Kanal 7'de ekrana geldi. Hayranlar\u0131n\u0131n merakla bekledi\u011fi Emanet dizisi, \u00fc\u00e7\u00fcnc\u00fc sezonuyla","og_url":"http:\/\/e-ciftlik.com\/haberler\/dizi\/emanet-697-bolum-izle-seherin-hayati-degisiyor\/","og_site_name":"E-&Ccedil;\u0130FTL\u0130K HABER","article_publisher":"https:\/\/www.facebook.com\/eciftlikturkiye","article_published_time":"2024-06-30T10:57:55+00:00","og_image":[{"width":1600,"height":900,"url":"http:\/\/e-ciftlik.com\/haberler\/wp-content\/uploads\/2024\/06\/emanet-697-bolum-izle-emanet-yeni-bolum-full-izle-emanet-son-bolum-tek-parca-izle-xrkj.jpg","type":"image\/jpeg"}],"author":"Haber Merkezi","twitter_card":"summary_large_image","twitter_creator":"@eciftlikresmi","twitter_site":"@eciftlikresmi","twitter_misc":{"Yazan:":"Haber Merkezi","Tahmini okuma s\u00fcresi":"1 dakika"},"schema":{"@context":"https:\/\/schema.org","@graph":[{"@type":"NewsArticle","@id":"http:\/\/e-ciftlik.com\/haberler\/dizi\/emanet-697-bolum-izle-seherin-hayati-degisiyor\/#article","isPartOf":{"@id":"http:\/\/e-ciftlik.com\/haberler\/dizi\/emanet-697-bolum-izle-seherin-hayati-degisiyor\/"},"author":{"name":"Haber Merkezi","@id":"https:\/\/e-ciftlik.com\/haberler\/#\/schema\/person\/d2f4fee3143d7f72be82cb887d51b00a"},"headline":"Emanet 697. B\u00f6l\u00fcm \u0130zle: Seher&#8217;in Hayat\u0131 De\u011fi\u015fiyor","datePublished":"2024-06-30T10:57:55+00:00","mainEntityOfPage":{"@id":"http:\/\/e-ciftlik.com\/haberler\/dizi\/emanet-697-bolum-izle-seherin-hayati-degisiyor\/"},"wordCount":278,"commentCount":0,"publisher":{"@id":"https:\/\/e-ciftlik.com\/haberler\/#organization"},"image":{"@id":"http:\/\/e-ciftlik.com\/haberler\/dizi\/emanet-697-bolum-izle-seherin-hayati-degisiyor\/#primaryimage"},"thumbnailUrl":"http:\/\/e-ciftlik.com\/haberler\/wp-content\/uploads\/2024\/06\/emanet-697-bolum-izle-emanet-yeni-bolum-full-izle-emanet-son-bolum-tek-parca-izle-xrkj.jpg","articleSection":["Dizi"],"inLanguage":"tr","potentialAction":[{"@type":"CommentAction","name":"Comment","target":["http:\/\/e-ciftlik.com\/haberler\/dizi\/emanet-697-bolum-izle-seherin-hayati-degisiyor\/#respond"]}]},{"@type":"WebPage","@id":"http:\/\/e-ciftlik.com\/haberler\/dizi\/emanet-697-bolum-izle-seherin-hayati-degisiyor\/","url":"http:\/\/e-ciftlik.com\/haberler\/dizi\/emanet-697-bolum-izle-seherin-hayati-degisiyor\/","name":"Emanet 697. B\u00f6l\u00fcm \u0130zle: Seher'in Hayat\u0131 De\u011fi\u015fiyor - E-&Ccedil;\u0130FTL\u0130K HABER","isPartOf":{"@id":"https:\/\/e-ciftlik.com\/haberler\/#website"},"primaryImageOfPage":{"@id":"http:\/\/e-ciftlik.com\/haberler\/dizi\/emanet-697-bolum-izle-seherin-hayati-degisiyor\/#primaryimage"},"image":{"@id":"http:\/\/e-ciftlik.com\/haberler\/dizi\/emanet-697-bolum-izle-seherin-hayati-degisiyor\/#primaryimage"},"thumbnailUrl":"http:\/\/e-ciftlik.com\/haberler\/wp-content\/uploads\/2024\/06\/emanet-697-bolum-izle-emanet-yeni-bolum-full-izle-emanet-son-bolum-tek-parca-izle-xrkj.jpg","datePublished":"2024-06-30T10:57:55+00:00","description":"Emanet adl\u0131 dizinin heyecanla beklenen 697. B\u00f6l\u00fcm\u00fc bug\u00fcn Kanal 7'de ekrana geldi. Hayranlar\u0131n\u0131n merakla bekledi\u011fi Emanet dizisi, \u00fc\u00e7\u00fcnc\u00fc sezonuyla","breadcrumb":{"@id":"http:\/\/e-ciftlik.com\/haberler\/dizi\/emanet-697-bolum-izle-seherin-hayati-degisiyor\/#breadcrumb"},"inLanguage":"tr","potentialAction":[{"@type":"ReadAction","target":["http:\/\/e-ciftlik.com\/haberler\/dizi\/emanet-697-bolum-izle-seherin-hayati-degisiyor\/"]}]},{"@type":"ImageObject","inLanguage":"tr","@id":"http:\/\/e-ciftlik.com\/haberler\/dizi\/emanet-697-bolum-izle-seherin-hayati-degisiyor\/#primaryimage","url":"http:\/\/e-ciftlik.com\/haberler\/wp-content\/uploads\/2024\/06\/emanet-697-bolum-izle-emanet-yeni-bolum-full-izle-emanet-son-bolum-tek-parca-izle-xrkj.jpg","contentUrl":"http:\/\/e-ciftlik.com\/haberler\/wp-content\/uploads\/2024\/06\/emanet-697-bolum-izle-emanet-yeni-bolum-full-izle-emanet-son-bolum-tek-parca-izle-xrkj.jpg","width":1600,"height":900},{"@type":"BreadcrumbList","@id":"http:\/\/e-ciftlik.com\/haberler\/dizi\/emanet-697-bolum-izle-seherin-hayati-degisiyor\/#breadcrumb","itemListElement":[{"@type":"ListItem","position":1,"name":"Anasayfa","item":"https:\/\/e-ciftlik.com\/haberler\/"},{"@type":"ListItem","position":2,"name":"Emanet 697. B\u00f6l\u00fcm \u0130zle: Seher&#8217;in Hayat\u0131 De\u011fi\u015fiyor"}]},{"@type":"WebSite","@id":"https:\/\/e-ciftlik.com\/haberler\/#website","url":"https:\/\/e-ciftlik.com\/haberler\/","name":"E-\u00c7iftlik Haber | G\u00fcncel, Son Dakika Haberler, En Son Haber","description":"","publisher":{"@id":"https:\/\/e-ciftlik.com\/haberler\/#organization"},"potentialAction":[{"@type":"SearchAction","target":{"@type":"EntryPoint","urlTemplate":"https:\/\/e-ciftlik.com\/haberler\/?s={search_term_string}"},"query-input":{"@type":"PropertyValueSpecification","valueRequired":true,"valueName":"search_term_string"}}],"inLanguage":"tr"},{"@type":"Organization","@id":"https:\/\/e-ciftlik.com\/haberler\/#organization","name":"E-\u00c7\u0130FTL\u0130K HABER","url":"https:\/\/e-ciftlik.com\/haberler\/","logo":{"@type":"ImageObject","inLanguage":"tr","@id":"https:\/\/e-ciftlik.com\/haberler\/#\/schema\/logo\/image\/","url":"http:\/\/e-ciftlik.com\/haberler\/wp-content\/uploads\/2024\/06\/cropped-cropped-favicon-1-2.png","contentUrl":"http:\/\/e-ciftlik.com\/haberler\/wp-content\/uploads\/2024\/06\/cropped-cropped-favicon-1-2.png","width":512,"height":512,"caption":"E-\u00c7\u0130FTL\u0130K HABER"},"image":{"@id":"https:\/\/e-ciftlik.com\/haberler\/#\/schema\/logo\/image\/"},"sameAs":["https:\/\/www.facebook.com\/eciftlikturkiye","https:\/\/x.com\/eciftlikresmi","https:\/\/www.instagram.com\/eciftlikresmi\/"]},{"@type":"Person","@id":"https:\/\/e-ciftlik.com\/haberler\/#\/schema\/person\/d2f4fee3143d7f72be82cb887d51b00a","name":"Haber Merkezi","image":{"@type":"ImageObject","inLanguage":"tr","@id":"https:\/\/secure.gravatar.com\/avatar\/6c27d641914e66c1d0452c92716002398782818991d86db1c2cccb531e7c7c82?s=96&d=mm&r=g","url":"https:\/\/secure.gravatar.com\/avatar\/6c27d641914e66c1d0452c92716002398782818991d86db1c2cccb531e7c7c82?s=96&d=mm&r=g","contentUrl":"https:\/\/secure.gravatar.com\/avatar\/6c27d641914e66c1d0452c92716002398782818991d86db1c2cccb531e7c7c82?s=96&d=mm&r=g","caption":"Haber Merkezi"},"sameAs":["http:\/\/e-ciftlik.com\/haberler"]}]}},"_links":{"self":[{"href":"http:\/\/e-ciftlik.com\/haberler\/wp-json\/wp\/v2\/posts\/8124","targetHints":{"allow":["GET"]}}],"collection":[{"href":"http:\/\/e-ciftlik.com\/haberler\/wp-json\/wp\/v2\/posts"}],"about":[{"href":"http:\/\/e-ciftlik.com\/haberler\/wp-json\/wp\/v2\/types\/post"}],"author":[{"embeddable":true,"href":"http:\/\/e-ciftlik.com\/haberler\/wp-json\/wp\/v2\/users\/1"}],"replies":[{"embeddable":true,"href":"http:\/\/e-ciftlik.com\/haberler\/wp-json\/wp\/v2\/comments?post=8124"}],"version-history":[{"count":0,"href":"http:\/\/e-ciftlik.com\/haberler\/wp-json\/wp\/v2\/posts\/8124\/revisions"}],"wp:featuredmedia":[{"embeddable":true,"href":"http:\/\/e-ciftlik.com\/haberler\/wp-json\/wp\/v2\/media\/8125"}],"wp:attachment":[{"href":"http:\/\/e-ciftlik.com\/haberler\/wp-json\/wp\/v2\/media?parent=8124"}],"wp:term":[{"taxonomy":"category","embeddable":true,"href":"http:\/\/e-ciftlik.com\/haberler\/wp-json\/wp\/v2\/categories?post=8124"},{"taxonomy":"post_tag","embeddable":true,"href":"http:\/\/e-ciftlik.com\/haberler\/wp-json\/wp\/v2\/tags?post=8124"}],"curies":[{"name":"wp","href":"https:\/\/api.w.org\/{rel}","templated":true}]}}