{"id":8178,"date":"2024-06-30T15:35:33","date_gmt":"2024-06-30T15:35:33","guid":{"rendered":"https:\/\/e-ciftlik.com\/haberler\/seyahat\/topkapi-sarayinda-gece-turlari-basladi\/"},"modified":"2024-06-30T15:35:33","modified_gmt":"2024-06-30T15:35:33","slug":"topkapi-sarayinda-gece-turlari-basladi","status":"publish","type":"post","link":"http:\/\/e-ciftlik.com\/haberler\/seyahat\/topkapi-sarayinda-gece-turlari-basladi\/","title":{"rendered":"Topkap\u0131 Saray\u0131&#8217;nda Gece Turlar\u0131 Ba\u015flad\u0131!"},"content":{"rendered":"<p>Topkap\u0131 Saray\u0131 Daire Ba\u015fkan\u0131 \u0130lhan Kocaman, bas\u0131n mensuplar\u0131na yapt\u0131\u011f\u0131 a\u00e7\u0131klamada, gece turuyla Topkap\u0131 Saray\u0131&#8217;nda tarihi bir g\u00fcn ya\u015fand\u0131\u011f\u0131n\u0131 belirtti. Yaz d\u00f6neminde cumartesi ak\u015famlar\u0131 Topkap\u0131 Saray\u0131&#8217;n\u0131n gece ziyaret\u00e7ilere a\u00e7\u0131k olaca\u011f\u0131n\u0131 s\u00f6yleyen Kocaman, bu proje ile m\u00fczenin t\u00fcm b\u00f6l\u00fcmlerinin gezmeye a\u00e7\u0131k olaca\u011f\u0131n\u0131 ifade etti.<\/p>\n<p>Topkap\u0131 Saray\u0131&#8217;n\u0131n 400 y\u0131l\u0131 a\u015fk\u0131n s\u00fcre Osmanl\u0131 Devleti&#8217;ne ev sahipli\u011fi yapt\u0131\u011f\u0131n\u0131 vurgulayan Kocaman, gece turunu ba\u015flatmalar\u0131n\u0131n sebebinin, \u00f6zellikle harem ve selaml\u0131k b\u00f6l\u00fcmlerinde gecelerin nas\u0131l ge\u00e7ti\u011fini merak eden ziyaret\u00e7ileri memnun etmek oldu\u011funu belirtti.<\/p>\n<p>Saray\u0131n her cumartesi 21.00-23.00 saatlerinde gezilebilece\u011fini duyuran Kocaman, ziyaret\u00e7ilere t\u00fcm b\u00f6l\u00fcmleri gezebilecekleri garantisini verdi. G\u00fcvenlik nedeniyle belirli b\u00f6l\u00fcmlerde elektrik olmad\u0131\u011f\u0131n\u0131 kaydeden Kocaman, gruplar halinde gezilerin daha kolay olaca\u011f\u0131n\u0131 s\u00f6yledi.<\/p>\n<p>Ziyaret\u00e7ilerden Serap \u00d6zmete, gece turlar\u0131n\u0131n keyifli oldu\u011funu belirterek, \u0130stanbul manzaras\u0131n\u0131n g\u00fczelli\u011fine ve saraydaki de\u011ferli eserlere hayran kald\u0131klar\u0131n\u0131 dile getirdi. \u00d6zmete, gece turunun, \u00f6zellikle i\u015flerinden dolay\u0131 g\u00fcnd\u00fczleri gezmeye vakit bulamayanlar i\u00e7in harika bir se\u00e7enek oldu\u011funu ifade etti.<\/p>\n<p>Gece ziyaretlerinin ba\u015flang\u0131\u00e7 ve biti\u015f noktas\u0131n\u0131n Bab-\u0131 H\u00fcmayun oldu\u011funu belirten Kocaman, gezi program\u0131nda Divan-\u0131 H\u00fcmayun, Kubbealt\u0131, Saray Saatleri Galerisi, Harem b\u00f6l\u00fcm\u00fcndeki \u00e7e\u015fitli odalar ve d\u00fcnyaca \u00fcnl\u00fc Hazine Sergisi gibi \u00f6nemli noktalar\u0131n ziyaret\u00e7ilere a\u00e7\u0131k olaca\u011f\u0131n\u0131 duyurdu. Gezilere gruplar halinde kabul edilece\u011fini, her grup i\u00e7in 300 ki\u015filik kontenjan belirlendi\u011fini ve \u00f6zel biletlerin gi\u015feden temin edilebilece\u011fini ifade etti.<\/p>\n","protected":false},"excerpt":{"rendered":"<p>Topkap\u0131 Saray\u0131 Daire Ba\u015fkan\u0131 \u0130lhan Kocaman, bas\u0131n mensuplar\u0131na yapt\u0131\u011f\u0131 a\u00e7\u0131klamada, gece turuyla Topkap\u0131 Saray\u0131&#8217;nda tarihi&hellip;<\/p>\n","protected":false},"author":1,"featured_media":8179,"comment_status":"open","ping_status":"open","sticky":false,"template":"","format":"standard","meta":{"footnotes":""},"categories":[14],"tags":[],"class_list":["post-8178","post","type-post","status-publish","format-standard","has-post-thumbnail","hentry","category-seyahat"],"yoast_head":"<!-- This site is optimized with the Yoast SEO Premium plugin v24.3 (Yoast SEO v27.4) - https:\/\/yoast.com\/product\/yoast-seo-premium-wordpress\/ -->\n<title>Topkap\u0131 Saray\u0131&#039;nda Gece Turlar\u0131 Ba\u015flad\u0131! - E-&Ccedil;\u0130FTL\u0130K HABER<\/title>\n<meta name=\"description\" content=\"Topkap\u0131 Saray\u0131 Daire Ba\u015fkan\u0131 \u0130lhan Kocaman, bas\u0131n mensuplar\u0131na yapt\u0131\u011f\u0131 a\u00e7\u0131klamada, gece turuyla Topkap\u0131 Saray\u0131&#039;nda tarihi bir g\u00fcn ya\u015fand\u0131\u011f\u0131n\u0131 belirtti.\" \/>\n<meta name=\"robots\" content=\"index, follow, max-snippet:-1, max-image-preview:large, max-video-preview:-1\" \/>\n<link rel=\"canonical\" href=\"http:\/\/e-ciftlik.com\/haberler\/seyahat\/topkapi-sarayinda-gece-turlari-basladi\/\" \/>\n<meta property=\"og:locale\" content=\"tr_TR\" \/>\n<meta property=\"og:type\" content=\"article\" \/>\n<meta property=\"og:title\" content=\"Topkap\u0131 Saray\u0131&#039;nda Gece Turlar\u0131 Ba\u015flad\u0131!\" \/>\n<meta property=\"og:description\" content=\"Topkap\u0131 Saray\u0131 Daire Ba\u015fkan\u0131 \u0130lhan Kocaman, bas\u0131n mensuplar\u0131na yapt\u0131\u011f\u0131 a\u00e7\u0131klamada, gece turuyla Topkap\u0131 Saray\u0131&#039;nda tarihi bir g\u00fcn ya\u015fand\u0131\u011f\u0131n\u0131 belirtti.\" \/>\n<meta property=\"og:url\" content=\"http:\/\/e-ciftlik.com\/haberler\/seyahat\/topkapi-sarayinda-gece-turlari-basladi\/\" \/>\n<meta property=\"og:site_name\" content=\"E-&Ccedil;\u0130FTL\u0130K HABER\" \/>\n<meta property=\"article:publisher\" content=\"https:\/\/www.facebook.com\/eciftlikturkiye\" \/>\n<meta property=\"article:published_time\" content=\"2024-06-30T15:35:33+00:00\" \/>\n<meta property=\"og:image\" content=\"http:\/\/e-ciftlik.com\/haberler\/wp-content\/uploads\/2024\/06\/psTptVMX402CG9qpMJRDgw.jpg\" \/>\n\t<meta property=\"og:image:width\" content=\"1080\" \/>\n\t<meta property=\"og:image:height\" content=\"612\" \/>\n\t<meta property=\"og:image:type\" content=\"image\/jpeg\" \/>\n<meta name=\"author\" content=\"Haber Merkezi\" \/>\n<meta name=\"twitter:card\" content=\"summary_large_image\" \/>\n<meta name=\"twitter:creator\" content=\"@eciftlikresmi\" \/>\n<meta name=\"twitter:site\" content=\"@eciftlikresmi\" \/>\n<meta name=\"twitter:label1\" content=\"Yazan:\" \/>\n\t<meta name=\"twitter:data1\" content=\"Haber Merkezi\" \/>\n\t<meta name=\"twitter:label2\" content=\"Tahmini okuma s\u00fcresi\" \/>\n\t<meta name=\"twitter:data2\" content=\"1 dakika\" \/>\n<script type=\"application\/ld+json\" class=\"yoast-schema-graph\">{\"@context\":\"https:\\\/\\\/schema.org\",\"@graph\":[{\"@type\":\"NewsArticle\",\"@id\":\"http:\\\/\\\/e-ciftlik.com\\\/haberler\\\/seyahat\\\/topkapi-sarayinda-gece-turlari-basladi\\\/#article\",\"isPartOf\":{\"@id\":\"http:\\\/\\\/e-ciftlik.com\\\/haberler\\\/seyahat\\\/topkapi-sarayinda-gece-turlari-basladi\\\/\"},\"author\":{\"name\":\"Haber Merkezi\",\"@id\":\"https:\\\/\\\/e-ciftlik.com\\\/haberler\\\/#\\\/schema\\\/person\\\/d2f4fee3143d7f72be82cb887d51b00a\"},\"headline\":\"Topkap\u0131 Saray\u0131&#8217;nda Gece Turlar\u0131 Ba\u015flad\u0131!\",\"datePublished\":\"2024-06-30T15:35:33+00:00\",\"mainEntityOfPage\":{\"@id\":\"http:\\\/\\\/e-ciftlik.com\\\/haberler\\\/seyahat\\\/topkapi-sarayinda-gece-turlari-basladi\\\/\"},\"wordCount\":292,\"commentCount\":0,\"publisher\":{\"@id\":\"https:\\\/\\\/e-ciftlik.com\\\/haberler\\\/#organization\"},\"image\":{\"@id\":\"http:\\\/\\\/e-ciftlik.com\\\/haberler\\\/seyahat\\\/topkapi-sarayinda-gece-turlari-basladi\\\/#primaryimage\"},\"thumbnailUrl\":\"http:\\\/\\\/e-ciftlik.com\\\/haberler\\\/wp-content\\\/uploads\\\/2024\\\/06\\\/psTptVMX402CG9qpMJRDgw.jpg\",\"articleSection\":[\"Seyahat\"],\"inLanguage\":\"tr\",\"potentialAction\":[{\"@type\":\"CommentAction\",\"name\":\"Comment\",\"target\":[\"http:\\\/\\\/e-ciftlik.com\\\/haberler\\\/seyahat\\\/topkapi-sarayinda-gece-turlari-basladi\\\/#respond\"]}]},{\"@type\":\"WebPage\",\"@id\":\"http:\\\/\\\/e-ciftlik.com\\\/haberler\\\/seyahat\\\/topkapi-sarayinda-gece-turlari-basladi\\\/\",\"url\":\"http:\\\/\\\/e-ciftlik.com\\\/haberler\\\/seyahat\\\/topkapi-sarayinda-gece-turlari-basladi\\\/\",\"name\":\"Topkap\u0131 Saray\u0131'nda Gece Turlar\u0131 Ba\u015flad\u0131! - E-&Ccedil;\u0130FTL\u0130K HABER\",\"isPartOf\":{\"@id\":\"https:\\\/\\\/e-ciftlik.com\\\/haberler\\\/#website\"},\"primaryImageOfPage\":{\"@id\":\"http:\\\/\\\/e-ciftlik.com\\\/haberler\\\/seyahat\\\/topkapi-sarayinda-gece-turlari-basladi\\\/#primaryimage\"},\"image\":{\"@id\":\"http:\\\/\\\/e-ciftlik.com\\\/haberler\\\/seyahat\\\/topkapi-sarayinda-gece-turlari-basladi\\\/#primaryimage\"},\"thumbnailUrl\":\"http:\\\/\\\/e-ciftlik.com\\\/haberler\\\/wp-content\\\/uploads\\\/2024\\\/06\\\/psTptVMX402CG9qpMJRDgw.jpg\",\"datePublished\":\"2024-06-30T15:35:33+00:00\",\"description\":\"Topkap\u0131 Saray\u0131 Daire Ba\u015fkan\u0131 \u0130lhan Kocaman, bas\u0131n mensuplar\u0131na yapt\u0131\u011f\u0131 a\u00e7\u0131klamada, gece turuyla Topkap\u0131 Saray\u0131'nda tarihi bir g\u00fcn ya\u015fand\u0131\u011f\u0131n\u0131 belirtti.\",\"breadcrumb\":{\"@id\":\"http:\\\/\\\/e-ciftlik.com\\\/haberler\\\/seyahat\\\/topkapi-sarayinda-gece-turlari-basladi\\\/#breadcrumb\"},\"inLanguage\":\"tr\",\"potentialAction\":[{\"@type\":\"ReadAction\",\"target\":[\"http:\\\/\\\/e-ciftlik.com\\\/haberler\\\/seyahat\\\/topkapi-sarayinda-gece-turlari-basladi\\\/\"]}]},{\"@type\":\"ImageObject\",\"inLanguage\":\"tr\",\"@id\":\"http:\\\/\\\/e-ciftlik.com\\\/haberler\\\/seyahat\\\/topkapi-sarayinda-gece-turlari-basladi\\\/#primaryimage\",\"url\":\"http:\\\/\\\/e-ciftlik.com\\\/haberler\\\/wp-content\\\/uploads\\\/2024\\\/06\\\/psTptVMX402CG9qpMJRDgw.jpg\",\"contentUrl\":\"http:\\\/\\\/e-ciftlik.com\\\/haberler\\\/wp-content\\\/uploads\\\/2024\\\/06\\\/psTptVMX402CG9qpMJRDgw.jpg\",\"width\":1080,\"height\":612},{\"@type\":\"BreadcrumbList\",\"@id\":\"http:\\\/\\\/e-ciftlik.com\\\/haberler\\\/seyahat\\\/topkapi-sarayinda-gece-turlari-basladi\\\/#breadcrumb\",\"itemListElement\":[{\"@type\":\"ListItem\",\"position\":1,\"name\":\"Anasayfa\",\"item\":\"https:\\\/\\\/e-ciftlik.com\\\/haberler\\\/\"},{\"@type\":\"ListItem\",\"position\":2,\"name\":\"Topkap\u0131 Saray\u0131&#8217;nda Gece Turlar\u0131 Ba\u015flad\u0131!\"}]},{\"@type\":\"WebSite\",\"@id\":\"https:\\\/\\\/e-ciftlik.com\\\/haberler\\\/#website\",\"url\":\"https:\\\/\\\/e-ciftlik.com\\\/haberler\\\/\",\"name\":\"E-\u00c7iftlik Haber | G\u00fcncel, Son Dakika Haberler, En Son Haber\",\"description\":\"\",\"publisher\":{\"@id\":\"https:\\\/\\\/e-ciftlik.com\\\/haberler\\\/#organization\"},\"potentialAction\":[{\"@type\":\"SearchAction\",\"target\":{\"@type\":\"EntryPoint\",\"urlTemplate\":\"https:\\\/\\\/e-ciftlik.com\\\/haberler\\\/?s={search_term_string}\"},\"query-input\":{\"@type\":\"PropertyValueSpecification\",\"valueRequired\":true,\"valueName\":\"search_term_string\"}}],\"inLanguage\":\"tr\"},{\"@type\":\"Organization\",\"@id\":\"https:\\\/\\\/e-ciftlik.com\\\/haberler\\\/#organization\",\"name\":\"E-\u00c7\u0130FTL\u0130K HABER\",\"url\":\"https:\\\/\\\/e-ciftlik.com\\\/haberler\\\/\",\"logo\":{\"@type\":\"ImageObject\",\"inLanguage\":\"tr\",\"@id\":\"https:\\\/\\\/e-ciftlik.com\\\/haberler\\\/#\\\/schema\\\/logo\\\/image\\\/\",\"url\":\"http:\\\/\\\/e-ciftlik.com\\\/haberler\\\/wp-content\\\/uploads\\\/2024\\\/06\\\/cropped-cropped-favicon-1-2.png\",\"contentUrl\":\"http:\\\/\\\/e-ciftlik.com\\\/haberler\\\/wp-content\\\/uploads\\\/2024\\\/06\\\/cropped-cropped-favicon-1-2.png\",\"width\":512,\"height\":512,\"caption\":\"E-\u00c7\u0130FTL\u0130K HABER\"},\"image\":{\"@id\":\"https:\\\/\\\/e-ciftlik.com\\\/haberler\\\/#\\\/schema\\\/logo\\\/image\\\/\"},\"sameAs\":[\"https:\\\/\\\/www.facebook.com\\\/eciftlikturkiye\",\"https:\\\/\\\/x.com\\\/eciftlikresmi\",\"https:\\\/\\\/www.instagram.com\\\/eciftlikresmi\\\/\"]},{\"@type\":\"Person\",\"@id\":\"https:\\\/\\\/e-ciftlik.com\\\/haberler\\\/#\\\/schema\\\/person\\\/d2f4fee3143d7f72be82cb887d51b00a\",\"name\":\"Haber Merkezi\",\"image\":{\"@type\":\"ImageObject\",\"inLanguage\":\"tr\",\"@id\":\"https:\\\/\\\/secure.gravatar.com\\\/avatar\\\/6c27d641914e66c1d0452c92716002398782818991d86db1c2cccb531e7c7c82?s=96&d=mm&r=g\",\"url\":\"https:\\\/\\\/secure.gravatar.com\\\/avatar\\\/6c27d641914e66c1d0452c92716002398782818991d86db1c2cccb531e7c7c82?s=96&d=mm&r=g\",\"contentUrl\":\"https:\\\/\\\/secure.gravatar.com\\\/avatar\\\/6c27d641914e66c1d0452c92716002398782818991d86db1c2cccb531e7c7c82?s=96&d=mm&r=g\",\"caption\":\"Haber Merkezi\"},\"sameAs\":[\"http:\\\/\\\/e-ciftlik.com\\\/haberler\"]}]}<\/script>\n<!-- \/ Yoast SEO Premium plugin. -->","yoast_head_json":{"title":"Topkap\u0131 Saray\u0131'nda Gece Turlar\u0131 Ba\u015flad\u0131! - E-&Ccedil;\u0130FTL\u0130K HABER","description":"Topkap\u0131 Saray\u0131 Daire Ba\u015fkan\u0131 \u0130lhan Kocaman, bas\u0131n mensuplar\u0131na yapt\u0131\u011f\u0131 a\u00e7\u0131klamada, gece turuyla Topkap\u0131 Saray\u0131'nda tarihi bir g\u00fcn ya\u015fand\u0131\u011f\u0131n\u0131 belirtti.","robots":{"index":"index","follow":"follow","max-snippet":"max-snippet:-1","max-image-preview":"max-image-preview:large","max-video-preview":"max-video-preview:-1"},"canonical":"http:\/\/e-ciftlik.com\/haberler\/seyahat\/topkapi-sarayinda-gece-turlari-basladi\/","og_locale":"tr_TR","og_type":"article","og_title":"Topkap\u0131 Saray\u0131'nda Gece Turlar\u0131 Ba\u015flad\u0131!","og_description":"Topkap\u0131 Saray\u0131 Daire Ba\u015fkan\u0131 \u0130lhan Kocaman, bas\u0131n mensuplar\u0131na yapt\u0131\u011f\u0131 a\u00e7\u0131klamada, gece turuyla Topkap\u0131 Saray\u0131'nda tarihi bir g\u00fcn ya\u015fand\u0131\u011f\u0131n\u0131 belirtti.","og_url":"http:\/\/e-ciftlik.com\/haberler\/seyahat\/topkapi-sarayinda-gece-turlari-basladi\/","og_site_name":"E-&Ccedil;\u0130FTL\u0130K HABER","article_publisher":"https:\/\/www.facebook.com\/eciftlikturkiye","article_published_time":"2024-06-30T15:35:33+00:00","og_image":[{"width":1080,"height":612,"url":"http:\/\/e-ciftlik.com\/haberler\/wp-content\/uploads\/2024\/06\/psTptVMX402CG9qpMJRDgw.jpg","type":"image\/jpeg"}],"author":"Haber Merkezi","twitter_card":"summary_large_image","twitter_creator":"@eciftlikresmi","twitter_site":"@eciftlikresmi","twitter_misc":{"Yazan:":"Haber Merkezi","Tahmini okuma s\u00fcresi":"1 dakika"},"schema":{"@context":"https:\/\/schema.org","@graph":[{"@type":"NewsArticle","@id":"http:\/\/e-ciftlik.com\/haberler\/seyahat\/topkapi-sarayinda-gece-turlari-basladi\/#article","isPartOf":{"@id":"http:\/\/e-ciftlik.com\/haberler\/seyahat\/topkapi-sarayinda-gece-turlari-basladi\/"},"author":{"name":"Haber Merkezi","@id":"https:\/\/e-ciftlik.com\/haberler\/#\/schema\/person\/d2f4fee3143d7f72be82cb887d51b00a"},"headline":"Topkap\u0131 Saray\u0131&#8217;nda Gece Turlar\u0131 Ba\u015flad\u0131!","datePublished":"2024-06-30T15:35:33+00:00","mainEntityOfPage":{"@id":"http:\/\/e-ciftlik.com\/haberler\/seyahat\/topkapi-sarayinda-gece-turlari-basladi\/"},"wordCount":292,"commentCount":0,"publisher":{"@id":"https:\/\/e-ciftlik.com\/haberler\/#organization"},"image":{"@id":"http:\/\/e-ciftlik.com\/haberler\/seyahat\/topkapi-sarayinda-gece-turlari-basladi\/#primaryimage"},"thumbnailUrl":"http:\/\/e-ciftlik.com\/haberler\/wp-content\/uploads\/2024\/06\/psTptVMX402CG9qpMJRDgw.jpg","articleSection":["Seyahat"],"inLanguage":"tr","potentialAction":[{"@type":"CommentAction","name":"Comment","target":["http:\/\/e-ciftlik.com\/haberler\/seyahat\/topkapi-sarayinda-gece-turlari-basladi\/#respond"]}]},{"@type":"WebPage","@id":"http:\/\/e-ciftlik.com\/haberler\/seyahat\/topkapi-sarayinda-gece-turlari-basladi\/","url":"http:\/\/e-ciftlik.com\/haberler\/seyahat\/topkapi-sarayinda-gece-turlari-basladi\/","name":"Topkap\u0131 Saray\u0131'nda Gece Turlar\u0131 Ba\u015flad\u0131! - E-&Ccedil;\u0130FTL\u0130K HABER","isPartOf":{"@id":"https:\/\/e-ciftlik.com\/haberler\/#website"},"primaryImageOfPage":{"@id":"http:\/\/e-ciftlik.com\/haberler\/seyahat\/topkapi-sarayinda-gece-turlari-basladi\/#primaryimage"},"image":{"@id":"http:\/\/e-ciftlik.com\/haberler\/seyahat\/topkapi-sarayinda-gece-turlari-basladi\/#primaryimage"},"thumbnailUrl":"http:\/\/e-ciftlik.com\/haberler\/wp-content\/uploads\/2024\/06\/psTptVMX402CG9qpMJRDgw.jpg","datePublished":"2024-06-30T15:35:33+00:00","description":"Topkap\u0131 Saray\u0131 Daire Ba\u015fkan\u0131 \u0130lhan Kocaman, bas\u0131n mensuplar\u0131na yapt\u0131\u011f\u0131 a\u00e7\u0131klamada, gece turuyla Topkap\u0131 Saray\u0131'nda tarihi bir g\u00fcn ya\u015fand\u0131\u011f\u0131n\u0131 belirtti.","breadcrumb":{"@id":"http:\/\/e-ciftlik.com\/haberler\/seyahat\/topkapi-sarayinda-gece-turlari-basladi\/#breadcrumb"},"inLanguage":"tr","potentialAction":[{"@type":"ReadAction","target":["http:\/\/e-ciftlik.com\/haberler\/seyahat\/topkapi-sarayinda-gece-turlari-basladi\/"]}]},{"@type":"ImageObject","inLanguage":"tr","@id":"http:\/\/e-ciftlik.com\/haberler\/seyahat\/topkapi-sarayinda-gece-turlari-basladi\/#primaryimage","url":"http:\/\/e-ciftlik.com\/haberler\/wp-content\/uploads\/2024\/06\/psTptVMX402CG9qpMJRDgw.jpg","contentUrl":"http:\/\/e-ciftlik.com\/haberler\/wp-content\/uploads\/2024\/06\/psTptVMX402CG9qpMJRDgw.jpg","width":1080,"height":612},{"@type":"BreadcrumbList","@id":"http:\/\/e-ciftlik.com\/haberler\/seyahat\/topkapi-sarayinda-gece-turlari-basladi\/#breadcrumb","itemListElement":[{"@type":"ListItem","position":1,"name":"Anasayfa","item":"https:\/\/e-ciftlik.com\/haberler\/"},{"@type":"ListItem","position":2,"name":"Topkap\u0131 Saray\u0131&#8217;nda Gece Turlar\u0131 Ba\u015flad\u0131!"}]},{"@type":"WebSite","@id":"https:\/\/e-ciftlik.com\/haberler\/#website","url":"https:\/\/e-ciftlik.com\/haberler\/","name":"E-\u00c7iftlik Haber | G\u00fcncel, Son Dakika Haberler, En Son Haber","description":"","publisher":{"@id":"https:\/\/e-ciftlik.com\/haberler\/#organization"},"potentialAction":[{"@type":"SearchAction","target":{"@type":"EntryPoint","urlTemplate":"https:\/\/e-ciftlik.com\/haberler\/?s={search_term_string}"},"query-input":{"@type":"PropertyValueSpecification","valueRequired":true,"valueName":"search_term_string"}}],"inLanguage":"tr"},{"@type":"Organization","@id":"https:\/\/e-ciftlik.com\/haberler\/#organization","name":"E-\u00c7\u0130FTL\u0130K HABER","url":"https:\/\/e-ciftlik.com\/haberler\/","logo":{"@type":"ImageObject","inLanguage":"tr","@id":"https:\/\/e-ciftlik.com\/haberler\/#\/schema\/logo\/image\/","url":"http:\/\/e-ciftlik.com\/haberler\/wp-content\/uploads\/2024\/06\/cropped-cropped-favicon-1-2.png","contentUrl":"http:\/\/e-ciftlik.com\/haberler\/wp-content\/uploads\/2024\/06\/cropped-cropped-favicon-1-2.png","width":512,"height":512,"caption":"E-\u00c7\u0130FTL\u0130K HABER"},"image":{"@id":"https:\/\/e-ciftlik.com\/haberler\/#\/schema\/logo\/image\/"},"sameAs":["https:\/\/www.facebook.com\/eciftlikturkiye","https:\/\/x.com\/eciftlikresmi","https:\/\/www.instagram.com\/eciftlikresmi\/"]},{"@type":"Person","@id":"https:\/\/e-ciftlik.com\/haberler\/#\/schema\/person\/d2f4fee3143d7f72be82cb887d51b00a","name":"Haber Merkezi","image":{"@type":"ImageObject","inLanguage":"tr","@id":"https:\/\/secure.gravatar.com\/avatar\/6c27d641914e66c1d0452c92716002398782818991d86db1c2cccb531e7c7c82?s=96&d=mm&r=g","url":"https:\/\/secure.gravatar.com\/avatar\/6c27d641914e66c1d0452c92716002398782818991d86db1c2cccb531e7c7c82?s=96&d=mm&r=g","contentUrl":"https:\/\/secure.gravatar.com\/avatar\/6c27d641914e66c1d0452c92716002398782818991d86db1c2cccb531e7c7c82?s=96&d=mm&r=g","caption":"Haber Merkezi"},"sameAs":["http:\/\/e-ciftlik.com\/haberler"]}]}},"_links":{"self":[{"href":"http:\/\/e-ciftlik.com\/haberler\/wp-json\/wp\/v2\/posts\/8178","targetHints":{"allow":["GET"]}}],"collection":[{"href":"http:\/\/e-ciftlik.com\/haberler\/wp-json\/wp\/v2\/posts"}],"about":[{"href":"http:\/\/e-ciftlik.com\/haberler\/wp-json\/wp\/v2\/types\/post"}],"author":[{"embeddable":true,"href":"http:\/\/e-ciftlik.com\/haberler\/wp-json\/wp\/v2\/users\/1"}],"replies":[{"embeddable":true,"href":"http:\/\/e-ciftlik.com\/haberler\/wp-json\/wp\/v2\/comments?post=8178"}],"version-history":[{"count":0,"href":"http:\/\/e-ciftlik.com\/haberler\/wp-json\/wp\/v2\/posts\/8178\/revisions"}],"wp:featuredmedia":[{"embeddable":true,"href":"http:\/\/e-ciftlik.com\/haberler\/wp-json\/wp\/v2\/media\/8179"}],"wp:attachment":[{"href":"http:\/\/e-ciftlik.com\/haberler\/wp-json\/wp\/v2\/media?parent=8178"}],"wp:term":[{"taxonomy":"category","embeddable":true,"href":"http:\/\/e-ciftlik.com\/haberler\/wp-json\/wp\/v2\/categories?post=8178"},{"taxonomy":"post_tag","embeddable":true,"href":"http:\/\/e-ciftlik.com\/haberler\/wp-json\/wp\/v2\/tags?post=8178"}],"curies":[{"name":"wp","href":"https:\/\/api.w.org\/{rel}","templated":true}]}}