{"id":82206,"date":"2025-02-19T18:00:34","date_gmt":"2025-02-19T18:00:34","guid":{"rendered":"http:\/\/e-ciftlik.com\/haberler\/spor\/uefa-konferans-liginde-heyecan-dorukta\/"},"modified":"2025-02-19T18:00:34","modified_gmt":"2025-02-19T18:00:34","slug":"uefa-konferans-liginde-heyecan-dorukta","status":"publish","type":"post","link":"http:\/\/e-ciftlik.com\/haberler\/spor\/uefa-konferans-liginde-heyecan-dorukta\/","title":{"rendered":"UEFA Konferans Ligi&#8217;nde heyecan dorukta!"},"content":{"rendered":"<p>UEFA Konferans Ligi&#8217;nde Son 16 Play-Off Turu R\u00f6van\u015f Ma\u00e7lar\u0131 Yar\u0131n<\/p>\n<p>Avrupa futbolunun kul\u00fcpler d\u00fczeyindeki \u00fc\u00e7 numaral\u0131 kupas\u0131 UEFA Konferans Ligi&#8217;nde son 16 play-off turu r\u00f6van\u015f ma\u00e7lar\u0131 yar\u0131n yap\u0131lacak. Bu turda 8 kar\u015f\u0131la\u015fma ger\u00e7ekle\u015ftirilecek ve rakiplerini eleyen tak\u0131mlar, isimlerini son 16 turuna yazd\u0131racak.<\/p>\n<p>Lig a\u015famas\u0131nda ilk 8&#8217;de yer alan tak\u0131mlar aras\u0131nda Chelsea, Vitoria Guimaraes, Fiorentina, Rapid Wien, Djurgarden, Lugano, Legia Var\u015fova ve Cercle Brugge de bulunuyor. Bu tak\u0131mlar\u0131n da dahil olaca\u011f\u0131 son 16 turu kura \u00e7ekimi ise 21 \u015eubat Cuma g\u00fcn\u00fc yap\u0131lacak.<\/p>\n<p>UEFA Konferans Ligi&#8217;nde son 16 play-off turu r\u00f6van\u015f ma\u00e7lar\u0131n\u0131n program\u0131 \u015fu \u015fekilde:<\/p>\n<p>&#8211; 20.45&#8217;te Real Betis (\u0130spanya) ile Gent (Bel\u00e7ika) aras\u0131nda (3-0)<br \/>\n&#8211; 20.45&#8217;te Olimpija Ljubljana (Slovenya) ile Borac (Bosna Hersek) aras\u0131nda (0-1)<br \/>\n&#8211; 20.45&#8217;te Pafos (K\u0131br\u0131s Rum Kesimi) ile Omonoia (K\u0131br\u0131s Rum Kesimi) aras\u0131nda (1-1)<br \/>\n&#8211; 20.45&#8217;te Heidenheim (Almanya) ile Kopenhag (Danimarka) aras\u0131nda (2-1)<br \/>\n&#8211; 23.00&#8217;te Jagiellonia (Polonya) ile TSC (S\u0131rbistan) aras\u0131nda (3-1)<br \/>\n&#8211; 23.00&#8217;te APOEL (K\u0131br\u0131s Rum Kesimi) ile Celje (Slovenya) aras\u0131nda (2-2)<br \/>\n&#8211; 23.00&#8217;te Panathinaikos (Yunanistan) ile Vikingur (\u0130zlanda) aras\u0131nda (1-2)<br \/>\n&#8211; 23.00&#8217;te Shamrock Rovers (\u0130rlanda) ile Molde (Norve\u00e7) aras\u0131nda (1-0)<\/p>\n","protected":false},"excerpt":{"rendered":"<p>UEFA Konferans Ligi&#8217;nde Son 16 Play-Off Turu R\u00f6van\u015f Ma\u00e7lar\u0131 Yar\u0131n Avrupa futbolunun kul\u00fcpler d\u00fczeyindeki \u00fc\u00e7&hellip;<\/p>\n","protected":false},"author":1,"featured_media":82207,"comment_status":"open","ping_status":"open","sticky":false,"template":"","format":"standard","meta":{"footnotes":""},"categories":[7],"tags":[],"class_list":["post-82206","post","type-post","status-publish","format-standard","has-post-thumbnail","hentry","category-spor"],"yoast_head":"<!-- This site is optimized with the Yoast SEO Premium plugin v24.3 (Yoast SEO v27.4) - https:\/\/yoast.com\/product\/yoast-seo-premium-wordpress\/ -->\n<title>UEFA Konferans Ligi&#039;nde heyecan dorukta! - E-&Ccedil;\u0130FTL\u0130K HABER<\/title>\n<meta name=\"description\" content=\"UEFA Konferans Ligi&#039;nde Son 16 Play-Off Turu R\u00f6van\u015f Ma\u00e7lar\u0131 Yar\u0131n Avrupa futbolunun kul\u00fcpler d\u00fczeyindeki \u00fc\u00e7 numaral\u0131 kupas\u0131 UEFA Konferans Ligi&#039;nde son 16\" \/>\n<meta name=\"robots\" content=\"index, follow, max-snippet:-1, max-image-preview:large, max-video-preview:-1\" \/>\n<link rel=\"canonical\" href=\"http:\/\/e-ciftlik.com\/haberler\/spor\/uefa-konferans-liginde-heyecan-dorukta\/\" \/>\n<meta property=\"og:locale\" content=\"tr_TR\" \/>\n<meta property=\"og:type\" content=\"article\" \/>\n<meta property=\"og:title\" content=\"UEFA Konferans Ligi&#039;nde heyecan dorukta!\" \/>\n<meta property=\"og:description\" content=\"UEFA Konferans Ligi&#039;nde Son 16 Play-Off Turu R\u00f6van\u015f Ma\u00e7lar\u0131 Yar\u0131n Avrupa futbolunun kul\u00fcpler d\u00fczeyindeki \u00fc\u00e7 numaral\u0131 kupas\u0131 UEFA Konferans Ligi&#039;nde son 16\" \/>\n<meta property=\"og:url\" content=\"http:\/\/e-ciftlik.com\/haberler\/spor\/uefa-konferans-liginde-heyecan-dorukta\/\" \/>\n<meta property=\"og:site_name\" content=\"E-&Ccedil;\u0130FTL\u0130K HABER\" \/>\n<meta property=\"article:publisher\" content=\"https:\/\/www.facebook.com\/eciftlikturkiye\" \/>\n<meta property=\"article:published_time\" content=\"2025-02-19T18:00:34+00:00\" \/>\n<meta property=\"og:image\" content=\"http:\/\/e-ciftlik.com\/haberler\/wp-content\/uploads\/2025\/02\/1739988036_1200x628.jpeg\" \/>\n\t<meta property=\"og:image:width\" content=\"1200\" \/>\n\t<meta property=\"og:image:height\" content=\"628\" \/>\n\t<meta property=\"og:image:type\" content=\"image\/jpeg\" \/>\n<meta name=\"author\" content=\"Haber Merkezi\" \/>\n<meta name=\"twitter:card\" content=\"summary_large_image\" \/>\n<meta name=\"twitter:creator\" content=\"@eciftlikresmi\" \/>\n<meta name=\"twitter:site\" content=\"@eciftlikresmi\" \/>\n<meta name=\"twitter:label1\" content=\"Yazan:\" \/>\n\t<meta name=\"twitter:data1\" content=\"Haber Merkezi\" \/>\n\t<meta name=\"twitter:label2\" content=\"Tahmini okuma s\u00fcresi\" \/>\n\t<meta name=\"twitter:data2\" content=\"1 dakika\" \/>\n<script type=\"application\/ld+json\" class=\"yoast-schema-graph\">{\"@context\":\"https:\\\/\\\/schema.org\",\"@graph\":[{\"@type\":\"NewsArticle\",\"@id\":\"http:\\\/\\\/e-ciftlik.com\\\/haberler\\\/spor\\\/uefa-konferans-liginde-heyecan-dorukta\\\/#article\",\"isPartOf\":{\"@id\":\"http:\\\/\\\/e-ciftlik.com\\\/haberler\\\/spor\\\/uefa-konferans-liginde-heyecan-dorukta\\\/\"},\"author\":{\"name\":\"Haber Merkezi\",\"@id\":\"https:\\\/\\\/e-ciftlik.com\\\/haberler\\\/#\\\/schema\\\/person\\\/d2f4fee3143d7f72be82cb887d51b00a\"},\"headline\":\"UEFA Konferans Ligi&#8217;nde heyecan dorukta!\",\"datePublished\":\"2025-02-19T18:00:34+00:00\",\"mainEntityOfPage\":{\"@id\":\"http:\\\/\\\/e-ciftlik.com\\\/haberler\\\/spor\\\/uefa-konferans-liginde-heyecan-dorukta\\\/\"},\"wordCount\":220,\"commentCount\":0,\"publisher\":{\"@id\":\"https:\\\/\\\/e-ciftlik.com\\\/haberler\\\/#organization\"},\"image\":{\"@id\":\"http:\\\/\\\/e-ciftlik.com\\\/haberler\\\/spor\\\/uefa-konferans-liginde-heyecan-dorukta\\\/#primaryimage\"},\"thumbnailUrl\":\"http:\\\/\\\/e-ciftlik.com\\\/haberler\\\/wp-content\\\/uploads\\\/2025\\\/02\\\/1739988036_1200x628.jpeg\",\"articleSection\":[\"Spor\"],\"inLanguage\":\"tr\",\"potentialAction\":[{\"@type\":\"CommentAction\",\"name\":\"Comment\",\"target\":[\"http:\\\/\\\/e-ciftlik.com\\\/haberler\\\/spor\\\/uefa-konferans-liginde-heyecan-dorukta\\\/#respond\"]}]},{\"@type\":\"WebPage\",\"@id\":\"http:\\\/\\\/e-ciftlik.com\\\/haberler\\\/spor\\\/uefa-konferans-liginde-heyecan-dorukta\\\/\",\"url\":\"http:\\\/\\\/e-ciftlik.com\\\/haberler\\\/spor\\\/uefa-konferans-liginde-heyecan-dorukta\\\/\",\"name\":\"UEFA Konferans Ligi'nde heyecan dorukta! - E-&Ccedil;\u0130FTL\u0130K HABER\",\"isPartOf\":{\"@id\":\"https:\\\/\\\/e-ciftlik.com\\\/haberler\\\/#website\"},\"primaryImageOfPage\":{\"@id\":\"http:\\\/\\\/e-ciftlik.com\\\/haberler\\\/spor\\\/uefa-konferans-liginde-heyecan-dorukta\\\/#primaryimage\"},\"image\":{\"@id\":\"http:\\\/\\\/e-ciftlik.com\\\/haberler\\\/spor\\\/uefa-konferans-liginde-heyecan-dorukta\\\/#primaryimage\"},\"thumbnailUrl\":\"http:\\\/\\\/e-ciftlik.com\\\/haberler\\\/wp-content\\\/uploads\\\/2025\\\/02\\\/1739988036_1200x628.jpeg\",\"datePublished\":\"2025-02-19T18:00:34+00:00\",\"description\":\"UEFA Konferans Ligi'nde Son 16 Play-Off Turu R\u00f6van\u015f Ma\u00e7lar\u0131 Yar\u0131n Avrupa futbolunun kul\u00fcpler d\u00fczeyindeki \u00fc\u00e7 numaral\u0131 kupas\u0131 UEFA Konferans Ligi'nde son 16\",\"breadcrumb\":{\"@id\":\"http:\\\/\\\/e-ciftlik.com\\\/haberler\\\/spor\\\/uefa-konferans-liginde-heyecan-dorukta\\\/#breadcrumb\"},\"inLanguage\":\"tr\",\"potentialAction\":[{\"@type\":\"ReadAction\",\"target\":[\"http:\\\/\\\/e-ciftlik.com\\\/haberler\\\/spor\\\/uefa-konferans-liginde-heyecan-dorukta\\\/\"]}]},{\"@type\":\"ImageObject\",\"inLanguage\":\"tr\",\"@id\":\"http:\\\/\\\/e-ciftlik.com\\\/haberler\\\/spor\\\/uefa-konferans-liginde-heyecan-dorukta\\\/#primaryimage\",\"url\":\"http:\\\/\\\/e-ciftlik.com\\\/haberler\\\/wp-content\\\/uploads\\\/2025\\\/02\\\/1739988036_1200x628.jpeg\",\"contentUrl\":\"http:\\\/\\\/e-ciftlik.com\\\/haberler\\\/wp-content\\\/uploads\\\/2025\\\/02\\\/1739988036_1200x628.jpeg\",\"width\":1200,\"height\":628},{\"@type\":\"BreadcrumbList\",\"@id\":\"http:\\\/\\\/e-ciftlik.com\\\/haberler\\\/spor\\\/uefa-konferans-liginde-heyecan-dorukta\\\/#breadcrumb\",\"itemListElement\":[{\"@type\":\"ListItem\",\"position\":1,\"name\":\"Anasayfa\",\"item\":\"https:\\\/\\\/e-ciftlik.com\\\/haberler\\\/\"},{\"@type\":\"ListItem\",\"position\":2,\"name\":\"UEFA Konferans Ligi&#8217;nde heyecan dorukta!\"}]},{\"@type\":\"WebSite\",\"@id\":\"https:\\\/\\\/e-ciftlik.com\\\/haberler\\\/#website\",\"url\":\"https:\\\/\\\/e-ciftlik.com\\\/haberler\\\/\",\"name\":\"E-\u00c7iftlik Haber | G\u00fcncel, Son Dakika Haberler, En Son Haber\",\"description\":\"\",\"publisher\":{\"@id\":\"https:\\\/\\\/e-ciftlik.com\\\/haberler\\\/#organization\"},\"potentialAction\":[{\"@type\":\"SearchAction\",\"target\":{\"@type\":\"EntryPoint\",\"urlTemplate\":\"https:\\\/\\\/e-ciftlik.com\\\/haberler\\\/?s={search_term_string}\"},\"query-input\":{\"@type\":\"PropertyValueSpecification\",\"valueRequired\":true,\"valueName\":\"search_term_string\"}}],\"inLanguage\":\"tr\"},{\"@type\":\"Organization\",\"@id\":\"https:\\\/\\\/e-ciftlik.com\\\/haberler\\\/#organization\",\"name\":\"E-\u00c7\u0130FTL\u0130K HABER\",\"url\":\"https:\\\/\\\/e-ciftlik.com\\\/haberler\\\/\",\"logo\":{\"@type\":\"ImageObject\",\"inLanguage\":\"tr\",\"@id\":\"https:\\\/\\\/e-ciftlik.com\\\/haberler\\\/#\\\/schema\\\/logo\\\/image\\\/\",\"url\":\"http:\\\/\\\/e-ciftlik.com\\\/haberler\\\/wp-content\\\/uploads\\\/2024\\\/06\\\/cropped-cropped-favicon-1-2.png\",\"contentUrl\":\"http:\\\/\\\/e-ciftlik.com\\\/haberler\\\/wp-content\\\/uploads\\\/2024\\\/06\\\/cropped-cropped-favicon-1-2.png\",\"width\":512,\"height\":512,\"caption\":\"E-\u00c7\u0130FTL\u0130K HABER\"},\"image\":{\"@id\":\"https:\\\/\\\/e-ciftlik.com\\\/haberler\\\/#\\\/schema\\\/logo\\\/image\\\/\"},\"sameAs\":[\"https:\\\/\\\/www.facebook.com\\\/eciftlikturkiye\",\"https:\\\/\\\/x.com\\\/eciftlikresmi\",\"https:\\\/\\\/www.instagram.com\\\/eciftlikresmi\\\/\"]},{\"@type\":\"Person\",\"@id\":\"https:\\\/\\\/e-ciftlik.com\\\/haberler\\\/#\\\/schema\\\/person\\\/d2f4fee3143d7f72be82cb887d51b00a\",\"name\":\"Haber Merkezi\",\"image\":{\"@type\":\"ImageObject\",\"inLanguage\":\"tr\",\"@id\":\"https:\\\/\\\/secure.gravatar.com\\\/avatar\\\/6c27d641914e66c1d0452c92716002398782818991d86db1c2cccb531e7c7c82?s=96&d=mm&r=g\",\"url\":\"https:\\\/\\\/secure.gravatar.com\\\/avatar\\\/6c27d641914e66c1d0452c92716002398782818991d86db1c2cccb531e7c7c82?s=96&d=mm&r=g\",\"contentUrl\":\"https:\\\/\\\/secure.gravatar.com\\\/avatar\\\/6c27d641914e66c1d0452c92716002398782818991d86db1c2cccb531e7c7c82?s=96&d=mm&r=g\",\"caption\":\"Haber Merkezi\"},\"sameAs\":[\"http:\\\/\\\/e-ciftlik.com\\\/haberler\"]}]}<\/script>\n<!-- \/ Yoast SEO Premium plugin. -->","yoast_head_json":{"title":"UEFA Konferans Ligi'nde heyecan dorukta! - E-&Ccedil;\u0130FTL\u0130K HABER","description":"UEFA Konferans Ligi'nde Son 16 Play-Off Turu R\u00f6van\u015f Ma\u00e7lar\u0131 Yar\u0131n Avrupa futbolunun kul\u00fcpler d\u00fczeyindeki \u00fc\u00e7 numaral\u0131 kupas\u0131 UEFA Konferans Ligi'nde son 16","robots":{"index":"index","follow":"follow","max-snippet":"max-snippet:-1","max-image-preview":"max-image-preview:large","max-video-preview":"max-video-preview:-1"},"canonical":"http:\/\/e-ciftlik.com\/haberler\/spor\/uefa-konferans-liginde-heyecan-dorukta\/","og_locale":"tr_TR","og_type":"article","og_title":"UEFA Konferans Ligi'nde heyecan dorukta!","og_description":"UEFA Konferans Ligi'nde Son 16 Play-Off Turu R\u00f6van\u015f Ma\u00e7lar\u0131 Yar\u0131n Avrupa futbolunun kul\u00fcpler d\u00fczeyindeki \u00fc\u00e7 numaral\u0131 kupas\u0131 UEFA Konferans Ligi'nde son 16","og_url":"http:\/\/e-ciftlik.com\/haberler\/spor\/uefa-konferans-liginde-heyecan-dorukta\/","og_site_name":"E-&Ccedil;\u0130FTL\u0130K HABER","article_publisher":"https:\/\/www.facebook.com\/eciftlikturkiye","article_published_time":"2025-02-19T18:00:34+00:00","og_image":[{"width":1200,"height":628,"url":"http:\/\/e-ciftlik.com\/haberler\/wp-content\/uploads\/2025\/02\/1739988036_1200x628.jpeg","type":"image\/jpeg"}],"author":"Haber Merkezi","twitter_card":"summary_large_image","twitter_creator":"@eciftlikresmi","twitter_site":"@eciftlikresmi","twitter_misc":{"Yazan:":"Haber Merkezi","Tahmini okuma s\u00fcresi":"1 dakika"},"schema":{"@context":"https:\/\/schema.org","@graph":[{"@type":"NewsArticle","@id":"http:\/\/e-ciftlik.com\/haberler\/spor\/uefa-konferans-liginde-heyecan-dorukta\/#article","isPartOf":{"@id":"http:\/\/e-ciftlik.com\/haberler\/spor\/uefa-konferans-liginde-heyecan-dorukta\/"},"author":{"name":"Haber Merkezi","@id":"https:\/\/e-ciftlik.com\/haberler\/#\/schema\/person\/d2f4fee3143d7f72be82cb887d51b00a"},"headline":"UEFA Konferans Ligi&#8217;nde heyecan dorukta!","datePublished":"2025-02-19T18:00:34+00:00","mainEntityOfPage":{"@id":"http:\/\/e-ciftlik.com\/haberler\/spor\/uefa-konferans-liginde-heyecan-dorukta\/"},"wordCount":220,"commentCount":0,"publisher":{"@id":"https:\/\/e-ciftlik.com\/haberler\/#organization"},"image":{"@id":"http:\/\/e-ciftlik.com\/haberler\/spor\/uefa-konferans-liginde-heyecan-dorukta\/#primaryimage"},"thumbnailUrl":"http:\/\/e-ciftlik.com\/haberler\/wp-content\/uploads\/2025\/02\/1739988036_1200x628.jpeg","articleSection":["Spor"],"inLanguage":"tr","potentialAction":[{"@type":"CommentAction","name":"Comment","target":["http:\/\/e-ciftlik.com\/haberler\/spor\/uefa-konferans-liginde-heyecan-dorukta\/#respond"]}]},{"@type":"WebPage","@id":"http:\/\/e-ciftlik.com\/haberler\/spor\/uefa-konferans-liginde-heyecan-dorukta\/","url":"http:\/\/e-ciftlik.com\/haberler\/spor\/uefa-konferans-liginde-heyecan-dorukta\/","name":"UEFA Konferans Ligi'nde heyecan dorukta! - E-&Ccedil;\u0130FTL\u0130K HABER","isPartOf":{"@id":"https:\/\/e-ciftlik.com\/haberler\/#website"},"primaryImageOfPage":{"@id":"http:\/\/e-ciftlik.com\/haberler\/spor\/uefa-konferans-liginde-heyecan-dorukta\/#primaryimage"},"image":{"@id":"http:\/\/e-ciftlik.com\/haberler\/spor\/uefa-konferans-liginde-heyecan-dorukta\/#primaryimage"},"thumbnailUrl":"http:\/\/e-ciftlik.com\/haberler\/wp-content\/uploads\/2025\/02\/1739988036_1200x628.jpeg","datePublished":"2025-02-19T18:00:34+00:00","description":"UEFA Konferans Ligi'nde Son 16 Play-Off Turu R\u00f6van\u015f Ma\u00e7lar\u0131 Yar\u0131n Avrupa futbolunun kul\u00fcpler d\u00fczeyindeki \u00fc\u00e7 numaral\u0131 kupas\u0131 UEFA Konferans Ligi'nde son 16","breadcrumb":{"@id":"http:\/\/e-ciftlik.com\/haberler\/spor\/uefa-konferans-liginde-heyecan-dorukta\/#breadcrumb"},"inLanguage":"tr","potentialAction":[{"@type":"ReadAction","target":["http:\/\/e-ciftlik.com\/haberler\/spor\/uefa-konferans-liginde-heyecan-dorukta\/"]}]},{"@type":"ImageObject","inLanguage":"tr","@id":"http:\/\/e-ciftlik.com\/haberler\/spor\/uefa-konferans-liginde-heyecan-dorukta\/#primaryimage","url":"http:\/\/e-ciftlik.com\/haberler\/wp-content\/uploads\/2025\/02\/1739988036_1200x628.jpeg","contentUrl":"http:\/\/e-ciftlik.com\/haberler\/wp-content\/uploads\/2025\/02\/1739988036_1200x628.jpeg","width":1200,"height":628},{"@type":"BreadcrumbList","@id":"http:\/\/e-ciftlik.com\/haberler\/spor\/uefa-konferans-liginde-heyecan-dorukta\/#breadcrumb","itemListElement":[{"@type":"ListItem","position":1,"name":"Anasayfa","item":"https:\/\/e-ciftlik.com\/haberler\/"},{"@type":"ListItem","position":2,"name":"UEFA Konferans Ligi&#8217;nde heyecan dorukta!"}]},{"@type":"WebSite","@id":"https:\/\/e-ciftlik.com\/haberler\/#website","url":"https:\/\/e-ciftlik.com\/haberler\/","name":"E-\u00c7iftlik Haber | G\u00fcncel, Son Dakika Haberler, En Son Haber","description":"","publisher":{"@id":"https:\/\/e-ciftlik.com\/haberler\/#organization"},"potentialAction":[{"@type":"SearchAction","target":{"@type":"EntryPoint","urlTemplate":"https:\/\/e-ciftlik.com\/haberler\/?s={search_term_string}"},"query-input":{"@type":"PropertyValueSpecification","valueRequired":true,"valueName":"search_term_string"}}],"inLanguage":"tr"},{"@type":"Organization","@id":"https:\/\/e-ciftlik.com\/haberler\/#organization","name":"E-\u00c7\u0130FTL\u0130K HABER","url":"https:\/\/e-ciftlik.com\/haberler\/","logo":{"@type":"ImageObject","inLanguage":"tr","@id":"https:\/\/e-ciftlik.com\/haberler\/#\/schema\/logo\/image\/","url":"http:\/\/e-ciftlik.com\/haberler\/wp-content\/uploads\/2024\/06\/cropped-cropped-favicon-1-2.png","contentUrl":"http:\/\/e-ciftlik.com\/haberler\/wp-content\/uploads\/2024\/06\/cropped-cropped-favicon-1-2.png","width":512,"height":512,"caption":"E-\u00c7\u0130FTL\u0130K HABER"},"image":{"@id":"https:\/\/e-ciftlik.com\/haberler\/#\/schema\/logo\/image\/"},"sameAs":["https:\/\/www.facebook.com\/eciftlikturkiye","https:\/\/x.com\/eciftlikresmi","https:\/\/www.instagram.com\/eciftlikresmi\/"]},{"@type":"Person","@id":"https:\/\/e-ciftlik.com\/haberler\/#\/schema\/person\/d2f4fee3143d7f72be82cb887d51b00a","name":"Haber Merkezi","image":{"@type":"ImageObject","inLanguage":"tr","@id":"https:\/\/secure.gravatar.com\/avatar\/6c27d641914e66c1d0452c92716002398782818991d86db1c2cccb531e7c7c82?s=96&d=mm&r=g","url":"https:\/\/secure.gravatar.com\/avatar\/6c27d641914e66c1d0452c92716002398782818991d86db1c2cccb531e7c7c82?s=96&d=mm&r=g","contentUrl":"https:\/\/secure.gravatar.com\/avatar\/6c27d641914e66c1d0452c92716002398782818991d86db1c2cccb531e7c7c82?s=96&d=mm&r=g","caption":"Haber Merkezi"},"sameAs":["http:\/\/e-ciftlik.com\/haberler"]}]}},"_links":{"self":[{"href":"http:\/\/e-ciftlik.com\/haberler\/wp-json\/wp\/v2\/posts\/82206","targetHints":{"allow":["GET"]}}],"collection":[{"href":"http:\/\/e-ciftlik.com\/haberler\/wp-json\/wp\/v2\/posts"}],"about":[{"href":"http:\/\/e-ciftlik.com\/haberler\/wp-json\/wp\/v2\/types\/post"}],"author":[{"embeddable":true,"href":"http:\/\/e-ciftlik.com\/haberler\/wp-json\/wp\/v2\/users\/1"}],"replies":[{"embeddable":true,"href":"http:\/\/e-ciftlik.com\/haberler\/wp-json\/wp\/v2\/comments?post=82206"}],"version-history":[{"count":0,"href":"http:\/\/e-ciftlik.com\/haberler\/wp-json\/wp\/v2\/posts\/82206\/revisions"}],"wp:featuredmedia":[{"embeddable":true,"href":"http:\/\/e-ciftlik.com\/haberler\/wp-json\/wp\/v2\/media\/82207"}],"wp:attachment":[{"href":"http:\/\/e-ciftlik.com\/haberler\/wp-json\/wp\/v2\/media?parent=82206"}],"wp:term":[{"taxonomy":"category","embeddable":true,"href":"http:\/\/e-ciftlik.com\/haberler\/wp-json\/wp\/v2\/categories?post=82206"},{"taxonomy":"post_tag","embeddable":true,"href":"http:\/\/e-ciftlik.com\/haberler\/wp-json\/wp\/v2\/tags?post=82206"}],"curies":[{"name":"wp","href":"https:\/\/api.w.org\/{rel}","templated":true}]}}