{"id":8226,"date":"2024-06-29T12:31:00","date_gmt":"2024-06-29T12:31:00","guid":{"rendered":"https:\/\/e-ciftlik.com\/haberler\/tarim\/elmadagda-ekili-tarim-arazisinde-korkutan-yangin\/"},"modified":"2024-06-29T12:31:00","modified_gmt":"2024-06-29T12:31:00","slug":"elmadagda-ekili-tarim-arazisinde-korkutan-yangin","status":"publish","type":"post","link":"http:\/\/e-ciftlik.com\/haberler\/tarim\/elmadagda-ekili-tarim-arazisinde-korkutan-yangin\/","title":{"rendered":"Elmada\u011f&#8217;da Ekili Tar\u0131m Arazisinde Korkutan Yang\u0131n!"},"content":{"rendered":"<p>Ankara&#8217;n\u0131n Elmada\u011f il\u00e7esinde ekili tar\u0131m arazisinde sebebi bilinmeyen bir olaydan \u00f6t\u00fcr\u00fc \u00e7\u0131kan yang\u0131n, itfaiye ekiplerinin h\u0131zl\u0131 m\u00fcdahalesinin ard\u0131ndan kontrol alt\u0131na al\u0131nd\u0131.<\/p>\n<p>Olay, Elmada\u011f&#8217;\u0131n Tatl\u0131ca Mahallesi&#8217;nde meydana geldi. Arazide sebebi belirsiz bir durumdan kaynaklanan yang\u0131n, ihbar \u00fczerine olay yerine \u00e7ok say\u0131da itfaiye ekibi sevk edilerek s\u00f6nd\u00fcr\u00fcld\u00fc. Alevler, \u00e7evredeki tar\u0131m arazilerine s\u0131\u00e7ramadan ekiplerin m\u00fcdahalesiyle kontrol alt\u0131na al\u0131nd\u0131.<\/p>\n<p>Jandarma ekipleri, yang\u0131n\u0131n sebebini ara\u015ft\u0131rmaya devam ediyor. &#8211; ANKARA<\/p>\n<p>Kaynak: \u0130hlas Haber Ajans\u0131 \/ 3.Sayfa<\/p>\n<p>Jandarma, \u0130tfaiye, Elmada\u011f, Ankara, \u0130tfaiye, 3.Sayfa, Ya\u015fam, G\u00fcncel, Haberler<\/p>\n","protected":false},"excerpt":{"rendered":"<p>Ankara&#8217;n\u0131n Elmada\u011f il\u00e7esinde ekili tar\u0131m arazisinde sebebi bilinmeyen bir olaydan \u00f6t\u00fcr\u00fc \u00e7\u0131kan yang\u0131n, itfaiye ekiplerinin&hellip;<\/p>\n","protected":false},"author":1,"featured_media":8227,"comment_status":"open","ping_status":"open","sticky":false,"template":"","format":"standard","meta":{"footnotes":""},"categories":[9],"tags":[],"class_list":["post-8226","post","type-post","status-publish","format-standard","has-post-thumbnail","hentry","category-tarim"],"yoast_head":"<!-- This site is optimized with the Yoast SEO Premium plugin v24.3 (Yoast SEO v27.4) - https:\/\/yoast.com\/product\/yoast-seo-premium-wordpress\/ -->\n<title>Elmada\u011f&#039;da Ekili Tar\u0131m Arazisinde Korkutan Yang\u0131n! - E-&Ccedil;\u0130FTL\u0130K HABER<\/title>\n<meta name=\"description\" content=\"Ankara&#039;n\u0131n Elmada\u011f il\u00e7esinde ekili tar\u0131m arazisinde sebebi bilinmeyen bir olaydan \u00f6t\u00fcr\u00fc \u00e7\u0131kan yang\u0131n, itfaiye ekiplerinin h\u0131zl\u0131 m\u00fcdahalesinin ard\u0131ndan\" \/>\n<meta name=\"robots\" content=\"index, follow, max-snippet:-1, max-image-preview:large, max-video-preview:-1\" \/>\n<link rel=\"canonical\" href=\"https:\/\/e-ciftlik.com\/haberler\/tarim\/elmadagda-ekili-tarim-arazisinde-korkutan-yangin\/\" \/>\n<meta property=\"og:locale\" content=\"tr_TR\" \/>\n<meta property=\"og:type\" content=\"article\" \/>\n<meta property=\"og:title\" content=\"Elmada\u011f&#039;da Ekili Tar\u0131m Arazisinde Korkutan Yang\u0131n!\" \/>\n<meta property=\"og:description\" content=\"Ankara&#039;n\u0131n Elmada\u011f il\u00e7esinde ekili tar\u0131m arazisinde sebebi bilinmeyen bir olaydan \u00f6t\u00fcr\u00fc \u00e7\u0131kan yang\u0131n, itfaiye ekiplerinin h\u0131zl\u0131 m\u00fcdahalesinin ard\u0131ndan\" \/>\n<meta property=\"og:url\" content=\"https:\/\/e-ciftlik.com\/haberler\/tarim\/elmadagda-ekili-tarim-arazisinde-korkutan-yangin\/\" \/>\n<meta property=\"og:site_name\" content=\"E-&Ccedil;\u0130FTL\u0130K HABER\" \/>\n<meta property=\"article:publisher\" content=\"https:\/\/www.facebook.com\/eciftlikturkiye\" \/>\n<meta property=\"article:published_time\" content=\"2024-06-29T12:31:00+00:00\" \/>\n<meta property=\"og:image\" content=\"https:\/\/e-ciftlik.com\/haberler\/wp-content\/uploads\/2024\/06\/ekili-tarim-arazisinde-korkutan-yangin-17471033_amp.jpg\" \/>\n\t<meta property=\"og:image:width\" content=\"1237\" \/>\n\t<meta property=\"og:image:height\" content=\"675\" \/>\n\t<meta property=\"og:image:type\" content=\"image\/jpeg\" \/>\n<meta name=\"author\" content=\"Haber Merkezi\" \/>\n<meta name=\"twitter:card\" content=\"summary_large_image\" \/>\n<meta name=\"twitter:creator\" content=\"@eciftlikresmi\" \/>\n<meta name=\"twitter:site\" content=\"@eciftlikresmi\" \/>\n<meta name=\"twitter:label1\" content=\"Yazan:\" \/>\n\t<meta name=\"twitter:data1\" content=\"Haber Merkezi\" \/>\n\t<meta name=\"twitter:label2\" content=\"Tahmini okuma s\u00fcresi\" \/>\n\t<meta name=\"twitter:data2\" content=\"1 dakika\" \/>\n<script type=\"application\/ld+json\" class=\"yoast-schema-graph\">{\"@context\":\"https:\\\/\\\/schema.org\",\"@graph\":[{\"@type\":\"NewsArticle\",\"@id\":\"https:\\\/\\\/e-ciftlik.com\\\/haberler\\\/tarim\\\/elmadagda-ekili-tarim-arazisinde-korkutan-yangin\\\/#article\",\"isPartOf\":{\"@id\":\"https:\\\/\\\/e-ciftlik.com\\\/haberler\\\/tarim\\\/elmadagda-ekili-tarim-arazisinde-korkutan-yangin\\\/\"},\"author\":{\"name\":\"Haber Merkezi\",\"@id\":\"https:\\\/\\\/e-ciftlik.com\\\/haberler\\\/#\\\/schema\\\/person\\\/d2f4fee3143d7f72be82cb887d51b00a\"},\"headline\":\"Elmada\u011f&#8217;da Ekili Tar\u0131m Arazisinde Korkutan Yang\u0131n!\",\"datePublished\":\"2024-06-29T12:31:00+00:00\",\"mainEntityOfPage\":{\"@id\":\"https:\\\/\\\/e-ciftlik.com\\\/haberler\\\/tarim\\\/elmadagda-ekili-tarim-arazisinde-korkutan-yangin\\\/\"},\"wordCount\":117,\"commentCount\":0,\"publisher\":{\"@id\":\"https:\\\/\\\/e-ciftlik.com\\\/haberler\\\/#organization\"},\"image\":{\"@id\":\"https:\\\/\\\/e-ciftlik.com\\\/haberler\\\/tarim\\\/elmadagda-ekili-tarim-arazisinde-korkutan-yangin\\\/#primaryimage\"},\"thumbnailUrl\":\"http:\\\/\\\/e-ciftlik.com\\\/haberler\\\/wp-content\\\/uploads\\\/2024\\\/06\\\/ekili-tarim-arazisinde-korkutan-yangin-17471033_amp.jpg\",\"articleSection\":[\"Tar\u0131m\"],\"inLanguage\":\"tr\",\"potentialAction\":[{\"@type\":\"CommentAction\",\"name\":\"Comment\",\"target\":[\"https:\\\/\\\/e-ciftlik.com\\\/haberler\\\/tarim\\\/elmadagda-ekili-tarim-arazisinde-korkutan-yangin\\\/#respond\"]}]},{\"@type\":\"WebPage\",\"@id\":\"https:\\\/\\\/e-ciftlik.com\\\/haberler\\\/tarim\\\/elmadagda-ekili-tarim-arazisinde-korkutan-yangin\\\/\",\"url\":\"https:\\\/\\\/e-ciftlik.com\\\/haberler\\\/tarim\\\/elmadagda-ekili-tarim-arazisinde-korkutan-yangin\\\/\",\"name\":\"Elmada\u011f'da Ekili Tar\u0131m Arazisinde Korkutan Yang\u0131n! - E-&Ccedil;\u0130FTL\u0130K HABER\",\"isPartOf\":{\"@id\":\"https:\\\/\\\/e-ciftlik.com\\\/haberler\\\/#website\"},\"primaryImageOfPage\":{\"@id\":\"https:\\\/\\\/e-ciftlik.com\\\/haberler\\\/tarim\\\/elmadagda-ekili-tarim-arazisinde-korkutan-yangin\\\/#primaryimage\"},\"image\":{\"@id\":\"https:\\\/\\\/e-ciftlik.com\\\/haberler\\\/tarim\\\/elmadagda-ekili-tarim-arazisinde-korkutan-yangin\\\/#primaryimage\"},\"thumbnailUrl\":\"http:\\\/\\\/e-ciftlik.com\\\/haberler\\\/wp-content\\\/uploads\\\/2024\\\/06\\\/ekili-tarim-arazisinde-korkutan-yangin-17471033_amp.jpg\",\"datePublished\":\"2024-06-29T12:31:00+00:00\",\"description\":\"Ankara'n\u0131n Elmada\u011f il\u00e7esinde ekili tar\u0131m arazisinde sebebi bilinmeyen bir olaydan \u00f6t\u00fcr\u00fc \u00e7\u0131kan yang\u0131n, itfaiye ekiplerinin h\u0131zl\u0131 m\u00fcdahalesinin ard\u0131ndan\",\"breadcrumb\":{\"@id\":\"https:\\\/\\\/e-ciftlik.com\\\/haberler\\\/tarim\\\/elmadagda-ekili-tarim-arazisinde-korkutan-yangin\\\/#breadcrumb\"},\"inLanguage\":\"tr\",\"potentialAction\":[{\"@type\":\"ReadAction\",\"target\":[\"https:\\\/\\\/e-ciftlik.com\\\/haberler\\\/tarim\\\/elmadagda-ekili-tarim-arazisinde-korkutan-yangin\\\/\"]}]},{\"@type\":\"ImageObject\",\"inLanguage\":\"tr\",\"@id\":\"https:\\\/\\\/e-ciftlik.com\\\/haberler\\\/tarim\\\/elmadagda-ekili-tarim-arazisinde-korkutan-yangin\\\/#primaryimage\",\"url\":\"http:\\\/\\\/e-ciftlik.com\\\/haberler\\\/wp-content\\\/uploads\\\/2024\\\/06\\\/ekili-tarim-arazisinde-korkutan-yangin-17471033_amp.jpg\",\"contentUrl\":\"http:\\\/\\\/e-ciftlik.com\\\/haberler\\\/wp-content\\\/uploads\\\/2024\\\/06\\\/ekili-tarim-arazisinde-korkutan-yangin-17471033_amp.jpg\",\"width\":1237,\"height\":675},{\"@type\":\"BreadcrumbList\",\"@id\":\"https:\\\/\\\/e-ciftlik.com\\\/haberler\\\/tarim\\\/elmadagda-ekili-tarim-arazisinde-korkutan-yangin\\\/#breadcrumb\",\"itemListElement\":[{\"@type\":\"ListItem\",\"position\":1,\"name\":\"Anasayfa\",\"item\":\"https:\\\/\\\/e-ciftlik.com\\\/haberler\\\/\"},{\"@type\":\"ListItem\",\"position\":2,\"name\":\"Elmada\u011f&#8217;da Ekili Tar\u0131m Arazisinde Korkutan Yang\u0131n!\"}]},{\"@type\":\"WebSite\",\"@id\":\"https:\\\/\\\/e-ciftlik.com\\\/haberler\\\/#website\",\"url\":\"https:\\\/\\\/e-ciftlik.com\\\/haberler\\\/\",\"name\":\"E-\u00c7iftlik Haber | G\u00fcncel, Son Dakika Haberler, En Son Haber\",\"description\":\"\",\"publisher\":{\"@id\":\"https:\\\/\\\/e-ciftlik.com\\\/haberler\\\/#organization\"},\"potentialAction\":[{\"@type\":\"SearchAction\",\"target\":{\"@type\":\"EntryPoint\",\"urlTemplate\":\"https:\\\/\\\/e-ciftlik.com\\\/haberler\\\/?s={search_term_string}\"},\"query-input\":{\"@type\":\"PropertyValueSpecification\",\"valueRequired\":true,\"valueName\":\"search_term_string\"}}],\"inLanguage\":\"tr\"},{\"@type\":\"Organization\",\"@id\":\"https:\\\/\\\/e-ciftlik.com\\\/haberler\\\/#organization\",\"name\":\"E-\u00c7\u0130FTL\u0130K HABER\",\"url\":\"https:\\\/\\\/e-ciftlik.com\\\/haberler\\\/\",\"logo\":{\"@type\":\"ImageObject\",\"inLanguage\":\"tr\",\"@id\":\"https:\\\/\\\/e-ciftlik.com\\\/haberler\\\/#\\\/schema\\\/logo\\\/image\\\/\",\"url\":\"http:\\\/\\\/e-ciftlik.com\\\/haberler\\\/wp-content\\\/uploads\\\/2024\\\/06\\\/cropped-cropped-favicon-1-2.png\",\"contentUrl\":\"http:\\\/\\\/e-ciftlik.com\\\/haberler\\\/wp-content\\\/uploads\\\/2024\\\/06\\\/cropped-cropped-favicon-1-2.png\",\"width\":512,\"height\":512,\"caption\":\"E-\u00c7\u0130FTL\u0130K HABER\"},\"image\":{\"@id\":\"https:\\\/\\\/e-ciftlik.com\\\/haberler\\\/#\\\/schema\\\/logo\\\/image\\\/\"},\"sameAs\":[\"https:\\\/\\\/www.facebook.com\\\/eciftlikturkiye\",\"https:\\\/\\\/x.com\\\/eciftlikresmi\",\"https:\\\/\\\/www.instagram.com\\\/eciftlikresmi\\\/\"]},{\"@type\":\"Person\",\"@id\":\"https:\\\/\\\/e-ciftlik.com\\\/haberler\\\/#\\\/schema\\\/person\\\/d2f4fee3143d7f72be82cb887d51b00a\",\"name\":\"Haber Merkezi\",\"image\":{\"@type\":\"ImageObject\",\"inLanguage\":\"tr\",\"@id\":\"https:\\\/\\\/secure.gravatar.com\\\/avatar\\\/6c27d641914e66c1d0452c92716002398782818991d86db1c2cccb531e7c7c82?s=96&d=mm&r=g\",\"url\":\"https:\\\/\\\/secure.gravatar.com\\\/avatar\\\/6c27d641914e66c1d0452c92716002398782818991d86db1c2cccb531e7c7c82?s=96&d=mm&r=g\",\"contentUrl\":\"https:\\\/\\\/secure.gravatar.com\\\/avatar\\\/6c27d641914e66c1d0452c92716002398782818991d86db1c2cccb531e7c7c82?s=96&d=mm&r=g\",\"caption\":\"Haber Merkezi\"},\"sameAs\":[\"http:\\\/\\\/e-ciftlik.com\\\/haberler\"]}]}<\/script>\n<!-- \/ Yoast SEO Premium plugin. -->","yoast_head_json":{"title":"Elmada\u011f'da Ekili Tar\u0131m Arazisinde Korkutan Yang\u0131n! - E-&Ccedil;\u0130FTL\u0130K HABER","description":"Ankara'n\u0131n Elmada\u011f il\u00e7esinde ekili tar\u0131m arazisinde sebebi bilinmeyen bir olaydan \u00f6t\u00fcr\u00fc \u00e7\u0131kan yang\u0131n, itfaiye ekiplerinin h\u0131zl\u0131 m\u00fcdahalesinin ard\u0131ndan","robots":{"index":"index","follow":"follow","max-snippet":"max-snippet:-1","max-image-preview":"max-image-preview:large","max-video-preview":"max-video-preview:-1"},"canonical":"https:\/\/e-ciftlik.com\/haberler\/tarim\/elmadagda-ekili-tarim-arazisinde-korkutan-yangin\/","og_locale":"tr_TR","og_type":"article","og_title":"Elmada\u011f'da Ekili Tar\u0131m Arazisinde Korkutan Yang\u0131n!","og_description":"Ankara'n\u0131n Elmada\u011f il\u00e7esinde ekili tar\u0131m arazisinde sebebi bilinmeyen bir olaydan \u00f6t\u00fcr\u00fc \u00e7\u0131kan yang\u0131n, itfaiye ekiplerinin h\u0131zl\u0131 m\u00fcdahalesinin ard\u0131ndan","og_url":"https:\/\/e-ciftlik.com\/haberler\/tarim\/elmadagda-ekili-tarim-arazisinde-korkutan-yangin\/","og_site_name":"E-&Ccedil;\u0130FTL\u0130K HABER","article_publisher":"https:\/\/www.facebook.com\/eciftlikturkiye","article_published_time":"2024-06-29T12:31:00+00:00","og_image":[{"width":1237,"height":675,"url":"https:\/\/e-ciftlik.com\/haberler\/wp-content\/uploads\/2024\/06\/ekili-tarim-arazisinde-korkutan-yangin-17471033_amp.jpg","type":"image\/jpeg"}],"author":"Haber Merkezi","twitter_card":"summary_large_image","twitter_creator":"@eciftlikresmi","twitter_site":"@eciftlikresmi","twitter_misc":{"Yazan:":"Haber Merkezi","Tahmini okuma s\u00fcresi":"1 dakika"},"schema":{"@context":"https:\/\/schema.org","@graph":[{"@type":"NewsArticle","@id":"https:\/\/e-ciftlik.com\/haberler\/tarim\/elmadagda-ekili-tarim-arazisinde-korkutan-yangin\/#article","isPartOf":{"@id":"https:\/\/e-ciftlik.com\/haberler\/tarim\/elmadagda-ekili-tarim-arazisinde-korkutan-yangin\/"},"author":{"name":"Haber Merkezi","@id":"https:\/\/e-ciftlik.com\/haberler\/#\/schema\/person\/d2f4fee3143d7f72be82cb887d51b00a"},"headline":"Elmada\u011f&#8217;da Ekili Tar\u0131m Arazisinde Korkutan Yang\u0131n!","datePublished":"2024-06-29T12:31:00+00:00","mainEntityOfPage":{"@id":"https:\/\/e-ciftlik.com\/haberler\/tarim\/elmadagda-ekili-tarim-arazisinde-korkutan-yangin\/"},"wordCount":117,"commentCount":0,"publisher":{"@id":"https:\/\/e-ciftlik.com\/haberler\/#organization"},"image":{"@id":"https:\/\/e-ciftlik.com\/haberler\/tarim\/elmadagda-ekili-tarim-arazisinde-korkutan-yangin\/#primaryimage"},"thumbnailUrl":"http:\/\/e-ciftlik.com\/haberler\/wp-content\/uploads\/2024\/06\/ekili-tarim-arazisinde-korkutan-yangin-17471033_amp.jpg","articleSection":["Tar\u0131m"],"inLanguage":"tr","potentialAction":[{"@type":"CommentAction","name":"Comment","target":["https:\/\/e-ciftlik.com\/haberler\/tarim\/elmadagda-ekili-tarim-arazisinde-korkutan-yangin\/#respond"]}]},{"@type":"WebPage","@id":"https:\/\/e-ciftlik.com\/haberler\/tarim\/elmadagda-ekili-tarim-arazisinde-korkutan-yangin\/","url":"https:\/\/e-ciftlik.com\/haberler\/tarim\/elmadagda-ekili-tarim-arazisinde-korkutan-yangin\/","name":"Elmada\u011f'da Ekili Tar\u0131m Arazisinde Korkutan Yang\u0131n! - E-&Ccedil;\u0130FTL\u0130K HABER","isPartOf":{"@id":"https:\/\/e-ciftlik.com\/haberler\/#website"},"primaryImageOfPage":{"@id":"https:\/\/e-ciftlik.com\/haberler\/tarim\/elmadagda-ekili-tarim-arazisinde-korkutan-yangin\/#primaryimage"},"image":{"@id":"https:\/\/e-ciftlik.com\/haberler\/tarim\/elmadagda-ekili-tarim-arazisinde-korkutan-yangin\/#primaryimage"},"thumbnailUrl":"http:\/\/e-ciftlik.com\/haberler\/wp-content\/uploads\/2024\/06\/ekili-tarim-arazisinde-korkutan-yangin-17471033_amp.jpg","datePublished":"2024-06-29T12:31:00+00:00","description":"Ankara'n\u0131n Elmada\u011f il\u00e7esinde ekili tar\u0131m arazisinde sebebi bilinmeyen bir olaydan \u00f6t\u00fcr\u00fc \u00e7\u0131kan yang\u0131n, itfaiye ekiplerinin h\u0131zl\u0131 m\u00fcdahalesinin ard\u0131ndan","breadcrumb":{"@id":"https:\/\/e-ciftlik.com\/haberler\/tarim\/elmadagda-ekili-tarim-arazisinde-korkutan-yangin\/#breadcrumb"},"inLanguage":"tr","potentialAction":[{"@type":"ReadAction","target":["https:\/\/e-ciftlik.com\/haberler\/tarim\/elmadagda-ekili-tarim-arazisinde-korkutan-yangin\/"]}]},{"@type":"ImageObject","inLanguage":"tr","@id":"https:\/\/e-ciftlik.com\/haberler\/tarim\/elmadagda-ekili-tarim-arazisinde-korkutan-yangin\/#primaryimage","url":"http:\/\/e-ciftlik.com\/haberler\/wp-content\/uploads\/2024\/06\/ekili-tarim-arazisinde-korkutan-yangin-17471033_amp.jpg","contentUrl":"http:\/\/e-ciftlik.com\/haberler\/wp-content\/uploads\/2024\/06\/ekili-tarim-arazisinde-korkutan-yangin-17471033_amp.jpg","width":1237,"height":675},{"@type":"BreadcrumbList","@id":"https:\/\/e-ciftlik.com\/haberler\/tarim\/elmadagda-ekili-tarim-arazisinde-korkutan-yangin\/#breadcrumb","itemListElement":[{"@type":"ListItem","position":1,"name":"Anasayfa","item":"https:\/\/e-ciftlik.com\/haberler\/"},{"@type":"ListItem","position":2,"name":"Elmada\u011f&#8217;da Ekili Tar\u0131m Arazisinde Korkutan Yang\u0131n!"}]},{"@type":"WebSite","@id":"https:\/\/e-ciftlik.com\/haberler\/#website","url":"https:\/\/e-ciftlik.com\/haberler\/","name":"E-\u00c7iftlik Haber | G\u00fcncel, Son Dakika Haberler, En Son Haber","description":"","publisher":{"@id":"https:\/\/e-ciftlik.com\/haberler\/#organization"},"potentialAction":[{"@type":"SearchAction","target":{"@type":"EntryPoint","urlTemplate":"https:\/\/e-ciftlik.com\/haberler\/?s={search_term_string}"},"query-input":{"@type":"PropertyValueSpecification","valueRequired":true,"valueName":"search_term_string"}}],"inLanguage":"tr"},{"@type":"Organization","@id":"https:\/\/e-ciftlik.com\/haberler\/#organization","name":"E-\u00c7\u0130FTL\u0130K HABER","url":"https:\/\/e-ciftlik.com\/haberler\/","logo":{"@type":"ImageObject","inLanguage":"tr","@id":"https:\/\/e-ciftlik.com\/haberler\/#\/schema\/logo\/image\/","url":"http:\/\/e-ciftlik.com\/haberler\/wp-content\/uploads\/2024\/06\/cropped-cropped-favicon-1-2.png","contentUrl":"http:\/\/e-ciftlik.com\/haberler\/wp-content\/uploads\/2024\/06\/cropped-cropped-favicon-1-2.png","width":512,"height":512,"caption":"E-\u00c7\u0130FTL\u0130K HABER"},"image":{"@id":"https:\/\/e-ciftlik.com\/haberler\/#\/schema\/logo\/image\/"},"sameAs":["https:\/\/www.facebook.com\/eciftlikturkiye","https:\/\/x.com\/eciftlikresmi","https:\/\/www.instagram.com\/eciftlikresmi\/"]},{"@type":"Person","@id":"https:\/\/e-ciftlik.com\/haberler\/#\/schema\/person\/d2f4fee3143d7f72be82cb887d51b00a","name":"Haber Merkezi","image":{"@type":"ImageObject","inLanguage":"tr","@id":"https:\/\/secure.gravatar.com\/avatar\/6c27d641914e66c1d0452c92716002398782818991d86db1c2cccb531e7c7c82?s=96&d=mm&r=g","url":"https:\/\/secure.gravatar.com\/avatar\/6c27d641914e66c1d0452c92716002398782818991d86db1c2cccb531e7c7c82?s=96&d=mm&r=g","contentUrl":"https:\/\/secure.gravatar.com\/avatar\/6c27d641914e66c1d0452c92716002398782818991d86db1c2cccb531e7c7c82?s=96&d=mm&r=g","caption":"Haber Merkezi"},"sameAs":["http:\/\/e-ciftlik.com\/haberler"]}]}},"_links":{"self":[{"href":"http:\/\/e-ciftlik.com\/haberler\/wp-json\/wp\/v2\/posts\/8226","targetHints":{"allow":["GET"]}}],"collection":[{"href":"http:\/\/e-ciftlik.com\/haberler\/wp-json\/wp\/v2\/posts"}],"about":[{"href":"http:\/\/e-ciftlik.com\/haberler\/wp-json\/wp\/v2\/types\/post"}],"author":[{"embeddable":true,"href":"http:\/\/e-ciftlik.com\/haberler\/wp-json\/wp\/v2\/users\/1"}],"replies":[{"embeddable":true,"href":"http:\/\/e-ciftlik.com\/haberler\/wp-json\/wp\/v2\/comments?post=8226"}],"version-history":[{"count":0,"href":"http:\/\/e-ciftlik.com\/haberler\/wp-json\/wp\/v2\/posts\/8226\/revisions"}],"wp:featuredmedia":[{"embeddable":true,"href":"http:\/\/e-ciftlik.com\/haberler\/wp-json\/wp\/v2\/media\/8227"}],"wp:attachment":[{"href":"http:\/\/e-ciftlik.com\/haberler\/wp-json\/wp\/v2\/media?parent=8226"}],"wp:term":[{"taxonomy":"category","embeddable":true,"href":"http:\/\/e-ciftlik.com\/haberler\/wp-json\/wp\/v2\/categories?post=8226"},{"taxonomy":"post_tag","embeddable":true,"href":"http:\/\/e-ciftlik.com\/haberler\/wp-json\/wp\/v2\/tags?post=8226"}],"curies":[{"name":"wp","href":"https:\/\/api.w.org\/{rel}","templated":true}]}}