{"id":8252,"date":"2024-06-30T21:01:00","date_gmt":"2024-06-30T21:01:00","guid":{"rendered":"https:\/\/e-ciftlik.com\/haberler\/seyahat\/luis-arce-darbe-girisimi-iddialarini-reddetti\/"},"modified":"2024-06-30T21:01:00","modified_gmt":"2024-06-30T21:01:00","slug":"luis-arce-darbe-girisimi-iddialarini-reddetti","status":"publish","type":"post","link":"http:\/\/e-ciftlik.com\/haberler\/seyahat\/luis-arce-darbe-girisimi-iddialarini-reddetti\/","title":{"rendered":"Luis Arce, Darbe Giri\u015fimi \u0130ddialar\u0131n\u0131 Reddetti"},"content":{"rendered":"<p>Bolivya Devlet Ba\u015fkan\u0131 Luis Arce, kendisini devirmeye \u00e7al\u0131\u015fan bir generalin ba\u011f\u0131ms\u0131z hareket etti\u011fini belirterek, darbe giri\u015fimini planlad\u0131\u011f\u0131 y\u00f6n\u00fcndeki su\u00e7lamalar\u0131 reddetti. Arce, bu iddialar\u0131 kabul etmedi\u011fini ve \u00fclkenin demokratik s\u00fcre\u00e7lerine sayg\u0131 duyulmas\u0131 gerekti\u011fini vurgulad\u0131. <\/p>\n<p>Arce, ya\u015fanan olaylar\u0131n \u00fclkeyi istikrars\u0131zl\u0131\u011fa s\u00fcr\u00fcklemeye \u00e7al\u0131\u015ft\u0131\u011f\u0131n\u0131 ve demokratik se\u00e7imlerle i\u015fba\u015f\u0131na gelen bir liderin hedef al\u0131nmaya \u00e7al\u0131\u015f\u0131ld\u0131\u011f\u0131n\u0131 belirtti. Devlet Ba\u015fkan\u0131, t\u00fcm vatanda\u015flara s\u00fckunet \u00e7a\u011fr\u0131s\u0131nda bulunarak, h\u00fck\u00fcmetin halk\u0131n refah\u0131 ve \u00fclkenin gelece\u011fi i\u00e7in \u00e7al\u0131\u015fmaya devam edece\u011fini s\u00f6yledi. <\/p>\n<p>Darbe giri\u015fimi hakk\u0131nda detayl\u0131 bilgi veren Arce, olay\u0131n arkas\u0131nda yabanc\u0131 g\u00fc\u00e7lerin olabilece\u011fine dair belirtiler oldu\u011funu dile getirdi. Arce, \u00fclke g\u00fcvenli\u011finin sa\u011flanmas\u0131 ad\u0131na gerekli \u00f6nlemlerin al\u0131nd\u0131\u011f\u0131n\u0131 ve sorumlular\u0131n adalet \u00f6n\u00fcne \u00e7\u0131kar\u0131laca\u011f\u0131n\u0131 a\u00e7\u0131klad\u0131. <\/p>\n<p>Bolivya Devlet Ba\u015fkan\u0131, uluslararas\u0131 toplumdan darbe giri\u015fimine kar\u015f\u0131 tav\u0131r almalar\u0131n\u0131 ve demokrasiye verilen destekleri s\u00fcrd\u00fcrmelerini talep etti. Arce, \u00fclkenin demokratik s\u00fcre\u00e7lerinden ve halk\u0131n\u0131n iradesinden yana olduklar\u0131n\u0131 belirterek, darbe te\u015febb\u00fcs\u00fcn\u00fcn bertaraf edilece\u011fine inand\u0131\u011f\u0131n\u0131 s\u00f6zlerine ekledi.<\/p>\n","protected":false},"excerpt":{"rendered":"<p>Bolivya Devlet Ba\u015fkan\u0131 Luis Arce, kendisini devirmeye \u00e7al\u0131\u015fan bir generalin ba\u011f\u0131ms\u0131z hareket etti\u011fini belirterek, darbe&hellip;<\/p>\n","protected":false},"author":1,"featured_media":0,"comment_status":"open","ping_status":"open","sticky":false,"template":"","format":"standard","meta":{"footnotes":""},"categories":[14],"tags":[],"class_list":["post-8252","post","type-post","status-publish","format-standard","hentry","category-seyahat"],"yoast_head":"<!-- This site is optimized with the Yoast SEO Premium plugin v24.3 (Yoast SEO v27.4) - https:\/\/yoast.com\/product\/yoast-seo-premium-wordpress\/ -->\n<title>Luis Arce, Darbe Giri\u015fimi \u0130ddialar\u0131n\u0131 Reddetti - E-&Ccedil;\u0130FTL\u0130K HABER<\/title>\n<meta name=\"description\" content=\"Bolivya Devlet Ba\u015fkan\u0131 Luis Arce, kendisini devirmeye \u00e7al\u0131\u015fan bir generalin ba\u011f\u0131ms\u0131z hareket etti\u011fini belirterek, darbe giri\u015fimini planlad\u0131\u011f\u0131 y\u00f6n\u00fcndeki\" \/>\n<meta name=\"robots\" content=\"index, follow, max-snippet:-1, max-image-preview:large, max-video-preview:-1\" \/>\n<link rel=\"canonical\" href=\"http:\/\/e-ciftlik.com\/haberler\/seyahat\/luis-arce-darbe-girisimi-iddialarini-reddetti\/\" \/>\n<meta property=\"og:locale\" content=\"tr_TR\" \/>\n<meta property=\"og:type\" content=\"article\" \/>\n<meta property=\"og:title\" content=\"Luis Arce, Darbe Giri\u015fimi \u0130ddialar\u0131n\u0131 Reddetti\" \/>\n<meta property=\"og:description\" content=\"Bolivya Devlet Ba\u015fkan\u0131 Luis Arce, kendisini devirmeye \u00e7al\u0131\u015fan bir generalin ba\u011f\u0131ms\u0131z hareket etti\u011fini belirterek, darbe giri\u015fimini planlad\u0131\u011f\u0131 y\u00f6n\u00fcndeki\" \/>\n<meta property=\"og:url\" content=\"http:\/\/e-ciftlik.com\/haberler\/seyahat\/luis-arce-darbe-girisimi-iddialarini-reddetti\/\" \/>\n<meta property=\"og:site_name\" content=\"E-&Ccedil;\u0130FTL\u0130K HABER\" \/>\n<meta property=\"article:publisher\" content=\"https:\/\/www.facebook.com\/eciftlikturkiye\" \/>\n<meta property=\"article:published_time\" content=\"2024-06-30T21:01:00+00:00\" \/>\n<meta name=\"author\" content=\"Haber Merkezi\" \/>\n<meta name=\"twitter:card\" content=\"summary_large_image\" \/>\n<meta name=\"twitter:creator\" content=\"@eciftlikresmi\" \/>\n<meta name=\"twitter:site\" content=\"@eciftlikresmi\" \/>\n<meta name=\"twitter:label1\" content=\"Yazan:\" \/>\n\t<meta name=\"twitter:data1\" content=\"Haber Merkezi\" \/>\n\t<meta name=\"twitter:label2\" content=\"Tahmini okuma s\u00fcresi\" \/>\n\t<meta name=\"twitter:data2\" content=\"1 dakika\" \/>\n<script type=\"application\/ld+json\" class=\"yoast-schema-graph\">{\"@context\":\"https:\\\/\\\/schema.org\",\"@graph\":[{\"@type\":\"NewsArticle\",\"@id\":\"http:\\\/\\\/e-ciftlik.com\\\/haberler\\\/seyahat\\\/luis-arce-darbe-girisimi-iddialarini-reddetti\\\/#article\",\"isPartOf\":{\"@id\":\"http:\\\/\\\/e-ciftlik.com\\\/haberler\\\/seyahat\\\/luis-arce-darbe-girisimi-iddialarini-reddetti\\\/\"},\"author\":{\"name\":\"Haber Merkezi\",\"@id\":\"https:\\\/\\\/e-ciftlik.com\\\/haberler\\\/#\\\/schema\\\/person\\\/d2f4fee3143d7f72be82cb887d51b00a\"},\"headline\":\"Luis Arce, Darbe Giri\u015fimi \u0130ddialar\u0131n\u0131 Reddetti\",\"datePublished\":\"2024-06-30T21:01:00+00:00\",\"mainEntityOfPage\":{\"@id\":\"http:\\\/\\\/e-ciftlik.com\\\/haberler\\\/seyahat\\\/luis-arce-darbe-girisimi-iddialarini-reddetti\\\/\"},\"wordCount\":220,\"commentCount\":0,\"publisher\":{\"@id\":\"https:\\\/\\\/e-ciftlik.com\\\/haberler\\\/#organization\"},\"articleSection\":[\"Seyahat\"],\"inLanguage\":\"tr\",\"potentialAction\":[{\"@type\":\"CommentAction\",\"name\":\"Comment\",\"target\":[\"http:\\\/\\\/e-ciftlik.com\\\/haberler\\\/seyahat\\\/luis-arce-darbe-girisimi-iddialarini-reddetti\\\/#respond\"]}]},{\"@type\":\"WebPage\",\"@id\":\"http:\\\/\\\/e-ciftlik.com\\\/haberler\\\/seyahat\\\/luis-arce-darbe-girisimi-iddialarini-reddetti\\\/\",\"url\":\"http:\\\/\\\/e-ciftlik.com\\\/haberler\\\/seyahat\\\/luis-arce-darbe-girisimi-iddialarini-reddetti\\\/\",\"name\":\"Luis Arce, Darbe Giri\u015fimi \u0130ddialar\u0131n\u0131 Reddetti - E-&Ccedil;\u0130FTL\u0130K HABER\",\"isPartOf\":{\"@id\":\"https:\\\/\\\/e-ciftlik.com\\\/haberler\\\/#website\"},\"datePublished\":\"2024-06-30T21:01:00+00:00\",\"description\":\"Bolivya Devlet Ba\u015fkan\u0131 Luis Arce, kendisini devirmeye \u00e7al\u0131\u015fan bir generalin ba\u011f\u0131ms\u0131z hareket etti\u011fini belirterek, darbe giri\u015fimini planlad\u0131\u011f\u0131 y\u00f6n\u00fcndeki\",\"breadcrumb\":{\"@id\":\"http:\\\/\\\/e-ciftlik.com\\\/haberler\\\/seyahat\\\/luis-arce-darbe-girisimi-iddialarini-reddetti\\\/#breadcrumb\"},\"inLanguage\":\"tr\",\"potentialAction\":[{\"@type\":\"ReadAction\",\"target\":[\"http:\\\/\\\/e-ciftlik.com\\\/haberler\\\/seyahat\\\/luis-arce-darbe-girisimi-iddialarini-reddetti\\\/\"]}]},{\"@type\":\"BreadcrumbList\",\"@id\":\"http:\\\/\\\/e-ciftlik.com\\\/haberler\\\/seyahat\\\/luis-arce-darbe-girisimi-iddialarini-reddetti\\\/#breadcrumb\",\"itemListElement\":[{\"@type\":\"ListItem\",\"position\":1,\"name\":\"Anasayfa\",\"item\":\"https:\\\/\\\/e-ciftlik.com\\\/haberler\\\/\"},{\"@type\":\"ListItem\",\"position\":2,\"name\":\"Luis Arce, Darbe Giri\u015fimi \u0130ddialar\u0131n\u0131 Reddetti\"}]},{\"@type\":\"WebSite\",\"@id\":\"https:\\\/\\\/e-ciftlik.com\\\/haberler\\\/#website\",\"url\":\"https:\\\/\\\/e-ciftlik.com\\\/haberler\\\/\",\"name\":\"E-\u00c7iftlik Haber | G\u00fcncel, Son Dakika Haberler, En Son Haber\",\"description\":\"\",\"publisher\":{\"@id\":\"https:\\\/\\\/e-ciftlik.com\\\/haberler\\\/#organization\"},\"potentialAction\":[{\"@type\":\"SearchAction\",\"target\":{\"@type\":\"EntryPoint\",\"urlTemplate\":\"https:\\\/\\\/e-ciftlik.com\\\/haberler\\\/?s={search_term_string}\"},\"query-input\":{\"@type\":\"PropertyValueSpecification\",\"valueRequired\":true,\"valueName\":\"search_term_string\"}}],\"inLanguage\":\"tr\"},{\"@type\":\"Organization\",\"@id\":\"https:\\\/\\\/e-ciftlik.com\\\/haberler\\\/#organization\",\"name\":\"E-\u00c7\u0130FTL\u0130K HABER\",\"url\":\"https:\\\/\\\/e-ciftlik.com\\\/haberler\\\/\",\"logo\":{\"@type\":\"ImageObject\",\"inLanguage\":\"tr\",\"@id\":\"https:\\\/\\\/e-ciftlik.com\\\/haberler\\\/#\\\/schema\\\/logo\\\/image\\\/\",\"url\":\"http:\\\/\\\/e-ciftlik.com\\\/haberler\\\/wp-content\\\/uploads\\\/2024\\\/06\\\/cropped-cropped-favicon-1-2.png\",\"contentUrl\":\"http:\\\/\\\/e-ciftlik.com\\\/haberler\\\/wp-content\\\/uploads\\\/2024\\\/06\\\/cropped-cropped-favicon-1-2.png\",\"width\":512,\"height\":512,\"caption\":\"E-\u00c7\u0130FTL\u0130K HABER\"},\"image\":{\"@id\":\"https:\\\/\\\/e-ciftlik.com\\\/haberler\\\/#\\\/schema\\\/logo\\\/image\\\/\"},\"sameAs\":[\"https:\\\/\\\/www.facebook.com\\\/eciftlikturkiye\",\"https:\\\/\\\/x.com\\\/eciftlikresmi\",\"https:\\\/\\\/www.instagram.com\\\/eciftlikresmi\\\/\"]},{\"@type\":\"Person\",\"@id\":\"https:\\\/\\\/e-ciftlik.com\\\/haberler\\\/#\\\/schema\\\/person\\\/d2f4fee3143d7f72be82cb887d51b00a\",\"name\":\"Haber Merkezi\",\"image\":{\"@type\":\"ImageObject\",\"inLanguage\":\"tr\",\"@id\":\"https:\\\/\\\/secure.gravatar.com\\\/avatar\\\/6c27d641914e66c1d0452c92716002398782818991d86db1c2cccb531e7c7c82?s=96&d=mm&r=g\",\"url\":\"https:\\\/\\\/secure.gravatar.com\\\/avatar\\\/6c27d641914e66c1d0452c92716002398782818991d86db1c2cccb531e7c7c82?s=96&d=mm&r=g\",\"contentUrl\":\"https:\\\/\\\/secure.gravatar.com\\\/avatar\\\/6c27d641914e66c1d0452c92716002398782818991d86db1c2cccb531e7c7c82?s=96&d=mm&r=g\",\"caption\":\"Haber Merkezi\"},\"sameAs\":[\"http:\\\/\\\/e-ciftlik.com\\\/haberler\"]}]}<\/script>\n<!-- \/ Yoast SEO Premium plugin. -->","yoast_head_json":{"title":"Luis Arce, Darbe Giri\u015fimi \u0130ddialar\u0131n\u0131 Reddetti - E-&Ccedil;\u0130FTL\u0130K HABER","description":"Bolivya Devlet Ba\u015fkan\u0131 Luis Arce, kendisini devirmeye \u00e7al\u0131\u015fan bir generalin ba\u011f\u0131ms\u0131z hareket etti\u011fini belirterek, darbe giri\u015fimini planlad\u0131\u011f\u0131 y\u00f6n\u00fcndeki","robots":{"index":"index","follow":"follow","max-snippet":"max-snippet:-1","max-image-preview":"max-image-preview:large","max-video-preview":"max-video-preview:-1"},"canonical":"http:\/\/e-ciftlik.com\/haberler\/seyahat\/luis-arce-darbe-girisimi-iddialarini-reddetti\/","og_locale":"tr_TR","og_type":"article","og_title":"Luis Arce, Darbe Giri\u015fimi \u0130ddialar\u0131n\u0131 Reddetti","og_description":"Bolivya Devlet Ba\u015fkan\u0131 Luis Arce, kendisini devirmeye \u00e7al\u0131\u015fan bir generalin ba\u011f\u0131ms\u0131z hareket etti\u011fini belirterek, darbe giri\u015fimini planlad\u0131\u011f\u0131 y\u00f6n\u00fcndeki","og_url":"http:\/\/e-ciftlik.com\/haberler\/seyahat\/luis-arce-darbe-girisimi-iddialarini-reddetti\/","og_site_name":"E-&Ccedil;\u0130FTL\u0130K HABER","article_publisher":"https:\/\/www.facebook.com\/eciftlikturkiye","article_published_time":"2024-06-30T21:01:00+00:00","author":"Haber Merkezi","twitter_card":"summary_large_image","twitter_creator":"@eciftlikresmi","twitter_site":"@eciftlikresmi","twitter_misc":{"Yazan:":"Haber Merkezi","Tahmini okuma s\u00fcresi":"1 dakika"},"schema":{"@context":"https:\/\/schema.org","@graph":[{"@type":"NewsArticle","@id":"http:\/\/e-ciftlik.com\/haberler\/seyahat\/luis-arce-darbe-girisimi-iddialarini-reddetti\/#article","isPartOf":{"@id":"http:\/\/e-ciftlik.com\/haberler\/seyahat\/luis-arce-darbe-girisimi-iddialarini-reddetti\/"},"author":{"name":"Haber Merkezi","@id":"https:\/\/e-ciftlik.com\/haberler\/#\/schema\/person\/d2f4fee3143d7f72be82cb887d51b00a"},"headline":"Luis Arce, Darbe Giri\u015fimi \u0130ddialar\u0131n\u0131 Reddetti","datePublished":"2024-06-30T21:01:00+00:00","mainEntityOfPage":{"@id":"http:\/\/e-ciftlik.com\/haberler\/seyahat\/luis-arce-darbe-girisimi-iddialarini-reddetti\/"},"wordCount":220,"commentCount":0,"publisher":{"@id":"https:\/\/e-ciftlik.com\/haberler\/#organization"},"articleSection":["Seyahat"],"inLanguage":"tr","potentialAction":[{"@type":"CommentAction","name":"Comment","target":["http:\/\/e-ciftlik.com\/haberler\/seyahat\/luis-arce-darbe-girisimi-iddialarini-reddetti\/#respond"]}]},{"@type":"WebPage","@id":"http:\/\/e-ciftlik.com\/haberler\/seyahat\/luis-arce-darbe-girisimi-iddialarini-reddetti\/","url":"http:\/\/e-ciftlik.com\/haberler\/seyahat\/luis-arce-darbe-girisimi-iddialarini-reddetti\/","name":"Luis Arce, Darbe Giri\u015fimi \u0130ddialar\u0131n\u0131 Reddetti - E-&Ccedil;\u0130FTL\u0130K HABER","isPartOf":{"@id":"https:\/\/e-ciftlik.com\/haberler\/#website"},"datePublished":"2024-06-30T21:01:00+00:00","description":"Bolivya Devlet Ba\u015fkan\u0131 Luis Arce, kendisini devirmeye \u00e7al\u0131\u015fan bir generalin ba\u011f\u0131ms\u0131z hareket etti\u011fini belirterek, darbe giri\u015fimini planlad\u0131\u011f\u0131 y\u00f6n\u00fcndeki","breadcrumb":{"@id":"http:\/\/e-ciftlik.com\/haberler\/seyahat\/luis-arce-darbe-girisimi-iddialarini-reddetti\/#breadcrumb"},"inLanguage":"tr","potentialAction":[{"@type":"ReadAction","target":["http:\/\/e-ciftlik.com\/haberler\/seyahat\/luis-arce-darbe-girisimi-iddialarini-reddetti\/"]}]},{"@type":"BreadcrumbList","@id":"http:\/\/e-ciftlik.com\/haberler\/seyahat\/luis-arce-darbe-girisimi-iddialarini-reddetti\/#breadcrumb","itemListElement":[{"@type":"ListItem","position":1,"name":"Anasayfa","item":"https:\/\/e-ciftlik.com\/haberler\/"},{"@type":"ListItem","position":2,"name":"Luis Arce, Darbe Giri\u015fimi \u0130ddialar\u0131n\u0131 Reddetti"}]},{"@type":"WebSite","@id":"https:\/\/e-ciftlik.com\/haberler\/#website","url":"https:\/\/e-ciftlik.com\/haberler\/","name":"E-\u00c7iftlik Haber | G\u00fcncel, Son Dakika Haberler, En Son Haber","description":"","publisher":{"@id":"https:\/\/e-ciftlik.com\/haberler\/#organization"},"potentialAction":[{"@type":"SearchAction","target":{"@type":"EntryPoint","urlTemplate":"https:\/\/e-ciftlik.com\/haberler\/?s={search_term_string}"},"query-input":{"@type":"PropertyValueSpecification","valueRequired":true,"valueName":"search_term_string"}}],"inLanguage":"tr"},{"@type":"Organization","@id":"https:\/\/e-ciftlik.com\/haberler\/#organization","name":"E-\u00c7\u0130FTL\u0130K HABER","url":"https:\/\/e-ciftlik.com\/haberler\/","logo":{"@type":"ImageObject","inLanguage":"tr","@id":"https:\/\/e-ciftlik.com\/haberler\/#\/schema\/logo\/image\/","url":"http:\/\/e-ciftlik.com\/haberler\/wp-content\/uploads\/2024\/06\/cropped-cropped-favicon-1-2.png","contentUrl":"http:\/\/e-ciftlik.com\/haberler\/wp-content\/uploads\/2024\/06\/cropped-cropped-favicon-1-2.png","width":512,"height":512,"caption":"E-\u00c7\u0130FTL\u0130K HABER"},"image":{"@id":"https:\/\/e-ciftlik.com\/haberler\/#\/schema\/logo\/image\/"},"sameAs":["https:\/\/www.facebook.com\/eciftlikturkiye","https:\/\/x.com\/eciftlikresmi","https:\/\/www.instagram.com\/eciftlikresmi\/"]},{"@type":"Person","@id":"https:\/\/e-ciftlik.com\/haberler\/#\/schema\/person\/d2f4fee3143d7f72be82cb887d51b00a","name":"Haber Merkezi","image":{"@type":"ImageObject","inLanguage":"tr","@id":"https:\/\/secure.gravatar.com\/avatar\/6c27d641914e66c1d0452c92716002398782818991d86db1c2cccb531e7c7c82?s=96&d=mm&r=g","url":"https:\/\/secure.gravatar.com\/avatar\/6c27d641914e66c1d0452c92716002398782818991d86db1c2cccb531e7c7c82?s=96&d=mm&r=g","contentUrl":"https:\/\/secure.gravatar.com\/avatar\/6c27d641914e66c1d0452c92716002398782818991d86db1c2cccb531e7c7c82?s=96&d=mm&r=g","caption":"Haber Merkezi"},"sameAs":["http:\/\/e-ciftlik.com\/haberler"]}]}},"_links":{"self":[{"href":"http:\/\/e-ciftlik.com\/haberler\/wp-json\/wp\/v2\/posts\/8252","targetHints":{"allow":["GET"]}}],"collection":[{"href":"http:\/\/e-ciftlik.com\/haberler\/wp-json\/wp\/v2\/posts"}],"about":[{"href":"http:\/\/e-ciftlik.com\/haberler\/wp-json\/wp\/v2\/types\/post"}],"author":[{"embeddable":true,"href":"http:\/\/e-ciftlik.com\/haberler\/wp-json\/wp\/v2\/users\/1"}],"replies":[{"embeddable":true,"href":"http:\/\/e-ciftlik.com\/haberler\/wp-json\/wp\/v2\/comments?post=8252"}],"version-history":[{"count":0,"href":"http:\/\/e-ciftlik.com\/haberler\/wp-json\/wp\/v2\/posts\/8252\/revisions"}],"wp:attachment":[{"href":"http:\/\/e-ciftlik.com\/haberler\/wp-json\/wp\/v2\/media?parent=8252"}],"wp:term":[{"taxonomy":"category","embeddable":true,"href":"http:\/\/e-ciftlik.com\/haberler\/wp-json\/wp\/v2\/categories?post=8252"},{"taxonomy":"post_tag","embeddable":true,"href":"http:\/\/e-ciftlik.com\/haberler\/wp-json\/wp\/v2\/tags?post=8252"}],"curies":[{"name":"wp","href":"https:\/\/api.w.org\/{rel}","templated":true}]}}