{"id":8328,"date":"2024-06-29T16:12:00","date_gmt":"2024-06-29T16:12:00","guid":{"rendered":"http:\/\/e-ciftlik.com\/haberler\/tarim\/canakkalede-tarim-arazisinde-baslayan-yangin-ormanlik-alana-sicradi\/"},"modified":"2024-06-29T16:12:00","modified_gmt":"2024-06-29T16:12:00","slug":"canakkalede-tarim-arazisinde-baslayan-yangin-ormanlik-alana-sicradi","status":"publish","type":"post","link":"http:\/\/e-ciftlik.com\/haberler\/tarim\/canakkalede-tarim-arazisinde-baslayan-yangin-ormanlik-alana-sicradi\/","title":{"rendered":"\u00c7anakkale&#8217;de Tar\u0131m Arazisinde Ba\u015flayan Yang\u0131n Ormanl\u0131k Alana S\u0131\u00e7rad\u0131"},"content":{"rendered":"<p>\u00c7anakkale&#8217;de \u00e7\u0131kan yang\u0131n tar\u0131m arazisinden ormanl\u0131k alana s\u0131\u00e7rad\u0131.<\/p>\n<p>\u00c7anakkale&#8217;nin Ezine il\u00e7esine ba\u011fl\u0131 \u00dcvecik k\u00f6y\u00fc yak\u0131nlar\u0131nda ba\u015flayan an\u0131z yang\u0131n\u0131, r\u00fczgar\u0131n etkisiyle ormanl\u0131k alana yay\u0131ld\u0131. Yang\u0131na hem havadan hem de karadan m\u00fcdahale eden ekipler, yang\u0131n\u0131 kontrol alt\u0131na almaya \u00e7al\u0131\u015f\u0131yor.<\/p>\n<p>Yang\u0131n, saat 16:30 sular\u0131nda Ezine il\u00e7esine ba\u011fl\u0131 \u00dcvecik k\u00f6y\u00fc yak\u0131nlar\u0131nda tar\u0131m arazisinde ba\u015flad\u0131. R\u00fczgar\u0131n etkisiyle h\u0131zla yay\u0131lan yang\u0131n, geni\u015f bir alana s\u0131\u00e7rad\u0131. \u00c7anakkale Orman B\u00f6lge M\u00fcd\u00fcrl\u00fc\u011f\u00fc ekipleri, yang\u0131na m\u00fcdahale etmek \u00fczere b\u00f6lgeye y\u00f6nlendirildi ve ormanl\u0131k alana s\u0131\u00e7ramas\u0131n\u0131 engellemeye \u00e7al\u0131\u015f\u0131yor.<\/p>\n<p>Ekipler, yang\u0131n\u0131 kontrol alt\u0131na alabilmek i\u00e7in havadan ve karadan m\u00fcdahale \u00e7al\u0131\u015fmalar\u0131na devam ediyor.<\/p>\n<p>Kaynak: \u0130hlas Haber Ajans\u0131 \/ 3.Sayfa<\/p>\n<p>Anahtar Kelimeler: \u00c7anakkale, Ezine, \u00c7evre, Do\u011fa, 3.Sayfa, D\u00fcnya, G\u00fcncel, Haberler<\/p>\n","protected":false},"excerpt":{"rendered":"<p>\u00c7anakkale&#8217;de \u00e7\u0131kan yang\u0131n tar\u0131m arazisinden ormanl\u0131k alana s\u0131\u00e7rad\u0131. \u00c7anakkale&#8217;nin Ezine il\u00e7esine ba\u011fl\u0131 \u00dcvecik k\u00f6y\u00fc yak\u0131nlar\u0131nda&hellip;<\/p>\n","protected":false},"author":1,"featured_media":6345,"comment_status":"open","ping_status":"open","sticky":false,"template":"","format":"standard","meta":{"footnotes":""},"categories":[9],"tags":[],"class_list":["post-8328","post","type-post","status-publish","format-standard","has-post-thumbnail","hentry","category-tarim"],"yoast_head":"<!-- This site is optimized with the Yoast SEO Premium plugin v24.3 (Yoast SEO v27.4) - https:\/\/yoast.com\/product\/yoast-seo-premium-wordpress\/ -->\n<title>\u00c7anakkale&#039;de Tar\u0131m Arazisinde Ba\u015flayan Yang\u0131n Ormanl\u0131k Alana S\u0131\u00e7rad\u0131 - E-&Ccedil;\u0130FTL\u0130K HABER<\/title>\n<meta name=\"description\" content=\"\u00c7anakkale&#039;de \u00e7\u0131kan yang\u0131n tar\u0131m arazisinden ormanl\u0131k alana s\u0131\u00e7rad\u0131. \u00c7anakkale&#039;nin Ezine il\u00e7esine ba\u011fl\u0131 \u00dcvecik k\u00f6y\u00fc yak\u0131nlar\u0131nda ba\u015flayan an\u0131z yang\u0131n\u0131,\" \/>\n<meta name=\"robots\" content=\"index, follow, max-snippet:-1, max-image-preview:large, max-video-preview:-1\" \/>\n<link rel=\"canonical\" href=\"http:\/\/e-ciftlik.com\/haberler\/tarim\/canakkalede-tarim-arazisinde-baslayan-yangin-ormanlik-alana-sicradi\/\" \/>\n<meta property=\"og:locale\" content=\"tr_TR\" \/>\n<meta property=\"og:type\" content=\"article\" \/>\n<meta property=\"og:title\" content=\"\u00c7anakkale&#039;de Tar\u0131m Arazisinde Ba\u015flayan Yang\u0131n Ormanl\u0131k Alana S\u0131\u00e7rad\u0131\" \/>\n<meta property=\"og:description\" content=\"\u00c7anakkale&#039;de \u00e7\u0131kan yang\u0131n tar\u0131m arazisinden ormanl\u0131k alana s\u0131\u00e7rad\u0131. \u00c7anakkale&#039;nin Ezine il\u00e7esine ba\u011fl\u0131 \u00dcvecik k\u00f6y\u00fc yak\u0131nlar\u0131nda ba\u015flayan an\u0131z yang\u0131n\u0131,\" \/>\n<meta property=\"og:url\" content=\"http:\/\/e-ciftlik.com\/haberler\/tarim\/canakkalede-tarim-arazisinde-baslayan-yangin-ormanlik-alana-sicradi\/\" \/>\n<meta property=\"og:site_name\" content=\"E-&Ccedil;\u0130FTL\u0130K HABER\" \/>\n<meta property=\"article:publisher\" content=\"https:\/\/www.facebook.com\/eciftlikturkiye\" \/>\n<meta property=\"article:published_time\" content=\"2024-06-29T16:12:00+00:00\" \/>\n<meta property=\"og:image\" content=\"http:\/\/e-ciftlik.com\/haberler\/wp-content\/uploads\/2024\/06\/haberlercom_haberi.jpg\" \/>\n\t<meta property=\"og:image:width\" content=\"1200\" \/>\n\t<meta property=\"og:image:height\" content=\"636\" \/>\n\t<meta property=\"og:image:type\" content=\"image\/jpeg\" \/>\n<meta name=\"author\" content=\"Haber Merkezi\" \/>\n<meta name=\"twitter:card\" content=\"summary_large_image\" \/>\n<meta name=\"twitter:creator\" content=\"@eciftlikresmi\" \/>\n<meta name=\"twitter:site\" content=\"@eciftlikresmi\" \/>\n<meta name=\"twitter:label1\" content=\"Yazan:\" \/>\n\t<meta name=\"twitter:data1\" content=\"Haber Merkezi\" \/>\n\t<meta name=\"twitter:label2\" content=\"Tahmini okuma s\u00fcresi\" \/>\n\t<meta name=\"twitter:data2\" content=\"1 dakika\" \/>\n<script type=\"application\/ld+json\" class=\"yoast-schema-graph\">{\"@context\":\"https:\\\/\\\/schema.org\",\"@graph\":[{\"@type\":\"NewsArticle\",\"@id\":\"http:\\\/\\\/e-ciftlik.com\\\/haberler\\\/tarim\\\/canakkalede-tarim-arazisinde-baslayan-yangin-ormanlik-alana-sicradi\\\/#article\",\"isPartOf\":{\"@id\":\"http:\\\/\\\/e-ciftlik.com\\\/haberler\\\/tarim\\\/canakkalede-tarim-arazisinde-baslayan-yangin-ormanlik-alana-sicradi\\\/\"},\"author\":{\"name\":\"Haber Merkezi\",\"@id\":\"https:\\\/\\\/e-ciftlik.com\\\/haberler\\\/#\\\/schema\\\/person\\\/d2f4fee3143d7f72be82cb887d51b00a\"},\"headline\":\"\u00c7anakkale&#8217;de Tar\u0131m Arazisinde Ba\u015flayan Yang\u0131n Ormanl\u0131k Alana S\u0131\u00e7rad\u0131\",\"datePublished\":\"2024-06-29T16:12:00+00:00\",\"mainEntityOfPage\":{\"@id\":\"http:\\\/\\\/e-ciftlik.com\\\/haberler\\\/tarim\\\/canakkalede-tarim-arazisinde-baslayan-yangin-ormanlik-alana-sicradi\\\/\"},\"wordCount\":175,\"commentCount\":0,\"publisher\":{\"@id\":\"https:\\\/\\\/e-ciftlik.com\\\/haberler\\\/#organization\"},\"image\":{\"@id\":\"http:\\\/\\\/e-ciftlik.com\\\/haberler\\\/tarim\\\/canakkalede-tarim-arazisinde-baslayan-yangin-ormanlik-alana-sicradi\\\/#primaryimage\"},\"thumbnailUrl\":\"http:\\\/\\\/e-ciftlik.com\\\/haberler\\\/wp-content\\\/uploads\\\/2024\\\/06\\\/haberlercom_haberi.jpg\",\"articleSection\":[\"Tar\u0131m\"],\"inLanguage\":\"tr\",\"potentialAction\":[{\"@type\":\"CommentAction\",\"name\":\"Comment\",\"target\":[\"http:\\\/\\\/e-ciftlik.com\\\/haberler\\\/tarim\\\/canakkalede-tarim-arazisinde-baslayan-yangin-ormanlik-alana-sicradi\\\/#respond\"]}]},{\"@type\":\"WebPage\",\"@id\":\"http:\\\/\\\/e-ciftlik.com\\\/haberler\\\/tarim\\\/canakkalede-tarim-arazisinde-baslayan-yangin-ormanlik-alana-sicradi\\\/\",\"url\":\"http:\\\/\\\/e-ciftlik.com\\\/haberler\\\/tarim\\\/canakkalede-tarim-arazisinde-baslayan-yangin-ormanlik-alana-sicradi\\\/\",\"name\":\"\u00c7anakkale'de Tar\u0131m Arazisinde Ba\u015flayan Yang\u0131n Ormanl\u0131k Alana S\u0131\u00e7rad\u0131 - E-&Ccedil;\u0130FTL\u0130K HABER\",\"isPartOf\":{\"@id\":\"https:\\\/\\\/e-ciftlik.com\\\/haberler\\\/#website\"},\"primaryImageOfPage\":{\"@id\":\"http:\\\/\\\/e-ciftlik.com\\\/haberler\\\/tarim\\\/canakkalede-tarim-arazisinde-baslayan-yangin-ormanlik-alana-sicradi\\\/#primaryimage\"},\"image\":{\"@id\":\"http:\\\/\\\/e-ciftlik.com\\\/haberler\\\/tarim\\\/canakkalede-tarim-arazisinde-baslayan-yangin-ormanlik-alana-sicradi\\\/#primaryimage\"},\"thumbnailUrl\":\"http:\\\/\\\/e-ciftlik.com\\\/haberler\\\/wp-content\\\/uploads\\\/2024\\\/06\\\/haberlercom_haberi.jpg\",\"datePublished\":\"2024-06-29T16:12:00+00:00\",\"description\":\"\u00c7anakkale'de \u00e7\u0131kan yang\u0131n tar\u0131m arazisinden ormanl\u0131k alana s\u0131\u00e7rad\u0131. \u00c7anakkale'nin Ezine il\u00e7esine ba\u011fl\u0131 \u00dcvecik k\u00f6y\u00fc yak\u0131nlar\u0131nda ba\u015flayan an\u0131z yang\u0131n\u0131,\",\"breadcrumb\":{\"@id\":\"http:\\\/\\\/e-ciftlik.com\\\/haberler\\\/tarim\\\/canakkalede-tarim-arazisinde-baslayan-yangin-ormanlik-alana-sicradi\\\/#breadcrumb\"},\"inLanguage\":\"tr\",\"potentialAction\":[{\"@type\":\"ReadAction\",\"target\":[\"http:\\\/\\\/e-ciftlik.com\\\/haberler\\\/tarim\\\/canakkalede-tarim-arazisinde-baslayan-yangin-ormanlik-alana-sicradi\\\/\"]}]},{\"@type\":\"ImageObject\",\"inLanguage\":\"tr\",\"@id\":\"http:\\\/\\\/e-ciftlik.com\\\/haberler\\\/tarim\\\/canakkalede-tarim-arazisinde-baslayan-yangin-ormanlik-alana-sicradi\\\/#primaryimage\",\"url\":\"http:\\\/\\\/e-ciftlik.com\\\/haberler\\\/wp-content\\\/uploads\\\/2024\\\/06\\\/haberlercom_haberi.jpg\",\"contentUrl\":\"http:\\\/\\\/e-ciftlik.com\\\/haberler\\\/wp-content\\\/uploads\\\/2024\\\/06\\\/haberlercom_haberi.jpg\",\"width\":1200,\"height\":636},{\"@type\":\"BreadcrumbList\",\"@id\":\"http:\\\/\\\/e-ciftlik.com\\\/haberler\\\/tarim\\\/canakkalede-tarim-arazisinde-baslayan-yangin-ormanlik-alana-sicradi\\\/#breadcrumb\",\"itemListElement\":[{\"@type\":\"ListItem\",\"position\":1,\"name\":\"Anasayfa\",\"item\":\"https:\\\/\\\/e-ciftlik.com\\\/haberler\\\/\"},{\"@type\":\"ListItem\",\"position\":2,\"name\":\"\u00c7anakkale&#8217;de Tar\u0131m Arazisinde Ba\u015flayan Yang\u0131n Ormanl\u0131k Alana S\u0131\u00e7rad\u0131\"}]},{\"@type\":\"WebSite\",\"@id\":\"https:\\\/\\\/e-ciftlik.com\\\/haberler\\\/#website\",\"url\":\"https:\\\/\\\/e-ciftlik.com\\\/haberler\\\/\",\"name\":\"E-\u00c7iftlik Haber | G\u00fcncel, Son Dakika Haberler, En Son Haber\",\"description\":\"\",\"publisher\":{\"@id\":\"https:\\\/\\\/e-ciftlik.com\\\/haberler\\\/#organization\"},\"potentialAction\":[{\"@type\":\"SearchAction\",\"target\":{\"@type\":\"EntryPoint\",\"urlTemplate\":\"https:\\\/\\\/e-ciftlik.com\\\/haberler\\\/?s={search_term_string}\"},\"query-input\":{\"@type\":\"PropertyValueSpecification\",\"valueRequired\":true,\"valueName\":\"search_term_string\"}}],\"inLanguage\":\"tr\"},{\"@type\":\"Organization\",\"@id\":\"https:\\\/\\\/e-ciftlik.com\\\/haberler\\\/#organization\",\"name\":\"E-\u00c7\u0130FTL\u0130K HABER\",\"url\":\"https:\\\/\\\/e-ciftlik.com\\\/haberler\\\/\",\"logo\":{\"@type\":\"ImageObject\",\"inLanguage\":\"tr\",\"@id\":\"https:\\\/\\\/e-ciftlik.com\\\/haberler\\\/#\\\/schema\\\/logo\\\/image\\\/\",\"url\":\"http:\\\/\\\/e-ciftlik.com\\\/haberler\\\/wp-content\\\/uploads\\\/2024\\\/06\\\/cropped-cropped-favicon-1-2.png\",\"contentUrl\":\"http:\\\/\\\/e-ciftlik.com\\\/haberler\\\/wp-content\\\/uploads\\\/2024\\\/06\\\/cropped-cropped-favicon-1-2.png\",\"width\":512,\"height\":512,\"caption\":\"E-\u00c7\u0130FTL\u0130K HABER\"},\"image\":{\"@id\":\"https:\\\/\\\/e-ciftlik.com\\\/haberler\\\/#\\\/schema\\\/logo\\\/image\\\/\"},\"sameAs\":[\"https:\\\/\\\/www.facebook.com\\\/eciftlikturkiye\",\"https:\\\/\\\/x.com\\\/eciftlikresmi\",\"https:\\\/\\\/www.instagram.com\\\/eciftlikresmi\\\/\"]},{\"@type\":\"Person\",\"@id\":\"https:\\\/\\\/e-ciftlik.com\\\/haberler\\\/#\\\/schema\\\/person\\\/d2f4fee3143d7f72be82cb887d51b00a\",\"name\":\"Haber Merkezi\",\"image\":{\"@type\":\"ImageObject\",\"inLanguage\":\"tr\",\"@id\":\"https:\\\/\\\/secure.gravatar.com\\\/avatar\\\/6c27d641914e66c1d0452c92716002398782818991d86db1c2cccb531e7c7c82?s=96&d=mm&r=g\",\"url\":\"https:\\\/\\\/secure.gravatar.com\\\/avatar\\\/6c27d641914e66c1d0452c92716002398782818991d86db1c2cccb531e7c7c82?s=96&d=mm&r=g\",\"contentUrl\":\"https:\\\/\\\/secure.gravatar.com\\\/avatar\\\/6c27d641914e66c1d0452c92716002398782818991d86db1c2cccb531e7c7c82?s=96&d=mm&r=g\",\"caption\":\"Haber Merkezi\"},\"sameAs\":[\"http:\\\/\\\/e-ciftlik.com\\\/haberler\"]}]}<\/script>\n<!-- \/ Yoast SEO Premium plugin. -->","yoast_head_json":{"title":"\u00c7anakkale'de Tar\u0131m Arazisinde Ba\u015flayan Yang\u0131n Ormanl\u0131k Alana S\u0131\u00e7rad\u0131 - E-&Ccedil;\u0130FTL\u0130K HABER","description":"\u00c7anakkale'de \u00e7\u0131kan yang\u0131n tar\u0131m arazisinden ormanl\u0131k alana s\u0131\u00e7rad\u0131. \u00c7anakkale'nin Ezine il\u00e7esine ba\u011fl\u0131 \u00dcvecik k\u00f6y\u00fc yak\u0131nlar\u0131nda ba\u015flayan an\u0131z yang\u0131n\u0131,","robots":{"index":"index","follow":"follow","max-snippet":"max-snippet:-1","max-image-preview":"max-image-preview:large","max-video-preview":"max-video-preview:-1"},"canonical":"http:\/\/e-ciftlik.com\/haberler\/tarim\/canakkalede-tarim-arazisinde-baslayan-yangin-ormanlik-alana-sicradi\/","og_locale":"tr_TR","og_type":"article","og_title":"\u00c7anakkale'de Tar\u0131m Arazisinde Ba\u015flayan Yang\u0131n Ormanl\u0131k Alana S\u0131\u00e7rad\u0131","og_description":"\u00c7anakkale'de \u00e7\u0131kan yang\u0131n tar\u0131m arazisinden ormanl\u0131k alana s\u0131\u00e7rad\u0131. \u00c7anakkale'nin Ezine il\u00e7esine ba\u011fl\u0131 \u00dcvecik k\u00f6y\u00fc yak\u0131nlar\u0131nda ba\u015flayan an\u0131z yang\u0131n\u0131,","og_url":"http:\/\/e-ciftlik.com\/haberler\/tarim\/canakkalede-tarim-arazisinde-baslayan-yangin-ormanlik-alana-sicradi\/","og_site_name":"E-&Ccedil;\u0130FTL\u0130K HABER","article_publisher":"https:\/\/www.facebook.com\/eciftlikturkiye","article_published_time":"2024-06-29T16:12:00+00:00","og_image":[{"width":1200,"height":636,"url":"http:\/\/e-ciftlik.com\/haberler\/wp-content\/uploads\/2024\/06\/haberlercom_haberi.jpg","type":"image\/jpeg"}],"author":"Haber Merkezi","twitter_card":"summary_large_image","twitter_creator":"@eciftlikresmi","twitter_site":"@eciftlikresmi","twitter_misc":{"Yazan:":"Haber Merkezi","Tahmini okuma s\u00fcresi":"1 dakika"},"schema":{"@context":"https:\/\/schema.org","@graph":[{"@type":"NewsArticle","@id":"http:\/\/e-ciftlik.com\/haberler\/tarim\/canakkalede-tarim-arazisinde-baslayan-yangin-ormanlik-alana-sicradi\/#article","isPartOf":{"@id":"http:\/\/e-ciftlik.com\/haberler\/tarim\/canakkalede-tarim-arazisinde-baslayan-yangin-ormanlik-alana-sicradi\/"},"author":{"name":"Haber Merkezi","@id":"https:\/\/e-ciftlik.com\/haberler\/#\/schema\/person\/d2f4fee3143d7f72be82cb887d51b00a"},"headline":"\u00c7anakkale&#8217;de Tar\u0131m Arazisinde Ba\u015flayan Yang\u0131n Ormanl\u0131k Alana S\u0131\u00e7rad\u0131","datePublished":"2024-06-29T16:12:00+00:00","mainEntityOfPage":{"@id":"http:\/\/e-ciftlik.com\/haberler\/tarim\/canakkalede-tarim-arazisinde-baslayan-yangin-ormanlik-alana-sicradi\/"},"wordCount":175,"commentCount":0,"publisher":{"@id":"https:\/\/e-ciftlik.com\/haberler\/#organization"},"image":{"@id":"http:\/\/e-ciftlik.com\/haberler\/tarim\/canakkalede-tarim-arazisinde-baslayan-yangin-ormanlik-alana-sicradi\/#primaryimage"},"thumbnailUrl":"http:\/\/e-ciftlik.com\/haberler\/wp-content\/uploads\/2024\/06\/haberlercom_haberi.jpg","articleSection":["Tar\u0131m"],"inLanguage":"tr","potentialAction":[{"@type":"CommentAction","name":"Comment","target":["http:\/\/e-ciftlik.com\/haberler\/tarim\/canakkalede-tarim-arazisinde-baslayan-yangin-ormanlik-alana-sicradi\/#respond"]}]},{"@type":"WebPage","@id":"http:\/\/e-ciftlik.com\/haberler\/tarim\/canakkalede-tarim-arazisinde-baslayan-yangin-ormanlik-alana-sicradi\/","url":"http:\/\/e-ciftlik.com\/haberler\/tarim\/canakkalede-tarim-arazisinde-baslayan-yangin-ormanlik-alana-sicradi\/","name":"\u00c7anakkale'de Tar\u0131m Arazisinde Ba\u015flayan Yang\u0131n Ormanl\u0131k Alana S\u0131\u00e7rad\u0131 - E-&Ccedil;\u0130FTL\u0130K HABER","isPartOf":{"@id":"https:\/\/e-ciftlik.com\/haberler\/#website"},"primaryImageOfPage":{"@id":"http:\/\/e-ciftlik.com\/haberler\/tarim\/canakkalede-tarim-arazisinde-baslayan-yangin-ormanlik-alana-sicradi\/#primaryimage"},"image":{"@id":"http:\/\/e-ciftlik.com\/haberler\/tarim\/canakkalede-tarim-arazisinde-baslayan-yangin-ormanlik-alana-sicradi\/#primaryimage"},"thumbnailUrl":"http:\/\/e-ciftlik.com\/haberler\/wp-content\/uploads\/2024\/06\/haberlercom_haberi.jpg","datePublished":"2024-06-29T16:12:00+00:00","description":"\u00c7anakkale'de \u00e7\u0131kan yang\u0131n tar\u0131m arazisinden ormanl\u0131k alana s\u0131\u00e7rad\u0131. \u00c7anakkale'nin Ezine il\u00e7esine ba\u011fl\u0131 \u00dcvecik k\u00f6y\u00fc yak\u0131nlar\u0131nda ba\u015flayan an\u0131z yang\u0131n\u0131,","breadcrumb":{"@id":"http:\/\/e-ciftlik.com\/haberler\/tarim\/canakkalede-tarim-arazisinde-baslayan-yangin-ormanlik-alana-sicradi\/#breadcrumb"},"inLanguage":"tr","potentialAction":[{"@type":"ReadAction","target":["http:\/\/e-ciftlik.com\/haberler\/tarim\/canakkalede-tarim-arazisinde-baslayan-yangin-ormanlik-alana-sicradi\/"]}]},{"@type":"ImageObject","inLanguage":"tr","@id":"http:\/\/e-ciftlik.com\/haberler\/tarim\/canakkalede-tarim-arazisinde-baslayan-yangin-ormanlik-alana-sicradi\/#primaryimage","url":"http:\/\/e-ciftlik.com\/haberler\/wp-content\/uploads\/2024\/06\/haberlercom_haberi.jpg","contentUrl":"http:\/\/e-ciftlik.com\/haberler\/wp-content\/uploads\/2024\/06\/haberlercom_haberi.jpg","width":1200,"height":636},{"@type":"BreadcrumbList","@id":"http:\/\/e-ciftlik.com\/haberler\/tarim\/canakkalede-tarim-arazisinde-baslayan-yangin-ormanlik-alana-sicradi\/#breadcrumb","itemListElement":[{"@type":"ListItem","position":1,"name":"Anasayfa","item":"https:\/\/e-ciftlik.com\/haberler\/"},{"@type":"ListItem","position":2,"name":"\u00c7anakkale&#8217;de Tar\u0131m Arazisinde Ba\u015flayan Yang\u0131n Ormanl\u0131k Alana S\u0131\u00e7rad\u0131"}]},{"@type":"WebSite","@id":"https:\/\/e-ciftlik.com\/haberler\/#website","url":"https:\/\/e-ciftlik.com\/haberler\/","name":"E-\u00c7iftlik Haber | G\u00fcncel, Son Dakika Haberler, En Son Haber","description":"","publisher":{"@id":"https:\/\/e-ciftlik.com\/haberler\/#organization"},"potentialAction":[{"@type":"SearchAction","target":{"@type":"EntryPoint","urlTemplate":"https:\/\/e-ciftlik.com\/haberler\/?s={search_term_string}"},"query-input":{"@type":"PropertyValueSpecification","valueRequired":true,"valueName":"search_term_string"}}],"inLanguage":"tr"},{"@type":"Organization","@id":"https:\/\/e-ciftlik.com\/haberler\/#organization","name":"E-\u00c7\u0130FTL\u0130K HABER","url":"https:\/\/e-ciftlik.com\/haberler\/","logo":{"@type":"ImageObject","inLanguage":"tr","@id":"https:\/\/e-ciftlik.com\/haberler\/#\/schema\/logo\/image\/","url":"http:\/\/e-ciftlik.com\/haberler\/wp-content\/uploads\/2024\/06\/cropped-cropped-favicon-1-2.png","contentUrl":"http:\/\/e-ciftlik.com\/haberler\/wp-content\/uploads\/2024\/06\/cropped-cropped-favicon-1-2.png","width":512,"height":512,"caption":"E-\u00c7\u0130FTL\u0130K HABER"},"image":{"@id":"https:\/\/e-ciftlik.com\/haberler\/#\/schema\/logo\/image\/"},"sameAs":["https:\/\/www.facebook.com\/eciftlikturkiye","https:\/\/x.com\/eciftlikresmi","https:\/\/www.instagram.com\/eciftlikresmi\/"]},{"@type":"Person","@id":"https:\/\/e-ciftlik.com\/haberler\/#\/schema\/person\/d2f4fee3143d7f72be82cb887d51b00a","name":"Haber Merkezi","image":{"@type":"ImageObject","inLanguage":"tr","@id":"https:\/\/secure.gravatar.com\/avatar\/6c27d641914e66c1d0452c92716002398782818991d86db1c2cccb531e7c7c82?s=96&d=mm&r=g","url":"https:\/\/secure.gravatar.com\/avatar\/6c27d641914e66c1d0452c92716002398782818991d86db1c2cccb531e7c7c82?s=96&d=mm&r=g","contentUrl":"https:\/\/secure.gravatar.com\/avatar\/6c27d641914e66c1d0452c92716002398782818991d86db1c2cccb531e7c7c82?s=96&d=mm&r=g","caption":"Haber Merkezi"},"sameAs":["http:\/\/e-ciftlik.com\/haberler"]}]}},"_links":{"self":[{"href":"http:\/\/e-ciftlik.com\/haberler\/wp-json\/wp\/v2\/posts\/8328","targetHints":{"allow":["GET"]}}],"collection":[{"href":"http:\/\/e-ciftlik.com\/haberler\/wp-json\/wp\/v2\/posts"}],"about":[{"href":"http:\/\/e-ciftlik.com\/haberler\/wp-json\/wp\/v2\/types\/post"}],"author":[{"embeddable":true,"href":"http:\/\/e-ciftlik.com\/haberler\/wp-json\/wp\/v2\/users\/1"}],"replies":[{"embeddable":true,"href":"http:\/\/e-ciftlik.com\/haberler\/wp-json\/wp\/v2\/comments?post=8328"}],"version-history":[{"count":0,"href":"http:\/\/e-ciftlik.com\/haberler\/wp-json\/wp\/v2\/posts\/8328\/revisions"}],"wp:featuredmedia":[{"embeddable":true,"href":"http:\/\/e-ciftlik.com\/haberler\/wp-json\/wp\/v2\/media\/6345"}],"wp:attachment":[{"href":"http:\/\/e-ciftlik.com\/haberler\/wp-json\/wp\/v2\/media?parent=8328"}],"wp:term":[{"taxonomy":"category","embeddable":true,"href":"http:\/\/e-ciftlik.com\/haberler\/wp-json\/wp\/v2\/categories?post=8328"},{"taxonomy":"post_tag","embeddable":true,"href":"http:\/\/e-ciftlik.com\/haberler\/wp-json\/wp\/v2\/tags?post=8328"}],"curies":[{"name":"wp","href":"https:\/\/api.w.org\/{rel}","templated":true}]}}