{"id":8340,"date":"2024-06-29T16:23:00","date_gmt":"2024-06-29T16:23:00","guid":{"rendered":"https:\/\/e-ciftlik.com\/haberler\/tarim\/canakkalede-tarim-arazisinde-cikan-yangin-2-koy-tahliye-ediliyor\/"},"modified":"2024-06-29T16:23:00","modified_gmt":"2024-06-29T16:23:00","slug":"canakkalede-tarim-arazisinde-cikan-yangin-2-koy-tahliye-ediliyor","status":"publish","type":"post","link":"http:\/\/e-ciftlik.com\/haberler\/tarim\/canakkalede-tarim-arazisinde-cikan-yangin-2-koy-tahliye-ediliyor\/","title":{"rendered":"\u00c7anakkale&#8217;de Tar\u0131m Arazisinde \u00c7\u0131kan Yang\u0131n! 2 K\u00f6y Tahliye Ediliyor"},"content":{"rendered":"<p>\u00c7anakkale&#8217;nin Ezine il\u00e7esinde \u00e7\u0131kan yang\u0131n nedeniyle Yenik\u00f6y ve \u00dcvecik k\u00f6yleri tahliye ediliyor. Yang\u0131n, Yenik\u00f6y k\u00f6y\u00fcndeki tar\u0131m arazisinde ba\u015flad\u0131 ve h\u0131zla geni\u015f bir alana yay\u0131ld\u0131. Bozcaada&#8217;dan dahi g\u00f6r\u00fclebilen yang\u0131n, \u00c7anakkale Orman B\u00f6lge M\u00fcd\u00fcrl\u00fc\u011f\u00fc, Ezine Belediyesi ve Geyikli Belediyesi&#8217;ne ba\u011fl\u0131 itfaiye ekiplerinin m\u00fcdahalesiyle kontrol alt\u0131na al\u0131nmaya \u00e7al\u0131\u015f\u0131l\u0131yor.<\/p>\n<p>Yang\u0131n\u0131n etkili oldu\u011fu b\u00f6lgede bulunan yazl\u0131k konutlar ve a\u011f\u0131llar\u0131n da bulundu\u011fu Yenik\u00f6y ve \u00dcvecik k\u00f6yleri tedbiren tahliye ediliyor. R\u00fczgar\u0131n da etkisiyle yay\u0131lan yang\u0131na helikopter ve u\u00e7aklarla m\u00fcdahale ediliyor.<\/p>\n<p>Mevcut durumda s\u00f6nd\u00fcrme \u00e7al\u0131\u015fmalar\u0131 devam ederken, yak\u0131ndaki yerle\u015fim birimlerinin de gerekli \u00f6nlemleri almas\u0131 isteniyor. Helikopter, \u00c7anakkale, Yenik\u00f6y, \u0130zmir, Ezine, \u00e7evre, do\u011fal afet, acil durum, ya\u015fam gibi anahtar kelimeler haberin detaylar\u0131nda yer almakta.<\/p>\n","protected":false},"excerpt":{"rendered":"<p>\u00c7anakkale&#8217;nin Ezine il\u00e7esinde \u00e7\u0131kan yang\u0131n nedeniyle Yenik\u00f6y ve \u00dcvecik k\u00f6yleri tahliye ediliyor. Yang\u0131n, Yenik\u00f6y k\u00f6y\u00fcndeki&hellip;<\/p>\n","protected":false},"author":1,"featured_media":8341,"comment_status":"open","ping_status":"open","sticky":false,"template":"","format":"standard","meta":{"footnotes":""},"categories":[9],"tags":[],"class_list":["post-8340","post","type-post","status-publish","format-standard","has-post-thumbnail","hentry","category-tarim"],"yoast_head":"<!-- This site is optimized with the Yoast SEO Premium plugin v24.3 (Yoast SEO v27.4) - https:\/\/yoast.com\/product\/yoast-seo-premium-wordpress\/ -->\n<title>\u00c7anakkale&#039;de Tar\u0131m Arazisinde \u00c7\u0131kan Yang\u0131n! 2 K\u00f6y Tahliye Ediliyor - E-&Ccedil;\u0130FTL\u0130K HABER<\/title>\n<meta name=\"description\" content=\"\u00c7anakkale&#039;nin Ezine il\u00e7esinde \u00e7\u0131kan yang\u0131n nedeniyle Yenik\u00f6y ve \u00dcvecik k\u00f6yleri tahliye ediliyor. Yang\u0131n, Yenik\u00f6y k\u00f6y\u00fcndeki tar\u0131m arazisinde ba\u015flad\u0131 ve\" \/>\n<meta name=\"robots\" content=\"index, follow, max-snippet:-1, max-image-preview:large, max-video-preview:-1\" \/>\n<link rel=\"canonical\" href=\"http:\/\/e-ciftlik.com\/haberler\/tarim\/canakkalede-tarim-arazisinde-cikan-yangin-2-koy-tahliye-ediliyor\/\" \/>\n<meta property=\"og:locale\" content=\"tr_TR\" \/>\n<meta property=\"og:type\" content=\"article\" \/>\n<meta property=\"og:title\" content=\"\u00c7anakkale&#039;de Tar\u0131m Arazisinde \u00c7\u0131kan Yang\u0131n! 2 K\u00f6y Tahliye Ediliyor\" \/>\n<meta property=\"og:description\" content=\"\u00c7anakkale&#039;nin Ezine il\u00e7esinde \u00e7\u0131kan yang\u0131n nedeniyle Yenik\u00f6y ve \u00dcvecik k\u00f6yleri tahliye ediliyor. Yang\u0131n, Yenik\u00f6y k\u00f6y\u00fcndeki tar\u0131m arazisinde ba\u015flad\u0131 ve\" \/>\n<meta property=\"og:url\" content=\"http:\/\/e-ciftlik.com\/haberler\/tarim\/canakkalede-tarim-arazisinde-cikan-yangin-2-koy-tahliye-ediliyor\/\" \/>\n<meta property=\"og:site_name\" content=\"E-&Ccedil;\u0130FTL\u0130K HABER\" \/>\n<meta property=\"article:publisher\" content=\"https:\/\/www.facebook.com\/eciftlikturkiye\" \/>\n<meta property=\"article:published_time\" content=\"2024-06-29T16:23:00+00:00\" \/>\n<meta property=\"og:image\" content=\"http:\/\/e-ciftlik.com\/haberler\/wp-content\/uploads\/2024\/07\/canakkale-de-tarim-arazisinde-yangin-2-koy-17471815_1353_amp.jpg\" \/>\n\t<meta property=\"og:image:width\" content=\"1202\" \/>\n\t<meta property=\"og:image:height\" content=\"675\" \/>\n\t<meta property=\"og:image:type\" content=\"image\/jpeg\" \/>\n<meta name=\"author\" content=\"Haber Merkezi\" \/>\n<meta name=\"twitter:card\" content=\"summary_large_image\" \/>\n<meta name=\"twitter:creator\" content=\"@eciftlikresmi\" \/>\n<meta name=\"twitter:site\" content=\"@eciftlikresmi\" \/>\n<meta name=\"twitter:label1\" content=\"Yazan:\" \/>\n\t<meta name=\"twitter:data1\" content=\"Haber Merkezi\" \/>\n\t<meta name=\"twitter:label2\" content=\"Tahmini okuma s\u00fcresi\" \/>\n\t<meta name=\"twitter:data2\" content=\"1 dakika\" \/>\n<script type=\"application\/ld+json\" class=\"yoast-schema-graph\">{\"@context\":\"https:\\\/\\\/schema.org\",\"@graph\":[{\"@type\":\"NewsArticle\",\"@id\":\"http:\\\/\\\/e-ciftlik.com\\\/haberler\\\/tarim\\\/canakkalede-tarim-arazisinde-cikan-yangin-2-koy-tahliye-ediliyor\\\/#article\",\"isPartOf\":{\"@id\":\"http:\\\/\\\/e-ciftlik.com\\\/haberler\\\/tarim\\\/canakkalede-tarim-arazisinde-cikan-yangin-2-koy-tahliye-ediliyor\\\/\"},\"author\":{\"name\":\"Haber Merkezi\",\"@id\":\"https:\\\/\\\/e-ciftlik.com\\\/haberler\\\/#\\\/schema\\\/person\\\/d2f4fee3143d7f72be82cb887d51b00a\"},\"headline\":\"\u00c7anakkale&#8217;de Tar\u0131m Arazisinde \u00c7\u0131kan Yang\u0131n! 2 K\u00f6y Tahliye Ediliyor\",\"datePublished\":\"2024-06-29T16:23:00+00:00\",\"mainEntityOfPage\":{\"@id\":\"http:\\\/\\\/e-ciftlik.com\\\/haberler\\\/tarim\\\/canakkalede-tarim-arazisinde-cikan-yangin-2-koy-tahliye-ediliyor\\\/\"},\"wordCount\":169,\"commentCount\":0,\"publisher\":{\"@id\":\"https:\\\/\\\/e-ciftlik.com\\\/haberler\\\/#organization\"},\"image\":{\"@id\":\"http:\\\/\\\/e-ciftlik.com\\\/haberler\\\/tarim\\\/canakkalede-tarim-arazisinde-cikan-yangin-2-koy-tahliye-ediliyor\\\/#primaryimage\"},\"thumbnailUrl\":\"http:\\\/\\\/e-ciftlik.com\\\/haberler\\\/wp-content\\\/uploads\\\/2024\\\/07\\\/canakkale-de-tarim-arazisinde-yangin-2-koy-17471815_1353_amp.jpg\",\"articleSection\":[\"Tar\u0131m\"],\"inLanguage\":\"tr\",\"potentialAction\":[{\"@type\":\"CommentAction\",\"name\":\"Comment\",\"target\":[\"http:\\\/\\\/e-ciftlik.com\\\/haberler\\\/tarim\\\/canakkalede-tarim-arazisinde-cikan-yangin-2-koy-tahliye-ediliyor\\\/#respond\"]}]},{\"@type\":\"WebPage\",\"@id\":\"http:\\\/\\\/e-ciftlik.com\\\/haberler\\\/tarim\\\/canakkalede-tarim-arazisinde-cikan-yangin-2-koy-tahliye-ediliyor\\\/\",\"url\":\"http:\\\/\\\/e-ciftlik.com\\\/haberler\\\/tarim\\\/canakkalede-tarim-arazisinde-cikan-yangin-2-koy-tahliye-ediliyor\\\/\",\"name\":\"\u00c7anakkale'de Tar\u0131m Arazisinde \u00c7\u0131kan Yang\u0131n! 2 K\u00f6y Tahliye Ediliyor - E-&Ccedil;\u0130FTL\u0130K HABER\",\"isPartOf\":{\"@id\":\"https:\\\/\\\/e-ciftlik.com\\\/haberler\\\/#website\"},\"primaryImageOfPage\":{\"@id\":\"http:\\\/\\\/e-ciftlik.com\\\/haberler\\\/tarim\\\/canakkalede-tarim-arazisinde-cikan-yangin-2-koy-tahliye-ediliyor\\\/#primaryimage\"},\"image\":{\"@id\":\"http:\\\/\\\/e-ciftlik.com\\\/haberler\\\/tarim\\\/canakkalede-tarim-arazisinde-cikan-yangin-2-koy-tahliye-ediliyor\\\/#primaryimage\"},\"thumbnailUrl\":\"http:\\\/\\\/e-ciftlik.com\\\/haberler\\\/wp-content\\\/uploads\\\/2024\\\/07\\\/canakkale-de-tarim-arazisinde-yangin-2-koy-17471815_1353_amp.jpg\",\"datePublished\":\"2024-06-29T16:23:00+00:00\",\"description\":\"\u00c7anakkale'nin Ezine il\u00e7esinde \u00e7\u0131kan yang\u0131n nedeniyle Yenik\u00f6y ve \u00dcvecik k\u00f6yleri tahliye ediliyor. Yang\u0131n, Yenik\u00f6y k\u00f6y\u00fcndeki tar\u0131m arazisinde ba\u015flad\u0131 ve\",\"breadcrumb\":{\"@id\":\"http:\\\/\\\/e-ciftlik.com\\\/haberler\\\/tarim\\\/canakkalede-tarim-arazisinde-cikan-yangin-2-koy-tahliye-ediliyor\\\/#breadcrumb\"},\"inLanguage\":\"tr\",\"potentialAction\":[{\"@type\":\"ReadAction\",\"target\":[\"http:\\\/\\\/e-ciftlik.com\\\/haberler\\\/tarim\\\/canakkalede-tarim-arazisinde-cikan-yangin-2-koy-tahliye-ediliyor\\\/\"]}]},{\"@type\":\"ImageObject\",\"inLanguage\":\"tr\",\"@id\":\"http:\\\/\\\/e-ciftlik.com\\\/haberler\\\/tarim\\\/canakkalede-tarim-arazisinde-cikan-yangin-2-koy-tahliye-ediliyor\\\/#primaryimage\",\"url\":\"http:\\\/\\\/e-ciftlik.com\\\/haberler\\\/wp-content\\\/uploads\\\/2024\\\/07\\\/canakkale-de-tarim-arazisinde-yangin-2-koy-17471815_1353_amp.jpg\",\"contentUrl\":\"http:\\\/\\\/e-ciftlik.com\\\/haberler\\\/wp-content\\\/uploads\\\/2024\\\/07\\\/canakkale-de-tarim-arazisinde-yangin-2-koy-17471815_1353_amp.jpg\",\"width\":1202,\"height\":675},{\"@type\":\"BreadcrumbList\",\"@id\":\"http:\\\/\\\/e-ciftlik.com\\\/haberler\\\/tarim\\\/canakkalede-tarim-arazisinde-cikan-yangin-2-koy-tahliye-ediliyor\\\/#breadcrumb\",\"itemListElement\":[{\"@type\":\"ListItem\",\"position\":1,\"name\":\"Anasayfa\",\"item\":\"https:\\\/\\\/e-ciftlik.com\\\/haberler\\\/\"},{\"@type\":\"ListItem\",\"position\":2,\"name\":\"\u00c7anakkale&#8217;de Tar\u0131m Arazisinde \u00c7\u0131kan Yang\u0131n! 2 K\u00f6y Tahliye Ediliyor\"}]},{\"@type\":\"WebSite\",\"@id\":\"https:\\\/\\\/e-ciftlik.com\\\/haberler\\\/#website\",\"url\":\"https:\\\/\\\/e-ciftlik.com\\\/haberler\\\/\",\"name\":\"E-\u00c7iftlik Haber | G\u00fcncel, Son Dakika Haberler, En Son Haber\",\"description\":\"\",\"publisher\":{\"@id\":\"https:\\\/\\\/e-ciftlik.com\\\/haberler\\\/#organization\"},\"potentialAction\":[{\"@type\":\"SearchAction\",\"target\":{\"@type\":\"EntryPoint\",\"urlTemplate\":\"https:\\\/\\\/e-ciftlik.com\\\/haberler\\\/?s={search_term_string}\"},\"query-input\":{\"@type\":\"PropertyValueSpecification\",\"valueRequired\":true,\"valueName\":\"search_term_string\"}}],\"inLanguage\":\"tr\"},{\"@type\":\"Organization\",\"@id\":\"https:\\\/\\\/e-ciftlik.com\\\/haberler\\\/#organization\",\"name\":\"E-\u00c7\u0130FTL\u0130K HABER\",\"url\":\"https:\\\/\\\/e-ciftlik.com\\\/haberler\\\/\",\"logo\":{\"@type\":\"ImageObject\",\"inLanguage\":\"tr\",\"@id\":\"https:\\\/\\\/e-ciftlik.com\\\/haberler\\\/#\\\/schema\\\/logo\\\/image\\\/\",\"url\":\"http:\\\/\\\/e-ciftlik.com\\\/haberler\\\/wp-content\\\/uploads\\\/2024\\\/06\\\/cropped-cropped-favicon-1-2.png\",\"contentUrl\":\"http:\\\/\\\/e-ciftlik.com\\\/haberler\\\/wp-content\\\/uploads\\\/2024\\\/06\\\/cropped-cropped-favicon-1-2.png\",\"width\":512,\"height\":512,\"caption\":\"E-\u00c7\u0130FTL\u0130K HABER\"},\"image\":{\"@id\":\"https:\\\/\\\/e-ciftlik.com\\\/haberler\\\/#\\\/schema\\\/logo\\\/image\\\/\"},\"sameAs\":[\"https:\\\/\\\/www.facebook.com\\\/eciftlikturkiye\",\"https:\\\/\\\/x.com\\\/eciftlikresmi\",\"https:\\\/\\\/www.instagram.com\\\/eciftlikresmi\\\/\"]},{\"@type\":\"Person\",\"@id\":\"https:\\\/\\\/e-ciftlik.com\\\/haberler\\\/#\\\/schema\\\/person\\\/d2f4fee3143d7f72be82cb887d51b00a\",\"name\":\"Haber Merkezi\",\"image\":{\"@type\":\"ImageObject\",\"inLanguage\":\"tr\",\"@id\":\"https:\\\/\\\/secure.gravatar.com\\\/avatar\\\/6c27d641914e66c1d0452c92716002398782818991d86db1c2cccb531e7c7c82?s=96&d=mm&r=g\",\"url\":\"https:\\\/\\\/secure.gravatar.com\\\/avatar\\\/6c27d641914e66c1d0452c92716002398782818991d86db1c2cccb531e7c7c82?s=96&d=mm&r=g\",\"contentUrl\":\"https:\\\/\\\/secure.gravatar.com\\\/avatar\\\/6c27d641914e66c1d0452c92716002398782818991d86db1c2cccb531e7c7c82?s=96&d=mm&r=g\",\"caption\":\"Haber Merkezi\"},\"sameAs\":[\"http:\\\/\\\/e-ciftlik.com\\\/haberler\"]}]}<\/script>\n<!-- \/ Yoast SEO Premium plugin. -->","yoast_head_json":{"title":"\u00c7anakkale'de Tar\u0131m Arazisinde \u00c7\u0131kan Yang\u0131n! 2 K\u00f6y Tahliye Ediliyor - E-&Ccedil;\u0130FTL\u0130K HABER","description":"\u00c7anakkale'nin Ezine il\u00e7esinde \u00e7\u0131kan yang\u0131n nedeniyle Yenik\u00f6y ve \u00dcvecik k\u00f6yleri tahliye ediliyor. Yang\u0131n, Yenik\u00f6y k\u00f6y\u00fcndeki tar\u0131m arazisinde ba\u015flad\u0131 ve","robots":{"index":"index","follow":"follow","max-snippet":"max-snippet:-1","max-image-preview":"max-image-preview:large","max-video-preview":"max-video-preview:-1"},"canonical":"http:\/\/e-ciftlik.com\/haberler\/tarim\/canakkalede-tarim-arazisinde-cikan-yangin-2-koy-tahliye-ediliyor\/","og_locale":"tr_TR","og_type":"article","og_title":"\u00c7anakkale'de Tar\u0131m Arazisinde \u00c7\u0131kan Yang\u0131n! 2 K\u00f6y Tahliye Ediliyor","og_description":"\u00c7anakkale'nin Ezine il\u00e7esinde \u00e7\u0131kan yang\u0131n nedeniyle Yenik\u00f6y ve \u00dcvecik k\u00f6yleri tahliye ediliyor. Yang\u0131n, Yenik\u00f6y k\u00f6y\u00fcndeki tar\u0131m arazisinde ba\u015flad\u0131 ve","og_url":"http:\/\/e-ciftlik.com\/haberler\/tarim\/canakkalede-tarim-arazisinde-cikan-yangin-2-koy-tahliye-ediliyor\/","og_site_name":"E-&Ccedil;\u0130FTL\u0130K HABER","article_publisher":"https:\/\/www.facebook.com\/eciftlikturkiye","article_published_time":"2024-06-29T16:23:00+00:00","og_image":[{"width":1202,"height":675,"url":"http:\/\/e-ciftlik.com\/haberler\/wp-content\/uploads\/2024\/07\/canakkale-de-tarim-arazisinde-yangin-2-koy-17471815_1353_amp.jpg","type":"image\/jpeg"}],"author":"Haber Merkezi","twitter_card":"summary_large_image","twitter_creator":"@eciftlikresmi","twitter_site":"@eciftlikresmi","twitter_misc":{"Yazan:":"Haber Merkezi","Tahmini okuma s\u00fcresi":"1 dakika"},"schema":{"@context":"https:\/\/schema.org","@graph":[{"@type":"NewsArticle","@id":"http:\/\/e-ciftlik.com\/haberler\/tarim\/canakkalede-tarim-arazisinde-cikan-yangin-2-koy-tahliye-ediliyor\/#article","isPartOf":{"@id":"http:\/\/e-ciftlik.com\/haberler\/tarim\/canakkalede-tarim-arazisinde-cikan-yangin-2-koy-tahliye-ediliyor\/"},"author":{"name":"Haber Merkezi","@id":"https:\/\/e-ciftlik.com\/haberler\/#\/schema\/person\/d2f4fee3143d7f72be82cb887d51b00a"},"headline":"\u00c7anakkale&#8217;de Tar\u0131m Arazisinde \u00c7\u0131kan Yang\u0131n! 2 K\u00f6y Tahliye Ediliyor","datePublished":"2024-06-29T16:23:00+00:00","mainEntityOfPage":{"@id":"http:\/\/e-ciftlik.com\/haberler\/tarim\/canakkalede-tarim-arazisinde-cikan-yangin-2-koy-tahliye-ediliyor\/"},"wordCount":169,"commentCount":0,"publisher":{"@id":"https:\/\/e-ciftlik.com\/haberler\/#organization"},"image":{"@id":"http:\/\/e-ciftlik.com\/haberler\/tarim\/canakkalede-tarim-arazisinde-cikan-yangin-2-koy-tahliye-ediliyor\/#primaryimage"},"thumbnailUrl":"http:\/\/e-ciftlik.com\/haberler\/wp-content\/uploads\/2024\/07\/canakkale-de-tarim-arazisinde-yangin-2-koy-17471815_1353_amp.jpg","articleSection":["Tar\u0131m"],"inLanguage":"tr","potentialAction":[{"@type":"CommentAction","name":"Comment","target":["http:\/\/e-ciftlik.com\/haberler\/tarim\/canakkalede-tarim-arazisinde-cikan-yangin-2-koy-tahliye-ediliyor\/#respond"]}]},{"@type":"WebPage","@id":"http:\/\/e-ciftlik.com\/haberler\/tarim\/canakkalede-tarim-arazisinde-cikan-yangin-2-koy-tahliye-ediliyor\/","url":"http:\/\/e-ciftlik.com\/haberler\/tarim\/canakkalede-tarim-arazisinde-cikan-yangin-2-koy-tahliye-ediliyor\/","name":"\u00c7anakkale'de Tar\u0131m Arazisinde \u00c7\u0131kan Yang\u0131n! 2 K\u00f6y Tahliye Ediliyor - E-&Ccedil;\u0130FTL\u0130K HABER","isPartOf":{"@id":"https:\/\/e-ciftlik.com\/haberler\/#website"},"primaryImageOfPage":{"@id":"http:\/\/e-ciftlik.com\/haberler\/tarim\/canakkalede-tarim-arazisinde-cikan-yangin-2-koy-tahliye-ediliyor\/#primaryimage"},"image":{"@id":"http:\/\/e-ciftlik.com\/haberler\/tarim\/canakkalede-tarim-arazisinde-cikan-yangin-2-koy-tahliye-ediliyor\/#primaryimage"},"thumbnailUrl":"http:\/\/e-ciftlik.com\/haberler\/wp-content\/uploads\/2024\/07\/canakkale-de-tarim-arazisinde-yangin-2-koy-17471815_1353_amp.jpg","datePublished":"2024-06-29T16:23:00+00:00","description":"\u00c7anakkale'nin Ezine il\u00e7esinde \u00e7\u0131kan yang\u0131n nedeniyle Yenik\u00f6y ve \u00dcvecik k\u00f6yleri tahliye ediliyor. Yang\u0131n, Yenik\u00f6y k\u00f6y\u00fcndeki tar\u0131m arazisinde ba\u015flad\u0131 ve","breadcrumb":{"@id":"http:\/\/e-ciftlik.com\/haberler\/tarim\/canakkalede-tarim-arazisinde-cikan-yangin-2-koy-tahliye-ediliyor\/#breadcrumb"},"inLanguage":"tr","potentialAction":[{"@type":"ReadAction","target":["http:\/\/e-ciftlik.com\/haberler\/tarim\/canakkalede-tarim-arazisinde-cikan-yangin-2-koy-tahliye-ediliyor\/"]}]},{"@type":"ImageObject","inLanguage":"tr","@id":"http:\/\/e-ciftlik.com\/haberler\/tarim\/canakkalede-tarim-arazisinde-cikan-yangin-2-koy-tahliye-ediliyor\/#primaryimage","url":"http:\/\/e-ciftlik.com\/haberler\/wp-content\/uploads\/2024\/07\/canakkale-de-tarim-arazisinde-yangin-2-koy-17471815_1353_amp.jpg","contentUrl":"http:\/\/e-ciftlik.com\/haberler\/wp-content\/uploads\/2024\/07\/canakkale-de-tarim-arazisinde-yangin-2-koy-17471815_1353_amp.jpg","width":1202,"height":675},{"@type":"BreadcrumbList","@id":"http:\/\/e-ciftlik.com\/haberler\/tarim\/canakkalede-tarim-arazisinde-cikan-yangin-2-koy-tahliye-ediliyor\/#breadcrumb","itemListElement":[{"@type":"ListItem","position":1,"name":"Anasayfa","item":"https:\/\/e-ciftlik.com\/haberler\/"},{"@type":"ListItem","position":2,"name":"\u00c7anakkale&#8217;de Tar\u0131m Arazisinde \u00c7\u0131kan Yang\u0131n! 2 K\u00f6y Tahliye Ediliyor"}]},{"@type":"WebSite","@id":"https:\/\/e-ciftlik.com\/haberler\/#website","url":"https:\/\/e-ciftlik.com\/haberler\/","name":"E-\u00c7iftlik Haber | G\u00fcncel, Son Dakika Haberler, En Son Haber","description":"","publisher":{"@id":"https:\/\/e-ciftlik.com\/haberler\/#organization"},"potentialAction":[{"@type":"SearchAction","target":{"@type":"EntryPoint","urlTemplate":"https:\/\/e-ciftlik.com\/haberler\/?s={search_term_string}"},"query-input":{"@type":"PropertyValueSpecification","valueRequired":true,"valueName":"search_term_string"}}],"inLanguage":"tr"},{"@type":"Organization","@id":"https:\/\/e-ciftlik.com\/haberler\/#organization","name":"E-\u00c7\u0130FTL\u0130K HABER","url":"https:\/\/e-ciftlik.com\/haberler\/","logo":{"@type":"ImageObject","inLanguage":"tr","@id":"https:\/\/e-ciftlik.com\/haberler\/#\/schema\/logo\/image\/","url":"http:\/\/e-ciftlik.com\/haberler\/wp-content\/uploads\/2024\/06\/cropped-cropped-favicon-1-2.png","contentUrl":"http:\/\/e-ciftlik.com\/haberler\/wp-content\/uploads\/2024\/06\/cropped-cropped-favicon-1-2.png","width":512,"height":512,"caption":"E-\u00c7\u0130FTL\u0130K HABER"},"image":{"@id":"https:\/\/e-ciftlik.com\/haberler\/#\/schema\/logo\/image\/"},"sameAs":["https:\/\/www.facebook.com\/eciftlikturkiye","https:\/\/x.com\/eciftlikresmi","https:\/\/www.instagram.com\/eciftlikresmi\/"]},{"@type":"Person","@id":"https:\/\/e-ciftlik.com\/haberler\/#\/schema\/person\/d2f4fee3143d7f72be82cb887d51b00a","name":"Haber Merkezi","image":{"@type":"ImageObject","inLanguage":"tr","@id":"https:\/\/secure.gravatar.com\/avatar\/6c27d641914e66c1d0452c92716002398782818991d86db1c2cccb531e7c7c82?s=96&d=mm&r=g","url":"https:\/\/secure.gravatar.com\/avatar\/6c27d641914e66c1d0452c92716002398782818991d86db1c2cccb531e7c7c82?s=96&d=mm&r=g","contentUrl":"https:\/\/secure.gravatar.com\/avatar\/6c27d641914e66c1d0452c92716002398782818991d86db1c2cccb531e7c7c82?s=96&d=mm&r=g","caption":"Haber Merkezi"},"sameAs":["http:\/\/e-ciftlik.com\/haberler"]}]}},"_links":{"self":[{"href":"http:\/\/e-ciftlik.com\/haberler\/wp-json\/wp\/v2\/posts\/8340","targetHints":{"allow":["GET"]}}],"collection":[{"href":"http:\/\/e-ciftlik.com\/haberler\/wp-json\/wp\/v2\/posts"}],"about":[{"href":"http:\/\/e-ciftlik.com\/haberler\/wp-json\/wp\/v2\/types\/post"}],"author":[{"embeddable":true,"href":"http:\/\/e-ciftlik.com\/haberler\/wp-json\/wp\/v2\/users\/1"}],"replies":[{"embeddable":true,"href":"http:\/\/e-ciftlik.com\/haberler\/wp-json\/wp\/v2\/comments?post=8340"}],"version-history":[{"count":0,"href":"http:\/\/e-ciftlik.com\/haberler\/wp-json\/wp\/v2\/posts\/8340\/revisions"}],"wp:featuredmedia":[{"embeddable":true,"href":"http:\/\/e-ciftlik.com\/haberler\/wp-json\/wp\/v2\/media\/8341"}],"wp:attachment":[{"href":"http:\/\/e-ciftlik.com\/haberler\/wp-json\/wp\/v2\/media?parent=8340"}],"wp:term":[{"taxonomy":"category","embeddable":true,"href":"http:\/\/e-ciftlik.com\/haberler\/wp-json\/wp\/v2\/categories?post=8340"},{"taxonomy":"post_tag","embeddable":true,"href":"http:\/\/e-ciftlik.com\/haberler\/wp-json\/wp\/v2\/tags?post=8340"}],"curies":[{"name":"wp","href":"https:\/\/api.w.org\/{rel}","templated":true}]}}