{"id":8432,"date":"2024-07-01T13:41:56","date_gmt":"2024-07-01T13:41:56","guid":{"rendered":"https:\/\/e-ciftlik.com\/haberler\/seyahat\/first-lady-iddialariyla-gundemde-bidenin-ardindan\/"},"modified":"2024-07-01T13:41:56","modified_gmt":"2024-07-01T13:41:56","slug":"first-lady-iddialariyla-gundemde-bidenin-ardindan","status":"publish","type":"post","link":"http:\/\/e-ciftlik.com\/haberler\/seyahat\/first-lady-iddialariyla-gundemde-bidenin-ardindan\/","title":{"rendered":"First Lady \u0130ddialar\u0131yla G\u00fcndemde Biden&#8217;\u0131n Ard\u0131ndan"},"content":{"rendered":"<p>Eski First Lady ve Demokrat Parti&#8217;nin \u00f6nde gelen isimlerinden Michelle Obama, Ba\u015fkan Joe Biden&#8217;\u0131n son d\u00f6nemdeki k\u00f6t\u00fc performans\u0131yla ilgili adayl\u0131k iddialar\u0131yla g\u00fcndeme gelmi\u015ftir.  Obama&#8217;n\u0131n, Biden&#8217;\u0131n politikalar\u0131n\u0131 ele\u015ftirmesi ve kendi adayl\u0131\u011f\u0131n\u0131 d\u00fc\u015f\u00fcnebilece\u011fine dair s\u00f6ylentiler, siyasi \u00e7evrelerde geni\u015f yank\u0131 uyand\u0131rm\u0131\u015ft\u0131r.<\/p>\n<p>Michelle Obama&#8217;n\u0131n,  recent tarihinde ger\u00e7ekle\u015ftirilen bir r\u00f6portajda yapt\u0131\u011f\u0131 a\u00e7\u0131klamalar, 2024 se\u00e7imlerinde aday olabilece\u011fi ihtimalini g\u00fc\u00e7lendirmi\u015ftir. Obama, Biden y\u00f6netiminin Afganistan&#8217;daki \u00e7ekilme s\u00fcreci ve pandemi y\u00f6netimindeki zay\u0131fl\u0131klar\u0131n\u0131 ele\u015ftirerek, kendisinin bir aday olarak d\u00fc\u015f\u00fcn\u00fcld\u00fc\u011f\u00fcnden  memnuniyet duydu\u011funu ifade etmi\u015ftir.<\/p>\n<p>\u00d6te yandan, Michelle Obama&#8217;n\u0131n hen\u00fcz resmi bir adayl\u0131k a\u00e7\u0131klamas\u0131 yapmad\u0131\u011f\u0131, ancak bu t\u00fcr spek\u00fclasyonlar\u0131n artmas\u0131yla birlikte, 2024 se\u00e7imlerinde Demokrat Parti&#8217;nin potansiyel adaylar\u0131ndan biri olarak g\u00f6sterilmeye ba\u015fland\u0131\u011f\u0131 g\u00f6zlemlenmektedir. Obama&#8217;n\u0131n adayl\u0131k durumunu belirtmesi i\u00e7in hen\u00fcz erken olmas\u0131na ra\u011fmen, siyasi analistler ve uzmanlar, onun g\u00fc\u00e7l\u00fc bir aday olabilece\u011fi konusunda hemfikirdir.<\/p>\n<p>Sonu\u00e7 olarak, Michelle Obama&#8217;n\u0131n Biden&#8217;\u0131n k\u00f6t\u00fc performans\u0131yla ili\u015fkilendirilerek adayl\u0131k iddialar\u0131yla g\u00fcndeme gelmesi, 2024 se\u00e7im atmosferini \u015fimdiden hareketlendirmi\u015ftir. Obama&#8217;n\u0131n siyasi kariyerine geri d\u00f6n\u00fc\u015f yapmas\u0131 ve ba\u015fkanl\u0131k yar\u0131\u015f\u0131nda yer almas\u0131 halinde, partisi i\u00e7in g\u00fc\u00e7l\u00fc bir alternatif olaca\u011f\u0131 belirtilmektedir.<\/p>\n","protected":false},"excerpt":{"rendered":"<p>Eski First Lady ve Demokrat Parti&#8217;nin \u00f6nde gelen isimlerinden Michelle Obama, Ba\u015fkan Joe Biden&#8217;\u0131n son&hellip;<\/p>\n","protected":false},"author":1,"featured_media":0,"comment_status":"open","ping_status":"open","sticky":false,"template":"","format":"standard","meta":{"footnotes":""},"categories":[14],"tags":[],"class_list":["post-8432","post","type-post","status-publish","format-standard","hentry","category-seyahat"],"yoast_head":"<!-- This site is optimized with the Yoast SEO Premium plugin v24.3 (Yoast SEO v27.4) - https:\/\/yoast.com\/product\/yoast-seo-premium-wordpress\/ -->\n<title>First Lady \u0130ddialar\u0131yla G\u00fcndemde Biden&#039;\u0131n Ard\u0131ndan - E-&Ccedil;\u0130FTL\u0130K HABER<\/title>\n<meta name=\"description\" content=\"Eski First Lady ve Demokrat Parti&#039;nin \u00f6nde gelen isimlerinden Michelle Obama, Ba\u015fkan Joe Biden&#039;\u0131n son d\u00f6nemdeki k\u00f6t\u00fc performans\u0131yla ilgili adayl\u0131k\" \/>\n<meta name=\"robots\" content=\"index, follow, max-snippet:-1, max-image-preview:large, max-video-preview:-1\" \/>\n<link rel=\"canonical\" href=\"http:\/\/e-ciftlik.com\/haberler\/seyahat\/first-lady-iddialariyla-gundemde-bidenin-ardindan\/\" \/>\n<meta property=\"og:locale\" content=\"tr_TR\" \/>\n<meta property=\"og:type\" content=\"article\" \/>\n<meta property=\"og:title\" content=\"First Lady \u0130ddialar\u0131yla G\u00fcndemde Biden&#039;\u0131n Ard\u0131ndan\" \/>\n<meta property=\"og:description\" content=\"Eski First Lady ve Demokrat Parti&#039;nin \u00f6nde gelen isimlerinden Michelle Obama, Ba\u015fkan Joe Biden&#039;\u0131n son d\u00f6nemdeki k\u00f6t\u00fc performans\u0131yla ilgili adayl\u0131k\" \/>\n<meta property=\"og:url\" content=\"http:\/\/e-ciftlik.com\/haberler\/seyahat\/first-lady-iddialariyla-gundemde-bidenin-ardindan\/\" \/>\n<meta property=\"og:site_name\" content=\"E-&Ccedil;\u0130FTL\u0130K HABER\" \/>\n<meta property=\"article:publisher\" content=\"https:\/\/www.facebook.com\/eciftlikturkiye\" \/>\n<meta property=\"article:published_time\" content=\"2024-07-01T13:41:56+00:00\" \/>\n<meta name=\"author\" content=\"Haber Merkezi\" \/>\n<meta name=\"twitter:card\" content=\"summary_large_image\" \/>\n<meta name=\"twitter:creator\" content=\"@eciftlikresmi\" \/>\n<meta name=\"twitter:site\" content=\"@eciftlikresmi\" \/>\n<meta name=\"twitter:label1\" content=\"Yazan:\" \/>\n\t<meta name=\"twitter:data1\" content=\"Haber Merkezi\" \/>\n\t<meta name=\"twitter:label2\" content=\"Tahmini okuma s\u00fcresi\" \/>\n\t<meta name=\"twitter:data2\" content=\"1 dakika\" \/>\n<script type=\"application\/ld+json\" class=\"yoast-schema-graph\">{\"@context\":\"https:\\\/\\\/schema.org\",\"@graph\":[{\"@type\":\"NewsArticle\",\"@id\":\"http:\\\/\\\/e-ciftlik.com\\\/haberler\\\/seyahat\\\/first-lady-iddialariyla-gundemde-bidenin-ardindan\\\/#article\",\"isPartOf\":{\"@id\":\"http:\\\/\\\/e-ciftlik.com\\\/haberler\\\/seyahat\\\/first-lady-iddialariyla-gundemde-bidenin-ardindan\\\/\"},\"author\":{\"name\":\"Haber Merkezi\",\"@id\":\"https:\\\/\\\/e-ciftlik.com\\\/haberler\\\/#\\\/schema\\\/person\\\/d2f4fee3143d7f72be82cb887d51b00a\"},\"headline\":\"First Lady \u0130ddialar\u0131yla G\u00fcndemde Biden&#8217;\u0131n Ard\u0131ndan\",\"datePublished\":\"2024-07-01T13:41:56+00:00\",\"mainEntityOfPage\":{\"@id\":\"http:\\\/\\\/e-ciftlik.com\\\/haberler\\\/seyahat\\\/first-lady-iddialariyla-gundemde-bidenin-ardindan\\\/\"},\"wordCount\":251,\"commentCount\":0,\"publisher\":{\"@id\":\"https:\\\/\\\/e-ciftlik.com\\\/haberler\\\/#organization\"},\"articleSection\":[\"Seyahat\"],\"inLanguage\":\"tr\",\"potentialAction\":[{\"@type\":\"CommentAction\",\"name\":\"Comment\",\"target\":[\"http:\\\/\\\/e-ciftlik.com\\\/haberler\\\/seyahat\\\/first-lady-iddialariyla-gundemde-bidenin-ardindan\\\/#respond\"]}]},{\"@type\":\"WebPage\",\"@id\":\"http:\\\/\\\/e-ciftlik.com\\\/haberler\\\/seyahat\\\/first-lady-iddialariyla-gundemde-bidenin-ardindan\\\/\",\"url\":\"http:\\\/\\\/e-ciftlik.com\\\/haberler\\\/seyahat\\\/first-lady-iddialariyla-gundemde-bidenin-ardindan\\\/\",\"name\":\"First Lady \u0130ddialar\u0131yla G\u00fcndemde Biden'\u0131n Ard\u0131ndan - E-&Ccedil;\u0130FTL\u0130K HABER\",\"isPartOf\":{\"@id\":\"https:\\\/\\\/e-ciftlik.com\\\/haberler\\\/#website\"},\"datePublished\":\"2024-07-01T13:41:56+00:00\",\"description\":\"Eski First Lady ve Demokrat Parti'nin \u00f6nde gelen isimlerinden Michelle Obama, Ba\u015fkan Joe Biden'\u0131n son d\u00f6nemdeki k\u00f6t\u00fc performans\u0131yla ilgili adayl\u0131k\",\"breadcrumb\":{\"@id\":\"http:\\\/\\\/e-ciftlik.com\\\/haberler\\\/seyahat\\\/first-lady-iddialariyla-gundemde-bidenin-ardindan\\\/#breadcrumb\"},\"inLanguage\":\"tr\",\"potentialAction\":[{\"@type\":\"ReadAction\",\"target\":[\"http:\\\/\\\/e-ciftlik.com\\\/haberler\\\/seyahat\\\/first-lady-iddialariyla-gundemde-bidenin-ardindan\\\/\"]}]},{\"@type\":\"BreadcrumbList\",\"@id\":\"http:\\\/\\\/e-ciftlik.com\\\/haberler\\\/seyahat\\\/first-lady-iddialariyla-gundemde-bidenin-ardindan\\\/#breadcrumb\",\"itemListElement\":[{\"@type\":\"ListItem\",\"position\":1,\"name\":\"Anasayfa\",\"item\":\"https:\\\/\\\/e-ciftlik.com\\\/haberler\\\/\"},{\"@type\":\"ListItem\",\"position\":2,\"name\":\"First Lady \u0130ddialar\u0131yla G\u00fcndemde Biden&#8217;\u0131n Ard\u0131ndan\"}]},{\"@type\":\"WebSite\",\"@id\":\"https:\\\/\\\/e-ciftlik.com\\\/haberler\\\/#website\",\"url\":\"https:\\\/\\\/e-ciftlik.com\\\/haberler\\\/\",\"name\":\"E-\u00c7iftlik Haber | G\u00fcncel, Son Dakika Haberler, En Son Haber\",\"description\":\"\",\"publisher\":{\"@id\":\"https:\\\/\\\/e-ciftlik.com\\\/haberler\\\/#organization\"},\"potentialAction\":[{\"@type\":\"SearchAction\",\"target\":{\"@type\":\"EntryPoint\",\"urlTemplate\":\"https:\\\/\\\/e-ciftlik.com\\\/haberler\\\/?s={search_term_string}\"},\"query-input\":{\"@type\":\"PropertyValueSpecification\",\"valueRequired\":true,\"valueName\":\"search_term_string\"}}],\"inLanguage\":\"tr\"},{\"@type\":\"Organization\",\"@id\":\"https:\\\/\\\/e-ciftlik.com\\\/haberler\\\/#organization\",\"name\":\"E-\u00c7\u0130FTL\u0130K HABER\",\"url\":\"https:\\\/\\\/e-ciftlik.com\\\/haberler\\\/\",\"logo\":{\"@type\":\"ImageObject\",\"inLanguage\":\"tr\",\"@id\":\"https:\\\/\\\/e-ciftlik.com\\\/haberler\\\/#\\\/schema\\\/logo\\\/image\\\/\",\"url\":\"http:\\\/\\\/e-ciftlik.com\\\/haberler\\\/wp-content\\\/uploads\\\/2024\\\/06\\\/cropped-cropped-favicon-1-2.png\",\"contentUrl\":\"http:\\\/\\\/e-ciftlik.com\\\/haberler\\\/wp-content\\\/uploads\\\/2024\\\/06\\\/cropped-cropped-favicon-1-2.png\",\"width\":512,\"height\":512,\"caption\":\"E-\u00c7\u0130FTL\u0130K HABER\"},\"image\":{\"@id\":\"https:\\\/\\\/e-ciftlik.com\\\/haberler\\\/#\\\/schema\\\/logo\\\/image\\\/\"},\"sameAs\":[\"https:\\\/\\\/www.facebook.com\\\/eciftlikturkiye\",\"https:\\\/\\\/x.com\\\/eciftlikresmi\",\"https:\\\/\\\/www.instagram.com\\\/eciftlikresmi\\\/\"]},{\"@type\":\"Person\",\"@id\":\"https:\\\/\\\/e-ciftlik.com\\\/haberler\\\/#\\\/schema\\\/person\\\/d2f4fee3143d7f72be82cb887d51b00a\",\"name\":\"Haber Merkezi\",\"image\":{\"@type\":\"ImageObject\",\"inLanguage\":\"tr\",\"@id\":\"https:\\\/\\\/secure.gravatar.com\\\/avatar\\\/6c27d641914e66c1d0452c92716002398782818991d86db1c2cccb531e7c7c82?s=96&d=mm&r=g\",\"url\":\"https:\\\/\\\/secure.gravatar.com\\\/avatar\\\/6c27d641914e66c1d0452c92716002398782818991d86db1c2cccb531e7c7c82?s=96&d=mm&r=g\",\"contentUrl\":\"https:\\\/\\\/secure.gravatar.com\\\/avatar\\\/6c27d641914e66c1d0452c92716002398782818991d86db1c2cccb531e7c7c82?s=96&d=mm&r=g\",\"caption\":\"Haber Merkezi\"},\"sameAs\":[\"http:\\\/\\\/e-ciftlik.com\\\/haberler\"]}]}<\/script>\n<!-- \/ Yoast SEO Premium plugin. -->","yoast_head_json":{"title":"First Lady \u0130ddialar\u0131yla G\u00fcndemde Biden'\u0131n Ard\u0131ndan - E-&Ccedil;\u0130FTL\u0130K HABER","description":"Eski First Lady ve Demokrat Parti'nin \u00f6nde gelen isimlerinden Michelle Obama, Ba\u015fkan Joe Biden'\u0131n son d\u00f6nemdeki k\u00f6t\u00fc performans\u0131yla ilgili adayl\u0131k","robots":{"index":"index","follow":"follow","max-snippet":"max-snippet:-1","max-image-preview":"max-image-preview:large","max-video-preview":"max-video-preview:-1"},"canonical":"http:\/\/e-ciftlik.com\/haberler\/seyahat\/first-lady-iddialariyla-gundemde-bidenin-ardindan\/","og_locale":"tr_TR","og_type":"article","og_title":"First Lady \u0130ddialar\u0131yla G\u00fcndemde Biden'\u0131n Ard\u0131ndan","og_description":"Eski First Lady ve Demokrat Parti'nin \u00f6nde gelen isimlerinden Michelle Obama, Ba\u015fkan Joe Biden'\u0131n son d\u00f6nemdeki k\u00f6t\u00fc performans\u0131yla ilgili adayl\u0131k","og_url":"http:\/\/e-ciftlik.com\/haberler\/seyahat\/first-lady-iddialariyla-gundemde-bidenin-ardindan\/","og_site_name":"E-&Ccedil;\u0130FTL\u0130K HABER","article_publisher":"https:\/\/www.facebook.com\/eciftlikturkiye","article_published_time":"2024-07-01T13:41:56+00:00","author":"Haber Merkezi","twitter_card":"summary_large_image","twitter_creator":"@eciftlikresmi","twitter_site":"@eciftlikresmi","twitter_misc":{"Yazan:":"Haber Merkezi","Tahmini okuma s\u00fcresi":"1 dakika"},"schema":{"@context":"https:\/\/schema.org","@graph":[{"@type":"NewsArticle","@id":"http:\/\/e-ciftlik.com\/haberler\/seyahat\/first-lady-iddialariyla-gundemde-bidenin-ardindan\/#article","isPartOf":{"@id":"http:\/\/e-ciftlik.com\/haberler\/seyahat\/first-lady-iddialariyla-gundemde-bidenin-ardindan\/"},"author":{"name":"Haber Merkezi","@id":"https:\/\/e-ciftlik.com\/haberler\/#\/schema\/person\/d2f4fee3143d7f72be82cb887d51b00a"},"headline":"First Lady \u0130ddialar\u0131yla G\u00fcndemde Biden&#8217;\u0131n Ard\u0131ndan","datePublished":"2024-07-01T13:41:56+00:00","mainEntityOfPage":{"@id":"http:\/\/e-ciftlik.com\/haberler\/seyahat\/first-lady-iddialariyla-gundemde-bidenin-ardindan\/"},"wordCount":251,"commentCount":0,"publisher":{"@id":"https:\/\/e-ciftlik.com\/haberler\/#organization"},"articleSection":["Seyahat"],"inLanguage":"tr","potentialAction":[{"@type":"CommentAction","name":"Comment","target":["http:\/\/e-ciftlik.com\/haberler\/seyahat\/first-lady-iddialariyla-gundemde-bidenin-ardindan\/#respond"]}]},{"@type":"WebPage","@id":"http:\/\/e-ciftlik.com\/haberler\/seyahat\/first-lady-iddialariyla-gundemde-bidenin-ardindan\/","url":"http:\/\/e-ciftlik.com\/haberler\/seyahat\/first-lady-iddialariyla-gundemde-bidenin-ardindan\/","name":"First Lady \u0130ddialar\u0131yla G\u00fcndemde Biden'\u0131n Ard\u0131ndan - E-&Ccedil;\u0130FTL\u0130K HABER","isPartOf":{"@id":"https:\/\/e-ciftlik.com\/haberler\/#website"},"datePublished":"2024-07-01T13:41:56+00:00","description":"Eski First Lady ve Demokrat Parti'nin \u00f6nde gelen isimlerinden Michelle Obama, Ba\u015fkan Joe Biden'\u0131n son d\u00f6nemdeki k\u00f6t\u00fc performans\u0131yla ilgili adayl\u0131k","breadcrumb":{"@id":"http:\/\/e-ciftlik.com\/haberler\/seyahat\/first-lady-iddialariyla-gundemde-bidenin-ardindan\/#breadcrumb"},"inLanguage":"tr","potentialAction":[{"@type":"ReadAction","target":["http:\/\/e-ciftlik.com\/haberler\/seyahat\/first-lady-iddialariyla-gundemde-bidenin-ardindan\/"]}]},{"@type":"BreadcrumbList","@id":"http:\/\/e-ciftlik.com\/haberler\/seyahat\/first-lady-iddialariyla-gundemde-bidenin-ardindan\/#breadcrumb","itemListElement":[{"@type":"ListItem","position":1,"name":"Anasayfa","item":"https:\/\/e-ciftlik.com\/haberler\/"},{"@type":"ListItem","position":2,"name":"First Lady \u0130ddialar\u0131yla G\u00fcndemde Biden&#8217;\u0131n Ard\u0131ndan"}]},{"@type":"WebSite","@id":"https:\/\/e-ciftlik.com\/haberler\/#website","url":"https:\/\/e-ciftlik.com\/haberler\/","name":"E-\u00c7iftlik Haber | G\u00fcncel, Son Dakika Haberler, En Son Haber","description":"","publisher":{"@id":"https:\/\/e-ciftlik.com\/haberler\/#organization"},"potentialAction":[{"@type":"SearchAction","target":{"@type":"EntryPoint","urlTemplate":"https:\/\/e-ciftlik.com\/haberler\/?s={search_term_string}"},"query-input":{"@type":"PropertyValueSpecification","valueRequired":true,"valueName":"search_term_string"}}],"inLanguage":"tr"},{"@type":"Organization","@id":"https:\/\/e-ciftlik.com\/haberler\/#organization","name":"E-\u00c7\u0130FTL\u0130K HABER","url":"https:\/\/e-ciftlik.com\/haberler\/","logo":{"@type":"ImageObject","inLanguage":"tr","@id":"https:\/\/e-ciftlik.com\/haberler\/#\/schema\/logo\/image\/","url":"http:\/\/e-ciftlik.com\/haberler\/wp-content\/uploads\/2024\/06\/cropped-cropped-favicon-1-2.png","contentUrl":"http:\/\/e-ciftlik.com\/haberler\/wp-content\/uploads\/2024\/06\/cropped-cropped-favicon-1-2.png","width":512,"height":512,"caption":"E-\u00c7\u0130FTL\u0130K HABER"},"image":{"@id":"https:\/\/e-ciftlik.com\/haberler\/#\/schema\/logo\/image\/"},"sameAs":["https:\/\/www.facebook.com\/eciftlikturkiye","https:\/\/x.com\/eciftlikresmi","https:\/\/www.instagram.com\/eciftlikresmi\/"]},{"@type":"Person","@id":"https:\/\/e-ciftlik.com\/haberler\/#\/schema\/person\/d2f4fee3143d7f72be82cb887d51b00a","name":"Haber Merkezi","image":{"@type":"ImageObject","inLanguage":"tr","@id":"https:\/\/secure.gravatar.com\/avatar\/6c27d641914e66c1d0452c92716002398782818991d86db1c2cccb531e7c7c82?s=96&d=mm&r=g","url":"https:\/\/secure.gravatar.com\/avatar\/6c27d641914e66c1d0452c92716002398782818991d86db1c2cccb531e7c7c82?s=96&d=mm&r=g","contentUrl":"https:\/\/secure.gravatar.com\/avatar\/6c27d641914e66c1d0452c92716002398782818991d86db1c2cccb531e7c7c82?s=96&d=mm&r=g","caption":"Haber Merkezi"},"sameAs":["http:\/\/e-ciftlik.com\/haberler"]}]}},"_links":{"self":[{"href":"http:\/\/e-ciftlik.com\/haberler\/wp-json\/wp\/v2\/posts\/8432","targetHints":{"allow":["GET"]}}],"collection":[{"href":"http:\/\/e-ciftlik.com\/haberler\/wp-json\/wp\/v2\/posts"}],"about":[{"href":"http:\/\/e-ciftlik.com\/haberler\/wp-json\/wp\/v2\/types\/post"}],"author":[{"embeddable":true,"href":"http:\/\/e-ciftlik.com\/haberler\/wp-json\/wp\/v2\/users\/1"}],"replies":[{"embeddable":true,"href":"http:\/\/e-ciftlik.com\/haberler\/wp-json\/wp\/v2\/comments?post=8432"}],"version-history":[{"count":0,"href":"http:\/\/e-ciftlik.com\/haberler\/wp-json\/wp\/v2\/posts\/8432\/revisions"}],"wp:attachment":[{"href":"http:\/\/e-ciftlik.com\/haberler\/wp-json\/wp\/v2\/media?parent=8432"}],"wp:term":[{"taxonomy":"category","embeddable":true,"href":"http:\/\/e-ciftlik.com\/haberler\/wp-json\/wp\/v2\/categories?post=8432"},{"taxonomy":"post_tag","embeddable":true,"href":"http:\/\/e-ciftlik.com\/haberler\/wp-json\/wp\/v2\/tags?post=8432"}],"curies":[{"name":"wp","href":"https:\/\/api.w.org\/{rel}","templated":true}]}}