{"id":84390,"date":"2025-03-07T12:17:01","date_gmt":"2025-03-07T12:17:01","guid":{"rendered":"http:\/\/e-ciftlik.com\/haberler\/spor\/a-milli-kadin-basketbol-takimi-avrupa-sampiyonasinda-kura-yarin-cekilecek\/"},"modified":"2025-03-07T12:17:01","modified_gmt":"2025-03-07T12:17:01","slug":"a-milli-kadin-basketbol-takimi-avrupa-sampiyonasinda-kura-yarin-cekilecek","status":"publish","type":"post","link":"http:\/\/e-ciftlik.com\/haberler\/spor\/a-milli-kadin-basketbol-takimi-avrupa-sampiyonasinda-kura-yarin-cekilecek\/","title":{"rendered":"A Milli Kad\u0131n Basketbol Tak\u0131m\u0131 Avrupa \u015eampiyonas\u0131&#8217;nda! Kura Yar\u0131n \u00c7ekilecek"},"content":{"rendered":"<p>A Milli Kad\u0131n Basketbol Tak\u0131m\u0131&#8217;n\u0131n, 2025 Avrupa \u015eampiyonas\u0131&#8217;ndaki rakipleri yar\u0131n belli olacak. Yunanistan&#8217;\u0131n ba\u015fkenti Atina&#8217;da bulunan Stavros Niarchos K\u00fclt\u00fcr Merkezi&#8217;nde ger\u00e7ekle\u015ftirilecek kura \u00e7ekimi, TS\u0130 21.00&#8217;de ba\u015flayacak. Bu y\u0131l 40. kez d\u00fczenlenecek Avrupa \u015eampiyonas\u0131&#8217;nda 16 \u00fclke yer alacak. \u015eampiyona, Almanya&#8217;n\u0131n Hamburg, \u00c7ekya&#8217;n\u0131n Brno, \u0130talya&#8217;n\u0131n Bologna ve Yunanistan&#8217;\u0131n Pire kentlerinin ev sahipli\u011finde 18-29 Haziran tarihleri aras\u0131nda yap\u0131lacak.<\/p>\n<p>Elemelerde 6&#8217;da 6 yaparak grup lideri olan T\u00fcrkiye, \u015fampiyona vizesi ald\u0131 ve kura \u00e7ekimine 2. torbadan girecek. Tak\u0131mlar\u0131n yer ald\u0131\u011f\u0131 torbalar \u015fu \u015fekilde olacak: 1. Torba: \u0130spanya, Fransa, Bel\u00e7ika, S\u0131rbistan; 2. Torba: T\u00fcrkiye, \u0130talya, Almanya, \u00c7ekya; 3. Torba: B\u00fcy\u00fck Britanya, Karada\u011f, Slovenya, Yunanistan; 4. Torba: \u0130sve\u00e7, Litvanya, Portekiz, \u0130svi\u00e7re.<\/p>\n<p>A Milli Kad\u0131n Basketbol Tak\u0131m\u0131, Avrupa \u015eampiyonas\u0131&#8217;nda A Grubu&#8217;nda yer alacak ve ma\u00e7lar\u0131n\u0131 Yunanistan&#8217;da oynayacak. T\u00fcrkiye, di\u011fer ev sahibi \u00fclkeler olan \u0130talya, Almanya ve \u00c7ekya ile ayn\u0131 torbada oldu\u011fundan bu tak\u0131mlarla e\u015fle\u015femeyecek. Milli tak\u0131m A Grubu&#8217;nda Yunanistan ile ayn\u0131 grupta olacak. Di\u011fer rakipler ise 1. ve 4. torbadan gelecek.<\/p>\n<p>Toplam 16 \u00fclkenin m\u00fccadele edece\u011fi \u015fampiyonada tak\u0131mlar 4 gruba ayr\u0131lacak. Gruplar 4&#8217;er tak\u0131mdan olu\u015facak ve ilk 2&#8217;ye giren ekipler \u00e7eyrek finalist olacak. A Grubu ma\u00e7lar\u0131 Pire, B Grubu ma\u00e7lar\u0131 Bologna, C Grubu ma\u00e7lar\u0131 Brno ve D Grubu ma\u00e7lar\u0131 Hamburg&#8217;da oynanacak. \u00c7eyrek finalden itibaren ma\u00e7lar, Yunanistan&#8217;\u0131n Pire \u015fehrindeki Bar\u0131\u015f ve Dostluk Salonu&#8217;nda ger\u00e7ekle\u015ftirilecek. \u00c7eyrek finaller 24-25 Haziran&#8217;da, yar\u0131 finaller 27 Haziran&#8217;da, final ise 28 Haziran&#8217;da yap\u0131lacak.<\/p>\n<p>A Milli Kad\u0131n Basketbol Tak\u0131m\u0131, toplamda 11. kez Avrupa \u015eampiyonas\u0131&#8217;nda yer alacak. T\u00fcrkiye, 2025&#8217;te de \u015fampiyonada m\u00fccadele verecek. Milli tak\u0131m, 2011&#8217;de g\u00fcm\u00fc\u015f, 2013&#8217;te ise bronz madalya kazand\u0131.<\/p>\n","protected":false},"excerpt":{"rendered":"<p>A Milli Kad\u0131n Basketbol Tak\u0131m\u0131&#8217;n\u0131n, 2025 Avrupa \u015eampiyonas\u0131&#8217;ndaki rakipleri yar\u0131n belli olacak. Yunanistan&#8217;\u0131n ba\u015fkenti Atina&#8217;da&hellip;<\/p>\n","protected":false},"author":1,"featured_media":84391,"comment_status":"open","ping_status":"open","sticky":false,"template":"","format":"standard","meta":{"footnotes":""},"categories":[7],"tags":[],"class_list":["post-84390","post","type-post","status-publish","format-standard","has-post-thumbnail","hentry","category-spor"],"yoast_head":"<!-- This site is optimized with the Yoast SEO Premium plugin v24.3 (Yoast SEO v27.4) - https:\/\/yoast.com\/product\/yoast-seo-premium-wordpress\/ -->\n<title>A Milli Kad\u0131n Basketbol Tak\u0131m\u0131 Avrupa \u015eampiyonas\u0131&#039;nda! Kura Yar\u0131n \u00c7ekilecek - E-&Ccedil;\u0130FTL\u0130K HABER<\/title>\n<meta name=\"description\" content=\"A Milli Kad\u0131n Basketbol Tak\u0131m\u0131&#039;n\u0131n, 2025 Avrupa \u015eampiyonas\u0131&#039;ndaki rakipleri yar\u0131n belli olacak. Yunanistan&#039;\u0131n ba\u015fkenti Atina&#039;da bulunan Stavros Niarchos\" \/>\n<meta name=\"robots\" content=\"index, follow, max-snippet:-1, max-image-preview:large, max-video-preview:-1\" \/>\n<link rel=\"canonical\" href=\"http:\/\/e-ciftlik.com\/haberler\/spor\/a-milli-kadin-basketbol-takimi-avrupa-sampiyonasinda-kura-yarin-cekilecek\/\" \/>\n<meta property=\"og:locale\" content=\"tr_TR\" \/>\n<meta property=\"og:type\" content=\"article\" \/>\n<meta property=\"og:title\" content=\"A Milli Kad\u0131n Basketbol Tak\u0131m\u0131 Avrupa \u015eampiyonas\u0131&#039;nda! Kura Yar\u0131n \u00c7ekilecek\" \/>\n<meta property=\"og:description\" content=\"A Milli Kad\u0131n Basketbol Tak\u0131m\u0131&#039;n\u0131n, 2025 Avrupa \u015eampiyonas\u0131&#039;ndaki rakipleri yar\u0131n belli olacak. Yunanistan&#039;\u0131n ba\u015fkenti Atina&#039;da bulunan Stavros Niarchos\" \/>\n<meta property=\"og:url\" content=\"http:\/\/e-ciftlik.com\/haberler\/spor\/a-milli-kadin-basketbol-takimi-avrupa-sampiyonasinda-kura-yarin-cekilecek\/\" \/>\n<meta property=\"og:site_name\" content=\"E-&Ccedil;\u0130FTL\u0130K HABER\" \/>\n<meta property=\"article:publisher\" content=\"https:\/\/www.facebook.com\/eciftlikturkiye\" \/>\n<meta property=\"article:published_time\" content=\"2025-03-07T12:17:01+00:00\" \/>\n<meta property=\"og:image\" content=\"http:\/\/e-ciftlik.com\/haberler\/wp-content\/uploads\/2025\/03\/1741349823_1200x628.jpeg\" \/>\n\t<meta property=\"og:image:width\" content=\"1200\" \/>\n\t<meta property=\"og:image:height\" content=\"627\" \/>\n\t<meta property=\"og:image:type\" content=\"image\/jpeg\" \/>\n<meta name=\"author\" content=\"Haber Merkezi\" \/>\n<meta name=\"twitter:card\" content=\"summary_large_image\" \/>\n<meta name=\"twitter:creator\" content=\"@eciftlikresmi\" \/>\n<meta name=\"twitter:site\" content=\"@eciftlikresmi\" \/>\n<meta name=\"twitter:label1\" content=\"Yazan:\" \/>\n\t<meta name=\"twitter:data1\" content=\"Haber Merkezi\" \/>\n\t<meta name=\"twitter:label2\" content=\"Tahmini okuma s\u00fcresi\" \/>\n\t<meta name=\"twitter:data2\" content=\"1 dakika\" \/>\n<script type=\"application\/ld+json\" class=\"yoast-schema-graph\">{\"@context\":\"https:\\\/\\\/schema.org\",\"@graph\":[{\"@type\":\"NewsArticle\",\"@id\":\"http:\\\/\\\/e-ciftlik.com\\\/haberler\\\/spor\\\/a-milli-kadin-basketbol-takimi-avrupa-sampiyonasinda-kura-yarin-cekilecek\\\/#article\",\"isPartOf\":{\"@id\":\"http:\\\/\\\/e-ciftlik.com\\\/haberler\\\/spor\\\/a-milli-kadin-basketbol-takimi-avrupa-sampiyonasinda-kura-yarin-cekilecek\\\/\"},\"author\":{\"name\":\"Haber Merkezi\",\"@id\":\"https:\\\/\\\/e-ciftlik.com\\\/haberler\\\/#\\\/schema\\\/person\\\/d2f4fee3143d7f72be82cb887d51b00a\"},\"headline\":\"A Milli Kad\u0131n Basketbol Tak\u0131m\u0131 Avrupa \u015eampiyonas\u0131&#8217;nda! Kura Yar\u0131n \u00c7ekilecek\",\"datePublished\":\"2025-03-07T12:17:01+00:00\",\"mainEntityOfPage\":{\"@id\":\"http:\\\/\\\/e-ciftlik.com\\\/haberler\\\/spor\\\/a-milli-kadin-basketbol-takimi-avrupa-sampiyonasinda-kura-yarin-cekilecek\\\/\"},\"wordCount\":323,\"commentCount\":0,\"publisher\":{\"@id\":\"https:\\\/\\\/e-ciftlik.com\\\/haberler\\\/#organization\"},\"image\":{\"@id\":\"http:\\\/\\\/e-ciftlik.com\\\/haberler\\\/spor\\\/a-milli-kadin-basketbol-takimi-avrupa-sampiyonasinda-kura-yarin-cekilecek\\\/#primaryimage\"},\"thumbnailUrl\":\"http:\\\/\\\/e-ciftlik.com\\\/haberler\\\/wp-content\\\/uploads\\\/2025\\\/03\\\/1741349823_1200x628.jpeg\",\"articleSection\":[\"Spor\"],\"inLanguage\":\"tr\",\"potentialAction\":[{\"@type\":\"CommentAction\",\"name\":\"Comment\",\"target\":[\"http:\\\/\\\/e-ciftlik.com\\\/haberler\\\/spor\\\/a-milli-kadin-basketbol-takimi-avrupa-sampiyonasinda-kura-yarin-cekilecek\\\/#respond\"]}]},{\"@type\":\"WebPage\",\"@id\":\"http:\\\/\\\/e-ciftlik.com\\\/haberler\\\/spor\\\/a-milli-kadin-basketbol-takimi-avrupa-sampiyonasinda-kura-yarin-cekilecek\\\/\",\"url\":\"http:\\\/\\\/e-ciftlik.com\\\/haberler\\\/spor\\\/a-milli-kadin-basketbol-takimi-avrupa-sampiyonasinda-kura-yarin-cekilecek\\\/\",\"name\":\"A Milli Kad\u0131n Basketbol Tak\u0131m\u0131 Avrupa \u015eampiyonas\u0131'nda! Kura Yar\u0131n \u00c7ekilecek - E-&Ccedil;\u0130FTL\u0130K HABER\",\"isPartOf\":{\"@id\":\"https:\\\/\\\/e-ciftlik.com\\\/haberler\\\/#website\"},\"primaryImageOfPage\":{\"@id\":\"http:\\\/\\\/e-ciftlik.com\\\/haberler\\\/spor\\\/a-milli-kadin-basketbol-takimi-avrupa-sampiyonasinda-kura-yarin-cekilecek\\\/#primaryimage\"},\"image\":{\"@id\":\"http:\\\/\\\/e-ciftlik.com\\\/haberler\\\/spor\\\/a-milli-kadin-basketbol-takimi-avrupa-sampiyonasinda-kura-yarin-cekilecek\\\/#primaryimage\"},\"thumbnailUrl\":\"http:\\\/\\\/e-ciftlik.com\\\/haberler\\\/wp-content\\\/uploads\\\/2025\\\/03\\\/1741349823_1200x628.jpeg\",\"datePublished\":\"2025-03-07T12:17:01+00:00\",\"description\":\"A Milli Kad\u0131n Basketbol Tak\u0131m\u0131'n\u0131n, 2025 Avrupa \u015eampiyonas\u0131'ndaki rakipleri yar\u0131n belli olacak. Yunanistan'\u0131n ba\u015fkenti Atina'da bulunan Stavros Niarchos\",\"breadcrumb\":{\"@id\":\"http:\\\/\\\/e-ciftlik.com\\\/haberler\\\/spor\\\/a-milli-kadin-basketbol-takimi-avrupa-sampiyonasinda-kura-yarin-cekilecek\\\/#breadcrumb\"},\"inLanguage\":\"tr\",\"potentialAction\":[{\"@type\":\"ReadAction\",\"target\":[\"http:\\\/\\\/e-ciftlik.com\\\/haberler\\\/spor\\\/a-milli-kadin-basketbol-takimi-avrupa-sampiyonasinda-kura-yarin-cekilecek\\\/\"]}]},{\"@type\":\"ImageObject\",\"inLanguage\":\"tr\",\"@id\":\"http:\\\/\\\/e-ciftlik.com\\\/haberler\\\/spor\\\/a-milli-kadin-basketbol-takimi-avrupa-sampiyonasinda-kura-yarin-cekilecek\\\/#primaryimage\",\"url\":\"http:\\\/\\\/e-ciftlik.com\\\/haberler\\\/wp-content\\\/uploads\\\/2025\\\/03\\\/1741349823_1200x628.jpeg\",\"contentUrl\":\"http:\\\/\\\/e-ciftlik.com\\\/haberler\\\/wp-content\\\/uploads\\\/2025\\\/03\\\/1741349823_1200x628.jpeg\",\"width\":1200,\"height\":627},{\"@type\":\"BreadcrumbList\",\"@id\":\"http:\\\/\\\/e-ciftlik.com\\\/haberler\\\/spor\\\/a-milli-kadin-basketbol-takimi-avrupa-sampiyonasinda-kura-yarin-cekilecek\\\/#breadcrumb\",\"itemListElement\":[{\"@type\":\"ListItem\",\"position\":1,\"name\":\"Anasayfa\",\"item\":\"https:\\\/\\\/e-ciftlik.com\\\/haberler\\\/\"},{\"@type\":\"ListItem\",\"position\":2,\"name\":\"A Milli Kad\u0131n Basketbol Tak\u0131m\u0131 Avrupa \u015eampiyonas\u0131&#8217;nda! Kura Yar\u0131n \u00c7ekilecek\"}]},{\"@type\":\"WebSite\",\"@id\":\"https:\\\/\\\/e-ciftlik.com\\\/haberler\\\/#website\",\"url\":\"https:\\\/\\\/e-ciftlik.com\\\/haberler\\\/\",\"name\":\"E-\u00c7iftlik Haber | G\u00fcncel, Son Dakika Haberler, En Son Haber\",\"description\":\"\",\"publisher\":{\"@id\":\"https:\\\/\\\/e-ciftlik.com\\\/haberler\\\/#organization\"},\"potentialAction\":[{\"@type\":\"SearchAction\",\"target\":{\"@type\":\"EntryPoint\",\"urlTemplate\":\"https:\\\/\\\/e-ciftlik.com\\\/haberler\\\/?s={search_term_string}\"},\"query-input\":{\"@type\":\"PropertyValueSpecification\",\"valueRequired\":true,\"valueName\":\"search_term_string\"}}],\"inLanguage\":\"tr\"},{\"@type\":\"Organization\",\"@id\":\"https:\\\/\\\/e-ciftlik.com\\\/haberler\\\/#organization\",\"name\":\"E-\u00c7\u0130FTL\u0130K HABER\",\"url\":\"https:\\\/\\\/e-ciftlik.com\\\/haberler\\\/\",\"logo\":{\"@type\":\"ImageObject\",\"inLanguage\":\"tr\",\"@id\":\"https:\\\/\\\/e-ciftlik.com\\\/haberler\\\/#\\\/schema\\\/logo\\\/image\\\/\",\"url\":\"http:\\\/\\\/e-ciftlik.com\\\/haberler\\\/wp-content\\\/uploads\\\/2024\\\/06\\\/cropped-cropped-favicon-1-2.png\",\"contentUrl\":\"http:\\\/\\\/e-ciftlik.com\\\/haberler\\\/wp-content\\\/uploads\\\/2024\\\/06\\\/cropped-cropped-favicon-1-2.png\",\"width\":512,\"height\":512,\"caption\":\"E-\u00c7\u0130FTL\u0130K HABER\"},\"image\":{\"@id\":\"https:\\\/\\\/e-ciftlik.com\\\/haberler\\\/#\\\/schema\\\/logo\\\/image\\\/\"},\"sameAs\":[\"https:\\\/\\\/www.facebook.com\\\/eciftlikturkiye\",\"https:\\\/\\\/x.com\\\/eciftlikresmi\",\"https:\\\/\\\/www.instagram.com\\\/eciftlikresmi\\\/\"]},{\"@type\":\"Person\",\"@id\":\"https:\\\/\\\/e-ciftlik.com\\\/haberler\\\/#\\\/schema\\\/person\\\/d2f4fee3143d7f72be82cb887d51b00a\",\"name\":\"Haber Merkezi\",\"image\":{\"@type\":\"ImageObject\",\"inLanguage\":\"tr\",\"@id\":\"https:\\\/\\\/secure.gravatar.com\\\/avatar\\\/6c27d641914e66c1d0452c92716002398782818991d86db1c2cccb531e7c7c82?s=96&d=mm&r=g\",\"url\":\"https:\\\/\\\/secure.gravatar.com\\\/avatar\\\/6c27d641914e66c1d0452c92716002398782818991d86db1c2cccb531e7c7c82?s=96&d=mm&r=g\",\"contentUrl\":\"https:\\\/\\\/secure.gravatar.com\\\/avatar\\\/6c27d641914e66c1d0452c92716002398782818991d86db1c2cccb531e7c7c82?s=96&d=mm&r=g\",\"caption\":\"Haber Merkezi\"},\"sameAs\":[\"http:\\\/\\\/e-ciftlik.com\\\/haberler\"]}]}<\/script>\n<!-- \/ Yoast SEO Premium plugin. -->","yoast_head_json":{"title":"A Milli Kad\u0131n Basketbol Tak\u0131m\u0131 Avrupa \u015eampiyonas\u0131'nda! Kura Yar\u0131n \u00c7ekilecek - E-&Ccedil;\u0130FTL\u0130K HABER","description":"A Milli Kad\u0131n Basketbol Tak\u0131m\u0131'n\u0131n, 2025 Avrupa \u015eampiyonas\u0131'ndaki rakipleri yar\u0131n belli olacak. Yunanistan'\u0131n ba\u015fkenti Atina'da bulunan Stavros Niarchos","robots":{"index":"index","follow":"follow","max-snippet":"max-snippet:-1","max-image-preview":"max-image-preview:large","max-video-preview":"max-video-preview:-1"},"canonical":"http:\/\/e-ciftlik.com\/haberler\/spor\/a-milli-kadin-basketbol-takimi-avrupa-sampiyonasinda-kura-yarin-cekilecek\/","og_locale":"tr_TR","og_type":"article","og_title":"A Milli Kad\u0131n Basketbol Tak\u0131m\u0131 Avrupa \u015eampiyonas\u0131'nda! Kura Yar\u0131n \u00c7ekilecek","og_description":"A Milli Kad\u0131n Basketbol Tak\u0131m\u0131'n\u0131n, 2025 Avrupa \u015eampiyonas\u0131'ndaki rakipleri yar\u0131n belli olacak. Yunanistan'\u0131n ba\u015fkenti Atina'da bulunan Stavros Niarchos","og_url":"http:\/\/e-ciftlik.com\/haberler\/spor\/a-milli-kadin-basketbol-takimi-avrupa-sampiyonasinda-kura-yarin-cekilecek\/","og_site_name":"E-&Ccedil;\u0130FTL\u0130K HABER","article_publisher":"https:\/\/www.facebook.com\/eciftlikturkiye","article_published_time":"2025-03-07T12:17:01+00:00","og_image":[{"width":1200,"height":627,"url":"http:\/\/e-ciftlik.com\/haberler\/wp-content\/uploads\/2025\/03\/1741349823_1200x628.jpeg","type":"image\/jpeg"}],"author":"Haber Merkezi","twitter_card":"summary_large_image","twitter_creator":"@eciftlikresmi","twitter_site":"@eciftlikresmi","twitter_misc":{"Yazan:":"Haber Merkezi","Tahmini okuma s\u00fcresi":"1 dakika"},"schema":{"@context":"https:\/\/schema.org","@graph":[{"@type":"NewsArticle","@id":"http:\/\/e-ciftlik.com\/haberler\/spor\/a-milli-kadin-basketbol-takimi-avrupa-sampiyonasinda-kura-yarin-cekilecek\/#article","isPartOf":{"@id":"http:\/\/e-ciftlik.com\/haberler\/spor\/a-milli-kadin-basketbol-takimi-avrupa-sampiyonasinda-kura-yarin-cekilecek\/"},"author":{"name":"Haber Merkezi","@id":"https:\/\/e-ciftlik.com\/haberler\/#\/schema\/person\/d2f4fee3143d7f72be82cb887d51b00a"},"headline":"A Milli Kad\u0131n Basketbol Tak\u0131m\u0131 Avrupa \u015eampiyonas\u0131&#8217;nda! Kura Yar\u0131n \u00c7ekilecek","datePublished":"2025-03-07T12:17:01+00:00","mainEntityOfPage":{"@id":"http:\/\/e-ciftlik.com\/haberler\/spor\/a-milli-kadin-basketbol-takimi-avrupa-sampiyonasinda-kura-yarin-cekilecek\/"},"wordCount":323,"commentCount":0,"publisher":{"@id":"https:\/\/e-ciftlik.com\/haberler\/#organization"},"image":{"@id":"http:\/\/e-ciftlik.com\/haberler\/spor\/a-milli-kadin-basketbol-takimi-avrupa-sampiyonasinda-kura-yarin-cekilecek\/#primaryimage"},"thumbnailUrl":"http:\/\/e-ciftlik.com\/haberler\/wp-content\/uploads\/2025\/03\/1741349823_1200x628.jpeg","articleSection":["Spor"],"inLanguage":"tr","potentialAction":[{"@type":"CommentAction","name":"Comment","target":["http:\/\/e-ciftlik.com\/haberler\/spor\/a-milli-kadin-basketbol-takimi-avrupa-sampiyonasinda-kura-yarin-cekilecek\/#respond"]}]},{"@type":"WebPage","@id":"http:\/\/e-ciftlik.com\/haberler\/spor\/a-milli-kadin-basketbol-takimi-avrupa-sampiyonasinda-kura-yarin-cekilecek\/","url":"http:\/\/e-ciftlik.com\/haberler\/spor\/a-milli-kadin-basketbol-takimi-avrupa-sampiyonasinda-kura-yarin-cekilecek\/","name":"A Milli Kad\u0131n Basketbol Tak\u0131m\u0131 Avrupa \u015eampiyonas\u0131'nda! Kura Yar\u0131n \u00c7ekilecek - E-&Ccedil;\u0130FTL\u0130K HABER","isPartOf":{"@id":"https:\/\/e-ciftlik.com\/haberler\/#website"},"primaryImageOfPage":{"@id":"http:\/\/e-ciftlik.com\/haberler\/spor\/a-milli-kadin-basketbol-takimi-avrupa-sampiyonasinda-kura-yarin-cekilecek\/#primaryimage"},"image":{"@id":"http:\/\/e-ciftlik.com\/haberler\/spor\/a-milli-kadin-basketbol-takimi-avrupa-sampiyonasinda-kura-yarin-cekilecek\/#primaryimage"},"thumbnailUrl":"http:\/\/e-ciftlik.com\/haberler\/wp-content\/uploads\/2025\/03\/1741349823_1200x628.jpeg","datePublished":"2025-03-07T12:17:01+00:00","description":"A Milli Kad\u0131n Basketbol Tak\u0131m\u0131'n\u0131n, 2025 Avrupa \u015eampiyonas\u0131'ndaki rakipleri yar\u0131n belli olacak. Yunanistan'\u0131n ba\u015fkenti Atina'da bulunan Stavros Niarchos","breadcrumb":{"@id":"http:\/\/e-ciftlik.com\/haberler\/spor\/a-milli-kadin-basketbol-takimi-avrupa-sampiyonasinda-kura-yarin-cekilecek\/#breadcrumb"},"inLanguage":"tr","potentialAction":[{"@type":"ReadAction","target":["http:\/\/e-ciftlik.com\/haberler\/spor\/a-milli-kadin-basketbol-takimi-avrupa-sampiyonasinda-kura-yarin-cekilecek\/"]}]},{"@type":"ImageObject","inLanguage":"tr","@id":"http:\/\/e-ciftlik.com\/haberler\/spor\/a-milli-kadin-basketbol-takimi-avrupa-sampiyonasinda-kura-yarin-cekilecek\/#primaryimage","url":"http:\/\/e-ciftlik.com\/haberler\/wp-content\/uploads\/2025\/03\/1741349823_1200x628.jpeg","contentUrl":"http:\/\/e-ciftlik.com\/haberler\/wp-content\/uploads\/2025\/03\/1741349823_1200x628.jpeg","width":1200,"height":627},{"@type":"BreadcrumbList","@id":"http:\/\/e-ciftlik.com\/haberler\/spor\/a-milli-kadin-basketbol-takimi-avrupa-sampiyonasinda-kura-yarin-cekilecek\/#breadcrumb","itemListElement":[{"@type":"ListItem","position":1,"name":"Anasayfa","item":"https:\/\/e-ciftlik.com\/haberler\/"},{"@type":"ListItem","position":2,"name":"A Milli Kad\u0131n Basketbol Tak\u0131m\u0131 Avrupa \u015eampiyonas\u0131&#8217;nda! Kura Yar\u0131n \u00c7ekilecek"}]},{"@type":"WebSite","@id":"https:\/\/e-ciftlik.com\/haberler\/#website","url":"https:\/\/e-ciftlik.com\/haberler\/","name":"E-\u00c7iftlik Haber | G\u00fcncel, Son Dakika Haberler, En Son Haber","description":"","publisher":{"@id":"https:\/\/e-ciftlik.com\/haberler\/#organization"},"potentialAction":[{"@type":"SearchAction","target":{"@type":"EntryPoint","urlTemplate":"https:\/\/e-ciftlik.com\/haberler\/?s={search_term_string}"},"query-input":{"@type":"PropertyValueSpecification","valueRequired":true,"valueName":"search_term_string"}}],"inLanguage":"tr"},{"@type":"Organization","@id":"https:\/\/e-ciftlik.com\/haberler\/#organization","name":"E-\u00c7\u0130FTL\u0130K HABER","url":"https:\/\/e-ciftlik.com\/haberler\/","logo":{"@type":"ImageObject","inLanguage":"tr","@id":"https:\/\/e-ciftlik.com\/haberler\/#\/schema\/logo\/image\/","url":"http:\/\/e-ciftlik.com\/haberler\/wp-content\/uploads\/2024\/06\/cropped-cropped-favicon-1-2.png","contentUrl":"http:\/\/e-ciftlik.com\/haberler\/wp-content\/uploads\/2024\/06\/cropped-cropped-favicon-1-2.png","width":512,"height":512,"caption":"E-\u00c7\u0130FTL\u0130K HABER"},"image":{"@id":"https:\/\/e-ciftlik.com\/haberler\/#\/schema\/logo\/image\/"},"sameAs":["https:\/\/www.facebook.com\/eciftlikturkiye","https:\/\/x.com\/eciftlikresmi","https:\/\/www.instagram.com\/eciftlikresmi\/"]},{"@type":"Person","@id":"https:\/\/e-ciftlik.com\/haberler\/#\/schema\/person\/d2f4fee3143d7f72be82cb887d51b00a","name":"Haber Merkezi","image":{"@type":"ImageObject","inLanguage":"tr","@id":"https:\/\/secure.gravatar.com\/avatar\/6c27d641914e66c1d0452c92716002398782818991d86db1c2cccb531e7c7c82?s=96&d=mm&r=g","url":"https:\/\/secure.gravatar.com\/avatar\/6c27d641914e66c1d0452c92716002398782818991d86db1c2cccb531e7c7c82?s=96&d=mm&r=g","contentUrl":"https:\/\/secure.gravatar.com\/avatar\/6c27d641914e66c1d0452c92716002398782818991d86db1c2cccb531e7c7c82?s=96&d=mm&r=g","caption":"Haber Merkezi"},"sameAs":["http:\/\/e-ciftlik.com\/haberler"]}]}},"_links":{"self":[{"href":"http:\/\/e-ciftlik.com\/haberler\/wp-json\/wp\/v2\/posts\/84390","targetHints":{"allow":["GET"]}}],"collection":[{"href":"http:\/\/e-ciftlik.com\/haberler\/wp-json\/wp\/v2\/posts"}],"about":[{"href":"http:\/\/e-ciftlik.com\/haberler\/wp-json\/wp\/v2\/types\/post"}],"author":[{"embeddable":true,"href":"http:\/\/e-ciftlik.com\/haberler\/wp-json\/wp\/v2\/users\/1"}],"replies":[{"embeddable":true,"href":"http:\/\/e-ciftlik.com\/haberler\/wp-json\/wp\/v2\/comments?post=84390"}],"version-history":[{"count":0,"href":"http:\/\/e-ciftlik.com\/haberler\/wp-json\/wp\/v2\/posts\/84390\/revisions"}],"wp:featuredmedia":[{"embeddable":true,"href":"http:\/\/e-ciftlik.com\/haberler\/wp-json\/wp\/v2\/media\/84391"}],"wp:attachment":[{"href":"http:\/\/e-ciftlik.com\/haberler\/wp-json\/wp\/v2\/media?parent=84390"}],"wp:term":[{"taxonomy":"category","embeddable":true,"href":"http:\/\/e-ciftlik.com\/haberler\/wp-json\/wp\/v2\/categories?post=84390"},{"taxonomy":"post_tag","embeddable":true,"href":"http:\/\/e-ciftlik.com\/haberler\/wp-json\/wp\/v2\/tags?post=84390"}],"curies":[{"name":"wp","href":"https:\/\/api.w.org\/{rel}","templated":true}]}}