{"id":8445,"date":"2024-06-30T08:37:00","date_gmt":"2024-06-30T08:37:00","guid":{"rendered":"http:\/\/e-ciftlik.com\/haberler\/tarim\/gonullu-saglik-ekibi-mevsimlik-tarim-iscilerine-yardim-ediyor\/"},"modified":"2024-06-30T08:37:00","modified_gmt":"2024-06-30T08:37:00","slug":"gonullu-saglik-ekibi-mevsimlik-tarim-iscilerine-yardim-ediyor","status":"publish","type":"post","link":"http:\/\/e-ciftlik.com\/haberler\/tarim\/gonullu-saglik-ekibi-mevsimlik-tarim-iscilerine-yardim-ediyor\/","title":{"rendered":"G\u00f6n\u00fcll\u00fc Sa\u011fl\u0131k Ekibi Mevsimlik Tar\u0131m \u0130\u015f\u00e7ilerine Yard\u0131m Ediyor"},"content":{"rendered":"<p>Yozgat&#8217;\u0131n Yerk\u00f6y il\u00e7esinde mesai saatleri d\u0131\u015f\u0131nda \u00e7ad\u0131rlarda ya\u015fayan mevsimlik tar\u0131m i\u015f\u00e7ilerine sa\u011fl\u0131k hizmeti sunan g\u00f6n\u00fcll\u00fc sa\u011fl\u0131k ekibi olu\u015fturuldu. Bu ekipte doktor, ebe ve hem\u015fireden olu\u015fan sa\u011fl\u0131k \u00e7al\u0131\u015fanlar\u0131 yer al\u0131yor.<\/p>\n<p>Yerk\u00f6y \u0130l\u00e7e Sa\u011fl\u0131k M\u00fcd\u00fcr\u00fc Canda\u015f Tan liderli\u011finde g\u00f6n\u00fcll\u00fc sa\u011fl\u0131k ekibi, Do\u011fu ve G\u00fcneydo\u011fu illerinden gelen mevsimlik tar\u0131m i\u015f\u00e7ilerinin sa\u011fl\u0131k ihtiya\u00e7lar\u0131na yan\u0131t veriyor. \u00c7ad\u0131rlarda ya\u015fayan i\u015f\u00e7ileri ayda 2 kez ziyaret eden sa\u011fl\u0131k ekipleri, muayene ve ila\u00e7 yazma i\u015flemlerini ger\u00e7ekle\u015ftiriyor. Ayr\u0131ca hamile kad\u0131nlar\u0131n kontrollerini yaparak \u00e7ocuklar\u0131n a\u015f\u0131lar\u0131n\u0131 da tamaml\u0131yorlar.<\/p>\n<p>Ailelerin ya\u015fad\u0131\u011f\u0131 3 farkl\u0131 noktada \u00e7ad\u0131rlarda sa\u011fl\u0131k hizmeti sunan ekip, kanser ve kene gibi konularda bilgilendirici bro\u015f\u00fcrler da\u011f\u0131tarak bilin\u00e7lendirme \u00e7al\u0131\u015fmalar\u0131 y\u00fcr\u00fct\u00fcyor. \u0130l\u00e7ede ger\u00e7ekle\u015ftirilen bu sa\u011fl\u0131k hizmetlerinin yan\u0131 s\u0131ra, Gebelik takipleri ve tedavileri de d\u00fczenli olarak ger\u00e7ekle\u015ftiriliyor.<\/p>\n<p>Yerk\u00f6y Sa\u011fl\u0131k M\u00fcd\u00fcr\u00fc Canda\u015f Tan, yap\u0131lan ziyaretlerde mesai saatlerinin d\u0131\u015f\u0131nda daha fazla verim al\u0131nd\u0131\u011f\u0131n\u0131 belirterek, ekibin fedakar \u00e7al\u0131\u015fmalar\u0131n\u0131 vurgulad\u0131. Bu s\u00fcre\u00e7te olu\u015fan g\u00fc\u00e7l\u00fc ba\u011f ve aile ortam\u0131, mevsimlik tar\u0131m i\u015f\u00e7ilerine de\u011ferli bir destek sa\u011fl\u0131yor.<\/p>\n<p>Sa\u011fl\u0131k hizmeti veren ekipten Ebe D\u00f6nd\u00fc K\u0131l\u0131\u00e7aslan, tar\u0131m i\u015f\u00e7ilerine sa\u011fl\u0131k hizmeti sunduklar\u0131 s\u00fcre boyunca aile gibi olduklar\u0131n\u0131 belirtti. \u0130\u015f\u00e7ilerin ihtiya\u00e7lar\u0131n\u0131 kar\u015f\u0131lamak ad\u0131na mesai saatlerinin d\u0131\u015f\u0131nda ziyaretler ger\u00e7ekle\u015ftirdiklerini aktard\u0131.<\/p>\n<p>Mevsimlik tar\u0131m i\u015f\u00e7ilerinden Zeynep \u015eim\u015fek, sa\u011fl\u0131k hizmetlerinden memnuniyetini dile getirirken, Sa\u011fl\u0131k M\u00fcd\u00fcrl\u00fc\u011f\u00fc ekibine te\u015fekk\u00fcrlerini iletti. Ayr\u0131ca, di\u011fer bir i\u015f\u00e7i olan \u0130brahim Halil \u015eim\u015fek de ekipten ald\u0131klar\u0131 sa\u011fl\u0131k hizmetlerinden ve ilgiden duydu\u011fu memnuniyeti dile getirdi. <\/p>\n<p>Yerk\u00f6y&#8217;de ger\u00e7ekle\u015ftirilen bu sa\u011fl\u0131k \u00e7al\u0131\u015fmalar\u0131, mevsimlik tar\u0131m i\u015f\u00e7ilerinin sa\u011fl\u0131k ihtiya\u00e7lar\u0131n\u0131 kar\u015f\u0131lamak ad\u0131na b\u00fcy\u00fck bir \u00f6nem ta\u015f\u0131yor.<\/p>\n","protected":false},"excerpt":{"rendered":"<p>Yozgat&#8217;\u0131n Yerk\u00f6y il\u00e7esinde mesai saatleri d\u0131\u015f\u0131nda \u00e7ad\u0131rlarda ya\u015fayan mevsimlik tar\u0131m i\u015f\u00e7ilerine sa\u011fl\u0131k hizmeti sunan g\u00f6n\u00fcll\u00fc&hellip;<\/p>\n","protected":false},"author":1,"featured_media":8446,"comment_status":"open","ping_status":"open","sticky":false,"template":"","format":"standard","meta":{"footnotes":""},"categories":[9],"tags":[],"class_list":["post-8445","post","type-post","status-publish","format-standard","has-post-thumbnail","hentry","category-tarim"],"yoast_head":"<!-- This site is optimized with the Yoast SEO Premium plugin v24.3 (Yoast SEO v27.4) - https:\/\/yoast.com\/product\/yoast-seo-premium-wordpress\/ -->\n<title>G\u00f6n\u00fcll\u00fc Sa\u011fl\u0131k Ekibi Mevsimlik Tar\u0131m \u0130\u015f\u00e7ilerine Yard\u0131m Ediyor - E-&Ccedil;\u0130FTL\u0130K HABER<\/title>\n<meta name=\"description\" content=\"Yozgat&#039;\u0131n Yerk\u00f6y il\u00e7esinde mesai saatleri d\u0131\u015f\u0131nda \u00e7ad\u0131rlarda ya\u015fayan mevsimlik tar\u0131m i\u015f\u00e7ilerine sa\u011fl\u0131k hizmeti sunan g\u00f6n\u00fcll\u00fc sa\u011fl\u0131k ekibi olu\u015fturuldu. Bu\" \/>\n<meta name=\"robots\" content=\"index, follow, max-snippet:-1, max-image-preview:large, max-video-preview:-1\" \/>\n<link rel=\"canonical\" href=\"http:\/\/e-ciftlik.com\/haberler\/tarim\/gonullu-saglik-ekibi-mevsimlik-tarim-iscilerine-yardim-ediyor\/\" \/>\n<meta property=\"og:locale\" content=\"tr_TR\" \/>\n<meta property=\"og:type\" content=\"article\" \/>\n<meta property=\"og:title\" content=\"G\u00f6n\u00fcll\u00fc Sa\u011fl\u0131k Ekibi Mevsimlik Tar\u0131m \u0130\u015f\u00e7ilerine Yard\u0131m Ediyor\" \/>\n<meta property=\"og:description\" content=\"Yozgat&#039;\u0131n Yerk\u00f6y il\u00e7esinde mesai saatleri d\u0131\u015f\u0131nda \u00e7ad\u0131rlarda ya\u015fayan mevsimlik tar\u0131m i\u015f\u00e7ilerine sa\u011fl\u0131k hizmeti sunan g\u00f6n\u00fcll\u00fc sa\u011fl\u0131k ekibi olu\u015fturuldu. Bu\" \/>\n<meta property=\"og:url\" content=\"http:\/\/e-ciftlik.com\/haberler\/tarim\/gonullu-saglik-ekibi-mevsimlik-tarim-iscilerine-yardim-ediyor\/\" \/>\n<meta property=\"og:site_name\" content=\"E-&Ccedil;\u0130FTL\u0130K HABER\" \/>\n<meta property=\"article:publisher\" content=\"https:\/\/www.facebook.com\/eciftlikturkiye\" \/>\n<meta property=\"article:published_time\" content=\"2024-06-30T08:37:00+00:00\" \/>\n<meta property=\"og:image\" content=\"http:\/\/e-ciftlik.com\/haberler\/wp-content\/uploads\/2024\/07\/fedakar-saglik-calisanlari-mevsimlik-tarim-17472929_amp.jpg\" \/>\n\t<meta property=\"og:image:width\" content=\"1200\" \/>\n\t<meta property=\"og:image:height\" content=\"800\" \/>\n\t<meta property=\"og:image:type\" content=\"image\/jpeg\" \/>\n<meta name=\"author\" content=\"Haber Merkezi\" \/>\n<meta name=\"twitter:card\" content=\"summary_large_image\" \/>\n<meta name=\"twitter:creator\" content=\"@eciftlikresmi\" \/>\n<meta name=\"twitter:site\" content=\"@eciftlikresmi\" \/>\n<meta name=\"twitter:label1\" content=\"Yazan:\" \/>\n\t<meta name=\"twitter:data1\" content=\"Haber Merkezi\" \/>\n\t<meta name=\"twitter:label2\" content=\"Tahmini okuma s\u00fcresi\" \/>\n\t<meta name=\"twitter:data2\" content=\"2 dakika\" \/>\n<script type=\"application\/ld+json\" class=\"yoast-schema-graph\">{\"@context\":\"https:\\\/\\\/schema.org\",\"@graph\":[{\"@type\":\"NewsArticle\",\"@id\":\"http:\\\/\\\/e-ciftlik.com\\\/haberler\\\/tarim\\\/gonullu-saglik-ekibi-mevsimlik-tarim-iscilerine-yardim-ediyor\\\/#article\",\"isPartOf\":{\"@id\":\"http:\\\/\\\/e-ciftlik.com\\\/haberler\\\/tarim\\\/gonullu-saglik-ekibi-mevsimlik-tarim-iscilerine-yardim-ediyor\\\/\"},\"author\":{\"name\":\"Haber Merkezi\",\"@id\":\"https:\\\/\\\/e-ciftlik.com\\\/haberler\\\/#\\\/schema\\\/person\\\/d2f4fee3143d7f72be82cb887d51b00a\"},\"headline\":\"G\u00f6n\u00fcll\u00fc Sa\u011fl\u0131k Ekibi Mevsimlik Tar\u0131m \u0130\u015f\u00e7ilerine Yard\u0131m Ediyor\",\"datePublished\":\"2024-06-30T08:37:00+00:00\",\"mainEntityOfPage\":{\"@id\":\"http:\\\/\\\/e-ciftlik.com\\\/haberler\\\/tarim\\\/gonullu-saglik-ekibi-mevsimlik-tarim-iscilerine-yardim-ediyor\\\/\"},\"wordCount\":388,\"commentCount\":0,\"publisher\":{\"@id\":\"https:\\\/\\\/e-ciftlik.com\\\/haberler\\\/#organization\"},\"image\":{\"@id\":\"http:\\\/\\\/e-ciftlik.com\\\/haberler\\\/tarim\\\/gonullu-saglik-ekibi-mevsimlik-tarim-iscilerine-yardim-ediyor\\\/#primaryimage\"},\"thumbnailUrl\":\"http:\\\/\\\/e-ciftlik.com\\\/haberler\\\/wp-content\\\/uploads\\\/2024\\\/07\\\/fedakar-saglik-calisanlari-mevsimlik-tarim-17472929_amp.jpg\",\"articleSection\":[\"Tar\u0131m\"],\"inLanguage\":\"tr\",\"potentialAction\":[{\"@type\":\"CommentAction\",\"name\":\"Comment\",\"target\":[\"http:\\\/\\\/e-ciftlik.com\\\/haberler\\\/tarim\\\/gonullu-saglik-ekibi-mevsimlik-tarim-iscilerine-yardim-ediyor\\\/#respond\"]}]},{\"@type\":\"WebPage\",\"@id\":\"http:\\\/\\\/e-ciftlik.com\\\/haberler\\\/tarim\\\/gonullu-saglik-ekibi-mevsimlik-tarim-iscilerine-yardim-ediyor\\\/\",\"url\":\"http:\\\/\\\/e-ciftlik.com\\\/haberler\\\/tarim\\\/gonullu-saglik-ekibi-mevsimlik-tarim-iscilerine-yardim-ediyor\\\/\",\"name\":\"G\u00f6n\u00fcll\u00fc Sa\u011fl\u0131k Ekibi Mevsimlik Tar\u0131m \u0130\u015f\u00e7ilerine Yard\u0131m Ediyor - E-&Ccedil;\u0130FTL\u0130K HABER\",\"isPartOf\":{\"@id\":\"https:\\\/\\\/e-ciftlik.com\\\/haberler\\\/#website\"},\"primaryImageOfPage\":{\"@id\":\"http:\\\/\\\/e-ciftlik.com\\\/haberler\\\/tarim\\\/gonullu-saglik-ekibi-mevsimlik-tarim-iscilerine-yardim-ediyor\\\/#primaryimage\"},\"image\":{\"@id\":\"http:\\\/\\\/e-ciftlik.com\\\/haberler\\\/tarim\\\/gonullu-saglik-ekibi-mevsimlik-tarim-iscilerine-yardim-ediyor\\\/#primaryimage\"},\"thumbnailUrl\":\"http:\\\/\\\/e-ciftlik.com\\\/haberler\\\/wp-content\\\/uploads\\\/2024\\\/07\\\/fedakar-saglik-calisanlari-mevsimlik-tarim-17472929_amp.jpg\",\"datePublished\":\"2024-06-30T08:37:00+00:00\",\"description\":\"Yozgat'\u0131n Yerk\u00f6y il\u00e7esinde mesai saatleri d\u0131\u015f\u0131nda \u00e7ad\u0131rlarda ya\u015fayan mevsimlik tar\u0131m i\u015f\u00e7ilerine sa\u011fl\u0131k hizmeti sunan g\u00f6n\u00fcll\u00fc sa\u011fl\u0131k ekibi olu\u015fturuldu. Bu\",\"breadcrumb\":{\"@id\":\"http:\\\/\\\/e-ciftlik.com\\\/haberler\\\/tarim\\\/gonullu-saglik-ekibi-mevsimlik-tarim-iscilerine-yardim-ediyor\\\/#breadcrumb\"},\"inLanguage\":\"tr\",\"potentialAction\":[{\"@type\":\"ReadAction\",\"target\":[\"http:\\\/\\\/e-ciftlik.com\\\/haberler\\\/tarim\\\/gonullu-saglik-ekibi-mevsimlik-tarim-iscilerine-yardim-ediyor\\\/\"]}]},{\"@type\":\"ImageObject\",\"inLanguage\":\"tr\",\"@id\":\"http:\\\/\\\/e-ciftlik.com\\\/haberler\\\/tarim\\\/gonullu-saglik-ekibi-mevsimlik-tarim-iscilerine-yardim-ediyor\\\/#primaryimage\",\"url\":\"http:\\\/\\\/e-ciftlik.com\\\/haberler\\\/wp-content\\\/uploads\\\/2024\\\/07\\\/fedakar-saglik-calisanlari-mevsimlik-tarim-17472929_amp.jpg\",\"contentUrl\":\"http:\\\/\\\/e-ciftlik.com\\\/haberler\\\/wp-content\\\/uploads\\\/2024\\\/07\\\/fedakar-saglik-calisanlari-mevsimlik-tarim-17472929_amp.jpg\",\"width\":1200,\"height\":800},{\"@type\":\"BreadcrumbList\",\"@id\":\"http:\\\/\\\/e-ciftlik.com\\\/haberler\\\/tarim\\\/gonullu-saglik-ekibi-mevsimlik-tarim-iscilerine-yardim-ediyor\\\/#breadcrumb\",\"itemListElement\":[{\"@type\":\"ListItem\",\"position\":1,\"name\":\"Anasayfa\",\"item\":\"https:\\\/\\\/e-ciftlik.com\\\/haberler\\\/\"},{\"@type\":\"ListItem\",\"position\":2,\"name\":\"G\u00f6n\u00fcll\u00fc Sa\u011fl\u0131k Ekibi Mevsimlik Tar\u0131m \u0130\u015f\u00e7ilerine Yard\u0131m Ediyor\"}]},{\"@type\":\"WebSite\",\"@id\":\"https:\\\/\\\/e-ciftlik.com\\\/haberler\\\/#website\",\"url\":\"https:\\\/\\\/e-ciftlik.com\\\/haberler\\\/\",\"name\":\"E-\u00c7iftlik Haber | G\u00fcncel, Son Dakika Haberler, En Son Haber\",\"description\":\"\",\"publisher\":{\"@id\":\"https:\\\/\\\/e-ciftlik.com\\\/haberler\\\/#organization\"},\"potentialAction\":[{\"@type\":\"SearchAction\",\"target\":{\"@type\":\"EntryPoint\",\"urlTemplate\":\"https:\\\/\\\/e-ciftlik.com\\\/haberler\\\/?s={search_term_string}\"},\"query-input\":{\"@type\":\"PropertyValueSpecification\",\"valueRequired\":true,\"valueName\":\"search_term_string\"}}],\"inLanguage\":\"tr\"},{\"@type\":\"Organization\",\"@id\":\"https:\\\/\\\/e-ciftlik.com\\\/haberler\\\/#organization\",\"name\":\"E-\u00c7\u0130FTL\u0130K HABER\",\"url\":\"https:\\\/\\\/e-ciftlik.com\\\/haberler\\\/\",\"logo\":{\"@type\":\"ImageObject\",\"inLanguage\":\"tr\",\"@id\":\"https:\\\/\\\/e-ciftlik.com\\\/haberler\\\/#\\\/schema\\\/logo\\\/image\\\/\",\"url\":\"http:\\\/\\\/e-ciftlik.com\\\/haberler\\\/wp-content\\\/uploads\\\/2024\\\/06\\\/cropped-cropped-favicon-1-2.png\",\"contentUrl\":\"http:\\\/\\\/e-ciftlik.com\\\/haberler\\\/wp-content\\\/uploads\\\/2024\\\/06\\\/cropped-cropped-favicon-1-2.png\",\"width\":512,\"height\":512,\"caption\":\"E-\u00c7\u0130FTL\u0130K HABER\"},\"image\":{\"@id\":\"https:\\\/\\\/e-ciftlik.com\\\/haberler\\\/#\\\/schema\\\/logo\\\/image\\\/\"},\"sameAs\":[\"https:\\\/\\\/www.facebook.com\\\/eciftlikturkiye\",\"https:\\\/\\\/x.com\\\/eciftlikresmi\",\"https:\\\/\\\/www.instagram.com\\\/eciftlikresmi\\\/\"]},{\"@type\":\"Person\",\"@id\":\"https:\\\/\\\/e-ciftlik.com\\\/haberler\\\/#\\\/schema\\\/person\\\/d2f4fee3143d7f72be82cb887d51b00a\",\"name\":\"Haber Merkezi\",\"image\":{\"@type\":\"ImageObject\",\"inLanguage\":\"tr\",\"@id\":\"https:\\\/\\\/secure.gravatar.com\\\/avatar\\\/6c27d641914e66c1d0452c92716002398782818991d86db1c2cccb531e7c7c82?s=96&d=mm&r=g\",\"url\":\"https:\\\/\\\/secure.gravatar.com\\\/avatar\\\/6c27d641914e66c1d0452c92716002398782818991d86db1c2cccb531e7c7c82?s=96&d=mm&r=g\",\"contentUrl\":\"https:\\\/\\\/secure.gravatar.com\\\/avatar\\\/6c27d641914e66c1d0452c92716002398782818991d86db1c2cccb531e7c7c82?s=96&d=mm&r=g\",\"caption\":\"Haber Merkezi\"},\"sameAs\":[\"http:\\\/\\\/e-ciftlik.com\\\/haberler\"]}]}<\/script>\n<!-- \/ Yoast SEO Premium plugin. -->","yoast_head_json":{"title":"G\u00f6n\u00fcll\u00fc Sa\u011fl\u0131k Ekibi Mevsimlik Tar\u0131m \u0130\u015f\u00e7ilerine Yard\u0131m Ediyor - E-&Ccedil;\u0130FTL\u0130K HABER","description":"Yozgat'\u0131n Yerk\u00f6y il\u00e7esinde mesai saatleri d\u0131\u015f\u0131nda \u00e7ad\u0131rlarda ya\u015fayan mevsimlik tar\u0131m i\u015f\u00e7ilerine sa\u011fl\u0131k hizmeti sunan g\u00f6n\u00fcll\u00fc sa\u011fl\u0131k ekibi olu\u015fturuldu. Bu","robots":{"index":"index","follow":"follow","max-snippet":"max-snippet:-1","max-image-preview":"max-image-preview:large","max-video-preview":"max-video-preview:-1"},"canonical":"http:\/\/e-ciftlik.com\/haberler\/tarim\/gonullu-saglik-ekibi-mevsimlik-tarim-iscilerine-yardim-ediyor\/","og_locale":"tr_TR","og_type":"article","og_title":"G\u00f6n\u00fcll\u00fc Sa\u011fl\u0131k Ekibi Mevsimlik Tar\u0131m \u0130\u015f\u00e7ilerine Yard\u0131m Ediyor","og_description":"Yozgat'\u0131n Yerk\u00f6y il\u00e7esinde mesai saatleri d\u0131\u015f\u0131nda \u00e7ad\u0131rlarda ya\u015fayan mevsimlik tar\u0131m i\u015f\u00e7ilerine sa\u011fl\u0131k hizmeti sunan g\u00f6n\u00fcll\u00fc sa\u011fl\u0131k ekibi olu\u015fturuldu. Bu","og_url":"http:\/\/e-ciftlik.com\/haberler\/tarim\/gonullu-saglik-ekibi-mevsimlik-tarim-iscilerine-yardim-ediyor\/","og_site_name":"E-&Ccedil;\u0130FTL\u0130K HABER","article_publisher":"https:\/\/www.facebook.com\/eciftlikturkiye","article_published_time":"2024-06-30T08:37:00+00:00","og_image":[{"width":1200,"height":800,"url":"http:\/\/e-ciftlik.com\/haberler\/wp-content\/uploads\/2024\/07\/fedakar-saglik-calisanlari-mevsimlik-tarim-17472929_amp.jpg","type":"image\/jpeg"}],"author":"Haber Merkezi","twitter_card":"summary_large_image","twitter_creator":"@eciftlikresmi","twitter_site":"@eciftlikresmi","twitter_misc":{"Yazan:":"Haber Merkezi","Tahmini okuma s\u00fcresi":"2 dakika"},"schema":{"@context":"https:\/\/schema.org","@graph":[{"@type":"NewsArticle","@id":"http:\/\/e-ciftlik.com\/haberler\/tarim\/gonullu-saglik-ekibi-mevsimlik-tarim-iscilerine-yardim-ediyor\/#article","isPartOf":{"@id":"http:\/\/e-ciftlik.com\/haberler\/tarim\/gonullu-saglik-ekibi-mevsimlik-tarim-iscilerine-yardim-ediyor\/"},"author":{"name":"Haber Merkezi","@id":"https:\/\/e-ciftlik.com\/haberler\/#\/schema\/person\/d2f4fee3143d7f72be82cb887d51b00a"},"headline":"G\u00f6n\u00fcll\u00fc Sa\u011fl\u0131k Ekibi Mevsimlik Tar\u0131m \u0130\u015f\u00e7ilerine Yard\u0131m Ediyor","datePublished":"2024-06-30T08:37:00+00:00","mainEntityOfPage":{"@id":"http:\/\/e-ciftlik.com\/haberler\/tarim\/gonullu-saglik-ekibi-mevsimlik-tarim-iscilerine-yardim-ediyor\/"},"wordCount":388,"commentCount":0,"publisher":{"@id":"https:\/\/e-ciftlik.com\/haberler\/#organization"},"image":{"@id":"http:\/\/e-ciftlik.com\/haberler\/tarim\/gonullu-saglik-ekibi-mevsimlik-tarim-iscilerine-yardim-ediyor\/#primaryimage"},"thumbnailUrl":"http:\/\/e-ciftlik.com\/haberler\/wp-content\/uploads\/2024\/07\/fedakar-saglik-calisanlari-mevsimlik-tarim-17472929_amp.jpg","articleSection":["Tar\u0131m"],"inLanguage":"tr","potentialAction":[{"@type":"CommentAction","name":"Comment","target":["http:\/\/e-ciftlik.com\/haberler\/tarim\/gonullu-saglik-ekibi-mevsimlik-tarim-iscilerine-yardim-ediyor\/#respond"]}]},{"@type":"WebPage","@id":"http:\/\/e-ciftlik.com\/haberler\/tarim\/gonullu-saglik-ekibi-mevsimlik-tarim-iscilerine-yardim-ediyor\/","url":"http:\/\/e-ciftlik.com\/haberler\/tarim\/gonullu-saglik-ekibi-mevsimlik-tarim-iscilerine-yardim-ediyor\/","name":"G\u00f6n\u00fcll\u00fc Sa\u011fl\u0131k Ekibi Mevsimlik Tar\u0131m \u0130\u015f\u00e7ilerine Yard\u0131m Ediyor - E-&Ccedil;\u0130FTL\u0130K HABER","isPartOf":{"@id":"https:\/\/e-ciftlik.com\/haberler\/#website"},"primaryImageOfPage":{"@id":"http:\/\/e-ciftlik.com\/haberler\/tarim\/gonullu-saglik-ekibi-mevsimlik-tarim-iscilerine-yardim-ediyor\/#primaryimage"},"image":{"@id":"http:\/\/e-ciftlik.com\/haberler\/tarim\/gonullu-saglik-ekibi-mevsimlik-tarim-iscilerine-yardim-ediyor\/#primaryimage"},"thumbnailUrl":"http:\/\/e-ciftlik.com\/haberler\/wp-content\/uploads\/2024\/07\/fedakar-saglik-calisanlari-mevsimlik-tarim-17472929_amp.jpg","datePublished":"2024-06-30T08:37:00+00:00","description":"Yozgat'\u0131n Yerk\u00f6y il\u00e7esinde mesai saatleri d\u0131\u015f\u0131nda \u00e7ad\u0131rlarda ya\u015fayan mevsimlik tar\u0131m i\u015f\u00e7ilerine sa\u011fl\u0131k hizmeti sunan g\u00f6n\u00fcll\u00fc sa\u011fl\u0131k ekibi olu\u015fturuldu. Bu","breadcrumb":{"@id":"http:\/\/e-ciftlik.com\/haberler\/tarim\/gonullu-saglik-ekibi-mevsimlik-tarim-iscilerine-yardim-ediyor\/#breadcrumb"},"inLanguage":"tr","potentialAction":[{"@type":"ReadAction","target":["http:\/\/e-ciftlik.com\/haberler\/tarim\/gonullu-saglik-ekibi-mevsimlik-tarim-iscilerine-yardim-ediyor\/"]}]},{"@type":"ImageObject","inLanguage":"tr","@id":"http:\/\/e-ciftlik.com\/haberler\/tarim\/gonullu-saglik-ekibi-mevsimlik-tarim-iscilerine-yardim-ediyor\/#primaryimage","url":"http:\/\/e-ciftlik.com\/haberler\/wp-content\/uploads\/2024\/07\/fedakar-saglik-calisanlari-mevsimlik-tarim-17472929_amp.jpg","contentUrl":"http:\/\/e-ciftlik.com\/haberler\/wp-content\/uploads\/2024\/07\/fedakar-saglik-calisanlari-mevsimlik-tarim-17472929_amp.jpg","width":1200,"height":800},{"@type":"BreadcrumbList","@id":"http:\/\/e-ciftlik.com\/haberler\/tarim\/gonullu-saglik-ekibi-mevsimlik-tarim-iscilerine-yardim-ediyor\/#breadcrumb","itemListElement":[{"@type":"ListItem","position":1,"name":"Anasayfa","item":"https:\/\/e-ciftlik.com\/haberler\/"},{"@type":"ListItem","position":2,"name":"G\u00f6n\u00fcll\u00fc Sa\u011fl\u0131k Ekibi Mevsimlik Tar\u0131m \u0130\u015f\u00e7ilerine Yard\u0131m Ediyor"}]},{"@type":"WebSite","@id":"https:\/\/e-ciftlik.com\/haberler\/#website","url":"https:\/\/e-ciftlik.com\/haberler\/","name":"E-\u00c7iftlik Haber | G\u00fcncel, Son Dakika Haberler, En Son Haber","description":"","publisher":{"@id":"https:\/\/e-ciftlik.com\/haberler\/#organization"},"potentialAction":[{"@type":"SearchAction","target":{"@type":"EntryPoint","urlTemplate":"https:\/\/e-ciftlik.com\/haberler\/?s={search_term_string}"},"query-input":{"@type":"PropertyValueSpecification","valueRequired":true,"valueName":"search_term_string"}}],"inLanguage":"tr"},{"@type":"Organization","@id":"https:\/\/e-ciftlik.com\/haberler\/#organization","name":"E-\u00c7\u0130FTL\u0130K HABER","url":"https:\/\/e-ciftlik.com\/haberler\/","logo":{"@type":"ImageObject","inLanguage":"tr","@id":"https:\/\/e-ciftlik.com\/haberler\/#\/schema\/logo\/image\/","url":"http:\/\/e-ciftlik.com\/haberler\/wp-content\/uploads\/2024\/06\/cropped-cropped-favicon-1-2.png","contentUrl":"http:\/\/e-ciftlik.com\/haberler\/wp-content\/uploads\/2024\/06\/cropped-cropped-favicon-1-2.png","width":512,"height":512,"caption":"E-\u00c7\u0130FTL\u0130K HABER"},"image":{"@id":"https:\/\/e-ciftlik.com\/haberler\/#\/schema\/logo\/image\/"},"sameAs":["https:\/\/www.facebook.com\/eciftlikturkiye","https:\/\/x.com\/eciftlikresmi","https:\/\/www.instagram.com\/eciftlikresmi\/"]},{"@type":"Person","@id":"https:\/\/e-ciftlik.com\/haberler\/#\/schema\/person\/d2f4fee3143d7f72be82cb887d51b00a","name":"Haber Merkezi","image":{"@type":"ImageObject","inLanguage":"tr","@id":"https:\/\/secure.gravatar.com\/avatar\/6c27d641914e66c1d0452c92716002398782818991d86db1c2cccb531e7c7c82?s=96&d=mm&r=g","url":"https:\/\/secure.gravatar.com\/avatar\/6c27d641914e66c1d0452c92716002398782818991d86db1c2cccb531e7c7c82?s=96&d=mm&r=g","contentUrl":"https:\/\/secure.gravatar.com\/avatar\/6c27d641914e66c1d0452c92716002398782818991d86db1c2cccb531e7c7c82?s=96&d=mm&r=g","caption":"Haber Merkezi"},"sameAs":["http:\/\/e-ciftlik.com\/haberler"]}]}},"_links":{"self":[{"href":"http:\/\/e-ciftlik.com\/haberler\/wp-json\/wp\/v2\/posts\/8445","targetHints":{"allow":["GET"]}}],"collection":[{"href":"http:\/\/e-ciftlik.com\/haberler\/wp-json\/wp\/v2\/posts"}],"about":[{"href":"http:\/\/e-ciftlik.com\/haberler\/wp-json\/wp\/v2\/types\/post"}],"author":[{"embeddable":true,"href":"http:\/\/e-ciftlik.com\/haberler\/wp-json\/wp\/v2\/users\/1"}],"replies":[{"embeddable":true,"href":"http:\/\/e-ciftlik.com\/haberler\/wp-json\/wp\/v2\/comments?post=8445"}],"version-history":[{"count":0,"href":"http:\/\/e-ciftlik.com\/haberler\/wp-json\/wp\/v2\/posts\/8445\/revisions"}],"wp:featuredmedia":[{"embeddable":true,"href":"http:\/\/e-ciftlik.com\/haberler\/wp-json\/wp\/v2\/media\/8446"}],"wp:attachment":[{"href":"http:\/\/e-ciftlik.com\/haberler\/wp-json\/wp\/v2\/media?parent=8445"}],"wp:term":[{"taxonomy":"category","embeddable":true,"href":"http:\/\/e-ciftlik.com\/haberler\/wp-json\/wp\/v2\/categories?post=8445"},{"taxonomy":"post_tag","embeddable":true,"href":"http:\/\/e-ciftlik.com\/haberler\/wp-json\/wp\/v2\/tags?post=8445"}],"curies":[{"name":"wp","href":"https:\/\/api.w.org\/{rel}","templated":true}]}}