{"id":8462,"date":"2024-07-01T14:59:55","date_gmt":"2024-07-01T14:59:55","guid":{"rendered":"https:\/\/e-ciftlik.com\/haberler\/teknoloji\/samsungun-gelecek-yil-piyasaya-surmesi-beklenen-galaxy-s25-ultra-kose-keskinligini-degistiriyor\/"},"modified":"2024-07-01T14:59:55","modified_gmt":"2024-07-01T14:59:55","slug":"samsungun-gelecek-yil-piyasaya-surmesi-beklenen-galaxy-s25-ultra-kose-keskinligini-degistiriyor","status":"publish","type":"post","link":"http:\/\/e-ciftlik.com\/haberler\/teknoloji\/samsungun-gelecek-yil-piyasaya-surmesi-beklenen-galaxy-s25-ultra-kose-keskinligini-degistiriyor\/","title":{"rendered":"Samsung&#8217;un gelecek y\u0131l piyasaya s\u00fcrmesi beklenen Galaxy S25 Ultra, k\u00f6\u015fe keskinli\u011fini de\u011fi\u015ftiriyor."},"content":{"rendered":"<div id=\"article-body\">\n<p>Galaxy S24 Ultra, Samsung&#8217;un \u015fimdiye kadar yapt\u0131\u011f\u0131 en iyi telefonlardan biridir. Bunun b\u00fcy\u00fck bir k\u0131sm\u0131, arzulanm\u0131\u015f bir yer edinmi\u015f olan en iyi Android telefonlar\u0131m\u0131zdan biri olmas\u0131n\u0131 sa\u011flayan inan\u0131lmaz kameras\u0131ndan kaynaklanmaktad\u0131r. Ne yaz\u0131k ki, bu telefona zarar veren bir \u015fey var, o da keskin k\u00f6\u015feleridir. Ancak Samsung&#8217;un iddia edilen gelecek y\u0131l piyasaya s\u00fcr\u00fclecek Galaxy S25 Ultra ile bu sorunu \u00e7\u00f6zmeye yakla\u015fm\u0131\u015f olabilece\u011fi s\u00f6ylenmektedir.<\/p>\n<p>B\u00fct\u00fcn bunlar, Samsung&#8217;un 2022&#8217;de Galaxy S22 Ultra&#8217;y\u0131 not tarz\u0131 tasar\u0131m yapma karar\u0131na dayanmaktad\u0131r ve bu da do\u011frudan i\u00e7ine entegre edilmi\u015f bir S Pen&#8217;e sahiptir. Bu, d\u00fcnya genelinde ellerin \u00e7ok rahats\u0131z edici bir \u015fekilde bat\u0131r\u0131lmas\u0131na yol a\u00e7m\u0131\u015f ve baz\u0131 insanlar i\u00e7in telefonun sahiplik deneyimini mahvedebilir.<\/p>\n<aside class=\"hawk-nest\" data-render-type=\"fte\" data-skip=\"dealsy\" data-widget-type=\"seasonal\"\/>\n<p>Bu, her \u015feyin, Samsung&#8217;un her \u015feyi s\u0131zd\u0131ran uzun g\u00fcveniliridir ve g\u00fcvenilir bilgi s\u0131zd\u0131ran\u0131 <a data-analytics-id=\"inline-link\" href=\"https:\/\/twitter.com\/UniverseIce\/status\/1806237630985888014?ref_src=twsrc%5Etfw%7Ctwcamp%5Etweetembed%7Ctwterm%5E1806237630985888014%7Ctwgr%5E52ad782be8a643c540dd430e2f41acbb178c78f8%7Ctwcon%5Es1_&amp;ref_url=https%3A%2F%2Fwww.techradar.com%2F\" target=\"_blank\" data-url=\"https:\/\/twitter.com\/UniverseIce\/status\/1806237630985888014?ref_src=twsrc%5Etfw%7Ctwcamp%5Etweetembed%7Ctwterm%5E1806237630985888014%7Ctwgr%5E52ad782be8a643c540dd430e2f41acbb178c78f8%7Ctwcon%5Es1_&amp;ref_url=https%3A%2F%2Fwww.techradar.com%2F\" referrerpolicy=\"no-referrer-when-downgrade\" data-hl-processed=\"none\" rel=\"noopener\">Ice Universe<\/a> taraf\u0131ndan belirtildi\u011fi gibi de\u011fi\u015fmek \u00fczere olabilir. Daha \u00f6nce telefonun kullan\u0131m\u0131n\u0131n eline zarar verdi\u011fini belgelemi\u015f ve \u015fimdi de kare k\u00f6\u015felerin yuvarlat\u0131lm\u0131\u015f olanlarla de\u011fi\u015ftirilece\u011fini iddia etmektedir. \u0130steklide bir ad\u0131m daha ileri giderek k\u00f6\u015felerin &#8220;ger\u00e7ekten yuvarlat\u0131lm\u0131\u015f&#8221; olaca\u011f\u0131n\u0131 s\u00f6yl\u00fcyor. Eller nefes alma konusunda hayal\u00ee bir i\u00e7 \u00e7ekme yapabilirler.<\/p>\n<div class=\"see-more see-more--clipped\">\n<blockquote class=\"twitter-tweet hawk-ignore\" data-lang=\"en\">\n<p lang=\"en\" dir=\"ltr\">Galaxy S25 Ultra&#8217;n\u0131n avu\u00e7lar\u0131n\u0131z\u0131 bir daha ezmemesi i\u00e7in %100 onaylayabilirim. Ger\u00e7ekten yuvarlat\u0131lm\u0131\u015f!<\/p>\n<\/blockquote>\n<\/div>\n<p>Yuvarlak k\u00f6\u015feler, Galaxy S24 ve Galaxy S24 Plus modellerinde zaten yayg\u0131nd\u0131r, bu y\u00fczden bu, Samsung&#8217;un \u015fimdiye kadar yapt\u0131\u011f\u0131 en b\u00fcy\u00fck tasar\u0131m de\u011fi\u015fikli\u011fi gibi hissettirmeyecektir. Serideki \u00fc\u00e7 telefon aras\u0131nda s\u00fcreklilik getirmek, sadece ergonomik a\u00e7\u0131dan de\u011fil, tasar\u0131m ethosu a\u00e7\u0131s\u0131ndan da mant\u0131kl\u0131 olacakt\u0131r.<\/p>\n<figure class=\"van-image-figure inline-layout\" data-bordeaux-image-check=\"\">\n<div class=\"image-full-width-wrapper\">\n<div class=\"image-widthsetter\" style=\"max-width:1200px;\">\n<p class=\"vanilla-image-block\" style=\"padding-top:56.25%;\"><picture><source type=\"image\/webp\" srcset=\"https:\/\/cdn.mos.cms.futurecdn.net\/9cPD9SVwGZa55c6MavkFga-320-80.jpg.webp 320w, https:\/\/cdn.mos.cms.futurecdn.net\/9cPD9SVwGZa55c6MavkFga-480-80.jpg.webp 480w, https:\/\/cdn.mos.cms.futurecdn.net\/9cPD9SVwGZa55c6MavkFga-650-80.jpg.webp 650w, https:\/\/cdn.mos.cms.futurecdn.net\/9cPD9SVwGZa55c6MavkFga-970-80.jpg.webp 970w, https:\/\/cdn.mos.cms.futurecdn.net\/9cPD9SVwGZa55c6MavkFga-1024-80.jpg.webp 1024w, https:\/\/cdn.mos.cms.futurecdn.net\/9cPD9SVwGZa55c6MavkFga-1200-80.jpg.webp 1200w\" sizes=\"(min-width: 1000px) 970px, calc(100vw - 40px)\"\/><img decoding=\"async\" alt=\"Galaxy S24 Ultra\" srcset=\"https:\/\/cdn.mos.cms.futurecdn.net\/9cPD9SVwGZa55c6MavkFga-320-80.jpg 320w, https:\/\/cdn.mos.cms.futurecdn.net\/9cPD9SVwGZa55c6MavkFga-480-80.jpg 480w, https:\/\/cdn.mos.cms.futurecdn.net\/9cPD9SVwGZa55c6MavkFga-650-80.jpg 650w, https:\/\/cdn.mos.cms.futurecdn.net\/9cPD9SVwGZa55c6MavkFga-970-80.jpg 970w, https:\/\/cdn.mos.cms.futurecdn.net\/9cPD9SVwGZa55c6MavkFga-1024-80.jpg 1024w, https:\/\/cdn.mos.cms.futurecdn.net\/9cPD9SVwGZa55c6MavkFga-1200-80.jpg 1200w\" sizes=\"(min-width: 1000px) 970px, calc(100vw - 40px)\" loading=\"lazy\" src=\"https:\/\/cdn.mos.cms.futurecdn.net\/9cPD9SVwGZa55c6MavkFga.jpg\" data-pin-media=\"https:\/\/cdn.mos.cms.futurecdn.net\/9cPD9SVwGZa55c6MavkFga.jpg\"\/><\/picture><\/p>\n<\/div>\n<\/div><figcaption itemprop=\"caption description\" class=\" inline-layout\"><span class=\"credit\" itemprop=\"copyrightHolder\">(G\u00f6rsel kredi: Future)<\/span><\/figcaption><\/figure>\n<p>Uzun vadeli Galaxy S24 Ultra kullan\u0131c\u0131lar\u0131, yuvarlat\u0131lm\u0131\u015f k\u00f6\u015felerin S Pen entegrasyonunda bir d\u00fc\u015f\u00fc\u015f anlam\u0131na gelebilece\u011finden endi\u015fe duyabilirler, ancak g\u00f6r\u00fcn\u00fc\u015fe g\u00f6re durum b\u00f6yle de\u011fil.<\/p>\n<p>Samsung&#8217;un kare k\u00f6\u015felerle olan ili\u015fkisinin hen\u00fcz bitmedi\u011fi g\u00f6r\u00fcl\u00fcyor. S\u0131z\u0131nt\u0131lara g\u00fcvenilirse, Samsung&#8217;un iddia edilen gelecekteki Galaxy Z Fold 6 modelinde de ayn\u0131 sert kare k\u00f6\u015feleri sunma plan\u0131 oldu\u011fu belirtilmektedir. Bir telefon i\u00e7in bunlar\u0131 b\u0131rakmak ve di\u011ferine eklemek \u00e7o\u011fu kullan\u0131c\u0131 i\u00e7in mant\u0131kl\u0131 olmayabilir, ancak Samsung&#8217;un hangi tasar\u0131mlar\u0131 se\u00e7ece\u011fi sadece zamanla ortaya \u00e7\u0131kacakt\u0131r.<\/p>\n<h3 class=\"article-body__section\" id=\"section-you-might-also-like\"><span>Ayr\u0131ca be\u011fenebilirsiniz<\/span><\/h3>\n<div id=\"slice-container-newsletterForm-articleInbodyContent-egE784drTLdNvbyYHLmqca\" class=\"slice-container newsletter-inbodyContent-slice newsletterForm-articleInbodyContent-egE784drTLdNvbyYHLmqca slice-container-newsletterForm\">\n<div data-hydrate=\"true\" class=\"newsletter-form__wrapper newsletter-form__wrapper--inbodyContent\">\n<div class=\"newsletter-form__container\">\n<section class=\"newsletter-form__top-bar\"\/>\n<section class=\"newsletter-form__main-section\">\n<p class=\"newsletter-form__strapline\">K\u0131r\u0131c\u0131 haberler, incelemeler, g\u00f6r\u00fc\u015fler, en iyi teknoloji f\u0131rsatlar\u0131 ve daha fazlas\u0131 i\u00e7in kaydolun.<\/p>\n<\/section>\n<\/div>\n<\/div>\n<\/div>\n<\/div>\n<p><script async src=\"\/\/platform.twitter.com\/widgets.js\" charset=\"utf-8\"><\/script><\/p>\n","protected":false},"excerpt":{"rendered":"<p>Galaxy S24 Ultra, Samsung&#8217;un \u015fimdiye kadar yapt\u0131\u011f\u0131 en iyi telefonlardan biridir. Bunun b\u00fcy\u00fck bir k\u0131sm\u0131,&hellip;<\/p>\n","protected":false},"author":1,"featured_media":8463,"comment_status":"open","ping_status":"open","sticky":false,"template":"","format":"standard","meta":{"footnotes":""},"categories":[1],"tags":[],"class_list":["post-8462","post","type-post","status-publish","format-standard","has-post-thumbnail","hentry","category-teknoloji"],"yoast_head":"<!-- This site is optimized with the Yoast SEO Premium plugin v24.3 (Yoast SEO v27.4) - https:\/\/yoast.com\/product\/yoast-seo-premium-wordpress\/ -->\n<title>Samsung&#039;un gelecek y\u0131l piyasaya s\u00fcrmesi beklenen Galaxy S25 Ultra, k\u00f6\u015fe keskinli\u011fini de\u011fi\u015ftiriyor. - E-&Ccedil;\u0130FTL\u0130K HABER<\/title>\n<meta name=\"description\" content=\"Galaxy S24 Ultra, Samsung&#039;un \u015fimdiye kadar yapt\u0131\u011f\u0131 en iyi telefonlardan biridir. Bunun b\u00fcy\u00fck bir k\u0131sm\u0131, arzulanm\u0131\u015f bir yer edinmi\u015f olan en iyi Android\" \/>\n<meta name=\"robots\" content=\"index, follow, max-snippet:-1, max-image-preview:large, max-video-preview:-1\" \/>\n<link rel=\"canonical\" href=\"http:\/\/e-ciftlik.com\/haberler\/teknoloji\/samsungun-gelecek-yil-piyasaya-surmesi-beklenen-galaxy-s25-ultra-kose-keskinligini-degistiriyor\/\" \/>\n<meta property=\"og:locale\" content=\"tr_TR\" \/>\n<meta property=\"og:type\" content=\"article\" \/>\n<meta property=\"og:title\" content=\"Samsung&#039;un gelecek y\u0131l piyasaya s\u00fcrmesi beklenen Galaxy S25 Ultra, k\u00f6\u015fe keskinli\u011fini de\u011fi\u015ftiriyor.\" \/>\n<meta property=\"og:description\" content=\"Galaxy S24 Ultra, Samsung&#039;un \u015fimdiye kadar yapt\u0131\u011f\u0131 en iyi telefonlardan biridir. Bunun b\u00fcy\u00fck bir k\u0131sm\u0131, arzulanm\u0131\u015f bir yer edinmi\u015f olan en iyi Android\" \/>\n<meta property=\"og:url\" content=\"http:\/\/e-ciftlik.com\/haberler\/teknoloji\/samsungun-gelecek-yil-piyasaya-surmesi-beklenen-galaxy-s25-ultra-kose-keskinligini-degistiriyor\/\" \/>\n<meta property=\"og:site_name\" content=\"E-&Ccedil;\u0130FTL\u0130K HABER\" \/>\n<meta property=\"article:publisher\" content=\"https:\/\/www.facebook.com\/eciftlikturkiye\" \/>\n<meta property=\"article:published_time\" content=\"2024-07-01T14:59:55+00:00\" \/>\n<meta property=\"og:image\" content=\"http:\/\/e-ciftlik.com\/haberler\/wp-content\/uploads\/2024\/07\/SJAxTbw6o3ifjgZ9eefjC6-1200-80.jpg\" \/>\n\t<meta property=\"og:image:width\" content=\"1200\" \/>\n\t<meta property=\"og:image:height\" content=\"675\" \/>\n\t<meta property=\"og:image:type\" content=\"image\/jpeg\" \/>\n<meta name=\"author\" content=\"Haber Merkezi\" \/>\n<meta name=\"twitter:card\" content=\"summary_large_image\" \/>\n<meta name=\"twitter:creator\" content=\"@eciftlikresmi\" \/>\n<meta name=\"twitter:site\" content=\"@eciftlikresmi\" \/>\n<meta name=\"twitter:label1\" content=\"Yazan:\" \/>\n\t<meta name=\"twitter:data1\" content=\"Haber Merkezi\" \/>\n\t<meta name=\"twitter:label2\" content=\"Tahmini okuma s\u00fcresi\" \/>\n\t<meta name=\"twitter:data2\" content=\"2 dakika\" \/>\n<script type=\"application\/ld+json\" class=\"yoast-schema-graph\">{\"@context\":\"https:\\\/\\\/schema.org\",\"@graph\":[{\"@type\":\"NewsArticle\",\"@id\":\"http:\\\/\\\/e-ciftlik.com\\\/haberler\\\/teknoloji\\\/samsungun-gelecek-yil-piyasaya-surmesi-beklenen-galaxy-s25-ultra-kose-keskinligini-degistiriyor\\\/#article\",\"isPartOf\":{\"@id\":\"http:\\\/\\\/e-ciftlik.com\\\/haberler\\\/teknoloji\\\/samsungun-gelecek-yil-piyasaya-surmesi-beklenen-galaxy-s25-ultra-kose-keskinligini-degistiriyor\\\/\"},\"author\":{\"name\":\"Haber Merkezi\",\"@id\":\"https:\\\/\\\/e-ciftlik.com\\\/haberler\\\/#\\\/schema\\\/person\\\/d2f4fee3143d7f72be82cb887d51b00a\"},\"headline\":\"Samsung&#8217;un gelecek y\u0131l piyasaya s\u00fcrmesi beklenen Galaxy S25 Ultra, k\u00f6\u015fe keskinli\u011fini de\u011fi\u015ftiriyor.\",\"datePublished\":\"2024-07-01T14:59:55+00:00\",\"mainEntityOfPage\":{\"@id\":\"http:\\\/\\\/e-ciftlik.com\\\/haberler\\\/teknoloji\\\/samsungun-gelecek-yil-piyasaya-surmesi-beklenen-galaxy-s25-ultra-kose-keskinligini-degistiriyor\\\/\"},\"wordCount\":465,\"commentCount\":0,\"publisher\":{\"@id\":\"https:\\\/\\\/e-ciftlik.com\\\/haberler\\\/#organization\"},\"image\":{\"@id\":\"http:\\\/\\\/e-ciftlik.com\\\/haberler\\\/teknoloji\\\/samsungun-gelecek-yil-piyasaya-surmesi-beklenen-galaxy-s25-ultra-kose-keskinligini-degistiriyor\\\/#primaryimage\"},\"thumbnailUrl\":\"http:\\\/\\\/e-ciftlik.com\\\/haberler\\\/wp-content\\\/uploads\\\/2024\\\/07\\\/SJAxTbw6o3ifjgZ9eefjC6-1200-80.jpg\",\"articleSection\":[\"Teknoloji\"],\"inLanguage\":\"tr\",\"potentialAction\":[{\"@type\":\"CommentAction\",\"name\":\"Comment\",\"target\":[\"http:\\\/\\\/e-ciftlik.com\\\/haberler\\\/teknoloji\\\/samsungun-gelecek-yil-piyasaya-surmesi-beklenen-galaxy-s25-ultra-kose-keskinligini-degistiriyor\\\/#respond\"]}]},{\"@type\":\"WebPage\",\"@id\":\"http:\\\/\\\/e-ciftlik.com\\\/haberler\\\/teknoloji\\\/samsungun-gelecek-yil-piyasaya-surmesi-beklenen-galaxy-s25-ultra-kose-keskinligini-degistiriyor\\\/\",\"url\":\"http:\\\/\\\/e-ciftlik.com\\\/haberler\\\/teknoloji\\\/samsungun-gelecek-yil-piyasaya-surmesi-beklenen-galaxy-s25-ultra-kose-keskinligini-degistiriyor\\\/\",\"name\":\"Samsung'un gelecek y\u0131l piyasaya s\u00fcrmesi beklenen Galaxy S25 Ultra, k\u00f6\u015fe keskinli\u011fini de\u011fi\u015ftiriyor. - E-&Ccedil;\u0130FTL\u0130K HABER\",\"isPartOf\":{\"@id\":\"https:\\\/\\\/e-ciftlik.com\\\/haberler\\\/#website\"},\"primaryImageOfPage\":{\"@id\":\"http:\\\/\\\/e-ciftlik.com\\\/haberler\\\/teknoloji\\\/samsungun-gelecek-yil-piyasaya-surmesi-beklenen-galaxy-s25-ultra-kose-keskinligini-degistiriyor\\\/#primaryimage\"},\"image\":{\"@id\":\"http:\\\/\\\/e-ciftlik.com\\\/haberler\\\/teknoloji\\\/samsungun-gelecek-yil-piyasaya-surmesi-beklenen-galaxy-s25-ultra-kose-keskinligini-degistiriyor\\\/#primaryimage\"},\"thumbnailUrl\":\"http:\\\/\\\/e-ciftlik.com\\\/haberler\\\/wp-content\\\/uploads\\\/2024\\\/07\\\/SJAxTbw6o3ifjgZ9eefjC6-1200-80.jpg\",\"datePublished\":\"2024-07-01T14:59:55+00:00\",\"description\":\"Galaxy S24 Ultra, Samsung'un \u015fimdiye kadar yapt\u0131\u011f\u0131 en iyi telefonlardan biridir. Bunun b\u00fcy\u00fck bir k\u0131sm\u0131, arzulanm\u0131\u015f bir yer edinmi\u015f olan en iyi Android\",\"breadcrumb\":{\"@id\":\"http:\\\/\\\/e-ciftlik.com\\\/haberler\\\/teknoloji\\\/samsungun-gelecek-yil-piyasaya-surmesi-beklenen-galaxy-s25-ultra-kose-keskinligini-degistiriyor\\\/#breadcrumb\"},\"inLanguage\":\"tr\",\"potentialAction\":[{\"@type\":\"ReadAction\",\"target\":[\"http:\\\/\\\/e-ciftlik.com\\\/haberler\\\/teknoloji\\\/samsungun-gelecek-yil-piyasaya-surmesi-beklenen-galaxy-s25-ultra-kose-keskinligini-degistiriyor\\\/\"]}]},{\"@type\":\"ImageObject\",\"inLanguage\":\"tr\",\"@id\":\"http:\\\/\\\/e-ciftlik.com\\\/haberler\\\/teknoloji\\\/samsungun-gelecek-yil-piyasaya-surmesi-beklenen-galaxy-s25-ultra-kose-keskinligini-degistiriyor\\\/#primaryimage\",\"url\":\"http:\\\/\\\/e-ciftlik.com\\\/haberler\\\/wp-content\\\/uploads\\\/2024\\\/07\\\/SJAxTbw6o3ifjgZ9eefjC6-1200-80.jpg\",\"contentUrl\":\"http:\\\/\\\/e-ciftlik.com\\\/haberler\\\/wp-content\\\/uploads\\\/2024\\\/07\\\/SJAxTbw6o3ifjgZ9eefjC6-1200-80.jpg\",\"width\":1200,\"height\":675},{\"@type\":\"BreadcrumbList\",\"@id\":\"http:\\\/\\\/e-ciftlik.com\\\/haberler\\\/teknoloji\\\/samsungun-gelecek-yil-piyasaya-surmesi-beklenen-galaxy-s25-ultra-kose-keskinligini-degistiriyor\\\/#breadcrumb\",\"itemListElement\":[{\"@type\":\"ListItem\",\"position\":1,\"name\":\"Anasayfa\",\"item\":\"https:\\\/\\\/e-ciftlik.com\\\/haberler\\\/\"},{\"@type\":\"ListItem\",\"position\":2,\"name\":\"Samsung&#8217;un gelecek y\u0131l piyasaya s\u00fcrmesi beklenen Galaxy S25 Ultra, k\u00f6\u015fe keskinli\u011fini de\u011fi\u015ftiriyor.\"}]},{\"@type\":\"WebSite\",\"@id\":\"https:\\\/\\\/e-ciftlik.com\\\/haberler\\\/#website\",\"url\":\"https:\\\/\\\/e-ciftlik.com\\\/haberler\\\/\",\"name\":\"E-\u00c7iftlik Haber | G\u00fcncel, Son Dakika Haberler, En Son Haber\",\"description\":\"\",\"publisher\":{\"@id\":\"https:\\\/\\\/e-ciftlik.com\\\/haberler\\\/#organization\"},\"potentialAction\":[{\"@type\":\"SearchAction\",\"target\":{\"@type\":\"EntryPoint\",\"urlTemplate\":\"https:\\\/\\\/e-ciftlik.com\\\/haberler\\\/?s={search_term_string}\"},\"query-input\":{\"@type\":\"PropertyValueSpecification\",\"valueRequired\":true,\"valueName\":\"search_term_string\"}}],\"inLanguage\":\"tr\"},{\"@type\":\"Organization\",\"@id\":\"https:\\\/\\\/e-ciftlik.com\\\/haberler\\\/#organization\",\"name\":\"E-\u00c7\u0130FTL\u0130K HABER\",\"url\":\"https:\\\/\\\/e-ciftlik.com\\\/haberler\\\/\",\"logo\":{\"@type\":\"ImageObject\",\"inLanguage\":\"tr\",\"@id\":\"https:\\\/\\\/e-ciftlik.com\\\/haberler\\\/#\\\/schema\\\/logo\\\/image\\\/\",\"url\":\"http:\\\/\\\/e-ciftlik.com\\\/haberler\\\/wp-content\\\/uploads\\\/2024\\\/06\\\/cropped-cropped-favicon-1-2.png\",\"contentUrl\":\"http:\\\/\\\/e-ciftlik.com\\\/haberler\\\/wp-content\\\/uploads\\\/2024\\\/06\\\/cropped-cropped-favicon-1-2.png\",\"width\":512,\"height\":512,\"caption\":\"E-\u00c7\u0130FTL\u0130K HABER\"},\"image\":{\"@id\":\"https:\\\/\\\/e-ciftlik.com\\\/haberler\\\/#\\\/schema\\\/logo\\\/image\\\/\"},\"sameAs\":[\"https:\\\/\\\/www.facebook.com\\\/eciftlikturkiye\",\"https:\\\/\\\/x.com\\\/eciftlikresmi\",\"https:\\\/\\\/www.instagram.com\\\/eciftlikresmi\\\/\"]},{\"@type\":\"Person\",\"@id\":\"https:\\\/\\\/e-ciftlik.com\\\/haberler\\\/#\\\/schema\\\/person\\\/d2f4fee3143d7f72be82cb887d51b00a\",\"name\":\"Haber Merkezi\",\"image\":{\"@type\":\"ImageObject\",\"inLanguage\":\"tr\",\"@id\":\"https:\\\/\\\/secure.gravatar.com\\\/avatar\\\/6c27d641914e66c1d0452c92716002398782818991d86db1c2cccb531e7c7c82?s=96&d=mm&r=g\",\"url\":\"https:\\\/\\\/secure.gravatar.com\\\/avatar\\\/6c27d641914e66c1d0452c92716002398782818991d86db1c2cccb531e7c7c82?s=96&d=mm&r=g\",\"contentUrl\":\"https:\\\/\\\/secure.gravatar.com\\\/avatar\\\/6c27d641914e66c1d0452c92716002398782818991d86db1c2cccb531e7c7c82?s=96&d=mm&r=g\",\"caption\":\"Haber Merkezi\"},\"sameAs\":[\"http:\\\/\\\/e-ciftlik.com\\\/haberler\"]}]}<\/script>\n<!-- \/ Yoast SEO Premium plugin. -->","yoast_head_json":{"title":"Samsung'un gelecek y\u0131l piyasaya s\u00fcrmesi beklenen Galaxy S25 Ultra, k\u00f6\u015fe keskinli\u011fini de\u011fi\u015ftiriyor. - E-&Ccedil;\u0130FTL\u0130K HABER","description":"Galaxy S24 Ultra, Samsung'un \u015fimdiye kadar yapt\u0131\u011f\u0131 en iyi telefonlardan biridir. Bunun b\u00fcy\u00fck bir k\u0131sm\u0131, arzulanm\u0131\u015f bir yer edinmi\u015f olan en iyi Android","robots":{"index":"index","follow":"follow","max-snippet":"max-snippet:-1","max-image-preview":"max-image-preview:large","max-video-preview":"max-video-preview:-1"},"canonical":"http:\/\/e-ciftlik.com\/haberler\/teknoloji\/samsungun-gelecek-yil-piyasaya-surmesi-beklenen-galaxy-s25-ultra-kose-keskinligini-degistiriyor\/","og_locale":"tr_TR","og_type":"article","og_title":"Samsung'un gelecek y\u0131l piyasaya s\u00fcrmesi beklenen Galaxy S25 Ultra, k\u00f6\u015fe keskinli\u011fini de\u011fi\u015ftiriyor.","og_description":"Galaxy S24 Ultra, Samsung'un \u015fimdiye kadar yapt\u0131\u011f\u0131 en iyi telefonlardan biridir. Bunun b\u00fcy\u00fck bir k\u0131sm\u0131, arzulanm\u0131\u015f bir yer edinmi\u015f olan en iyi Android","og_url":"http:\/\/e-ciftlik.com\/haberler\/teknoloji\/samsungun-gelecek-yil-piyasaya-surmesi-beklenen-galaxy-s25-ultra-kose-keskinligini-degistiriyor\/","og_site_name":"E-&Ccedil;\u0130FTL\u0130K HABER","article_publisher":"https:\/\/www.facebook.com\/eciftlikturkiye","article_published_time":"2024-07-01T14:59:55+00:00","og_image":[{"width":1200,"height":675,"url":"http:\/\/e-ciftlik.com\/haberler\/wp-content\/uploads\/2024\/07\/SJAxTbw6o3ifjgZ9eefjC6-1200-80.jpg","type":"image\/jpeg"}],"author":"Haber Merkezi","twitter_card":"summary_large_image","twitter_creator":"@eciftlikresmi","twitter_site":"@eciftlikresmi","twitter_misc":{"Yazan:":"Haber Merkezi","Tahmini okuma s\u00fcresi":"2 dakika"},"schema":{"@context":"https:\/\/schema.org","@graph":[{"@type":"NewsArticle","@id":"http:\/\/e-ciftlik.com\/haberler\/teknoloji\/samsungun-gelecek-yil-piyasaya-surmesi-beklenen-galaxy-s25-ultra-kose-keskinligini-degistiriyor\/#article","isPartOf":{"@id":"http:\/\/e-ciftlik.com\/haberler\/teknoloji\/samsungun-gelecek-yil-piyasaya-surmesi-beklenen-galaxy-s25-ultra-kose-keskinligini-degistiriyor\/"},"author":{"name":"Haber Merkezi","@id":"https:\/\/e-ciftlik.com\/haberler\/#\/schema\/person\/d2f4fee3143d7f72be82cb887d51b00a"},"headline":"Samsung&#8217;un gelecek y\u0131l piyasaya s\u00fcrmesi beklenen Galaxy S25 Ultra, k\u00f6\u015fe keskinli\u011fini de\u011fi\u015ftiriyor.","datePublished":"2024-07-01T14:59:55+00:00","mainEntityOfPage":{"@id":"http:\/\/e-ciftlik.com\/haberler\/teknoloji\/samsungun-gelecek-yil-piyasaya-surmesi-beklenen-galaxy-s25-ultra-kose-keskinligini-degistiriyor\/"},"wordCount":465,"commentCount":0,"publisher":{"@id":"https:\/\/e-ciftlik.com\/haberler\/#organization"},"image":{"@id":"http:\/\/e-ciftlik.com\/haberler\/teknoloji\/samsungun-gelecek-yil-piyasaya-surmesi-beklenen-galaxy-s25-ultra-kose-keskinligini-degistiriyor\/#primaryimage"},"thumbnailUrl":"http:\/\/e-ciftlik.com\/haberler\/wp-content\/uploads\/2024\/07\/SJAxTbw6o3ifjgZ9eefjC6-1200-80.jpg","articleSection":["Teknoloji"],"inLanguage":"tr","potentialAction":[{"@type":"CommentAction","name":"Comment","target":["http:\/\/e-ciftlik.com\/haberler\/teknoloji\/samsungun-gelecek-yil-piyasaya-surmesi-beklenen-galaxy-s25-ultra-kose-keskinligini-degistiriyor\/#respond"]}]},{"@type":"WebPage","@id":"http:\/\/e-ciftlik.com\/haberler\/teknoloji\/samsungun-gelecek-yil-piyasaya-surmesi-beklenen-galaxy-s25-ultra-kose-keskinligini-degistiriyor\/","url":"http:\/\/e-ciftlik.com\/haberler\/teknoloji\/samsungun-gelecek-yil-piyasaya-surmesi-beklenen-galaxy-s25-ultra-kose-keskinligini-degistiriyor\/","name":"Samsung'un gelecek y\u0131l piyasaya s\u00fcrmesi beklenen Galaxy S25 Ultra, k\u00f6\u015fe keskinli\u011fini de\u011fi\u015ftiriyor. - E-&Ccedil;\u0130FTL\u0130K HABER","isPartOf":{"@id":"https:\/\/e-ciftlik.com\/haberler\/#website"},"primaryImageOfPage":{"@id":"http:\/\/e-ciftlik.com\/haberler\/teknoloji\/samsungun-gelecek-yil-piyasaya-surmesi-beklenen-galaxy-s25-ultra-kose-keskinligini-degistiriyor\/#primaryimage"},"image":{"@id":"http:\/\/e-ciftlik.com\/haberler\/teknoloji\/samsungun-gelecek-yil-piyasaya-surmesi-beklenen-galaxy-s25-ultra-kose-keskinligini-degistiriyor\/#primaryimage"},"thumbnailUrl":"http:\/\/e-ciftlik.com\/haberler\/wp-content\/uploads\/2024\/07\/SJAxTbw6o3ifjgZ9eefjC6-1200-80.jpg","datePublished":"2024-07-01T14:59:55+00:00","description":"Galaxy S24 Ultra, Samsung'un \u015fimdiye kadar yapt\u0131\u011f\u0131 en iyi telefonlardan biridir. Bunun b\u00fcy\u00fck bir k\u0131sm\u0131, arzulanm\u0131\u015f bir yer edinmi\u015f olan en iyi Android","breadcrumb":{"@id":"http:\/\/e-ciftlik.com\/haberler\/teknoloji\/samsungun-gelecek-yil-piyasaya-surmesi-beklenen-galaxy-s25-ultra-kose-keskinligini-degistiriyor\/#breadcrumb"},"inLanguage":"tr","potentialAction":[{"@type":"ReadAction","target":["http:\/\/e-ciftlik.com\/haberler\/teknoloji\/samsungun-gelecek-yil-piyasaya-surmesi-beklenen-galaxy-s25-ultra-kose-keskinligini-degistiriyor\/"]}]},{"@type":"ImageObject","inLanguage":"tr","@id":"http:\/\/e-ciftlik.com\/haberler\/teknoloji\/samsungun-gelecek-yil-piyasaya-surmesi-beklenen-galaxy-s25-ultra-kose-keskinligini-degistiriyor\/#primaryimage","url":"http:\/\/e-ciftlik.com\/haberler\/wp-content\/uploads\/2024\/07\/SJAxTbw6o3ifjgZ9eefjC6-1200-80.jpg","contentUrl":"http:\/\/e-ciftlik.com\/haberler\/wp-content\/uploads\/2024\/07\/SJAxTbw6o3ifjgZ9eefjC6-1200-80.jpg","width":1200,"height":675},{"@type":"BreadcrumbList","@id":"http:\/\/e-ciftlik.com\/haberler\/teknoloji\/samsungun-gelecek-yil-piyasaya-surmesi-beklenen-galaxy-s25-ultra-kose-keskinligini-degistiriyor\/#breadcrumb","itemListElement":[{"@type":"ListItem","position":1,"name":"Anasayfa","item":"https:\/\/e-ciftlik.com\/haberler\/"},{"@type":"ListItem","position":2,"name":"Samsung&#8217;un gelecek y\u0131l piyasaya s\u00fcrmesi beklenen Galaxy S25 Ultra, k\u00f6\u015fe keskinli\u011fini de\u011fi\u015ftiriyor."}]},{"@type":"WebSite","@id":"https:\/\/e-ciftlik.com\/haberler\/#website","url":"https:\/\/e-ciftlik.com\/haberler\/","name":"E-\u00c7iftlik Haber | G\u00fcncel, Son Dakika Haberler, En Son Haber","description":"","publisher":{"@id":"https:\/\/e-ciftlik.com\/haberler\/#organization"},"potentialAction":[{"@type":"SearchAction","target":{"@type":"EntryPoint","urlTemplate":"https:\/\/e-ciftlik.com\/haberler\/?s={search_term_string}"},"query-input":{"@type":"PropertyValueSpecification","valueRequired":true,"valueName":"search_term_string"}}],"inLanguage":"tr"},{"@type":"Organization","@id":"https:\/\/e-ciftlik.com\/haberler\/#organization","name":"E-\u00c7\u0130FTL\u0130K HABER","url":"https:\/\/e-ciftlik.com\/haberler\/","logo":{"@type":"ImageObject","inLanguage":"tr","@id":"https:\/\/e-ciftlik.com\/haberler\/#\/schema\/logo\/image\/","url":"http:\/\/e-ciftlik.com\/haberler\/wp-content\/uploads\/2024\/06\/cropped-cropped-favicon-1-2.png","contentUrl":"http:\/\/e-ciftlik.com\/haberler\/wp-content\/uploads\/2024\/06\/cropped-cropped-favicon-1-2.png","width":512,"height":512,"caption":"E-\u00c7\u0130FTL\u0130K HABER"},"image":{"@id":"https:\/\/e-ciftlik.com\/haberler\/#\/schema\/logo\/image\/"},"sameAs":["https:\/\/www.facebook.com\/eciftlikturkiye","https:\/\/x.com\/eciftlikresmi","https:\/\/www.instagram.com\/eciftlikresmi\/"]},{"@type":"Person","@id":"https:\/\/e-ciftlik.com\/haberler\/#\/schema\/person\/d2f4fee3143d7f72be82cb887d51b00a","name":"Haber Merkezi","image":{"@type":"ImageObject","inLanguage":"tr","@id":"https:\/\/secure.gravatar.com\/avatar\/6c27d641914e66c1d0452c92716002398782818991d86db1c2cccb531e7c7c82?s=96&d=mm&r=g","url":"https:\/\/secure.gravatar.com\/avatar\/6c27d641914e66c1d0452c92716002398782818991d86db1c2cccb531e7c7c82?s=96&d=mm&r=g","contentUrl":"https:\/\/secure.gravatar.com\/avatar\/6c27d641914e66c1d0452c92716002398782818991d86db1c2cccb531e7c7c82?s=96&d=mm&r=g","caption":"Haber Merkezi"},"sameAs":["http:\/\/e-ciftlik.com\/haberler"]}]}},"_links":{"self":[{"href":"http:\/\/e-ciftlik.com\/haberler\/wp-json\/wp\/v2\/posts\/8462","targetHints":{"allow":["GET"]}}],"collection":[{"href":"http:\/\/e-ciftlik.com\/haberler\/wp-json\/wp\/v2\/posts"}],"about":[{"href":"http:\/\/e-ciftlik.com\/haberler\/wp-json\/wp\/v2\/types\/post"}],"author":[{"embeddable":true,"href":"http:\/\/e-ciftlik.com\/haberler\/wp-json\/wp\/v2\/users\/1"}],"replies":[{"embeddable":true,"href":"http:\/\/e-ciftlik.com\/haberler\/wp-json\/wp\/v2\/comments?post=8462"}],"version-history":[{"count":0,"href":"http:\/\/e-ciftlik.com\/haberler\/wp-json\/wp\/v2\/posts\/8462\/revisions"}],"wp:featuredmedia":[{"embeddable":true,"href":"http:\/\/e-ciftlik.com\/haberler\/wp-json\/wp\/v2\/media\/8463"}],"wp:attachment":[{"href":"http:\/\/e-ciftlik.com\/haberler\/wp-json\/wp\/v2\/media?parent=8462"}],"wp:term":[{"taxonomy":"category","embeddable":true,"href":"http:\/\/e-ciftlik.com\/haberler\/wp-json\/wp\/v2\/categories?post=8462"},{"taxonomy":"post_tag","embeddable":true,"href":"http:\/\/e-ciftlik.com\/haberler\/wp-json\/wp\/v2\/tags?post=8462"}],"curies":[{"name":"wp","href":"https:\/\/api.w.org\/{rel}","templated":true}]}}