{"id":84846,"date":"2025-03-08T09:52:05","date_gmt":"2025-03-08T09:52:05","guid":{"rendered":"http:\/\/e-ciftlik.com\/haberler\/spor\/fenerbahceden-flas-aciklama-galatasaray-macinda-yabanci-hakem-istegi\/"},"modified":"2025-03-08T09:52:05","modified_gmt":"2025-03-08T09:52:05","slug":"fenerbahceden-flas-aciklama-galatasaray-macinda-yabanci-hakem-istegi","status":"publish","type":"post","link":"http:\/\/e-ciftlik.com\/haberler\/spor\/fenerbahceden-flas-aciklama-galatasaray-macinda-yabanci-hakem-istegi\/","title":{"rendered":"&#8220;Fenerbah\u00e7e&#8217;den fla\u015f a\u00e7\u0131klama: Galatasaray ma\u00e7\u0131nda yabanc\u0131 hakem iste\u011fi!&#8221;"},"content":{"rendered":"<p> Ziraat T\u00fcrkiye Kupas\u0131 \u00e7eyrek finalinde Fenerbah\u00e7e ile Galatasaray, kar\u015f\u0131 kar\u015f\u0131ya gelecek. Kura \u00e7ekimi sonras\u0131nda Fenerbah\u00e7e&#8217;den y\u00f6netim kurulu \u00fcyesi Hulusi Belg\u00fc, yabanc\u0131 hakem a\u00e7\u0131klamas\u0131nda bulundu. Belg\u00fc, Galatasaray ma\u00e7\u0131 sonras\u0131 yabanc\u0131 hakem taleplerini dile getirdi. Fenerbah\u00e7e&#8217;nin bu iste\u011fi, T\u00fcrk futbol camias\u0131nda geni\u015f yank\u0131 uyand\u0131rd\u0131.<\/p>\n<p>Belg\u00fc, yapt\u0131\u011f\u0131 a\u00e7\u0131klamada, &#8220;\u00d6nemli bir kar\u015f\u0131la\u015fma \u00f6ncesinde hakemlerin tarafs\u0131zl\u0131\u011f\u0131 ve objektifli\u011fi \u00e7ok \u00f6nemli. Bu nedenle Fenerbah\u00e7e olarak yabanc\u0131 hakem talep ediyoruz. T\u00fcrk hakemlerin de yetkinli\u011fine g\u00fcveniyoruz ancak bu ma\u00e7ta yabanc\u0131 bir hakemin daha objektif olaca\u011f\u0131na inan\u0131yoruz&#8221; ifadelerini kulland\u0131.<\/p>\n<p>Fenerbah\u00e7e-Galatasaray ma\u00e7\u0131, 10 Mart 2025 tarihinde \u00dclker Stadyumu&#8217;nda oynanacak. Kar\u015f\u0131la\u015fma \u00f6ncesinde taraftarlar aras\u0131nda b\u00fcy\u00fck bir heyecan ve gerginlik ya\u015fan\u0131rken, Fenerbah\u00e7e&#8217;nin yabanc\u0131 hakem talebi ise futbolseverleri ve spor otoritelerini merakland\u0131rd\u0131. Ma\u00e7\u0131n sonucu ve hakem karar\u0131, T\u00fcrk futbolunda \u00f6nemli bir g\u00fcndem maddesi olmaya aday g\u00f6r\u00fcn\u00fcyor.<\/p>\n","protected":false},"excerpt":{"rendered":"<p>Ziraat T\u00fcrkiye Kupas\u0131 \u00e7eyrek finalinde Fenerbah\u00e7e ile Galatasaray, kar\u015f\u0131 kar\u015f\u0131ya gelecek. Kura \u00e7ekimi sonras\u0131nda Fenerbah\u00e7e&#8217;den&hellip;<\/p>\n","protected":false},"author":1,"featured_media":84847,"comment_status":"open","ping_status":"open","sticky":false,"template":"","format":"standard","meta":{"footnotes":""},"categories":[7],"tags":[],"class_list":["post-84846","post","type-post","status-publish","format-standard","has-post-thumbnail","hentry","category-spor"],"yoast_head":"<!-- This site is optimized with the Yoast SEO Premium plugin v24.3 (Yoast SEO v27.4) - https:\/\/yoast.com\/product\/yoast-seo-premium-wordpress\/ -->\n<title>&quot;Fenerbah\u00e7e&#039;den fla\u015f a\u00e7\u0131klama: Galatasaray ma\u00e7\u0131nda yabanc\u0131 hakem iste\u011fi!&quot; - E-&Ccedil;\u0130FTL\u0130K HABER<\/title>\n<meta name=\"description\" content=\"Ziraat T\u00fcrkiye Kupas\u0131 \u00e7eyrek finalinde Fenerbah\u00e7e ile Galatasaray, kar\u015f\u0131 kar\u015f\u0131ya gelecek. Kura \u00e7ekimi sonras\u0131nda Fenerbah\u00e7e&#039;den y\u00f6netim kurulu \u00fcyesi\" \/>\n<meta name=\"robots\" content=\"index, follow, max-snippet:-1, max-image-preview:large, max-video-preview:-1\" \/>\n<link rel=\"canonical\" href=\"https:\/\/e-ciftlik.com\/haberler\/spor\/fenerbahceden-flas-aciklama-galatasaray-macinda-yabanci-hakem-istegi\/\" \/>\n<meta property=\"og:locale\" content=\"tr_TR\" \/>\n<meta property=\"og:type\" content=\"article\" \/>\n<meta property=\"og:title\" content=\"&quot;Fenerbah\u00e7e&#039;den fla\u015f a\u00e7\u0131klama: Galatasaray ma\u00e7\u0131nda yabanc\u0131 hakem iste\u011fi!&quot;\" \/>\n<meta property=\"og:description\" content=\"Ziraat T\u00fcrkiye Kupas\u0131 \u00e7eyrek finalinde Fenerbah\u00e7e ile Galatasaray, kar\u015f\u0131 kar\u015f\u0131ya gelecek. Kura \u00e7ekimi sonras\u0131nda Fenerbah\u00e7e&#039;den y\u00f6netim kurulu \u00fcyesi\" \/>\n<meta property=\"og:url\" content=\"https:\/\/e-ciftlik.com\/haberler\/spor\/fenerbahceden-flas-aciklama-galatasaray-macinda-yabanci-hakem-istegi\/\" \/>\n<meta property=\"og:site_name\" content=\"E-&Ccedil;\u0130FTL\u0130K HABER\" \/>\n<meta property=\"article:publisher\" content=\"https:\/\/www.facebook.com\/eciftlikturkiye\" \/>\n<meta property=\"article:published_time\" content=\"2025-03-08T09:52:05+00:00\" \/>\n<meta property=\"og:image\" content=\"https:\/\/e-ciftlik.com\/haberler\/wp-content\/uploads\/2025\/03\/fenerbahceden-yabanci-hakem-aciklamasi-galatasaray-eslesmesi-sonrasi-1741265230955.jpeg\" \/>\n\t<meta property=\"og:image:width\" content=\"1200\" \/>\n\t<meta property=\"og:image:height\" content=\"675\" \/>\n\t<meta property=\"og:image:type\" content=\"image\/jpeg\" \/>\n<meta name=\"author\" content=\"Haber Merkezi\" \/>\n<meta name=\"twitter:card\" content=\"summary_large_image\" \/>\n<meta name=\"twitter:creator\" content=\"@eciftlikresmi\" \/>\n<meta name=\"twitter:site\" content=\"@eciftlikresmi\" \/>\n<meta name=\"twitter:label1\" content=\"Yazan:\" \/>\n\t<meta name=\"twitter:data1\" content=\"Haber Merkezi\" \/>\n\t<meta name=\"twitter:label2\" content=\"Tahmini okuma s\u00fcresi\" \/>\n\t<meta name=\"twitter:data2\" content=\"1 dakika\" \/>\n<script type=\"application\/ld+json\" class=\"yoast-schema-graph\">{\"@context\":\"https:\\\/\\\/schema.org\",\"@graph\":[{\"@type\":\"NewsArticle\",\"@id\":\"https:\\\/\\\/e-ciftlik.com\\\/haberler\\\/spor\\\/fenerbahceden-flas-aciklama-galatasaray-macinda-yabanci-hakem-istegi\\\/#article\",\"isPartOf\":{\"@id\":\"https:\\\/\\\/e-ciftlik.com\\\/haberler\\\/spor\\\/fenerbahceden-flas-aciklama-galatasaray-macinda-yabanci-hakem-istegi\\\/\"},\"author\":{\"name\":\"Haber Merkezi\",\"@id\":\"https:\\\/\\\/e-ciftlik.com\\\/haberler\\\/#\\\/schema\\\/person\\\/d2f4fee3143d7f72be82cb887d51b00a\"},\"headline\":\"&#8220;Fenerbah\u00e7e&#8217;den fla\u015f a\u00e7\u0131klama: Galatasaray ma\u00e7\u0131nda yabanc\u0131 hakem iste\u011fi!&#8221;\",\"datePublished\":\"2025-03-08T09:52:05+00:00\",\"mainEntityOfPage\":{\"@id\":\"https:\\\/\\\/e-ciftlik.com\\\/haberler\\\/spor\\\/fenerbahceden-flas-aciklama-galatasaray-macinda-yabanci-hakem-istegi\\\/\"},\"wordCount\":179,\"commentCount\":0,\"publisher\":{\"@id\":\"https:\\\/\\\/e-ciftlik.com\\\/haberler\\\/#organization\"},\"image\":{\"@id\":\"https:\\\/\\\/e-ciftlik.com\\\/haberler\\\/spor\\\/fenerbahceden-flas-aciklama-galatasaray-macinda-yabanci-hakem-istegi\\\/#primaryimage\"},\"thumbnailUrl\":\"http:\\\/\\\/e-ciftlik.com\\\/haberler\\\/wp-content\\\/uploads\\\/2025\\\/03\\\/fenerbahceden-yabanci-hakem-aciklamasi-galatasaray-eslesmesi-sonrasi-1741265230955.jpeg\",\"articleSection\":[\"Spor\"],\"inLanguage\":\"tr\",\"potentialAction\":[{\"@type\":\"CommentAction\",\"name\":\"Comment\",\"target\":[\"https:\\\/\\\/e-ciftlik.com\\\/haberler\\\/spor\\\/fenerbahceden-flas-aciklama-galatasaray-macinda-yabanci-hakem-istegi\\\/#respond\"]}]},{\"@type\":\"WebPage\",\"@id\":\"https:\\\/\\\/e-ciftlik.com\\\/haberler\\\/spor\\\/fenerbahceden-flas-aciklama-galatasaray-macinda-yabanci-hakem-istegi\\\/\",\"url\":\"https:\\\/\\\/e-ciftlik.com\\\/haberler\\\/spor\\\/fenerbahceden-flas-aciklama-galatasaray-macinda-yabanci-hakem-istegi\\\/\",\"name\":\"\\\"Fenerbah\u00e7e'den fla\u015f a\u00e7\u0131klama: Galatasaray ma\u00e7\u0131nda yabanc\u0131 hakem iste\u011fi!\\\" - E-&Ccedil;\u0130FTL\u0130K HABER\",\"isPartOf\":{\"@id\":\"https:\\\/\\\/e-ciftlik.com\\\/haberler\\\/#website\"},\"primaryImageOfPage\":{\"@id\":\"https:\\\/\\\/e-ciftlik.com\\\/haberler\\\/spor\\\/fenerbahceden-flas-aciklama-galatasaray-macinda-yabanci-hakem-istegi\\\/#primaryimage\"},\"image\":{\"@id\":\"https:\\\/\\\/e-ciftlik.com\\\/haberler\\\/spor\\\/fenerbahceden-flas-aciklama-galatasaray-macinda-yabanci-hakem-istegi\\\/#primaryimage\"},\"thumbnailUrl\":\"http:\\\/\\\/e-ciftlik.com\\\/haberler\\\/wp-content\\\/uploads\\\/2025\\\/03\\\/fenerbahceden-yabanci-hakem-aciklamasi-galatasaray-eslesmesi-sonrasi-1741265230955.jpeg\",\"datePublished\":\"2025-03-08T09:52:05+00:00\",\"description\":\"Ziraat T\u00fcrkiye Kupas\u0131 \u00e7eyrek finalinde Fenerbah\u00e7e ile Galatasaray, kar\u015f\u0131 kar\u015f\u0131ya gelecek. Kura \u00e7ekimi sonras\u0131nda Fenerbah\u00e7e'den y\u00f6netim kurulu \u00fcyesi\",\"breadcrumb\":{\"@id\":\"https:\\\/\\\/e-ciftlik.com\\\/haberler\\\/spor\\\/fenerbahceden-flas-aciklama-galatasaray-macinda-yabanci-hakem-istegi\\\/#breadcrumb\"},\"inLanguage\":\"tr\",\"potentialAction\":[{\"@type\":\"ReadAction\",\"target\":[\"https:\\\/\\\/e-ciftlik.com\\\/haberler\\\/spor\\\/fenerbahceden-flas-aciklama-galatasaray-macinda-yabanci-hakem-istegi\\\/\"]}]},{\"@type\":\"ImageObject\",\"inLanguage\":\"tr\",\"@id\":\"https:\\\/\\\/e-ciftlik.com\\\/haberler\\\/spor\\\/fenerbahceden-flas-aciklama-galatasaray-macinda-yabanci-hakem-istegi\\\/#primaryimage\",\"url\":\"http:\\\/\\\/e-ciftlik.com\\\/haberler\\\/wp-content\\\/uploads\\\/2025\\\/03\\\/fenerbahceden-yabanci-hakem-aciklamasi-galatasaray-eslesmesi-sonrasi-1741265230955.jpeg\",\"contentUrl\":\"http:\\\/\\\/e-ciftlik.com\\\/haberler\\\/wp-content\\\/uploads\\\/2025\\\/03\\\/fenerbahceden-yabanci-hakem-aciklamasi-galatasaray-eslesmesi-sonrasi-1741265230955.jpeg\",\"width\":1200,\"height\":675},{\"@type\":\"BreadcrumbList\",\"@id\":\"https:\\\/\\\/e-ciftlik.com\\\/haberler\\\/spor\\\/fenerbahceden-flas-aciklama-galatasaray-macinda-yabanci-hakem-istegi\\\/#breadcrumb\",\"itemListElement\":[{\"@type\":\"ListItem\",\"position\":1,\"name\":\"Anasayfa\",\"item\":\"https:\\\/\\\/e-ciftlik.com\\\/haberler\\\/\"},{\"@type\":\"ListItem\",\"position\":2,\"name\":\"&#8220;Fenerbah\u00e7e&#8217;den fla\u015f a\u00e7\u0131klama: Galatasaray ma\u00e7\u0131nda yabanc\u0131 hakem iste\u011fi!&#8221;\"}]},{\"@type\":\"WebSite\",\"@id\":\"https:\\\/\\\/e-ciftlik.com\\\/haberler\\\/#website\",\"url\":\"https:\\\/\\\/e-ciftlik.com\\\/haberler\\\/\",\"name\":\"E-\u00c7iftlik Haber | G\u00fcncel, Son Dakika Haberler, En Son Haber\",\"description\":\"\",\"publisher\":{\"@id\":\"https:\\\/\\\/e-ciftlik.com\\\/haberler\\\/#organization\"},\"potentialAction\":[{\"@type\":\"SearchAction\",\"target\":{\"@type\":\"EntryPoint\",\"urlTemplate\":\"https:\\\/\\\/e-ciftlik.com\\\/haberler\\\/?s={search_term_string}\"},\"query-input\":{\"@type\":\"PropertyValueSpecification\",\"valueRequired\":true,\"valueName\":\"search_term_string\"}}],\"inLanguage\":\"tr\"},{\"@type\":\"Organization\",\"@id\":\"https:\\\/\\\/e-ciftlik.com\\\/haberler\\\/#organization\",\"name\":\"E-\u00c7\u0130FTL\u0130K HABER\",\"url\":\"https:\\\/\\\/e-ciftlik.com\\\/haberler\\\/\",\"logo\":{\"@type\":\"ImageObject\",\"inLanguage\":\"tr\",\"@id\":\"https:\\\/\\\/e-ciftlik.com\\\/haberler\\\/#\\\/schema\\\/logo\\\/image\\\/\",\"url\":\"http:\\\/\\\/e-ciftlik.com\\\/haberler\\\/wp-content\\\/uploads\\\/2024\\\/06\\\/cropped-cropped-favicon-1-2.png\",\"contentUrl\":\"http:\\\/\\\/e-ciftlik.com\\\/haberler\\\/wp-content\\\/uploads\\\/2024\\\/06\\\/cropped-cropped-favicon-1-2.png\",\"width\":512,\"height\":512,\"caption\":\"E-\u00c7\u0130FTL\u0130K HABER\"},\"image\":{\"@id\":\"https:\\\/\\\/e-ciftlik.com\\\/haberler\\\/#\\\/schema\\\/logo\\\/image\\\/\"},\"sameAs\":[\"https:\\\/\\\/www.facebook.com\\\/eciftlikturkiye\",\"https:\\\/\\\/x.com\\\/eciftlikresmi\",\"https:\\\/\\\/www.instagram.com\\\/eciftlikresmi\\\/\"]},{\"@type\":\"Person\",\"@id\":\"https:\\\/\\\/e-ciftlik.com\\\/haberler\\\/#\\\/schema\\\/person\\\/d2f4fee3143d7f72be82cb887d51b00a\",\"name\":\"Haber Merkezi\",\"image\":{\"@type\":\"ImageObject\",\"inLanguage\":\"tr\",\"@id\":\"https:\\\/\\\/secure.gravatar.com\\\/avatar\\\/6c27d641914e66c1d0452c92716002398782818991d86db1c2cccb531e7c7c82?s=96&d=mm&r=g\",\"url\":\"https:\\\/\\\/secure.gravatar.com\\\/avatar\\\/6c27d641914e66c1d0452c92716002398782818991d86db1c2cccb531e7c7c82?s=96&d=mm&r=g\",\"contentUrl\":\"https:\\\/\\\/secure.gravatar.com\\\/avatar\\\/6c27d641914e66c1d0452c92716002398782818991d86db1c2cccb531e7c7c82?s=96&d=mm&r=g\",\"caption\":\"Haber Merkezi\"},\"sameAs\":[\"http:\\\/\\\/e-ciftlik.com\\\/haberler\"]}]}<\/script>\n<!-- \/ Yoast SEO Premium plugin. -->","yoast_head_json":{"title":"\"Fenerbah\u00e7e'den fla\u015f a\u00e7\u0131klama: Galatasaray ma\u00e7\u0131nda yabanc\u0131 hakem iste\u011fi!\" - E-&Ccedil;\u0130FTL\u0130K HABER","description":"Ziraat T\u00fcrkiye Kupas\u0131 \u00e7eyrek finalinde Fenerbah\u00e7e ile Galatasaray, kar\u015f\u0131 kar\u015f\u0131ya gelecek. Kura \u00e7ekimi sonras\u0131nda Fenerbah\u00e7e'den y\u00f6netim kurulu \u00fcyesi","robots":{"index":"index","follow":"follow","max-snippet":"max-snippet:-1","max-image-preview":"max-image-preview:large","max-video-preview":"max-video-preview:-1"},"canonical":"https:\/\/e-ciftlik.com\/haberler\/spor\/fenerbahceden-flas-aciklama-galatasaray-macinda-yabanci-hakem-istegi\/","og_locale":"tr_TR","og_type":"article","og_title":"\"Fenerbah\u00e7e'den fla\u015f a\u00e7\u0131klama: Galatasaray ma\u00e7\u0131nda yabanc\u0131 hakem iste\u011fi!\"","og_description":"Ziraat T\u00fcrkiye Kupas\u0131 \u00e7eyrek finalinde Fenerbah\u00e7e ile Galatasaray, kar\u015f\u0131 kar\u015f\u0131ya gelecek. Kura \u00e7ekimi sonras\u0131nda Fenerbah\u00e7e'den y\u00f6netim kurulu \u00fcyesi","og_url":"https:\/\/e-ciftlik.com\/haberler\/spor\/fenerbahceden-flas-aciklama-galatasaray-macinda-yabanci-hakem-istegi\/","og_site_name":"E-&Ccedil;\u0130FTL\u0130K HABER","article_publisher":"https:\/\/www.facebook.com\/eciftlikturkiye","article_published_time":"2025-03-08T09:52:05+00:00","og_image":[{"width":1200,"height":675,"url":"https:\/\/e-ciftlik.com\/haberler\/wp-content\/uploads\/2025\/03\/fenerbahceden-yabanci-hakem-aciklamasi-galatasaray-eslesmesi-sonrasi-1741265230955.jpeg","type":"image\/jpeg"}],"author":"Haber Merkezi","twitter_card":"summary_large_image","twitter_creator":"@eciftlikresmi","twitter_site":"@eciftlikresmi","twitter_misc":{"Yazan:":"Haber Merkezi","Tahmini okuma s\u00fcresi":"1 dakika"},"schema":{"@context":"https:\/\/schema.org","@graph":[{"@type":"NewsArticle","@id":"https:\/\/e-ciftlik.com\/haberler\/spor\/fenerbahceden-flas-aciklama-galatasaray-macinda-yabanci-hakem-istegi\/#article","isPartOf":{"@id":"https:\/\/e-ciftlik.com\/haberler\/spor\/fenerbahceden-flas-aciklama-galatasaray-macinda-yabanci-hakem-istegi\/"},"author":{"name":"Haber Merkezi","@id":"https:\/\/e-ciftlik.com\/haberler\/#\/schema\/person\/d2f4fee3143d7f72be82cb887d51b00a"},"headline":"&#8220;Fenerbah\u00e7e&#8217;den fla\u015f a\u00e7\u0131klama: Galatasaray ma\u00e7\u0131nda yabanc\u0131 hakem iste\u011fi!&#8221;","datePublished":"2025-03-08T09:52:05+00:00","mainEntityOfPage":{"@id":"https:\/\/e-ciftlik.com\/haberler\/spor\/fenerbahceden-flas-aciklama-galatasaray-macinda-yabanci-hakem-istegi\/"},"wordCount":179,"commentCount":0,"publisher":{"@id":"https:\/\/e-ciftlik.com\/haberler\/#organization"},"image":{"@id":"https:\/\/e-ciftlik.com\/haberler\/spor\/fenerbahceden-flas-aciklama-galatasaray-macinda-yabanci-hakem-istegi\/#primaryimage"},"thumbnailUrl":"http:\/\/e-ciftlik.com\/haberler\/wp-content\/uploads\/2025\/03\/fenerbahceden-yabanci-hakem-aciklamasi-galatasaray-eslesmesi-sonrasi-1741265230955.jpeg","articleSection":["Spor"],"inLanguage":"tr","potentialAction":[{"@type":"CommentAction","name":"Comment","target":["https:\/\/e-ciftlik.com\/haberler\/spor\/fenerbahceden-flas-aciklama-galatasaray-macinda-yabanci-hakem-istegi\/#respond"]}]},{"@type":"WebPage","@id":"https:\/\/e-ciftlik.com\/haberler\/spor\/fenerbahceden-flas-aciklama-galatasaray-macinda-yabanci-hakem-istegi\/","url":"https:\/\/e-ciftlik.com\/haberler\/spor\/fenerbahceden-flas-aciklama-galatasaray-macinda-yabanci-hakem-istegi\/","name":"\"Fenerbah\u00e7e'den fla\u015f a\u00e7\u0131klama: Galatasaray ma\u00e7\u0131nda yabanc\u0131 hakem iste\u011fi!\" - E-&Ccedil;\u0130FTL\u0130K HABER","isPartOf":{"@id":"https:\/\/e-ciftlik.com\/haberler\/#website"},"primaryImageOfPage":{"@id":"https:\/\/e-ciftlik.com\/haberler\/spor\/fenerbahceden-flas-aciklama-galatasaray-macinda-yabanci-hakem-istegi\/#primaryimage"},"image":{"@id":"https:\/\/e-ciftlik.com\/haberler\/spor\/fenerbahceden-flas-aciklama-galatasaray-macinda-yabanci-hakem-istegi\/#primaryimage"},"thumbnailUrl":"http:\/\/e-ciftlik.com\/haberler\/wp-content\/uploads\/2025\/03\/fenerbahceden-yabanci-hakem-aciklamasi-galatasaray-eslesmesi-sonrasi-1741265230955.jpeg","datePublished":"2025-03-08T09:52:05+00:00","description":"Ziraat T\u00fcrkiye Kupas\u0131 \u00e7eyrek finalinde Fenerbah\u00e7e ile Galatasaray, kar\u015f\u0131 kar\u015f\u0131ya gelecek. Kura \u00e7ekimi sonras\u0131nda Fenerbah\u00e7e'den y\u00f6netim kurulu \u00fcyesi","breadcrumb":{"@id":"https:\/\/e-ciftlik.com\/haberler\/spor\/fenerbahceden-flas-aciklama-galatasaray-macinda-yabanci-hakem-istegi\/#breadcrumb"},"inLanguage":"tr","potentialAction":[{"@type":"ReadAction","target":["https:\/\/e-ciftlik.com\/haberler\/spor\/fenerbahceden-flas-aciklama-galatasaray-macinda-yabanci-hakem-istegi\/"]}]},{"@type":"ImageObject","inLanguage":"tr","@id":"https:\/\/e-ciftlik.com\/haberler\/spor\/fenerbahceden-flas-aciklama-galatasaray-macinda-yabanci-hakem-istegi\/#primaryimage","url":"http:\/\/e-ciftlik.com\/haberler\/wp-content\/uploads\/2025\/03\/fenerbahceden-yabanci-hakem-aciklamasi-galatasaray-eslesmesi-sonrasi-1741265230955.jpeg","contentUrl":"http:\/\/e-ciftlik.com\/haberler\/wp-content\/uploads\/2025\/03\/fenerbahceden-yabanci-hakem-aciklamasi-galatasaray-eslesmesi-sonrasi-1741265230955.jpeg","width":1200,"height":675},{"@type":"BreadcrumbList","@id":"https:\/\/e-ciftlik.com\/haberler\/spor\/fenerbahceden-flas-aciklama-galatasaray-macinda-yabanci-hakem-istegi\/#breadcrumb","itemListElement":[{"@type":"ListItem","position":1,"name":"Anasayfa","item":"https:\/\/e-ciftlik.com\/haberler\/"},{"@type":"ListItem","position":2,"name":"&#8220;Fenerbah\u00e7e&#8217;den fla\u015f a\u00e7\u0131klama: Galatasaray ma\u00e7\u0131nda yabanc\u0131 hakem iste\u011fi!&#8221;"}]},{"@type":"WebSite","@id":"https:\/\/e-ciftlik.com\/haberler\/#website","url":"https:\/\/e-ciftlik.com\/haberler\/","name":"E-\u00c7iftlik Haber | G\u00fcncel, Son Dakika Haberler, En Son Haber","description":"","publisher":{"@id":"https:\/\/e-ciftlik.com\/haberler\/#organization"},"potentialAction":[{"@type":"SearchAction","target":{"@type":"EntryPoint","urlTemplate":"https:\/\/e-ciftlik.com\/haberler\/?s={search_term_string}"},"query-input":{"@type":"PropertyValueSpecification","valueRequired":true,"valueName":"search_term_string"}}],"inLanguage":"tr"},{"@type":"Organization","@id":"https:\/\/e-ciftlik.com\/haberler\/#organization","name":"E-\u00c7\u0130FTL\u0130K HABER","url":"https:\/\/e-ciftlik.com\/haberler\/","logo":{"@type":"ImageObject","inLanguage":"tr","@id":"https:\/\/e-ciftlik.com\/haberler\/#\/schema\/logo\/image\/","url":"http:\/\/e-ciftlik.com\/haberler\/wp-content\/uploads\/2024\/06\/cropped-cropped-favicon-1-2.png","contentUrl":"http:\/\/e-ciftlik.com\/haberler\/wp-content\/uploads\/2024\/06\/cropped-cropped-favicon-1-2.png","width":512,"height":512,"caption":"E-\u00c7\u0130FTL\u0130K HABER"},"image":{"@id":"https:\/\/e-ciftlik.com\/haberler\/#\/schema\/logo\/image\/"},"sameAs":["https:\/\/www.facebook.com\/eciftlikturkiye","https:\/\/x.com\/eciftlikresmi","https:\/\/www.instagram.com\/eciftlikresmi\/"]},{"@type":"Person","@id":"https:\/\/e-ciftlik.com\/haberler\/#\/schema\/person\/d2f4fee3143d7f72be82cb887d51b00a","name":"Haber Merkezi","image":{"@type":"ImageObject","inLanguage":"tr","@id":"https:\/\/secure.gravatar.com\/avatar\/6c27d641914e66c1d0452c92716002398782818991d86db1c2cccb531e7c7c82?s=96&d=mm&r=g","url":"https:\/\/secure.gravatar.com\/avatar\/6c27d641914e66c1d0452c92716002398782818991d86db1c2cccb531e7c7c82?s=96&d=mm&r=g","contentUrl":"https:\/\/secure.gravatar.com\/avatar\/6c27d641914e66c1d0452c92716002398782818991d86db1c2cccb531e7c7c82?s=96&d=mm&r=g","caption":"Haber Merkezi"},"sameAs":["http:\/\/e-ciftlik.com\/haberler"]}]}},"_links":{"self":[{"href":"http:\/\/e-ciftlik.com\/haberler\/wp-json\/wp\/v2\/posts\/84846","targetHints":{"allow":["GET"]}}],"collection":[{"href":"http:\/\/e-ciftlik.com\/haberler\/wp-json\/wp\/v2\/posts"}],"about":[{"href":"http:\/\/e-ciftlik.com\/haberler\/wp-json\/wp\/v2\/types\/post"}],"author":[{"embeddable":true,"href":"http:\/\/e-ciftlik.com\/haberler\/wp-json\/wp\/v2\/users\/1"}],"replies":[{"embeddable":true,"href":"http:\/\/e-ciftlik.com\/haberler\/wp-json\/wp\/v2\/comments?post=84846"}],"version-history":[{"count":0,"href":"http:\/\/e-ciftlik.com\/haberler\/wp-json\/wp\/v2\/posts\/84846\/revisions"}],"wp:featuredmedia":[{"embeddable":true,"href":"http:\/\/e-ciftlik.com\/haberler\/wp-json\/wp\/v2\/media\/84847"}],"wp:attachment":[{"href":"http:\/\/e-ciftlik.com\/haberler\/wp-json\/wp\/v2\/media?parent=84846"}],"wp:term":[{"taxonomy":"category","embeddable":true,"href":"http:\/\/e-ciftlik.com\/haberler\/wp-json\/wp\/v2\/categories?post=84846"},{"taxonomy":"post_tag","embeddable":true,"href":"http:\/\/e-ciftlik.com\/haberler\/wp-json\/wp\/v2\/tags?post=84846"}],"curies":[{"name":"wp","href":"https:\/\/api.w.org\/{rel}","templated":true}]}}