{"id":85049,"date":"2025-03-09T01:53:06","date_gmt":"2025-03-09T01:53:06","guid":{"rendered":"https:\/\/e-ciftlik.com\/haberler\/spor\/forest-city-kritik-mucadele\/"},"modified":"2025-03-09T01:53:06","modified_gmt":"2025-03-09T01:53:06","slug":"forest-city-kritik-mucadele","status":"publish","type":"post","link":"http:\/\/e-ciftlik.com\/haberler\/spor\/forest-city-kritik-mucadele\/","title":{"rendered":"&#8220;Forest-City Kritik M\u00fccadele!&#8221;"},"content":{"rendered":"<p> \u0130ngiltere Premier Lig\u2019in 28. haftas\u0131nda futbolseverleri heyecan dolu bir m\u00fccadele bekliyor. Nottingham Forest sahas\u0131nda Manchester City\u2019yi a\u011f\u0131rlayacak. Ligde son \u00fc\u00e7 ma\u00e7\u0131nda galibiyet y\u00fcz\u00fc g\u00f6remeyen ev sahibi ekip, g\u00fc\u00e7l\u00fc rakibi kar\u015f\u0131s\u0131nda yeniden y\u00fckseli\u015fe ge\u00e7mek istiyor. 48 puanla 3. s\u0131rada bulunan Forest, hemen arkas\u0131nda 47 puanla 4. s\u0131rada yer alan Manchester City&#8217;ye kar\u015f\u0131 kritik bir s\u0131nav verecek.<\/p>\n<p>\u00d6te yandan, Pep Guardiola y\u00f6netimindeki Manchester City, sezon boyunca ini\u015fli \u00e7\u0131k\u0131\u015fl\u0131 bir performans sergileyerek beklentilerin alt\u0131nda kald\u0131. Ancak son lig ma\u00e7\u0131nda kazanan ve moral depolayan Manchester ekibi, Nottingham deplasman\u0131nda da galibiyet alarak \u00fcst \u00fcste ikinci zaferini elde etmeyi ama\u00e7l\u0131yor.<\/p>\n<p>\u0130ngiltere Premier Lig&#8217;in 28. haftas\u0131nda g\u00f6zler, Nottingham Forest ile Manchester City aras\u0131ndaki kritik m\u00fccadeleye \u00e7evrildi. Son \u00fc\u00e7 lig ma\u00e7\u0131nda galibiyet hasreti \u00e7eken Nottingham Forest, taraftar\u0131 \u00f6n\u00fcnde g\u00fc\u00e7l\u00fc rakibini ma\u011flup ederek \u00e7\u0131k\u0131\u015fa ge\u00e7mek istiyor. 48 puanla 3. s\u0131rada yer alan ev sahibi ekip, \u00f6n\u00fcm\u00fczdeki sezon \u015eampiyonlar Ligi&#8217;ne kat\u0131lma hedefini s\u00fcrd\u00fcrebilmek i\u00e7in sahadan \u00fc\u00e7 puanla ayr\u0131lmay\u0131 ama\u00e7l\u0131yor.<\/p>\n<p>Manchester City cephesinde ise sezonun zorlu ge\u00e7i\u015f s\u00fcreci devam ediyor. Pep Guardiola y\u00f6netimindeki ekip, bu sezon beklentilerin alt\u0131nda kalan bir performans sergileyerek liderlik yar\u0131\u015f\u0131ndan uzakla\u015fm\u0131\u015f durumda. Ligde 47 puanla 4. s\u0131rada yer alan Manchester ekibi, \u015eampiyonlar Ligi play-off turunda Real Madrid&#8217;e elenmenin \u00fcz\u00fcnt\u00fcs\u00fcn\u00fc ya\u015farken, sezonu ilk 4 i\u00e7erisinde tamamlayarak moral bulmay\u0131 hedefliyor.<\/p>\n<p>NOTTINGHAM FOREST-MANCHESTER CITY MA\u00c7I NE ZAMAN VE SAAT KA\u00c7TA?<\/p>\n<p>\u0130ngiltere Premier Lig&#8217;in 28. haftas\u0131nda oynanacak Nottingham Forest-Manchester City ma\u00e7\u0131 8 Mart Cumartesi g\u00fcn\u00fc saat 15.30&#8217;da ba\u015flayacak.<\/p>\n<p>NOTTINGHAM FOREST-MANCHESTER CITY MA\u00c7I HANG\u0130 KANALDA CANLI YAYINLANACAK?<\/p>\n<p>City Ground&#8217;da oynanacak Nottingham Forest-Manchester City ma\u00e7\u0131 beIN Sports 3 ekranlar\u0131ndan canl\u0131 olarak yay\u0131nlanacak.<\/p>\n","protected":false},"excerpt":{"rendered":"<p>\u0130ngiltere Premier Lig\u2019in 28. haftas\u0131nda futbolseverleri heyecan dolu bir m\u00fccadele bekliyor. Nottingham Forest sahas\u0131nda Manchester&hellip;<\/p>\n","protected":false},"author":1,"featured_media":85050,"comment_status":"open","ping_status":"open","sticky":false,"template":"","format":"standard","meta":{"footnotes":""},"categories":[7],"tags":[],"class_list":["post-85049","post","type-post","status-publish","format-standard","has-post-thumbnail","hentry","category-spor"],"yoast_head":"<!-- This site is optimized with the Yoast SEO Premium plugin v24.3 (Yoast SEO v27.4) - https:\/\/yoast.com\/product\/yoast-seo-premium-wordpress\/ -->\n<title>&quot;Forest-City Kritik M\u00fccadele!&quot; - E-&Ccedil;\u0130FTL\u0130K HABER<\/title>\n<meta name=\"description\" content=\"\u0130ngiltere Premier Lig\u2019in 28. haftas\u0131nda futbolseverleri heyecan dolu bir m\u00fccadele bekliyor. Nottingham Forest sahas\u0131nda Manchester City\u2019yi a\u011f\u0131rlayacak.\" \/>\n<meta name=\"robots\" content=\"index, follow, max-snippet:-1, max-image-preview:large, max-video-preview:-1\" \/>\n<link rel=\"canonical\" href=\"http:\/\/e-ciftlik.com\/haberler\/spor\/forest-city-kritik-mucadele\/\" \/>\n<meta property=\"og:locale\" content=\"tr_TR\" \/>\n<meta property=\"og:type\" content=\"article\" \/>\n<meta property=\"og:title\" content=\"&quot;Forest-City Kritik M\u00fccadele!&quot;\" \/>\n<meta property=\"og:description\" content=\"\u0130ngiltere Premier Lig\u2019in 28. haftas\u0131nda futbolseverleri heyecan dolu bir m\u00fccadele bekliyor. Nottingham Forest sahas\u0131nda Manchester City\u2019yi a\u011f\u0131rlayacak.\" \/>\n<meta property=\"og:url\" content=\"http:\/\/e-ciftlik.com\/haberler\/spor\/forest-city-kritik-mucadele\/\" \/>\n<meta property=\"og:site_name\" content=\"E-&Ccedil;\u0130FTL\u0130K HABER\" \/>\n<meta property=\"article:publisher\" content=\"https:\/\/www.facebook.com\/eciftlikturkiye\" \/>\n<meta property=\"article:published_time\" content=\"2025-03-09T01:53:06+00:00\" \/>\n<meta property=\"og:image\" content=\"http:\/\/e-ciftlik.com\/haberler\/wp-content\/uploads\/2025\/03\/nottingham-forest-manchester-city-maci-hangi-kanalda-ne-zaman-ve-saat-kacta-ingiltere-premier-lig-17.jpeg\" \/>\n\t<meta property=\"og:image:width\" content=\"1200\" \/>\n\t<meta property=\"og:image:height\" content=\"675\" \/>\n\t<meta property=\"og:image:type\" content=\"image\/jpeg\" \/>\n<meta name=\"author\" content=\"Haber Merkezi\" \/>\n<meta name=\"twitter:card\" content=\"summary_large_image\" \/>\n<meta name=\"twitter:creator\" content=\"@eciftlikresmi\" \/>\n<meta name=\"twitter:site\" content=\"@eciftlikresmi\" \/>\n<meta name=\"twitter:label1\" content=\"Yazan:\" \/>\n\t<meta name=\"twitter:data1\" content=\"Haber Merkezi\" \/>\n\t<meta name=\"twitter:label2\" content=\"Tahmini okuma s\u00fcresi\" \/>\n\t<meta name=\"twitter:data2\" content=\"1 dakika\" \/>\n<script type=\"application\/ld+json\" class=\"yoast-schema-graph\">{\"@context\":\"https:\\\/\\\/schema.org\",\"@graph\":[{\"@type\":\"NewsArticle\",\"@id\":\"http:\\\/\\\/e-ciftlik.com\\\/haberler\\\/spor\\\/forest-city-kritik-mucadele\\\/#article\",\"isPartOf\":{\"@id\":\"http:\\\/\\\/e-ciftlik.com\\\/haberler\\\/spor\\\/forest-city-kritik-mucadele\\\/\"},\"author\":{\"name\":\"Haber Merkezi\",\"@id\":\"https:\\\/\\\/e-ciftlik.com\\\/haberler\\\/#\\\/schema\\\/person\\\/d2f4fee3143d7f72be82cb887d51b00a\"},\"headline\":\"&#8220;Forest-City Kritik M\u00fccadele!&#8221;\",\"datePublished\":\"2025-03-09T01:53:06+00:00\",\"mainEntityOfPage\":{\"@id\":\"http:\\\/\\\/e-ciftlik.com\\\/haberler\\\/spor\\\/forest-city-kritik-mucadele\\\/\"},\"wordCount\":309,\"commentCount\":0,\"publisher\":{\"@id\":\"https:\\\/\\\/e-ciftlik.com\\\/haberler\\\/#organization\"},\"image\":{\"@id\":\"http:\\\/\\\/e-ciftlik.com\\\/haberler\\\/spor\\\/forest-city-kritik-mucadele\\\/#primaryimage\"},\"thumbnailUrl\":\"http:\\\/\\\/e-ciftlik.com\\\/haberler\\\/wp-content\\\/uploads\\\/2025\\\/03\\\/nottingham-forest-manchester-city-maci-hangi-kanalda-ne-zaman-ve-saat-kacta-ingiltere-premier-lig-17.jpeg\",\"articleSection\":[\"Spor\"],\"inLanguage\":\"tr\",\"potentialAction\":[{\"@type\":\"CommentAction\",\"name\":\"Comment\",\"target\":[\"http:\\\/\\\/e-ciftlik.com\\\/haberler\\\/spor\\\/forest-city-kritik-mucadele\\\/#respond\"]}]},{\"@type\":\"WebPage\",\"@id\":\"http:\\\/\\\/e-ciftlik.com\\\/haberler\\\/spor\\\/forest-city-kritik-mucadele\\\/\",\"url\":\"http:\\\/\\\/e-ciftlik.com\\\/haberler\\\/spor\\\/forest-city-kritik-mucadele\\\/\",\"name\":\"\\\"Forest-City Kritik M\u00fccadele!\\\" - E-&Ccedil;\u0130FTL\u0130K HABER\",\"isPartOf\":{\"@id\":\"https:\\\/\\\/e-ciftlik.com\\\/haberler\\\/#website\"},\"primaryImageOfPage\":{\"@id\":\"http:\\\/\\\/e-ciftlik.com\\\/haberler\\\/spor\\\/forest-city-kritik-mucadele\\\/#primaryimage\"},\"image\":{\"@id\":\"http:\\\/\\\/e-ciftlik.com\\\/haberler\\\/spor\\\/forest-city-kritik-mucadele\\\/#primaryimage\"},\"thumbnailUrl\":\"http:\\\/\\\/e-ciftlik.com\\\/haberler\\\/wp-content\\\/uploads\\\/2025\\\/03\\\/nottingham-forest-manchester-city-maci-hangi-kanalda-ne-zaman-ve-saat-kacta-ingiltere-premier-lig-17.jpeg\",\"datePublished\":\"2025-03-09T01:53:06+00:00\",\"description\":\"\u0130ngiltere Premier Lig\u2019in 28. haftas\u0131nda futbolseverleri heyecan dolu bir m\u00fccadele bekliyor. Nottingham Forest sahas\u0131nda Manchester City\u2019yi a\u011f\u0131rlayacak.\",\"breadcrumb\":{\"@id\":\"http:\\\/\\\/e-ciftlik.com\\\/haberler\\\/spor\\\/forest-city-kritik-mucadele\\\/#breadcrumb\"},\"inLanguage\":\"tr\",\"potentialAction\":[{\"@type\":\"ReadAction\",\"target\":[\"http:\\\/\\\/e-ciftlik.com\\\/haberler\\\/spor\\\/forest-city-kritik-mucadele\\\/\"]}]},{\"@type\":\"ImageObject\",\"inLanguage\":\"tr\",\"@id\":\"http:\\\/\\\/e-ciftlik.com\\\/haberler\\\/spor\\\/forest-city-kritik-mucadele\\\/#primaryimage\",\"url\":\"http:\\\/\\\/e-ciftlik.com\\\/haberler\\\/wp-content\\\/uploads\\\/2025\\\/03\\\/nottingham-forest-manchester-city-maci-hangi-kanalda-ne-zaman-ve-saat-kacta-ingiltere-premier-lig-17.jpeg\",\"contentUrl\":\"http:\\\/\\\/e-ciftlik.com\\\/haberler\\\/wp-content\\\/uploads\\\/2025\\\/03\\\/nottingham-forest-manchester-city-maci-hangi-kanalda-ne-zaman-ve-saat-kacta-ingiltere-premier-lig-17.jpeg\",\"width\":1200,\"height\":675},{\"@type\":\"BreadcrumbList\",\"@id\":\"http:\\\/\\\/e-ciftlik.com\\\/haberler\\\/spor\\\/forest-city-kritik-mucadele\\\/#breadcrumb\",\"itemListElement\":[{\"@type\":\"ListItem\",\"position\":1,\"name\":\"Anasayfa\",\"item\":\"https:\\\/\\\/e-ciftlik.com\\\/haberler\\\/\"},{\"@type\":\"ListItem\",\"position\":2,\"name\":\"&#8220;Forest-City Kritik M\u00fccadele!&#8221;\"}]},{\"@type\":\"WebSite\",\"@id\":\"https:\\\/\\\/e-ciftlik.com\\\/haberler\\\/#website\",\"url\":\"https:\\\/\\\/e-ciftlik.com\\\/haberler\\\/\",\"name\":\"E-\u00c7iftlik Haber | G\u00fcncel, Son Dakika Haberler, En Son Haber\",\"description\":\"\",\"publisher\":{\"@id\":\"https:\\\/\\\/e-ciftlik.com\\\/haberler\\\/#organization\"},\"potentialAction\":[{\"@type\":\"SearchAction\",\"target\":{\"@type\":\"EntryPoint\",\"urlTemplate\":\"https:\\\/\\\/e-ciftlik.com\\\/haberler\\\/?s={search_term_string}\"},\"query-input\":{\"@type\":\"PropertyValueSpecification\",\"valueRequired\":true,\"valueName\":\"search_term_string\"}}],\"inLanguage\":\"tr\"},{\"@type\":\"Organization\",\"@id\":\"https:\\\/\\\/e-ciftlik.com\\\/haberler\\\/#organization\",\"name\":\"E-\u00c7\u0130FTL\u0130K HABER\",\"url\":\"https:\\\/\\\/e-ciftlik.com\\\/haberler\\\/\",\"logo\":{\"@type\":\"ImageObject\",\"inLanguage\":\"tr\",\"@id\":\"https:\\\/\\\/e-ciftlik.com\\\/haberler\\\/#\\\/schema\\\/logo\\\/image\\\/\",\"url\":\"http:\\\/\\\/e-ciftlik.com\\\/haberler\\\/wp-content\\\/uploads\\\/2024\\\/06\\\/cropped-cropped-favicon-1-2.png\",\"contentUrl\":\"http:\\\/\\\/e-ciftlik.com\\\/haberler\\\/wp-content\\\/uploads\\\/2024\\\/06\\\/cropped-cropped-favicon-1-2.png\",\"width\":512,\"height\":512,\"caption\":\"E-\u00c7\u0130FTL\u0130K HABER\"},\"image\":{\"@id\":\"https:\\\/\\\/e-ciftlik.com\\\/haberler\\\/#\\\/schema\\\/logo\\\/image\\\/\"},\"sameAs\":[\"https:\\\/\\\/www.facebook.com\\\/eciftlikturkiye\",\"https:\\\/\\\/x.com\\\/eciftlikresmi\",\"https:\\\/\\\/www.instagram.com\\\/eciftlikresmi\\\/\"]},{\"@type\":\"Person\",\"@id\":\"https:\\\/\\\/e-ciftlik.com\\\/haberler\\\/#\\\/schema\\\/person\\\/d2f4fee3143d7f72be82cb887d51b00a\",\"name\":\"Haber Merkezi\",\"image\":{\"@type\":\"ImageObject\",\"inLanguage\":\"tr\",\"@id\":\"https:\\\/\\\/secure.gravatar.com\\\/avatar\\\/6c27d641914e66c1d0452c92716002398782818991d86db1c2cccb531e7c7c82?s=96&d=mm&r=g\",\"url\":\"https:\\\/\\\/secure.gravatar.com\\\/avatar\\\/6c27d641914e66c1d0452c92716002398782818991d86db1c2cccb531e7c7c82?s=96&d=mm&r=g\",\"contentUrl\":\"https:\\\/\\\/secure.gravatar.com\\\/avatar\\\/6c27d641914e66c1d0452c92716002398782818991d86db1c2cccb531e7c7c82?s=96&d=mm&r=g\",\"caption\":\"Haber Merkezi\"},\"sameAs\":[\"http:\\\/\\\/e-ciftlik.com\\\/haberler\"]}]}<\/script>\n<!-- \/ Yoast SEO Premium plugin. -->","yoast_head_json":{"title":"\"Forest-City Kritik M\u00fccadele!\" - E-&Ccedil;\u0130FTL\u0130K HABER","description":"\u0130ngiltere Premier Lig\u2019in 28. haftas\u0131nda futbolseverleri heyecan dolu bir m\u00fccadele bekliyor. Nottingham Forest sahas\u0131nda Manchester City\u2019yi a\u011f\u0131rlayacak.","robots":{"index":"index","follow":"follow","max-snippet":"max-snippet:-1","max-image-preview":"max-image-preview:large","max-video-preview":"max-video-preview:-1"},"canonical":"http:\/\/e-ciftlik.com\/haberler\/spor\/forest-city-kritik-mucadele\/","og_locale":"tr_TR","og_type":"article","og_title":"\"Forest-City Kritik M\u00fccadele!\"","og_description":"\u0130ngiltere Premier Lig\u2019in 28. haftas\u0131nda futbolseverleri heyecan dolu bir m\u00fccadele bekliyor. Nottingham Forest sahas\u0131nda Manchester City\u2019yi a\u011f\u0131rlayacak.","og_url":"http:\/\/e-ciftlik.com\/haberler\/spor\/forest-city-kritik-mucadele\/","og_site_name":"E-&Ccedil;\u0130FTL\u0130K HABER","article_publisher":"https:\/\/www.facebook.com\/eciftlikturkiye","article_published_time":"2025-03-09T01:53:06+00:00","og_image":[{"width":1200,"height":675,"url":"http:\/\/e-ciftlik.com\/haberler\/wp-content\/uploads\/2025\/03\/nottingham-forest-manchester-city-maci-hangi-kanalda-ne-zaman-ve-saat-kacta-ingiltere-premier-lig-17.jpeg","type":"image\/jpeg"}],"author":"Haber Merkezi","twitter_card":"summary_large_image","twitter_creator":"@eciftlikresmi","twitter_site":"@eciftlikresmi","twitter_misc":{"Yazan:":"Haber Merkezi","Tahmini okuma s\u00fcresi":"1 dakika"},"schema":{"@context":"https:\/\/schema.org","@graph":[{"@type":"NewsArticle","@id":"http:\/\/e-ciftlik.com\/haberler\/spor\/forest-city-kritik-mucadele\/#article","isPartOf":{"@id":"http:\/\/e-ciftlik.com\/haberler\/spor\/forest-city-kritik-mucadele\/"},"author":{"name":"Haber Merkezi","@id":"https:\/\/e-ciftlik.com\/haberler\/#\/schema\/person\/d2f4fee3143d7f72be82cb887d51b00a"},"headline":"&#8220;Forest-City Kritik M\u00fccadele!&#8221;","datePublished":"2025-03-09T01:53:06+00:00","mainEntityOfPage":{"@id":"http:\/\/e-ciftlik.com\/haberler\/spor\/forest-city-kritik-mucadele\/"},"wordCount":309,"commentCount":0,"publisher":{"@id":"https:\/\/e-ciftlik.com\/haberler\/#organization"},"image":{"@id":"http:\/\/e-ciftlik.com\/haberler\/spor\/forest-city-kritik-mucadele\/#primaryimage"},"thumbnailUrl":"http:\/\/e-ciftlik.com\/haberler\/wp-content\/uploads\/2025\/03\/nottingham-forest-manchester-city-maci-hangi-kanalda-ne-zaman-ve-saat-kacta-ingiltere-premier-lig-17.jpeg","articleSection":["Spor"],"inLanguage":"tr","potentialAction":[{"@type":"CommentAction","name":"Comment","target":["http:\/\/e-ciftlik.com\/haberler\/spor\/forest-city-kritik-mucadele\/#respond"]}]},{"@type":"WebPage","@id":"http:\/\/e-ciftlik.com\/haberler\/spor\/forest-city-kritik-mucadele\/","url":"http:\/\/e-ciftlik.com\/haberler\/spor\/forest-city-kritik-mucadele\/","name":"\"Forest-City Kritik M\u00fccadele!\" - E-&Ccedil;\u0130FTL\u0130K HABER","isPartOf":{"@id":"https:\/\/e-ciftlik.com\/haberler\/#website"},"primaryImageOfPage":{"@id":"http:\/\/e-ciftlik.com\/haberler\/spor\/forest-city-kritik-mucadele\/#primaryimage"},"image":{"@id":"http:\/\/e-ciftlik.com\/haberler\/spor\/forest-city-kritik-mucadele\/#primaryimage"},"thumbnailUrl":"http:\/\/e-ciftlik.com\/haberler\/wp-content\/uploads\/2025\/03\/nottingham-forest-manchester-city-maci-hangi-kanalda-ne-zaman-ve-saat-kacta-ingiltere-premier-lig-17.jpeg","datePublished":"2025-03-09T01:53:06+00:00","description":"\u0130ngiltere Premier Lig\u2019in 28. haftas\u0131nda futbolseverleri heyecan dolu bir m\u00fccadele bekliyor. Nottingham Forest sahas\u0131nda Manchester City\u2019yi a\u011f\u0131rlayacak.","breadcrumb":{"@id":"http:\/\/e-ciftlik.com\/haberler\/spor\/forest-city-kritik-mucadele\/#breadcrumb"},"inLanguage":"tr","potentialAction":[{"@type":"ReadAction","target":["http:\/\/e-ciftlik.com\/haberler\/spor\/forest-city-kritik-mucadele\/"]}]},{"@type":"ImageObject","inLanguage":"tr","@id":"http:\/\/e-ciftlik.com\/haberler\/spor\/forest-city-kritik-mucadele\/#primaryimage","url":"http:\/\/e-ciftlik.com\/haberler\/wp-content\/uploads\/2025\/03\/nottingham-forest-manchester-city-maci-hangi-kanalda-ne-zaman-ve-saat-kacta-ingiltere-premier-lig-17.jpeg","contentUrl":"http:\/\/e-ciftlik.com\/haberler\/wp-content\/uploads\/2025\/03\/nottingham-forest-manchester-city-maci-hangi-kanalda-ne-zaman-ve-saat-kacta-ingiltere-premier-lig-17.jpeg","width":1200,"height":675},{"@type":"BreadcrumbList","@id":"http:\/\/e-ciftlik.com\/haberler\/spor\/forest-city-kritik-mucadele\/#breadcrumb","itemListElement":[{"@type":"ListItem","position":1,"name":"Anasayfa","item":"https:\/\/e-ciftlik.com\/haberler\/"},{"@type":"ListItem","position":2,"name":"&#8220;Forest-City Kritik M\u00fccadele!&#8221;"}]},{"@type":"WebSite","@id":"https:\/\/e-ciftlik.com\/haberler\/#website","url":"https:\/\/e-ciftlik.com\/haberler\/","name":"E-\u00c7iftlik Haber | G\u00fcncel, Son Dakika Haberler, En Son Haber","description":"","publisher":{"@id":"https:\/\/e-ciftlik.com\/haberler\/#organization"},"potentialAction":[{"@type":"SearchAction","target":{"@type":"EntryPoint","urlTemplate":"https:\/\/e-ciftlik.com\/haberler\/?s={search_term_string}"},"query-input":{"@type":"PropertyValueSpecification","valueRequired":true,"valueName":"search_term_string"}}],"inLanguage":"tr"},{"@type":"Organization","@id":"https:\/\/e-ciftlik.com\/haberler\/#organization","name":"E-\u00c7\u0130FTL\u0130K HABER","url":"https:\/\/e-ciftlik.com\/haberler\/","logo":{"@type":"ImageObject","inLanguage":"tr","@id":"https:\/\/e-ciftlik.com\/haberler\/#\/schema\/logo\/image\/","url":"http:\/\/e-ciftlik.com\/haberler\/wp-content\/uploads\/2024\/06\/cropped-cropped-favicon-1-2.png","contentUrl":"http:\/\/e-ciftlik.com\/haberler\/wp-content\/uploads\/2024\/06\/cropped-cropped-favicon-1-2.png","width":512,"height":512,"caption":"E-\u00c7\u0130FTL\u0130K HABER"},"image":{"@id":"https:\/\/e-ciftlik.com\/haberler\/#\/schema\/logo\/image\/"},"sameAs":["https:\/\/www.facebook.com\/eciftlikturkiye","https:\/\/x.com\/eciftlikresmi","https:\/\/www.instagram.com\/eciftlikresmi\/"]},{"@type":"Person","@id":"https:\/\/e-ciftlik.com\/haberler\/#\/schema\/person\/d2f4fee3143d7f72be82cb887d51b00a","name":"Haber Merkezi","image":{"@type":"ImageObject","inLanguage":"tr","@id":"https:\/\/secure.gravatar.com\/avatar\/6c27d641914e66c1d0452c92716002398782818991d86db1c2cccb531e7c7c82?s=96&d=mm&r=g","url":"https:\/\/secure.gravatar.com\/avatar\/6c27d641914e66c1d0452c92716002398782818991d86db1c2cccb531e7c7c82?s=96&d=mm&r=g","contentUrl":"https:\/\/secure.gravatar.com\/avatar\/6c27d641914e66c1d0452c92716002398782818991d86db1c2cccb531e7c7c82?s=96&d=mm&r=g","caption":"Haber Merkezi"},"sameAs":["http:\/\/e-ciftlik.com\/haberler"]}]}},"_links":{"self":[{"href":"http:\/\/e-ciftlik.com\/haberler\/wp-json\/wp\/v2\/posts\/85049","targetHints":{"allow":["GET"]}}],"collection":[{"href":"http:\/\/e-ciftlik.com\/haberler\/wp-json\/wp\/v2\/posts"}],"about":[{"href":"http:\/\/e-ciftlik.com\/haberler\/wp-json\/wp\/v2\/types\/post"}],"author":[{"embeddable":true,"href":"http:\/\/e-ciftlik.com\/haberler\/wp-json\/wp\/v2\/users\/1"}],"replies":[{"embeddable":true,"href":"http:\/\/e-ciftlik.com\/haberler\/wp-json\/wp\/v2\/comments?post=85049"}],"version-history":[{"count":0,"href":"http:\/\/e-ciftlik.com\/haberler\/wp-json\/wp\/v2\/posts\/85049\/revisions"}],"wp:featuredmedia":[{"embeddable":true,"href":"http:\/\/e-ciftlik.com\/haberler\/wp-json\/wp\/v2\/media\/85050"}],"wp:attachment":[{"href":"http:\/\/e-ciftlik.com\/haberler\/wp-json\/wp\/v2\/media?parent=85049"}],"wp:term":[{"taxonomy":"category","embeddable":true,"href":"http:\/\/e-ciftlik.com\/haberler\/wp-json\/wp\/v2\/categories?post=85049"},{"taxonomy":"post_tag","embeddable":true,"href":"http:\/\/e-ciftlik.com\/haberler\/wp-json\/wp\/v2\/tags?post=85049"}],"curies":[{"name":"wp","href":"https:\/\/api.w.org\/{rel}","templated":true}]}}