{"id":85054,"date":"2025-03-09T02:26:23","date_gmt":"2025-03-09T02:26:23","guid":{"rendered":"https:\/\/e-ciftlik.com\/haberler\/spor\/premier-ligde-brighton-fulham-maci-yayin-bilgileri-son-dakika-olay-yeri-haberleri-sizleri-sasirtacak-skandal-haber-gundemi-sarsan-icerik-ortaya-cikti\/"},"modified":"2025-03-09T02:26:23","modified_gmt":"2025-03-09T02:26:23","slug":"premier-ligde-brighton-fulham-maci-yayin-bilgileri-son-dakika-olay-yeri-haberleri-sizleri-sasirtacak-skandal-haber-gundemi-sarsan-icerik-ortaya-cikti","status":"publish","type":"post","link":"http:\/\/e-ciftlik.com\/haberler\/spor\/premier-ligde-brighton-fulham-maci-yayin-bilgileri-son-dakika-olay-yeri-haberleri-sizleri-sasirtacak-skandal-haber-gundemi-sarsan-icerik-ortaya-cikti\/","title":{"rendered":"&#8220;Premier Lig&#8217;de Brighton-Fulham Ma\u00e7\u0131 Yay\u0131n Bilgileri&#8221; &#8220;Son Dakika: Olay Yeri Haberleri Sizleri \u015ea\u015f\u0131rtacak!&#8221; &#8220;Skandal Haber! G\u00fcndemi Sarsan \u0130\u00e7erik Ortaya \u00c7\u0131kt\u0131&#8221;"},"content":{"rendered":"<p> \u0130ngiltere Premier Lig&#8217;de heyecan devam ediyor. Brighton sahas\u0131nda Fulham&#8217;\u0131 konuk edecek. \u0130ki tak\u0131m da sahadan 3 puanla ayr\u0131lmak istiyor. M\u00fccadele \u00f6ncesinde merak edilen konular aras\u0131nda ma\u00e7\u0131n yay\u0131n saati, kanal\u0131 ve muhtemel 11&#8217;leri de yer al\u0131yor.<\/p>\n<p>Futbol Haberleri<\/p>\n<p>Yay\u0131n Tarihi: 08.03.2025- 13:54<\/p>\n<p>\u0130ngiltere Premier Lig&#8217;in 28. hafta ma\u00e7\u0131nda Brighton sahas\u0131nda Fulham&#8217;\u0131 konuk edecek. Kazanmak isteyen iki tak\u0131m\u0131n m\u00fccadelesiyle ilgili t\u00fcm detaylar futbolseverler taraf\u0131ndan merak ediliyor. Peki, Brighton-Fulham ma\u00e7\u0131 ne zaman, saat ka\u00e7ta ve hangi kanalda canl\u0131 yay\u0131nlanacak?<\/p>\n<p>BRIGHTON-FULHAM<\/p>\n<p>MA\u00c7I NE ZAMAN, SAAT KA\u00c7TA VE HANG\u0130 KANALDA CANLI YAYINLANACAK?<\/p>\n<p>Brighton-Fulham ma\u00e7\u0131 8 Mart Cumartesi g\u00fcn\u00fc saat 18.00&#8217;de oynanacak. Kar\u015f\u0131la\u015fma beIN Sports MAX 1 ekranlar\u0131ndan canl\u0131 yay\u0131nlanacak.<\/p>\n<p>\ud83d\udc49 Profitrol tad\u0131nda F\u0130T YULAF tarifi i\u00e7in t\u0131klay\u0131n \ud83d\udc48 Son zamanlarda, T\u00fcrkiye&#8217;de h\u0131zla artan Covid-19 vakalar\u0131yla birlikte, Sa\u011fl\u0131k Bakanl\u0131\u011f\u0131 taraf\u0131ndan al\u0131nan yeni \u00f6nlemler dikkat \u00e7ekiyor. Bakanl\u0131k, salg\u0131n\u0131n kontrol alt\u0131na al\u0131nmas\u0131 ve yay\u0131lmas\u0131n\u0131n \u00f6nlenmesi amac\u0131yla kapsaml\u0131 bir tedbir paketi a\u00e7\u0131klad\u0131.<\/p>\n<p>Buna g\u00f6re, T\u00fcrkiye genelinde hafta sonlar\u0131 uygulanan soka\u011fa \u00e7\u0131kma k\u0131s\u0131tlamas\u0131 art\u0131k hafta i\u00e7i de ge\u00e7erli olacak. Pazartesi-Cuma g\u00fcnleri 21.00 ile 05.00 saatleri aras\u0131nda soka\u011fa \u00e7\u0131kma k\u0131s\u0131tlamas\u0131 uygulanacak. Ayr\u0131ca, restoran, kafe ve benzeri i\u015fletmeler hafta i\u00e7i 19.00&#8217;da kapanacak.<\/p>\n<p>Sa\u011fl\u0131k Bakan\u0131, vaka say\u0131lar\u0131n\u0131n kontrol alt\u0131na al\u0131nmas\u0131 i\u00e7in bu t\u00fcr s\u0131k\u0131 tedbirlerin \u015fu anda ka\u00e7\u0131n\u0131lmaz oldu\u011funu belirtti. Vatanda\u015flardan da kurallara uymalar\u0131 ve sosyal mesafe ile hijyen kurallar\u0131na dikkat etmeleri istendi.<\/p>\n<p>\u00d6te yandan, a\u015f\u0131 \u00e7al\u0131\u015fmalar\u0131 h\u0131zla devam ederken, T\u00fcrkiye genelinde a\u015f\u0131lama \u00e7al\u0131\u015fmalar\u0131 da yo\u011fun bir \u015fekilde s\u00fcrd\u00fcr\u00fcl\u00fcyor. \u015eu ana kadar belirlenen \u00f6ncelikli gruplara a\u015f\u0131 uygulamas\u0131 yap\u0131l\u0131rken, hedef n\u00fcfusun tamam\u0131n\u0131n a\u015f\u0131lanmas\u0131 i\u00e7in \u00e7al\u0131\u015fmalar devam ediyor. T\u00fcrkiye&#8217;nin en b\u00fcy\u00fck \u015fehirlerinden biri olan \u0130stanbul&#8217;un Ka\u011f\u0131thane il\u00e7esinde bulunan bir apartmanda yang\u0131n \u00e7\u0131kt\u0131. Yang\u0131n, 27 Temmuz Sal\u0131 g\u00fcn\u00fc saat 14.30 s\u0131ralar\u0131nda meydana geldi. Apartman sakinlerinin haber vermesi \u00fczerine olay yerine itfaiye ekipleri sevk edildi.<\/p>\n<p>Yang\u0131n nedeniyle apartmanda k\u0131sa s\u00fcreli panik ya\u015fan\u0131rken, itfaiye ekipleri h\u0131zla m\u00fcdahale etti. Ekiplerin yakla\u015f\u0131k 1 saat s\u00fcren \u00e7al\u0131\u015fmas\u0131 sonucunda yang\u0131n kontrol alt\u0131na al\u0131nd\u0131. Yang\u0131nda \u00f6len ya da yaralanan olmazken, apartmanda maddi hasar meydana geldi.<\/p>\n<p>Yang\u0131n\u0131n \u00e7\u0131k\u0131\u015f nedeni hen\u00fcz belirlenemezken, polis ekipleri olayla ilgili soru\u015fturma ba\u015flatt\u0131. Apartmanda ya\u015fayanlar ise korku dolu anlar ya\u015fad\u0131klar\u0131n\u0131 belirtti. Yang\u0131n\u0131n \u00e7\u0131k\u0131\u015f sebebi ile ilgili yap\u0131lacak olan incelemenin ard\u0131ndan kesin bir sonuca var\u0131lmas\u0131 bekleniyor.<\/p>\n","protected":false},"excerpt":{"rendered":"<p>\u0130ngiltere Premier Lig&#8217;de heyecan devam ediyor. Brighton sahas\u0131nda Fulham&#8217;\u0131 konuk edecek. \u0130ki tak\u0131m da sahadan&hellip;<\/p>\n","protected":false},"author":1,"featured_media":85055,"comment_status":"open","ping_status":"open","sticky":false,"template":"","format":"standard","meta":{"footnotes":""},"categories":[7],"tags":[],"class_list":["post-85054","post","type-post","status-publish","format-standard","has-post-thumbnail","hentry","category-spor"],"yoast_head":"<!-- This site is optimized with the Yoast SEO Premium plugin v24.3 (Yoast SEO v27.4) - https:\/\/yoast.com\/product\/yoast-seo-premium-wordpress\/ -->\n<title>&quot;Premier Lig&#039;de Brighton-Fulham Ma\u00e7\u0131 Yay\u0131n Bilgileri&quot; &quot;Son Dakika: Olay Yeri Haberleri Sizleri \u015ea\u015f\u0131rtacak!&quot; &quot;Skandal Haber! G\u00fcndemi Sarsan \u0130\u00e7erik Ortaya \u00c7\u0131kt\u0131&quot; - E-&Ccedil;\u0130FTL\u0130K HABER<\/title>\n<meta name=\"description\" content=\"\u0130ngiltere Premier Lig&#039;de heyecan devam ediyor. Brighton sahas\u0131nda Fulham&#039;\u0131 konuk edecek. \u0130ki tak\u0131m da sahadan 3 puanla ayr\u0131lmak istiyor. M\u00fccadele\" \/>\n<meta name=\"robots\" content=\"index, follow, max-snippet:-1, max-image-preview:large, max-video-preview:-1\" \/>\n<link rel=\"canonical\" href=\"http:\/\/e-ciftlik.com\/haberler\/spor\/premier-ligde-brighton-fulham-maci-yayin-bilgileri-son-dakika-olay-yeri-haberleri-sizleri-sasirtacak-skandal-haber-gundemi-sarsan-icerik-ortaya-cikti\/\" \/>\n<meta property=\"og:locale\" content=\"tr_TR\" \/>\n<meta property=\"og:type\" content=\"article\" \/>\n<meta property=\"og:title\" content=\"&quot;Premier Lig&#039;de Brighton-Fulham Ma\u00e7\u0131 Yay\u0131n Bilgileri&quot; &quot;Son Dakika: Olay Yeri Haberleri Sizleri \u015ea\u015f\u0131rtacak!&quot; &quot;Skandal Haber! G\u00fcndemi Sarsan \u0130\u00e7erik Ortaya \u00c7\u0131kt\u0131&quot;\" \/>\n<meta property=\"og:description\" content=\"\u0130ngiltere Premier Lig&#039;de heyecan devam ediyor. Brighton sahas\u0131nda Fulham&#039;\u0131 konuk edecek. \u0130ki tak\u0131m da sahadan 3 puanla ayr\u0131lmak istiyor. M\u00fccadele\" \/>\n<meta property=\"og:url\" content=\"http:\/\/e-ciftlik.com\/haberler\/spor\/premier-ligde-brighton-fulham-maci-yayin-bilgileri-son-dakika-olay-yeri-haberleri-sizleri-sasirtacak-skandal-haber-gundemi-sarsan-icerik-ortaya-cikti\/\" \/>\n<meta property=\"og:site_name\" content=\"E-&Ccedil;\u0130FTL\u0130K HABER\" \/>\n<meta property=\"article:publisher\" content=\"https:\/\/www.facebook.com\/eciftlikturkiye\" \/>\n<meta property=\"article:published_time\" content=\"2025-03-09T02:26:23+00:00\" \/>\n<meta property=\"og:image\" content=\"http:\/\/e-ciftlik.com\/haberler\/wp-content\/uploads\/2025\/03\/brighton-fulham-maci-ne-zaman-saat-kacta-ve-hangi-kanalda-ingiltere-premier-lig-1741368081629.jpg\" \/>\n\t<meta property=\"og:image:width\" content=\"1200\" \/>\n\t<meta property=\"og:image:height\" content=\"675\" \/>\n\t<meta property=\"og:image:type\" content=\"image\/jpeg\" \/>\n<meta name=\"author\" content=\"Haber Merkezi\" \/>\n<meta name=\"twitter:card\" content=\"summary_large_image\" \/>\n<meta name=\"twitter:creator\" content=\"@eciftlikresmi\" \/>\n<meta name=\"twitter:site\" content=\"@eciftlikresmi\" \/>\n<meta name=\"twitter:label1\" content=\"Yazan:\" \/>\n\t<meta name=\"twitter:data1\" content=\"Haber Merkezi\" \/>\n\t<meta name=\"twitter:label2\" content=\"Tahmini okuma s\u00fcresi\" \/>\n\t<meta name=\"twitter:data2\" content=\"2 dakika\" \/>\n<script type=\"application\/ld+json\" class=\"yoast-schema-graph\">{\"@context\":\"https:\\\/\\\/schema.org\",\"@graph\":[{\"@type\":\"NewsArticle\",\"@id\":\"http:\\\/\\\/e-ciftlik.com\\\/haberler\\\/spor\\\/premier-ligde-brighton-fulham-maci-yayin-bilgileri-son-dakika-olay-yeri-haberleri-sizleri-sasirtacak-skandal-haber-gundemi-sarsan-icerik-ortaya-cikti\\\/#article\",\"isPartOf\":{\"@id\":\"http:\\\/\\\/e-ciftlik.com\\\/haberler\\\/spor\\\/premier-ligde-brighton-fulham-maci-yayin-bilgileri-son-dakika-olay-yeri-haberleri-sizleri-sasirtacak-skandal-haber-gundemi-sarsan-icerik-ortaya-cikti\\\/\"},\"author\":{\"name\":\"Haber Merkezi\",\"@id\":\"https:\\\/\\\/e-ciftlik.com\\\/haberler\\\/#\\\/schema\\\/person\\\/d2f4fee3143d7f72be82cb887d51b00a\"},\"headline\":\"&#8220;Premier Lig&#8217;de Brighton-Fulham Ma\u00e7\u0131 Yay\u0131n Bilgileri&#8221; &#8220;Son Dakika: Olay Yeri Haberleri Sizleri \u015ea\u015f\u0131rtacak!&#8221; &#8220;Skandal Haber! G\u00fcndemi Sarsan \u0130\u00e7erik Ortaya \u00c7\u0131kt\u0131&#8221;\",\"datePublished\":\"2025-03-09T02:26:23+00:00\",\"mainEntityOfPage\":{\"@id\":\"http:\\\/\\\/e-ciftlik.com\\\/haberler\\\/spor\\\/premier-ligde-brighton-fulham-maci-yayin-bilgileri-son-dakika-olay-yeri-haberleri-sizleri-sasirtacak-skandal-haber-gundemi-sarsan-icerik-ortaya-cikti\\\/\"},\"wordCount\":496,\"commentCount\":0,\"publisher\":{\"@id\":\"https:\\\/\\\/e-ciftlik.com\\\/haberler\\\/#organization\"},\"image\":{\"@id\":\"http:\\\/\\\/e-ciftlik.com\\\/haberler\\\/spor\\\/premier-ligde-brighton-fulham-maci-yayin-bilgileri-son-dakika-olay-yeri-haberleri-sizleri-sasirtacak-skandal-haber-gundemi-sarsan-icerik-ortaya-cikti\\\/#primaryimage\"},\"thumbnailUrl\":\"http:\\\/\\\/e-ciftlik.com\\\/haberler\\\/wp-content\\\/uploads\\\/2025\\\/03\\\/brighton-fulham-maci-ne-zaman-saat-kacta-ve-hangi-kanalda-ingiltere-premier-lig-1741368081629.jpg\",\"articleSection\":[\"Spor\"],\"inLanguage\":\"tr\",\"potentialAction\":[{\"@type\":\"CommentAction\",\"name\":\"Comment\",\"target\":[\"http:\\\/\\\/e-ciftlik.com\\\/haberler\\\/spor\\\/premier-ligde-brighton-fulham-maci-yayin-bilgileri-son-dakika-olay-yeri-haberleri-sizleri-sasirtacak-skandal-haber-gundemi-sarsan-icerik-ortaya-cikti\\\/#respond\"]}]},{\"@type\":\"WebPage\",\"@id\":\"http:\\\/\\\/e-ciftlik.com\\\/haberler\\\/spor\\\/premier-ligde-brighton-fulham-maci-yayin-bilgileri-son-dakika-olay-yeri-haberleri-sizleri-sasirtacak-skandal-haber-gundemi-sarsan-icerik-ortaya-cikti\\\/\",\"url\":\"http:\\\/\\\/e-ciftlik.com\\\/haberler\\\/spor\\\/premier-ligde-brighton-fulham-maci-yayin-bilgileri-son-dakika-olay-yeri-haberleri-sizleri-sasirtacak-skandal-haber-gundemi-sarsan-icerik-ortaya-cikti\\\/\",\"name\":\"\\\"Premier Lig'de Brighton-Fulham Ma\u00e7\u0131 Yay\u0131n Bilgileri\\\" \\\"Son Dakika: Olay Yeri Haberleri Sizleri \u015ea\u015f\u0131rtacak!\\\" \\\"Skandal Haber! G\u00fcndemi Sarsan \u0130\u00e7erik Ortaya \u00c7\u0131kt\u0131\\\" - E-&Ccedil;\u0130FTL\u0130K HABER\",\"isPartOf\":{\"@id\":\"https:\\\/\\\/e-ciftlik.com\\\/haberler\\\/#website\"},\"primaryImageOfPage\":{\"@id\":\"http:\\\/\\\/e-ciftlik.com\\\/haberler\\\/spor\\\/premier-ligde-brighton-fulham-maci-yayin-bilgileri-son-dakika-olay-yeri-haberleri-sizleri-sasirtacak-skandal-haber-gundemi-sarsan-icerik-ortaya-cikti\\\/#primaryimage\"},\"image\":{\"@id\":\"http:\\\/\\\/e-ciftlik.com\\\/haberler\\\/spor\\\/premier-ligde-brighton-fulham-maci-yayin-bilgileri-son-dakika-olay-yeri-haberleri-sizleri-sasirtacak-skandal-haber-gundemi-sarsan-icerik-ortaya-cikti\\\/#primaryimage\"},\"thumbnailUrl\":\"http:\\\/\\\/e-ciftlik.com\\\/haberler\\\/wp-content\\\/uploads\\\/2025\\\/03\\\/brighton-fulham-maci-ne-zaman-saat-kacta-ve-hangi-kanalda-ingiltere-premier-lig-1741368081629.jpg\",\"datePublished\":\"2025-03-09T02:26:23+00:00\",\"description\":\"\u0130ngiltere Premier Lig'de heyecan devam ediyor. Brighton sahas\u0131nda Fulham'\u0131 konuk edecek. \u0130ki tak\u0131m da sahadan 3 puanla ayr\u0131lmak istiyor. M\u00fccadele\",\"breadcrumb\":{\"@id\":\"http:\\\/\\\/e-ciftlik.com\\\/haberler\\\/spor\\\/premier-ligde-brighton-fulham-maci-yayin-bilgileri-son-dakika-olay-yeri-haberleri-sizleri-sasirtacak-skandal-haber-gundemi-sarsan-icerik-ortaya-cikti\\\/#breadcrumb\"},\"inLanguage\":\"tr\",\"potentialAction\":[{\"@type\":\"ReadAction\",\"target\":[\"http:\\\/\\\/e-ciftlik.com\\\/haberler\\\/spor\\\/premier-ligde-brighton-fulham-maci-yayin-bilgileri-son-dakika-olay-yeri-haberleri-sizleri-sasirtacak-skandal-haber-gundemi-sarsan-icerik-ortaya-cikti\\\/\"]}]},{\"@type\":\"ImageObject\",\"inLanguage\":\"tr\",\"@id\":\"http:\\\/\\\/e-ciftlik.com\\\/haberler\\\/spor\\\/premier-ligde-brighton-fulham-maci-yayin-bilgileri-son-dakika-olay-yeri-haberleri-sizleri-sasirtacak-skandal-haber-gundemi-sarsan-icerik-ortaya-cikti\\\/#primaryimage\",\"url\":\"http:\\\/\\\/e-ciftlik.com\\\/haberler\\\/wp-content\\\/uploads\\\/2025\\\/03\\\/brighton-fulham-maci-ne-zaman-saat-kacta-ve-hangi-kanalda-ingiltere-premier-lig-1741368081629.jpg\",\"contentUrl\":\"http:\\\/\\\/e-ciftlik.com\\\/haberler\\\/wp-content\\\/uploads\\\/2025\\\/03\\\/brighton-fulham-maci-ne-zaman-saat-kacta-ve-hangi-kanalda-ingiltere-premier-lig-1741368081629.jpg\",\"width\":1200,\"height\":675},{\"@type\":\"BreadcrumbList\",\"@id\":\"http:\\\/\\\/e-ciftlik.com\\\/haberler\\\/spor\\\/premier-ligde-brighton-fulham-maci-yayin-bilgileri-son-dakika-olay-yeri-haberleri-sizleri-sasirtacak-skandal-haber-gundemi-sarsan-icerik-ortaya-cikti\\\/#breadcrumb\",\"itemListElement\":[{\"@type\":\"ListItem\",\"position\":1,\"name\":\"Anasayfa\",\"item\":\"https:\\\/\\\/e-ciftlik.com\\\/haberler\\\/\"},{\"@type\":\"ListItem\",\"position\":2,\"name\":\"&#8220;Premier Lig&#8217;de Brighton-Fulham Ma\u00e7\u0131 Yay\u0131n Bilgileri&#8221; &#8220;Son Dakika: Olay Yeri Haberleri Sizleri \u015ea\u015f\u0131rtacak!&#8221; &#8220;Skandal Haber! G\u00fcndemi Sarsan \u0130\u00e7erik Ortaya \u00c7\u0131kt\u0131&#8221;\"}]},{\"@type\":\"WebSite\",\"@id\":\"https:\\\/\\\/e-ciftlik.com\\\/haberler\\\/#website\",\"url\":\"https:\\\/\\\/e-ciftlik.com\\\/haberler\\\/\",\"name\":\"E-\u00c7iftlik Haber | G\u00fcncel, Son Dakika Haberler, En Son Haber\",\"description\":\"\",\"publisher\":{\"@id\":\"https:\\\/\\\/e-ciftlik.com\\\/haberler\\\/#organization\"},\"potentialAction\":[{\"@type\":\"SearchAction\",\"target\":{\"@type\":\"EntryPoint\",\"urlTemplate\":\"https:\\\/\\\/e-ciftlik.com\\\/haberler\\\/?s={search_term_string}\"},\"query-input\":{\"@type\":\"PropertyValueSpecification\",\"valueRequired\":true,\"valueName\":\"search_term_string\"}}],\"inLanguage\":\"tr\"},{\"@type\":\"Organization\",\"@id\":\"https:\\\/\\\/e-ciftlik.com\\\/haberler\\\/#organization\",\"name\":\"E-\u00c7\u0130FTL\u0130K HABER\",\"url\":\"https:\\\/\\\/e-ciftlik.com\\\/haberler\\\/\",\"logo\":{\"@type\":\"ImageObject\",\"inLanguage\":\"tr\",\"@id\":\"https:\\\/\\\/e-ciftlik.com\\\/haberler\\\/#\\\/schema\\\/logo\\\/image\\\/\",\"url\":\"http:\\\/\\\/e-ciftlik.com\\\/haberler\\\/wp-content\\\/uploads\\\/2024\\\/06\\\/cropped-cropped-favicon-1-2.png\",\"contentUrl\":\"http:\\\/\\\/e-ciftlik.com\\\/haberler\\\/wp-content\\\/uploads\\\/2024\\\/06\\\/cropped-cropped-favicon-1-2.png\",\"width\":512,\"height\":512,\"caption\":\"E-\u00c7\u0130FTL\u0130K HABER\"},\"image\":{\"@id\":\"https:\\\/\\\/e-ciftlik.com\\\/haberler\\\/#\\\/schema\\\/logo\\\/image\\\/\"},\"sameAs\":[\"https:\\\/\\\/www.facebook.com\\\/eciftlikturkiye\",\"https:\\\/\\\/x.com\\\/eciftlikresmi\",\"https:\\\/\\\/www.instagram.com\\\/eciftlikresmi\\\/\"]},{\"@type\":\"Person\",\"@id\":\"https:\\\/\\\/e-ciftlik.com\\\/haberler\\\/#\\\/schema\\\/person\\\/d2f4fee3143d7f72be82cb887d51b00a\",\"name\":\"Haber Merkezi\",\"image\":{\"@type\":\"ImageObject\",\"inLanguage\":\"tr\",\"@id\":\"https:\\\/\\\/secure.gravatar.com\\\/avatar\\\/6c27d641914e66c1d0452c92716002398782818991d86db1c2cccb531e7c7c82?s=96&d=mm&r=g\",\"url\":\"https:\\\/\\\/secure.gravatar.com\\\/avatar\\\/6c27d641914e66c1d0452c92716002398782818991d86db1c2cccb531e7c7c82?s=96&d=mm&r=g\",\"contentUrl\":\"https:\\\/\\\/secure.gravatar.com\\\/avatar\\\/6c27d641914e66c1d0452c92716002398782818991d86db1c2cccb531e7c7c82?s=96&d=mm&r=g\",\"caption\":\"Haber Merkezi\"},\"sameAs\":[\"http:\\\/\\\/e-ciftlik.com\\\/haberler\"]}]}<\/script>\n<!-- \/ Yoast SEO Premium plugin. -->","yoast_head_json":{"title":"\"Premier Lig'de Brighton-Fulham Ma\u00e7\u0131 Yay\u0131n Bilgileri\" \"Son Dakika: Olay Yeri Haberleri Sizleri \u015ea\u015f\u0131rtacak!\" \"Skandal Haber! G\u00fcndemi Sarsan \u0130\u00e7erik Ortaya \u00c7\u0131kt\u0131\" - E-&Ccedil;\u0130FTL\u0130K HABER","description":"\u0130ngiltere Premier Lig'de heyecan devam ediyor. Brighton sahas\u0131nda Fulham'\u0131 konuk edecek. \u0130ki tak\u0131m da sahadan 3 puanla ayr\u0131lmak istiyor. M\u00fccadele","robots":{"index":"index","follow":"follow","max-snippet":"max-snippet:-1","max-image-preview":"max-image-preview:large","max-video-preview":"max-video-preview:-1"},"canonical":"http:\/\/e-ciftlik.com\/haberler\/spor\/premier-ligde-brighton-fulham-maci-yayin-bilgileri-son-dakika-olay-yeri-haberleri-sizleri-sasirtacak-skandal-haber-gundemi-sarsan-icerik-ortaya-cikti\/","og_locale":"tr_TR","og_type":"article","og_title":"\"Premier Lig'de Brighton-Fulham Ma\u00e7\u0131 Yay\u0131n Bilgileri\" \"Son Dakika: Olay Yeri Haberleri Sizleri \u015ea\u015f\u0131rtacak!\" \"Skandal Haber! G\u00fcndemi Sarsan \u0130\u00e7erik Ortaya \u00c7\u0131kt\u0131\"","og_description":"\u0130ngiltere Premier Lig'de heyecan devam ediyor. Brighton sahas\u0131nda Fulham'\u0131 konuk edecek. \u0130ki tak\u0131m da sahadan 3 puanla ayr\u0131lmak istiyor. M\u00fccadele","og_url":"http:\/\/e-ciftlik.com\/haberler\/spor\/premier-ligde-brighton-fulham-maci-yayin-bilgileri-son-dakika-olay-yeri-haberleri-sizleri-sasirtacak-skandal-haber-gundemi-sarsan-icerik-ortaya-cikti\/","og_site_name":"E-&Ccedil;\u0130FTL\u0130K HABER","article_publisher":"https:\/\/www.facebook.com\/eciftlikturkiye","article_published_time":"2025-03-09T02:26:23+00:00","og_image":[{"width":1200,"height":675,"url":"http:\/\/e-ciftlik.com\/haberler\/wp-content\/uploads\/2025\/03\/brighton-fulham-maci-ne-zaman-saat-kacta-ve-hangi-kanalda-ingiltere-premier-lig-1741368081629.jpg","type":"image\/jpeg"}],"author":"Haber Merkezi","twitter_card":"summary_large_image","twitter_creator":"@eciftlikresmi","twitter_site":"@eciftlikresmi","twitter_misc":{"Yazan:":"Haber Merkezi","Tahmini okuma s\u00fcresi":"2 dakika"},"schema":{"@context":"https:\/\/schema.org","@graph":[{"@type":"NewsArticle","@id":"http:\/\/e-ciftlik.com\/haberler\/spor\/premier-ligde-brighton-fulham-maci-yayin-bilgileri-son-dakika-olay-yeri-haberleri-sizleri-sasirtacak-skandal-haber-gundemi-sarsan-icerik-ortaya-cikti\/#article","isPartOf":{"@id":"http:\/\/e-ciftlik.com\/haberler\/spor\/premier-ligde-brighton-fulham-maci-yayin-bilgileri-son-dakika-olay-yeri-haberleri-sizleri-sasirtacak-skandal-haber-gundemi-sarsan-icerik-ortaya-cikti\/"},"author":{"name":"Haber Merkezi","@id":"https:\/\/e-ciftlik.com\/haberler\/#\/schema\/person\/d2f4fee3143d7f72be82cb887d51b00a"},"headline":"&#8220;Premier Lig&#8217;de Brighton-Fulham Ma\u00e7\u0131 Yay\u0131n Bilgileri&#8221; &#8220;Son Dakika: Olay Yeri Haberleri Sizleri \u015ea\u015f\u0131rtacak!&#8221; &#8220;Skandal Haber! G\u00fcndemi Sarsan \u0130\u00e7erik Ortaya \u00c7\u0131kt\u0131&#8221;","datePublished":"2025-03-09T02:26:23+00:00","mainEntityOfPage":{"@id":"http:\/\/e-ciftlik.com\/haberler\/spor\/premier-ligde-brighton-fulham-maci-yayin-bilgileri-son-dakika-olay-yeri-haberleri-sizleri-sasirtacak-skandal-haber-gundemi-sarsan-icerik-ortaya-cikti\/"},"wordCount":496,"commentCount":0,"publisher":{"@id":"https:\/\/e-ciftlik.com\/haberler\/#organization"},"image":{"@id":"http:\/\/e-ciftlik.com\/haberler\/spor\/premier-ligde-brighton-fulham-maci-yayin-bilgileri-son-dakika-olay-yeri-haberleri-sizleri-sasirtacak-skandal-haber-gundemi-sarsan-icerik-ortaya-cikti\/#primaryimage"},"thumbnailUrl":"http:\/\/e-ciftlik.com\/haberler\/wp-content\/uploads\/2025\/03\/brighton-fulham-maci-ne-zaman-saat-kacta-ve-hangi-kanalda-ingiltere-premier-lig-1741368081629.jpg","articleSection":["Spor"],"inLanguage":"tr","potentialAction":[{"@type":"CommentAction","name":"Comment","target":["http:\/\/e-ciftlik.com\/haberler\/spor\/premier-ligde-brighton-fulham-maci-yayin-bilgileri-son-dakika-olay-yeri-haberleri-sizleri-sasirtacak-skandal-haber-gundemi-sarsan-icerik-ortaya-cikti\/#respond"]}]},{"@type":"WebPage","@id":"http:\/\/e-ciftlik.com\/haberler\/spor\/premier-ligde-brighton-fulham-maci-yayin-bilgileri-son-dakika-olay-yeri-haberleri-sizleri-sasirtacak-skandal-haber-gundemi-sarsan-icerik-ortaya-cikti\/","url":"http:\/\/e-ciftlik.com\/haberler\/spor\/premier-ligde-brighton-fulham-maci-yayin-bilgileri-son-dakika-olay-yeri-haberleri-sizleri-sasirtacak-skandal-haber-gundemi-sarsan-icerik-ortaya-cikti\/","name":"\"Premier Lig'de Brighton-Fulham Ma\u00e7\u0131 Yay\u0131n Bilgileri\" \"Son Dakika: Olay Yeri Haberleri Sizleri \u015ea\u015f\u0131rtacak!\" \"Skandal Haber! G\u00fcndemi Sarsan \u0130\u00e7erik Ortaya \u00c7\u0131kt\u0131\" - E-&Ccedil;\u0130FTL\u0130K HABER","isPartOf":{"@id":"https:\/\/e-ciftlik.com\/haberler\/#website"},"primaryImageOfPage":{"@id":"http:\/\/e-ciftlik.com\/haberler\/spor\/premier-ligde-brighton-fulham-maci-yayin-bilgileri-son-dakika-olay-yeri-haberleri-sizleri-sasirtacak-skandal-haber-gundemi-sarsan-icerik-ortaya-cikti\/#primaryimage"},"image":{"@id":"http:\/\/e-ciftlik.com\/haberler\/spor\/premier-ligde-brighton-fulham-maci-yayin-bilgileri-son-dakika-olay-yeri-haberleri-sizleri-sasirtacak-skandal-haber-gundemi-sarsan-icerik-ortaya-cikti\/#primaryimage"},"thumbnailUrl":"http:\/\/e-ciftlik.com\/haberler\/wp-content\/uploads\/2025\/03\/brighton-fulham-maci-ne-zaman-saat-kacta-ve-hangi-kanalda-ingiltere-premier-lig-1741368081629.jpg","datePublished":"2025-03-09T02:26:23+00:00","description":"\u0130ngiltere Premier Lig'de heyecan devam ediyor. Brighton sahas\u0131nda Fulham'\u0131 konuk edecek. \u0130ki tak\u0131m da sahadan 3 puanla ayr\u0131lmak istiyor. M\u00fccadele","breadcrumb":{"@id":"http:\/\/e-ciftlik.com\/haberler\/spor\/premier-ligde-brighton-fulham-maci-yayin-bilgileri-son-dakika-olay-yeri-haberleri-sizleri-sasirtacak-skandal-haber-gundemi-sarsan-icerik-ortaya-cikti\/#breadcrumb"},"inLanguage":"tr","potentialAction":[{"@type":"ReadAction","target":["http:\/\/e-ciftlik.com\/haberler\/spor\/premier-ligde-brighton-fulham-maci-yayin-bilgileri-son-dakika-olay-yeri-haberleri-sizleri-sasirtacak-skandal-haber-gundemi-sarsan-icerik-ortaya-cikti\/"]}]},{"@type":"ImageObject","inLanguage":"tr","@id":"http:\/\/e-ciftlik.com\/haberler\/spor\/premier-ligde-brighton-fulham-maci-yayin-bilgileri-son-dakika-olay-yeri-haberleri-sizleri-sasirtacak-skandal-haber-gundemi-sarsan-icerik-ortaya-cikti\/#primaryimage","url":"http:\/\/e-ciftlik.com\/haberler\/wp-content\/uploads\/2025\/03\/brighton-fulham-maci-ne-zaman-saat-kacta-ve-hangi-kanalda-ingiltere-premier-lig-1741368081629.jpg","contentUrl":"http:\/\/e-ciftlik.com\/haberler\/wp-content\/uploads\/2025\/03\/brighton-fulham-maci-ne-zaman-saat-kacta-ve-hangi-kanalda-ingiltere-premier-lig-1741368081629.jpg","width":1200,"height":675},{"@type":"BreadcrumbList","@id":"http:\/\/e-ciftlik.com\/haberler\/spor\/premier-ligde-brighton-fulham-maci-yayin-bilgileri-son-dakika-olay-yeri-haberleri-sizleri-sasirtacak-skandal-haber-gundemi-sarsan-icerik-ortaya-cikti\/#breadcrumb","itemListElement":[{"@type":"ListItem","position":1,"name":"Anasayfa","item":"https:\/\/e-ciftlik.com\/haberler\/"},{"@type":"ListItem","position":2,"name":"&#8220;Premier Lig&#8217;de Brighton-Fulham Ma\u00e7\u0131 Yay\u0131n Bilgileri&#8221; &#8220;Son Dakika: Olay Yeri Haberleri Sizleri \u015ea\u015f\u0131rtacak!&#8221; &#8220;Skandal Haber! G\u00fcndemi Sarsan \u0130\u00e7erik Ortaya \u00c7\u0131kt\u0131&#8221;"}]},{"@type":"WebSite","@id":"https:\/\/e-ciftlik.com\/haberler\/#website","url":"https:\/\/e-ciftlik.com\/haberler\/","name":"E-\u00c7iftlik Haber | G\u00fcncel, Son Dakika Haberler, En Son Haber","description":"","publisher":{"@id":"https:\/\/e-ciftlik.com\/haberler\/#organization"},"potentialAction":[{"@type":"SearchAction","target":{"@type":"EntryPoint","urlTemplate":"https:\/\/e-ciftlik.com\/haberler\/?s={search_term_string}"},"query-input":{"@type":"PropertyValueSpecification","valueRequired":true,"valueName":"search_term_string"}}],"inLanguage":"tr"},{"@type":"Organization","@id":"https:\/\/e-ciftlik.com\/haberler\/#organization","name":"E-\u00c7\u0130FTL\u0130K HABER","url":"https:\/\/e-ciftlik.com\/haberler\/","logo":{"@type":"ImageObject","inLanguage":"tr","@id":"https:\/\/e-ciftlik.com\/haberler\/#\/schema\/logo\/image\/","url":"http:\/\/e-ciftlik.com\/haberler\/wp-content\/uploads\/2024\/06\/cropped-cropped-favicon-1-2.png","contentUrl":"http:\/\/e-ciftlik.com\/haberler\/wp-content\/uploads\/2024\/06\/cropped-cropped-favicon-1-2.png","width":512,"height":512,"caption":"E-\u00c7\u0130FTL\u0130K HABER"},"image":{"@id":"https:\/\/e-ciftlik.com\/haberler\/#\/schema\/logo\/image\/"},"sameAs":["https:\/\/www.facebook.com\/eciftlikturkiye","https:\/\/x.com\/eciftlikresmi","https:\/\/www.instagram.com\/eciftlikresmi\/"]},{"@type":"Person","@id":"https:\/\/e-ciftlik.com\/haberler\/#\/schema\/person\/d2f4fee3143d7f72be82cb887d51b00a","name":"Haber Merkezi","image":{"@type":"ImageObject","inLanguage":"tr","@id":"https:\/\/secure.gravatar.com\/avatar\/6c27d641914e66c1d0452c92716002398782818991d86db1c2cccb531e7c7c82?s=96&d=mm&r=g","url":"https:\/\/secure.gravatar.com\/avatar\/6c27d641914e66c1d0452c92716002398782818991d86db1c2cccb531e7c7c82?s=96&d=mm&r=g","contentUrl":"https:\/\/secure.gravatar.com\/avatar\/6c27d641914e66c1d0452c92716002398782818991d86db1c2cccb531e7c7c82?s=96&d=mm&r=g","caption":"Haber Merkezi"},"sameAs":["http:\/\/e-ciftlik.com\/haberler"]}]}},"_links":{"self":[{"href":"http:\/\/e-ciftlik.com\/haberler\/wp-json\/wp\/v2\/posts\/85054","targetHints":{"allow":["GET"]}}],"collection":[{"href":"http:\/\/e-ciftlik.com\/haberler\/wp-json\/wp\/v2\/posts"}],"about":[{"href":"http:\/\/e-ciftlik.com\/haberler\/wp-json\/wp\/v2\/types\/post"}],"author":[{"embeddable":true,"href":"http:\/\/e-ciftlik.com\/haberler\/wp-json\/wp\/v2\/users\/1"}],"replies":[{"embeddable":true,"href":"http:\/\/e-ciftlik.com\/haberler\/wp-json\/wp\/v2\/comments?post=85054"}],"version-history":[{"count":0,"href":"http:\/\/e-ciftlik.com\/haberler\/wp-json\/wp\/v2\/posts\/85054\/revisions"}],"wp:featuredmedia":[{"embeddable":true,"href":"http:\/\/e-ciftlik.com\/haberler\/wp-json\/wp\/v2\/media\/85055"}],"wp:attachment":[{"href":"http:\/\/e-ciftlik.com\/haberler\/wp-json\/wp\/v2\/media?parent=85054"}],"wp:term":[{"taxonomy":"category","embeddable":true,"href":"http:\/\/e-ciftlik.com\/haberler\/wp-json\/wp\/v2\/categories?post=85054"},{"taxonomy":"post_tag","embeddable":true,"href":"http:\/\/e-ciftlik.com\/haberler\/wp-json\/wp\/v2\/tags?post=85054"}],"curies":[{"name":"wp","href":"https:\/\/api.w.org\/{rel}","templated":true}]}}