{"id":85615,"date":"2025-03-10T22:37:52","date_gmt":"2025-03-10T22:37:52","guid":{"rendered":"https:\/\/e-ciftlik.com\/haberler\/teknoloji\/iphone-17-air-ekran-ve-kamera-ozellikleri-sizdi\/"},"modified":"2025-03-10T22:37:52","modified_gmt":"2025-03-10T22:37:52","slug":"iphone-17-air-ekran-ve-kamera-ozellikleri-sizdi","status":"publish","type":"post","link":"http:\/\/e-ciftlik.com\/haberler\/teknoloji\/iphone-17-air-ekran-ve-kamera-ozellikleri-sizdi\/","title":{"rendered":"iPhone 17 Air Ekran ve Kamera \u00d6zellikleri S\u0131zd\u0131!"},"content":{"rendered":"<p><img decoding=\"async\" src=\"https:\/\/cdn.mos.cms.futurecdn.net\/TtAe7y4VPrFqVCxBKWXYy3.jpg\" \/><\/p>\n<div id=\"article-body\"><\/p>\n<hr\/>\n<ul>\n<li><strong>iPhone 17 Air ekran boyutu ve kamera \u00f6zellikleri s\u0131zd\u0131r\u0131ld\u0131<\/strong><\/li>\n<li><strong>Cihaz\u0131n depolama alan\u0131 128GB&#8217;dan ba\u015flayabilir<\/strong><\/li>\n<li><strong>iPhone 17 Pro Max&#8217;tan biraz daha k\u00fc\u00e7\u00fck olmas\u0131 bekleniyor<\/strong><\/li>\n<\/ul>\n<hr\/>\n<p>Bu y\u0131l iPhone 16 Plus&#8217;\u0131n iPhone 17 Air&#8217;e yer a\u00e7aca\u011f\u0131 muhtemel g\u00f6r\u00fcn\u00fcyor &#8211; ve yeni bir s\u0131z\u0131nt\u0131, yeni telefonun getirece\u011fi \u00f6zellikler hakk\u0131nda bize daha iyi bir fikir veriyor ve iPhone 17 Pro Max&#8217;e kar\u015f\u0131 nas\u0131l bir konumda olaca\u011f\u0131n\u0131 g\u00f6steriyor.<\/p>\n<p>Bu \u00f6zellikler, s\u0131z\u0131nt\u0131c\u0131lardan <a data-analytics-id=\"inline-link\" href=\"https:\/\/x.com\/OreXda\/status\/1898257908514574745\" target=\"_blank\" data-url=\"https:\/\/x.com\/OreXda\/status\/1898257908514574745\" referrerpolicy=\"no-referrer-when-downgrade\" data-hl-processed=\"none\">@OreXda<\/a> (via <a data-analytics-id=\"inline-link\" href=\"https:\/\/www.notebookcheck.net\/Apple-iPhone-17-Air-display-camera-and-storage-info-revealed-in-new-leak.975170.0.html\" target=\"_blank\" data-url=\"https:\/\/www.notebookcheck.net\/Apple-iPhone-17-Air-display-camera-and-storage-info-revealed-in-new-leak.975170.0.html\" referrerpolicy=\"no-referrer-when-downgrade\" data-hl-processed=\"none\">Notebookcheck<\/a>) ve iPhone 17 Air&#8217;in 2796 x 1290 piksel \u00e7\u00f6z\u00fcn\u00fcrl\u00fc\u011f\u00fcnde \u00e7al\u0131\u015fan 6,7 in\u00e7lik bir ekrana, 48MP ana kamera \u00e7\u00f6z\u00fcn\u00fcrl\u00fc\u011f\u00fcne ve 12MP \u00f6z\u00e7ekim kameras\u0131na sahip olaca\u011f\u0131n\u0131, ayr\u0131ca 128GB depolama alan\u0131na sahip olaca\u011f\u0131n\u0131 belirtiyor.<\/p>\n<aside class=\"hawk-base\" data-block-type=\"embed\" data-render-type=\"fte\" data-skip=\"dealsy\" data-widget-type=\"seasonal\"\/>\n<p>Bu, iPhone 17 Pro Max i\u00e7in 2868 x 1320 piksel \u00e7\u00f6z\u00fcn\u00fcrl\u00fc\u011f\u00fcnde \u00e7al\u0131\u015fan 6,9 in\u00e7lik bir ekrana kar\u015f\u0131l\u0131k gelmektedir. Ayn\u0131 kamera \u00e7\u00f6z\u00fcn\u00fcrl\u00fckleri listelenmi\u015ftir &#8211; ancak iPhone 17 Pro Max&#8217;in muhtemelen arka tarafta ba\u015fka birka\u00e7 kamera daha olacakt\u0131r &#8211; ve bu telefon i\u00e7in dahili depolama alan\u0131n\u0131n muhtemelen 256GB&#8217;dan ba\u015flayaca\u011f\u0131 belirtilmektedir.<\/p>\n<p>E\u011fer t\u00fcm bunlar do\u011fruysa, o zaman iPhone 17 Air, ekran boyutu a\u00e7\u0131s\u0131ndan iPhone 17 Pro&#8217;nun 6,3 in\u00e7lik ekran\u0131 ile iPhone 17 Pro Max&#8217;in 6,9 in\u00e7lik ekran\u0131 aras\u0131nda yer alacakt\u0131r &#8211; bu y\u00fczden sunulacak \u00e7ok fazla se\u00e7enek olacak.<\/p>\n<h2 id=\"thinner-and-thinner-3\">Daha ince ve daha ince<\/h2>\n<p>Burada listelenen hi\u00e7bir \u00f6zellik, iPhone 17 Air&#8217;in dikkat \u00e7ekmesi i\u00e7in tasarlanmam\u0131\u015ft\u0131r &#8211; bunun yerine en \u00e7ok ilgiyi \u00e7ekecek \u015feyin s\u00fcper ince \u00e7er\u00e7eve olaca\u011f\u0131 s\u00f6ylenmektedir. S\u00f6ylentilere g\u00f6re, cihaz\u0131n \u00f6n\u00fcnden arkas\u0131na kadar sadece 5,59 mm \u00f6l\u00e7\u00fclece\u011fi belirtilmektedir.<\/p>\n<p>Ve 2025, ultra ince telefonun y\u0131l\u0131 olabilir. Bug\u00fcne kadar en ince katlanabilir telefon olan Oppo Find N5&#8217;in lansman\u0131n\u0131 zaten g\u00f6rd\u00fck ve Samsung Galaxy S25 Edge&#8217;in tam a\u00e7\u0131klamas\u0131na haz\u0131rlan\u0131yoruz &#8211; \u015fimdiye kadar sadece k\u0131sa bir bak\u0131\u015f att\u0131k ve bu telefonun iPhone 17 Air&#8217;e kar\u015f\u0131 ba\u015fa ba\u015f gidece\u011fini g\u00f6rece\u011fiz.<\/p>\n<p>\u00c7evrimi\u00e7i olarak zaten ortaya \u00e7\u0131kan resmi olmayan \u00e7izimlere dayanarak, iPhone 17 Air&#8217;in, t\u00fcm arka kasay\u0131 en \u00fcstten en alta kadar uzanan y\u00fckseltilmi\u015f bir kamera \u00e7ubu\u011funda bar\u0131nd\u0131r\u0131lm\u0131\u015f tek bir arka kamerayla gelece\u011fi g\u00f6r\u00fcn\u00fcyor. Muhtemelen iPhone 17 Pro ve iPhone 17 Pro Max&#8217;in de y\u00fckseltilmi\u015f kamera mod\u00fcllerine sahip olaca\u011f\u0131 g\u00f6r\u00fcnmektedir.<\/p>\n<div id=\"slice-container-newsletterForm-articleInbodyContent-mzSuoHPNQ8pPQ7hnqandD5\" class=\"slice-container newsletter-inbodyContent-slice newsletterForm-articleInbodyContent-mzSuoHPNQ8pPQ7hnqandD5 slice-container-newsletterForm\">\n<div data-hydrate=\"true\" class=\"newsletter-form__wrapper newsletter-form__wrapper--inbodyContent\">\n<div class=\"newsletter-form__container\">\n<section class=\"newsletter-form__top-bar\"\/>\n<section class=\"newsletter-form__main-section\">\n<p class=\"newsletter-form__strapline\">Son dakika haberleri, incelemeler, g\u00f6r\u00fc\u015fler, en iyi teknoloji f\u0131rsatlar\u0131 ve daha fazlas\u0131 i\u00e7in kaydolun.<\/p>\n<\/section>\n<\/div>\n<\/div>\n<\/div>\n<p>Ola\u011fan chipset g\u00fcncellemeleri beklenmektedir, ancak Apple&#8217;\u0131n iPhone ailesi i\u00e7inde yeni bir seri olan iPhone 17 Air&#8217;in fiyatland\u0131rmas\u0131 nas\u0131l olaca\u011f\u0131n\u0131 g\u00f6rmek ilgin\u00e7 olacakt\u0131r. Ge\u00e7en ay, Apple, 599 $ \/ \u00a3599 \/ AU$999&#8217;dan ba\u015flayan iPhone 16e&#8217;yi piyasaya s\u00fcrd\u00fc.<\/p>\n<h3 class=\"article-body__section\" id=\"section-you-might-also-like\"><span>Ayr\u0131ca \u015funu da be\u011fenebilirsiniz<\/span><\/h3>\n<p>\n<\/div>\n","protected":false},"excerpt":{"rendered":"<p>iPhone 17 Air ekran boyutu ve kamera \u00f6zellikleri s\u0131zd\u0131r\u0131ld\u0131 Cihaz\u0131n depolama alan\u0131 128GB&#8217;dan ba\u015flayabilir iPhone&hellip;<\/p>\n","protected":false},"author":1,"featured_media":66070,"comment_status":"open","ping_status":"open","sticky":false,"template":"","format":"standard","meta":{"footnotes":""},"categories":[1],"tags":[],"class_list":["post-85615","post","type-post","status-publish","format-standard","has-post-thumbnail","hentry","category-teknoloji"],"yoast_head":"<!-- This site is optimized with the Yoast SEO Premium plugin v24.3 (Yoast SEO v27.4) - https:\/\/yoast.com\/product\/yoast-seo-premium-wordpress\/ -->\n<title>iPhone 17 Air Ekran ve Kamera \u00d6zellikleri S\u0131zd\u0131! - E-&Ccedil;\u0130FTL\u0130K HABER<\/title>\n<meta name=\"description\" content=\"iPhone 17 Air ekran boyutu ve kamera \u00f6zellikleri s\u0131zd\u0131r\u0131ld\u0131Cihaz\u0131n depolama alan\u0131 128GB&#039;dan ba\u015flayabiliriPhone 17 Pro Max&#039;tan biraz daha k\u00fc\u00e7\u00fck olmas\u0131\" \/>\n<meta name=\"robots\" content=\"index, follow, max-snippet:-1, max-image-preview:large, max-video-preview:-1\" \/>\n<link rel=\"canonical\" href=\"http:\/\/e-ciftlik.com\/haberler\/teknoloji\/iphone-17-air-ekran-ve-kamera-ozellikleri-sizdi\/\" \/>\n<meta property=\"og:locale\" content=\"tr_TR\" \/>\n<meta property=\"og:type\" content=\"article\" \/>\n<meta property=\"og:title\" content=\"iPhone 17 Air Ekran ve Kamera \u00d6zellikleri S\u0131zd\u0131!\" \/>\n<meta property=\"og:description\" content=\"iPhone 17 Air ekran boyutu ve kamera \u00f6zellikleri s\u0131zd\u0131r\u0131ld\u0131Cihaz\u0131n depolama alan\u0131 128GB&#039;dan ba\u015flayabiliriPhone 17 Pro Max&#039;tan biraz daha k\u00fc\u00e7\u00fck olmas\u0131\" \/>\n<meta property=\"og:url\" content=\"http:\/\/e-ciftlik.com\/haberler\/teknoloji\/iphone-17-air-ekran-ve-kamera-ozellikleri-sizdi\/\" \/>\n<meta property=\"og:site_name\" content=\"E-&Ccedil;\u0130FTL\u0130K HABER\" \/>\n<meta property=\"article:publisher\" content=\"https:\/\/www.facebook.com\/eciftlikturkiye\" \/>\n<meta property=\"article:published_time\" content=\"2025-03-10T22:37:52+00:00\" \/>\n<meta property=\"og:image\" content=\"http:\/\/e-ciftlik.com\/haberler\/wp-content\/uploads\/2025\/01\/TtAe7y4VPrFqVCxBKWXYy3-1200-80.jpg\" \/>\n\t<meta property=\"og:image:width\" content=\"1200\" \/>\n\t<meta property=\"og:image:height\" content=\"675\" \/>\n\t<meta property=\"og:image:type\" content=\"image\/jpeg\" \/>\n<meta name=\"author\" content=\"Haber Merkezi\" \/>\n<meta name=\"twitter:card\" content=\"summary_large_image\" \/>\n<meta name=\"twitter:creator\" content=\"@eciftlikresmi\" \/>\n<meta name=\"twitter:site\" content=\"@eciftlikresmi\" \/>\n<meta name=\"twitter:label1\" content=\"Yazan:\" \/>\n\t<meta name=\"twitter:data1\" content=\"Haber Merkezi\" \/>\n\t<meta name=\"twitter:label2\" content=\"Tahmini okuma s\u00fcresi\" \/>\n\t<meta name=\"twitter:data2\" content=\"2 dakika\" \/>\n<script type=\"application\/ld+json\" class=\"yoast-schema-graph\">{\"@context\":\"https:\\\/\\\/schema.org\",\"@graph\":[{\"@type\":\"NewsArticle\",\"@id\":\"http:\\\/\\\/e-ciftlik.com\\\/haberler\\\/teknoloji\\\/iphone-17-air-ekran-ve-kamera-ozellikleri-sizdi\\\/#article\",\"isPartOf\":{\"@id\":\"http:\\\/\\\/e-ciftlik.com\\\/haberler\\\/teknoloji\\\/iphone-17-air-ekran-ve-kamera-ozellikleri-sizdi\\\/\"},\"author\":{\"name\":\"Haber Merkezi\",\"@id\":\"https:\\\/\\\/e-ciftlik.com\\\/haberler\\\/#\\\/schema\\\/person\\\/d2f4fee3143d7f72be82cb887d51b00a\"},\"headline\":\"iPhone 17 Air Ekran ve Kamera \u00d6zellikleri S\u0131zd\u0131!\",\"datePublished\":\"2025-03-10T22:37:52+00:00\",\"mainEntityOfPage\":{\"@id\":\"http:\\\/\\\/e-ciftlik.com\\\/haberler\\\/teknoloji\\\/iphone-17-air-ekran-ve-kamera-ozellikleri-sizdi\\\/\"},\"wordCount\":495,\"commentCount\":0,\"publisher\":{\"@id\":\"https:\\\/\\\/e-ciftlik.com\\\/haberler\\\/#organization\"},\"image\":{\"@id\":\"http:\\\/\\\/e-ciftlik.com\\\/haberler\\\/teknoloji\\\/iphone-17-air-ekran-ve-kamera-ozellikleri-sizdi\\\/#primaryimage\"},\"thumbnailUrl\":\"http:\\\/\\\/e-ciftlik.com\\\/haberler\\\/wp-content\\\/uploads\\\/2025\\\/01\\\/TtAe7y4VPrFqVCxBKWXYy3-1200-80.jpg\",\"articleSection\":[\"Teknoloji\"],\"inLanguage\":\"tr\",\"potentialAction\":[{\"@type\":\"CommentAction\",\"name\":\"Comment\",\"target\":[\"http:\\\/\\\/e-ciftlik.com\\\/haberler\\\/teknoloji\\\/iphone-17-air-ekran-ve-kamera-ozellikleri-sizdi\\\/#respond\"]}]},{\"@type\":\"WebPage\",\"@id\":\"http:\\\/\\\/e-ciftlik.com\\\/haberler\\\/teknoloji\\\/iphone-17-air-ekran-ve-kamera-ozellikleri-sizdi\\\/\",\"url\":\"http:\\\/\\\/e-ciftlik.com\\\/haberler\\\/teknoloji\\\/iphone-17-air-ekran-ve-kamera-ozellikleri-sizdi\\\/\",\"name\":\"iPhone 17 Air Ekran ve Kamera \u00d6zellikleri S\u0131zd\u0131! - E-&Ccedil;\u0130FTL\u0130K HABER\",\"isPartOf\":{\"@id\":\"https:\\\/\\\/e-ciftlik.com\\\/haberler\\\/#website\"},\"primaryImageOfPage\":{\"@id\":\"http:\\\/\\\/e-ciftlik.com\\\/haberler\\\/teknoloji\\\/iphone-17-air-ekran-ve-kamera-ozellikleri-sizdi\\\/#primaryimage\"},\"image\":{\"@id\":\"http:\\\/\\\/e-ciftlik.com\\\/haberler\\\/teknoloji\\\/iphone-17-air-ekran-ve-kamera-ozellikleri-sizdi\\\/#primaryimage\"},\"thumbnailUrl\":\"http:\\\/\\\/e-ciftlik.com\\\/haberler\\\/wp-content\\\/uploads\\\/2025\\\/01\\\/TtAe7y4VPrFqVCxBKWXYy3-1200-80.jpg\",\"datePublished\":\"2025-03-10T22:37:52+00:00\",\"description\":\"iPhone 17 Air ekran boyutu ve kamera \u00f6zellikleri s\u0131zd\u0131r\u0131ld\u0131Cihaz\u0131n depolama alan\u0131 128GB'dan ba\u015flayabiliriPhone 17 Pro Max'tan biraz daha k\u00fc\u00e7\u00fck olmas\u0131\",\"breadcrumb\":{\"@id\":\"http:\\\/\\\/e-ciftlik.com\\\/haberler\\\/teknoloji\\\/iphone-17-air-ekran-ve-kamera-ozellikleri-sizdi\\\/#breadcrumb\"},\"inLanguage\":\"tr\",\"potentialAction\":[{\"@type\":\"ReadAction\",\"target\":[\"http:\\\/\\\/e-ciftlik.com\\\/haberler\\\/teknoloji\\\/iphone-17-air-ekran-ve-kamera-ozellikleri-sizdi\\\/\"]}]},{\"@type\":\"ImageObject\",\"inLanguage\":\"tr\",\"@id\":\"http:\\\/\\\/e-ciftlik.com\\\/haberler\\\/teknoloji\\\/iphone-17-air-ekran-ve-kamera-ozellikleri-sizdi\\\/#primaryimage\",\"url\":\"http:\\\/\\\/e-ciftlik.com\\\/haberler\\\/wp-content\\\/uploads\\\/2025\\\/01\\\/TtAe7y4VPrFqVCxBKWXYy3-1200-80.jpg\",\"contentUrl\":\"http:\\\/\\\/e-ciftlik.com\\\/haberler\\\/wp-content\\\/uploads\\\/2025\\\/01\\\/TtAe7y4VPrFqVCxBKWXYy3-1200-80.jpg\",\"width\":1200,\"height\":675},{\"@type\":\"BreadcrumbList\",\"@id\":\"http:\\\/\\\/e-ciftlik.com\\\/haberler\\\/teknoloji\\\/iphone-17-air-ekran-ve-kamera-ozellikleri-sizdi\\\/#breadcrumb\",\"itemListElement\":[{\"@type\":\"ListItem\",\"position\":1,\"name\":\"Anasayfa\",\"item\":\"https:\\\/\\\/e-ciftlik.com\\\/haberler\\\/\"},{\"@type\":\"ListItem\",\"position\":2,\"name\":\"iPhone 17 Air Ekran ve Kamera \u00d6zellikleri S\u0131zd\u0131!\"}]},{\"@type\":\"WebSite\",\"@id\":\"https:\\\/\\\/e-ciftlik.com\\\/haberler\\\/#website\",\"url\":\"https:\\\/\\\/e-ciftlik.com\\\/haberler\\\/\",\"name\":\"E-\u00c7iftlik Haber | G\u00fcncel, Son Dakika Haberler, En Son Haber\",\"description\":\"\",\"publisher\":{\"@id\":\"https:\\\/\\\/e-ciftlik.com\\\/haberler\\\/#organization\"},\"potentialAction\":[{\"@type\":\"SearchAction\",\"target\":{\"@type\":\"EntryPoint\",\"urlTemplate\":\"https:\\\/\\\/e-ciftlik.com\\\/haberler\\\/?s={search_term_string}\"},\"query-input\":{\"@type\":\"PropertyValueSpecification\",\"valueRequired\":true,\"valueName\":\"search_term_string\"}}],\"inLanguage\":\"tr\"},{\"@type\":\"Organization\",\"@id\":\"https:\\\/\\\/e-ciftlik.com\\\/haberler\\\/#organization\",\"name\":\"E-\u00c7\u0130FTL\u0130K HABER\",\"url\":\"https:\\\/\\\/e-ciftlik.com\\\/haberler\\\/\",\"logo\":{\"@type\":\"ImageObject\",\"inLanguage\":\"tr\",\"@id\":\"https:\\\/\\\/e-ciftlik.com\\\/haberler\\\/#\\\/schema\\\/logo\\\/image\\\/\",\"url\":\"http:\\\/\\\/e-ciftlik.com\\\/haberler\\\/wp-content\\\/uploads\\\/2024\\\/06\\\/cropped-cropped-favicon-1-2.png\",\"contentUrl\":\"http:\\\/\\\/e-ciftlik.com\\\/haberler\\\/wp-content\\\/uploads\\\/2024\\\/06\\\/cropped-cropped-favicon-1-2.png\",\"width\":512,\"height\":512,\"caption\":\"E-\u00c7\u0130FTL\u0130K HABER\"},\"image\":{\"@id\":\"https:\\\/\\\/e-ciftlik.com\\\/haberler\\\/#\\\/schema\\\/logo\\\/image\\\/\"},\"sameAs\":[\"https:\\\/\\\/www.facebook.com\\\/eciftlikturkiye\",\"https:\\\/\\\/x.com\\\/eciftlikresmi\",\"https:\\\/\\\/www.instagram.com\\\/eciftlikresmi\\\/\"]},{\"@type\":\"Person\",\"@id\":\"https:\\\/\\\/e-ciftlik.com\\\/haberler\\\/#\\\/schema\\\/person\\\/d2f4fee3143d7f72be82cb887d51b00a\",\"name\":\"Haber Merkezi\",\"image\":{\"@type\":\"ImageObject\",\"inLanguage\":\"tr\",\"@id\":\"https:\\\/\\\/secure.gravatar.com\\\/avatar\\\/6c27d641914e66c1d0452c92716002398782818991d86db1c2cccb531e7c7c82?s=96&d=mm&r=g\",\"url\":\"https:\\\/\\\/secure.gravatar.com\\\/avatar\\\/6c27d641914e66c1d0452c92716002398782818991d86db1c2cccb531e7c7c82?s=96&d=mm&r=g\",\"contentUrl\":\"https:\\\/\\\/secure.gravatar.com\\\/avatar\\\/6c27d641914e66c1d0452c92716002398782818991d86db1c2cccb531e7c7c82?s=96&d=mm&r=g\",\"caption\":\"Haber Merkezi\"},\"sameAs\":[\"http:\\\/\\\/e-ciftlik.com\\\/haberler\"]}]}<\/script>\n<!-- \/ Yoast SEO Premium plugin. -->","yoast_head_json":{"title":"iPhone 17 Air Ekran ve Kamera \u00d6zellikleri S\u0131zd\u0131! - E-&Ccedil;\u0130FTL\u0130K HABER","description":"iPhone 17 Air ekran boyutu ve kamera \u00f6zellikleri s\u0131zd\u0131r\u0131ld\u0131Cihaz\u0131n depolama alan\u0131 128GB'dan ba\u015flayabiliriPhone 17 Pro Max'tan biraz daha k\u00fc\u00e7\u00fck olmas\u0131","robots":{"index":"index","follow":"follow","max-snippet":"max-snippet:-1","max-image-preview":"max-image-preview:large","max-video-preview":"max-video-preview:-1"},"canonical":"http:\/\/e-ciftlik.com\/haberler\/teknoloji\/iphone-17-air-ekran-ve-kamera-ozellikleri-sizdi\/","og_locale":"tr_TR","og_type":"article","og_title":"iPhone 17 Air Ekran ve Kamera \u00d6zellikleri S\u0131zd\u0131!","og_description":"iPhone 17 Air ekran boyutu ve kamera \u00f6zellikleri s\u0131zd\u0131r\u0131ld\u0131Cihaz\u0131n depolama alan\u0131 128GB'dan ba\u015flayabiliriPhone 17 Pro Max'tan biraz daha k\u00fc\u00e7\u00fck olmas\u0131","og_url":"http:\/\/e-ciftlik.com\/haberler\/teknoloji\/iphone-17-air-ekran-ve-kamera-ozellikleri-sizdi\/","og_site_name":"E-&Ccedil;\u0130FTL\u0130K HABER","article_publisher":"https:\/\/www.facebook.com\/eciftlikturkiye","article_published_time":"2025-03-10T22:37:52+00:00","og_image":[{"width":1200,"height":675,"url":"http:\/\/e-ciftlik.com\/haberler\/wp-content\/uploads\/2025\/01\/TtAe7y4VPrFqVCxBKWXYy3-1200-80.jpg","type":"image\/jpeg"}],"author":"Haber Merkezi","twitter_card":"summary_large_image","twitter_creator":"@eciftlikresmi","twitter_site":"@eciftlikresmi","twitter_misc":{"Yazan:":"Haber Merkezi","Tahmini okuma s\u00fcresi":"2 dakika"},"schema":{"@context":"https:\/\/schema.org","@graph":[{"@type":"NewsArticle","@id":"http:\/\/e-ciftlik.com\/haberler\/teknoloji\/iphone-17-air-ekran-ve-kamera-ozellikleri-sizdi\/#article","isPartOf":{"@id":"http:\/\/e-ciftlik.com\/haberler\/teknoloji\/iphone-17-air-ekran-ve-kamera-ozellikleri-sizdi\/"},"author":{"name":"Haber Merkezi","@id":"https:\/\/e-ciftlik.com\/haberler\/#\/schema\/person\/d2f4fee3143d7f72be82cb887d51b00a"},"headline":"iPhone 17 Air Ekran ve Kamera \u00d6zellikleri S\u0131zd\u0131!","datePublished":"2025-03-10T22:37:52+00:00","mainEntityOfPage":{"@id":"http:\/\/e-ciftlik.com\/haberler\/teknoloji\/iphone-17-air-ekran-ve-kamera-ozellikleri-sizdi\/"},"wordCount":495,"commentCount":0,"publisher":{"@id":"https:\/\/e-ciftlik.com\/haberler\/#organization"},"image":{"@id":"http:\/\/e-ciftlik.com\/haberler\/teknoloji\/iphone-17-air-ekran-ve-kamera-ozellikleri-sizdi\/#primaryimage"},"thumbnailUrl":"http:\/\/e-ciftlik.com\/haberler\/wp-content\/uploads\/2025\/01\/TtAe7y4VPrFqVCxBKWXYy3-1200-80.jpg","articleSection":["Teknoloji"],"inLanguage":"tr","potentialAction":[{"@type":"CommentAction","name":"Comment","target":["http:\/\/e-ciftlik.com\/haberler\/teknoloji\/iphone-17-air-ekran-ve-kamera-ozellikleri-sizdi\/#respond"]}]},{"@type":"WebPage","@id":"http:\/\/e-ciftlik.com\/haberler\/teknoloji\/iphone-17-air-ekran-ve-kamera-ozellikleri-sizdi\/","url":"http:\/\/e-ciftlik.com\/haberler\/teknoloji\/iphone-17-air-ekran-ve-kamera-ozellikleri-sizdi\/","name":"iPhone 17 Air Ekran ve Kamera \u00d6zellikleri S\u0131zd\u0131! - E-&Ccedil;\u0130FTL\u0130K HABER","isPartOf":{"@id":"https:\/\/e-ciftlik.com\/haberler\/#website"},"primaryImageOfPage":{"@id":"http:\/\/e-ciftlik.com\/haberler\/teknoloji\/iphone-17-air-ekran-ve-kamera-ozellikleri-sizdi\/#primaryimage"},"image":{"@id":"http:\/\/e-ciftlik.com\/haberler\/teknoloji\/iphone-17-air-ekran-ve-kamera-ozellikleri-sizdi\/#primaryimage"},"thumbnailUrl":"http:\/\/e-ciftlik.com\/haberler\/wp-content\/uploads\/2025\/01\/TtAe7y4VPrFqVCxBKWXYy3-1200-80.jpg","datePublished":"2025-03-10T22:37:52+00:00","description":"iPhone 17 Air ekran boyutu ve kamera \u00f6zellikleri s\u0131zd\u0131r\u0131ld\u0131Cihaz\u0131n depolama alan\u0131 128GB'dan ba\u015flayabiliriPhone 17 Pro Max'tan biraz daha k\u00fc\u00e7\u00fck olmas\u0131","breadcrumb":{"@id":"http:\/\/e-ciftlik.com\/haberler\/teknoloji\/iphone-17-air-ekran-ve-kamera-ozellikleri-sizdi\/#breadcrumb"},"inLanguage":"tr","potentialAction":[{"@type":"ReadAction","target":["http:\/\/e-ciftlik.com\/haberler\/teknoloji\/iphone-17-air-ekran-ve-kamera-ozellikleri-sizdi\/"]}]},{"@type":"ImageObject","inLanguage":"tr","@id":"http:\/\/e-ciftlik.com\/haberler\/teknoloji\/iphone-17-air-ekran-ve-kamera-ozellikleri-sizdi\/#primaryimage","url":"http:\/\/e-ciftlik.com\/haberler\/wp-content\/uploads\/2025\/01\/TtAe7y4VPrFqVCxBKWXYy3-1200-80.jpg","contentUrl":"http:\/\/e-ciftlik.com\/haberler\/wp-content\/uploads\/2025\/01\/TtAe7y4VPrFqVCxBKWXYy3-1200-80.jpg","width":1200,"height":675},{"@type":"BreadcrumbList","@id":"http:\/\/e-ciftlik.com\/haberler\/teknoloji\/iphone-17-air-ekran-ve-kamera-ozellikleri-sizdi\/#breadcrumb","itemListElement":[{"@type":"ListItem","position":1,"name":"Anasayfa","item":"https:\/\/e-ciftlik.com\/haberler\/"},{"@type":"ListItem","position":2,"name":"iPhone 17 Air Ekran ve Kamera \u00d6zellikleri S\u0131zd\u0131!"}]},{"@type":"WebSite","@id":"https:\/\/e-ciftlik.com\/haberler\/#website","url":"https:\/\/e-ciftlik.com\/haberler\/","name":"E-\u00c7iftlik Haber | G\u00fcncel, Son Dakika Haberler, En Son Haber","description":"","publisher":{"@id":"https:\/\/e-ciftlik.com\/haberler\/#organization"},"potentialAction":[{"@type":"SearchAction","target":{"@type":"EntryPoint","urlTemplate":"https:\/\/e-ciftlik.com\/haberler\/?s={search_term_string}"},"query-input":{"@type":"PropertyValueSpecification","valueRequired":true,"valueName":"search_term_string"}}],"inLanguage":"tr"},{"@type":"Organization","@id":"https:\/\/e-ciftlik.com\/haberler\/#organization","name":"E-\u00c7\u0130FTL\u0130K HABER","url":"https:\/\/e-ciftlik.com\/haberler\/","logo":{"@type":"ImageObject","inLanguage":"tr","@id":"https:\/\/e-ciftlik.com\/haberler\/#\/schema\/logo\/image\/","url":"http:\/\/e-ciftlik.com\/haberler\/wp-content\/uploads\/2024\/06\/cropped-cropped-favicon-1-2.png","contentUrl":"http:\/\/e-ciftlik.com\/haberler\/wp-content\/uploads\/2024\/06\/cropped-cropped-favicon-1-2.png","width":512,"height":512,"caption":"E-\u00c7\u0130FTL\u0130K HABER"},"image":{"@id":"https:\/\/e-ciftlik.com\/haberler\/#\/schema\/logo\/image\/"},"sameAs":["https:\/\/www.facebook.com\/eciftlikturkiye","https:\/\/x.com\/eciftlikresmi","https:\/\/www.instagram.com\/eciftlikresmi\/"]},{"@type":"Person","@id":"https:\/\/e-ciftlik.com\/haberler\/#\/schema\/person\/d2f4fee3143d7f72be82cb887d51b00a","name":"Haber Merkezi","image":{"@type":"ImageObject","inLanguage":"tr","@id":"https:\/\/secure.gravatar.com\/avatar\/6c27d641914e66c1d0452c92716002398782818991d86db1c2cccb531e7c7c82?s=96&d=mm&r=g","url":"https:\/\/secure.gravatar.com\/avatar\/6c27d641914e66c1d0452c92716002398782818991d86db1c2cccb531e7c7c82?s=96&d=mm&r=g","contentUrl":"https:\/\/secure.gravatar.com\/avatar\/6c27d641914e66c1d0452c92716002398782818991d86db1c2cccb531e7c7c82?s=96&d=mm&r=g","caption":"Haber Merkezi"},"sameAs":["http:\/\/e-ciftlik.com\/haberler"]}]}},"_links":{"self":[{"href":"http:\/\/e-ciftlik.com\/haberler\/wp-json\/wp\/v2\/posts\/85615","targetHints":{"allow":["GET"]}}],"collection":[{"href":"http:\/\/e-ciftlik.com\/haberler\/wp-json\/wp\/v2\/posts"}],"about":[{"href":"http:\/\/e-ciftlik.com\/haberler\/wp-json\/wp\/v2\/types\/post"}],"author":[{"embeddable":true,"href":"http:\/\/e-ciftlik.com\/haberler\/wp-json\/wp\/v2\/users\/1"}],"replies":[{"embeddable":true,"href":"http:\/\/e-ciftlik.com\/haberler\/wp-json\/wp\/v2\/comments?post=85615"}],"version-history":[{"count":0,"href":"http:\/\/e-ciftlik.com\/haberler\/wp-json\/wp\/v2\/posts\/85615\/revisions"}],"wp:featuredmedia":[{"embeddable":true,"href":"http:\/\/e-ciftlik.com\/haberler\/wp-json\/wp\/v2\/media\/66070"}],"wp:attachment":[{"href":"http:\/\/e-ciftlik.com\/haberler\/wp-json\/wp\/v2\/media?parent=85615"}],"wp:term":[{"taxonomy":"category","embeddable":true,"href":"http:\/\/e-ciftlik.com\/haberler\/wp-json\/wp\/v2\/categories?post=85615"},{"taxonomy":"post_tag","embeddable":true,"href":"http:\/\/e-ciftlik.com\/haberler\/wp-json\/wp\/v2\/tags?post=85615"}],"curies":[{"name":"wp","href":"https:\/\/api.w.org\/{rel}","templated":true}]}}