{"id":85620,"date":"2025-03-10T23:02:47","date_gmt":"2025-03-10T23:02:47","guid":{"rendered":"http:\/\/e-ciftlik.com\/haberler\/spor\/inzaghi-feyenoord-maci-onemli\/"},"modified":"2025-03-10T23:02:47","modified_gmt":"2025-03-10T23:02:47","slug":"inzaghi-feyenoord-maci-onemli","status":"publish","type":"post","link":"http:\/\/e-ciftlik.com\/haberler\/spor\/inzaghi-feyenoord-maci-onemli\/","title":{"rendered":"&#8220;Inzaghi: Feyenoord Ma\u00e7\u0131 \u00d6nemli!&#8221;"},"content":{"rendered":"<p> Inter, UEFA \u015eampiyonlar Ligi&#8217;nde sal\u0131 g\u00fcn\u00fc Feyenoord&#8217;u a\u011f\u0131rlayacak. Teknik direkt\u00f6r Simone Inzaghi, kar\u015f\u0131la\u015fma \u00f6ncesi TRT Spor&#8217;a a\u00e7\u0131klamalarda bulundu. Inzaghi, Feyenoord ma\u00e7\u0131n\u0131n zorlu olaca\u011f\u0131n\u0131 belirterek, ilk ma\u00e7\u0131n avantaj\u0131n\u0131 kullanarak en iyi \u015fekilde haz\u0131rland\u0131klar\u0131n\u0131 s\u00f6yledi. Avrupa&#8217;da ilk sekize girmeyi hedeflediklerini ve kendi sahalar\u0131nda galip gelmek i\u00e7in m\u00fccadele edeceklerini vurgulad\u0131. Inzaghi, oyuncular\u0131n\u0131n performans\u0131ndan memnun oldu\u011funu ve tak\u0131m i\u00e7indeki uyumun \u00f6nemli bir etken oldu\u011funu belirtti.<\/p>\n<p>Inter&#8217;in ligdeki yak\u0131n takip\u00e7ileri Napoli ve Atalanta&#8217;n\u0131n kendilerini zorlad\u0131\u011f\u0131n\u0131 hat\u0131rlatan Inzaghi, her ma\u00e7\u0131n \u00f6nemli oldu\u011funu ve kazanmak i\u00e7in sahaya \u00e7\u0131kt\u0131klar\u0131n\u0131 ifade etti. \u015eampiyonlar Ligi&#8217;nde ba\u015far\u0131l\u0131 olmak ve kupalar kazanmak istediklerini belirten Inzaghi, ligdeki liderliklerine ra\u011fmen rakiplerin kendilerine yak\u0131n oldu\u011funu s\u00f6yledi. \u0130talya Kupas\u0131 ve lig ma\u00e7lar\u0131na odaklanmak istediklerini dile getiren Inzaghi, sezon boyunca \u00fc\u00e7 kupa hedeflediklerini ancak ma\u00e7 ma\u00e7 d\u00fc\u015f\u00fcnmeye devam ettiklerini a\u00e7\u0131klad\u0131.<\/p>\n<p>S\u00fcper Kupa&#8217;da sakatlanan ve bir s\u00fcre istedi\u011fi formdan uzak kalan Hakan \u00c7alhano\u011flu i\u00e7in de \u00f6vg\u00fcyle bahseden Inzaghi, her oyuncunun de\u011ferli oldu\u011funu ve Hakan&#8217;\u0131n tak\u0131mdaki \u00f6nemine vurgu yapt\u0131. Hakan&#8217;\u0131n sa\u011fl\u0131\u011f\u0131na kavu\u015farak tak\u0131ma geri d\u00f6nmesinin sevindirici oldu\u011funu belirten Inzaghi, onun sahadaki varl\u0131\u011f\u0131n\u0131n tak\u0131m i\u00e7in \u00e7ok \u00f6nemli oldu\u011funu s\u00f6yledi.<\/p>\n","protected":false},"excerpt":{"rendered":"<p>Inter, UEFA \u015eampiyonlar Ligi&#8217;nde sal\u0131 g\u00fcn\u00fc Feyenoord&#8217;u a\u011f\u0131rlayacak. Teknik direkt\u00f6r Simone Inzaghi, kar\u015f\u0131la\u015fma \u00f6ncesi TRT&hellip;<\/p>\n","protected":false},"author":1,"featured_media":85621,"comment_status":"open","ping_status":"open","sticky":false,"template":"","format":"standard","meta":{"footnotes":""},"categories":[7],"tags":[],"class_list":["post-85620","post","type-post","status-publish","format-standard","has-post-thumbnail","hentry","category-spor"],"yoast_head":"<!-- This site is optimized with the Yoast SEO Premium plugin v24.3 (Yoast SEO v27.4) - https:\/\/yoast.com\/product\/yoast-seo-premium-wordpress\/ -->\n<title>&quot;Inzaghi: Feyenoord Ma\u00e7\u0131 \u00d6nemli!&quot; - E-&Ccedil;\u0130FTL\u0130K HABER<\/title>\n<meta name=\"description\" content=\"Inter, UEFA \u015eampiyonlar Ligi&#039;nde sal\u0131 g\u00fcn\u00fc Feyenoord&#039;u a\u011f\u0131rlayacak. Teknik direkt\u00f6r Simone Inzaghi, kar\u015f\u0131la\u015fma \u00f6ncesi TRT Spor&#039;a a\u00e7\u0131klamalarda bulundu.\" \/>\n<meta name=\"robots\" content=\"index, follow, max-snippet:-1, max-image-preview:large, max-video-preview:-1\" \/>\n<link rel=\"canonical\" href=\"http:\/\/e-ciftlik.com\/haberler\/spor\/inzaghi-feyenoord-maci-onemli\/\" \/>\n<meta property=\"og:locale\" content=\"tr_TR\" \/>\n<meta property=\"og:type\" content=\"article\" \/>\n<meta property=\"og:title\" content=\"&quot;Inzaghi: Feyenoord Ma\u00e7\u0131 \u00d6nemli!&quot;\" \/>\n<meta property=\"og:description\" content=\"Inter, UEFA \u015eampiyonlar Ligi&#039;nde sal\u0131 g\u00fcn\u00fc Feyenoord&#039;u a\u011f\u0131rlayacak. Teknik direkt\u00f6r Simone Inzaghi, kar\u015f\u0131la\u015fma \u00f6ncesi TRT Spor&#039;a a\u00e7\u0131klamalarda bulundu.\" \/>\n<meta property=\"og:url\" content=\"http:\/\/e-ciftlik.com\/haberler\/spor\/inzaghi-feyenoord-maci-onemli\/\" \/>\n<meta property=\"og:site_name\" content=\"E-&Ccedil;\u0130FTL\u0130K HABER\" \/>\n<meta property=\"article:publisher\" content=\"https:\/\/www.facebook.com\/eciftlikturkiye\" \/>\n<meta property=\"article:published_time\" content=\"2025-03-10T23:02:47+00:00\" \/>\n<meta property=\"og:image\" content=\"http:\/\/e-ciftlik.com\/haberler\/wp-content\/uploads\/2025\/03\/1741647769_1200x628.jpeg\" \/>\n\t<meta property=\"og:image:width\" content=\"1200\" \/>\n\t<meta property=\"og:image:height\" content=\"628\" \/>\n\t<meta property=\"og:image:type\" content=\"image\/jpeg\" \/>\n<meta name=\"author\" content=\"Haber Merkezi\" \/>\n<meta name=\"twitter:card\" content=\"summary_large_image\" \/>\n<meta name=\"twitter:creator\" content=\"@eciftlikresmi\" \/>\n<meta name=\"twitter:site\" content=\"@eciftlikresmi\" \/>\n<meta name=\"twitter:label1\" content=\"Yazan:\" \/>\n\t<meta name=\"twitter:data1\" content=\"Haber Merkezi\" \/>\n\t<meta name=\"twitter:label2\" content=\"Tahmini okuma s\u00fcresi\" \/>\n\t<meta name=\"twitter:data2\" content=\"1 dakika\" \/>\n<script type=\"application\/ld+json\" class=\"yoast-schema-graph\">{\"@context\":\"https:\\\/\\\/schema.org\",\"@graph\":[{\"@type\":\"NewsArticle\",\"@id\":\"http:\\\/\\\/e-ciftlik.com\\\/haberler\\\/spor\\\/inzaghi-feyenoord-maci-onemli\\\/#article\",\"isPartOf\":{\"@id\":\"http:\\\/\\\/e-ciftlik.com\\\/haberler\\\/spor\\\/inzaghi-feyenoord-maci-onemli\\\/\"},\"author\":{\"name\":\"Haber Merkezi\",\"@id\":\"https:\\\/\\\/e-ciftlik.com\\\/haberler\\\/#\\\/schema\\\/person\\\/d2f4fee3143d7f72be82cb887d51b00a\"},\"headline\":\"&#8220;Inzaghi: Feyenoord Ma\u00e7\u0131 \u00d6nemli!&#8221;\",\"datePublished\":\"2025-03-10T23:02:47+00:00\",\"mainEntityOfPage\":{\"@id\":\"http:\\\/\\\/e-ciftlik.com\\\/haberler\\\/spor\\\/inzaghi-feyenoord-maci-onemli\\\/\"},\"wordCount\":248,\"commentCount\":0,\"publisher\":{\"@id\":\"https:\\\/\\\/e-ciftlik.com\\\/haberler\\\/#organization\"},\"image\":{\"@id\":\"http:\\\/\\\/e-ciftlik.com\\\/haberler\\\/spor\\\/inzaghi-feyenoord-maci-onemli\\\/#primaryimage\"},\"thumbnailUrl\":\"http:\\\/\\\/e-ciftlik.com\\\/haberler\\\/wp-content\\\/uploads\\\/2025\\\/03\\\/1741647769_1200x628.jpeg\",\"articleSection\":[\"Spor\"],\"inLanguage\":\"tr\",\"potentialAction\":[{\"@type\":\"CommentAction\",\"name\":\"Comment\",\"target\":[\"http:\\\/\\\/e-ciftlik.com\\\/haberler\\\/spor\\\/inzaghi-feyenoord-maci-onemli\\\/#respond\"]}]},{\"@type\":\"WebPage\",\"@id\":\"http:\\\/\\\/e-ciftlik.com\\\/haberler\\\/spor\\\/inzaghi-feyenoord-maci-onemli\\\/\",\"url\":\"http:\\\/\\\/e-ciftlik.com\\\/haberler\\\/spor\\\/inzaghi-feyenoord-maci-onemli\\\/\",\"name\":\"\\\"Inzaghi: Feyenoord Ma\u00e7\u0131 \u00d6nemli!\\\" - E-&Ccedil;\u0130FTL\u0130K HABER\",\"isPartOf\":{\"@id\":\"https:\\\/\\\/e-ciftlik.com\\\/haberler\\\/#website\"},\"primaryImageOfPage\":{\"@id\":\"http:\\\/\\\/e-ciftlik.com\\\/haberler\\\/spor\\\/inzaghi-feyenoord-maci-onemli\\\/#primaryimage\"},\"image\":{\"@id\":\"http:\\\/\\\/e-ciftlik.com\\\/haberler\\\/spor\\\/inzaghi-feyenoord-maci-onemli\\\/#primaryimage\"},\"thumbnailUrl\":\"http:\\\/\\\/e-ciftlik.com\\\/haberler\\\/wp-content\\\/uploads\\\/2025\\\/03\\\/1741647769_1200x628.jpeg\",\"datePublished\":\"2025-03-10T23:02:47+00:00\",\"description\":\"Inter, UEFA \u015eampiyonlar Ligi'nde sal\u0131 g\u00fcn\u00fc Feyenoord'u a\u011f\u0131rlayacak. Teknik direkt\u00f6r Simone Inzaghi, kar\u015f\u0131la\u015fma \u00f6ncesi TRT Spor'a a\u00e7\u0131klamalarda bulundu.\",\"breadcrumb\":{\"@id\":\"http:\\\/\\\/e-ciftlik.com\\\/haberler\\\/spor\\\/inzaghi-feyenoord-maci-onemli\\\/#breadcrumb\"},\"inLanguage\":\"tr\",\"potentialAction\":[{\"@type\":\"ReadAction\",\"target\":[\"http:\\\/\\\/e-ciftlik.com\\\/haberler\\\/spor\\\/inzaghi-feyenoord-maci-onemli\\\/\"]}]},{\"@type\":\"ImageObject\",\"inLanguage\":\"tr\",\"@id\":\"http:\\\/\\\/e-ciftlik.com\\\/haberler\\\/spor\\\/inzaghi-feyenoord-maci-onemli\\\/#primaryimage\",\"url\":\"http:\\\/\\\/e-ciftlik.com\\\/haberler\\\/wp-content\\\/uploads\\\/2025\\\/03\\\/1741647769_1200x628.jpeg\",\"contentUrl\":\"http:\\\/\\\/e-ciftlik.com\\\/haberler\\\/wp-content\\\/uploads\\\/2025\\\/03\\\/1741647769_1200x628.jpeg\",\"width\":1200,\"height\":628},{\"@type\":\"BreadcrumbList\",\"@id\":\"http:\\\/\\\/e-ciftlik.com\\\/haberler\\\/spor\\\/inzaghi-feyenoord-maci-onemli\\\/#breadcrumb\",\"itemListElement\":[{\"@type\":\"ListItem\",\"position\":1,\"name\":\"Anasayfa\",\"item\":\"https:\\\/\\\/e-ciftlik.com\\\/haberler\\\/\"},{\"@type\":\"ListItem\",\"position\":2,\"name\":\"&#8220;Inzaghi: Feyenoord Ma\u00e7\u0131 \u00d6nemli!&#8221;\"}]},{\"@type\":\"WebSite\",\"@id\":\"https:\\\/\\\/e-ciftlik.com\\\/haberler\\\/#website\",\"url\":\"https:\\\/\\\/e-ciftlik.com\\\/haberler\\\/\",\"name\":\"E-\u00c7iftlik Haber | G\u00fcncel, Son Dakika Haberler, En Son Haber\",\"description\":\"\",\"publisher\":{\"@id\":\"https:\\\/\\\/e-ciftlik.com\\\/haberler\\\/#organization\"},\"potentialAction\":[{\"@type\":\"SearchAction\",\"target\":{\"@type\":\"EntryPoint\",\"urlTemplate\":\"https:\\\/\\\/e-ciftlik.com\\\/haberler\\\/?s={search_term_string}\"},\"query-input\":{\"@type\":\"PropertyValueSpecification\",\"valueRequired\":true,\"valueName\":\"search_term_string\"}}],\"inLanguage\":\"tr\"},{\"@type\":\"Organization\",\"@id\":\"https:\\\/\\\/e-ciftlik.com\\\/haberler\\\/#organization\",\"name\":\"E-\u00c7\u0130FTL\u0130K HABER\",\"url\":\"https:\\\/\\\/e-ciftlik.com\\\/haberler\\\/\",\"logo\":{\"@type\":\"ImageObject\",\"inLanguage\":\"tr\",\"@id\":\"https:\\\/\\\/e-ciftlik.com\\\/haberler\\\/#\\\/schema\\\/logo\\\/image\\\/\",\"url\":\"http:\\\/\\\/e-ciftlik.com\\\/haberler\\\/wp-content\\\/uploads\\\/2024\\\/06\\\/cropped-cropped-favicon-1-2.png\",\"contentUrl\":\"http:\\\/\\\/e-ciftlik.com\\\/haberler\\\/wp-content\\\/uploads\\\/2024\\\/06\\\/cropped-cropped-favicon-1-2.png\",\"width\":512,\"height\":512,\"caption\":\"E-\u00c7\u0130FTL\u0130K HABER\"},\"image\":{\"@id\":\"https:\\\/\\\/e-ciftlik.com\\\/haberler\\\/#\\\/schema\\\/logo\\\/image\\\/\"},\"sameAs\":[\"https:\\\/\\\/www.facebook.com\\\/eciftlikturkiye\",\"https:\\\/\\\/x.com\\\/eciftlikresmi\",\"https:\\\/\\\/www.instagram.com\\\/eciftlikresmi\\\/\"]},{\"@type\":\"Person\",\"@id\":\"https:\\\/\\\/e-ciftlik.com\\\/haberler\\\/#\\\/schema\\\/person\\\/d2f4fee3143d7f72be82cb887d51b00a\",\"name\":\"Haber Merkezi\",\"image\":{\"@type\":\"ImageObject\",\"inLanguage\":\"tr\",\"@id\":\"https:\\\/\\\/secure.gravatar.com\\\/avatar\\\/6c27d641914e66c1d0452c92716002398782818991d86db1c2cccb531e7c7c82?s=96&d=mm&r=g\",\"url\":\"https:\\\/\\\/secure.gravatar.com\\\/avatar\\\/6c27d641914e66c1d0452c92716002398782818991d86db1c2cccb531e7c7c82?s=96&d=mm&r=g\",\"contentUrl\":\"https:\\\/\\\/secure.gravatar.com\\\/avatar\\\/6c27d641914e66c1d0452c92716002398782818991d86db1c2cccb531e7c7c82?s=96&d=mm&r=g\",\"caption\":\"Haber Merkezi\"},\"sameAs\":[\"http:\\\/\\\/e-ciftlik.com\\\/haberler\"]}]}<\/script>\n<!-- \/ Yoast SEO Premium plugin. -->","yoast_head_json":{"title":"\"Inzaghi: Feyenoord Ma\u00e7\u0131 \u00d6nemli!\" - E-&Ccedil;\u0130FTL\u0130K HABER","description":"Inter, UEFA \u015eampiyonlar Ligi'nde sal\u0131 g\u00fcn\u00fc Feyenoord'u a\u011f\u0131rlayacak. Teknik direkt\u00f6r Simone Inzaghi, kar\u015f\u0131la\u015fma \u00f6ncesi TRT Spor'a a\u00e7\u0131klamalarda bulundu.","robots":{"index":"index","follow":"follow","max-snippet":"max-snippet:-1","max-image-preview":"max-image-preview:large","max-video-preview":"max-video-preview:-1"},"canonical":"http:\/\/e-ciftlik.com\/haberler\/spor\/inzaghi-feyenoord-maci-onemli\/","og_locale":"tr_TR","og_type":"article","og_title":"\"Inzaghi: Feyenoord Ma\u00e7\u0131 \u00d6nemli!\"","og_description":"Inter, UEFA \u015eampiyonlar Ligi'nde sal\u0131 g\u00fcn\u00fc Feyenoord'u a\u011f\u0131rlayacak. Teknik direkt\u00f6r Simone Inzaghi, kar\u015f\u0131la\u015fma \u00f6ncesi TRT Spor'a a\u00e7\u0131klamalarda bulundu.","og_url":"http:\/\/e-ciftlik.com\/haberler\/spor\/inzaghi-feyenoord-maci-onemli\/","og_site_name":"E-&Ccedil;\u0130FTL\u0130K HABER","article_publisher":"https:\/\/www.facebook.com\/eciftlikturkiye","article_published_time":"2025-03-10T23:02:47+00:00","og_image":[{"width":1200,"height":628,"url":"http:\/\/e-ciftlik.com\/haberler\/wp-content\/uploads\/2025\/03\/1741647769_1200x628.jpeg","type":"image\/jpeg"}],"author":"Haber Merkezi","twitter_card":"summary_large_image","twitter_creator":"@eciftlikresmi","twitter_site":"@eciftlikresmi","twitter_misc":{"Yazan:":"Haber Merkezi","Tahmini okuma s\u00fcresi":"1 dakika"},"schema":{"@context":"https:\/\/schema.org","@graph":[{"@type":"NewsArticle","@id":"http:\/\/e-ciftlik.com\/haberler\/spor\/inzaghi-feyenoord-maci-onemli\/#article","isPartOf":{"@id":"http:\/\/e-ciftlik.com\/haberler\/spor\/inzaghi-feyenoord-maci-onemli\/"},"author":{"name":"Haber Merkezi","@id":"https:\/\/e-ciftlik.com\/haberler\/#\/schema\/person\/d2f4fee3143d7f72be82cb887d51b00a"},"headline":"&#8220;Inzaghi: Feyenoord Ma\u00e7\u0131 \u00d6nemli!&#8221;","datePublished":"2025-03-10T23:02:47+00:00","mainEntityOfPage":{"@id":"http:\/\/e-ciftlik.com\/haberler\/spor\/inzaghi-feyenoord-maci-onemli\/"},"wordCount":248,"commentCount":0,"publisher":{"@id":"https:\/\/e-ciftlik.com\/haberler\/#organization"},"image":{"@id":"http:\/\/e-ciftlik.com\/haberler\/spor\/inzaghi-feyenoord-maci-onemli\/#primaryimage"},"thumbnailUrl":"http:\/\/e-ciftlik.com\/haberler\/wp-content\/uploads\/2025\/03\/1741647769_1200x628.jpeg","articleSection":["Spor"],"inLanguage":"tr","potentialAction":[{"@type":"CommentAction","name":"Comment","target":["http:\/\/e-ciftlik.com\/haberler\/spor\/inzaghi-feyenoord-maci-onemli\/#respond"]}]},{"@type":"WebPage","@id":"http:\/\/e-ciftlik.com\/haberler\/spor\/inzaghi-feyenoord-maci-onemli\/","url":"http:\/\/e-ciftlik.com\/haberler\/spor\/inzaghi-feyenoord-maci-onemli\/","name":"\"Inzaghi: Feyenoord Ma\u00e7\u0131 \u00d6nemli!\" - E-&Ccedil;\u0130FTL\u0130K HABER","isPartOf":{"@id":"https:\/\/e-ciftlik.com\/haberler\/#website"},"primaryImageOfPage":{"@id":"http:\/\/e-ciftlik.com\/haberler\/spor\/inzaghi-feyenoord-maci-onemli\/#primaryimage"},"image":{"@id":"http:\/\/e-ciftlik.com\/haberler\/spor\/inzaghi-feyenoord-maci-onemli\/#primaryimage"},"thumbnailUrl":"http:\/\/e-ciftlik.com\/haberler\/wp-content\/uploads\/2025\/03\/1741647769_1200x628.jpeg","datePublished":"2025-03-10T23:02:47+00:00","description":"Inter, UEFA \u015eampiyonlar Ligi'nde sal\u0131 g\u00fcn\u00fc Feyenoord'u a\u011f\u0131rlayacak. Teknik direkt\u00f6r Simone Inzaghi, kar\u015f\u0131la\u015fma \u00f6ncesi TRT Spor'a a\u00e7\u0131klamalarda bulundu.","breadcrumb":{"@id":"http:\/\/e-ciftlik.com\/haberler\/spor\/inzaghi-feyenoord-maci-onemli\/#breadcrumb"},"inLanguage":"tr","potentialAction":[{"@type":"ReadAction","target":["http:\/\/e-ciftlik.com\/haberler\/spor\/inzaghi-feyenoord-maci-onemli\/"]}]},{"@type":"ImageObject","inLanguage":"tr","@id":"http:\/\/e-ciftlik.com\/haberler\/spor\/inzaghi-feyenoord-maci-onemli\/#primaryimage","url":"http:\/\/e-ciftlik.com\/haberler\/wp-content\/uploads\/2025\/03\/1741647769_1200x628.jpeg","contentUrl":"http:\/\/e-ciftlik.com\/haberler\/wp-content\/uploads\/2025\/03\/1741647769_1200x628.jpeg","width":1200,"height":628},{"@type":"BreadcrumbList","@id":"http:\/\/e-ciftlik.com\/haberler\/spor\/inzaghi-feyenoord-maci-onemli\/#breadcrumb","itemListElement":[{"@type":"ListItem","position":1,"name":"Anasayfa","item":"https:\/\/e-ciftlik.com\/haberler\/"},{"@type":"ListItem","position":2,"name":"&#8220;Inzaghi: Feyenoord Ma\u00e7\u0131 \u00d6nemli!&#8221;"}]},{"@type":"WebSite","@id":"https:\/\/e-ciftlik.com\/haberler\/#website","url":"https:\/\/e-ciftlik.com\/haberler\/","name":"E-\u00c7iftlik Haber | G\u00fcncel, Son Dakika Haberler, En Son Haber","description":"","publisher":{"@id":"https:\/\/e-ciftlik.com\/haberler\/#organization"},"potentialAction":[{"@type":"SearchAction","target":{"@type":"EntryPoint","urlTemplate":"https:\/\/e-ciftlik.com\/haberler\/?s={search_term_string}"},"query-input":{"@type":"PropertyValueSpecification","valueRequired":true,"valueName":"search_term_string"}}],"inLanguage":"tr"},{"@type":"Organization","@id":"https:\/\/e-ciftlik.com\/haberler\/#organization","name":"E-\u00c7\u0130FTL\u0130K HABER","url":"https:\/\/e-ciftlik.com\/haberler\/","logo":{"@type":"ImageObject","inLanguage":"tr","@id":"https:\/\/e-ciftlik.com\/haberler\/#\/schema\/logo\/image\/","url":"http:\/\/e-ciftlik.com\/haberler\/wp-content\/uploads\/2024\/06\/cropped-cropped-favicon-1-2.png","contentUrl":"http:\/\/e-ciftlik.com\/haberler\/wp-content\/uploads\/2024\/06\/cropped-cropped-favicon-1-2.png","width":512,"height":512,"caption":"E-\u00c7\u0130FTL\u0130K HABER"},"image":{"@id":"https:\/\/e-ciftlik.com\/haberler\/#\/schema\/logo\/image\/"},"sameAs":["https:\/\/www.facebook.com\/eciftlikturkiye","https:\/\/x.com\/eciftlikresmi","https:\/\/www.instagram.com\/eciftlikresmi\/"]},{"@type":"Person","@id":"https:\/\/e-ciftlik.com\/haberler\/#\/schema\/person\/d2f4fee3143d7f72be82cb887d51b00a","name":"Haber Merkezi","image":{"@type":"ImageObject","inLanguage":"tr","@id":"https:\/\/secure.gravatar.com\/avatar\/6c27d641914e66c1d0452c92716002398782818991d86db1c2cccb531e7c7c82?s=96&d=mm&r=g","url":"https:\/\/secure.gravatar.com\/avatar\/6c27d641914e66c1d0452c92716002398782818991d86db1c2cccb531e7c7c82?s=96&d=mm&r=g","contentUrl":"https:\/\/secure.gravatar.com\/avatar\/6c27d641914e66c1d0452c92716002398782818991d86db1c2cccb531e7c7c82?s=96&d=mm&r=g","caption":"Haber Merkezi"},"sameAs":["http:\/\/e-ciftlik.com\/haberler"]}]}},"_links":{"self":[{"href":"http:\/\/e-ciftlik.com\/haberler\/wp-json\/wp\/v2\/posts\/85620","targetHints":{"allow":["GET"]}}],"collection":[{"href":"http:\/\/e-ciftlik.com\/haberler\/wp-json\/wp\/v2\/posts"}],"about":[{"href":"http:\/\/e-ciftlik.com\/haberler\/wp-json\/wp\/v2\/types\/post"}],"author":[{"embeddable":true,"href":"http:\/\/e-ciftlik.com\/haberler\/wp-json\/wp\/v2\/users\/1"}],"replies":[{"embeddable":true,"href":"http:\/\/e-ciftlik.com\/haberler\/wp-json\/wp\/v2\/comments?post=85620"}],"version-history":[{"count":0,"href":"http:\/\/e-ciftlik.com\/haberler\/wp-json\/wp\/v2\/posts\/85620\/revisions"}],"wp:featuredmedia":[{"embeddable":true,"href":"http:\/\/e-ciftlik.com\/haberler\/wp-json\/wp\/v2\/media\/85621"}],"wp:attachment":[{"href":"http:\/\/e-ciftlik.com\/haberler\/wp-json\/wp\/v2\/media?parent=85620"}],"wp:term":[{"taxonomy":"category","embeddable":true,"href":"http:\/\/e-ciftlik.com\/haberler\/wp-json\/wp\/v2\/categories?post=85620"},{"taxonomy":"post_tag","embeddable":true,"href":"http:\/\/e-ciftlik.com\/haberler\/wp-json\/wp\/v2\/tags?post=85620"}],"curies":[{"name":"wp","href":"https:\/\/api.w.org\/{rel}","templated":true}]}}