{"id":8639,"date":"2024-07-02T06:41:37","date_gmt":"2024-07-02T06:41:37","guid":{"rendered":"https:\/\/e-ciftlik.com\/haberler\/gundem\/izmirde-deas-operasyonu-11-supheli-yakalandi\/"},"modified":"2024-07-02T06:41:37","modified_gmt":"2024-07-02T06:41:37","slug":"izmirde-deas-operasyonu-11-supheli-yakalandi","status":"publish","type":"post","link":"http:\/\/e-ciftlik.com\/haberler\/gundem\/izmirde-deas-operasyonu-11-supheli-yakalandi\/","title":{"rendered":"\u0130zmir&#8217;de DEA\u015e Operasyonu: 11 \u015e\u00fcpheli Yakaland\u0131"},"content":{"rendered":"<p>\u0130zmir&#8217;de ter\u00f6r \u00f6rg\u00fct\u00fc DEA\u015e&#8217;a y\u00f6nelik operasyonda 11 \u015f\u00fcpheli g\u00f6zalt\u0131na al\u0131nd\u0131. Operasyonda yakalanan zanl\u0131lar, silah, \u00f6rg\u00fctsel yay\u0131n ve \u00e7ok say\u0131da dijital materyal ile yakaland\u0131.<\/p>\n<p>\u0130zmir Cumhuriyet Ba\u015fsavc\u0131l\u0131\u011f\u0131 Ter\u00f6r Su\u00e7lar\u0131 Soru\u015fturma B\u00fcrosu&#8217;nun yapt\u0131\u011f\u0131 operasyonda, 11 \u015f\u00fcpheli DEA\u015e ter\u00f6r \u00f6rg\u00fct\u00fcyle ba\u011flant\u0131l\u0131 olduklar\u0131 gerek\u00e7esiyle yakaland\u0131. 02 Temmuz 2024 tarihinde ger\u00e7ekle\u015fen operasyonda, \u015f\u00fcphelilerin ikametlerinde yap\u0131lan aramalarda silah, \u00f6rg\u00fctsel yay\u0131n ve dijital materyaller ele ge\u00e7irildi.<\/p>\n<p>Operasyon, Menemen il\u00e7esinde ger\u00e7ekle\u015fti ve \u015f\u00fcpheliler operasyonun ard\u0131ndan adli makamlara sevk edildi. \u015e\u00fcphelilerin sorgusu devam ederken, operasyonun DEA\u015e&#8217;\u0131n izlerini takip eden g\u00fcvenlik birimleri taraf\u0131ndan ger\u00e7ekle\u015ftirildi\u011fi belirtildi.<\/p>\n<p>Yakalanan \u015f\u00fcphelilerin durumu ile ilgili detaylar ara\u015ft\u0131r\u0131l\u0131yor. Operasyonun detaylar\u0131 ise g\u00fcvenlik g\u00fc\u00e7leri taraf\u0131ndan gizli tutuluyor. \u0130zmir polisi, ter\u00f6r \u00f6rg\u00fctlerine y\u00f6nelik operasyonlar\u0131n devam edece\u011fini ve halk\u0131n g\u00fcvenli\u011fi i\u00e7in ellerinden geleni yapacaklar\u0131n\u0131 belirtti.<\/p>\n","protected":false},"excerpt":{"rendered":"<p>\u0130zmir&#8217;de ter\u00f6r \u00f6rg\u00fct\u00fc DEA\u015e&#8217;a y\u00f6nelik operasyonda 11 \u015f\u00fcpheli g\u00f6zalt\u0131na al\u0131nd\u0131. Operasyonda yakalanan zanl\u0131lar, silah, \u00f6rg\u00fctsel&hellip;<\/p>\n","protected":false},"author":1,"featured_media":8640,"comment_status":"open","ping_status":"open","sticky":false,"template":"","format":"standard","meta":{"footnotes":""},"categories":[10],"tags":[],"class_list":["post-8639","post","type-post","status-publish","format-standard","has-post-thumbnail","hentry","category-gundem"],"yoast_head":"<!-- This site is optimized with the Yoast SEO Premium plugin v24.3 (Yoast SEO v27.4) - https:\/\/yoast.com\/product\/yoast-seo-premium-wordpress\/ -->\n<title>\u0130zmir&#039;de DEA\u015e Operasyonu: 11 \u015e\u00fcpheli Yakaland\u0131 - E-&Ccedil;\u0130FTL\u0130K HABER<\/title>\n<meta name=\"description\" content=\"\u0130zmir&#039;de ter\u00f6r \u00f6rg\u00fct\u00fc DEA\u015e&#039;a y\u00f6nelik operasyonda 11 \u015f\u00fcpheli g\u00f6zalt\u0131na al\u0131nd\u0131. Operasyonda yakalanan zanl\u0131lar, silah, \u00f6rg\u00fctsel yay\u0131n ve \u00e7ok say\u0131da dijital\" \/>\n<meta name=\"robots\" content=\"index, follow, max-snippet:-1, max-image-preview:large, max-video-preview:-1\" \/>\n<link rel=\"canonical\" href=\"http:\/\/e-ciftlik.com\/haberler\/gundem\/izmirde-deas-operasyonu-11-supheli-yakalandi\/\" \/>\n<meta property=\"og:locale\" content=\"tr_TR\" \/>\n<meta property=\"og:type\" content=\"article\" \/>\n<meta property=\"og:title\" content=\"\u0130zmir&#039;de DEA\u015e Operasyonu: 11 \u015e\u00fcpheli Yakaland\u0131\" \/>\n<meta property=\"og:description\" content=\"\u0130zmir&#039;de ter\u00f6r \u00f6rg\u00fct\u00fc DEA\u015e&#039;a y\u00f6nelik operasyonda 11 \u015f\u00fcpheli g\u00f6zalt\u0131na al\u0131nd\u0131. Operasyonda yakalanan zanl\u0131lar, silah, \u00f6rg\u00fctsel yay\u0131n ve \u00e7ok say\u0131da dijital\" \/>\n<meta property=\"og:url\" content=\"http:\/\/e-ciftlik.com\/haberler\/gundem\/izmirde-deas-operasyonu-11-supheli-yakalandi\/\" \/>\n<meta property=\"og:site_name\" content=\"E-&Ccedil;\u0130FTL\u0130K HABER\" \/>\n<meta property=\"article:publisher\" content=\"https:\/\/www.facebook.com\/eciftlikturkiye\" \/>\n<meta property=\"article:published_time\" content=\"2024-07-02T06:41:37+00:00\" \/>\n<meta property=\"og:image\" content=\"http:\/\/e-ciftlik.com\/haberler\/wp-content\/uploads\/2024\/07\/izmirde-teror-orgutu-deas-operasyonunda-11-supheli-yakalandi-1719901940423.jpeg\" \/>\n\t<meta property=\"og:image:width\" content=\"1200\" \/>\n\t<meta property=\"og:image:height\" content=\"675\" \/>\n\t<meta property=\"og:image:type\" content=\"image\/jpeg\" \/>\n<meta name=\"author\" content=\"Haber Merkezi\" \/>\n<meta name=\"twitter:card\" content=\"summary_large_image\" \/>\n<meta name=\"twitter:creator\" content=\"@eciftlikresmi\" \/>\n<meta name=\"twitter:site\" content=\"@eciftlikresmi\" \/>\n<meta name=\"twitter:label1\" content=\"Yazan:\" \/>\n\t<meta name=\"twitter:data1\" content=\"Haber Merkezi\" \/>\n\t<meta name=\"twitter:label2\" content=\"Tahmini okuma s\u00fcresi\" \/>\n\t<meta name=\"twitter:data2\" content=\"1 dakika\" \/>\n<script type=\"application\/ld+json\" class=\"yoast-schema-graph\">{\"@context\":\"https:\\\/\\\/schema.org\",\"@graph\":[{\"@type\":\"NewsArticle\",\"@id\":\"http:\\\/\\\/e-ciftlik.com\\\/haberler\\\/gundem\\\/izmirde-deas-operasyonu-11-supheli-yakalandi\\\/#article\",\"isPartOf\":{\"@id\":\"http:\\\/\\\/e-ciftlik.com\\\/haberler\\\/gundem\\\/izmirde-deas-operasyonu-11-supheli-yakalandi\\\/\"},\"author\":{\"name\":\"Haber Merkezi\",\"@id\":\"http:\\\/\\\/e-ciftlik.com\\\/haberler\\\/#\\\/schema\\\/person\\\/d2f4fee3143d7f72be82cb887d51b00a\"},\"headline\":\"\u0130zmir&#8217;de DEA\u015e Operasyonu: 11 \u015e\u00fcpheli Yakaland\u0131\",\"datePublished\":\"2024-07-02T06:41:37+00:00\",\"mainEntityOfPage\":{\"@id\":\"http:\\\/\\\/e-ciftlik.com\\\/haberler\\\/gundem\\\/izmirde-deas-operasyonu-11-supheli-yakalandi\\\/\"},\"wordCount\":176,\"commentCount\":0,\"publisher\":{\"@id\":\"http:\\\/\\\/e-ciftlik.com\\\/haberler\\\/#organization\"},\"image\":{\"@id\":\"http:\\\/\\\/e-ciftlik.com\\\/haberler\\\/gundem\\\/izmirde-deas-operasyonu-11-supheli-yakalandi\\\/#primaryimage\"},\"thumbnailUrl\":\"http:\\\/\\\/e-ciftlik.com\\\/haberler\\\/wp-content\\\/uploads\\\/2024\\\/07\\\/izmirde-teror-orgutu-deas-operasyonunda-11-supheli-yakalandi-1719901940423.jpeg\",\"articleSection\":[\"G\u00fcndem\"],\"inLanguage\":\"tr\",\"potentialAction\":[{\"@type\":\"CommentAction\",\"name\":\"Comment\",\"target\":[\"http:\\\/\\\/e-ciftlik.com\\\/haberler\\\/gundem\\\/izmirde-deas-operasyonu-11-supheli-yakalandi\\\/#respond\"]}]},{\"@type\":\"WebPage\",\"@id\":\"http:\\\/\\\/e-ciftlik.com\\\/haberler\\\/gundem\\\/izmirde-deas-operasyonu-11-supheli-yakalandi\\\/\",\"url\":\"http:\\\/\\\/e-ciftlik.com\\\/haberler\\\/gundem\\\/izmirde-deas-operasyonu-11-supheli-yakalandi\\\/\",\"name\":\"\u0130zmir'de DEA\u015e Operasyonu: 11 \u015e\u00fcpheli Yakaland\u0131 - E-&Ccedil;\u0130FTL\u0130K HABER\",\"isPartOf\":{\"@id\":\"http:\\\/\\\/e-ciftlik.com\\\/haberler\\\/#website\"},\"primaryImageOfPage\":{\"@id\":\"http:\\\/\\\/e-ciftlik.com\\\/haberler\\\/gundem\\\/izmirde-deas-operasyonu-11-supheli-yakalandi\\\/#primaryimage\"},\"image\":{\"@id\":\"http:\\\/\\\/e-ciftlik.com\\\/haberler\\\/gundem\\\/izmirde-deas-operasyonu-11-supheli-yakalandi\\\/#primaryimage\"},\"thumbnailUrl\":\"http:\\\/\\\/e-ciftlik.com\\\/haberler\\\/wp-content\\\/uploads\\\/2024\\\/07\\\/izmirde-teror-orgutu-deas-operasyonunda-11-supheli-yakalandi-1719901940423.jpeg\",\"datePublished\":\"2024-07-02T06:41:37+00:00\",\"description\":\"\u0130zmir'de ter\u00f6r \u00f6rg\u00fct\u00fc DEA\u015e'a y\u00f6nelik operasyonda 11 \u015f\u00fcpheli g\u00f6zalt\u0131na al\u0131nd\u0131. Operasyonda yakalanan zanl\u0131lar, silah, \u00f6rg\u00fctsel yay\u0131n ve \u00e7ok say\u0131da dijital\",\"breadcrumb\":{\"@id\":\"http:\\\/\\\/e-ciftlik.com\\\/haberler\\\/gundem\\\/izmirde-deas-operasyonu-11-supheli-yakalandi\\\/#breadcrumb\"},\"inLanguage\":\"tr\",\"potentialAction\":[{\"@type\":\"ReadAction\",\"target\":[\"http:\\\/\\\/e-ciftlik.com\\\/haberler\\\/gundem\\\/izmirde-deas-operasyonu-11-supheli-yakalandi\\\/\"]}]},{\"@type\":\"ImageObject\",\"inLanguage\":\"tr\",\"@id\":\"http:\\\/\\\/e-ciftlik.com\\\/haberler\\\/gundem\\\/izmirde-deas-operasyonu-11-supheli-yakalandi\\\/#primaryimage\",\"url\":\"http:\\\/\\\/e-ciftlik.com\\\/haberler\\\/wp-content\\\/uploads\\\/2024\\\/07\\\/izmirde-teror-orgutu-deas-operasyonunda-11-supheli-yakalandi-1719901940423.jpeg\",\"contentUrl\":\"http:\\\/\\\/e-ciftlik.com\\\/haberler\\\/wp-content\\\/uploads\\\/2024\\\/07\\\/izmirde-teror-orgutu-deas-operasyonunda-11-supheli-yakalandi-1719901940423.jpeg\",\"width\":1200,\"height\":675},{\"@type\":\"BreadcrumbList\",\"@id\":\"http:\\\/\\\/e-ciftlik.com\\\/haberler\\\/gundem\\\/izmirde-deas-operasyonu-11-supheli-yakalandi\\\/#breadcrumb\",\"itemListElement\":[{\"@type\":\"ListItem\",\"position\":1,\"name\":\"Anasayfa\",\"item\":\"http:\\\/\\\/e-ciftlik.com\\\/haberler\\\/\"},{\"@type\":\"ListItem\",\"position\":2,\"name\":\"\u0130zmir&#8217;de DEA\u015e Operasyonu: 11 \u015e\u00fcpheli Yakaland\u0131\"}]},{\"@type\":\"WebSite\",\"@id\":\"http:\\\/\\\/e-ciftlik.com\\\/haberler\\\/#website\",\"url\":\"http:\\\/\\\/e-ciftlik.com\\\/haberler\\\/\",\"name\":\"E-\u00c7iftlik Haber | G\u00fcncel, Son Dakika Haberler, En Son Haber\",\"description\":\"\",\"publisher\":{\"@id\":\"http:\\\/\\\/e-ciftlik.com\\\/haberler\\\/#organization\"},\"potentialAction\":[{\"@type\":\"SearchAction\",\"target\":{\"@type\":\"EntryPoint\",\"urlTemplate\":\"http:\\\/\\\/e-ciftlik.com\\\/haberler\\\/?s={search_term_string}\"},\"query-input\":{\"@type\":\"PropertyValueSpecification\",\"valueRequired\":true,\"valueName\":\"search_term_string\"}}],\"inLanguage\":\"tr\"},{\"@type\":\"Organization\",\"@id\":\"http:\\\/\\\/e-ciftlik.com\\\/haberler\\\/#organization\",\"name\":\"E-\u00c7\u0130FTL\u0130K HABER\",\"url\":\"http:\\\/\\\/e-ciftlik.com\\\/haberler\\\/\",\"logo\":{\"@type\":\"ImageObject\",\"inLanguage\":\"tr\",\"@id\":\"http:\\\/\\\/e-ciftlik.com\\\/haberler\\\/#\\\/schema\\\/logo\\\/image\\\/\",\"url\":\"http:\\\/\\\/e-ciftlik.com\\\/haberler\\\/wp-content\\\/uploads\\\/2024\\\/06\\\/cropped-cropped-favicon-1-2.png\",\"contentUrl\":\"http:\\\/\\\/e-ciftlik.com\\\/haberler\\\/wp-content\\\/uploads\\\/2024\\\/06\\\/cropped-cropped-favicon-1-2.png\",\"width\":512,\"height\":512,\"caption\":\"E-\u00c7\u0130FTL\u0130K HABER\"},\"image\":{\"@id\":\"http:\\\/\\\/e-ciftlik.com\\\/haberler\\\/#\\\/schema\\\/logo\\\/image\\\/\"},\"sameAs\":[\"https:\\\/\\\/www.facebook.com\\\/eciftlikturkiye\",\"https:\\\/\\\/x.com\\\/eciftlikresmi\",\"https:\\\/\\\/www.instagram.com\\\/eciftlikresmi\\\/\"]},{\"@type\":\"Person\",\"@id\":\"http:\\\/\\\/e-ciftlik.com\\\/haberler\\\/#\\\/schema\\\/person\\\/d2f4fee3143d7f72be82cb887d51b00a\",\"name\":\"Haber Merkezi\",\"image\":{\"@type\":\"ImageObject\",\"inLanguage\":\"tr\",\"@id\":\"https:\\\/\\\/secure.gravatar.com\\\/avatar\\\/6c27d641914e66c1d0452c92716002398782818991d86db1c2cccb531e7c7c82?s=96&d=mm&r=g\",\"url\":\"https:\\\/\\\/secure.gravatar.com\\\/avatar\\\/6c27d641914e66c1d0452c92716002398782818991d86db1c2cccb531e7c7c82?s=96&d=mm&r=g\",\"contentUrl\":\"https:\\\/\\\/secure.gravatar.com\\\/avatar\\\/6c27d641914e66c1d0452c92716002398782818991d86db1c2cccb531e7c7c82?s=96&d=mm&r=g\",\"caption\":\"Haber Merkezi\"},\"sameAs\":[\"http:\\\/\\\/e-ciftlik.com\\\/haberler\"]}]}<\/script>\n<!-- \/ Yoast SEO Premium plugin. -->","yoast_head_json":{"title":"\u0130zmir'de DEA\u015e Operasyonu: 11 \u015e\u00fcpheli Yakaland\u0131 - E-&Ccedil;\u0130FTL\u0130K HABER","description":"\u0130zmir'de ter\u00f6r \u00f6rg\u00fct\u00fc DEA\u015e'a y\u00f6nelik operasyonda 11 \u015f\u00fcpheli g\u00f6zalt\u0131na al\u0131nd\u0131. Operasyonda yakalanan zanl\u0131lar, silah, \u00f6rg\u00fctsel yay\u0131n ve \u00e7ok say\u0131da dijital","robots":{"index":"index","follow":"follow","max-snippet":"max-snippet:-1","max-image-preview":"max-image-preview:large","max-video-preview":"max-video-preview:-1"},"canonical":"http:\/\/e-ciftlik.com\/haberler\/gundem\/izmirde-deas-operasyonu-11-supheli-yakalandi\/","og_locale":"tr_TR","og_type":"article","og_title":"\u0130zmir'de DEA\u015e Operasyonu: 11 \u015e\u00fcpheli Yakaland\u0131","og_description":"\u0130zmir'de ter\u00f6r \u00f6rg\u00fct\u00fc DEA\u015e'a y\u00f6nelik operasyonda 11 \u015f\u00fcpheli g\u00f6zalt\u0131na al\u0131nd\u0131. Operasyonda yakalanan zanl\u0131lar, silah, \u00f6rg\u00fctsel yay\u0131n ve \u00e7ok say\u0131da dijital","og_url":"http:\/\/e-ciftlik.com\/haberler\/gundem\/izmirde-deas-operasyonu-11-supheli-yakalandi\/","og_site_name":"E-&Ccedil;\u0130FTL\u0130K HABER","article_publisher":"https:\/\/www.facebook.com\/eciftlikturkiye","article_published_time":"2024-07-02T06:41:37+00:00","og_image":[{"width":1200,"height":675,"url":"http:\/\/e-ciftlik.com\/haberler\/wp-content\/uploads\/2024\/07\/izmirde-teror-orgutu-deas-operasyonunda-11-supheli-yakalandi-1719901940423.jpeg","type":"image\/jpeg"}],"author":"Haber Merkezi","twitter_card":"summary_large_image","twitter_creator":"@eciftlikresmi","twitter_site":"@eciftlikresmi","twitter_misc":{"Yazan:":"Haber Merkezi","Tahmini okuma s\u00fcresi":"1 dakika"},"schema":{"@context":"https:\/\/schema.org","@graph":[{"@type":"NewsArticle","@id":"http:\/\/e-ciftlik.com\/haberler\/gundem\/izmirde-deas-operasyonu-11-supheli-yakalandi\/#article","isPartOf":{"@id":"http:\/\/e-ciftlik.com\/haberler\/gundem\/izmirde-deas-operasyonu-11-supheli-yakalandi\/"},"author":{"name":"Haber Merkezi","@id":"http:\/\/e-ciftlik.com\/haberler\/#\/schema\/person\/d2f4fee3143d7f72be82cb887d51b00a"},"headline":"\u0130zmir&#8217;de DEA\u015e Operasyonu: 11 \u015e\u00fcpheli Yakaland\u0131","datePublished":"2024-07-02T06:41:37+00:00","mainEntityOfPage":{"@id":"http:\/\/e-ciftlik.com\/haberler\/gundem\/izmirde-deas-operasyonu-11-supheli-yakalandi\/"},"wordCount":176,"commentCount":0,"publisher":{"@id":"http:\/\/e-ciftlik.com\/haberler\/#organization"},"image":{"@id":"http:\/\/e-ciftlik.com\/haberler\/gundem\/izmirde-deas-operasyonu-11-supheli-yakalandi\/#primaryimage"},"thumbnailUrl":"http:\/\/e-ciftlik.com\/haberler\/wp-content\/uploads\/2024\/07\/izmirde-teror-orgutu-deas-operasyonunda-11-supheli-yakalandi-1719901940423.jpeg","articleSection":["G\u00fcndem"],"inLanguage":"tr","potentialAction":[{"@type":"CommentAction","name":"Comment","target":["http:\/\/e-ciftlik.com\/haberler\/gundem\/izmirde-deas-operasyonu-11-supheli-yakalandi\/#respond"]}]},{"@type":"WebPage","@id":"http:\/\/e-ciftlik.com\/haberler\/gundem\/izmirde-deas-operasyonu-11-supheli-yakalandi\/","url":"http:\/\/e-ciftlik.com\/haberler\/gundem\/izmirde-deas-operasyonu-11-supheli-yakalandi\/","name":"\u0130zmir'de DEA\u015e Operasyonu: 11 \u015e\u00fcpheli Yakaland\u0131 - E-&Ccedil;\u0130FTL\u0130K HABER","isPartOf":{"@id":"http:\/\/e-ciftlik.com\/haberler\/#website"},"primaryImageOfPage":{"@id":"http:\/\/e-ciftlik.com\/haberler\/gundem\/izmirde-deas-operasyonu-11-supheli-yakalandi\/#primaryimage"},"image":{"@id":"http:\/\/e-ciftlik.com\/haberler\/gundem\/izmirde-deas-operasyonu-11-supheli-yakalandi\/#primaryimage"},"thumbnailUrl":"http:\/\/e-ciftlik.com\/haberler\/wp-content\/uploads\/2024\/07\/izmirde-teror-orgutu-deas-operasyonunda-11-supheli-yakalandi-1719901940423.jpeg","datePublished":"2024-07-02T06:41:37+00:00","description":"\u0130zmir'de ter\u00f6r \u00f6rg\u00fct\u00fc DEA\u015e'a y\u00f6nelik operasyonda 11 \u015f\u00fcpheli g\u00f6zalt\u0131na al\u0131nd\u0131. Operasyonda yakalanan zanl\u0131lar, silah, \u00f6rg\u00fctsel yay\u0131n ve \u00e7ok say\u0131da dijital","breadcrumb":{"@id":"http:\/\/e-ciftlik.com\/haberler\/gundem\/izmirde-deas-operasyonu-11-supheli-yakalandi\/#breadcrumb"},"inLanguage":"tr","potentialAction":[{"@type":"ReadAction","target":["http:\/\/e-ciftlik.com\/haberler\/gundem\/izmirde-deas-operasyonu-11-supheli-yakalandi\/"]}]},{"@type":"ImageObject","inLanguage":"tr","@id":"http:\/\/e-ciftlik.com\/haberler\/gundem\/izmirde-deas-operasyonu-11-supheli-yakalandi\/#primaryimage","url":"http:\/\/e-ciftlik.com\/haberler\/wp-content\/uploads\/2024\/07\/izmirde-teror-orgutu-deas-operasyonunda-11-supheli-yakalandi-1719901940423.jpeg","contentUrl":"http:\/\/e-ciftlik.com\/haberler\/wp-content\/uploads\/2024\/07\/izmirde-teror-orgutu-deas-operasyonunda-11-supheli-yakalandi-1719901940423.jpeg","width":1200,"height":675},{"@type":"BreadcrumbList","@id":"http:\/\/e-ciftlik.com\/haberler\/gundem\/izmirde-deas-operasyonu-11-supheli-yakalandi\/#breadcrumb","itemListElement":[{"@type":"ListItem","position":1,"name":"Anasayfa","item":"http:\/\/e-ciftlik.com\/haberler\/"},{"@type":"ListItem","position":2,"name":"\u0130zmir&#8217;de DEA\u015e Operasyonu: 11 \u015e\u00fcpheli Yakaland\u0131"}]},{"@type":"WebSite","@id":"http:\/\/e-ciftlik.com\/haberler\/#website","url":"http:\/\/e-ciftlik.com\/haberler\/","name":"E-\u00c7iftlik Haber | G\u00fcncel, Son Dakika Haberler, En Son Haber","description":"","publisher":{"@id":"http:\/\/e-ciftlik.com\/haberler\/#organization"},"potentialAction":[{"@type":"SearchAction","target":{"@type":"EntryPoint","urlTemplate":"http:\/\/e-ciftlik.com\/haberler\/?s={search_term_string}"},"query-input":{"@type":"PropertyValueSpecification","valueRequired":true,"valueName":"search_term_string"}}],"inLanguage":"tr"},{"@type":"Organization","@id":"http:\/\/e-ciftlik.com\/haberler\/#organization","name":"E-\u00c7\u0130FTL\u0130K HABER","url":"http:\/\/e-ciftlik.com\/haberler\/","logo":{"@type":"ImageObject","inLanguage":"tr","@id":"http:\/\/e-ciftlik.com\/haberler\/#\/schema\/logo\/image\/","url":"http:\/\/e-ciftlik.com\/haberler\/wp-content\/uploads\/2024\/06\/cropped-cropped-favicon-1-2.png","contentUrl":"http:\/\/e-ciftlik.com\/haberler\/wp-content\/uploads\/2024\/06\/cropped-cropped-favicon-1-2.png","width":512,"height":512,"caption":"E-\u00c7\u0130FTL\u0130K HABER"},"image":{"@id":"http:\/\/e-ciftlik.com\/haberler\/#\/schema\/logo\/image\/"},"sameAs":["https:\/\/www.facebook.com\/eciftlikturkiye","https:\/\/x.com\/eciftlikresmi","https:\/\/www.instagram.com\/eciftlikresmi\/"]},{"@type":"Person","@id":"http:\/\/e-ciftlik.com\/haberler\/#\/schema\/person\/d2f4fee3143d7f72be82cb887d51b00a","name":"Haber Merkezi","image":{"@type":"ImageObject","inLanguage":"tr","@id":"https:\/\/secure.gravatar.com\/avatar\/6c27d641914e66c1d0452c92716002398782818991d86db1c2cccb531e7c7c82?s=96&d=mm&r=g","url":"https:\/\/secure.gravatar.com\/avatar\/6c27d641914e66c1d0452c92716002398782818991d86db1c2cccb531e7c7c82?s=96&d=mm&r=g","contentUrl":"https:\/\/secure.gravatar.com\/avatar\/6c27d641914e66c1d0452c92716002398782818991d86db1c2cccb531e7c7c82?s=96&d=mm&r=g","caption":"Haber Merkezi"},"sameAs":["http:\/\/e-ciftlik.com\/haberler"]}]}},"_links":{"self":[{"href":"http:\/\/e-ciftlik.com\/haberler\/wp-json\/wp\/v2\/posts\/8639","targetHints":{"allow":["GET"]}}],"collection":[{"href":"http:\/\/e-ciftlik.com\/haberler\/wp-json\/wp\/v2\/posts"}],"about":[{"href":"http:\/\/e-ciftlik.com\/haberler\/wp-json\/wp\/v2\/types\/post"}],"author":[{"embeddable":true,"href":"http:\/\/e-ciftlik.com\/haberler\/wp-json\/wp\/v2\/users\/1"}],"replies":[{"embeddable":true,"href":"http:\/\/e-ciftlik.com\/haberler\/wp-json\/wp\/v2\/comments?post=8639"}],"version-history":[{"count":0,"href":"http:\/\/e-ciftlik.com\/haberler\/wp-json\/wp\/v2\/posts\/8639\/revisions"}],"wp:featuredmedia":[{"embeddable":true,"href":"http:\/\/e-ciftlik.com\/haberler\/wp-json\/wp\/v2\/media\/8640"}],"wp:attachment":[{"href":"http:\/\/e-ciftlik.com\/haberler\/wp-json\/wp\/v2\/media?parent=8639"}],"wp:term":[{"taxonomy":"category","embeddable":true,"href":"http:\/\/e-ciftlik.com\/haberler\/wp-json\/wp\/v2\/categories?post=8639"},{"taxonomy":"post_tag","embeddable":true,"href":"http:\/\/e-ciftlik.com\/haberler\/wp-json\/wp\/v2\/tags?post=8639"}],"curies":[{"name":"wp","href":"https:\/\/api.w.org\/{rel}","templated":true}]}}