{"id":8643,"date":"2024-07-01T13:39:00","date_gmt":"2024-07-01T13:39:00","guid":{"rendered":"http:\/\/e-ciftlik.com\/haberler\/tarim\/gedizde-tarla-yangini-ekipler-son-anda-mudahale-etti\/"},"modified":"2024-07-01T13:39:00","modified_gmt":"2024-07-01T13:39:00","slug":"gedizde-tarla-yangini-ekipler-son-anda-mudahale-etti","status":"publish","type":"post","link":"http:\/\/e-ciftlik.com\/haberler\/tarim\/gedizde-tarla-yangini-ekipler-son-anda-mudahale-etti\/","title":{"rendered":"Gediz&#8217;de Tarla Yang\u0131n\u0131! Ekipler Son Anda M\u00fcdahale Etti"},"content":{"rendered":"<p>K\u00fctahya&#8217;n\u0131n Gediz il\u00e7esinde bulunan tar\u0131m arazilerinde meydana gelen yang\u0131n, ekiplerin zaman\u0131nda m\u00fcdahalesi sayesinde kontrol alt\u0131na al\u0131nd\u0131. Gediz il\u00e7esine ba\u011fl\u0131 olan Day\u0131nlar Mahallesi yak\u0131nlar\u0131nda bi\u00e7ilen ekinlerin aras\u0131nda an\u0131z bulunan bu\u011fday tarlas\u0131nda yang\u0131n \u00e7\u0131kt\u0131. R\u00fczgar\u0131n da etkisiyle h\u0131zla yay\u0131lan alevler, \u00e7evredeki tarlalara ve a\u011fa\u00e7l\u0131k alana s\u0131\u00e7rad\u0131.<\/p>\n<p>\u0130hbar\u0131n ard\u0131ndan b\u00f6lgeye Gediz Orman \u0130\u015fletme M\u00fcd\u00fcrl\u00fc\u011f\u00fc ve Gediz Belediyesine ait itfaiye ekipleri sevk edildi. Ekipler taraf\u0131ndan h\u0131zla m\u00fcdahale edilen yang\u0131n, araz\u00f6zlerin de katk\u0131s\u0131yla kontrol alt\u0131na al\u0131nd\u0131 ve so\u011futma \u00e7al\u0131\u015fmalar\u0131na ba\u015fland\u0131. Yang\u0131n s\u0131ras\u0131nda zarar g\u00f6ren tarlalar ve a\u011fa\u00e7l\u0131k alan, dronlar kullan\u0131larak g\u00f6r\u00fcnt\u00fclendi.<\/p>\n<p>Olayla ilgili detaylar, K\u00fctahya, Gediz, \u00c7evre, Ya\u015fam gibi konularla ilgili g\u00fcncel haberler aras\u0131nda yerini ald\u0131.<\/p>\n","protected":false},"excerpt":{"rendered":"<p>K\u00fctahya&#8217;n\u0131n Gediz il\u00e7esinde bulunan tar\u0131m arazilerinde meydana gelen yang\u0131n, ekiplerin zaman\u0131nda m\u00fcdahalesi sayesinde kontrol alt\u0131na&hellip;<\/p>\n","protected":false},"author":1,"featured_media":8644,"comment_status":"open","ping_status":"open","sticky":false,"template":"","format":"standard","meta":{"footnotes":""},"categories":[9],"tags":[],"class_list":["post-8643","post","type-post","status-publish","format-standard","has-post-thumbnail","hentry","category-tarim"],"yoast_head":"<!-- This site is optimized with the Yoast SEO Premium plugin v24.3 (Yoast SEO v27.4) - https:\/\/yoast.com\/product\/yoast-seo-premium-wordpress\/ -->\n<title>Gediz&#039;de Tarla Yang\u0131n\u0131! Ekipler Son Anda M\u00fcdahale Etti - E-&Ccedil;\u0130FTL\u0130K HABER<\/title>\n<meta name=\"description\" content=\"K\u00fctahya&#039;n\u0131n Gediz il\u00e7esinde bulunan tar\u0131m arazilerinde meydana gelen yang\u0131n, ekiplerin zaman\u0131nda m\u00fcdahalesi sayesinde kontrol alt\u0131na al\u0131nd\u0131. Gediz\" \/>\n<meta name=\"robots\" content=\"index, follow, max-snippet:-1, max-image-preview:large, max-video-preview:-1\" \/>\n<link rel=\"canonical\" href=\"http:\/\/e-ciftlik.com\/haberler\/tarim\/gedizde-tarla-yangini-ekipler-son-anda-mudahale-etti\/\" \/>\n<meta property=\"og:locale\" content=\"tr_TR\" \/>\n<meta property=\"og:type\" content=\"article\" \/>\n<meta property=\"og:title\" content=\"Gediz&#039;de Tarla Yang\u0131n\u0131! Ekipler Son Anda M\u00fcdahale Etti\" \/>\n<meta property=\"og:description\" content=\"K\u00fctahya&#039;n\u0131n Gediz il\u00e7esinde bulunan tar\u0131m arazilerinde meydana gelen yang\u0131n, ekiplerin zaman\u0131nda m\u00fcdahalesi sayesinde kontrol alt\u0131na al\u0131nd\u0131. Gediz\" \/>\n<meta property=\"og:url\" content=\"http:\/\/e-ciftlik.com\/haberler\/tarim\/gedizde-tarla-yangini-ekipler-son-anda-mudahale-etti\/\" \/>\n<meta property=\"og:site_name\" content=\"E-&Ccedil;\u0130FTL\u0130K HABER\" \/>\n<meta property=\"article:publisher\" content=\"https:\/\/www.facebook.com\/eciftlikturkiye\" \/>\n<meta property=\"article:published_time\" content=\"2024-07-01T13:39:00+00:00\" \/>\n<meta property=\"og:image\" content=\"http:\/\/e-ciftlik.com\/haberler\/wp-content\/uploads\/2024\/07\/kutahya-da-agaclik-alana-sicrayan-aniz-yangin-17477192_amp.jpg\" \/>\n\t<meta property=\"og:image:width\" content=\"1234\" \/>\n\t<meta property=\"og:image:height\" content=\"675\" \/>\n\t<meta property=\"og:image:type\" content=\"image\/jpeg\" \/>\n<meta name=\"author\" content=\"Haber Merkezi\" \/>\n<meta name=\"twitter:card\" content=\"summary_large_image\" \/>\n<meta name=\"twitter:creator\" content=\"@eciftlikresmi\" \/>\n<meta name=\"twitter:site\" content=\"@eciftlikresmi\" \/>\n<meta name=\"twitter:label1\" content=\"Yazan:\" \/>\n\t<meta name=\"twitter:data1\" content=\"Haber Merkezi\" \/>\n\t<meta name=\"twitter:label2\" content=\"Tahmini okuma s\u00fcresi\" \/>\n\t<meta name=\"twitter:data2\" content=\"1 dakika\" \/>\n<script type=\"application\/ld+json\" class=\"yoast-schema-graph\">{\"@context\":\"https:\\\/\\\/schema.org\",\"@graph\":[{\"@type\":\"NewsArticle\",\"@id\":\"http:\\\/\\\/e-ciftlik.com\\\/haberler\\\/tarim\\\/gedizde-tarla-yangini-ekipler-son-anda-mudahale-etti\\\/#article\",\"isPartOf\":{\"@id\":\"http:\\\/\\\/e-ciftlik.com\\\/haberler\\\/tarim\\\/gedizde-tarla-yangini-ekipler-son-anda-mudahale-etti\\\/\"},\"author\":{\"name\":\"Haber Merkezi\",\"@id\":\"https:\\\/\\\/e-ciftlik.com\\\/haberler\\\/#\\\/schema\\\/person\\\/d2f4fee3143d7f72be82cb887d51b00a\"},\"headline\":\"Gediz&#8217;de Tarla Yang\u0131n\u0131! Ekipler Son Anda M\u00fcdahale Etti\",\"datePublished\":\"2024-07-01T13:39:00+00:00\",\"mainEntityOfPage\":{\"@id\":\"http:\\\/\\\/e-ciftlik.com\\\/haberler\\\/tarim\\\/gedizde-tarla-yangini-ekipler-son-anda-mudahale-etti\\\/\"},\"wordCount\":174,\"commentCount\":0,\"publisher\":{\"@id\":\"https:\\\/\\\/e-ciftlik.com\\\/haberler\\\/#organization\"},\"image\":{\"@id\":\"http:\\\/\\\/e-ciftlik.com\\\/haberler\\\/tarim\\\/gedizde-tarla-yangini-ekipler-son-anda-mudahale-etti\\\/#primaryimage\"},\"thumbnailUrl\":\"http:\\\/\\\/e-ciftlik.com\\\/haberler\\\/wp-content\\\/uploads\\\/2024\\\/07\\\/kutahya-da-agaclik-alana-sicrayan-aniz-yangin-17477192_amp.jpg\",\"articleSection\":[\"Tar\u0131m\"],\"inLanguage\":\"tr\",\"potentialAction\":[{\"@type\":\"CommentAction\",\"name\":\"Comment\",\"target\":[\"http:\\\/\\\/e-ciftlik.com\\\/haberler\\\/tarim\\\/gedizde-tarla-yangini-ekipler-son-anda-mudahale-etti\\\/#respond\"]}]},{\"@type\":\"WebPage\",\"@id\":\"http:\\\/\\\/e-ciftlik.com\\\/haberler\\\/tarim\\\/gedizde-tarla-yangini-ekipler-son-anda-mudahale-etti\\\/\",\"url\":\"http:\\\/\\\/e-ciftlik.com\\\/haberler\\\/tarim\\\/gedizde-tarla-yangini-ekipler-son-anda-mudahale-etti\\\/\",\"name\":\"Gediz'de Tarla Yang\u0131n\u0131! Ekipler Son Anda M\u00fcdahale Etti - E-&Ccedil;\u0130FTL\u0130K HABER\",\"isPartOf\":{\"@id\":\"https:\\\/\\\/e-ciftlik.com\\\/haberler\\\/#website\"},\"primaryImageOfPage\":{\"@id\":\"http:\\\/\\\/e-ciftlik.com\\\/haberler\\\/tarim\\\/gedizde-tarla-yangini-ekipler-son-anda-mudahale-etti\\\/#primaryimage\"},\"image\":{\"@id\":\"http:\\\/\\\/e-ciftlik.com\\\/haberler\\\/tarim\\\/gedizde-tarla-yangini-ekipler-son-anda-mudahale-etti\\\/#primaryimage\"},\"thumbnailUrl\":\"http:\\\/\\\/e-ciftlik.com\\\/haberler\\\/wp-content\\\/uploads\\\/2024\\\/07\\\/kutahya-da-agaclik-alana-sicrayan-aniz-yangin-17477192_amp.jpg\",\"datePublished\":\"2024-07-01T13:39:00+00:00\",\"description\":\"K\u00fctahya'n\u0131n Gediz il\u00e7esinde bulunan tar\u0131m arazilerinde meydana gelen yang\u0131n, ekiplerin zaman\u0131nda m\u00fcdahalesi sayesinde kontrol alt\u0131na al\u0131nd\u0131. Gediz\",\"breadcrumb\":{\"@id\":\"http:\\\/\\\/e-ciftlik.com\\\/haberler\\\/tarim\\\/gedizde-tarla-yangini-ekipler-son-anda-mudahale-etti\\\/#breadcrumb\"},\"inLanguage\":\"tr\",\"potentialAction\":[{\"@type\":\"ReadAction\",\"target\":[\"http:\\\/\\\/e-ciftlik.com\\\/haberler\\\/tarim\\\/gedizde-tarla-yangini-ekipler-son-anda-mudahale-etti\\\/\"]}]},{\"@type\":\"ImageObject\",\"inLanguage\":\"tr\",\"@id\":\"http:\\\/\\\/e-ciftlik.com\\\/haberler\\\/tarim\\\/gedizde-tarla-yangini-ekipler-son-anda-mudahale-etti\\\/#primaryimage\",\"url\":\"http:\\\/\\\/e-ciftlik.com\\\/haberler\\\/wp-content\\\/uploads\\\/2024\\\/07\\\/kutahya-da-agaclik-alana-sicrayan-aniz-yangin-17477192_amp.jpg\",\"contentUrl\":\"http:\\\/\\\/e-ciftlik.com\\\/haberler\\\/wp-content\\\/uploads\\\/2024\\\/07\\\/kutahya-da-agaclik-alana-sicrayan-aniz-yangin-17477192_amp.jpg\",\"width\":1234,\"height\":675},{\"@type\":\"BreadcrumbList\",\"@id\":\"http:\\\/\\\/e-ciftlik.com\\\/haberler\\\/tarim\\\/gedizde-tarla-yangini-ekipler-son-anda-mudahale-etti\\\/#breadcrumb\",\"itemListElement\":[{\"@type\":\"ListItem\",\"position\":1,\"name\":\"Anasayfa\",\"item\":\"https:\\\/\\\/e-ciftlik.com\\\/haberler\\\/\"},{\"@type\":\"ListItem\",\"position\":2,\"name\":\"Gediz&#8217;de Tarla Yang\u0131n\u0131! Ekipler Son Anda M\u00fcdahale Etti\"}]},{\"@type\":\"WebSite\",\"@id\":\"https:\\\/\\\/e-ciftlik.com\\\/haberler\\\/#website\",\"url\":\"https:\\\/\\\/e-ciftlik.com\\\/haberler\\\/\",\"name\":\"E-\u00c7iftlik Haber | G\u00fcncel, Son Dakika Haberler, En Son Haber\",\"description\":\"\",\"publisher\":{\"@id\":\"https:\\\/\\\/e-ciftlik.com\\\/haberler\\\/#organization\"},\"potentialAction\":[{\"@type\":\"SearchAction\",\"target\":{\"@type\":\"EntryPoint\",\"urlTemplate\":\"https:\\\/\\\/e-ciftlik.com\\\/haberler\\\/?s={search_term_string}\"},\"query-input\":{\"@type\":\"PropertyValueSpecification\",\"valueRequired\":true,\"valueName\":\"search_term_string\"}}],\"inLanguage\":\"tr\"},{\"@type\":\"Organization\",\"@id\":\"https:\\\/\\\/e-ciftlik.com\\\/haberler\\\/#organization\",\"name\":\"E-\u00c7\u0130FTL\u0130K HABER\",\"url\":\"https:\\\/\\\/e-ciftlik.com\\\/haberler\\\/\",\"logo\":{\"@type\":\"ImageObject\",\"inLanguage\":\"tr\",\"@id\":\"https:\\\/\\\/e-ciftlik.com\\\/haberler\\\/#\\\/schema\\\/logo\\\/image\\\/\",\"url\":\"http:\\\/\\\/e-ciftlik.com\\\/haberler\\\/wp-content\\\/uploads\\\/2024\\\/06\\\/cropped-cropped-favicon-1-2.png\",\"contentUrl\":\"http:\\\/\\\/e-ciftlik.com\\\/haberler\\\/wp-content\\\/uploads\\\/2024\\\/06\\\/cropped-cropped-favicon-1-2.png\",\"width\":512,\"height\":512,\"caption\":\"E-\u00c7\u0130FTL\u0130K HABER\"},\"image\":{\"@id\":\"https:\\\/\\\/e-ciftlik.com\\\/haberler\\\/#\\\/schema\\\/logo\\\/image\\\/\"},\"sameAs\":[\"https:\\\/\\\/www.facebook.com\\\/eciftlikturkiye\",\"https:\\\/\\\/x.com\\\/eciftlikresmi\",\"https:\\\/\\\/www.instagram.com\\\/eciftlikresmi\\\/\"]},{\"@type\":\"Person\",\"@id\":\"https:\\\/\\\/e-ciftlik.com\\\/haberler\\\/#\\\/schema\\\/person\\\/d2f4fee3143d7f72be82cb887d51b00a\",\"name\":\"Haber Merkezi\",\"image\":{\"@type\":\"ImageObject\",\"inLanguage\":\"tr\",\"@id\":\"https:\\\/\\\/secure.gravatar.com\\\/avatar\\\/6c27d641914e66c1d0452c92716002398782818991d86db1c2cccb531e7c7c82?s=96&d=mm&r=g\",\"url\":\"https:\\\/\\\/secure.gravatar.com\\\/avatar\\\/6c27d641914e66c1d0452c92716002398782818991d86db1c2cccb531e7c7c82?s=96&d=mm&r=g\",\"contentUrl\":\"https:\\\/\\\/secure.gravatar.com\\\/avatar\\\/6c27d641914e66c1d0452c92716002398782818991d86db1c2cccb531e7c7c82?s=96&d=mm&r=g\",\"caption\":\"Haber Merkezi\"},\"sameAs\":[\"http:\\\/\\\/e-ciftlik.com\\\/haberler\"]}]}<\/script>\n<!-- \/ Yoast SEO Premium plugin. -->","yoast_head_json":{"title":"Gediz'de Tarla Yang\u0131n\u0131! Ekipler Son Anda M\u00fcdahale Etti - E-&Ccedil;\u0130FTL\u0130K HABER","description":"K\u00fctahya'n\u0131n Gediz il\u00e7esinde bulunan tar\u0131m arazilerinde meydana gelen yang\u0131n, ekiplerin zaman\u0131nda m\u00fcdahalesi sayesinde kontrol alt\u0131na al\u0131nd\u0131. Gediz","robots":{"index":"index","follow":"follow","max-snippet":"max-snippet:-1","max-image-preview":"max-image-preview:large","max-video-preview":"max-video-preview:-1"},"canonical":"http:\/\/e-ciftlik.com\/haberler\/tarim\/gedizde-tarla-yangini-ekipler-son-anda-mudahale-etti\/","og_locale":"tr_TR","og_type":"article","og_title":"Gediz'de Tarla Yang\u0131n\u0131! Ekipler Son Anda M\u00fcdahale Etti","og_description":"K\u00fctahya'n\u0131n Gediz il\u00e7esinde bulunan tar\u0131m arazilerinde meydana gelen yang\u0131n, ekiplerin zaman\u0131nda m\u00fcdahalesi sayesinde kontrol alt\u0131na al\u0131nd\u0131. Gediz","og_url":"http:\/\/e-ciftlik.com\/haberler\/tarim\/gedizde-tarla-yangini-ekipler-son-anda-mudahale-etti\/","og_site_name":"E-&Ccedil;\u0130FTL\u0130K HABER","article_publisher":"https:\/\/www.facebook.com\/eciftlikturkiye","article_published_time":"2024-07-01T13:39:00+00:00","og_image":[{"width":1234,"height":675,"url":"http:\/\/e-ciftlik.com\/haberler\/wp-content\/uploads\/2024\/07\/kutahya-da-agaclik-alana-sicrayan-aniz-yangin-17477192_amp.jpg","type":"image\/jpeg"}],"author":"Haber Merkezi","twitter_card":"summary_large_image","twitter_creator":"@eciftlikresmi","twitter_site":"@eciftlikresmi","twitter_misc":{"Yazan:":"Haber Merkezi","Tahmini okuma s\u00fcresi":"1 dakika"},"schema":{"@context":"https:\/\/schema.org","@graph":[{"@type":"NewsArticle","@id":"http:\/\/e-ciftlik.com\/haberler\/tarim\/gedizde-tarla-yangini-ekipler-son-anda-mudahale-etti\/#article","isPartOf":{"@id":"http:\/\/e-ciftlik.com\/haberler\/tarim\/gedizde-tarla-yangini-ekipler-son-anda-mudahale-etti\/"},"author":{"name":"Haber Merkezi","@id":"https:\/\/e-ciftlik.com\/haberler\/#\/schema\/person\/d2f4fee3143d7f72be82cb887d51b00a"},"headline":"Gediz&#8217;de Tarla Yang\u0131n\u0131! Ekipler Son Anda M\u00fcdahale Etti","datePublished":"2024-07-01T13:39:00+00:00","mainEntityOfPage":{"@id":"http:\/\/e-ciftlik.com\/haberler\/tarim\/gedizde-tarla-yangini-ekipler-son-anda-mudahale-etti\/"},"wordCount":174,"commentCount":0,"publisher":{"@id":"https:\/\/e-ciftlik.com\/haberler\/#organization"},"image":{"@id":"http:\/\/e-ciftlik.com\/haberler\/tarim\/gedizde-tarla-yangini-ekipler-son-anda-mudahale-etti\/#primaryimage"},"thumbnailUrl":"http:\/\/e-ciftlik.com\/haberler\/wp-content\/uploads\/2024\/07\/kutahya-da-agaclik-alana-sicrayan-aniz-yangin-17477192_amp.jpg","articleSection":["Tar\u0131m"],"inLanguage":"tr","potentialAction":[{"@type":"CommentAction","name":"Comment","target":["http:\/\/e-ciftlik.com\/haberler\/tarim\/gedizde-tarla-yangini-ekipler-son-anda-mudahale-etti\/#respond"]}]},{"@type":"WebPage","@id":"http:\/\/e-ciftlik.com\/haberler\/tarim\/gedizde-tarla-yangini-ekipler-son-anda-mudahale-etti\/","url":"http:\/\/e-ciftlik.com\/haberler\/tarim\/gedizde-tarla-yangini-ekipler-son-anda-mudahale-etti\/","name":"Gediz'de Tarla Yang\u0131n\u0131! Ekipler Son Anda M\u00fcdahale Etti - E-&Ccedil;\u0130FTL\u0130K HABER","isPartOf":{"@id":"https:\/\/e-ciftlik.com\/haberler\/#website"},"primaryImageOfPage":{"@id":"http:\/\/e-ciftlik.com\/haberler\/tarim\/gedizde-tarla-yangini-ekipler-son-anda-mudahale-etti\/#primaryimage"},"image":{"@id":"http:\/\/e-ciftlik.com\/haberler\/tarim\/gedizde-tarla-yangini-ekipler-son-anda-mudahale-etti\/#primaryimage"},"thumbnailUrl":"http:\/\/e-ciftlik.com\/haberler\/wp-content\/uploads\/2024\/07\/kutahya-da-agaclik-alana-sicrayan-aniz-yangin-17477192_amp.jpg","datePublished":"2024-07-01T13:39:00+00:00","description":"K\u00fctahya'n\u0131n Gediz il\u00e7esinde bulunan tar\u0131m arazilerinde meydana gelen yang\u0131n, ekiplerin zaman\u0131nda m\u00fcdahalesi sayesinde kontrol alt\u0131na al\u0131nd\u0131. Gediz","breadcrumb":{"@id":"http:\/\/e-ciftlik.com\/haberler\/tarim\/gedizde-tarla-yangini-ekipler-son-anda-mudahale-etti\/#breadcrumb"},"inLanguage":"tr","potentialAction":[{"@type":"ReadAction","target":["http:\/\/e-ciftlik.com\/haberler\/tarim\/gedizde-tarla-yangini-ekipler-son-anda-mudahale-etti\/"]}]},{"@type":"ImageObject","inLanguage":"tr","@id":"http:\/\/e-ciftlik.com\/haberler\/tarim\/gedizde-tarla-yangini-ekipler-son-anda-mudahale-etti\/#primaryimage","url":"http:\/\/e-ciftlik.com\/haberler\/wp-content\/uploads\/2024\/07\/kutahya-da-agaclik-alana-sicrayan-aniz-yangin-17477192_amp.jpg","contentUrl":"http:\/\/e-ciftlik.com\/haberler\/wp-content\/uploads\/2024\/07\/kutahya-da-agaclik-alana-sicrayan-aniz-yangin-17477192_amp.jpg","width":1234,"height":675},{"@type":"BreadcrumbList","@id":"http:\/\/e-ciftlik.com\/haberler\/tarim\/gedizde-tarla-yangini-ekipler-son-anda-mudahale-etti\/#breadcrumb","itemListElement":[{"@type":"ListItem","position":1,"name":"Anasayfa","item":"https:\/\/e-ciftlik.com\/haberler\/"},{"@type":"ListItem","position":2,"name":"Gediz&#8217;de Tarla Yang\u0131n\u0131! Ekipler Son Anda M\u00fcdahale Etti"}]},{"@type":"WebSite","@id":"https:\/\/e-ciftlik.com\/haberler\/#website","url":"https:\/\/e-ciftlik.com\/haberler\/","name":"E-\u00c7iftlik Haber | G\u00fcncel, Son Dakika Haberler, En Son Haber","description":"","publisher":{"@id":"https:\/\/e-ciftlik.com\/haberler\/#organization"},"potentialAction":[{"@type":"SearchAction","target":{"@type":"EntryPoint","urlTemplate":"https:\/\/e-ciftlik.com\/haberler\/?s={search_term_string}"},"query-input":{"@type":"PropertyValueSpecification","valueRequired":true,"valueName":"search_term_string"}}],"inLanguage":"tr"},{"@type":"Organization","@id":"https:\/\/e-ciftlik.com\/haberler\/#organization","name":"E-\u00c7\u0130FTL\u0130K HABER","url":"https:\/\/e-ciftlik.com\/haberler\/","logo":{"@type":"ImageObject","inLanguage":"tr","@id":"https:\/\/e-ciftlik.com\/haberler\/#\/schema\/logo\/image\/","url":"http:\/\/e-ciftlik.com\/haberler\/wp-content\/uploads\/2024\/06\/cropped-cropped-favicon-1-2.png","contentUrl":"http:\/\/e-ciftlik.com\/haberler\/wp-content\/uploads\/2024\/06\/cropped-cropped-favicon-1-2.png","width":512,"height":512,"caption":"E-\u00c7\u0130FTL\u0130K HABER"},"image":{"@id":"https:\/\/e-ciftlik.com\/haberler\/#\/schema\/logo\/image\/"},"sameAs":["https:\/\/www.facebook.com\/eciftlikturkiye","https:\/\/x.com\/eciftlikresmi","https:\/\/www.instagram.com\/eciftlikresmi\/"]},{"@type":"Person","@id":"https:\/\/e-ciftlik.com\/haberler\/#\/schema\/person\/d2f4fee3143d7f72be82cb887d51b00a","name":"Haber Merkezi","image":{"@type":"ImageObject","inLanguage":"tr","@id":"https:\/\/secure.gravatar.com\/avatar\/6c27d641914e66c1d0452c92716002398782818991d86db1c2cccb531e7c7c82?s=96&d=mm&r=g","url":"https:\/\/secure.gravatar.com\/avatar\/6c27d641914e66c1d0452c92716002398782818991d86db1c2cccb531e7c7c82?s=96&d=mm&r=g","contentUrl":"https:\/\/secure.gravatar.com\/avatar\/6c27d641914e66c1d0452c92716002398782818991d86db1c2cccb531e7c7c82?s=96&d=mm&r=g","caption":"Haber Merkezi"},"sameAs":["http:\/\/e-ciftlik.com\/haberler"]}]}},"_links":{"self":[{"href":"http:\/\/e-ciftlik.com\/haberler\/wp-json\/wp\/v2\/posts\/8643","targetHints":{"allow":["GET"]}}],"collection":[{"href":"http:\/\/e-ciftlik.com\/haberler\/wp-json\/wp\/v2\/posts"}],"about":[{"href":"http:\/\/e-ciftlik.com\/haberler\/wp-json\/wp\/v2\/types\/post"}],"author":[{"embeddable":true,"href":"http:\/\/e-ciftlik.com\/haberler\/wp-json\/wp\/v2\/users\/1"}],"replies":[{"embeddable":true,"href":"http:\/\/e-ciftlik.com\/haberler\/wp-json\/wp\/v2\/comments?post=8643"}],"version-history":[{"count":0,"href":"http:\/\/e-ciftlik.com\/haberler\/wp-json\/wp\/v2\/posts\/8643\/revisions"}],"wp:featuredmedia":[{"embeddable":true,"href":"http:\/\/e-ciftlik.com\/haberler\/wp-json\/wp\/v2\/media\/8644"}],"wp:attachment":[{"href":"http:\/\/e-ciftlik.com\/haberler\/wp-json\/wp\/v2\/media?parent=8643"}],"wp:term":[{"taxonomy":"category","embeddable":true,"href":"http:\/\/e-ciftlik.com\/haberler\/wp-json\/wp\/v2\/categories?post=8643"},{"taxonomy":"post_tag","embeddable":true,"href":"http:\/\/e-ciftlik.com\/haberler\/wp-json\/wp\/v2\/tags?post=8643"}],"curies":[{"name":"wp","href":"https:\/\/api.w.org\/{rel}","templated":true}]}}