{"id":8645,"date":"2024-07-02T07:19:26","date_gmt":"2024-07-02T07:19:26","guid":{"rendered":"http:\/\/e-ciftlik.com\/haberler\/seyahat\/orban-ve-muttefikleri-avrupada-vatansever-hareket-baslatti\/"},"modified":"2024-07-02T07:19:26","modified_gmt":"2024-07-02T07:19:26","slug":"orban-ve-muttefikleri-avrupada-vatansever-hareket-baslatti","status":"publish","type":"post","link":"http:\/\/e-ciftlik.com\/haberler\/seyahat\/orban-ve-muttefikleri-avrupada-vatansever-hareket-baslatti\/","title":{"rendered":"Orban ve M\u00fcttefikleri Avrupa&#8217;da Vatansever Hareket Ba\u015flatt\u0131"},"content":{"rendered":"<p>30 Haziran 2024 tarihinde Avrupa Parlamentosu se\u00e7imlerinin ard\u0131ndan Macaristan Ba\u015fbakan\u0131 Viktor Orban, yeni bir a\u015f\u0131r\u0131 sa\u011f ittifak\u0131n kuruldu\u011funu duyurdu. Orban, Avusturya&#8217;n\u0131n a\u015f\u0131r\u0131 sa\u011fc\u0131 \u00d6zg\u00fcrl\u00fck Partisi&#8217;nin lideri Herbert Kickl ve \u00c7ekya&#8217;n\u0131n eski ba\u015fbakan\u0131 ve ANO 2011&#8217;in genel ba\u015fkan\u0131 Andrej Babis ile birlikte Pazar sabah\u0131 Viyana&#8217;da bulunan &#8220;Vatansever Manifesto&#8221; adl\u0131 metni imzalayarak &#8220;Avrupa i\u00e7in Vatanseverler&#8221; hareketini ba\u015flatt\u0131.<\/p>\n<p>Orban, yeni ittifaklar\u0131n\u0131n Avrupa Parlamentosu&#8217;ndaki a\u015f\u0131r\u0131 sa\u011f partilerin &#8220;Avrupa i\u00e7in Vatanseverler&#8221; hareketi ad\u0131 alt\u0131nda bir araya gelece\u011fini belirtti. FP\u00d6&#8217;n\u00fcn genel ba\u015fkan\u0131 Herbert Kickl ise ittifak\u0131n vatanseverlik temelinde olu\u015fturuldu\u011funu ve Avrupa&#8217;ya daha iyi bir gelecek sa\u011flamay\u0131 ama\u00e7lad\u0131\u011f\u0131n\u0131 a\u00e7\u0131klad\u0131.<\/p>\n<p>Macaristan&#8217;da yay\u0131nlanan Magyar Nemzet gazetesi, Orban&#8217;\u0131n &#8220;\u0130hanet ve Yeniden Dizayn&#8221; ba\u015fl\u0131kl\u0131 makalesini yay\u0131nlad\u0131. Makalede, Avrupa Halk Partisi, sosyalistler ve liberallerin Ukrayna&#8217;ya yapt\u0131klar\u0131 yard\u0131mlar nedeniyle &#8220;sava\u015f yanl\u0131s\u0131&#8221; olmakla su\u00e7land\u0131. Orban, Avrupa&#8217;daki krizin, ter\u00f6r tehditlerinin ve kamu g\u00fcvenli\u011finin azalmas\u0131n\u0131n Avrupa&#8217;n\u0131n manas\u0131n\u0131 kaybetti\u011fini vurgulad\u0131.<\/p>\n<p>Orban, Avrupa&#8217;daki sa\u011fc\u0131 partiler aras\u0131nda i\u015fbirli\u011fi yapmaya s\u0131cak bakt\u0131\u011f\u0131n\u0131 belirtti ve Avrupa&#8217;daki \u015firketlerin fel\u00e7 oldu\u011funu, enflasyonun y\u00fckseldi\u011fini ve vatanda\u015flar\u0131n zor durumda oldu\u011funu dile getirdi. Ayr\u0131ca, vatanseverlerin, Tanr\u0131&#8217;n\u0131n yard\u0131m\u0131yla \u00e7o\u011funlu\u011fu elde ederek Avrupal\u0131 se\u00e7menlerin iradesine sahip \u00e7\u0131kacaklar\u0131n\u0131 ifade etti.<\/p>\n<p>Macaristan, 1 Temmuz&#8217;dan itibaren AB d\u00f6nem ba\u015fkanl\u0131\u011f\u0131n\u0131 &#8220;Avrupa&#8217;y\u0131 Yeniden Harika Yap&#8221; slogan\u0131yla yapacak. Macaristan&#8217;\u0131n AB Bakan\u0131 Janos Boka, sloganlar\u0131n\u0131n birlik ve g\u00fcc\u00fc temsil etti\u011fini belirterek, Avrupa&#8217;n\u0131n birlikte daha g\u00fc\u00e7l\u00fc oldu\u011funu vurgulad\u0131.<\/p>\n<p>Ge\u00e7ti\u011fimiz y\u0131l Avrupa Parlamentosu, Macaristan&#8217;\u0131n demokratik de\u011ferlerinin geriledi\u011fine dair ba\u011flay\u0131c\u0131 olmayan bir karar\u0131 kabul etmi\u015fti. Orban, Ukrayna&#8217;n\u0131n i\u015fgaline ra\u011fmen Rusya&#8217;ya silah sa\u011flamay\u0131 reddederek AB&#8217;nin Rusya&#8217;ya yapt\u0131r\u0131mlar\u0131n\u0131 ele\u015ftirmi\u015fti. Macaristan, daha \u00f6nce Orban&#8217;\u0131n iktidara gelmesiyle 2011&#8217;de AB ba\u015fkanl\u0131\u011f\u0131n\u0131 \u00fcstlenmi\u015fti.<\/p>\n","protected":false},"excerpt":{"rendered":"<p>30 Haziran 2024 tarihinde Avrupa Parlamentosu se\u00e7imlerinin ard\u0131ndan Macaristan Ba\u015fbakan\u0131 Viktor Orban, yeni bir a\u015f\u0131r\u0131&hellip;<\/p>\n","protected":false},"author":1,"featured_media":8646,"comment_status":"open","ping_status":"open","sticky":false,"template":"","format":"standard","meta":{"footnotes":""},"categories":[14],"tags":[],"class_list":["post-8645","post","type-post","status-publish","format-standard","has-post-thumbnail","hentry","category-seyahat"],"yoast_head":"<!-- This site is optimized with the Yoast SEO Premium plugin v24.3 (Yoast SEO v27.4) - https:\/\/yoast.com\/product\/yoast-seo-premium-wordpress\/ -->\n<title>Orban ve M\u00fcttefikleri Avrupa&#039;da Vatansever Hareket Ba\u015flatt\u0131 - E-&Ccedil;\u0130FTL\u0130K HABER<\/title>\n<meta name=\"description\" content=\"30 Haziran 2024 tarihinde Avrupa Parlamentosu se\u00e7imlerinin ard\u0131ndan Macaristan Ba\u015fbakan\u0131 Viktor Orban, yeni bir a\u015f\u0131r\u0131 sa\u011f ittifak\u0131n kuruldu\u011funu duyurdu.\" \/>\n<meta name=\"robots\" content=\"index, follow, max-snippet:-1, max-image-preview:large, max-video-preview:-1\" \/>\n<link rel=\"canonical\" href=\"http:\/\/e-ciftlik.com\/haberler\/seyahat\/orban-ve-muttefikleri-avrupada-vatansever-hareket-baslatti\/\" \/>\n<meta property=\"og:locale\" content=\"tr_TR\" \/>\n<meta property=\"og:type\" content=\"article\" \/>\n<meta property=\"og:title\" content=\"Orban ve M\u00fcttefikleri Avrupa&#039;da Vatansever Hareket Ba\u015flatt\u0131\" \/>\n<meta property=\"og:description\" content=\"30 Haziran 2024 tarihinde Avrupa Parlamentosu se\u00e7imlerinin ard\u0131ndan Macaristan Ba\u015fbakan\u0131 Viktor Orban, yeni bir a\u015f\u0131r\u0131 sa\u011f ittifak\u0131n kuruldu\u011funu duyurdu.\" \/>\n<meta property=\"og:url\" content=\"http:\/\/e-ciftlik.com\/haberler\/seyahat\/orban-ve-muttefikleri-avrupada-vatansever-hareket-baslatti\/\" \/>\n<meta property=\"og:site_name\" content=\"E-&Ccedil;\u0130FTL\u0130K HABER\" \/>\n<meta property=\"article:publisher\" content=\"https:\/\/www.facebook.com\/eciftlikturkiye\" \/>\n<meta property=\"article:published_time\" content=\"2024-07-02T07:19:26+00:00\" \/>\n<meta property=\"og:image\" content=\"http:\/\/e-ciftlik.com\/haberler\/wp-content\/uploads\/2024\/07\/1200x675_cmsv2_dc7b6e37-2ba3-5497-bfa3-adf7beaa644e-8540148.jpg\" \/>\n\t<meta property=\"og:image:width\" content=\"1200\" \/>\n\t<meta property=\"og:image:height\" content=\"675\" \/>\n\t<meta property=\"og:image:type\" content=\"image\/jpeg\" \/>\n<meta name=\"author\" content=\"Haber Merkezi\" \/>\n<meta name=\"twitter:card\" content=\"summary_large_image\" \/>\n<meta name=\"twitter:creator\" content=\"@eciftlikresmi\" \/>\n<meta name=\"twitter:site\" content=\"@eciftlikresmi\" \/>\n<meta name=\"twitter:label1\" content=\"Yazan:\" \/>\n\t<meta name=\"twitter:data1\" content=\"Haber Merkezi\" \/>\n\t<meta name=\"twitter:label2\" content=\"Tahmini okuma s\u00fcresi\" \/>\n\t<meta name=\"twitter:data2\" content=\"2 dakika\" \/>\n<script type=\"application\/ld+json\" class=\"yoast-schema-graph\">{\"@context\":\"https:\\\/\\\/schema.org\",\"@graph\":[{\"@type\":\"NewsArticle\",\"@id\":\"http:\\\/\\\/e-ciftlik.com\\\/haberler\\\/seyahat\\\/orban-ve-muttefikleri-avrupada-vatansever-hareket-baslatti\\\/#article\",\"isPartOf\":{\"@id\":\"http:\\\/\\\/e-ciftlik.com\\\/haberler\\\/seyahat\\\/orban-ve-muttefikleri-avrupada-vatansever-hareket-baslatti\\\/\"},\"author\":{\"name\":\"Haber Merkezi\",\"@id\":\"http:\\\/\\\/e-ciftlik.com\\\/haberler\\\/#\\\/schema\\\/person\\\/d2f4fee3143d7f72be82cb887d51b00a\"},\"headline\":\"Orban ve M\u00fcttefikleri Avrupa&#8217;da Vatansever Hareket Ba\u015flatt\u0131\",\"datePublished\":\"2024-07-02T07:19:26+00:00\",\"mainEntityOfPage\":{\"@id\":\"http:\\\/\\\/e-ciftlik.com\\\/haberler\\\/seyahat\\\/orban-ve-muttefikleri-avrupada-vatansever-hareket-baslatti\\\/\"},\"wordCount\":369,\"commentCount\":0,\"publisher\":{\"@id\":\"http:\\\/\\\/e-ciftlik.com\\\/haberler\\\/#organization\"},\"image\":{\"@id\":\"http:\\\/\\\/e-ciftlik.com\\\/haberler\\\/seyahat\\\/orban-ve-muttefikleri-avrupada-vatansever-hareket-baslatti\\\/#primaryimage\"},\"thumbnailUrl\":\"http:\\\/\\\/e-ciftlik.com\\\/haberler\\\/wp-content\\\/uploads\\\/2024\\\/07\\\/1200x675_cmsv2_dc7b6e37-2ba3-5497-bfa3-adf7beaa644e-8540148.jpg\",\"articleSection\":[\"Seyahat\"],\"inLanguage\":\"tr\",\"potentialAction\":[{\"@type\":\"CommentAction\",\"name\":\"Comment\",\"target\":[\"http:\\\/\\\/e-ciftlik.com\\\/haberler\\\/seyahat\\\/orban-ve-muttefikleri-avrupada-vatansever-hareket-baslatti\\\/#respond\"]}]},{\"@type\":\"WebPage\",\"@id\":\"http:\\\/\\\/e-ciftlik.com\\\/haberler\\\/seyahat\\\/orban-ve-muttefikleri-avrupada-vatansever-hareket-baslatti\\\/\",\"url\":\"http:\\\/\\\/e-ciftlik.com\\\/haberler\\\/seyahat\\\/orban-ve-muttefikleri-avrupada-vatansever-hareket-baslatti\\\/\",\"name\":\"Orban ve M\u00fcttefikleri Avrupa'da Vatansever Hareket Ba\u015flatt\u0131 - E-&Ccedil;\u0130FTL\u0130K HABER\",\"isPartOf\":{\"@id\":\"http:\\\/\\\/e-ciftlik.com\\\/haberler\\\/#website\"},\"primaryImageOfPage\":{\"@id\":\"http:\\\/\\\/e-ciftlik.com\\\/haberler\\\/seyahat\\\/orban-ve-muttefikleri-avrupada-vatansever-hareket-baslatti\\\/#primaryimage\"},\"image\":{\"@id\":\"http:\\\/\\\/e-ciftlik.com\\\/haberler\\\/seyahat\\\/orban-ve-muttefikleri-avrupada-vatansever-hareket-baslatti\\\/#primaryimage\"},\"thumbnailUrl\":\"http:\\\/\\\/e-ciftlik.com\\\/haberler\\\/wp-content\\\/uploads\\\/2024\\\/07\\\/1200x675_cmsv2_dc7b6e37-2ba3-5497-bfa3-adf7beaa644e-8540148.jpg\",\"datePublished\":\"2024-07-02T07:19:26+00:00\",\"description\":\"30 Haziran 2024 tarihinde Avrupa Parlamentosu se\u00e7imlerinin ard\u0131ndan Macaristan Ba\u015fbakan\u0131 Viktor Orban, yeni bir a\u015f\u0131r\u0131 sa\u011f ittifak\u0131n kuruldu\u011funu duyurdu.\",\"breadcrumb\":{\"@id\":\"http:\\\/\\\/e-ciftlik.com\\\/haberler\\\/seyahat\\\/orban-ve-muttefikleri-avrupada-vatansever-hareket-baslatti\\\/#breadcrumb\"},\"inLanguage\":\"tr\",\"potentialAction\":[{\"@type\":\"ReadAction\",\"target\":[\"http:\\\/\\\/e-ciftlik.com\\\/haberler\\\/seyahat\\\/orban-ve-muttefikleri-avrupada-vatansever-hareket-baslatti\\\/\"]}]},{\"@type\":\"ImageObject\",\"inLanguage\":\"tr\",\"@id\":\"http:\\\/\\\/e-ciftlik.com\\\/haberler\\\/seyahat\\\/orban-ve-muttefikleri-avrupada-vatansever-hareket-baslatti\\\/#primaryimage\",\"url\":\"http:\\\/\\\/e-ciftlik.com\\\/haberler\\\/wp-content\\\/uploads\\\/2024\\\/07\\\/1200x675_cmsv2_dc7b6e37-2ba3-5497-bfa3-adf7beaa644e-8540148.jpg\",\"contentUrl\":\"http:\\\/\\\/e-ciftlik.com\\\/haberler\\\/wp-content\\\/uploads\\\/2024\\\/07\\\/1200x675_cmsv2_dc7b6e37-2ba3-5497-bfa3-adf7beaa644e-8540148.jpg\",\"width\":1200,\"height\":675},{\"@type\":\"BreadcrumbList\",\"@id\":\"http:\\\/\\\/e-ciftlik.com\\\/haberler\\\/seyahat\\\/orban-ve-muttefikleri-avrupada-vatansever-hareket-baslatti\\\/#breadcrumb\",\"itemListElement\":[{\"@type\":\"ListItem\",\"position\":1,\"name\":\"Anasayfa\",\"item\":\"http:\\\/\\\/e-ciftlik.com\\\/haberler\\\/\"},{\"@type\":\"ListItem\",\"position\":2,\"name\":\"Orban ve M\u00fcttefikleri Avrupa&#8217;da Vatansever Hareket Ba\u015flatt\u0131\"}]},{\"@type\":\"WebSite\",\"@id\":\"http:\\\/\\\/e-ciftlik.com\\\/haberler\\\/#website\",\"url\":\"http:\\\/\\\/e-ciftlik.com\\\/haberler\\\/\",\"name\":\"E-\u00c7iftlik Haber | G\u00fcncel, Son Dakika Haberler, En Son Haber\",\"description\":\"\",\"publisher\":{\"@id\":\"http:\\\/\\\/e-ciftlik.com\\\/haberler\\\/#organization\"},\"potentialAction\":[{\"@type\":\"SearchAction\",\"target\":{\"@type\":\"EntryPoint\",\"urlTemplate\":\"http:\\\/\\\/e-ciftlik.com\\\/haberler\\\/?s={search_term_string}\"},\"query-input\":{\"@type\":\"PropertyValueSpecification\",\"valueRequired\":true,\"valueName\":\"search_term_string\"}}],\"inLanguage\":\"tr\"},{\"@type\":\"Organization\",\"@id\":\"http:\\\/\\\/e-ciftlik.com\\\/haberler\\\/#organization\",\"name\":\"E-\u00c7\u0130FTL\u0130K HABER\",\"url\":\"http:\\\/\\\/e-ciftlik.com\\\/haberler\\\/\",\"logo\":{\"@type\":\"ImageObject\",\"inLanguage\":\"tr\",\"@id\":\"http:\\\/\\\/e-ciftlik.com\\\/haberler\\\/#\\\/schema\\\/logo\\\/image\\\/\",\"url\":\"http:\\\/\\\/e-ciftlik.com\\\/haberler\\\/wp-content\\\/uploads\\\/2024\\\/06\\\/cropped-cropped-favicon-1-2.png\",\"contentUrl\":\"http:\\\/\\\/e-ciftlik.com\\\/haberler\\\/wp-content\\\/uploads\\\/2024\\\/06\\\/cropped-cropped-favicon-1-2.png\",\"width\":512,\"height\":512,\"caption\":\"E-\u00c7\u0130FTL\u0130K HABER\"},\"image\":{\"@id\":\"http:\\\/\\\/e-ciftlik.com\\\/haberler\\\/#\\\/schema\\\/logo\\\/image\\\/\"},\"sameAs\":[\"https:\\\/\\\/www.facebook.com\\\/eciftlikturkiye\",\"https:\\\/\\\/x.com\\\/eciftlikresmi\",\"https:\\\/\\\/www.instagram.com\\\/eciftlikresmi\\\/\"]},{\"@type\":\"Person\",\"@id\":\"http:\\\/\\\/e-ciftlik.com\\\/haberler\\\/#\\\/schema\\\/person\\\/d2f4fee3143d7f72be82cb887d51b00a\",\"name\":\"Haber Merkezi\",\"image\":{\"@type\":\"ImageObject\",\"inLanguage\":\"tr\",\"@id\":\"https:\\\/\\\/secure.gravatar.com\\\/avatar\\\/6c27d641914e66c1d0452c92716002398782818991d86db1c2cccb531e7c7c82?s=96&d=mm&r=g\",\"url\":\"https:\\\/\\\/secure.gravatar.com\\\/avatar\\\/6c27d641914e66c1d0452c92716002398782818991d86db1c2cccb531e7c7c82?s=96&d=mm&r=g\",\"contentUrl\":\"https:\\\/\\\/secure.gravatar.com\\\/avatar\\\/6c27d641914e66c1d0452c92716002398782818991d86db1c2cccb531e7c7c82?s=96&d=mm&r=g\",\"caption\":\"Haber Merkezi\"},\"sameAs\":[\"http:\\\/\\\/e-ciftlik.com\\\/haberler\"]}]}<\/script>\n<!-- \/ Yoast SEO Premium plugin. -->","yoast_head_json":{"title":"Orban ve M\u00fcttefikleri Avrupa'da Vatansever Hareket Ba\u015flatt\u0131 - E-&Ccedil;\u0130FTL\u0130K HABER","description":"30 Haziran 2024 tarihinde Avrupa Parlamentosu se\u00e7imlerinin ard\u0131ndan Macaristan Ba\u015fbakan\u0131 Viktor Orban, yeni bir a\u015f\u0131r\u0131 sa\u011f ittifak\u0131n kuruldu\u011funu duyurdu.","robots":{"index":"index","follow":"follow","max-snippet":"max-snippet:-1","max-image-preview":"max-image-preview:large","max-video-preview":"max-video-preview:-1"},"canonical":"http:\/\/e-ciftlik.com\/haberler\/seyahat\/orban-ve-muttefikleri-avrupada-vatansever-hareket-baslatti\/","og_locale":"tr_TR","og_type":"article","og_title":"Orban ve M\u00fcttefikleri Avrupa'da Vatansever Hareket Ba\u015flatt\u0131","og_description":"30 Haziran 2024 tarihinde Avrupa Parlamentosu se\u00e7imlerinin ard\u0131ndan Macaristan Ba\u015fbakan\u0131 Viktor Orban, yeni bir a\u015f\u0131r\u0131 sa\u011f ittifak\u0131n kuruldu\u011funu duyurdu.","og_url":"http:\/\/e-ciftlik.com\/haberler\/seyahat\/orban-ve-muttefikleri-avrupada-vatansever-hareket-baslatti\/","og_site_name":"E-&Ccedil;\u0130FTL\u0130K HABER","article_publisher":"https:\/\/www.facebook.com\/eciftlikturkiye","article_published_time":"2024-07-02T07:19:26+00:00","og_image":[{"width":1200,"height":675,"url":"http:\/\/e-ciftlik.com\/haberler\/wp-content\/uploads\/2024\/07\/1200x675_cmsv2_dc7b6e37-2ba3-5497-bfa3-adf7beaa644e-8540148.jpg","type":"image\/jpeg"}],"author":"Haber Merkezi","twitter_card":"summary_large_image","twitter_creator":"@eciftlikresmi","twitter_site":"@eciftlikresmi","twitter_misc":{"Yazan:":"Haber Merkezi","Tahmini okuma s\u00fcresi":"2 dakika"},"schema":{"@context":"https:\/\/schema.org","@graph":[{"@type":"NewsArticle","@id":"http:\/\/e-ciftlik.com\/haberler\/seyahat\/orban-ve-muttefikleri-avrupada-vatansever-hareket-baslatti\/#article","isPartOf":{"@id":"http:\/\/e-ciftlik.com\/haberler\/seyahat\/orban-ve-muttefikleri-avrupada-vatansever-hareket-baslatti\/"},"author":{"name":"Haber Merkezi","@id":"http:\/\/e-ciftlik.com\/haberler\/#\/schema\/person\/d2f4fee3143d7f72be82cb887d51b00a"},"headline":"Orban ve M\u00fcttefikleri Avrupa&#8217;da Vatansever Hareket Ba\u015flatt\u0131","datePublished":"2024-07-02T07:19:26+00:00","mainEntityOfPage":{"@id":"http:\/\/e-ciftlik.com\/haberler\/seyahat\/orban-ve-muttefikleri-avrupada-vatansever-hareket-baslatti\/"},"wordCount":369,"commentCount":0,"publisher":{"@id":"http:\/\/e-ciftlik.com\/haberler\/#organization"},"image":{"@id":"http:\/\/e-ciftlik.com\/haberler\/seyahat\/orban-ve-muttefikleri-avrupada-vatansever-hareket-baslatti\/#primaryimage"},"thumbnailUrl":"http:\/\/e-ciftlik.com\/haberler\/wp-content\/uploads\/2024\/07\/1200x675_cmsv2_dc7b6e37-2ba3-5497-bfa3-adf7beaa644e-8540148.jpg","articleSection":["Seyahat"],"inLanguage":"tr","potentialAction":[{"@type":"CommentAction","name":"Comment","target":["http:\/\/e-ciftlik.com\/haberler\/seyahat\/orban-ve-muttefikleri-avrupada-vatansever-hareket-baslatti\/#respond"]}]},{"@type":"WebPage","@id":"http:\/\/e-ciftlik.com\/haberler\/seyahat\/orban-ve-muttefikleri-avrupada-vatansever-hareket-baslatti\/","url":"http:\/\/e-ciftlik.com\/haberler\/seyahat\/orban-ve-muttefikleri-avrupada-vatansever-hareket-baslatti\/","name":"Orban ve M\u00fcttefikleri Avrupa'da Vatansever Hareket Ba\u015flatt\u0131 - E-&Ccedil;\u0130FTL\u0130K HABER","isPartOf":{"@id":"http:\/\/e-ciftlik.com\/haberler\/#website"},"primaryImageOfPage":{"@id":"http:\/\/e-ciftlik.com\/haberler\/seyahat\/orban-ve-muttefikleri-avrupada-vatansever-hareket-baslatti\/#primaryimage"},"image":{"@id":"http:\/\/e-ciftlik.com\/haberler\/seyahat\/orban-ve-muttefikleri-avrupada-vatansever-hareket-baslatti\/#primaryimage"},"thumbnailUrl":"http:\/\/e-ciftlik.com\/haberler\/wp-content\/uploads\/2024\/07\/1200x675_cmsv2_dc7b6e37-2ba3-5497-bfa3-adf7beaa644e-8540148.jpg","datePublished":"2024-07-02T07:19:26+00:00","description":"30 Haziran 2024 tarihinde Avrupa Parlamentosu se\u00e7imlerinin ard\u0131ndan Macaristan Ba\u015fbakan\u0131 Viktor Orban, yeni bir a\u015f\u0131r\u0131 sa\u011f ittifak\u0131n kuruldu\u011funu duyurdu.","breadcrumb":{"@id":"http:\/\/e-ciftlik.com\/haberler\/seyahat\/orban-ve-muttefikleri-avrupada-vatansever-hareket-baslatti\/#breadcrumb"},"inLanguage":"tr","potentialAction":[{"@type":"ReadAction","target":["http:\/\/e-ciftlik.com\/haberler\/seyahat\/orban-ve-muttefikleri-avrupada-vatansever-hareket-baslatti\/"]}]},{"@type":"ImageObject","inLanguage":"tr","@id":"http:\/\/e-ciftlik.com\/haberler\/seyahat\/orban-ve-muttefikleri-avrupada-vatansever-hareket-baslatti\/#primaryimage","url":"http:\/\/e-ciftlik.com\/haberler\/wp-content\/uploads\/2024\/07\/1200x675_cmsv2_dc7b6e37-2ba3-5497-bfa3-adf7beaa644e-8540148.jpg","contentUrl":"http:\/\/e-ciftlik.com\/haberler\/wp-content\/uploads\/2024\/07\/1200x675_cmsv2_dc7b6e37-2ba3-5497-bfa3-adf7beaa644e-8540148.jpg","width":1200,"height":675},{"@type":"BreadcrumbList","@id":"http:\/\/e-ciftlik.com\/haberler\/seyahat\/orban-ve-muttefikleri-avrupada-vatansever-hareket-baslatti\/#breadcrumb","itemListElement":[{"@type":"ListItem","position":1,"name":"Anasayfa","item":"http:\/\/e-ciftlik.com\/haberler\/"},{"@type":"ListItem","position":2,"name":"Orban ve M\u00fcttefikleri Avrupa&#8217;da Vatansever Hareket Ba\u015flatt\u0131"}]},{"@type":"WebSite","@id":"http:\/\/e-ciftlik.com\/haberler\/#website","url":"http:\/\/e-ciftlik.com\/haberler\/","name":"E-\u00c7iftlik Haber | G\u00fcncel, Son Dakika Haberler, En Son Haber","description":"","publisher":{"@id":"http:\/\/e-ciftlik.com\/haberler\/#organization"},"potentialAction":[{"@type":"SearchAction","target":{"@type":"EntryPoint","urlTemplate":"http:\/\/e-ciftlik.com\/haberler\/?s={search_term_string}"},"query-input":{"@type":"PropertyValueSpecification","valueRequired":true,"valueName":"search_term_string"}}],"inLanguage":"tr"},{"@type":"Organization","@id":"http:\/\/e-ciftlik.com\/haberler\/#organization","name":"E-\u00c7\u0130FTL\u0130K HABER","url":"http:\/\/e-ciftlik.com\/haberler\/","logo":{"@type":"ImageObject","inLanguage":"tr","@id":"http:\/\/e-ciftlik.com\/haberler\/#\/schema\/logo\/image\/","url":"http:\/\/e-ciftlik.com\/haberler\/wp-content\/uploads\/2024\/06\/cropped-cropped-favicon-1-2.png","contentUrl":"http:\/\/e-ciftlik.com\/haberler\/wp-content\/uploads\/2024\/06\/cropped-cropped-favicon-1-2.png","width":512,"height":512,"caption":"E-\u00c7\u0130FTL\u0130K HABER"},"image":{"@id":"http:\/\/e-ciftlik.com\/haberler\/#\/schema\/logo\/image\/"},"sameAs":["https:\/\/www.facebook.com\/eciftlikturkiye","https:\/\/x.com\/eciftlikresmi","https:\/\/www.instagram.com\/eciftlikresmi\/"]},{"@type":"Person","@id":"http:\/\/e-ciftlik.com\/haberler\/#\/schema\/person\/d2f4fee3143d7f72be82cb887d51b00a","name":"Haber Merkezi","image":{"@type":"ImageObject","inLanguage":"tr","@id":"https:\/\/secure.gravatar.com\/avatar\/6c27d641914e66c1d0452c92716002398782818991d86db1c2cccb531e7c7c82?s=96&d=mm&r=g","url":"https:\/\/secure.gravatar.com\/avatar\/6c27d641914e66c1d0452c92716002398782818991d86db1c2cccb531e7c7c82?s=96&d=mm&r=g","contentUrl":"https:\/\/secure.gravatar.com\/avatar\/6c27d641914e66c1d0452c92716002398782818991d86db1c2cccb531e7c7c82?s=96&d=mm&r=g","caption":"Haber Merkezi"},"sameAs":["http:\/\/e-ciftlik.com\/haberler"]}]}},"_links":{"self":[{"href":"http:\/\/e-ciftlik.com\/haberler\/wp-json\/wp\/v2\/posts\/8645","targetHints":{"allow":["GET"]}}],"collection":[{"href":"http:\/\/e-ciftlik.com\/haberler\/wp-json\/wp\/v2\/posts"}],"about":[{"href":"http:\/\/e-ciftlik.com\/haberler\/wp-json\/wp\/v2\/types\/post"}],"author":[{"embeddable":true,"href":"http:\/\/e-ciftlik.com\/haberler\/wp-json\/wp\/v2\/users\/1"}],"replies":[{"embeddable":true,"href":"http:\/\/e-ciftlik.com\/haberler\/wp-json\/wp\/v2\/comments?post=8645"}],"version-history":[{"count":0,"href":"http:\/\/e-ciftlik.com\/haberler\/wp-json\/wp\/v2\/posts\/8645\/revisions"}],"wp:featuredmedia":[{"embeddable":true,"href":"http:\/\/e-ciftlik.com\/haberler\/wp-json\/wp\/v2\/media\/8646"}],"wp:attachment":[{"href":"http:\/\/e-ciftlik.com\/haberler\/wp-json\/wp\/v2\/media?parent=8645"}],"wp:term":[{"taxonomy":"category","embeddable":true,"href":"http:\/\/e-ciftlik.com\/haberler\/wp-json\/wp\/v2\/categories?post=8645"},{"taxonomy":"post_tag","embeddable":true,"href":"http:\/\/e-ciftlik.com\/haberler\/wp-json\/wp\/v2\/tags?post=8645"}],"curies":[{"name":"wp","href":"https:\/\/api.w.org\/{rel}","templated":true}]}}