{"id":8768,"date":"2024-07-02T06:09:00","date_gmt":"2024-07-02T06:09:00","guid":{"rendered":"https:\/\/e-ciftlik.com\/haberler\/tarim\/kirklarelinde-aniz-yangini-80-dekarlik-zarar\/"},"modified":"2024-07-02T06:09:00","modified_gmt":"2024-07-02T06:09:00","slug":"kirklarelinde-aniz-yangini-80-dekarlik-zarar","status":"publish","type":"post","link":"http:\/\/e-ciftlik.com\/haberler\/tarim\/kirklarelinde-aniz-yangini-80-dekarlik-zarar\/","title":{"rendered":"K\u0131rklareli&#8217;nde An\u0131z Yang\u0131n\u0131: 80 Dekarl\u0131k Zarar!"},"content":{"rendered":"<p>K\u0131rklareli&#8217;nde Meydana Gelen An\u0131z Yang\u0131nlar\u0131 Tar\u0131m Araziye Zarar Verdi<br \/>\nK\u0131rklareli&#8217;nin Umurca k\u00f6y\u00fcnde hasat edilmi\u015f bu\u011fday tarlas\u0131nda aniden \u00e7\u0131kan yang\u0131n, 80 dekar tar\u0131m arazisine zarar verdi. Yang\u0131n, r\u00fczgar\u0131n etkisiyle h\u0131zla yay\u0131larak trakt\u00f6r ve saman balyas\u0131 makinesine de s\u0131\u00e7rad\u0131. Olay\u0131n bildirilmesi \u00fczerine b\u00f6lgeye itfaiye, jandarma ve sa\u011fl\u0131k ekipleri sevk edildi. \u0130tfaiye ekiplerinin m\u00fcdahalesi sonucu yang\u0131n kontrol alt\u0131na al\u0131nd\u0131 ancak trakt\u00f6r kullan\u0131lamaz hale geldi.<\/p>\n<p>Eskita\u015fl\u0131 k\u00f6y\u00fcnde de an\u0131zl\u0131k alanda ba\u015flayan yang\u0131n ise itfaiye ekipleri taraf\u0131ndan k\u0131sa s\u00fcrede kontrol alt\u0131na al\u0131nd\u0131. Her iki yang\u0131nda toplamda 80 dekar tar\u0131m arazisi zarar g\u00f6rd\u00fc.<\/p>\n<p>Olayla ilgili detayl\u0131 inceleme devam ederken K\u0131rklareli, tar\u0131m, ekonomi ve g\u00fcncel haberler kategorisinde yer almaktad\u0131r.<\/p>\n","protected":false},"excerpt":{"rendered":"<p>K\u0131rklareli&#8217;nde Meydana Gelen An\u0131z Yang\u0131nlar\u0131 Tar\u0131m Araziye Zarar Verdi K\u0131rklareli&#8217;nin Umurca k\u00f6y\u00fcnde hasat edilmi\u015f bu\u011fday&hellip;<\/p>\n","protected":false},"author":1,"featured_media":8769,"comment_status":"open","ping_status":"open","sticky":false,"template":"","format":"standard","meta":{"footnotes":""},"categories":[9],"tags":[],"class_list":["post-8768","post","type-post","status-publish","format-standard","has-post-thumbnail","hentry","category-tarim"],"yoast_head":"<!-- This site is optimized with the Yoast SEO Premium plugin v24.3 (Yoast SEO v27.4) - https:\/\/yoast.com\/product\/yoast-seo-premium-wordpress\/ -->\n<title>K\u0131rklareli&#039;nde An\u0131z Yang\u0131n\u0131: 80 Dekarl\u0131k Zarar! - E-&Ccedil;\u0130FTL\u0130K HABER<\/title>\n<meta name=\"description\" content=\"K\u0131rklareli&#039;nde Meydana Gelen An\u0131z Yang\u0131nlar\u0131 Tar\u0131m Araziye Zarar Verdi K\u0131rklareli&#039;nin Umurca k\u00f6y\u00fcnde hasat edilmi\u015f bu\u011fday tarlas\u0131nda aniden \u00e7\u0131kan yang\u0131n,\" \/>\n<meta name=\"robots\" content=\"index, follow, max-snippet:-1, max-image-preview:large, max-video-preview:-1\" \/>\n<link rel=\"canonical\" href=\"http:\/\/e-ciftlik.com\/haberler\/tarim\/kirklarelinde-aniz-yangini-80-dekarlik-zarar\/\" \/>\n<meta property=\"og:locale\" content=\"tr_TR\" \/>\n<meta property=\"og:type\" content=\"article\" \/>\n<meta property=\"og:title\" content=\"K\u0131rklareli&#039;nde An\u0131z Yang\u0131n\u0131: 80 Dekarl\u0131k Zarar!\" \/>\n<meta property=\"og:description\" content=\"K\u0131rklareli&#039;nde Meydana Gelen An\u0131z Yang\u0131nlar\u0131 Tar\u0131m Araziye Zarar Verdi K\u0131rklareli&#039;nin Umurca k\u00f6y\u00fcnde hasat edilmi\u015f bu\u011fday tarlas\u0131nda aniden \u00e7\u0131kan yang\u0131n,\" \/>\n<meta property=\"og:url\" content=\"http:\/\/e-ciftlik.com\/haberler\/tarim\/kirklarelinde-aniz-yangini-80-dekarlik-zarar\/\" \/>\n<meta property=\"og:site_name\" content=\"E-&Ccedil;\u0130FTL\u0130K HABER\" \/>\n<meta property=\"article:publisher\" content=\"https:\/\/www.facebook.com\/eciftlikturkiye\" \/>\n<meta property=\"article:published_time\" content=\"2024-07-02T06:09:00+00:00\" \/>\n<meta property=\"og:image\" content=\"http:\/\/e-ciftlik.com\/haberler\/wp-content\/uploads\/2024\/07\/kirklareli-nde-cikan-aniz-yanginlarinda-80-de-17478886_amp.jpg\" \/>\n\t<meta property=\"og:image:width\" content=\"1200\" \/>\n\t<meta property=\"og:image:height\" content=\"1601\" \/>\n\t<meta property=\"og:image:type\" content=\"image\/jpeg\" \/>\n<meta name=\"author\" content=\"Haber Merkezi\" \/>\n<meta name=\"twitter:card\" content=\"summary_large_image\" \/>\n<meta name=\"twitter:creator\" content=\"@eciftlikresmi\" \/>\n<meta name=\"twitter:site\" content=\"@eciftlikresmi\" \/>\n<meta name=\"twitter:label1\" content=\"Yazan:\" \/>\n\t<meta name=\"twitter:data1\" content=\"Haber Merkezi\" \/>\n\t<meta name=\"twitter:label2\" content=\"Tahmini okuma s\u00fcresi\" \/>\n\t<meta name=\"twitter:data2\" content=\"1 dakika\" \/>\n<script type=\"application\/ld+json\" class=\"yoast-schema-graph\">{\"@context\":\"https:\\\/\\\/schema.org\",\"@graph\":[{\"@type\":\"NewsArticle\",\"@id\":\"http:\\\/\\\/e-ciftlik.com\\\/haberler\\\/tarim\\\/kirklarelinde-aniz-yangini-80-dekarlik-zarar\\\/#article\",\"isPartOf\":{\"@id\":\"http:\\\/\\\/e-ciftlik.com\\\/haberler\\\/tarim\\\/kirklarelinde-aniz-yangini-80-dekarlik-zarar\\\/\"},\"author\":{\"name\":\"Haber Merkezi\",\"@id\":\"http:\\\/\\\/e-ciftlik.com\\\/haberler\\\/#\\\/schema\\\/person\\\/d2f4fee3143d7f72be82cb887d51b00a\"},\"headline\":\"K\u0131rklareli&#8217;nde An\u0131z Yang\u0131n\u0131: 80 Dekarl\u0131k Zarar!\",\"datePublished\":\"2024-07-02T06:09:00+00:00\",\"mainEntityOfPage\":{\"@id\":\"http:\\\/\\\/e-ciftlik.com\\\/haberler\\\/tarim\\\/kirklarelinde-aniz-yangini-80-dekarlik-zarar\\\/\"},\"wordCount\":159,\"commentCount\":0,\"publisher\":{\"@id\":\"http:\\\/\\\/e-ciftlik.com\\\/haberler\\\/#organization\"},\"image\":{\"@id\":\"http:\\\/\\\/e-ciftlik.com\\\/haberler\\\/tarim\\\/kirklarelinde-aniz-yangini-80-dekarlik-zarar\\\/#primaryimage\"},\"thumbnailUrl\":\"http:\\\/\\\/e-ciftlik.com\\\/haberler\\\/wp-content\\\/uploads\\\/2024\\\/07\\\/kirklareli-nde-cikan-aniz-yanginlarinda-80-de-17478886_amp.jpg\",\"articleSection\":[\"Tar\u0131m\"],\"inLanguage\":\"tr\",\"potentialAction\":[{\"@type\":\"CommentAction\",\"name\":\"Comment\",\"target\":[\"http:\\\/\\\/e-ciftlik.com\\\/haberler\\\/tarim\\\/kirklarelinde-aniz-yangini-80-dekarlik-zarar\\\/#respond\"]}]},{\"@type\":\"WebPage\",\"@id\":\"http:\\\/\\\/e-ciftlik.com\\\/haberler\\\/tarim\\\/kirklarelinde-aniz-yangini-80-dekarlik-zarar\\\/\",\"url\":\"http:\\\/\\\/e-ciftlik.com\\\/haberler\\\/tarim\\\/kirklarelinde-aniz-yangini-80-dekarlik-zarar\\\/\",\"name\":\"K\u0131rklareli'nde An\u0131z Yang\u0131n\u0131: 80 Dekarl\u0131k Zarar! - E-&Ccedil;\u0130FTL\u0130K HABER\",\"isPartOf\":{\"@id\":\"http:\\\/\\\/e-ciftlik.com\\\/haberler\\\/#website\"},\"primaryImageOfPage\":{\"@id\":\"http:\\\/\\\/e-ciftlik.com\\\/haberler\\\/tarim\\\/kirklarelinde-aniz-yangini-80-dekarlik-zarar\\\/#primaryimage\"},\"image\":{\"@id\":\"http:\\\/\\\/e-ciftlik.com\\\/haberler\\\/tarim\\\/kirklarelinde-aniz-yangini-80-dekarlik-zarar\\\/#primaryimage\"},\"thumbnailUrl\":\"http:\\\/\\\/e-ciftlik.com\\\/haberler\\\/wp-content\\\/uploads\\\/2024\\\/07\\\/kirklareli-nde-cikan-aniz-yanginlarinda-80-de-17478886_amp.jpg\",\"datePublished\":\"2024-07-02T06:09:00+00:00\",\"description\":\"K\u0131rklareli'nde Meydana Gelen An\u0131z Yang\u0131nlar\u0131 Tar\u0131m Araziye Zarar Verdi K\u0131rklareli'nin Umurca k\u00f6y\u00fcnde hasat edilmi\u015f bu\u011fday tarlas\u0131nda aniden \u00e7\u0131kan yang\u0131n,\",\"breadcrumb\":{\"@id\":\"http:\\\/\\\/e-ciftlik.com\\\/haberler\\\/tarim\\\/kirklarelinde-aniz-yangini-80-dekarlik-zarar\\\/#breadcrumb\"},\"inLanguage\":\"tr\",\"potentialAction\":[{\"@type\":\"ReadAction\",\"target\":[\"http:\\\/\\\/e-ciftlik.com\\\/haberler\\\/tarim\\\/kirklarelinde-aniz-yangini-80-dekarlik-zarar\\\/\"]}]},{\"@type\":\"ImageObject\",\"inLanguage\":\"tr\",\"@id\":\"http:\\\/\\\/e-ciftlik.com\\\/haberler\\\/tarim\\\/kirklarelinde-aniz-yangini-80-dekarlik-zarar\\\/#primaryimage\",\"url\":\"http:\\\/\\\/e-ciftlik.com\\\/haberler\\\/wp-content\\\/uploads\\\/2024\\\/07\\\/kirklareli-nde-cikan-aniz-yanginlarinda-80-de-17478886_amp.jpg\",\"contentUrl\":\"http:\\\/\\\/e-ciftlik.com\\\/haberler\\\/wp-content\\\/uploads\\\/2024\\\/07\\\/kirklareli-nde-cikan-aniz-yanginlarinda-80-de-17478886_amp.jpg\",\"width\":1200,\"height\":1601},{\"@type\":\"BreadcrumbList\",\"@id\":\"http:\\\/\\\/e-ciftlik.com\\\/haberler\\\/tarim\\\/kirklarelinde-aniz-yangini-80-dekarlik-zarar\\\/#breadcrumb\",\"itemListElement\":[{\"@type\":\"ListItem\",\"position\":1,\"name\":\"Anasayfa\",\"item\":\"http:\\\/\\\/e-ciftlik.com\\\/haberler\\\/\"},{\"@type\":\"ListItem\",\"position\":2,\"name\":\"K\u0131rklareli&#8217;nde An\u0131z Yang\u0131n\u0131: 80 Dekarl\u0131k Zarar!\"}]},{\"@type\":\"WebSite\",\"@id\":\"http:\\\/\\\/e-ciftlik.com\\\/haberler\\\/#website\",\"url\":\"http:\\\/\\\/e-ciftlik.com\\\/haberler\\\/\",\"name\":\"E-\u00c7iftlik Haber | G\u00fcncel, Son Dakika Haberler, En Son Haber\",\"description\":\"\",\"publisher\":{\"@id\":\"http:\\\/\\\/e-ciftlik.com\\\/haberler\\\/#organization\"},\"potentialAction\":[{\"@type\":\"SearchAction\",\"target\":{\"@type\":\"EntryPoint\",\"urlTemplate\":\"http:\\\/\\\/e-ciftlik.com\\\/haberler\\\/?s={search_term_string}\"},\"query-input\":{\"@type\":\"PropertyValueSpecification\",\"valueRequired\":true,\"valueName\":\"search_term_string\"}}],\"inLanguage\":\"tr\"},{\"@type\":\"Organization\",\"@id\":\"http:\\\/\\\/e-ciftlik.com\\\/haberler\\\/#organization\",\"name\":\"E-\u00c7\u0130FTL\u0130K HABER\",\"url\":\"http:\\\/\\\/e-ciftlik.com\\\/haberler\\\/\",\"logo\":{\"@type\":\"ImageObject\",\"inLanguage\":\"tr\",\"@id\":\"http:\\\/\\\/e-ciftlik.com\\\/haberler\\\/#\\\/schema\\\/logo\\\/image\\\/\",\"url\":\"http:\\\/\\\/e-ciftlik.com\\\/haberler\\\/wp-content\\\/uploads\\\/2024\\\/06\\\/cropped-cropped-favicon-1-2.png\",\"contentUrl\":\"http:\\\/\\\/e-ciftlik.com\\\/haberler\\\/wp-content\\\/uploads\\\/2024\\\/06\\\/cropped-cropped-favicon-1-2.png\",\"width\":512,\"height\":512,\"caption\":\"E-\u00c7\u0130FTL\u0130K HABER\"},\"image\":{\"@id\":\"http:\\\/\\\/e-ciftlik.com\\\/haberler\\\/#\\\/schema\\\/logo\\\/image\\\/\"},\"sameAs\":[\"https:\\\/\\\/www.facebook.com\\\/eciftlikturkiye\",\"https:\\\/\\\/x.com\\\/eciftlikresmi\",\"https:\\\/\\\/www.instagram.com\\\/eciftlikresmi\\\/\"]},{\"@type\":\"Person\",\"@id\":\"http:\\\/\\\/e-ciftlik.com\\\/haberler\\\/#\\\/schema\\\/person\\\/d2f4fee3143d7f72be82cb887d51b00a\",\"name\":\"Haber Merkezi\",\"image\":{\"@type\":\"ImageObject\",\"inLanguage\":\"tr\",\"@id\":\"https:\\\/\\\/secure.gravatar.com\\\/avatar\\\/6c27d641914e66c1d0452c92716002398782818991d86db1c2cccb531e7c7c82?s=96&d=mm&r=g\",\"url\":\"https:\\\/\\\/secure.gravatar.com\\\/avatar\\\/6c27d641914e66c1d0452c92716002398782818991d86db1c2cccb531e7c7c82?s=96&d=mm&r=g\",\"contentUrl\":\"https:\\\/\\\/secure.gravatar.com\\\/avatar\\\/6c27d641914e66c1d0452c92716002398782818991d86db1c2cccb531e7c7c82?s=96&d=mm&r=g\",\"caption\":\"Haber Merkezi\"},\"sameAs\":[\"http:\\\/\\\/e-ciftlik.com\\\/haberler\"]}]}<\/script>\n<!-- \/ Yoast SEO Premium plugin. -->","yoast_head_json":{"title":"K\u0131rklareli'nde An\u0131z Yang\u0131n\u0131: 80 Dekarl\u0131k Zarar! - E-&Ccedil;\u0130FTL\u0130K HABER","description":"K\u0131rklareli'nde Meydana Gelen An\u0131z Yang\u0131nlar\u0131 Tar\u0131m Araziye Zarar Verdi K\u0131rklareli'nin Umurca k\u00f6y\u00fcnde hasat edilmi\u015f bu\u011fday tarlas\u0131nda aniden \u00e7\u0131kan yang\u0131n,","robots":{"index":"index","follow":"follow","max-snippet":"max-snippet:-1","max-image-preview":"max-image-preview:large","max-video-preview":"max-video-preview:-1"},"canonical":"http:\/\/e-ciftlik.com\/haberler\/tarim\/kirklarelinde-aniz-yangini-80-dekarlik-zarar\/","og_locale":"tr_TR","og_type":"article","og_title":"K\u0131rklareli'nde An\u0131z Yang\u0131n\u0131: 80 Dekarl\u0131k Zarar!","og_description":"K\u0131rklareli'nde Meydana Gelen An\u0131z Yang\u0131nlar\u0131 Tar\u0131m Araziye Zarar Verdi K\u0131rklareli'nin Umurca k\u00f6y\u00fcnde hasat edilmi\u015f bu\u011fday tarlas\u0131nda aniden \u00e7\u0131kan yang\u0131n,","og_url":"http:\/\/e-ciftlik.com\/haberler\/tarim\/kirklarelinde-aniz-yangini-80-dekarlik-zarar\/","og_site_name":"E-&Ccedil;\u0130FTL\u0130K HABER","article_publisher":"https:\/\/www.facebook.com\/eciftlikturkiye","article_published_time":"2024-07-02T06:09:00+00:00","og_image":[{"width":1200,"height":1601,"url":"http:\/\/e-ciftlik.com\/haberler\/wp-content\/uploads\/2024\/07\/kirklareli-nde-cikan-aniz-yanginlarinda-80-de-17478886_amp.jpg","type":"image\/jpeg"}],"author":"Haber Merkezi","twitter_card":"summary_large_image","twitter_creator":"@eciftlikresmi","twitter_site":"@eciftlikresmi","twitter_misc":{"Yazan:":"Haber Merkezi","Tahmini okuma s\u00fcresi":"1 dakika"},"schema":{"@context":"https:\/\/schema.org","@graph":[{"@type":"NewsArticle","@id":"http:\/\/e-ciftlik.com\/haberler\/tarim\/kirklarelinde-aniz-yangini-80-dekarlik-zarar\/#article","isPartOf":{"@id":"http:\/\/e-ciftlik.com\/haberler\/tarim\/kirklarelinde-aniz-yangini-80-dekarlik-zarar\/"},"author":{"name":"Haber Merkezi","@id":"http:\/\/e-ciftlik.com\/haberler\/#\/schema\/person\/d2f4fee3143d7f72be82cb887d51b00a"},"headline":"K\u0131rklareli&#8217;nde An\u0131z Yang\u0131n\u0131: 80 Dekarl\u0131k Zarar!","datePublished":"2024-07-02T06:09:00+00:00","mainEntityOfPage":{"@id":"http:\/\/e-ciftlik.com\/haberler\/tarim\/kirklarelinde-aniz-yangini-80-dekarlik-zarar\/"},"wordCount":159,"commentCount":0,"publisher":{"@id":"http:\/\/e-ciftlik.com\/haberler\/#organization"},"image":{"@id":"http:\/\/e-ciftlik.com\/haberler\/tarim\/kirklarelinde-aniz-yangini-80-dekarlik-zarar\/#primaryimage"},"thumbnailUrl":"http:\/\/e-ciftlik.com\/haberler\/wp-content\/uploads\/2024\/07\/kirklareli-nde-cikan-aniz-yanginlarinda-80-de-17478886_amp.jpg","articleSection":["Tar\u0131m"],"inLanguage":"tr","potentialAction":[{"@type":"CommentAction","name":"Comment","target":["http:\/\/e-ciftlik.com\/haberler\/tarim\/kirklarelinde-aniz-yangini-80-dekarlik-zarar\/#respond"]}]},{"@type":"WebPage","@id":"http:\/\/e-ciftlik.com\/haberler\/tarim\/kirklarelinde-aniz-yangini-80-dekarlik-zarar\/","url":"http:\/\/e-ciftlik.com\/haberler\/tarim\/kirklarelinde-aniz-yangini-80-dekarlik-zarar\/","name":"K\u0131rklareli'nde An\u0131z Yang\u0131n\u0131: 80 Dekarl\u0131k Zarar! - E-&Ccedil;\u0130FTL\u0130K HABER","isPartOf":{"@id":"http:\/\/e-ciftlik.com\/haberler\/#website"},"primaryImageOfPage":{"@id":"http:\/\/e-ciftlik.com\/haberler\/tarim\/kirklarelinde-aniz-yangini-80-dekarlik-zarar\/#primaryimage"},"image":{"@id":"http:\/\/e-ciftlik.com\/haberler\/tarim\/kirklarelinde-aniz-yangini-80-dekarlik-zarar\/#primaryimage"},"thumbnailUrl":"http:\/\/e-ciftlik.com\/haberler\/wp-content\/uploads\/2024\/07\/kirklareli-nde-cikan-aniz-yanginlarinda-80-de-17478886_amp.jpg","datePublished":"2024-07-02T06:09:00+00:00","description":"K\u0131rklareli'nde Meydana Gelen An\u0131z Yang\u0131nlar\u0131 Tar\u0131m Araziye Zarar Verdi K\u0131rklareli'nin Umurca k\u00f6y\u00fcnde hasat edilmi\u015f bu\u011fday tarlas\u0131nda aniden \u00e7\u0131kan yang\u0131n,","breadcrumb":{"@id":"http:\/\/e-ciftlik.com\/haberler\/tarim\/kirklarelinde-aniz-yangini-80-dekarlik-zarar\/#breadcrumb"},"inLanguage":"tr","potentialAction":[{"@type":"ReadAction","target":["http:\/\/e-ciftlik.com\/haberler\/tarim\/kirklarelinde-aniz-yangini-80-dekarlik-zarar\/"]}]},{"@type":"ImageObject","inLanguage":"tr","@id":"http:\/\/e-ciftlik.com\/haberler\/tarim\/kirklarelinde-aniz-yangini-80-dekarlik-zarar\/#primaryimage","url":"http:\/\/e-ciftlik.com\/haberler\/wp-content\/uploads\/2024\/07\/kirklareli-nde-cikan-aniz-yanginlarinda-80-de-17478886_amp.jpg","contentUrl":"http:\/\/e-ciftlik.com\/haberler\/wp-content\/uploads\/2024\/07\/kirklareli-nde-cikan-aniz-yanginlarinda-80-de-17478886_amp.jpg","width":1200,"height":1601},{"@type":"BreadcrumbList","@id":"http:\/\/e-ciftlik.com\/haberler\/tarim\/kirklarelinde-aniz-yangini-80-dekarlik-zarar\/#breadcrumb","itemListElement":[{"@type":"ListItem","position":1,"name":"Anasayfa","item":"http:\/\/e-ciftlik.com\/haberler\/"},{"@type":"ListItem","position":2,"name":"K\u0131rklareli&#8217;nde An\u0131z Yang\u0131n\u0131: 80 Dekarl\u0131k Zarar!"}]},{"@type":"WebSite","@id":"http:\/\/e-ciftlik.com\/haberler\/#website","url":"http:\/\/e-ciftlik.com\/haberler\/","name":"E-\u00c7iftlik Haber | G\u00fcncel, Son Dakika Haberler, En Son Haber","description":"","publisher":{"@id":"http:\/\/e-ciftlik.com\/haberler\/#organization"},"potentialAction":[{"@type":"SearchAction","target":{"@type":"EntryPoint","urlTemplate":"http:\/\/e-ciftlik.com\/haberler\/?s={search_term_string}"},"query-input":{"@type":"PropertyValueSpecification","valueRequired":true,"valueName":"search_term_string"}}],"inLanguage":"tr"},{"@type":"Organization","@id":"http:\/\/e-ciftlik.com\/haberler\/#organization","name":"E-\u00c7\u0130FTL\u0130K HABER","url":"http:\/\/e-ciftlik.com\/haberler\/","logo":{"@type":"ImageObject","inLanguage":"tr","@id":"http:\/\/e-ciftlik.com\/haberler\/#\/schema\/logo\/image\/","url":"http:\/\/e-ciftlik.com\/haberler\/wp-content\/uploads\/2024\/06\/cropped-cropped-favicon-1-2.png","contentUrl":"http:\/\/e-ciftlik.com\/haberler\/wp-content\/uploads\/2024\/06\/cropped-cropped-favicon-1-2.png","width":512,"height":512,"caption":"E-\u00c7\u0130FTL\u0130K HABER"},"image":{"@id":"http:\/\/e-ciftlik.com\/haberler\/#\/schema\/logo\/image\/"},"sameAs":["https:\/\/www.facebook.com\/eciftlikturkiye","https:\/\/x.com\/eciftlikresmi","https:\/\/www.instagram.com\/eciftlikresmi\/"]},{"@type":"Person","@id":"http:\/\/e-ciftlik.com\/haberler\/#\/schema\/person\/d2f4fee3143d7f72be82cb887d51b00a","name":"Haber Merkezi","image":{"@type":"ImageObject","inLanguage":"tr","@id":"https:\/\/secure.gravatar.com\/avatar\/6c27d641914e66c1d0452c92716002398782818991d86db1c2cccb531e7c7c82?s=96&d=mm&r=g","url":"https:\/\/secure.gravatar.com\/avatar\/6c27d641914e66c1d0452c92716002398782818991d86db1c2cccb531e7c7c82?s=96&d=mm&r=g","contentUrl":"https:\/\/secure.gravatar.com\/avatar\/6c27d641914e66c1d0452c92716002398782818991d86db1c2cccb531e7c7c82?s=96&d=mm&r=g","caption":"Haber Merkezi"},"sameAs":["http:\/\/e-ciftlik.com\/haberler"]}]}},"_links":{"self":[{"href":"http:\/\/e-ciftlik.com\/haberler\/wp-json\/wp\/v2\/posts\/8768","targetHints":{"allow":["GET"]}}],"collection":[{"href":"http:\/\/e-ciftlik.com\/haberler\/wp-json\/wp\/v2\/posts"}],"about":[{"href":"http:\/\/e-ciftlik.com\/haberler\/wp-json\/wp\/v2\/types\/post"}],"author":[{"embeddable":true,"href":"http:\/\/e-ciftlik.com\/haberler\/wp-json\/wp\/v2\/users\/1"}],"replies":[{"embeddable":true,"href":"http:\/\/e-ciftlik.com\/haberler\/wp-json\/wp\/v2\/comments?post=8768"}],"version-history":[{"count":0,"href":"http:\/\/e-ciftlik.com\/haberler\/wp-json\/wp\/v2\/posts\/8768\/revisions"}],"wp:featuredmedia":[{"embeddable":true,"href":"http:\/\/e-ciftlik.com\/haberler\/wp-json\/wp\/v2\/media\/8769"}],"wp:attachment":[{"href":"http:\/\/e-ciftlik.com\/haberler\/wp-json\/wp\/v2\/media?parent=8768"}],"wp:term":[{"taxonomy":"category","embeddable":true,"href":"http:\/\/e-ciftlik.com\/haberler\/wp-json\/wp\/v2\/categories?post=8768"},{"taxonomy":"post_tag","embeddable":true,"href":"http:\/\/e-ciftlik.com\/haberler\/wp-json\/wp\/v2\/tags?post=8768"}],"curies":[{"name":"wp","href":"https:\/\/api.w.org\/{rel}","templated":true}]}}