{"id":8804,"date":"2024-07-02T07:07:00","date_gmt":"2024-07-02T07:07:00","guid":{"rendered":"https:\/\/e-ciftlik.com\/haberler\/tarim\/afyonda-hububat-israfina-karsi-denetim\/"},"modified":"2024-07-02T07:07:00","modified_gmt":"2024-07-02T07:07:00","slug":"afyonda-hububat-israfina-karsi-denetim","status":"publish","type":"post","link":"http:\/\/e-ciftlik.com\/haberler\/tarim\/afyonda-hububat-israfina-karsi-denetim\/","title":{"rendered":"Afyon&#8217;da Hububat \u0130sraf\u0131na Kar\u015f\u0131 Denetim!"},"content":{"rendered":"<p>Afyonkarahisar ilinin Sand\u0131kl\u0131, Emirda\u011f ve Bolvadin il\u00e7elerinde hububat israf\u0131n\u0131 \u00f6nlemek amac\u0131yla bi\u00e7erd\u00f6ver kontrollerine ba\u015fland\u0131.<\/p>\n<p>Afyonkarahisar Tar\u0131m ve Orman \u0130l M\u00fcd\u00fcrl\u00fc\u011f\u00fc&#8217;n\u00fcn sosyal medya hesab\u0131ndan yap\u0131lan a\u00e7\u0131klamaya g\u00f6re, Sand\u0131kl\u0131, Emirda\u011f ve Bolvadin \u0130l\u00e7e Tar\u0131m ve Orman M\u00fcd\u00fcrl\u00fckleri taraf\u0131ndan \u00fcreticilerin eme\u011finin kar\u015f\u0131l\u0131\u011f\u0131 olan ve \u00f6nemli \u00fcr\u00fcnlerin israf\u0131n\u0131n \u00f6n\u00fcne ge\u00e7mek amac\u0131yla il\u00e7e m\u00fcd\u00fcrl\u00fcklerinin teknik personelleri taraf\u0131ndan bi\u00e7erd\u00f6ver kontrolleri yap\u0131lmaktad\u0131r. Bi\u00e7erd\u00f6ver operat\u00f6rlerinin belgeleri, yang\u0131n s\u00f6nd\u00fcrme ekipmanlar\u0131 gibi detaylar kontrol edilirken, tarlada olan\u0131n hakk\u0131n\u0131 korumak i\u00e7in denetimler aral\u0131ks\u0131z s\u00fcrd\u00fcr\u00fclmektedir. Ayr\u0131ca \u00e7ift\u00e7i bilgilendirme toplant\u0131lar\u0131yla da \u00e7ift\u00e7ilere destek olunmaktad\u0131r.<\/p>\n<p>Konuyla ilgili olarak \u0130hlas Haber Ajans\u0131 taraf\u0131ndan yap\u0131lan haberde, tar\u0131m, \u00e7evre, ekonomi ve g\u00fcncel haberler kategorilerinde etiketlenen Bolvadin, Sand\u0131kl\u0131, Emirda\u011f gibi yerel konular vurgulanm\u0131\u015ft\u0131r. Bu kontrollerin hububat israf\u0131n\u0131 engellemeye y\u00f6nelik oldu\u011fu ve \u00e7ift\u00e7ilerin desteklenmeye devam edilece\u011fi belirtilmi\u015ftir.<\/p>\n","protected":false},"excerpt":{"rendered":"<p>Afyonkarahisar ilinin Sand\u0131kl\u0131, Emirda\u011f ve Bolvadin il\u00e7elerinde hububat israf\u0131n\u0131 \u00f6nlemek amac\u0131yla bi\u00e7erd\u00f6ver kontrollerine ba\u015fland\u0131. Afyonkarahisar&hellip;<\/p>\n","protected":false},"author":1,"featured_media":8805,"comment_status":"open","ping_status":"open","sticky":false,"template":"","format":"standard","meta":{"footnotes":""},"categories":[9],"tags":[],"class_list":["post-8804","post","type-post","status-publish","format-standard","has-post-thumbnail","hentry","category-tarim"],"yoast_head":"<!-- This site is optimized with the Yoast SEO Premium plugin v24.3 (Yoast SEO v27.4) - https:\/\/yoast.com\/product\/yoast-seo-premium-wordpress\/ -->\n<title>Afyon&#039;da Hububat \u0130sraf\u0131na Kar\u015f\u0131 Denetim! - E-&Ccedil;\u0130FTL\u0130K HABER<\/title>\n<meta name=\"description\" content=\"Afyonkarahisar ilinin Sand\u0131kl\u0131, Emirda\u011f ve Bolvadin il\u00e7elerinde hububat israf\u0131n\u0131 \u00f6nlemek amac\u0131yla bi\u00e7erd\u00f6ver kontrollerine ba\u015fland\u0131. Afyonkarahisar Tar\u0131m\" \/>\n<meta name=\"robots\" content=\"index, follow, max-snippet:-1, max-image-preview:large, max-video-preview:-1\" \/>\n<link rel=\"canonical\" href=\"http:\/\/e-ciftlik.com\/haberler\/tarim\/afyonda-hububat-israfina-karsi-denetim\/\" \/>\n<meta property=\"og:locale\" content=\"tr_TR\" \/>\n<meta property=\"og:type\" content=\"article\" \/>\n<meta property=\"og:title\" content=\"Afyon&#039;da Hububat \u0130sraf\u0131na Kar\u015f\u0131 Denetim!\" \/>\n<meta property=\"og:description\" content=\"Afyonkarahisar ilinin Sand\u0131kl\u0131, Emirda\u011f ve Bolvadin il\u00e7elerinde hububat israf\u0131n\u0131 \u00f6nlemek amac\u0131yla bi\u00e7erd\u00f6ver kontrollerine ba\u015fland\u0131. Afyonkarahisar Tar\u0131m\" \/>\n<meta property=\"og:url\" content=\"http:\/\/e-ciftlik.com\/haberler\/tarim\/afyonda-hububat-israfina-karsi-denetim\/\" \/>\n<meta property=\"og:site_name\" content=\"E-&Ccedil;\u0130FTL\u0130K HABER\" \/>\n<meta property=\"article:publisher\" content=\"https:\/\/www.facebook.com\/eciftlikturkiye\" \/>\n<meta property=\"article:published_time\" content=\"2024-07-02T07:07:00+00:00\" \/>\n<meta property=\"og:image\" content=\"http:\/\/e-ciftlik.com\/haberler\/wp-content\/uploads\/2024\/07\/3-ilcede-bicerdover-kontrollerine-baslandi-17479095_amp.jpg\" \/>\n\t<meta property=\"og:image:width\" content=\"1200\" \/>\n\t<meta property=\"og:image:height\" content=\"1073\" \/>\n\t<meta property=\"og:image:type\" content=\"image\/jpeg\" \/>\n<meta name=\"author\" content=\"Haber Merkezi\" \/>\n<meta name=\"twitter:card\" content=\"summary_large_image\" \/>\n<meta name=\"twitter:creator\" content=\"@eciftlikresmi\" \/>\n<meta name=\"twitter:site\" content=\"@eciftlikresmi\" \/>\n<meta name=\"twitter:label1\" content=\"Yazan:\" \/>\n\t<meta name=\"twitter:data1\" content=\"Haber Merkezi\" \/>\n\t<meta name=\"twitter:label2\" content=\"Tahmini okuma s\u00fcresi\" \/>\n\t<meta name=\"twitter:data2\" content=\"1 dakika\" \/>\n<script type=\"application\/ld+json\" class=\"yoast-schema-graph\">{\"@context\":\"https:\\\/\\\/schema.org\",\"@graph\":[{\"@type\":\"NewsArticle\",\"@id\":\"http:\\\/\\\/e-ciftlik.com\\\/haberler\\\/tarim\\\/afyonda-hububat-israfina-karsi-denetim\\\/#article\",\"isPartOf\":{\"@id\":\"http:\\\/\\\/e-ciftlik.com\\\/haberler\\\/tarim\\\/afyonda-hububat-israfina-karsi-denetim\\\/\"},\"author\":{\"name\":\"Haber Merkezi\",\"@id\":\"http:\\\/\\\/e-ciftlik.com\\\/haberler\\\/#\\\/schema\\\/person\\\/d2f4fee3143d7f72be82cb887d51b00a\"},\"headline\":\"Afyon&#8217;da Hububat \u0130sraf\u0131na Kar\u015f\u0131 Denetim!\",\"datePublished\":\"2024-07-02T07:07:00+00:00\",\"mainEntityOfPage\":{\"@id\":\"http:\\\/\\\/e-ciftlik.com\\\/haberler\\\/tarim\\\/afyonda-hububat-israfina-karsi-denetim\\\/\"},\"wordCount\":198,\"commentCount\":0,\"publisher\":{\"@id\":\"http:\\\/\\\/e-ciftlik.com\\\/haberler\\\/#organization\"},\"image\":{\"@id\":\"http:\\\/\\\/e-ciftlik.com\\\/haberler\\\/tarim\\\/afyonda-hububat-israfina-karsi-denetim\\\/#primaryimage\"},\"thumbnailUrl\":\"http:\\\/\\\/e-ciftlik.com\\\/haberler\\\/wp-content\\\/uploads\\\/2024\\\/07\\\/3-ilcede-bicerdover-kontrollerine-baslandi-17479095_amp.jpg\",\"articleSection\":[\"Tar\u0131m\"],\"inLanguage\":\"tr\",\"potentialAction\":[{\"@type\":\"CommentAction\",\"name\":\"Comment\",\"target\":[\"http:\\\/\\\/e-ciftlik.com\\\/haberler\\\/tarim\\\/afyonda-hububat-israfina-karsi-denetim\\\/#respond\"]}]},{\"@type\":\"WebPage\",\"@id\":\"http:\\\/\\\/e-ciftlik.com\\\/haberler\\\/tarim\\\/afyonda-hububat-israfina-karsi-denetim\\\/\",\"url\":\"http:\\\/\\\/e-ciftlik.com\\\/haberler\\\/tarim\\\/afyonda-hububat-israfina-karsi-denetim\\\/\",\"name\":\"Afyon'da Hububat \u0130sraf\u0131na Kar\u015f\u0131 Denetim! - E-&Ccedil;\u0130FTL\u0130K HABER\",\"isPartOf\":{\"@id\":\"http:\\\/\\\/e-ciftlik.com\\\/haberler\\\/#website\"},\"primaryImageOfPage\":{\"@id\":\"http:\\\/\\\/e-ciftlik.com\\\/haberler\\\/tarim\\\/afyonda-hububat-israfina-karsi-denetim\\\/#primaryimage\"},\"image\":{\"@id\":\"http:\\\/\\\/e-ciftlik.com\\\/haberler\\\/tarim\\\/afyonda-hububat-israfina-karsi-denetim\\\/#primaryimage\"},\"thumbnailUrl\":\"http:\\\/\\\/e-ciftlik.com\\\/haberler\\\/wp-content\\\/uploads\\\/2024\\\/07\\\/3-ilcede-bicerdover-kontrollerine-baslandi-17479095_amp.jpg\",\"datePublished\":\"2024-07-02T07:07:00+00:00\",\"description\":\"Afyonkarahisar ilinin Sand\u0131kl\u0131, Emirda\u011f ve Bolvadin il\u00e7elerinde hububat israf\u0131n\u0131 \u00f6nlemek amac\u0131yla bi\u00e7erd\u00f6ver kontrollerine ba\u015fland\u0131. Afyonkarahisar Tar\u0131m\",\"breadcrumb\":{\"@id\":\"http:\\\/\\\/e-ciftlik.com\\\/haberler\\\/tarim\\\/afyonda-hububat-israfina-karsi-denetim\\\/#breadcrumb\"},\"inLanguage\":\"tr\",\"potentialAction\":[{\"@type\":\"ReadAction\",\"target\":[\"http:\\\/\\\/e-ciftlik.com\\\/haberler\\\/tarim\\\/afyonda-hububat-israfina-karsi-denetim\\\/\"]}]},{\"@type\":\"ImageObject\",\"inLanguage\":\"tr\",\"@id\":\"http:\\\/\\\/e-ciftlik.com\\\/haberler\\\/tarim\\\/afyonda-hububat-israfina-karsi-denetim\\\/#primaryimage\",\"url\":\"http:\\\/\\\/e-ciftlik.com\\\/haberler\\\/wp-content\\\/uploads\\\/2024\\\/07\\\/3-ilcede-bicerdover-kontrollerine-baslandi-17479095_amp.jpg\",\"contentUrl\":\"http:\\\/\\\/e-ciftlik.com\\\/haberler\\\/wp-content\\\/uploads\\\/2024\\\/07\\\/3-ilcede-bicerdover-kontrollerine-baslandi-17479095_amp.jpg\",\"width\":1200,\"height\":1073},{\"@type\":\"BreadcrumbList\",\"@id\":\"http:\\\/\\\/e-ciftlik.com\\\/haberler\\\/tarim\\\/afyonda-hububat-israfina-karsi-denetim\\\/#breadcrumb\",\"itemListElement\":[{\"@type\":\"ListItem\",\"position\":1,\"name\":\"Anasayfa\",\"item\":\"http:\\\/\\\/e-ciftlik.com\\\/haberler\\\/\"},{\"@type\":\"ListItem\",\"position\":2,\"name\":\"Afyon&#8217;da Hububat \u0130sraf\u0131na Kar\u015f\u0131 Denetim!\"}]},{\"@type\":\"WebSite\",\"@id\":\"http:\\\/\\\/e-ciftlik.com\\\/haberler\\\/#website\",\"url\":\"http:\\\/\\\/e-ciftlik.com\\\/haberler\\\/\",\"name\":\"E-\u00c7iftlik Haber | G\u00fcncel, Son Dakika Haberler, En Son Haber\",\"description\":\"\",\"publisher\":{\"@id\":\"http:\\\/\\\/e-ciftlik.com\\\/haberler\\\/#organization\"},\"potentialAction\":[{\"@type\":\"SearchAction\",\"target\":{\"@type\":\"EntryPoint\",\"urlTemplate\":\"http:\\\/\\\/e-ciftlik.com\\\/haberler\\\/?s={search_term_string}\"},\"query-input\":{\"@type\":\"PropertyValueSpecification\",\"valueRequired\":true,\"valueName\":\"search_term_string\"}}],\"inLanguage\":\"tr\"},{\"@type\":\"Organization\",\"@id\":\"http:\\\/\\\/e-ciftlik.com\\\/haberler\\\/#organization\",\"name\":\"E-\u00c7\u0130FTL\u0130K HABER\",\"url\":\"http:\\\/\\\/e-ciftlik.com\\\/haberler\\\/\",\"logo\":{\"@type\":\"ImageObject\",\"inLanguage\":\"tr\",\"@id\":\"http:\\\/\\\/e-ciftlik.com\\\/haberler\\\/#\\\/schema\\\/logo\\\/image\\\/\",\"url\":\"http:\\\/\\\/e-ciftlik.com\\\/haberler\\\/wp-content\\\/uploads\\\/2024\\\/06\\\/cropped-cropped-favicon-1-2.png\",\"contentUrl\":\"http:\\\/\\\/e-ciftlik.com\\\/haberler\\\/wp-content\\\/uploads\\\/2024\\\/06\\\/cropped-cropped-favicon-1-2.png\",\"width\":512,\"height\":512,\"caption\":\"E-\u00c7\u0130FTL\u0130K HABER\"},\"image\":{\"@id\":\"http:\\\/\\\/e-ciftlik.com\\\/haberler\\\/#\\\/schema\\\/logo\\\/image\\\/\"},\"sameAs\":[\"https:\\\/\\\/www.facebook.com\\\/eciftlikturkiye\",\"https:\\\/\\\/x.com\\\/eciftlikresmi\",\"https:\\\/\\\/www.instagram.com\\\/eciftlikresmi\\\/\"]},{\"@type\":\"Person\",\"@id\":\"http:\\\/\\\/e-ciftlik.com\\\/haberler\\\/#\\\/schema\\\/person\\\/d2f4fee3143d7f72be82cb887d51b00a\",\"name\":\"Haber Merkezi\",\"image\":{\"@type\":\"ImageObject\",\"inLanguage\":\"tr\",\"@id\":\"https:\\\/\\\/secure.gravatar.com\\\/avatar\\\/6c27d641914e66c1d0452c92716002398782818991d86db1c2cccb531e7c7c82?s=96&d=mm&r=g\",\"url\":\"https:\\\/\\\/secure.gravatar.com\\\/avatar\\\/6c27d641914e66c1d0452c92716002398782818991d86db1c2cccb531e7c7c82?s=96&d=mm&r=g\",\"contentUrl\":\"https:\\\/\\\/secure.gravatar.com\\\/avatar\\\/6c27d641914e66c1d0452c92716002398782818991d86db1c2cccb531e7c7c82?s=96&d=mm&r=g\",\"caption\":\"Haber Merkezi\"},\"sameAs\":[\"http:\\\/\\\/e-ciftlik.com\\\/haberler\"]}]}<\/script>\n<!-- \/ Yoast SEO Premium plugin. -->","yoast_head_json":{"title":"Afyon'da Hububat \u0130sraf\u0131na Kar\u015f\u0131 Denetim! - E-&Ccedil;\u0130FTL\u0130K HABER","description":"Afyonkarahisar ilinin Sand\u0131kl\u0131, Emirda\u011f ve Bolvadin il\u00e7elerinde hububat israf\u0131n\u0131 \u00f6nlemek amac\u0131yla bi\u00e7erd\u00f6ver kontrollerine ba\u015fland\u0131. Afyonkarahisar Tar\u0131m","robots":{"index":"index","follow":"follow","max-snippet":"max-snippet:-1","max-image-preview":"max-image-preview:large","max-video-preview":"max-video-preview:-1"},"canonical":"http:\/\/e-ciftlik.com\/haberler\/tarim\/afyonda-hububat-israfina-karsi-denetim\/","og_locale":"tr_TR","og_type":"article","og_title":"Afyon'da Hububat \u0130sraf\u0131na Kar\u015f\u0131 Denetim!","og_description":"Afyonkarahisar ilinin Sand\u0131kl\u0131, Emirda\u011f ve Bolvadin il\u00e7elerinde hububat israf\u0131n\u0131 \u00f6nlemek amac\u0131yla bi\u00e7erd\u00f6ver kontrollerine ba\u015fland\u0131. Afyonkarahisar Tar\u0131m","og_url":"http:\/\/e-ciftlik.com\/haberler\/tarim\/afyonda-hububat-israfina-karsi-denetim\/","og_site_name":"E-&Ccedil;\u0130FTL\u0130K HABER","article_publisher":"https:\/\/www.facebook.com\/eciftlikturkiye","article_published_time":"2024-07-02T07:07:00+00:00","og_image":[{"width":1200,"height":1073,"url":"http:\/\/e-ciftlik.com\/haberler\/wp-content\/uploads\/2024\/07\/3-ilcede-bicerdover-kontrollerine-baslandi-17479095_amp.jpg","type":"image\/jpeg"}],"author":"Haber Merkezi","twitter_card":"summary_large_image","twitter_creator":"@eciftlikresmi","twitter_site":"@eciftlikresmi","twitter_misc":{"Yazan:":"Haber Merkezi","Tahmini okuma s\u00fcresi":"1 dakika"},"schema":{"@context":"https:\/\/schema.org","@graph":[{"@type":"NewsArticle","@id":"http:\/\/e-ciftlik.com\/haberler\/tarim\/afyonda-hububat-israfina-karsi-denetim\/#article","isPartOf":{"@id":"http:\/\/e-ciftlik.com\/haberler\/tarim\/afyonda-hububat-israfina-karsi-denetim\/"},"author":{"name":"Haber Merkezi","@id":"http:\/\/e-ciftlik.com\/haberler\/#\/schema\/person\/d2f4fee3143d7f72be82cb887d51b00a"},"headline":"Afyon&#8217;da Hububat \u0130sraf\u0131na Kar\u015f\u0131 Denetim!","datePublished":"2024-07-02T07:07:00+00:00","mainEntityOfPage":{"@id":"http:\/\/e-ciftlik.com\/haberler\/tarim\/afyonda-hububat-israfina-karsi-denetim\/"},"wordCount":198,"commentCount":0,"publisher":{"@id":"http:\/\/e-ciftlik.com\/haberler\/#organization"},"image":{"@id":"http:\/\/e-ciftlik.com\/haberler\/tarim\/afyonda-hububat-israfina-karsi-denetim\/#primaryimage"},"thumbnailUrl":"http:\/\/e-ciftlik.com\/haberler\/wp-content\/uploads\/2024\/07\/3-ilcede-bicerdover-kontrollerine-baslandi-17479095_amp.jpg","articleSection":["Tar\u0131m"],"inLanguage":"tr","potentialAction":[{"@type":"CommentAction","name":"Comment","target":["http:\/\/e-ciftlik.com\/haberler\/tarim\/afyonda-hububat-israfina-karsi-denetim\/#respond"]}]},{"@type":"WebPage","@id":"http:\/\/e-ciftlik.com\/haberler\/tarim\/afyonda-hububat-israfina-karsi-denetim\/","url":"http:\/\/e-ciftlik.com\/haberler\/tarim\/afyonda-hububat-israfina-karsi-denetim\/","name":"Afyon'da Hububat \u0130sraf\u0131na Kar\u015f\u0131 Denetim! - E-&Ccedil;\u0130FTL\u0130K HABER","isPartOf":{"@id":"http:\/\/e-ciftlik.com\/haberler\/#website"},"primaryImageOfPage":{"@id":"http:\/\/e-ciftlik.com\/haberler\/tarim\/afyonda-hububat-israfina-karsi-denetim\/#primaryimage"},"image":{"@id":"http:\/\/e-ciftlik.com\/haberler\/tarim\/afyonda-hububat-israfina-karsi-denetim\/#primaryimage"},"thumbnailUrl":"http:\/\/e-ciftlik.com\/haberler\/wp-content\/uploads\/2024\/07\/3-ilcede-bicerdover-kontrollerine-baslandi-17479095_amp.jpg","datePublished":"2024-07-02T07:07:00+00:00","description":"Afyonkarahisar ilinin Sand\u0131kl\u0131, Emirda\u011f ve Bolvadin il\u00e7elerinde hububat israf\u0131n\u0131 \u00f6nlemek amac\u0131yla bi\u00e7erd\u00f6ver kontrollerine ba\u015fland\u0131. Afyonkarahisar Tar\u0131m","breadcrumb":{"@id":"http:\/\/e-ciftlik.com\/haberler\/tarim\/afyonda-hububat-israfina-karsi-denetim\/#breadcrumb"},"inLanguage":"tr","potentialAction":[{"@type":"ReadAction","target":["http:\/\/e-ciftlik.com\/haberler\/tarim\/afyonda-hububat-israfina-karsi-denetim\/"]}]},{"@type":"ImageObject","inLanguage":"tr","@id":"http:\/\/e-ciftlik.com\/haberler\/tarim\/afyonda-hububat-israfina-karsi-denetim\/#primaryimage","url":"http:\/\/e-ciftlik.com\/haberler\/wp-content\/uploads\/2024\/07\/3-ilcede-bicerdover-kontrollerine-baslandi-17479095_amp.jpg","contentUrl":"http:\/\/e-ciftlik.com\/haberler\/wp-content\/uploads\/2024\/07\/3-ilcede-bicerdover-kontrollerine-baslandi-17479095_amp.jpg","width":1200,"height":1073},{"@type":"BreadcrumbList","@id":"http:\/\/e-ciftlik.com\/haberler\/tarim\/afyonda-hububat-israfina-karsi-denetim\/#breadcrumb","itemListElement":[{"@type":"ListItem","position":1,"name":"Anasayfa","item":"http:\/\/e-ciftlik.com\/haberler\/"},{"@type":"ListItem","position":2,"name":"Afyon&#8217;da Hububat \u0130sraf\u0131na Kar\u015f\u0131 Denetim!"}]},{"@type":"WebSite","@id":"http:\/\/e-ciftlik.com\/haberler\/#website","url":"http:\/\/e-ciftlik.com\/haberler\/","name":"E-\u00c7iftlik Haber | G\u00fcncel, Son Dakika Haberler, En Son Haber","description":"","publisher":{"@id":"http:\/\/e-ciftlik.com\/haberler\/#organization"},"potentialAction":[{"@type":"SearchAction","target":{"@type":"EntryPoint","urlTemplate":"http:\/\/e-ciftlik.com\/haberler\/?s={search_term_string}"},"query-input":{"@type":"PropertyValueSpecification","valueRequired":true,"valueName":"search_term_string"}}],"inLanguage":"tr"},{"@type":"Organization","@id":"http:\/\/e-ciftlik.com\/haberler\/#organization","name":"E-\u00c7\u0130FTL\u0130K HABER","url":"http:\/\/e-ciftlik.com\/haberler\/","logo":{"@type":"ImageObject","inLanguage":"tr","@id":"http:\/\/e-ciftlik.com\/haberler\/#\/schema\/logo\/image\/","url":"http:\/\/e-ciftlik.com\/haberler\/wp-content\/uploads\/2024\/06\/cropped-cropped-favicon-1-2.png","contentUrl":"http:\/\/e-ciftlik.com\/haberler\/wp-content\/uploads\/2024\/06\/cropped-cropped-favicon-1-2.png","width":512,"height":512,"caption":"E-\u00c7\u0130FTL\u0130K HABER"},"image":{"@id":"http:\/\/e-ciftlik.com\/haberler\/#\/schema\/logo\/image\/"},"sameAs":["https:\/\/www.facebook.com\/eciftlikturkiye","https:\/\/x.com\/eciftlikresmi","https:\/\/www.instagram.com\/eciftlikresmi\/"]},{"@type":"Person","@id":"http:\/\/e-ciftlik.com\/haberler\/#\/schema\/person\/d2f4fee3143d7f72be82cb887d51b00a","name":"Haber Merkezi","image":{"@type":"ImageObject","inLanguage":"tr","@id":"https:\/\/secure.gravatar.com\/avatar\/6c27d641914e66c1d0452c92716002398782818991d86db1c2cccb531e7c7c82?s=96&d=mm&r=g","url":"https:\/\/secure.gravatar.com\/avatar\/6c27d641914e66c1d0452c92716002398782818991d86db1c2cccb531e7c7c82?s=96&d=mm&r=g","contentUrl":"https:\/\/secure.gravatar.com\/avatar\/6c27d641914e66c1d0452c92716002398782818991d86db1c2cccb531e7c7c82?s=96&d=mm&r=g","caption":"Haber Merkezi"},"sameAs":["http:\/\/e-ciftlik.com\/haberler"]}]}},"_links":{"self":[{"href":"http:\/\/e-ciftlik.com\/haberler\/wp-json\/wp\/v2\/posts\/8804","targetHints":{"allow":["GET"]}}],"collection":[{"href":"http:\/\/e-ciftlik.com\/haberler\/wp-json\/wp\/v2\/posts"}],"about":[{"href":"http:\/\/e-ciftlik.com\/haberler\/wp-json\/wp\/v2\/types\/post"}],"author":[{"embeddable":true,"href":"http:\/\/e-ciftlik.com\/haberler\/wp-json\/wp\/v2\/users\/1"}],"replies":[{"embeddable":true,"href":"http:\/\/e-ciftlik.com\/haberler\/wp-json\/wp\/v2\/comments?post=8804"}],"version-history":[{"count":0,"href":"http:\/\/e-ciftlik.com\/haberler\/wp-json\/wp\/v2\/posts\/8804\/revisions"}],"wp:featuredmedia":[{"embeddable":true,"href":"http:\/\/e-ciftlik.com\/haberler\/wp-json\/wp\/v2\/media\/8805"}],"wp:attachment":[{"href":"http:\/\/e-ciftlik.com\/haberler\/wp-json\/wp\/v2\/media?parent=8804"}],"wp:term":[{"taxonomy":"category","embeddable":true,"href":"http:\/\/e-ciftlik.com\/haberler\/wp-json\/wp\/v2\/categories?post=8804"},{"taxonomy":"post_tag","embeddable":true,"href":"http:\/\/e-ciftlik.com\/haberler\/wp-json\/wp\/v2\/tags?post=8804"}],"curies":[{"name":"wp","href":"https:\/\/api.w.org\/{rel}","templated":true}]}}