{"id":8871,"date":"2024-07-02T09:18:00","date_gmt":"2024-07-02T09:18:00","guid":{"rendered":"https:\/\/e-ciftlik.com\/haberler\/tarim\/guvenilir-gida-takibi-basladi-karekod-uygulamasi-devreye-girdi\/"},"modified":"2024-07-02T09:18:00","modified_gmt":"2024-07-02T09:18:00","slug":"guvenilir-gida-takibi-basladi-karekod-uygulamasi-devreye-girdi","status":"publish","type":"post","link":"http:\/\/e-ciftlik.com\/haberler\/tarim\/guvenilir-gida-takibi-basladi-karekod-uygulamasi-devreye-girdi\/","title":{"rendered":"G\u00fcvenilir G\u0131da Takibi Ba\u015flad\u0131! Karekod Uygulamas\u0131 Devreye Girdi"},"content":{"rendered":"<p>Tar\u0131m ve Orman Bakanl\u0131\u011f\u0131, g\u0131da i\u015fletmelerinin denetim durumunun t\u00fcketiciler taraf\u0131ndan takip edilmesine y\u00f6nelik karekod uygulamas\u0131n\u0131 ba\u015flatt\u0131. Bakanl\u0131k, &#8220;tarladan sofraya g\u0131da g\u00fcvenli\u011fi&#8221; uluslararas\u0131 yakla\u015f\u0131m\u0131 do\u011frultusunda, g\u0131da i\u015fletmelerinin resmi kontrollerini \u00fclke genelinde kesintisiz bir \u015fekilde s\u00fcrd\u00fcr\u00fcyor.<\/p>\n<p>Bu do\u011frultuda, Tar\u0131m ve Orman Bakan\u0131 \u0130brahim Yumakl\u0131 taraf\u0131ndan duyurulan, t\u00fcketicilerin g\u00fcvenilir g\u0131daya eri\u015fimini sa\u011flamak amac\u0131yla &#8220;G\u0131da \u0130\u015fletmelerinde Karekod Uygulamas\u0131&#8221; hayata ge\u00e7irildi. Bakanl\u0131k taraf\u0131ndan her bir i\u015fletmeye \u00f6zel karekod i\u00e7eren g\u00f6rsel haz\u0131rland\u0131 ve g\u0131da i\u015fletmeleri taraf\u0131ndan g\u00f6n\u00fcll\u00fc olarak kullan\u0131larak t\u00fcketicilerin g\u00f6rebilece\u011fi yerlerde sergilenebilecek.<\/p>\n<p>T\u00fcketiciler, bu g\u00f6rsel \u00fczerindeki karekodu mobil cihazlar\u0131na indirerek &#8220;Tar\u0131m Cebimde&#8221; uygulamas\u0131ndan taratarak i\u015fletmeye ait kay\u0131t\/onay numaras\u0131, \u00fcnvan, adres ve en son denetim tarihi gibi bilgilere eri\u015febilecek. Bu uygulamayla, t\u00fcketicilerin \u00e7\u0131karlar\u0131 korunacak ve Bakanl\u0131k taraf\u0131ndan ger\u00e7ekle\u015ftirilen resmi kontrollerin g\u00f6r\u00fcn\u00fcrl\u00fc\u011f\u00fc art\u0131r\u0131lm\u0131\u015f olacak.<\/p>\n<p>&#8220;G\u0131da Cebimde&#8221; uygulamas\u0131 \u00fczerinden denetim verilerine ula\u015f\u0131labilirken, g\u0131da i\u015fletmecileri de https:\/\/guvenilirgida.tarimorman.gov.tr adresindeki men\u00fcden &#8220;\u0130\u015fletme Karekod Olu\u015fturma&#8221; linkine t\u0131klayarak uygulamaya dahil olabilecekler. Ger\u00e7ek ki\u015fi i\u015fletmeleri i\u00e7in kimlik ve i\u015fletme kay\u0131t\/onay numaras\u0131, t\u00fczel ki\u015fi i\u015fletmeleri i\u00e7inse vergi ve i\u015fletme kay\u0131t\/onay numaralar\u0131 girilerek i\u015fletmenin karekod i\u00e7eren belgesi haz\u0131rlanacak ve t\u00fcketicilere sunulabilecek.<\/p>\n<p>T\u00fcketiciler, &#8220;Tar\u0131m Cebimde&#8221; mobil uygulamas\u0131 \u00fczerinden i\u015fletmelerin denetim bilgilerine eri\u015febilecekler. Uygulaman\u0131n &#8220;G\u0131da Kontrol&#8221; men\u00fcs\u00fc alt\u0131ndaki &#8220;\u0130\u015fletme Denetim Sorgulama&#8221; k\u0131sm\u0131na t\u0131klayarak a\u00e7\u0131lan kameray\u0131 i\u015fletme g\u00f6rselindeki karekoda yakla\u015ft\u0131rarak i\u015fletmenin bilgilerine ula\u015fabilecekler.<\/p>\n<p>Bu sayede, t\u00fcketiciler i\u015fletmelerin bilgilerine kolayca eri\u015febilecekler. Tar\u0131m, Teknoloji, Ekonomi ve Haberler gibi anahtar kelimeler ise haberin \u00f6ne \u00e7\u0131kan konular\u0131 olarak belirlendi.<\/p>\n","protected":false},"excerpt":{"rendered":"<p>Tar\u0131m ve Orman Bakanl\u0131\u011f\u0131, g\u0131da i\u015fletmelerinin denetim durumunun t\u00fcketiciler taraf\u0131ndan takip edilmesine y\u00f6nelik karekod uygulamas\u0131n\u0131&hellip;<\/p>\n","protected":false},"author":1,"featured_media":6345,"comment_status":"open","ping_status":"open","sticky":false,"template":"","format":"standard","meta":{"footnotes":""},"categories":[9],"tags":[],"class_list":["post-8871","post","type-post","status-publish","format-standard","has-post-thumbnail","hentry","category-tarim"],"yoast_head":"<!-- This site is optimized with the Yoast SEO Premium plugin v24.3 (Yoast SEO v27.4) - https:\/\/yoast.com\/product\/yoast-seo-premium-wordpress\/ -->\n<title>G\u00fcvenilir G\u0131da Takibi Ba\u015flad\u0131! Karekod Uygulamas\u0131 Devreye Girdi - E-&Ccedil;\u0130FTL\u0130K HABER<\/title>\n<meta name=\"description\" content=\"Tar\u0131m ve Orman Bakanl\u0131\u011f\u0131, g\u0131da i\u015fletmelerinin denetim durumunun t\u00fcketiciler taraf\u0131ndan takip edilmesine y\u00f6nelik karekod uygulamas\u0131n\u0131 ba\u015flatt\u0131. Bakanl\u0131k,\" \/>\n<meta name=\"robots\" content=\"index, follow, max-snippet:-1, max-image-preview:large, max-video-preview:-1\" \/>\n<link rel=\"canonical\" href=\"http:\/\/e-ciftlik.com\/haberler\/tarim\/guvenilir-gida-takibi-basladi-karekod-uygulamasi-devreye-girdi\/\" \/>\n<meta property=\"og:locale\" content=\"tr_TR\" \/>\n<meta property=\"og:type\" content=\"article\" \/>\n<meta property=\"og:title\" content=\"G\u00fcvenilir G\u0131da Takibi Ba\u015flad\u0131! Karekod Uygulamas\u0131 Devreye Girdi\" \/>\n<meta property=\"og:description\" content=\"Tar\u0131m ve Orman Bakanl\u0131\u011f\u0131, g\u0131da i\u015fletmelerinin denetim durumunun t\u00fcketiciler taraf\u0131ndan takip edilmesine y\u00f6nelik karekod uygulamas\u0131n\u0131 ba\u015flatt\u0131. Bakanl\u0131k,\" \/>\n<meta property=\"og:url\" content=\"http:\/\/e-ciftlik.com\/haberler\/tarim\/guvenilir-gida-takibi-basladi-karekod-uygulamasi-devreye-girdi\/\" \/>\n<meta property=\"og:site_name\" content=\"E-&Ccedil;\u0130FTL\u0130K HABER\" \/>\n<meta property=\"article:publisher\" content=\"https:\/\/www.facebook.com\/eciftlikturkiye\" \/>\n<meta property=\"article:published_time\" content=\"2024-07-02T09:18:00+00:00\" \/>\n<meta property=\"og:image\" content=\"http:\/\/e-ciftlik.com\/haberler\/wp-content\/uploads\/2024\/06\/haberlercom_haberi.jpg\" \/>\n\t<meta property=\"og:image:width\" content=\"1200\" \/>\n\t<meta property=\"og:image:height\" content=\"636\" \/>\n\t<meta property=\"og:image:type\" content=\"image\/jpeg\" \/>\n<meta name=\"author\" content=\"Haber Merkezi\" \/>\n<meta name=\"twitter:card\" content=\"summary_large_image\" \/>\n<meta name=\"twitter:creator\" content=\"@eciftlikresmi\" \/>\n<meta name=\"twitter:site\" content=\"@eciftlikresmi\" \/>\n<meta name=\"twitter:label1\" content=\"Yazan:\" \/>\n\t<meta name=\"twitter:data1\" content=\"Haber Merkezi\" \/>\n\t<meta name=\"twitter:label2\" content=\"Tahmini okuma s\u00fcresi\" \/>\n\t<meta name=\"twitter:data2\" content=\"2 dakika\" \/>\n<script type=\"application\/ld+json\" class=\"yoast-schema-graph\">{\"@context\":\"https:\\\/\\\/schema.org\",\"@graph\":[{\"@type\":\"NewsArticle\",\"@id\":\"http:\\\/\\\/e-ciftlik.com\\\/haberler\\\/tarim\\\/guvenilir-gida-takibi-basladi-karekod-uygulamasi-devreye-girdi\\\/#article\",\"isPartOf\":{\"@id\":\"http:\\\/\\\/e-ciftlik.com\\\/haberler\\\/tarim\\\/guvenilir-gida-takibi-basladi-karekod-uygulamasi-devreye-girdi\\\/\"},\"author\":{\"name\":\"Haber Merkezi\",\"@id\":\"https:\\\/\\\/e-ciftlik.com\\\/haberler\\\/#\\\/schema\\\/person\\\/d2f4fee3143d7f72be82cb887d51b00a\"},\"headline\":\"G\u00fcvenilir G\u0131da Takibi Ba\u015flad\u0131! Karekod Uygulamas\u0131 Devreye Girdi\",\"datePublished\":\"2024-07-02T09:18:00+00:00\",\"mainEntityOfPage\":{\"@id\":\"http:\\\/\\\/e-ciftlik.com\\\/haberler\\\/tarim\\\/guvenilir-gida-takibi-basladi-karekod-uygulamasi-devreye-girdi\\\/\"},\"wordCount\":342,\"commentCount\":0,\"publisher\":{\"@id\":\"https:\\\/\\\/e-ciftlik.com\\\/haberler\\\/#organization\"},\"image\":{\"@id\":\"http:\\\/\\\/e-ciftlik.com\\\/haberler\\\/tarim\\\/guvenilir-gida-takibi-basladi-karekod-uygulamasi-devreye-girdi\\\/#primaryimage\"},\"thumbnailUrl\":\"http:\\\/\\\/e-ciftlik.com\\\/haberler\\\/wp-content\\\/uploads\\\/2024\\\/06\\\/haberlercom_haberi.jpg\",\"articleSection\":[\"Tar\u0131m\"],\"inLanguage\":\"tr\",\"potentialAction\":[{\"@type\":\"CommentAction\",\"name\":\"Comment\",\"target\":[\"http:\\\/\\\/e-ciftlik.com\\\/haberler\\\/tarim\\\/guvenilir-gida-takibi-basladi-karekod-uygulamasi-devreye-girdi\\\/#respond\"]}]},{\"@type\":\"WebPage\",\"@id\":\"http:\\\/\\\/e-ciftlik.com\\\/haberler\\\/tarim\\\/guvenilir-gida-takibi-basladi-karekod-uygulamasi-devreye-girdi\\\/\",\"url\":\"http:\\\/\\\/e-ciftlik.com\\\/haberler\\\/tarim\\\/guvenilir-gida-takibi-basladi-karekod-uygulamasi-devreye-girdi\\\/\",\"name\":\"G\u00fcvenilir G\u0131da Takibi Ba\u015flad\u0131! Karekod Uygulamas\u0131 Devreye Girdi - E-&Ccedil;\u0130FTL\u0130K HABER\",\"isPartOf\":{\"@id\":\"https:\\\/\\\/e-ciftlik.com\\\/haberler\\\/#website\"},\"primaryImageOfPage\":{\"@id\":\"http:\\\/\\\/e-ciftlik.com\\\/haberler\\\/tarim\\\/guvenilir-gida-takibi-basladi-karekod-uygulamasi-devreye-girdi\\\/#primaryimage\"},\"image\":{\"@id\":\"http:\\\/\\\/e-ciftlik.com\\\/haberler\\\/tarim\\\/guvenilir-gida-takibi-basladi-karekod-uygulamasi-devreye-girdi\\\/#primaryimage\"},\"thumbnailUrl\":\"http:\\\/\\\/e-ciftlik.com\\\/haberler\\\/wp-content\\\/uploads\\\/2024\\\/06\\\/haberlercom_haberi.jpg\",\"datePublished\":\"2024-07-02T09:18:00+00:00\",\"description\":\"Tar\u0131m ve Orman Bakanl\u0131\u011f\u0131, g\u0131da i\u015fletmelerinin denetim durumunun t\u00fcketiciler taraf\u0131ndan takip edilmesine y\u00f6nelik karekod uygulamas\u0131n\u0131 ba\u015flatt\u0131. Bakanl\u0131k,\",\"breadcrumb\":{\"@id\":\"http:\\\/\\\/e-ciftlik.com\\\/haberler\\\/tarim\\\/guvenilir-gida-takibi-basladi-karekod-uygulamasi-devreye-girdi\\\/#breadcrumb\"},\"inLanguage\":\"tr\",\"potentialAction\":[{\"@type\":\"ReadAction\",\"target\":[\"http:\\\/\\\/e-ciftlik.com\\\/haberler\\\/tarim\\\/guvenilir-gida-takibi-basladi-karekod-uygulamasi-devreye-girdi\\\/\"]}]},{\"@type\":\"ImageObject\",\"inLanguage\":\"tr\",\"@id\":\"http:\\\/\\\/e-ciftlik.com\\\/haberler\\\/tarim\\\/guvenilir-gida-takibi-basladi-karekod-uygulamasi-devreye-girdi\\\/#primaryimage\",\"url\":\"http:\\\/\\\/e-ciftlik.com\\\/haberler\\\/wp-content\\\/uploads\\\/2024\\\/06\\\/haberlercom_haberi.jpg\",\"contentUrl\":\"http:\\\/\\\/e-ciftlik.com\\\/haberler\\\/wp-content\\\/uploads\\\/2024\\\/06\\\/haberlercom_haberi.jpg\",\"width\":1200,\"height\":636},{\"@type\":\"BreadcrumbList\",\"@id\":\"http:\\\/\\\/e-ciftlik.com\\\/haberler\\\/tarim\\\/guvenilir-gida-takibi-basladi-karekod-uygulamasi-devreye-girdi\\\/#breadcrumb\",\"itemListElement\":[{\"@type\":\"ListItem\",\"position\":1,\"name\":\"Anasayfa\",\"item\":\"https:\\\/\\\/e-ciftlik.com\\\/haberler\\\/\"},{\"@type\":\"ListItem\",\"position\":2,\"name\":\"G\u00fcvenilir G\u0131da Takibi Ba\u015flad\u0131! Karekod Uygulamas\u0131 Devreye Girdi\"}]},{\"@type\":\"WebSite\",\"@id\":\"https:\\\/\\\/e-ciftlik.com\\\/haberler\\\/#website\",\"url\":\"https:\\\/\\\/e-ciftlik.com\\\/haberler\\\/\",\"name\":\"E-\u00c7iftlik Haber | G\u00fcncel, Son Dakika Haberler, En Son Haber\",\"description\":\"\",\"publisher\":{\"@id\":\"https:\\\/\\\/e-ciftlik.com\\\/haberler\\\/#organization\"},\"potentialAction\":[{\"@type\":\"SearchAction\",\"target\":{\"@type\":\"EntryPoint\",\"urlTemplate\":\"https:\\\/\\\/e-ciftlik.com\\\/haberler\\\/?s={search_term_string}\"},\"query-input\":{\"@type\":\"PropertyValueSpecification\",\"valueRequired\":true,\"valueName\":\"search_term_string\"}}],\"inLanguage\":\"tr\"},{\"@type\":\"Organization\",\"@id\":\"https:\\\/\\\/e-ciftlik.com\\\/haberler\\\/#organization\",\"name\":\"E-\u00c7\u0130FTL\u0130K HABER\",\"url\":\"https:\\\/\\\/e-ciftlik.com\\\/haberler\\\/\",\"logo\":{\"@type\":\"ImageObject\",\"inLanguage\":\"tr\",\"@id\":\"https:\\\/\\\/e-ciftlik.com\\\/haberler\\\/#\\\/schema\\\/logo\\\/image\\\/\",\"url\":\"http:\\\/\\\/e-ciftlik.com\\\/haberler\\\/wp-content\\\/uploads\\\/2024\\\/06\\\/cropped-cropped-favicon-1-2.png\",\"contentUrl\":\"http:\\\/\\\/e-ciftlik.com\\\/haberler\\\/wp-content\\\/uploads\\\/2024\\\/06\\\/cropped-cropped-favicon-1-2.png\",\"width\":512,\"height\":512,\"caption\":\"E-\u00c7\u0130FTL\u0130K HABER\"},\"image\":{\"@id\":\"https:\\\/\\\/e-ciftlik.com\\\/haberler\\\/#\\\/schema\\\/logo\\\/image\\\/\"},\"sameAs\":[\"https:\\\/\\\/www.facebook.com\\\/eciftlikturkiye\",\"https:\\\/\\\/x.com\\\/eciftlikresmi\",\"https:\\\/\\\/www.instagram.com\\\/eciftlikresmi\\\/\"]},{\"@type\":\"Person\",\"@id\":\"https:\\\/\\\/e-ciftlik.com\\\/haberler\\\/#\\\/schema\\\/person\\\/d2f4fee3143d7f72be82cb887d51b00a\",\"name\":\"Haber Merkezi\",\"image\":{\"@type\":\"ImageObject\",\"inLanguage\":\"tr\",\"@id\":\"https:\\\/\\\/secure.gravatar.com\\\/avatar\\\/6c27d641914e66c1d0452c92716002398782818991d86db1c2cccb531e7c7c82?s=96&d=mm&r=g\",\"url\":\"https:\\\/\\\/secure.gravatar.com\\\/avatar\\\/6c27d641914e66c1d0452c92716002398782818991d86db1c2cccb531e7c7c82?s=96&d=mm&r=g\",\"contentUrl\":\"https:\\\/\\\/secure.gravatar.com\\\/avatar\\\/6c27d641914e66c1d0452c92716002398782818991d86db1c2cccb531e7c7c82?s=96&d=mm&r=g\",\"caption\":\"Haber Merkezi\"},\"sameAs\":[\"http:\\\/\\\/e-ciftlik.com\\\/haberler\"]}]}<\/script>\n<!-- \/ Yoast SEO Premium plugin. -->","yoast_head_json":{"title":"G\u00fcvenilir G\u0131da Takibi Ba\u015flad\u0131! Karekod Uygulamas\u0131 Devreye Girdi - E-&Ccedil;\u0130FTL\u0130K HABER","description":"Tar\u0131m ve Orman Bakanl\u0131\u011f\u0131, g\u0131da i\u015fletmelerinin denetim durumunun t\u00fcketiciler taraf\u0131ndan takip edilmesine y\u00f6nelik karekod uygulamas\u0131n\u0131 ba\u015flatt\u0131. Bakanl\u0131k,","robots":{"index":"index","follow":"follow","max-snippet":"max-snippet:-1","max-image-preview":"max-image-preview:large","max-video-preview":"max-video-preview:-1"},"canonical":"http:\/\/e-ciftlik.com\/haberler\/tarim\/guvenilir-gida-takibi-basladi-karekod-uygulamasi-devreye-girdi\/","og_locale":"tr_TR","og_type":"article","og_title":"G\u00fcvenilir G\u0131da Takibi Ba\u015flad\u0131! Karekod Uygulamas\u0131 Devreye Girdi","og_description":"Tar\u0131m ve Orman Bakanl\u0131\u011f\u0131, g\u0131da i\u015fletmelerinin denetim durumunun t\u00fcketiciler taraf\u0131ndan takip edilmesine y\u00f6nelik karekod uygulamas\u0131n\u0131 ba\u015flatt\u0131. Bakanl\u0131k,","og_url":"http:\/\/e-ciftlik.com\/haberler\/tarim\/guvenilir-gida-takibi-basladi-karekod-uygulamasi-devreye-girdi\/","og_site_name":"E-&Ccedil;\u0130FTL\u0130K HABER","article_publisher":"https:\/\/www.facebook.com\/eciftlikturkiye","article_published_time":"2024-07-02T09:18:00+00:00","og_image":[{"width":1200,"height":636,"url":"http:\/\/e-ciftlik.com\/haberler\/wp-content\/uploads\/2024\/06\/haberlercom_haberi.jpg","type":"image\/jpeg"}],"author":"Haber Merkezi","twitter_card":"summary_large_image","twitter_creator":"@eciftlikresmi","twitter_site":"@eciftlikresmi","twitter_misc":{"Yazan:":"Haber Merkezi","Tahmini okuma s\u00fcresi":"2 dakika"},"schema":{"@context":"https:\/\/schema.org","@graph":[{"@type":"NewsArticle","@id":"http:\/\/e-ciftlik.com\/haberler\/tarim\/guvenilir-gida-takibi-basladi-karekod-uygulamasi-devreye-girdi\/#article","isPartOf":{"@id":"http:\/\/e-ciftlik.com\/haberler\/tarim\/guvenilir-gida-takibi-basladi-karekod-uygulamasi-devreye-girdi\/"},"author":{"name":"Haber Merkezi","@id":"https:\/\/e-ciftlik.com\/haberler\/#\/schema\/person\/d2f4fee3143d7f72be82cb887d51b00a"},"headline":"G\u00fcvenilir G\u0131da Takibi Ba\u015flad\u0131! Karekod Uygulamas\u0131 Devreye Girdi","datePublished":"2024-07-02T09:18:00+00:00","mainEntityOfPage":{"@id":"http:\/\/e-ciftlik.com\/haberler\/tarim\/guvenilir-gida-takibi-basladi-karekod-uygulamasi-devreye-girdi\/"},"wordCount":342,"commentCount":0,"publisher":{"@id":"https:\/\/e-ciftlik.com\/haberler\/#organization"},"image":{"@id":"http:\/\/e-ciftlik.com\/haberler\/tarim\/guvenilir-gida-takibi-basladi-karekod-uygulamasi-devreye-girdi\/#primaryimage"},"thumbnailUrl":"http:\/\/e-ciftlik.com\/haberler\/wp-content\/uploads\/2024\/06\/haberlercom_haberi.jpg","articleSection":["Tar\u0131m"],"inLanguage":"tr","potentialAction":[{"@type":"CommentAction","name":"Comment","target":["http:\/\/e-ciftlik.com\/haberler\/tarim\/guvenilir-gida-takibi-basladi-karekod-uygulamasi-devreye-girdi\/#respond"]}]},{"@type":"WebPage","@id":"http:\/\/e-ciftlik.com\/haberler\/tarim\/guvenilir-gida-takibi-basladi-karekod-uygulamasi-devreye-girdi\/","url":"http:\/\/e-ciftlik.com\/haberler\/tarim\/guvenilir-gida-takibi-basladi-karekod-uygulamasi-devreye-girdi\/","name":"G\u00fcvenilir G\u0131da Takibi Ba\u015flad\u0131! Karekod Uygulamas\u0131 Devreye Girdi - E-&Ccedil;\u0130FTL\u0130K HABER","isPartOf":{"@id":"https:\/\/e-ciftlik.com\/haberler\/#website"},"primaryImageOfPage":{"@id":"http:\/\/e-ciftlik.com\/haberler\/tarim\/guvenilir-gida-takibi-basladi-karekod-uygulamasi-devreye-girdi\/#primaryimage"},"image":{"@id":"http:\/\/e-ciftlik.com\/haberler\/tarim\/guvenilir-gida-takibi-basladi-karekod-uygulamasi-devreye-girdi\/#primaryimage"},"thumbnailUrl":"http:\/\/e-ciftlik.com\/haberler\/wp-content\/uploads\/2024\/06\/haberlercom_haberi.jpg","datePublished":"2024-07-02T09:18:00+00:00","description":"Tar\u0131m ve Orman Bakanl\u0131\u011f\u0131, g\u0131da i\u015fletmelerinin denetim durumunun t\u00fcketiciler taraf\u0131ndan takip edilmesine y\u00f6nelik karekod uygulamas\u0131n\u0131 ba\u015flatt\u0131. Bakanl\u0131k,","breadcrumb":{"@id":"http:\/\/e-ciftlik.com\/haberler\/tarim\/guvenilir-gida-takibi-basladi-karekod-uygulamasi-devreye-girdi\/#breadcrumb"},"inLanguage":"tr","potentialAction":[{"@type":"ReadAction","target":["http:\/\/e-ciftlik.com\/haberler\/tarim\/guvenilir-gida-takibi-basladi-karekod-uygulamasi-devreye-girdi\/"]}]},{"@type":"ImageObject","inLanguage":"tr","@id":"http:\/\/e-ciftlik.com\/haberler\/tarim\/guvenilir-gida-takibi-basladi-karekod-uygulamasi-devreye-girdi\/#primaryimage","url":"http:\/\/e-ciftlik.com\/haberler\/wp-content\/uploads\/2024\/06\/haberlercom_haberi.jpg","contentUrl":"http:\/\/e-ciftlik.com\/haberler\/wp-content\/uploads\/2024\/06\/haberlercom_haberi.jpg","width":1200,"height":636},{"@type":"BreadcrumbList","@id":"http:\/\/e-ciftlik.com\/haberler\/tarim\/guvenilir-gida-takibi-basladi-karekod-uygulamasi-devreye-girdi\/#breadcrumb","itemListElement":[{"@type":"ListItem","position":1,"name":"Anasayfa","item":"https:\/\/e-ciftlik.com\/haberler\/"},{"@type":"ListItem","position":2,"name":"G\u00fcvenilir G\u0131da Takibi Ba\u015flad\u0131! Karekod Uygulamas\u0131 Devreye Girdi"}]},{"@type":"WebSite","@id":"https:\/\/e-ciftlik.com\/haberler\/#website","url":"https:\/\/e-ciftlik.com\/haberler\/","name":"E-\u00c7iftlik Haber | G\u00fcncel, Son Dakika Haberler, En Son Haber","description":"","publisher":{"@id":"https:\/\/e-ciftlik.com\/haberler\/#organization"},"potentialAction":[{"@type":"SearchAction","target":{"@type":"EntryPoint","urlTemplate":"https:\/\/e-ciftlik.com\/haberler\/?s={search_term_string}"},"query-input":{"@type":"PropertyValueSpecification","valueRequired":true,"valueName":"search_term_string"}}],"inLanguage":"tr"},{"@type":"Organization","@id":"https:\/\/e-ciftlik.com\/haberler\/#organization","name":"E-\u00c7\u0130FTL\u0130K HABER","url":"https:\/\/e-ciftlik.com\/haberler\/","logo":{"@type":"ImageObject","inLanguage":"tr","@id":"https:\/\/e-ciftlik.com\/haberler\/#\/schema\/logo\/image\/","url":"http:\/\/e-ciftlik.com\/haberler\/wp-content\/uploads\/2024\/06\/cropped-cropped-favicon-1-2.png","contentUrl":"http:\/\/e-ciftlik.com\/haberler\/wp-content\/uploads\/2024\/06\/cropped-cropped-favicon-1-2.png","width":512,"height":512,"caption":"E-\u00c7\u0130FTL\u0130K HABER"},"image":{"@id":"https:\/\/e-ciftlik.com\/haberler\/#\/schema\/logo\/image\/"},"sameAs":["https:\/\/www.facebook.com\/eciftlikturkiye","https:\/\/x.com\/eciftlikresmi","https:\/\/www.instagram.com\/eciftlikresmi\/"]},{"@type":"Person","@id":"https:\/\/e-ciftlik.com\/haberler\/#\/schema\/person\/d2f4fee3143d7f72be82cb887d51b00a","name":"Haber Merkezi","image":{"@type":"ImageObject","inLanguage":"tr","@id":"https:\/\/secure.gravatar.com\/avatar\/6c27d641914e66c1d0452c92716002398782818991d86db1c2cccb531e7c7c82?s=96&d=mm&r=g","url":"https:\/\/secure.gravatar.com\/avatar\/6c27d641914e66c1d0452c92716002398782818991d86db1c2cccb531e7c7c82?s=96&d=mm&r=g","contentUrl":"https:\/\/secure.gravatar.com\/avatar\/6c27d641914e66c1d0452c92716002398782818991d86db1c2cccb531e7c7c82?s=96&d=mm&r=g","caption":"Haber Merkezi"},"sameAs":["http:\/\/e-ciftlik.com\/haberler"]}]}},"_links":{"self":[{"href":"http:\/\/e-ciftlik.com\/haberler\/wp-json\/wp\/v2\/posts\/8871","targetHints":{"allow":["GET"]}}],"collection":[{"href":"http:\/\/e-ciftlik.com\/haberler\/wp-json\/wp\/v2\/posts"}],"about":[{"href":"http:\/\/e-ciftlik.com\/haberler\/wp-json\/wp\/v2\/types\/post"}],"author":[{"embeddable":true,"href":"http:\/\/e-ciftlik.com\/haberler\/wp-json\/wp\/v2\/users\/1"}],"replies":[{"embeddable":true,"href":"http:\/\/e-ciftlik.com\/haberler\/wp-json\/wp\/v2\/comments?post=8871"}],"version-history":[{"count":0,"href":"http:\/\/e-ciftlik.com\/haberler\/wp-json\/wp\/v2\/posts\/8871\/revisions"}],"wp:featuredmedia":[{"embeddable":true,"href":"http:\/\/e-ciftlik.com\/haberler\/wp-json\/wp\/v2\/media\/6345"}],"wp:attachment":[{"href":"http:\/\/e-ciftlik.com\/haberler\/wp-json\/wp\/v2\/media?parent=8871"}],"wp:term":[{"taxonomy":"category","embeddable":true,"href":"http:\/\/e-ciftlik.com\/haberler\/wp-json\/wp\/v2\/categories?post=8871"},{"taxonomy":"post_tag","embeddable":true,"href":"http:\/\/e-ciftlik.com\/haberler\/wp-json\/wp\/v2\/tags?post=8871"}],"curies":[{"name":"wp","href":"https:\/\/api.w.org\/{rel}","templated":true}]}}