{"id":8934,"date":"2024-07-03T05:34:29","date_gmt":"2024-07-03T05:34:29","guid":{"rendered":"http:\/\/e-ciftlik.com\/haberler\/spor\/arda-gulerin-babasi-ve-dedesiyle-heyecan-dolu-roportaj\/"},"modified":"2024-07-03T05:34:29","modified_gmt":"2024-07-03T05:34:29","slug":"arda-gulerin-babasi-ve-dedesiyle-heyecan-dolu-roportaj","status":"publish","type":"post","link":"http:\/\/e-ciftlik.com\/haberler\/spor\/arda-gulerin-babasi-ve-dedesiyle-heyecan-dolu-roportaj\/","title":{"rendered":"Arda G\u00fcler&#8217;in Babas\u0131 ve Dedesiyle Heyecan Dolu R\u00f6portaj!"},"content":{"rendered":"<p>EURO 2024 turnuvas\u0131nda son 16 turunda bu ak\u015fam Avusturya ile kar\u015f\u0131la\u015facak A Milli Tak\u0131m, \u00e7eyrek finale y\u00fckselmek i\u00e7in m\u00fccadele edecek. Avrupa \u015eampiyonas\u0131&#8217;n\u0131n ba\u015flang\u0131c\u0131ndan beri Almanya&#8217;dan geli\u015fmeleri aktaran Ciner Medya Spor Yay\u0131nlar\u0131 Koordinat\u00f6r Yard\u0131mc\u0131s\u0131 Ahmet Selim Kul, bu kez A Milli Tak\u0131m ve Real Madrid&#8217;in y\u0131ld\u0131z futbolcusu Arda G\u00fcler&#8217;in babas\u0131 ve dedesiyle bir araya geldi ve k\u0131sa bir r\u00f6portaj ger\u00e7ekle\u015ftirdi.<\/p>\n<p>G\u00fcler ailesinin verdi\u011fi bilgilere g\u00f6re, T\u00fcrk olup da heyecanlanmaman\u0131n imkans\u0131z oldu\u011funu belirttiler. Uzun s\u00fcredir bu g\u00fcn\u00fc beklediklerini ve kazanacaklar\u0131na inand\u0131klar\u0131n\u0131 dile getiren aile, biletleri al\u0131p beklediklerini, iptal etmeyi veya geri d\u00f6nmeyi d\u00fc\u015f\u00fcnmediklerini aktard\u0131. Ma\u00e7\u0131n bug\u00fcn hem kendileri hem \u00fclkeleri i\u00e7in iyi sonu\u00e7lar getirece\u011fine inand\u0131klar\u0131n\u0131 ifade ettiler. Aile, Arda ile tak\u0131m\u0131n birlikte oldu\u011funu ve tak\u0131m\u0131n ba\u015far\u0131l\u0131 olmak i\u00e7in kenetlendi\u011fini belirtirken, b\u00fct\u00fcn futbolcular\u0131n bu ba\u015far\u0131y\u0131 istedi\u011fini s\u00f6yledi. G\u00fcler ailesine g\u00f6re, ma\u00e7tan iyi bir sonu\u00e7 \u00e7\u0131kaca\u011f\u0131n\u0131 d\u00fc\u015f\u00fcn\u00fcyorlar.<\/p>\n","protected":false},"excerpt":{"rendered":"<p>EURO 2024 turnuvas\u0131nda son 16 turunda bu ak\u015fam Avusturya ile kar\u015f\u0131la\u015facak A Milli Tak\u0131m, \u00e7eyrek&hellip;<\/p>\n","protected":false},"author":1,"featured_media":8935,"comment_status":"open","ping_status":"open","sticky":false,"template":"","format":"standard","meta":{"footnotes":""},"categories":[7],"tags":[],"class_list":["post-8934","post","type-post","status-publish","format-standard","has-post-thumbnail","hentry","category-spor"],"yoast_head":"<!-- This site is optimized with the Yoast SEO Premium plugin v24.3 (Yoast SEO v27.4) - https:\/\/yoast.com\/product\/yoast-seo-premium-wordpress\/ -->\n<title>Arda G\u00fcler&#039;in Babas\u0131 ve Dedesiyle Heyecan Dolu R\u00f6portaj! - E-&Ccedil;\u0130FTL\u0130K HABER<\/title>\n<meta name=\"description\" content=\"EURO 2024 turnuvas\u0131nda son 16 turunda bu ak\u015fam Avusturya ile kar\u015f\u0131la\u015facak A Milli Tak\u0131m, \u00e7eyrek finale y\u00fckselmek i\u00e7in m\u00fccadele edecek. Avrupa\" \/>\n<meta name=\"robots\" content=\"index, follow, max-snippet:-1, max-image-preview:large, max-video-preview:-1\" \/>\n<link rel=\"canonical\" href=\"http:\/\/e-ciftlik.com\/haberler\/spor\/arda-gulerin-babasi-ve-dedesiyle-heyecan-dolu-roportaj\/\" \/>\n<meta property=\"og:locale\" content=\"tr_TR\" \/>\n<meta property=\"og:type\" content=\"article\" \/>\n<meta property=\"og:title\" content=\"Arda G\u00fcler&#039;in Babas\u0131 ve Dedesiyle Heyecan Dolu R\u00f6portaj!\" \/>\n<meta property=\"og:description\" content=\"EURO 2024 turnuvas\u0131nda son 16 turunda bu ak\u015fam Avusturya ile kar\u015f\u0131la\u015facak A Milli Tak\u0131m, \u00e7eyrek finale y\u00fckselmek i\u00e7in m\u00fccadele edecek. Avrupa\" \/>\n<meta property=\"og:url\" content=\"http:\/\/e-ciftlik.com\/haberler\/spor\/arda-gulerin-babasi-ve-dedesiyle-heyecan-dolu-roportaj\/\" \/>\n<meta property=\"og:site_name\" content=\"E-&Ccedil;\u0130FTL\u0130K HABER\" \/>\n<meta property=\"article:publisher\" content=\"https:\/\/www.facebook.com\/eciftlikturkiye\" \/>\n<meta property=\"article:published_time\" content=\"2024-07-03T05:34:29+00:00\" \/>\n<meta property=\"og:image\" content=\"http:\/\/e-ciftlik.com\/haberler\/wp-content\/uploads\/2024\/07\/1719984873_1200x628.jpeg\" \/>\n\t<meta property=\"og:image:width\" content=\"1200\" \/>\n\t<meta property=\"og:image:height\" content=\"628\" \/>\n\t<meta property=\"og:image:type\" content=\"image\/jpeg\" \/>\n<meta name=\"author\" content=\"Haber Merkezi\" \/>\n<meta name=\"twitter:card\" content=\"summary_large_image\" \/>\n<meta name=\"twitter:creator\" content=\"@eciftlikresmi\" \/>\n<meta name=\"twitter:site\" content=\"@eciftlikresmi\" \/>\n<meta name=\"twitter:label1\" content=\"Yazan:\" \/>\n\t<meta name=\"twitter:data1\" content=\"Haber Merkezi\" \/>\n\t<meta name=\"twitter:label2\" content=\"Tahmini okuma s\u00fcresi\" \/>\n\t<meta name=\"twitter:data2\" content=\"1 dakika\" \/>\n<script type=\"application\/ld+json\" class=\"yoast-schema-graph\">{\"@context\":\"https:\\\/\\\/schema.org\",\"@graph\":[{\"@type\":\"NewsArticle\",\"@id\":\"http:\\\/\\\/e-ciftlik.com\\\/haberler\\\/spor\\\/arda-gulerin-babasi-ve-dedesiyle-heyecan-dolu-roportaj\\\/#article\",\"isPartOf\":{\"@id\":\"http:\\\/\\\/e-ciftlik.com\\\/haberler\\\/spor\\\/arda-gulerin-babasi-ve-dedesiyle-heyecan-dolu-roportaj\\\/\"},\"author\":{\"name\":\"Haber Merkezi\",\"@id\":\"https:\\\/\\\/e-ciftlik.com\\\/haberler\\\/#\\\/schema\\\/person\\\/d2f4fee3143d7f72be82cb887d51b00a\"},\"headline\":\"Arda G\u00fcler&#8217;in Babas\u0131 ve Dedesiyle Heyecan Dolu R\u00f6portaj!\",\"datePublished\":\"2024-07-03T05:34:29+00:00\",\"mainEntityOfPage\":{\"@id\":\"http:\\\/\\\/e-ciftlik.com\\\/haberler\\\/spor\\\/arda-gulerin-babasi-ve-dedesiyle-heyecan-dolu-roportaj\\\/\"},\"wordCount\":215,\"commentCount\":0,\"publisher\":{\"@id\":\"https:\\\/\\\/e-ciftlik.com\\\/haberler\\\/#organization\"},\"image\":{\"@id\":\"http:\\\/\\\/e-ciftlik.com\\\/haberler\\\/spor\\\/arda-gulerin-babasi-ve-dedesiyle-heyecan-dolu-roportaj\\\/#primaryimage\"},\"thumbnailUrl\":\"http:\\\/\\\/e-ciftlik.com\\\/haberler\\\/wp-content\\\/uploads\\\/2024\\\/07\\\/1719984873_1200x628.jpeg\",\"articleSection\":[\"Spor\"],\"inLanguage\":\"tr\",\"potentialAction\":[{\"@type\":\"CommentAction\",\"name\":\"Comment\",\"target\":[\"http:\\\/\\\/e-ciftlik.com\\\/haberler\\\/spor\\\/arda-gulerin-babasi-ve-dedesiyle-heyecan-dolu-roportaj\\\/#respond\"]}]},{\"@type\":\"WebPage\",\"@id\":\"http:\\\/\\\/e-ciftlik.com\\\/haberler\\\/spor\\\/arda-gulerin-babasi-ve-dedesiyle-heyecan-dolu-roportaj\\\/\",\"url\":\"http:\\\/\\\/e-ciftlik.com\\\/haberler\\\/spor\\\/arda-gulerin-babasi-ve-dedesiyle-heyecan-dolu-roportaj\\\/\",\"name\":\"Arda G\u00fcler'in Babas\u0131 ve Dedesiyle Heyecan Dolu R\u00f6portaj! - E-&Ccedil;\u0130FTL\u0130K HABER\",\"isPartOf\":{\"@id\":\"https:\\\/\\\/e-ciftlik.com\\\/haberler\\\/#website\"},\"primaryImageOfPage\":{\"@id\":\"http:\\\/\\\/e-ciftlik.com\\\/haberler\\\/spor\\\/arda-gulerin-babasi-ve-dedesiyle-heyecan-dolu-roportaj\\\/#primaryimage\"},\"image\":{\"@id\":\"http:\\\/\\\/e-ciftlik.com\\\/haberler\\\/spor\\\/arda-gulerin-babasi-ve-dedesiyle-heyecan-dolu-roportaj\\\/#primaryimage\"},\"thumbnailUrl\":\"http:\\\/\\\/e-ciftlik.com\\\/haberler\\\/wp-content\\\/uploads\\\/2024\\\/07\\\/1719984873_1200x628.jpeg\",\"datePublished\":\"2024-07-03T05:34:29+00:00\",\"description\":\"EURO 2024 turnuvas\u0131nda son 16 turunda bu ak\u015fam Avusturya ile kar\u015f\u0131la\u015facak A Milli Tak\u0131m, \u00e7eyrek finale y\u00fckselmek i\u00e7in m\u00fccadele edecek. Avrupa\",\"breadcrumb\":{\"@id\":\"http:\\\/\\\/e-ciftlik.com\\\/haberler\\\/spor\\\/arda-gulerin-babasi-ve-dedesiyle-heyecan-dolu-roportaj\\\/#breadcrumb\"},\"inLanguage\":\"tr\",\"potentialAction\":[{\"@type\":\"ReadAction\",\"target\":[\"http:\\\/\\\/e-ciftlik.com\\\/haberler\\\/spor\\\/arda-gulerin-babasi-ve-dedesiyle-heyecan-dolu-roportaj\\\/\"]}]},{\"@type\":\"ImageObject\",\"inLanguage\":\"tr\",\"@id\":\"http:\\\/\\\/e-ciftlik.com\\\/haberler\\\/spor\\\/arda-gulerin-babasi-ve-dedesiyle-heyecan-dolu-roportaj\\\/#primaryimage\",\"url\":\"http:\\\/\\\/e-ciftlik.com\\\/haberler\\\/wp-content\\\/uploads\\\/2024\\\/07\\\/1719984873_1200x628.jpeg\",\"contentUrl\":\"http:\\\/\\\/e-ciftlik.com\\\/haberler\\\/wp-content\\\/uploads\\\/2024\\\/07\\\/1719984873_1200x628.jpeg\",\"width\":1200,\"height\":628},{\"@type\":\"BreadcrumbList\",\"@id\":\"http:\\\/\\\/e-ciftlik.com\\\/haberler\\\/spor\\\/arda-gulerin-babasi-ve-dedesiyle-heyecan-dolu-roportaj\\\/#breadcrumb\",\"itemListElement\":[{\"@type\":\"ListItem\",\"position\":1,\"name\":\"Anasayfa\",\"item\":\"https:\\\/\\\/e-ciftlik.com\\\/haberler\\\/\"},{\"@type\":\"ListItem\",\"position\":2,\"name\":\"Arda G\u00fcler&#8217;in Babas\u0131 ve Dedesiyle Heyecan Dolu R\u00f6portaj!\"}]},{\"@type\":\"WebSite\",\"@id\":\"https:\\\/\\\/e-ciftlik.com\\\/haberler\\\/#website\",\"url\":\"https:\\\/\\\/e-ciftlik.com\\\/haberler\\\/\",\"name\":\"E-\u00c7iftlik Haber | G\u00fcncel, Son Dakika Haberler, En Son Haber\",\"description\":\"\",\"publisher\":{\"@id\":\"https:\\\/\\\/e-ciftlik.com\\\/haberler\\\/#organization\"},\"potentialAction\":[{\"@type\":\"SearchAction\",\"target\":{\"@type\":\"EntryPoint\",\"urlTemplate\":\"https:\\\/\\\/e-ciftlik.com\\\/haberler\\\/?s={search_term_string}\"},\"query-input\":{\"@type\":\"PropertyValueSpecification\",\"valueRequired\":true,\"valueName\":\"search_term_string\"}}],\"inLanguage\":\"tr\"},{\"@type\":\"Organization\",\"@id\":\"https:\\\/\\\/e-ciftlik.com\\\/haberler\\\/#organization\",\"name\":\"E-\u00c7\u0130FTL\u0130K HABER\",\"url\":\"https:\\\/\\\/e-ciftlik.com\\\/haberler\\\/\",\"logo\":{\"@type\":\"ImageObject\",\"inLanguage\":\"tr\",\"@id\":\"https:\\\/\\\/e-ciftlik.com\\\/haberler\\\/#\\\/schema\\\/logo\\\/image\\\/\",\"url\":\"http:\\\/\\\/e-ciftlik.com\\\/haberler\\\/wp-content\\\/uploads\\\/2024\\\/06\\\/cropped-cropped-favicon-1-2.png\",\"contentUrl\":\"http:\\\/\\\/e-ciftlik.com\\\/haberler\\\/wp-content\\\/uploads\\\/2024\\\/06\\\/cropped-cropped-favicon-1-2.png\",\"width\":512,\"height\":512,\"caption\":\"E-\u00c7\u0130FTL\u0130K HABER\"},\"image\":{\"@id\":\"https:\\\/\\\/e-ciftlik.com\\\/haberler\\\/#\\\/schema\\\/logo\\\/image\\\/\"},\"sameAs\":[\"https:\\\/\\\/www.facebook.com\\\/eciftlikturkiye\",\"https:\\\/\\\/x.com\\\/eciftlikresmi\",\"https:\\\/\\\/www.instagram.com\\\/eciftlikresmi\\\/\"]},{\"@type\":\"Person\",\"@id\":\"https:\\\/\\\/e-ciftlik.com\\\/haberler\\\/#\\\/schema\\\/person\\\/d2f4fee3143d7f72be82cb887d51b00a\",\"name\":\"Haber Merkezi\",\"image\":{\"@type\":\"ImageObject\",\"inLanguage\":\"tr\",\"@id\":\"https:\\\/\\\/secure.gravatar.com\\\/avatar\\\/6c27d641914e66c1d0452c92716002398782818991d86db1c2cccb531e7c7c82?s=96&d=mm&r=g\",\"url\":\"https:\\\/\\\/secure.gravatar.com\\\/avatar\\\/6c27d641914e66c1d0452c92716002398782818991d86db1c2cccb531e7c7c82?s=96&d=mm&r=g\",\"contentUrl\":\"https:\\\/\\\/secure.gravatar.com\\\/avatar\\\/6c27d641914e66c1d0452c92716002398782818991d86db1c2cccb531e7c7c82?s=96&d=mm&r=g\",\"caption\":\"Haber Merkezi\"},\"sameAs\":[\"http:\\\/\\\/e-ciftlik.com\\\/haberler\"]}]}<\/script>\n<!-- \/ Yoast SEO Premium plugin. -->","yoast_head_json":{"title":"Arda G\u00fcler'in Babas\u0131 ve Dedesiyle Heyecan Dolu R\u00f6portaj! - E-&Ccedil;\u0130FTL\u0130K HABER","description":"EURO 2024 turnuvas\u0131nda son 16 turunda bu ak\u015fam Avusturya ile kar\u015f\u0131la\u015facak A Milli Tak\u0131m, \u00e7eyrek finale y\u00fckselmek i\u00e7in m\u00fccadele edecek. Avrupa","robots":{"index":"index","follow":"follow","max-snippet":"max-snippet:-1","max-image-preview":"max-image-preview:large","max-video-preview":"max-video-preview:-1"},"canonical":"http:\/\/e-ciftlik.com\/haberler\/spor\/arda-gulerin-babasi-ve-dedesiyle-heyecan-dolu-roportaj\/","og_locale":"tr_TR","og_type":"article","og_title":"Arda G\u00fcler'in Babas\u0131 ve Dedesiyle Heyecan Dolu R\u00f6portaj!","og_description":"EURO 2024 turnuvas\u0131nda son 16 turunda bu ak\u015fam Avusturya ile kar\u015f\u0131la\u015facak A Milli Tak\u0131m, \u00e7eyrek finale y\u00fckselmek i\u00e7in m\u00fccadele edecek. Avrupa","og_url":"http:\/\/e-ciftlik.com\/haberler\/spor\/arda-gulerin-babasi-ve-dedesiyle-heyecan-dolu-roportaj\/","og_site_name":"E-&Ccedil;\u0130FTL\u0130K HABER","article_publisher":"https:\/\/www.facebook.com\/eciftlikturkiye","article_published_time":"2024-07-03T05:34:29+00:00","og_image":[{"width":1200,"height":628,"url":"http:\/\/e-ciftlik.com\/haberler\/wp-content\/uploads\/2024\/07\/1719984873_1200x628.jpeg","type":"image\/jpeg"}],"author":"Haber Merkezi","twitter_card":"summary_large_image","twitter_creator":"@eciftlikresmi","twitter_site":"@eciftlikresmi","twitter_misc":{"Yazan:":"Haber Merkezi","Tahmini okuma s\u00fcresi":"1 dakika"},"schema":{"@context":"https:\/\/schema.org","@graph":[{"@type":"NewsArticle","@id":"http:\/\/e-ciftlik.com\/haberler\/spor\/arda-gulerin-babasi-ve-dedesiyle-heyecan-dolu-roportaj\/#article","isPartOf":{"@id":"http:\/\/e-ciftlik.com\/haberler\/spor\/arda-gulerin-babasi-ve-dedesiyle-heyecan-dolu-roportaj\/"},"author":{"name":"Haber Merkezi","@id":"https:\/\/e-ciftlik.com\/haberler\/#\/schema\/person\/d2f4fee3143d7f72be82cb887d51b00a"},"headline":"Arda G\u00fcler&#8217;in Babas\u0131 ve Dedesiyle Heyecan Dolu R\u00f6portaj!","datePublished":"2024-07-03T05:34:29+00:00","mainEntityOfPage":{"@id":"http:\/\/e-ciftlik.com\/haberler\/spor\/arda-gulerin-babasi-ve-dedesiyle-heyecan-dolu-roportaj\/"},"wordCount":215,"commentCount":0,"publisher":{"@id":"https:\/\/e-ciftlik.com\/haberler\/#organization"},"image":{"@id":"http:\/\/e-ciftlik.com\/haberler\/spor\/arda-gulerin-babasi-ve-dedesiyle-heyecan-dolu-roportaj\/#primaryimage"},"thumbnailUrl":"http:\/\/e-ciftlik.com\/haberler\/wp-content\/uploads\/2024\/07\/1719984873_1200x628.jpeg","articleSection":["Spor"],"inLanguage":"tr","potentialAction":[{"@type":"CommentAction","name":"Comment","target":["http:\/\/e-ciftlik.com\/haberler\/spor\/arda-gulerin-babasi-ve-dedesiyle-heyecan-dolu-roportaj\/#respond"]}]},{"@type":"WebPage","@id":"http:\/\/e-ciftlik.com\/haberler\/spor\/arda-gulerin-babasi-ve-dedesiyle-heyecan-dolu-roportaj\/","url":"http:\/\/e-ciftlik.com\/haberler\/spor\/arda-gulerin-babasi-ve-dedesiyle-heyecan-dolu-roportaj\/","name":"Arda G\u00fcler'in Babas\u0131 ve Dedesiyle Heyecan Dolu R\u00f6portaj! - E-&Ccedil;\u0130FTL\u0130K HABER","isPartOf":{"@id":"https:\/\/e-ciftlik.com\/haberler\/#website"},"primaryImageOfPage":{"@id":"http:\/\/e-ciftlik.com\/haberler\/spor\/arda-gulerin-babasi-ve-dedesiyle-heyecan-dolu-roportaj\/#primaryimage"},"image":{"@id":"http:\/\/e-ciftlik.com\/haberler\/spor\/arda-gulerin-babasi-ve-dedesiyle-heyecan-dolu-roportaj\/#primaryimage"},"thumbnailUrl":"http:\/\/e-ciftlik.com\/haberler\/wp-content\/uploads\/2024\/07\/1719984873_1200x628.jpeg","datePublished":"2024-07-03T05:34:29+00:00","description":"EURO 2024 turnuvas\u0131nda son 16 turunda bu ak\u015fam Avusturya ile kar\u015f\u0131la\u015facak A Milli Tak\u0131m, \u00e7eyrek finale y\u00fckselmek i\u00e7in m\u00fccadele edecek. Avrupa","breadcrumb":{"@id":"http:\/\/e-ciftlik.com\/haberler\/spor\/arda-gulerin-babasi-ve-dedesiyle-heyecan-dolu-roportaj\/#breadcrumb"},"inLanguage":"tr","potentialAction":[{"@type":"ReadAction","target":["http:\/\/e-ciftlik.com\/haberler\/spor\/arda-gulerin-babasi-ve-dedesiyle-heyecan-dolu-roportaj\/"]}]},{"@type":"ImageObject","inLanguage":"tr","@id":"http:\/\/e-ciftlik.com\/haberler\/spor\/arda-gulerin-babasi-ve-dedesiyle-heyecan-dolu-roportaj\/#primaryimage","url":"http:\/\/e-ciftlik.com\/haberler\/wp-content\/uploads\/2024\/07\/1719984873_1200x628.jpeg","contentUrl":"http:\/\/e-ciftlik.com\/haberler\/wp-content\/uploads\/2024\/07\/1719984873_1200x628.jpeg","width":1200,"height":628},{"@type":"BreadcrumbList","@id":"http:\/\/e-ciftlik.com\/haberler\/spor\/arda-gulerin-babasi-ve-dedesiyle-heyecan-dolu-roportaj\/#breadcrumb","itemListElement":[{"@type":"ListItem","position":1,"name":"Anasayfa","item":"https:\/\/e-ciftlik.com\/haberler\/"},{"@type":"ListItem","position":2,"name":"Arda G\u00fcler&#8217;in Babas\u0131 ve Dedesiyle Heyecan Dolu R\u00f6portaj!"}]},{"@type":"WebSite","@id":"https:\/\/e-ciftlik.com\/haberler\/#website","url":"https:\/\/e-ciftlik.com\/haberler\/","name":"E-\u00c7iftlik Haber | G\u00fcncel, Son Dakika Haberler, En Son Haber","description":"","publisher":{"@id":"https:\/\/e-ciftlik.com\/haberler\/#organization"},"potentialAction":[{"@type":"SearchAction","target":{"@type":"EntryPoint","urlTemplate":"https:\/\/e-ciftlik.com\/haberler\/?s={search_term_string}"},"query-input":{"@type":"PropertyValueSpecification","valueRequired":true,"valueName":"search_term_string"}}],"inLanguage":"tr"},{"@type":"Organization","@id":"https:\/\/e-ciftlik.com\/haberler\/#organization","name":"E-\u00c7\u0130FTL\u0130K HABER","url":"https:\/\/e-ciftlik.com\/haberler\/","logo":{"@type":"ImageObject","inLanguage":"tr","@id":"https:\/\/e-ciftlik.com\/haberler\/#\/schema\/logo\/image\/","url":"http:\/\/e-ciftlik.com\/haberler\/wp-content\/uploads\/2024\/06\/cropped-cropped-favicon-1-2.png","contentUrl":"http:\/\/e-ciftlik.com\/haberler\/wp-content\/uploads\/2024\/06\/cropped-cropped-favicon-1-2.png","width":512,"height":512,"caption":"E-\u00c7\u0130FTL\u0130K HABER"},"image":{"@id":"https:\/\/e-ciftlik.com\/haberler\/#\/schema\/logo\/image\/"},"sameAs":["https:\/\/www.facebook.com\/eciftlikturkiye","https:\/\/x.com\/eciftlikresmi","https:\/\/www.instagram.com\/eciftlikresmi\/"]},{"@type":"Person","@id":"https:\/\/e-ciftlik.com\/haberler\/#\/schema\/person\/d2f4fee3143d7f72be82cb887d51b00a","name":"Haber Merkezi","image":{"@type":"ImageObject","inLanguage":"tr","@id":"https:\/\/secure.gravatar.com\/avatar\/6c27d641914e66c1d0452c92716002398782818991d86db1c2cccb531e7c7c82?s=96&d=mm&r=g","url":"https:\/\/secure.gravatar.com\/avatar\/6c27d641914e66c1d0452c92716002398782818991d86db1c2cccb531e7c7c82?s=96&d=mm&r=g","contentUrl":"https:\/\/secure.gravatar.com\/avatar\/6c27d641914e66c1d0452c92716002398782818991d86db1c2cccb531e7c7c82?s=96&d=mm&r=g","caption":"Haber Merkezi"},"sameAs":["http:\/\/e-ciftlik.com\/haberler"]}]}},"_links":{"self":[{"href":"http:\/\/e-ciftlik.com\/haberler\/wp-json\/wp\/v2\/posts\/8934","targetHints":{"allow":["GET"]}}],"collection":[{"href":"http:\/\/e-ciftlik.com\/haberler\/wp-json\/wp\/v2\/posts"}],"about":[{"href":"http:\/\/e-ciftlik.com\/haberler\/wp-json\/wp\/v2\/types\/post"}],"author":[{"embeddable":true,"href":"http:\/\/e-ciftlik.com\/haberler\/wp-json\/wp\/v2\/users\/1"}],"replies":[{"embeddable":true,"href":"http:\/\/e-ciftlik.com\/haberler\/wp-json\/wp\/v2\/comments?post=8934"}],"version-history":[{"count":0,"href":"http:\/\/e-ciftlik.com\/haberler\/wp-json\/wp\/v2\/posts\/8934\/revisions"}],"wp:featuredmedia":[{"embeddable":true,"href":"http:\/\/e-ciftlik.com\/haberler\/wp-json\/wp\/v2\/media\/8935"}],"wp:attachment":[{"href":"http:\/\/e-ciftlik.com\/haberler\/wp-json\/wp\/v2\/media?parent=8934"}],"wp:term":[{"taxonomy":"category","embeddable":true,"href":"http:\/\/e-ciftlik.com\/haberler\/wp-json\/wp\/v2\/categories?post=8934"},{"taxonomy":"post_tag","embeddable":true,"href":"http:\/\/e-ciftlik.com\/haberler\/wp-json\/wp\/v2\/tags?post=8934"}],"curies":[{"name":"wp","href":"https:\/\/api.w.org\/{rel}","templated":true}]}}