{"id":8986,"date":"2024-07-03T13:25:20","date_gmt":"2024-07-03T13:25:20","guid":{"rendered":"https:\/\/e-ciftlik.com\/haberler\/gundem\/cumhurbaskani-erdogan-zirve-oturumuna-katilacak\/"},"modified":"2024-07-03T13:25:20","modified_gmt":"2024-07-03T13:25:20","slug":"cumhurbaskani-erdogan-zirve-oturumuna-katilacak","status":"publish","type":"post","link":"http:\/\/e-ciftlik.com\/haberler\/gundem\/cumhurbaskani-erdogan-zirve-oturumuna-katilacak\/","title":{"rendered":"Cumhurba\u015fkan\u0131 Erdo\u011fan Zirve Oturumuna Kat\u0131lacak"},"content":{"rendered":"<p><strong>BA\u015eKAN ERDO\u011eAN, \u015e\u0130\u00d6 Z\u0130RVES\u0130NE KATILMAK \u00dcZERE ASTANA&#8217;YA GELD\u0130<\/strong><\/p>\n<p>Ba\u015fkan Recep Tayyip Erdo\u011fan ile e\u015fi Emine Erdo\u011fan, D\u0131\u015fi\u015fleri Bakan\u0131 Hakan Fidan, Enerji ve Tabii Kaynaklar Bakan\u0131 Alparslan Bayraktar, Hazine ve Maliye Bakan\u0131 Mehmet \u015eim\u015fek, Ticaret Bakan\u0131 \u00d6mer Bolat, Cumhurba\u015fkan\u0131 D\u0131\u015f Politika ve G\u00fcvenlik Ba\u015fdan\u0131\u015fman\u0131 B\u00fcy\u00fckel\u00e7i Akif \u00c7a\u011fatay K\u0131l\u0131\u00e7 ile Cumhurba\u015fkanl\u0131\u011f\u0131 \u0130leti\u015fim Ba\u015fkan Yard\u0131mc\u0131s\u0131 \u00c7a\u011fatay \u00d6zdemir, Kazakistan Cumhurba\u015fkan\u0131 Kas\u0131m C\u00f6mert Tokayev&#8217;in davetine icabetle \u015eanghay \u0130\u015fbirli\u011fi \u00d6rg\u00fct\u00fc&#8217;n\u00fcn 24&#8217;\u00fcnc\u00fc Devlet Ba\u015fkanlar\u0131 Zirvesi&#8217;ne kat\u0131lmak \u00fczere Astana&#8217;ya geldi.<\/p>\n<p>Erdo\u011fan, zirve kapsam\u0131nda baz\u0131 liderlerle ikili g\u00f6r\u00fc\u015fmeler ger\u00e7ekle\u015ftirecek ve yar\u0131n d\u00fczenlenecek Zirve Oturumu&#8217;nda da kat\u0131l\u0131mc\u0131lara hitap edecek.<\/p>\n<p>\u015e\u0130\u00d6 zirvesinde b\u00f6lgesel g\u00fcvenlik, ortak altyap\u0131 projeleri, ula\u015ft\u0131rma ve enerji i\u015fbirli\u011fi konular\u0131n\u0131n ele al\u0131nmas\u0131 beklenirken, Birle\u015fmi\u015f Milletler kararlar\u0131n\u0131n uygulanmas\u0131 ve Gazze i\u00e7in ate\u015fkes vurgusu yap\u0131lmas\u0131 da g\u00fcndemde bulunuyor.<\/p>\n","protected":false},"excerpt":{"rendered":"<p>BA\u015eKAN ERDO\u011eAN, \u015e\u0130\u00d6 Z\u0130RVES\u0130NE KATILMAK \u00dcZERE ASTANA&#8217;YA GELD\u0130 Ba\u015fkan Recep Tayyip Erdo\u011fan ile e\u015fi Emine&hellip;<\/p>\n","protected":false},"author":1,"featured_media":8987,"comment_status":"open","ping_status":"open","sticky":false,"template":"","format":"standard","meta":{"footnotes":""},"categories":[10],"tags":[],"class_list":["post-8986","post","type-post","status-publish","format-standard","has-post-thumbnail","hentry","category-gundem"],"yoast_head":"<!-- This site is optimized with the Yoast SEO Premium plugin v24.3 (Yoast SEO v27.4) - https:\/\/yoast.com\/product\/yoast-seo-premium-wordpress\/ -->\n<title>Cumhurba\u015fkan\u0131 Erdo\u011fan Zirve Oturumuna Kat\u0131lacak - E-&Ccedil;\u0130FTL\u0130K HABER<\/title>\n<meta name=\"description\" content=\"BA\u015eKAN ERDO\u011eAN, \u015e\u0130\u00d6 Z\u0130RVES\u0130NE KATILMAK \u00dcZERE ASTANA&#039;YA GELD\u0130 Ba\u015fkan Recep Tayyip Erdo\u011fan ile e\u015fi Emine Erdo\u011fan, D\u0131\u015fi\u015fleri Bakan\u0131 Hakan Fidan, Enerji ve\" \/>\n<meta name=\"robots\" content=\"index, follow, max-snippet:-1, max-image-preview:large, max-video-preview:-1\" \/>\n<link rel=\"canonical\" href=\"http:\/\/e-ciftlik.com\/haberler\/gundem\/cumhurbaskani-erdogan-zirve-oturumuna-katilacak\/\" \/>\n<meta property=\"og:locale\" content=\"tr_TR\" \/>\n<meta property=\"og:type\" content=\"article\" \/>\n<meta property=\"og:title\" content=\"Cumhurba\u015fkan\u0131 Erdo\u011fan Zirve Oturumuna Kat\u0131lacak\" \/>\n<meta property=\"og:description\" content=\"BA\u015eKAN ERDO\u011eAN, \u015e\u0130\u00d6 Z\u0130RVES\u0130NE KATILMAK \u00dcZERE ASTANA&#039;YA GELD\u0130 Ba\u015fkan Recep Tayyip Erdo\u011fan ile e\u015fi Emine Erdo\u011fan, D\u0131\u015fi\u015fleri Bakan\u0131 Hakan Fidan, Enerji ve\" \/>\n<meta property=\"og:url\" content=\"http:\/\/e-ciftlik.com\/haberler\/gundem\/cumhurbaskani-erdogan-zirve-oturumuna-katilacak\/\" \/>\n<meta property=\"og:site_name\" content=\"E-&Ccedil;\u0130FTL\u0130K HABER\" \/>\n<meta property=\"article:publisher\" content=\"https:\/\/www.facebook.com\/eciftlikturkiye\" \/>\n<meta property=\"article:published_time\" content=\"2024-07-03T13:25:20+00:00\" \/>\n<meta property=\"og:image\" content=\"http:\/\/e-ciftlik.com\/haberler\/wp-content\/uploads\/2024\/07\/astanada-kritik-zirve-baskan-erdogan-ve-putin-gorusmesi-basladi-dikkat-ceken-nukleer-santral-mesaji-ilk-hedef-1720010725936.jpg\" \/>\n\t<meta property=\"og:image:width\" content=\"1200\" \/>\n\t<meta property=\"og:image:height\" content=\"675\" \/>\n\t<meta property=\"og:image:type\" content=\"image\/jpeg\" \/>\n<meta name=\"author\" content=\"Haber Merkezi\" \/>\n<meta name=\"twitter:card\" content=\"summary_large_image\" \/>\n<meta name=\"twitter:creator\" content=\"@eciftlikresmi\" \/>\n<meta name=\"twitter:site\" content=\"@eciftlikresmi\" \/>\n<meta name=\"twitter:label1\" content=\"Yazan:\" \/>\n\t<meta name=\"twitter:data1\" content=\"Haber Merkezi\" \/>\n\t<meta name=\"twitter:label2\" content=\"Tahmini okuma s\u00fcresi\" \/>\n\t<meta name=\"twitter:data2\" content=\"1 dakika\" \/>\n<script type=\"application\/ld+json\" class=\"yoast-schema-graph\">{\"@context\":\"https:\\\/\\\/schema.org\",\"@graph\":[{\"@type\":\"NewsArticle\",\"@id\":\"http:\\\/\\\/e-ciftlik.com\\\/haberler\\\/gundem\\\/cumhurbaskani-erdogan-zirve-oturumuna-katilacak\\\/#article\",\"isPartOf\":{\"@id\":\"http:\\\/\\\/e-ciftlik.com\\\/haberler\\\/gundem\\\/cumhurbaskani-erdogan-zirve-oturumuna-katilacak\\\/\"},\"author\":{\"name\":\"Haber Merkezi\",\"@id\":\"https:\\\/\\\/e-ciftlik.com\\\/haberler\\\/#\\\/schema\\\/person\\\/d2f4fee3143d7f72be82cb887d51b00a\"},\"headline\":\"Cumhurba\u015fkan\u0131 Erdo\u011fan Zirve Oturumuna Kat\u0131lacak\",\"datePublished\":\"2024-07-03T13:25:20+00:00\",\"mainEntityOfPage\":{\"@id\":\"http:\\\/\\\/e-ciftlik.com\\\/haberler\\\/gundem\\\/cumhurbaskani-erdogan-zirve-oturumuna-katilacak\\\/\"},\"wordCount\":190,\"commentCount\":0,\"publisher\":{\"@id\":\"https:\\\/\\\/e-ciftlik.com\\\/haberler\\\/#organization\"},\"image\":{\"@id\":\"http:\\\/\\\/e-ciftlik.com\\\/haberler\\\/gundem\\\/cumhurbaskani-erdogan-zirve-oturumuna-katilacak\\\/#primaryimage\"},\"thumbnailUrl\":\"http:\\\/\\\/e-ciftlik.com\\\/haberler\\\/wp-content\\\/uploads\\\/2024\\\/07\\\/astanada-kritik-zirve-baskan-erdogan-ve-putin-gorusmesi-basladi-dikkat-ceken-nukleer-santral-mesaji-ilk-hedef-1720010725936.jpg\",\"articleSection\":[\"G\u00fcndem\"],\"inLanguage\":\"tr\",\"potentialAction\":[{\"@type\":\"CommentAction\",\"name\":\"Comment\",\"target\":[\"http:\\\/\\\/e-ciftlik.com\\\/haberler\\\/gundem\\\/cumhurbaskani-erdogan-zirve-oturumuna-katilacak\\\/#respond\"]}]},{\"@type\":\"WebPage\",\"@id\":\"http:\\\/\\\/e-ciftlik.com\\\/haberler\\\/gundem\\\/cumhurbaskani-erdogan-zirve-oturumuna-katilacak\\\/\",\"url\":\"http:\\\/\\\/e-ciftlik.com\\\/haberler\\\/gundem\\\/cumhurbaskani-erdogan-zirve-oturumuna-katilacak\\\/\",\"name\":\"Cumhurba\u015fkan\u0131 Erdo\u011fan Zirve Oturumuna Kat\u0131lacak - E-&Ccedil;\u0130FTL\u0130K HABER\",\"isPartOf\":{\"@id\":\"https:\\\/\\\/e-ciftlik.com\\\/haberler\\\/#website\"},\"primaryImageOfPage\":{\"@id\":\"http:\\\/\\\/e-ciftlik.com\\\/haberler\\\/gundem\\\/cumhurbaskani-erdogan-zirve-oturumuna-katilacak\\\/#primaryimage\"},\"image\":{\"@id\":\"http:\\\/\\\/e-ciftlik.com\\\/haberler\\\/gundem\\\/cumhurbaskani-erdogan-zirve-oturumuna-katilacak\\\/#primaryimage\"},\"thumbnailUrl\":\"http:\\\/\\\/e-ciftlik.com\\\/haberler\\\/wp-content\\\/uploads\\\/2024\\\/07\\\/astanada-kritik-zirve-baskan-erdogan-ve-putin-gorusmesi-basladi-dikkat-ceken-nukleer-santral-mesaji-ilk-hedef-1720010725936.jpg\",\"datePublished\":\"2024-07-03T13:25:20+00:00\",\"description\":\"BA\u015eKAN ERDO\u011eAN, \u015e\u0130\u00d6 Z\u0130RVES\u0130NE KATILMAK \u00dcZERE ASTANA'YA GELD\u0130 Ba\u015fkan Recep Tayyip Erdo\u011fan ile e\u015fi Emine Erdo\u011fan, D\u0131\u015fi\u015fleri Bakan\u0131 Hakan Fidan, Enerji ve\",\"breadcrumb\":{\"@id\":\"http:\\\/\\\/e-ciftlik.com\\\/haberler\\\/gundem\\\/cumhurbaskani-erdogan-zirve-oturumuna-katilacak\\\/#breadcrumb\"},\"inLanguage\":\"tr\",\"potentialAction\":[{\"@type\":\"ReadAction\",\"target\":[\"http:\\\/\\\/e-ciftlik.com\\\/haberler\\\/gundem\\\/cumhurbaskani-erdogan-zirve-oturumuna-katilacak\\\/\"]}]},{\"@type\":\"ImageObject\",\"inLanguage\":\"tr\",\"@id\":\"http:\\\/\\\/e-ciftlik.com\\\/haberler\\\/gundem\\\/cumhurbaskani-erdogan-zirve-oturumuna-katilacak\\\/#primaryimage\",\"url\":\"http:\\\/\\\/e-ciftlik.com\\\/haberler\\\/wp-content\\\/uploads\\\/2024\\\/07\\\/astanada-kritik-zirve-baskan-erdogan-ve-putin-gorusmesi-basladi-dikkat-ceken-nukleer-santral-mesaji-ilk-hedef-1720010725936.jpg\",\"contentUrl\":\"http:\\\/\\\/e-ciftlik.com\\\/haberler\\\/wp-content\\\/uploads\\\/2024\\\/07\\\/astanada-kritik-zirve-baskan-erdogan-ve-putin-gorusmesi-basladi-dikkat-ceken-nukleer-santral-mesaji-ilk-hedef-1720010725936.jpg\",\"width\":1200,\"height\":675},{\"@type\":\"BreadcrumbList\",\"@id\":\"http:\\\/\\\/e-ciftlik.com\\\/haberler\\\/gundem\\\/cumhurbaskani-erdogan-zirve-oturumuna-katilacak\\\/#breadcrumb\",\"itemListElement\":[{\"@type\":\"ListItem\",\"position\":1,\"name\":\"Anasayfa\",\"item\":\"https:\\\/\\\/e-ciftlik.com\\\/haberler\\\/\"},{\"@type\":\"ListItem\",\"position\":2,\"name\":\"Cumhurba\u015fkan\u0131 Erdo\u011fan Zirve Oturumuna Kat\u0131lacak\"}]},{\"@type\":\"WebSite\",\"@id\":\"https:\\\/\\\/e-ciftlik.com\\\/haberler\\\/#website\",\"url\":\"https:\\\/\\\/e-ciftlik.com\\\/haberler\\\/\",\"name\":\"E-\u00c7iftlik Haber | G\u00fcncel, Son Dakika Haberler, En Son Haber\",\"description\":\"\",\"publisher\":{\"@id\":\"https:\\\/\\\/e-ciftlik.com\\\/haberler\\\/#organization\"},\"potentialAction\":[{\"@type\":\"SearchAction\",\"target\":{\"@type\":\"EntryPoint\",\"urlTemplate\":\"https:\\\/\\\/e-ciftlik.com\\\/haberler\\\/?s={search_term_string}\"},\"query-input\":{\"@type\":\"PropertyValueSpecification\",\"valueRequired\":true,\"valueName\":\"search_term_string\"}}],\"inLanguage\":\"tr\"},{\"@type\":\"Organization\",\"@id\":\"https:\\\/\\\/e-ciftlik.com\\\/haberler\\\/#organization\",\"name\":\"E-\u00c7\u0130FTL\u0130K HABER\",\"url\":\"https:\\\/\\\/e-ciftlik.com\\\/haberler\\\/\",\"logo\":{\"@type\":\"ImageObject\",\"inLanguage\":\"tr\",\"@id\":\"https:\\\/\\\/e-ciftlik.com\\\/haberler\\\/#\\\/schema\\\/logo\\\/image\\\/\",\"url\":\"http:\\\/\\\/e-ciftlik.com\\\/haberler\\\/wp-content\\\/uploads\\\/2024\\\/06\\\/cropped-cropped-favicon-1-2.png\",\"contentUrl\":\"http:\\\/\\\/e-ciftlik.com\\\/haberler\\\/wp-content\\\/uploads\\\/2024\\\/06\\\/cropped-cropped-favicon-1-2.png\",\"width\":512,\"height\":512,\"caption\":\"E-\u00c7\u0130FTL\u0130K HABER\"},\"image\":{\"@id\":\"https:\\\/\\\/e-ciftlik.com\\\/haberler\\\/#\\\/schema\\\/logo\\\/image\\\/\"},\"sameAs\":[\"https:\\\/\\\/www.facebook.com\\\/eciftlikturkiye\",\"https:\\\/\\\/x.com\\\/eciftlikresmi\",\"https:\\\/\\\/www.instagram.com\\\/eciftlikresmi\\\/\"]},{\"@type\":\"Person\",\"@id\":\"https:\\\/\\\/e-ciftlik.com\\\/haberler\\\/#\\\/schema\\\/person\\\/d2f4fee3143d7f72be82cb887d51b00a\",\"name\":\"Haber Merkezi\",\"image\":{\"@type\":\"ImageObject\",\"inLanguage\":\"tr\",\"@id\":\"https:\\\/\\\/secure.gravatar.com\\\/avatar\\\/6c27d641914e66c1d0452c92716002398782818991d86db1c2cccb531e7c7c82?s=96&d=mm&r=g\",\"url\":\"https:\\\/\\\/secure.gravatar.com\\\/avatar\\\/6c27d641914e66c1d0452c92716002398782818991d86db1c2cccb531e7c7c82?s=96&d=mm&r=g\",\"contentUrl\":\"https:\\\/\\\/secure.gravatar.com\\\/avatar\\\/6c27d641914e66c1d0452c92716002398782818991d86db1c2cccb531e7c7c82?s=96&d=mm&r=g\",\"caption\":\"Haber Merkezi\"},\"sameAs\":[\"http:\\\/\\\/e-ciftlik.com\\\/haberler\"]}]}<\/script>\n<!-- \/ Yoast SEO Premium plugin. -->","yoast_head_json":{"title":"Cumhurba\u015fkan\u0131 Erdo\u011fan Zirve Oturumuna Kat\u0131lacak - E-&Ccedil;\u0130FTL\u0130K HABER","description":"BA\u015eKAN ERDO\u011eAN, \u015e\u0130\u00d6 Z\u0130RVES\u0130NE KATILMAK \u00dcZERE ASTANA'YA GELD\u0130 Ba\u015fkan Recep Tayyip Erdo\u011fan ile e\u015fi Emine Erdo\u011fan, D\u0131\u015fi\u015fleri Bakan\u0131 Hakan Fidan, Enerji ve","robots":{"index":"index","follow":"follow","max-snippet":"max-snippet:-1","max-image-preview":"max-image-preview:large","max-video-preview":"max-video-preview:-1"},"canonical":"http:\/\/e-ciftlik.com\/haberler\/gundem\/cumhurbaskani-erdogan-zirve-oturumuna-katilacak\/","og_locale":"tr_TR","og_type":"article","og_title":"Cumhurba\u015fkan\u0131 Erdo\u011fan Zirve Oturumuna Kat\u0131lacak","og_description":"BA\u015eKAN ERDO\u011eAN, \u015e\u0130\u00d6 Z\u0130RVES\u0130NE KATILMAK \u00dcZERE ASTANA'YA GELD\u0130 Ba\u015fkan Recep Tayyip Erdo\u011fan ile e\u015fi Emine Erdo\u011fan, D\u0131\u015fi\u015fleri Bakan\u0131 Hakan Fidan, Enerji ve","og_url":"http:\/\/e-ciftlik.com\/haberler\/gundem\/cumhurbaskani-erdogan-zirve-oturumuna-katilacak\/","og_site_name":"E-&Ccedil;\u0130FTL\u0130K HABER","article_publisher":"https:\/\/www.facebook.com\/eciftlikturkiye","article_published_time":"2024-07-03T13:25:20+00:00","og_image":[{"width":1200,"height":675,"url":"http:\/\/e-ciftlik.com\/haberler\/wp-content\/uploads\/2024\/07\/astanada-kritik-zirve-baskan-erdogan-ve-putin-gorusmesi-basladi-dikkat-ceken-nukleer-santral-mesaji-ilk-hedef-1720010725936.jpg","type":"image\/jpeg"}],"author":"Haber Merkezi","twitter_card":"summary_large_image","twitter_creator":"@eciftlikresmi","twitter_site":"@eciftlikresmi","twitter_misc":{"Yazan:":"Haber Merkezi","Tahmini okuma s\u00fcresi":"1 dakika"},"schema":{"@context":"https:\/\/schema.org","@graph":[{"@type":"NewsArticle","@id":"http:\/\/e-ciftlik.com\/haberler\/gundem\/cumhurbaskani-erdogan-zirve-oturumuna-katilacak\/#article","isPartOf":{"@id":"http:\/\/e-ciftlik.com\/haberler\/gundem\/cumhurbaskani-erdogan-zirve-oturumuna-katilacak\/"},"author":{"name":"Haber Merkezi","@id":"https:\/\/e-ciftlik.com\/haberler\/#\/schema\/person\/d2f4fee3143d7f72be82cb887d51b00a"},"headline":"Cumhurba\u015fkan\u0131 Erdo\u011fan Zirve Oturumuna Kat\u0131lacak","datePublished":"2024-07-03T13:25:20+00:00","mainEntityOfPage":{"@id":"http:\/\/e-ciftlik.com\/haberler\/gundem\/cumhurbaskani-erdogan-zirve-oturumuna-katilacak\/"},"wordCount":190,"commentCount":0,"publisher":{"@id":"https:\/\/e-ciftlik.com\/haberler\/#organization"},"image":{"@id":"http:\/\/e-ciftlik.com\/haberler\/gundem\/cumhurbaskani-erdogan-zirve-oturumuna-katilacak\/#primaryimage"},"thumbnailUrl":"http:\/\/e-ciftlik.com\/haberler\/wp-content\/uploads\/2024\/07\/astanada-kritik-zirve-baskan-erdogan-ve-putin-gorusmesi-basladi-dikkat-ceken-nukleer-santral-mesaji-ilk-hedef-1720010725936.jpg","articleSection":["G\u00fcndem"],"inLanguage":"tr","potentialAction":[{"@type":"CommentAction","name":"Comment","target":["http:\/\/e-ciftlik.com\/haberler\/gundem\/cumhurbaskani-erdogan-zirve-oturumuna-katilacak\/#respond"]}]},{"@type":"WebPage","@id":"http:\/\/e-ciftlik.com\/haberler\/gundem\/cumhurbaskani-erdogan-zirve-oturumuna-katilacak\/","url":"http:\/\/e-ciftlik.com\/haberler\/gundem\/cumhurbaskani-erdogan-zirve-oturumuna-katilacak\/","name":"Cumhurba\u015fkan\u0131 Erdo\u011fan Zirve Oturumuna Kat\u0131lacak - E-&Ccedil;\u0130FTL\u0130K HABER","isPartOf":{"@id":"https:\/\/e-ciftlik.com\/haberler\/#website"},"primaryImageOfPage":{"@id":"http:\/\/e-ciftlik.com\/haberler\/gundem\/cumhurbaskani-erdogan-zirve-oturumuna-katilacak\/#primaryimage"},"image":{"@id":"http:\/\/e-ciftlik.com\/haberler\/gundem\/cumhurbaskani-erdogan-zirve-oturumuna-katilacak\/#primaryimage"},"thumbnailUrl":"http:\/\/e-ciftlik.com\/haberler\/wp-content\/uploads\/2024\/07\/astanada-kritik-zirve-baskan-erdogan-ve-putin-gorusmesi-basladi-dikkat-ceken-nukleer-santral-mesaji-ilk-hedef-1720010725936.jpg","datePublished":"2024-07-03T13:25:20+00:00","description":"BA\u015eKAN ERDO\u011eAN, \u015e\u0130\u00d6 Z\u0130RVES\u0130NE KATILMAK \u00dcZERE ASTANA'YA GELD\u0130 Ba\u015fkan Recep Tayyip Erdo\u011fan ile e\u015fi Emine Erdo\u011fan, D\u0131\u015fi\u015fleri Bakan\u0131 Hakan Fidan, Enerji ve","breadcrumb":{"@id":"http:\/\/e-ciftlik.com\/haberler\/gundem\/cumhurbaskani-erdogan-zirve-oturumuna-katilacak\/#breadcrumb"},"inLanguage":"tr","potentialAction":[{"@type":"ReadAction","target":["http:\/\/e-ciftlik.com\/haberler\/gundem\/cumhurbaskani-erdogan-zirve-oturumuna-katilacak\/"]}]},{"@type":"ImageObject","inLanguage":"tr","@id":"http:\/\/e-ciftlik.com\/haberler\/gundem\/cumhurbaskani-erdogan-zirve-oturumuna-katilacak\/#primaryimage","url":"http:\/\/e-ciftlik.com\/haberler\/wp-content\/uploads\/2024\/07\/astanada-kritik-zirve-baskan-erdogan-ve-putin-gorusmesi-basladi-dikkat-ceken-nukleer-santral-mesaji-ilk-hedef-1720010725936.jpg","contentUrl":"http:\/\/e-ciftlik.com\/haberler\/wp-content\/uploads\/2024\/07\/astanada-kritik-zirve-baskan-erdogan-ve-putin-gorusmesi-basladi-dikkat-ceken-nukleer-santral-mesaji-ilk-hedef-1720010725936.jpg","width":1200,"height":675},{"@type":"BreadcrumbList","@id":"http:\/\/e-ciftlik.com\/haberler\/gundem\/cumhurbaskani-erdogan-zirve-oturumuna-katilacak\/#breadcrumb","itemListElement":[{"@type":"ListItem","position":1,"name":"Anasayfa","item":"https:\/\/e-ciftlik.com\/haberler\/"},{"@type":"ListItem","position":2,"name":"Cumhurba\u015fkan\u0131 Erdo\u011fan Zirve Oturumuna Kat\u0131lacak"}]},{"@type":"WebSite","@id":"https:\/\/e-ciftlik.com\/haberler\/#website","url":"https:\/\/e-ciftlik.com\/haberler\/","name":"E-\u00c7iftlik Haber | G\u00fcncel, Son Dakika Haberler, En Son Haber","description":"","publisher":{"@id":"https:\/\/e-ciftlik.com\/haberler\/#organization"},"potentialAction":[{"@type":"SearchAction","target":{"@type":"EntryPoint","urlTemplate":"https:\/\/e-ciftlik.com\/haberler\/?s={search_term_string}"},"query-input":{"@type":"PropertyValueSpecification","valueRequired":true,"valueName":"search_term_string"}}],"inLanguage":"tr"},{"@type":"Organization","@id":"https:\/\/e-ciftlik.com\/haberler\/#organization","name":"E-\u00c7\u0130FTL\u0130K HABER","url":"https:\/\/e-ciftlik.com\/haberler\/","logo":{"@type":"ImageObject","inLanguage":"tr","@id":"https:\/\/e-ciftlik.com\/haberler\/#\/schema\/logo\/image\/","url":"http:\/\/e-ciftlik.com\/haberler\/wp-content\/uploads\/2024\/06\/cropped-cropped-favicon-1-2.png","contentUrl":"http:\/\/e-ciftlik.com\/haberler\/wp-content\/uploads\/2024\/06\/cropped-cropped-favicon-1-2.png","width":512,"height":512,"caption":"E-\u00c7\u0130FTL\u0130K HABER"},"image":{"@id":"https:\/\/e-ciftlik.com\/haberler\/#\/schema\/logo\/image\/"},"sameAs":["https:\/\/www.facebook.com\/eciftlikturkiye","https:\/\/x.com\/eciftlikresmi","https:\/\/www.instagram.com\/eciftlikresmi\/"]},{"@type":"Person","@id":"https:\/\/e-ciftlik.com\/haberler\/#\/schema\/person\/d2f4fee3143d7f72be82cb887d51b00a","name":"Haber Merkezi","image":{"@type":"ImageObject","inLanguage":"tr","@id":"https:\/\/secure.gravatar.com\/avatar\/6c27d641914e66c1d0452c92716002398782818991d86db1c2cccb531e7c7c82?s=96&d=mm&r=g","url":"https:\/\/secure.gravatar.com\/avatar\/6c27d641914e66c1d0452c92716002398782818991d86db1c2cccb531e7c7c82?s=96&d=mm&r=g","contentUrl":"https:\/\/secure.gravatar.com\/avatar\/6c27d641914e66c1d0452c92716002398782818991d86db1c2cccb531e7c7c82?s=96&d=mm&r=g","caption":"Haber Merkezi"},"sameAs":["http:\/\/e-ciftlik.com\/haberler"]}]}},"_links":{"self":[{"href":"http:\/\/e-ciftlik.com\/haberler\/wp-json\/wp\/v2\/posts\/8986","targetHints":{"allow":["GET"]}}],"collection":[{"href":"http:\/\/e-ciftlik.com\/haberler\/wp-json\/wp\/v2\/posts"}],"about":[{"href":"http:\/\/e-ciftlik.com\/haberler\/wp-json\/wp\/v2\/types\/post"}],"author":[{"embeddable":true,"href":"http:\/\/e-ciftlik.com\/haberler\/wp-json\/wp\/v2\/users\/1"}],"replies":[{"embeddable":true,"href":"http:\/\/e-ciftlik.com\/haberler\/wp-json\/wp\/v2\/comments?post=8986"}],"version-history":[{"count":0,"href":"http:\/\/e-ciftlik.com\/haberler\/wp-json\/wp\/v2\/posts\/8986\/revisions"}],"wp:featuredmedia":[{"embeddable":true,"href":"http:\/\/e-ciftlik.com\/haberler\/wp-json\/wp\/v2\/media\/8987"}],"wp:attachment":[{"href":"http:\/\/e-ciftlik.com\/haberler\/wp-json\/wp\/v2\/media?parent=8986"}],"wp:term":[{"taxonomy":"category","embeddable":true,"href":"http:\/\/e-ciftlik.com\/haberler\/wp-json\/wp\/v2\/categories?post=8986"},{"taxonomy":"post_tag","embeddable":true,"href":"http:\/\/e-ciftlik.com\/haberler\/wp-json\/wp\/v2\/tags?post=8986"}],"curies":[{"name":"wp","href":"https:\/\/api.w.org\/{rel}","templated":true}]}}