{"id":9061,"date":"2024-07-03T06:32:00","date_gmt":"2024-07-03T06:32:00","guid":{"rendered":"https:\/\/e-ciftlik.com\/haberler\/tarim\/adanada-tarim-terapisi-ile-ruhsal-iyilesme\/"},"modified":"2024-07-03T06:32:00","modified_gmt":"2024-07-03T06:32:00","slug":"adanada-tarim-terapisi-ile-ruhsal-iyilesme","status":"publish","type":"post","link":"http:\/\/e-ciftlik.com\/haberler\/tarim\/adanada-tarim-terapisi-ile-ruhsal-iyilesme\/","title":{"rendered":"Adana&#8217;da Tar\u0131m Terapisi ile Ruhsal \u0130yile\u015fme"},"content":{"rendered":"<p>Adana&#8217;da ruh sa\u011fl\u0131\u011f\u0131 tedavisi g\u00f6ren hastalar tar\u0131mla terapi g\u00f6r\u00fcyor. Dr. Ekrem Tok Ruh Sa\u011fl\u0131\u011f\u0131 ve Hastal\u0131klar\u0131 Hastanesi&#8217;nde tedavi g\u00f6ren hastalar, hastanenin bah\u00e7esinde tar\u0131m i\u015fleriyle u\u011fra\u015farak terapi oluyor. Hastane yetkilileri, hastalar\u0131n tar\u0131msal faaliyetlerle ilgilenmesinin sa\u011fl\u0131k durumlar\u0131n\u0131 olumlu y\u00f6nde etkiledi\u011fini belirtti.<\/p>\n<p>Adana&#8217;da hizmet veren Dr. Ekrem Tok Ruh Sa\u011fl\u0131\u011f\u0131 ve Hastal\u0131klar\u0131 Hastanesi&#8217;nde 40 y\u0131ld\u0131r tedavi g\u00f6ren hastalar, serada domates, biber, fasulye, patl\u0131can ve salatal\u0131k topluyor. Ayr\u0131ca a\u011fa\u00e7 budama i\u015flemlerini de ger\u00e7ekle\u015ftiriyorlar. Hem\u015fireler e\u015fli\u011finde onlarca hasta bu tar\u0131m faaliyetlerine d\u00f6n\u00fc\u015f\u00fcml\u00fc olarak kat\u0131l\u0131yor. Hastanenin bah\u00e7esinde \u00e7e\u015fitli meyve a\u011fa\u00e7lar\u0131 bulunurken, hastalar do\u011fal ortamda terapi g\u00f6r\u00fcyor.<\/p>\n<p>Hastalara y\u00f6nelik i\u015f ve u\u011fra\u015f terapisi program\u0131 kapsam\u0131nda hastalar\u0131n ya\u015fama ba\u011flanmalar\u0131 ve \u00e7evreleriyle etkile\u015fime ge\u00e7meleri te\u015fvik ediliyor. Bu sayede hastalar kendilerini i\u015fe yarar hissediyor ve ya\u015famdan zevk almaya ba\u015fl\u0131yorlar.<\/p>\n<p>Dr. Yunus Emre Y\u0131ld\u0131r\u0131m, \u0130hlas Haber Ajans\u0131&#8217;na yapt\u0131\u011f\u0131 a\u00e7\u0131klamada, hastalar\u0131n buradaki tar\u0131m faaliyetleri sayesinde \u00fcr\u00fcnlerin s\u00fcrecini ba\u015ftan sona g\u00f6zlemleme f\u0131rsat\u0131 bulduklar\u0131n\u0131 belirtti. Biber, patl\u0131can, domates, nar, \u00fcz\u00fcm ve elma gibi \u00fcr\u00fcnleri yeti\u015ftiren hastalar, bu \u015fekilde sa\u011fl\u0131k durumlar\u0131n\u0131 olumlu y\u00f6nde etkiliyorlar.<\/p>\n<p>Hastalar\u0131n farkl\u0131 terapi y\u00f6ntemleriyle birlikte daha h\u0131zl\u0131 iyile\u015ftiklerini vurgulayan Dr. Y\u0131ld\u0131r\u0131m, hastalar\u0131n sosyal ya\u015fama uyum s\u00fcrecini tamamlad\u0131klar\u0131n\u0131 ve di\u011fer hastalarla ili\u015fki kurduklar\u0131n\u0131 s\u00f6yledi. Hastalar\u0131n bu s\u00fcre\u00e7te kazand\u0131\u011f\u0131 deneyimlerin olduk\u00e7a de\u011ferli oldu\u011funu belirten Dr. Y\u0131ld\u0131r\u0131m, tar\u0131m faaliyetlerinin hastalar\u0131n ruh sa\u011fl\u0131\u011f\u0131 \u00fczerinde olumlu etkileri oldu\u011funu ifade etti. &#8211; ADANA<\/p>\n<p>Kaynak: \u0130hlas Haber Ajans\u0131 \/ Yerel<\/p>\n","protected":false},"excerpt":{"rendered":"<p>Adana&#8217;da ruh sa\u011fl\u0131\u011f\u0131 tedavisi g\u00f6ren hastalar tar\u0131mla terapi g\u00f6r\u00fcyor. Dr. Ekrem Tok Ruh Sa\u011fl\u0131\u011f\u0131 ve&hellip;<\/p>\n","protected":false},"author":1,"featured_media":9062,"comment_status":"open","ping_status":"open","sticky":false,"template":"","format":"standard","meta":{"footnotes":""},"categories":[9],"tags":[],"class_list":["post-9061","post","type-post","status-publish","format-standard","has-post-thumbnail","hentry","category-tarim"],"yoast_head":"<!-- This site is optimized with the Yoast SEO Premium plugin v24.3 (Yoast SEO v27.4) - https:\/\/yoast.com\/product\/yoast-seo-premium-wordpress\/ -->\n<title>Adana&#039;da Tar\u0131m Terapisi ile Ruhsal \u0130yile\u015fme - E-&Ccedil;\u0130FTL\u0130K HABER<\/title>\n<meta name=\"description\" content=\"Adana&#039;da ruh sa\u011fl\u0131\u011f\u0131 tedavisi g\u00f6ren hastalar tar\u0131mla terapi g\u00f6r\u00fcyor. Dr. Ekrem Tok Ruh Sa\u011fl\u0131\u011f\u0131 ve Hastal\u0131klar\u0131 Hastanesi&#039;nde tedavi g\u00f6ren hastalar,\" \/>\n<meta name=\"robots\" content=\"index, follow, max-snippet:-1, max-image-preview:large, max-video-preview:-1\" \/>\n<link rel=\"canonical\" href=\"https:\/\/e-ciftlik.com\/haberler\/tarim\/adanada-tarim-terapisi-ile-ruhsal-iyilesme\/\" \/>\n<meta property=\"og:locale\" content=\"tr_TR\" \/>\n<meta property=\"og:type\" content=\"article\" \/>\n<meta property=\"og:title\" content=\"Adana&#039;da Tar\u0131m Terapisi ile Ruhsal \u0130yile\u015fme\" \/>\n<meta property=\"og:description\" content=\"Adana&#039;da ruh sa\u011fl\u0131\u011f\u0131 tedavisi g\u00f6ren hastalar tar\u0131mla terapi g\u00f6r\u00fcyor. Dr. Ekrem Tok Ruh Sa\u011fl\u0131\u011f\u0131 ve Hastal\u0131klar\u0131 Hastanesi&#039;nde tedavi g\u00f6ren hastalar,\" \/>\n<meta property=\"og:url\" content=\"https:\/\/e-ciftlik.com\/haberler\/tarim\/adanada-tarim-terapisi-ile-ruhsal-iyilesme\/\" \/>\n<meta property=\"og:site_name\" content=\"E-&Ccedil;\u0130FTL\u0130K HABER\" \/>\n<meta property=\"article:publisher\" content=\"https:\/\/www.facebook.com\/eciftlikturkiye\" \/>\n<meta property=\"article:published_time\" content=\"2024-07-03T06:32:00+00:00\" \/>\n<meta property=\"og:image\" content=\"https:\/\/e-ciftlik.com\/haberler\/wp-content\/uploads\/2024\/07\/adana-da-ruh-sagligi-tedavisi-gorenler-tariml-17482758_amp.jpg\" \/>\n\t<meta property=\"og:image:width\" content=\"1200\" \/>\n\t<meta property=\"og:image:height\" content=\"799\" \/>\n\t<meta property=\"og:image:type\" content=\"image\/jpeg\" \/>\n<meta name=\"author\" content=\"Haber Merkezi\" \/>\n<meta name=\"twitter:card\" content=\"summary_large_image\" \/>\n<meta name=\"twitter:creator\" content=\"@eciftlikresmi\" \/>\n<meta name=\"twitter:site\" content=\"@eciftlikresmi\" \/>\n<meta name=\"twitter:label1\" content=\"Yazan:\" \/>\n\t<meta name=\"twitter:data1\" content=\"Haber Merkezi\" \/>\n\t<meta name=\"twitter:label2\" content=\"Tahmini okuma s\u00fcresi\" \/>\n\t<meta name=\"twitter:data2\" content=\"2 dakika\" \/>\n<script type=\"application\/ld+json\" class=\"yoast-schema-graph\">{\"@context\":\"https:\\\/\\\/schema.org\",\"@graph\":[{\"@type\":\"NewsArticle\",\"@id\":\"https:\\\/\\\/e-ciftlik.com\\\/haberler\\\/tarim\\\/adanada-tarim-terapisi-ile-ruhsal-iyilesme\\\/#article\",\"isPartOf\":{\"@id\":\"https:\\\/\\\/e-ciftlik.com\\\/haberler\\\/tarim\\\/adanada-tarim-terapisi-ile-ruhsal-iyilesme\\\/\"},\"author\":{\"name\":\"Haber Merkezi\",\"@id\":\"https:\\\/\\\/e-ciftlik.com\\\/haberler\\\/#\\\/schema\\\/person\\\/d2f4fee3143d7f72be82cb887d51b00a\"},\"headline\":\"Adana&#8217;da Tar\u0131m Terapisi ile Ruhsal \u0130yile\u015fme\",\"datePublished\":\"2024-07-03T06:32:00+00:00\",\"mainEntityOfPage\":{\"@id\":\"https:\\\/\\\/e-ciftlik.com\\\/haberler\\\/tarim\\\/adanada-tarim-terapisi-ile-ruhsal-iyilesme\\\/\"},\"wordCount\":333,\"commentCount\":0,\"publisher\":{\"@id\":\"https:\\\/\\\/e-ciftlik.com\\\/haberler\\\/#organization\"},\"image\":{\"@id\":\"https:\\\/\\\/e-ciftlik.com\\\/haberler\\\/tarim\\\/adanada-tarim-terapisi-ile-ruhsal-iyilesme\\\/#primaryimage\"},\"thumbnailUrl\":\"http:\\\/\\\/e-ciftlik.com\\\/haberler\\\/wp-content\\\/uploads\\\/2024\\\/07\\\/adana-da-ruh-sagligi-tedavisi-gorenler-tariml-17482758_amp.jpg\",\"articleSection\":[\"Tar\u0131m\"],\"inLanguage\":\"tr\",\"potentialAction\":[{\"@type\":\"CommentAction\",\"name\":\"Comment\",\"target\":[\"https:\\\/\\\/e-ciftlik.com\\\/haberler\\\/tarim\\\/adanada-tarim-terapisi-ile-ruhsal-iyilesme\\\/#respond\"]}]},{\"@type\":\"WebPage\",\"@id\":\"https:\\\/\\\/e-ciftlik.com\\\/haberler\\\/tarim\\\/adanada-tarim-terapisi-ile-ruhsal-iyilesme\\\/\",\"url\":\"https:\\\/\\\/e-ciftlik.com\\\/haberler\\\/tarim\\\/adanada-tarim-terapisi-ile-ruhsal-iyilesme\\\/\",\"name\":\"Adana'da Tar\u0131m Terapisi ile Ruhsal \u0130yile\u015fme - E-&Ccedil;\u0130FTL\u0130K HABER\",\"isPartOf\":{\"@id\":\"https:\\\/\\\/e-ciftlik.com\\\/haberler\\\/#website\"},\"primaryImageOfPage\":{\"@id\":\"https:\\\/\\\/e-ciftlik.com\\\/haberler\\\/tarim\\\/adanada-tarim-terapisi-ile-ruhsal-iyilesme\\\/#primaryimage\"},\"image\":{\"@id\":\"https:\\\/\\\/e-ciftlik.com\\\/haberler\\\/tarim\\\/adanada-tarim-terapisi-ile-ruhsal-iyilesme\\\/#primaryimage\"},\"thumbnailUrl\":\"http:\\\/\\\/e-ciftlik.com\\\/haberler\\\/wp-content\\\/uploads\\\/2024\\\/07\\\/adana-da-ruh-sagligi-tedavisi-gorenler-tariml-17482758_amp.jpg\",\"datePublished\":\"2024-07-03T06:32:00+00:00\",\"description\":\"Adana'da ruh sa\u011fl\u0131\u011f\u0131 tedavisi g\u00f6ren hastalar tar\u0131mla terapi g\u00f6r\u00fcyor. Dr. Ekrem Tok Ruh Sa\u011fl\u0131\u011f\u0131 ve Hastal\u0131klar\u0131 Hastanesi'nde tedavi g\u00f6ren hastalar,\",\"breadcrumb\":{\"@id\":\"https:\\\/\\\/e-ciftlik.com\\\/haberler\\\/tarim\\\/adanada-tarim-terapisi-ile-ruhsal-iyilesme\\\/#breadcrumb\"},\"inLanguage\":\"tr\",\"potentialAction\":[{\"@type\":\"ReadAction\",\"target\":[\"https:\\\/\\\/e-ciftlik.com\\\/haberler\\\/tarim\\\/adanada-tarim-terapisi-ile-ruhsal-iyilesme\\\/\"]}]},{\"@type\":\"ImageObject\",\"inLanguage\":\"tr\",\"@id\":\"https:\\\/\\\/e-ciftlik.com\\\/haberler\\\/tarim\\\/adanada-tarim-terapisi-ile-ruhsal-iyilesme\\\/#primaryimage\",\"url\":\"http:\\\/\\\/e-ciftlik.com\\\/haberler\\\/wp-content\\\/uploads\\\/2024\\\/07\\\/adana-da-ruh-sagligi-tedavisi-gorenler-tariml-17482758_amp.jpg\",\"contentUrl\":\"http:\\\/\\\/e-ciftlik.com\\\/haberler\\\/wp-content\\\/uploads\\\/2024\\\/07\\\/adana-da-ruh-sagligi-tedavisi-gorenler-tariml-17482758_amp.jpg\",\"width\":1200,\"height\":799},{\"@type\":\"BreadcrumbList\",\"@id\":\"https:\\\/\\\/e-ciftlik.com\\\/haberler\\\/tarim\\\/adanada-tarim-terapisi-ile-ruhsal-iyilesme\\\/#breadcrumb\",\"itemListElement\":[{\"@type\":\"ListItem\",\"position\":1,\"name\":\"Anasayfa\",\"item\":\"https:\\\/\\\/e-ciftlik.com\\\/haberler\\\/\"},{\"@type\":\"ListItem\",\"position\":2,\"name\":\"Adana&#8217;da Tar\u0131m Terapisi ile Ruhsal \u0130yile\u015fme\"}]},{\"@type\":\"WebSite\",\"@id\":\"https:\\\/\\\/e-ciftlik.com\\\/haberler\\\/#website\",\"url\":\"https:\\\/\\\/e-ciftlik.com\\\/haberler\\\/\",\"name\":\"E-\u00c7iftlik Haber | G\u00fcncel, Son Dakika Haberler, En Son Haber\",\"description\":\"\",\"publisher\":{\"@id\":\"https:\\\/\\\/e-ciftlik.com\\\/haberler\\\/#organization\"},\"potentialAction\":[{\"@type\":\"SearchAction\",\"target\":{\"@type\":\"EntryPoint\",\"urlTemplate\":\"https:\\\/\\\/e-ciftlik.com\\\/haberler\\\/?s={search_term_string}\"},\"query-input\":{\"@type\":\"PropertyValueSpecification\",\"valueRequired\":true,\"valueName\":\"search_term_string\"}}],\"inLanguage\":\"tr\"},{\"@type\":\"Organization\",\"@id\":\"https:\\\/\\\/e-ciftlik.com\\\/haberler\\\/#organization\",\"name\":\"E-\u00c7\u0130FTL\u0130K HABER\",\"url\":\"https:\\\/\\\/e-ciftlik.com\\\/haberler\\\/\",\"logo\":{\"@type\":\"ImageObject\",\"inLanguage\":\"tr\",\"@id\":\"https:\\\/\\\/e-ciftlik.com\\\/haberler\\\/#\\\/schema\\\/logo\\\/image\\\/\",\"url\":\"http:\\\/\\\/e-ciftlik.com\\\/haberler\\\/wp-content\\\/uploads\\\/2024\\\/06\\\/cropped-cropped-favicon-1-2.png\",\"contentUrl\":\"http:\\\/\\\/e-ciftlik.com\\\/haberler\\\/wp-content\\\/uploads\\\/2024\\\/06\\\/cropped-cropped-favicon-1-2.png\",\"width\":512,\"height\":512,\"caption\":\"E-\u00c7\u0130FTL\u0130K HABER\"},\"image\":{\"@id\":\"https:\\\/\\\/e-ciftlik.com\\\/haberler\\\/#\\\/schema\\\/logo\\\/image\\\/\"},\"sameAs\":[\"https:\\\/\\\/www.facebook.com\\\/eciftlikturkiye\",\"https:\\\/\\\/x.com\\\/eciftlikresmi\",\"https:\\\/\\\/www.instagram.com\\\/eciftlikresmi\\\/\"]},{\"@type\":\"Person\",\"@id\":\"https:\\\/\\\/e-ciftlik.com\\\/haberler\\\/#\\\/schema\\\/person\\\/d2f4fee3143d7f72be82cb887d51b00a\",\"name\":\"Haber Merkezi\",\"image\":{\"@type\":\"ImageObject\",\"inLanguage\":\"tr\",\"@id\":\"https:\\\/\\\/secure.gravatar.com\\\/avatar\\\/6c27d641914e66c1d0452c92716002398782818991d86db1c2cccb531e7c7c82?s=96&d=mm&r=g\",\"url\":\"https:\\\/\\\/secure.gravatar.com\\\/avatar\\\/6c27d641914e66c1d0452c92716002398782818991d86db1c2cccb531e7c7c82?s=96&d=mm&r=g\",\"contentUrl\":\"https:\\\/\\\/secure.gravatar.com\\\/avatar\\\/6c27d641914e66c1d0452c92716002398782818991d86db1c2cccb531e7c7c82?s=96&d=mm&r=g\",\"caption\":\"Haber Merkezi\"},\"sameAs\":[\"http:\\\/\\\/e-ciftlik.com\\\/haberler\"]}]}<\/script>\n<!-- \/ Yoast SEO Premium plugin. -->","yoast_head_json":{"title":"Adana'da Tar\u0131m Terapisi ile Ruhsal \u0130yile\u015fme - E-&Ccedil;\u0130FTL\u0130K HABER","description":"Adana'da ruh sa\u011fl\u0131\u011f\u0131 tedavisi g\u00f6ren hastalar tar\u0131mla terapi g\u00f6r\u00fcyor. Dr. Ekrem Tok Ruh Sa\u011fl\u0131\u011f\u0131 ve Hastal\u0131klar\u0131 Hastanesi'nde tedavi g\u00f6ren hastalar,","robots":{"index":"index","follow":"follow","max-snippet":"max-snippet:-1","max-image-preview":"max-image-preview:large","max-video-preview":"max-video-preview:-1"},"canonical":"https:\/\/e-ciftlik.com\/haberler\/tarim\/adanada-tarim-terapisi-ile-ruhsal-iyilesme\/","og_locale":"tr_TR","og_type":"article","og_title":"Adana'da Tar\u0131m Terapisi ile Ruhsal \u0130yile\u015fme","og_description":"Adana'da ruh sa\u011fl\u0131\u011f\u0131 tedavisi g\u00f6ren hastalar tar\u0131mla terapi g\u00f6r\u00fcyor. Dr. Ekrem Tok Ruh Sa\u011fl\u0131\u011f\u0131 ve Hastal\u0131klar\u0131 Hastanesi'nde tedavi g\u00f6ren hastalar,","og_url":"https:\/\/e-ciftlik.com\/haberler\/tarim\/adanada-tarim-terapisi-ile-ruhsal-iyilesme\/","og_site_name":"E-&Ccedil;\u0130FTL\u0130K HABER","article_publisher":"https:\/\/www.facebook.com\/eciftlikturkiye","article_published_time":"2024-07-03T06:32:00+00:00","og_image":[{"width":1200,"height":799,"url":"https:\/\/e-ciftlik.com\/haberler\/wp-content\/uploads\/2024\/07\/adana-da-ruh-sagligi-tedavisi-gorenler-tariml-17482758_amp.jpg","type":"image\/jpeg"}],"author":"Haber Merkezi","twitter_card":"summary_large_image","twitter_creator":"@eciftlikresmi","twitter_site":"@eciftlikresmi","twitter_misc":{"Yazan:":"Haber Merkezi","Tahmini okuma s\u00fcresi":"2 dakika"},"schema":{"@context":"https:\/\/schema.org","@graph":[{"@type":"NewsArticle","@id":"https:\/\/e-ciftlik.com\/haberler\/tarim\/adanada-tarim-terapisi-ile-ruhsal-iyilesme\/#article","isPartOf":{"@id":"https:\/\/e-ciftlik.com\/haberler\/tarim\/adanada-tarim-terapisi-ile-ruhsal-iyilesme\/"},"author":{"name":"Haber Merkezi","@id":"https:\/\/e-ciftlik.com\/haberler\/#\/schema\/person\/d2f4fee3143d7f72be82cb887d51b00a"},"headline":"Adana&#8217;da Tar\u0131m Terapisi ile Ruhsal \u0130yile\u015fme","datePublished":"2024-07-03T06:32:00+00:00","mainEntityOfPage":{"@id":"https:\/\/e-ciftlik.com\/haberler\/tarim\/adanada-tarim-terapisi-ile-ruhsal-iyilesme\/"},"wordCount":333,"commentCount":0,"publisher":{"@id":"https:\/\/e-ciftlik.com\/haberler\/#organization"},"image":{"@id":"https:\/\/e-ciftlik.com\/haberler\/tarim\/adanada-tarim-terapisi-ile-ruhsal-iyilesme\/#primaryimage"},"thumbnailUrl":"http:\/\/e-ciftlik.com\/haberler\/wp-content\/uploads\/2024\/07\/adana-da-ruh-sagligi-tedavisi-gorenler-tariml-17482758_amp.jpg","articleSection":["Tar\u0131m"],"inLanguage":"tr","potentialAction":[{"@type":"CommentAction","name":"Comment","target":["https:\/\/e-ciftlik.com\/haberler\/tarim\/adanada-tarim-terapisi-ile-ruhsal-iyilesme\/#respond"]}]},{"@type":"WebPage","@id":"https:\/\/e-ciftlik.com\/haberler\/tarim\/adanada-tarim-terapisi-ile-ruhsal-iyilesme\/","url":"https:\/\/e-ciftlik.com\/haberler\/tarim\/adanada-tarim-terapisi-ile-ruhsal-iyilesme\/","name":"Adana'da Tar\u0131m Terapisi ile Ruhsal \u0130yile\u015fme - E-&Ccedil;\u0130FTL\u0130K HABER","isPartOf":{"@id":"https:\/\/e-ciftlik.com\/haberler\/#website"},"primaryImageOfPage":{"@id":"https:\/\/e-ciftlik.com\/haberler\/tarim\/adanada-tarim-terapisi-ile-ruhsal-iyilesme\/#primaryimage"},"image":{"@id":"https:\/\/e-ciftlik.com\/haberler\/tarim\/adanada-tarim-terapisi-ile-ruhsal-iyilesme\/#primaryimage"},"thumbnailUrl":"http:\/\/e-ciftlik.com\/haberler\/wp-content\/uploads\/2024\/07\/adana-da-ruh-sagligi-tedavisi-gorenler-tariml-17482758_amp.jpg","datePublished":"2024-07-03T06:32:00+00:00","description":"Adana'da ruh sa\u011fl\u0131\u011f\u0131 tedavisi g\u00f6ren hastalar tar\u0131mla terapi g\u00f6r\u00fcyor. Dr. Ekrem Tok Ruh Sa\u011fl\u0131\u011f\u0131 ve Hastal\u0131klar\u0131 Hastanesi'nde tedavi g\u00f6ren hastalar,","breadcrumb":{"@id":"https:\/\/e-ciftlik.com\/haberler\/tarim\/adanada-tarim-terapisi-ile-ruhsal-iyilesme\/#breadcrumb"},"inLanguage":"tr","potentialAction":[{"@type":"ReadAction","target":["https:\/\/e-ciftlik.com\/haberler\/tarim\/adanada-tarim-terapisi-ile-ruhsal-iyilesme\/"]}]},{"@type":"ImageObject","inLanguage":"tr","@id":"https:\/\/e-ciftlik.com\/haberler\/tarim\/adanada-tarim-terapisi-ile-ruhsal-iyilesme\/#primaryimage","url":"http:\/\/e-ciftlik.com\/haberler\/wp-content\/uploads\/2024\/07\/adana-da-ruh-sagligi-tedavisi-gorenler-tariml-17482758_amp.jpg","contentUrl":"http:\/\/e-ciftlik.com\/haberler\/wp-content\/uploads\/2024\/07\/adana-da-ruh-sagligi-tedavisi-gorenler-tariml-17482758_amp.jpg","width":1200,"height":799},{"@type":"BreadcrumbList","@id":"https:\/\/e-ciftlik.com\/haberler\/tarim\/adanada-tarim-terapisi-ile-ruhsal-iyilesme\/#breadcrumb","itemListElement":[{"@type":"ListItem","position":1,"name":"Anasayfa","item":"https:\/\/e-ciftlik.com\/haberler\/"},{"@type":"ListItem","position":2,"name":"Adana&#8217;da Tar\u0131m Terapisi ile Ruhsal \u0130yile\u015fme"}]},{"@type":"WebSite","@id":"https:\/\/e-ciftlik.com\/haberler\/#website","url":"https:\/\/e-ciftlik.com\/haberler\/","name":"E-\u00c7iftlik Haber | G\u00fcncel, Son Dakika Haberler, En Son Haber","description":"","publisher":{"@id":"https:\/\/e-ciftlik.com\/haberler\/#organization"},"potentialAction":[{"@type":"SearchAction","target":{"@type":"EntryPoint","urlTemplate":"https:\/\/e-ciftlik.com\/haberler\/?s={search_term_string}"},"query-input":{"@type":"PropertyValueSpecification","valueRequired":true,"valueName":"search_term_string"}}],"inLanguage":"tr"},{"@type":"Organization","@id":"https:\/\/e-ciftlik.com\/haberler\/#organization","name":"E-\u00c7\u0130FTL\u0130K HABER","url":"https:\/\/e-ciftlik.com\/haberler\/","logo":{"@type":"ImageObject","inLanguage":"tr","@id":"https:\/\/e-ciftlik.com\/haberler\/#\/schema\/logo\/image\/","url":"http:\/\/e-ciftlik.com\/haberler\/wp-content\/uploads\/2024\/06\/cropped-cropped-favicon-1-2.png","contentUrl":"http:\/\/e-ciftlik.com\/haberler\/wp-content\/uploads\/2024\/06\/cropped-cropped-favicon-1-2.png","width":512,"height":512,"caption":"E-\u00c7\u0130FTL\u0130K HABER"},"image":{"@id":"https:\/\/e-ciftlik.com\/haberler\/#\/schema\/logo\/image\/"},"sameAs":["https:\/\/www.facebook.com\/eciftlikturkiye","https:\/\/x.com\/eciftlikresmi","https:\/\/www.instagram.com\/eciftlikresmi\/"]},{"@type":"Person","@id":"https:\/\/e-ciftlik.com\/haberler\/#\/schema\/person\/d2f4fee3143d7f72be82cb887d51b00a","name":"Haber Merkezi","image":{"@type":"ImageObject","inLanguage":"tr","@id":"https:\/\/secure.gravatar.com\/avatar\/6c27d641914e66c1d0452c92716002398782818991d86db1c2cccb531e7c7c82?s=96&d=mm&r=g","url":"https:\/\/secure.gravatar.com\/avatar\/6c27d641914e66c1d0452c92716002398782818991d86db1c2cccb531e7c7c82?s=96&d=mm&r=g","contentUrl":"https:\/\/secure.gravatar.com\/avatar\/6c27d641914e66c1d0452c92716002398782818991d86db1c2cccb531e7c7c82?s=96&d=mm&r=g","caption":"Haber Merkezi"},"sameAs":["http:\/\/e-ciftlik.com\/haberler"]}]}},"_links":{"self":[{"href":"http:\/\/e-ciftlik.com\/haberler\/wp-json\/wp\/v2\/posts\/9061","targetHints":{"allow":["GET"]}}],"collection":[{"href":"http:\/\/e-ciftlik.com\/haberler\/wp-json\/wp\/v2\/posts"}],"about":[{"href":"http:\/\/e-ciftlik.com\/haberler\/wp-json\/wp\/v2\/types\/post"}],"author":[{"embeddable":true,"href":"http:\/\/e-ciftlik.com\/haberler\/wp-json\/wp\/v2\/users\/1"}],"replies":[{"embeddable":true,"href":"http:\/\/e-ciftlik.com\/haberler\/wp-json\/wp\/v2\/comments?post=9061"}],"version-history":[{"count":0,"href":"http:\/\/e-ciftlik.com\/haberler\/wp-json\/wp\/v2\/posts\/9061\/revisions"}],"wp:featuredmedia":[{"embeddable":true,"href":"http:\/\/e-ciftlik.com\/haberler\/wp-json\/wp\/v2\/media\/9062"}],"wp:attachment":[{"href":"http:\/\/e-ciftlik.com\/haberler\/wp-json\/wp\/v2\/media?parent=9061"}],"wp:term":[{"taxonomy":"category","embeddable":true,"href":"http:\/\/e-ciftlik.com\/haberler\/wp-json\/wp\/v2\/categories?post=9061"},{"taxonomy":"post_tag","embeddable":true,"href":"http:\/\/e-ciftlik.com\/haberler\/wp-json\/wp\/v2\/tags?post=9061"}],"curies":[{"name":"wp","href":"https:\/\/api.w.org\/{rel}","templated":true}]}}