{"id":9197,"date":"2024-07-04T07:17:54","date_gmt":"2024-07-04T07:17:54","guid":{"rendered":"https:\/\/e-ciftlik.com\/haberler\/memur\/memur-ve-emeklilere-zam-ne-zaman\/"},"modified":"2024-07-04T07:17:54","modified_gmt":"2024-07-04T07:17:54","slug":"memur-ve-emeklilere-zam-ne-zaman","status":"publish","type":"post","link":"http:\/\/e-ciftlik.com\/haberler\/memur\/memur-ve-emeklilere-zam-ne-zaman\/","title":{"rendered":"Memur ve Emeklilere Zam Ne Zaman?"},"content":{"rendered":"<p>Milyonlarca kamu \u00e7al\u0131\u015fan\u0131 ve emeklisinin merakla bekledi\u011fi haziran ay\u0131 enflasyon verileri a\u00e7\u0131kland\u0131. T\u00dc\u0130K&#8217;in bildirdi\u011fi 6 ayl\u0131k enflasyon rakamlar\u0131 ile birlikte memurlar\u0131n ve emeklilerin zam oran\u0131 belirlendi. \u015eimdi binlerce memurun dikkati ise zaml\u0131 maa\u015flar\u0131n ve maa\u015f farklar\u0131n\u0131n ne zaman \u00f6denece\u011fi konusuna yo\u011funla\u015ft\u0131. Peki, zaml\u0131 memur maa\u015flar\u0131 ne zaman hesaplara yatacak?<\/p>\n","protected":false},"excerpt":{"rendered":"<p>Milyonlarca kamu \u00e7al\u0131\u015fan\u0131 ve emeklisinin merakla bekledi\u011fi haziran ay\u0131 enflasyon verileri a\u00e7\u0131kland\u0131. T\u00dc\u0130K&#8217;in bildirdi\u011fi 6&hellip;<\/p>\n","protected":false},"author":1,"featured_media":1565,"comment_status":"open","ping_status":"open","sticky":false,"template":"","format":"standard","meta":{"footnotes":""},"categories":[11],"tags":[],"class_list":["post-9197","post","type-post","status-publish","format-standard","has-post-thumbnail","hentry","category-memur"],"yoast_head":"<!-- This site is optimized with the Yoast SEO Premium plugin v24.3 (Yoast SEO v27.4) - https:\/\/yoast.com\/product\/yoast-seo-premium-wordpress\/ -->\n<title>Memur ve Emeklilere Zam Ne Zaman? - E-&Ccedil;\u0130FTL\u0130K HABER<\/title>\n<meta name=\"description\" content=\"Milyonlarca kamu \u00e7al\u0131\u015fan\u0131 ve emeklisinin merakla bekledi\u011fi haziran ay\u0131 enflasyon verileri a\u00e7\u0131kland\u0131. T\u00dc\u0130K&#039;in bildirdi\u011fi 6 ayl\u0131k enflasyon rakamlar\u0131 ile\" \/>\n<meta name=\"robots\" content=\"index, follow, max-snippet:-1, max-image-preview:large, max-video-preview:-1\" \/>\n<link rel=\"canonical\" href=\"http:\/\/e-ciftlik.com\/haberler\/memur\/memur-ve-emeklilere-zam-ne-zaman\/\" \/>\n<meta property=\"og:locale\" content=\"tr_TR\" \/>\n<meta property=\"og:type\" content=\"article\" \/>\n<meta property=\"og:title\" content=\"Memur ve Emeklilere Zam Ne Zaman?\" \/>\n<meta property=\"og:description\" content=\"Milyonlarca kamu \u00e7al\u0131\u015fan\u0131 ve emeklisinin merakla bekledi\u011fi haziran ay\u0131 enflasyon verileri a\u00e7\u0131kland\u0131. T\u00dc\u0130K&#039;in bildirdi\u011fi 6 ayl\u0131k enflasyon rakamlar\u0131 ile\" \/>\n<meta property=\"og:url\" content=\"http:\/\/e-ciftlik.com\/haberler\/memur\/memur-ve-emeklilere-zam-ne-zaman\/\" \/>\n<meta property=\"og:site_name\" content=\"E-&Ccedil;\u0130FTL\u0130K HABER\" \/>\n<meta property=\"article:publisher\" content=\"https:\/\/www.facebook.com\/eciftlikturkiye\" \/>\n<meta property=\"article:published_time\" content=\"2024-07-04T07:17:54+00:00\" \/>\n<meta property=\"og:image\" content=\"http:\/\/e-ciftlik.com\/haberler\/wp-content\/uploads\/2024\/06\/VOkqVFZy80OQXgs5NBdaMg.jpg\" \/>\n\t<meta property=\"og:image:width\" content=\"1080\" \/>\n\t<meta property=\"og:image:height\" content=\"615\" \/>\n\t<meta property=\"og:image:type\" content=\"image\/jpeg\" \/>\n<meta name=\"author\" content=\"Haber Merkezi\" \/>\n<meta name=\"twitter:card\" content=\"summary_large_image\" \/>\n<meta name=\"twitter:creator\" content=\"@eciftlikresmi\" \/>\n<meta name=\"twitter:site\" content=\"@eciftlikresmi\" \/>\n<meta name=\"twitter:label1\" content=\"Yazan:\" \/>\n\t<meta name=\"twitter:data1\" content=\"Haber Merkezi\" \/>\n<script type=\"application\/ld+json\" class=\"yoast-schema-graph\">{\"@context\":\"https:\\\/\\\/schema.org\",\"@graph\":[{\"@type\":\"NewsArticle\",\"@id\":\"http:\\\/\\\/e-ciftlik.com\\\/haberler\\\/memur\\\/memur-ve-emeklilere-zam-ne-zaman\\\/#article\",\"isPartOf\":{\"@id\":\"http:\\\/\\\/e-ciftlik.com\\\/haberler\\\/memur\\\/memur-ve-emeklilere-zam-ne-zaman\\\/\"},\"author\":{\"name\":\"Haber Merkezi\",\"@id\":\"https:\\\/\\\/e-ciftlik.com\\\/haberler\\\/#\\\/schema\\\/person\\\/d2f4fee3143d7f72be82cb887d51b00a\"},\"headline\":\"Memur ve Emeklilere Zam Ne Zaman?\",\"datePublished\":\"2024-07-04T07:17:54+00:00\",\"mainEntityOfPage\":{\"@id\":\"http:\\\/\\\/e-ciftlik.com\\\/haberler\\\/memur\\\/memur-ve-emeklilere-zam-ne-zaman\\\/\"},\"wordCount\":70,\"commentCount\":0,\"publisher\":{\"@id\":\"https:\\\/\\\/e-ciftlik.com\\\/haberler\\\/#organization\"},\"image\":{\"@id\":\"http:\\\/\\\/e-ciftlik.com\\\/haberler\\\/memur\\\/memur-ve-emeklilere-zam-ne-zaman\\\/#primaryimage\"},\"thumbnailUrl\":\"http:\\\/\\\/e-ciftlik.com\\\/haberler\\\/wp-content\\\/uploads\\\/2024\\\/06\\\/VOkqVFZy80OQXgs5NBdaMg.jpg\",\"articleSection\":[\"Memur\"],\"inLanguage\":\"tr\",\"potentialAction\":[{\"@type\":\"CommentAction\",\"name\":\"Comment\",\"target\":[\"http:\\\/\\\/e-ciftlik.com\\\/haberler\\\/memur\\\/memur-ve-emeklilere-zam-ne-zaman\\\/#respond\"]}]},{\"@type\":\"WebPage\",\"@id\":\"http:\\\/\\\/e-ciftlik.com\\\/haberler\\\/memur\\\/memur-ve-emeklilere-zam-ne-zaman\\\/\",\"url\":\"http:\\\/\\\/e-ciftlik.com\\\/haberler\\\/memur\\\/memur-ve-emeklilere-zam-ne-zaman\\\/\",\"name\":\"Memur ve Emeklilere Zam Ne Zaman? - E-&Ccedil;\u0130FTL\u0130K HABER\",\"isPartOf\":{\"@id\":\"https:\\\/\\\/e-ciftlik.com\\\/haberler\\\/#website\"},\"primaryImageOfPage\":{\"@id\":\"http:\\\/\\\/e-ciftlik.com\\\/haberler\\\/memur\\\/memur-ve-emeklilere-zam-ne-zaman\\\/#primaryimage\"},\"image\":{\"@id\":\"http:\\\/\\\/e-ciftlik.com\\\/haberler\\\/memur\\\/memur-ve-emeklilere-zam-ne-zaman\\\/#primaryimage\"},\"thumbnailUrl\":\"http:\\\/\\\/e-ciftlik.com\\\/haberler\\\/wp-content\\\/uploads\\\/2024\\\/06\\\/VOkqVFZy80OQXgs5NBdaMg.jpg\",\"datePublished\":\"2024-07-04T07:17:54+00:00\",\"description\":\"Milyonlarca kamu \u00e7al\u0131\u015fan\u0131 ve emeklisinin merakla bekledi\u011fi haziran ay\u0131 enflasyon verileri a\u00e7\u0131kland\u0131. T\u00dc\u0130K'in bildirdi\u011fi 6 ayl\u0131k enflasyon rakamlar\u0131 ile\",\"breadcrumb\":{\"@id\":\"http:\\\/\\\/e-ciftlik.com\\\/haberler\\\/memur\\\/memur-ve-emeklilere-zam-ne-zaman\\\/#breadcrumb\"},\"inLanguage\":\"tr\",\"potentialAction\":[{\"@type\":\"ReadAction\",\"target\":[\"http:\\\/\\\/e-ciftlik.com\\\/haberler\\\/memur\\\/memur-ve-emeklilere-zam-ne-zaman\\\/\"]}]},{\"@type\":\"ImageObject\",\"inLanguage\":\"tr\",\"@id\":\"http:\\\/\\\/e-ciftlik.com\\\/haberler\\\/memur\\\/memur-ve-emeklilere-zam-ne-zaman\\\/#primaryimage\",\"url\":\"http:\\\/\\\/e-ciftlik.com\\\/haberler\\\/wp-content\\\/uploads\\\/2024\\\/06\\\/VOkqVFZy80OQXgs5NBdaMg.jpg\",\"contentUrl\":\"http:\\\/\\\/e-ciftlik.com\\\/haberler\\\/wp-content\\\/uploads\\\/2024\\\/06\\\/VOkqVFZy80OQXgs5NBdaMg.jpg\",\"width\":1080,\"height\":615},{\"@type\":\"BreadcrumbList\",\"@id\":\"http:\\\/\\\/e-ciftlik.com\\\/haberler\\\/memur\\\/memur-ve-emeklilere-zam-ne-zaman\\\/#breadcrumb\",\"itemListElement\":[{\"@type\":\"ListItem\",\"position\":1,\"name\":\"Anasayfa\",\"item\":\"https:\\\/\\\/e-ciftlik.com\\\/haberler\\\/\"},{\"@type\":\"ListItem\",\"position\":2,\"name\":\"Memur ve Emeklilere Zam Ne Zaman?\"}]},{\"@type\":\"WebSite\",\"@id\":\"https:\\\/\\\/e-ciftlik.com\\\/haberler\\\/#website\",\"url\":\"https:\\\/\\\/e-ciftlik.com\\\/haberler\\\/\",\"name\":\"E-\u00c7iftlik Haber | G\u00fcncel, Son Dakika Haberler, En Son Haber\",\"description\":\"\",\"publisher\":{\"@id\":\"https:\\\/\\\/e-ciftlik.com\\\/haberler\\\/#organization\"},\"potentialAction\":[{\"@type\":\"SearchAction\",\"target\":{\"@type\":\"EntryPoint\",\"urlTemplate\":\"https:\\\/\\\/e-ciftlik.com\\\/haberler\\\/?s={search_term_string}\"},\"query-input\":{\"@type\":\"PropertyValueSpecification\",\"valueRequired\":true,\"valueName\":\"search_term_string\"}}],\"inLanguage\":\"tr\"},{\"@type\":\"Organization\",\"@id\":\"https:\\\/\\\/e-ciftlik.com\\\/haberler\\\/#organization\",\"name\":\"E-\u00c7\u0130FTL\u0130K HABER\",\"url\":\"https:\\\/\\\/e-ciftlik.com\\\/haberler\\\/\",\"logo\":{\"@type\":\"ImageObject\",\"inLanguage\":\"tr\",\"@id\":\"https:\\\/\\\/e-ciftlik.com\\\/haberler\\\/#\\\/schema\\\/logo\\\/image\\\/\",\"url\":\"http:\\\/\\\/e-ciftlik.com\\\/haberler\\\/wp-content\\\/uploads\\\/2024\\\/06\\\/cropped-cropped-favicon-1-2.png\",\"contentUrl\":\"http:\\\/\\\/e-ciftlik.com\\\/haberler\\\/wp-content\\\/uploads\\\/2024\\\/06\\\/cropped-cropped-favicon-1-2.png\",\"width\":512,\"height\":512,\"caption\":\"E-\u00c7\u0130FTL\u0130K HABER\"},\"image\":{\"@id\":\"https:\\\/\\\/e-ciftlik.com\\\/haberler\\\/#\\\/schema\\\/logo\\\/image\\\/\"},\"sameAs\":[\"https:\\\/\\\/www.facebook.com\\\/eciftlikturkiye\",\"https:\\\/\\\/x.com\\\/eciftlikresmi\",\"https:\\\/\\\/www.instagram.com\\\/eciftlikresmi\\\/\"]},{\"@type\":\"Person\",\"@id\":\"https:\\\/\\\/e-ciftlik.com\\\/haberler\\\/#\\\/schema\\\/person\\\/d2f4fee3143d7f72be82cb887d51b00a\",\"name\":\"Haber Merkezi\",\"image\":{\"@type\":\"ImageObject\",\"inLanguage\":\"tr\",\"@id\":\"https:\\\/\\\/secure.gravatar.com\\\/avatar\\\/6c27d641914e66c1d0452c92716002398782818991d86db1c2cccb531e7c7c82?s=96&d=mm&r=g\",\"url\":\"https:\\\/\\\/secure.gravatar.com\\\/avatar\\\/6c27d641914e66c1d0452c92716002398782818991d86db1c2cccb531e7c7c82?s=96&d=mm&r=g\",\"contentUrl\":\"https:\\\/\\\/secure.gravatar.com\\\/avatar\\\/6c27d641914e66c1d0452c92716002398782818991d86db1c2cccb531e7c7c82?s=96&d=mm&r=g\",\"caption\":\"Haber Merkezi\"},\"sameAs\":[\"http:\\\/\\\/e-ciftlik.com\\\/haberler\"]}]}<\/script>\n<!-- \/ Yoast SEO Premium plugin. -->","yoast_head_json":{"title":"Memur ve Emeklilere Zam Ne Zaman? - E-&Ccedil;\u0130FTL\u0130K HABER","description":"Milyonlarca kamu \u00e7al\u0131\u015fan\u0131 ve emeklisinin merakla bekledi\u011fi haziran ay\u0131 enflasyon verileri a\u00e7\u0131kland\u0131. T\u00dc\u0130K'in bildirdi\u011fi 6 ayl\u0131k enflasyon rakamlar\u0131 ile","robots":{"index":"index","follow":"follow","max-snippet":"max-snippet:-1","max-image-preview":"max-image-preview:large","max-video-preview":"max-video-preview:-1"},"canonical":"http:\/\/e-ciftlik.com\/haberler\/memur\/memur-ve-emeklilere-zam-ne-zaman\/","og_locale":"tr_TR","og_type":"article","og_title":"Memur ve Emeklilere Zam Ne Zaman?","og_description":"Milyonlarca kamu \u00e7al\u0131\u015fan\u0131 ve emeklisinin merakla bekledi\u011fi haziran ay\u0131 enflasyon verileri a\u00e7\u0131kland\u0131. T\u00dc\u0130K'in bildirdi\u011fi 6 ayl\u0131k enflasyon rakamlar\u0131 ile","og_url":"http:\/\/e-ciftlik.com\/haberler\/memur\/memur-ve-emeklilere-zam-ne-zaman\/","og_site_name":"E-&Ccedil;\u0130FTL\u0130K HABER","article_publisher":"https:\/\/www.facebook.com\/eciftlikturkiye","article_published_time":"2024-07-04T07:17:54+00:00","og_image":[{"width":1080,"height":615,"url":"http:\/\/e-ciftlik.com\/haberler\/wp-content\/uploads\/2024\/06\/VOkqVFZy80OQXgs5NBdaMg.jpg","type":"image\/jpeg"}],"author":"Haber Merkezi","twitter_card":"summary_large_image","twitter_creator":"@eciftlikresmi","twitter_site":"@eciftlikresmi","twitter_misc":{"Yazan:":"Haber Merkezi"},"schema":{"@context":"https:\/\/schema.org","@graph":[{"@type":"NewsArticle","@id":"http:\/\/e-ciftlik.com\/haberler\/memur\/memur-ve-emeklilere-zam-ne-zaman\/#article","isPartOf":{"@id":"http:\/\/e-ciftlik.com\/haberler\/memur\/memur-ve-emeklilere-zam-ne-zaman\/"},"author":{"name":"Haber Merkezi","@id":"https:\/\/e-ciftlik.com\/haberler\/#\/schema\/person\/d2f4fee3143d7f72be82cb887d51b00a"},"headline":"Memur ve Emeklilere Zam Ne Zaman?","datePublished":"2024-07-04T07:17:54+00:00","mainEntityOfPage":{"@id":"http:\/\/e-ciftlik.com\/haberler\/memur\/memur-ve-emeklilere-zam-ne-zaman\/"},"wordCount":70,"commentCount":0,"publisher":{"@id":"https:\/\/e-ciftlik.com\/haberler\/#organization"},"image":{"@id":"http:\/\/e-ciftlik.com\/haberler\/memur\/memur-ve-emeklilere-zam-ne-zaman\/#primaryimage"},"thumbnailUrl":"http:\/\/e-ciftlik.com\/haberler\/wp-content\/uploads\/2024\/06\/VOkqVFZy80OQXgs5NBdaMg.jpg","articleSection":["Memur"],"inLanguage":"tr","potentialAction":[{"@type":"CommentAction","name":"Comment","target":["http:\/\/e-ciftlik.com\/haberler\/memur\/memur-ve-emeklilere-zam-ne-zaman\/#respond"]}]},{"@type":"WebPage","@id":"http:\/\/e-ciftlik.com\/haberler\/memur\/memur-ve-emeklilere-zam-ne-zaman\/","url":"http:\/\/e-ciftlik.com\/haberler\/memur\/memur-ve-emeklilere-zam-ne-zaman\/","name":"Memur ve Emeklilere Zam Ne Zaman? - E-&Ccedil;\u0130FTL\u0130K HABER","isPartOf":{"@id":"https:\/\/e-ciftlik.com\/haberler\/#website"},"primaryImageOfPage":{"@id":"http:\/\/e-ciftlik.com\/haberler\/memur\/memur-ve-emeklilere-zam-ne-zaman\/#primaryimage"},"image":{"@id":"http:\/\/e-ciftlik.com\/haberler\/memur\/memur-ve-emeklilere-zam-ne-zaman\/#primaryimage"},"thumbnailUrl":"http:\/\/e-ciftlik.com\/haberler\/wp-content\/uploads\/2024\/06\/VOkqVFZy80OQXgs5NBdaMg.jpg","datePublished":"2024-07-04T07:17:54+00:00","description":"Milyonlarca kamu \u00e7al\u0131\u015fan\u0131 ve emeklisinin merakla bekledi\u011fi haziran ay\u0131 enflasyon verileri a\u00e7\u0131kland\u0131. T\u00dc\u0130K'in bildirdi\u011fi 6 ayl\u0131k enflasyon rakamlar\u0131 ile","breadcrumb":{"@id":"http:\/\/e-ciftlik.com\/haberler\/memur\/memur-ve-emeklilere-zam-ne-zaman\/#breadcrumb"},"inLanguage":"tr","potentialAction":[{"@type":"ReadAction","target":["http:\/\/e-ciftlik.com\/haberler\/memur\/memur-ve-emeklilere-zam-ne-zaman\/"]}]},{"@type":"ImageObject","inLanguage":"tr","@id":"http:\/\/e-ciftlik.com\/haberler\/memur\/memur-ve-emeklilere-zam-ne-zaman\/#primaryimage","url":"http:\/\/e-ciftlik.com\/haberler\/wp-content\/uploads\/2024\/06\/VOkqVFZy80OQXgs5NBdaMg.jpg","contentUrl":"http:\/\/e-ciftlik.com\/haberler\/wp-content\/uploads\/2024\/06\/VOkqVFZy80OQXgs5NBdaMg.jpg","width":1080,"height":615},{"@type":"BreadcrumbList","@id":"http:\/\/e-ciftlik.com\/haberler\/memur\/memur-ve-emeklilere-zam-ne-zaman\/#breadcrumb","itemListElement":[{"@type":"ListItem","position":1,"name":"Anasayfa","item":"https:\/\/e-ciftlik.com\/haberler\/"},{"@type":"ListItem","position":2,"name":"Memur ve Emeklilere Zam Ne Zaman?"}]},{"@type":"WebSite","@id":"https:\/\/e-ciftlik.com\/haberler\/#website","url":"https:\/\/e-ciftlik.com\/haberler\/","name":"E-\u00c7iftlik Haber | G\u00fcncel, Son Dakika Haberler, En Son Haber","description":"","publisher":{"@id":"https:\/\/e-ciftlik.com\/haberler\/#organization"},"potentialAction":[{"@type":"SearchAction","target":{"@type":"EntryPoint","urlTemplate":"https:\/\/e-ciftlik.com\/haberler\/?s={search_term_string}"},"query-input":{"@type":"PropertyValueSpecification","valueRequired":true,"valueName":"search_term_string"}}],"inLanguage":"tr"},{"@type":"Organization","@id":"https:\/\/e-ciftlik.com\/haberler\/#organization","name":"E-\u00c7\u0130FTL\u0130K HABER","url":"https:\/\/e-ciftlik.com\/haberler\/","logo":{"@type":"ImageObject","inLanguage":"tr","@id":"https:\/\/e-ciftlik.com\/haberler\/#\/schema\/logo\/image\/","url":"http:\/\/e-ciftlik.com\/haberler\/wp-content\/uploads\/2024\/06\/cropped-cropped-favicon-1-2.png","contentUrl":"http:\/\/e-ciftlik.com\/haberler\/wp-content\/uploads\/2024\/06\/cropped-cropped-favicon-1-2.png","width":512,"height":512,"caption":"E-\u00c7\u0130FTL\u0130K HABER"},"image":{"@id":"https:\/\/e-ciftlik.com\/haberler\/#\/schema\/logo\/image\/"},"sameAs":["https:\/\/www.facebook.com\/eciftlikturkiye","https:\/\/x.com\/eciftlikresmi","https:\/\/www.instagram.com\/eciftlikresmi\/"]},{"@type":"Person","@id":"https:\/\/e-ciftlik.com\/haberler\/#\/schema\/person\/d2f4fee3143d7f72be82cb887d51b00a","name":"Haber Merkezi","image":{"@type":"ImageObject","inLanguage":"tr","@id":"https:\/\/secure.gravatar.com\/avatar\/6c27d641914e66c1d0452c92716002398782818991d86db1c2cccb531e7c7c82?s=96&d=mm&r=g","url":"https:\/\/secure.gravatar.com\/avatar\/6c27d641914e66c1d0452c92716002398782818991d86db1c2cccb531e7c7c82?s=96&d=mm&r=g","contentUrl":"https:\/\/secure.gravatar.com\/avatar\/6c27d641914e66c1d0452c92716002398782818991d86db1c2cccb531e7c7c82?s=96&d=mm&r=g","caption":"Haber Merkezi"},"sameAs":["http:\/\/e-ciftlik.com\/haberler"]}]}},"_links":{"self":[{"href":"http:\/\/e-ciftlik.com\/haberler\/wp-json\/wp\/v2\/posts\/9197","targetHints":{"allow":["GET"]}}],"collection":[{"href":"http:\/\/e-ciftlik.com\/haberler\/wp-json\/wp\/v2\/posts"}],"about":[{"href":"http:\/\/e-ciftlik.com\/haberler\/wp-json\/wp\/v2\/types\/post"}],"author":[{"embeddable":true,"href":"http:\/\/e-ciftlik.com\/haberler\/wp-json\/wp\/v2\/users\/1"}],"replies":[{"embeddable":true,"href":"http:\/\/e-ciftlik.com\/haberler\/wp-json\/wp\/v2\/comments?post=9197"}],"version-history":[{"count":0,"href":"http:\/\/e-ciftlik.com\/haberler\/wp-json\/wp\/v2\/posts\/9197\/revisions"}],"wp:featuredmedia":[{"embeddable":true,"href":"http:\/\/e-ciftlik.com\/haberler\/wp-json\/wp\/v2\/media\/1565"}],"wp:attachment":[{"href":"http:\/\/e-ciftlik.com\/haberler\/wp-json\/wp\/v2\/media?parent=9197"}],"wp:term":[{"taxonomy":"category","embeddable":true,"href":"http:\/\/e-ciftlik.com\/haberler\/wp-json\/wp\/v2\/categories?post=9197"},{"taxonomy":"post_tag","embeddable":true,"href":"http:\/\/e-ciftlik.com\/haberler\/wp-json\/wp\/v2\/tags?post=9197"}],"curies":[{"name":"wp","href":"https:\/\/api.w.org\/{rel}","templated":true}]}}