{"id":9198,"date":"2024-07-04T07:19:07","date_gmt":"2024-07-04T07:19:07","guid":{"rendered":"https:\/\/e-ciftlik.com\/haberler\/gundem\/irakin-kuzeyine-hava-harekati-37-hedef-imha-edildi\/"},"modified":"2024-07-04T07:19:07","modified_gmt":"2024-07-04T07:19:07","slug":"irakin-kuzeyine-hava-harekati-37-hedef-imha-edildi","status":"publish","type":"post","link":"http:\/\/e-ciftlik.com\/haberler\/gundem\/irakin-kuzeyine-hava-harekati-37-hedef-imha-edildi\/","title":{"rendered":"Irak&#8217;\u0131n Kuzeyine Hava Harekat\u0131: 37 Hedef \u0130mha Edildi"},"content":{"rendered":"<p>Milli Savunma Bakanl\u0131\u011f\u0131, Irak&#8217;\u0131n kuzeyine d\u00fczenledi\u011fi hava harekat\u0131n\u0131 duyurdu.<\/p>\n<p>Irak kuzeyine yap\u0131lan hava harekat\u0131na ili\u015fkin yay\u0131nlanan videoda, ter\u00f6ristlerin inlerine y\u00f6nelik sald\u0131r\u0131da 37 hedefin imha edildi\u011fi g\u00f6r\u00fcnt\u00fcler yer al\u0131yor.<\/p>\n<p>Milli Savunma Bakanl\u0131\u011f\u0131 taraf\u0131ndan yap\u0131lan a\u00e7\u0131klamada, Irak&#8217;\u0131n kuzeyinde bulunan Metina, Gara, Hakurk, Kandil ve Asos b\u00f6lgelerine y\u00f6nelik d\u00fczenlenen hava harekat\u0131nda ter\u00f6ristlerin bulundu\u011fu ma\u011fara, s\u0131\u011f\u0131nak, bar\u0131nak, depo ve ter\u00f6r \u00f6rg\u00fct\u00fcn\u00fcn kullan\u0131m\u0131 tesislerin hedef al\u0131nd\u0131\u011f\u0131 belirtildi. Harekat sonucunda 37 hedefin imha edildi\u011fi a\u00e7\u0131kland\u0131.<\/p>\n<p>MSB&#8217;nin a\u00e7\u0131klamas\u0131nda, PKK\/KCK ve di\u011fer ter\u00f6rist unsurlar\u0131n etkisiz hale getirilerek Irak&#8217;\u0131n kuzeyinden halka ve g\u00fcvenlik g\u00fc\u00e7lerine y\u00f6nelik ter\u00f6r sald\u0131r\u0131lar\u0131n\u0131n \u00f6nlendi\u011fi vurguland\u0131. Ayr\u0131ca Birle\u015fmi\u015f Milletler Anla\u015fmas\u0131&#8217;n\u0131n 51. maddesinden do\u011fan me\u015fru m\u00fcdafaa haklar\u0131n\u0131n kullan\u0131larak, 03 Temmuz 2024 tarihinde, Metina, Gara, Hakurk, Kandil ve Asos b\u00f6lgelerindeki ter\u00f6rist hedeflere hava harekat\u0131 d\u00fczenlendi\u011fi bildirildi. Ter\u00f6r \u00f6rg\u00fct\u00fc taraf\u0131ndan kullan\u0131lan 37 hedefin imha edildi\u011fi belirtildi.<\/p>\n","protected":false},"excerpt":{"rendered":"<p>Milli Savunma Bakanl\u0131\u011f\u0131, Irak&#8217;\u0131n kuzeyine d\u00fczenledi\u011fi hava harekat\u0131n\u0131 duyurdu. Irak kuzeyine yap\u0131lan hava harekat\u0131na ili\u015fkin&hellip;<\/p>\n","protected":false},"author":1,"featured_media":9199,"comment_status":"open","ping_status":"open","sticky":false,"template":"","format":"standard","meta":{"footnotes":""},"categories":[10],"tags":[],"class_list":["post-9198","post","type-post","status-publish","format-standard","has-post-thumbnail","hentry","category-gundem"],"yoast_head":"<!-- This site is optimized with the Yoast SEO Premium plugin v24.3 (Yoast SEO v27.4) - https:\/\/yoast.com\/product\/yoast-seo-premium-wordpress\/ -->\n<title>Irak&#039;\u0131n Kuzeyine Hava Harekat\u0131: 37 Hedef \u0130mha Edildi - E-&Ccedil;\u0130FTL\u0130K HABER<\/title>\n<meta name=\"description\" content=\"Milli Savunma Bakanl\u0131\u011f\u0131, Irak&#039;\u0131n kuzeyine d\u00fczenledi\u011fi hava harekat\u0131n\u0131 duyurdu. Irak kuzeyine yap\u0131lan hava harekat\u0131na ili\u015fkin yay\u0131nlanan videoda,\" \/>\n<meta name=\"robots\" content=\"index, follow, max-snippet:-1, max-image-preview:large, max-video-preview:-1\" \/>\n<link rel=\"canonical\" href=\"http:\/\/e-ciftlik.com\/haberler\/gundem\/irakin-kuzeyine-hava-harekati-37-hedef-imha-edildi\/\" \/>\n<meta property=\"og:locale\" content=\"tr_TR\" \/>\n<meta property=\"og:type\" content=\"article\" \/>\n<meta property=\"og:title\" content=\"Irak&#039;\u0131n Kuzeyine Hava Harekat\u0131: 37 Hedef \u0130mha Edildi\" \/>\n<meta property=\"og:description\" content=\"Milli Savunma Bakanl\u0131\u011f\u0131, Irak&#039;\u0131n kuzeyine d\u00fczenledi\u011fi hava harekat\u0131n\u0131 duyurdu. Irak kuzeyine yap\u0131lan hava harekat\u0131na ili\u015fkin yay\u0131nlanan videoda,\" \/>\n<meta property=\"og:url\" content=\"http:\/\/e-ciftlik.com\/haberler\/gundem\/irakin-kuzeyine-hava-harekati-37-hedef-imha-edildi\/\" \/>\n<meta property=\"og:site_name\" content=\"E-&Ccedil;\u0130FTL\u0130K HABER\" \/>\n<meta property=\"article:publisher\" content=\"https:\/\/www.facebook.com\/eciftlikturkiye\" \/>\n<meta property=\"article:published_time\" content=\"2024-07-04T07:19:07+00:00\" \/>\n<meta property=\"og:image\" content=\"http:\/\/e-ciftlik.com\/haberler\/wp-content\/uploads\/2024\/07\/irakin-kuzeyine-hava-harekati-metina-gara-hakurk-kandil-ve-asosta-37-hedef-imha-edildi-1720035763495.jpg\" \/>\n\t<meta property=\"og:image:width\" content=\"1200\" \/>\n\t<meta property=\"og:image:height\" content=\"675\" \/>\n\t<meta property=\"og:image:type\" content=\"image\/jpeg\" \/>\n<meta name=\"author\" content=\"Haber Merkezi\" \/>\n<meta name=\"twitter:card\" content=\"summary_large_image\" \/>\n<meta name=\"twitter:creator\" content=\"@eciftlikresmi\" \/>\n<meta name=\"twitter:site\" content=\"@eciftlikresmi\" \/>\n<meta name=\"twitter:label1\" content=\"Yazan:\" \/>\n\t<meta name=\"twitter:data1\" content=\"Haber Merkezi\" \/>\n\t<meta name=\"twitter:label2\" content=\"Tahmini okuma s\u00fcresi\" \/>\n\t<meta name=\"twitter:data2\" content=\"1 dakika\" \/>\n<script type=\"application\/ld+json\" class=\"yoast-schema-graph\">{\"@context\":\"https:\\\/\\\/schema.org\",\"@graph\":[{\"@type\":\"NewsArticle\",\"@id\":\"http:\\\/\\\/e-ciftlik.com\\\/haberler\\\/gundem\\\/irakin-kuzeyine-hava-harekati-37-hedef-imha-edildi\\\/#article\",\"isPartOf\":{\"@id\":\"http:\\\/\\\/e-ciftlik.com\\\/haberler\\\/gundem\\\/irakin-kuzeyine-hava-harekati-37-hedef-imha-edildi\\\/\"},\"author\":{\"name\":\"Haber Merkezi\",\"@id\":\"https:\\\/\\\/e-ciftlik.com\\\/haberler\\\/#\\\/schema\\\/person\\\/d2f4fee3143d7f72be82cb887d51b00a\"},\"headline\":\"Irak&#8217;\u0131n Kuzeyine Hava Harekat\u0131: 37 Hedef \u0130mha Edildi\",\"datePublished\":\"2024-07-04T07:19:07+00:00\",\"mainEntityOfPage\":{\"@id\":\"http:\\\/\\\/e-ciftlik.com\\\/haberler\\\/gundem\\\/irakin-kuzeyine-hava-harekati-37-hedef-imha-edildi\\\/\"},\"wordCount\":204,\"commentCount\":0,\"publisher\":{\"@id\":\"https:\\\/\\\/e-ciftlik.com\\\/haberler\\\/#organization\"},\"image\":{\"@id\":\"http:\\\/\\\/e-ciftlik.com\\\/haberler\\\/gundem\\\/irakin-kuzeyine-hava-harekati-37-hedef-imha-edildi\\\/#primaryimage\"},\"thumbnailUrl\":\"http:\\\/\\\/e-ciftlik.com\\\/haberler\\\/wp-content\\\/uploads\\\/2024\\\/07\\\/irakin-kuzeyine-hava-harekati-metina-gara-hakurk-kandil-ve-asosta-37-hedef-imha-edildi-1720035763495.jpg\",\"articleSection\":[\"G\u00fcndem\"],\"inLanguage\":\"tr\",\"potentialAction\":[{\"@type\":\"CommentAction\",\"name\":\"Comment\",\"target\":[\"http:\\\/\\\/e-ciftlik.com\\\/haberler\\\/gundem\\\/irakin-kuzeyine-hava-harekati-37-hedef-imha-edildi\\\/#respond\"]}]},{\"@type\":\"WebPage\",\"@id\":\"http:\\\/\\\/e-ciftlik.com\\\/haberler\\\/gundem\\\/irakin-kuzeyine-hava-harekati-37-hedef-imha-edildi\\\/\",\"url\":\"http:\\\/\\\/e-ciftlik.com\\\/haberler\\\/gundem\\\/irakin-kuzeyine-hava-harekati-37-hedef-imha-edildi\\\/\",\"name\":\"Irak'\u0131n Kuzeyine Hava Harekat\u0131: 37 Hedef \u0130mha Edildi - E-&Ccedil;\u0130FTL\u0130K HABER\",\"isPartOf\":{\"@id\":\"https:\\\/\\\/e-ciftlik.com\\\/haberler\\\/#website\"},\"primaryImageOfPage\":{\"@id\":\"http:\\\/\\\/e-ciftlik.com\\\/haberler\\\/gundem\\\/irakin-kuzeyine-hava-harekati-37-hedef-imha-edildi\\\/#primaryimage\"},\"image\":{\"@id\":\"http:\\\/\\\/e-ciftlik.com\\\/haberler\\\/gundem\\\/irakin-kuzeyine-hava-harekati-37-hedef-imha-edildi\\\/#primaryimage\"},\"thumbnailUrl\":\"http:\\\/\\\/e-ciftlik.com\\\/haberler\\\/wp-content\\\/uploads\\\/2024\\\/07\\\/irakin-kuzeyine-hava-harekati-metina-gara-hakurk-kandil-ve-asosta-37-hedef-imha-edildi-1720035763495.jpg\",\"datePublished\":\"2024-07-04T07:19:07+00:00\",\"description\":\"Milli Savunma Bakanl\u0131\u011f\u0131, Irak'\u0131n kuzeyine d\u00fczenledi\u011fi hava harekat\u0131n\u0131 duyurdu. Irak kuzeyine yap\u0131lan hava harekat\u0131na ili\u015fkin yay\u0131nlanan videoda,\",\"breadcrumb\":{\"@id\":\"http:\\\/\\\/e-ciftlik.com\\\/haberler\\\/gundem\\\/irakin-kuzeyine-hava-harekati-37-hedef-imha-edildi\\\/#breadcrumb\"},\"inLanguage\":\"tr\",\"potentialAction\":[{\"@type\":\"ReadAction\",\"target\":[\"http:\\\/\\\/e-ciftlik.com\\\/haberler\\\/gundem\\\/irakin-kuzeyine-hava-harekati-37-hedef-imha-edildi\\\/\"]}]},{\"@type\":\"ImageObject\",\"inLanguage\":\"tr\",\"@id\":\"http:\\\/\\\/e-ciftlik.com\\\/haberler\\\/gundem\\\/irakin-kuzeyine-hava-harekati-37-hedef-imha-edildi\\\/#primaryimage\",\"url\":\"http:\\\/\\\/e-ciftlik.com\\\/haberler\\\/wp-content\\\/uploads\\\/2024\\\/07\\\/irakin-kuzeyine-hava-harekati-metina-gara-hakurk-kandil-ve-asosta-37-hedef-imha-edildi-1720035763495.jpg\",\"contentUrl\":\"http:\\\/\\\/e-ciftlik.com\\\/haberler\\\/wp-content\\\/uploads\\\/2024\\\/07\\\/irakin-kuzeyine-hava-harekati-metina-gara-hakurk-kandil-ve-asosta-37-hedef-imha-edildi-1720035763495.jpg\",\"width\":1200,\"height\":675},{\"@type\":\"BreadcrumbList\",\"@id\":\"http:\\\/\\\/e-ciftlik.com\\\/haberler\\\/gundem\\\/irakin-kuzeyine-hava-harekati-37-hedef-imha-edildi\\\/#breadcrumb\",\"itemListElement\":[{\"@type\":\"ListItem\",\"position\":1,\"name\":\"Anasayfa\",\"item\":\"https:\\\/\\\/e-ciftlik.com\\\/haberler\\\/\"},{\"@type\":\"ListItem\",\"position\":2,\"name\":\"Irak&#8217;\u0131n Kuzeyine Hava Harekat\u0131: 37 Hedef \u0130mha Edildi\"}]},{\"@type\":\"WebSite\",\"@id\":\"https:\\\/\\\/e-ciftlik.com\\\/haberler\\\/#website\",\"url\":\"https:\\\/\\\/e-ciftlik.com\\\/haberler\\\/\",\"name\":\"E-\u00c7iftlik Haber | G\u00fcncel, Son Dakika Haberler, En Son Haber\",\"description\":\"\",\"publisher\":{\"@id\":\"https:\\\/\\\/e-ciftlik.com\\\/haberler\\\/#organization\"},\"potentialAction\":[{\"@type\":\"SearchAction\",\"target\":{\"@type\":\"EntryPoint\",\"urlTemplate\":\"https:\\\/\\\/e-ciftlik.com\\\/haberler\\\/?s={search_term_string}\"},\"query-input\":{\"@type\":\"PropertyValueSpecification\",\"valueRequired\":true,\"valueName\":\"search_term_string\"}}],\"inLanguage\":\"tr\"},{\"@type\":\"Organization\",\"@id\":\"https:\\\/\\\/e-ciftlik.com\\\/haberler\\\/#organization\",\"name\":\"E-\u00c7\u0130FTL\u0130K HABER\",\"url\":\"https:\\\/\\\/e-ciftlik.com\\\/haberler\\\/\",\"logo\":{\"@type\":\"ImageObject\",\"inLanguage\":\"tr\",\"@id\":\"https:\\\/\\\/e-ciftlik.com\\\/haberler\\\/#\\\/schema\\\/logo\\\/image\\\/\",\"url\":\"http:\\\/\\\/e-ciftlik.com\\\/haberler\\\/wp-content\\\/uploads\\\/2024\\\/06\\\/cropped-cropped-favicon-1-2.png\",\"contentUrl\":\"http:\\\/\\\/e-ciftlik.com\\\/haberler\\\/wp-content\\\/uploads\\\/2024\\\/06\\\/cropped-cropped-favicon-1-2.png\",\"width\":512,\"height\":512,\"caption\":\"E-\u00c7\u0130FTL\u0130K HABER\"},\"image\":{\"@id\":\"https:\\\/\\\/e-ciftlik.com\\\/haberler\\\/#\\\/schema\\\/logo\\\/image\\\/\"},\"sameAs\":[\"https:\\\/\\\/www.facebook.com\\\/eciftlikturkiye\",\"https:\\\/\\\/x.com\\\/eciftlikresmi\",\"https:\\\/\\\/www.instagram.com\\\/eciftlikresmi\\\/\"]},{\"@type\":\"Person\",\"@id\":\"https:\\\/\\\/e-ciftlik.com\\\/haberler\\\/#\\\/schema\\\/person\\\/d2f4fee3143d7f72be82cb887d51b00a\",\"name\":\"Haber Merkezi\",\"image\":{\"@type\":\"ImageObject\",\"inLanguage\":\"tr\",\"@id\":\"https:\\\/\\\/secure.gravatar.com\\\/avatar\\\/6c27d641914e66c1d0452c92716002398782818991d86db1c2cccb531e7c7c82?s=96&d=mm&r=g\",\"url\":\"https:\\\/\\\/secure.gravatar.com\\\/avatar\\\/6c27d641914e66c1d0452c92716002398782818991d86db1c2cccb531e7c7c82?s=96&d=mm&r=g\",\"contentUrl\":\"https:\\\/\\\/secure.gravatar.com\\\/avatar\\\/6c27d641914e66c1d0452c92716002398782818991d86db1c2cccb531e7c7c82?s=96&d=mm&r=g\",\"caption\":\"Haber Merkezi\"},\"sameAs\":[\"http:\\\/\\\/e-ciftlik.com\\\/haberler\"]}]}<\/script>\n<!-- \/ Yoast SEO Premium plugin. -->","yoast_head_json":{"title":"Irak'\u0131n Kuzeyine Hava Harekat\u0131: 37 Hedef \u0130mha Edildi - E-&Ccedil;\u0130FTL\u0130K HABER","description":"Milli Savunma Bakanl\u0131\u011f\u0131, Irak'\u0131n kuzeyine d\u00fczenledi\u011fi hava harekat\u0131n\u0131 duyurdu. Irak kuzeyine yap\u0131lan hava harekat\u0131na ili\u015fkin yay\u0131nlanan videoda,","robots":{"index":"index","follow":"follow","max-snippet":"max-snippet:-1","max-image-preview":"max-image-preview:large","max-video-preview":"max-video-preview:-1"},"canonical":"http:\/\/e-ciftlik.com\/haberler\/gundem\/irakin-kuzeyine-hava-harekati-37-hedef-imha-edildi\/","og_locale":"tr_TR","og_type":"article","og_title":"Irak'\u0131n Kuzeyine Hava Harekat\u0131: 37 Hedef \u0130mha Edildi","og_description":"Milli Savunma Bakanl\u0131\u011f\u0131, Irak'\u0131n kuzeyine d\u00fczenledi\u011fi hava harekat\u0131n\u0131 duyurdu. Irak kuzeyine yap\u0131lan hava harekat\u0131na ili\u015fkin yay\u0131nlanan videoda,","og_url":"http:\/\/e-ciftlik.com\/haberler\/gundem\/irakin-kuzeyine-hava-harekati-37-hedef-imha-edildi\/","og_site_name":"E-&Ccedil;\u0130FTL\u0130K HABER","article_publisher":"https:\/\/www.facebook.com\/eciftlikturkiye","article_published_time":"2024-07-04T07:19:07+00:00","og_image":[{"width":1200,"height":675,"url":"http:\/\/e-ciftlik.com\/haberler\/wp-content\/uploads\/2024\/07\/irakin-kuzeyine-hava-harekati-metina-gara-hakurk-kandil-ve-asosta-37-hedef-imha-edildi-1720035763495.jpg","type":"image\/jpeg"}],"author":"Haber Merkezi","twitter_card":"summary_large_image","twitter_creator":"@eciftlikresmi","twitter_site":"@eciftlikresmi","twitter_misc":{"Yazan:":"Haber Merkezi","Tahmini okuma s\u00fcresi":"1 dakika"},"schema":{"@context":"https:\/\/schema.org","@graph":[{"@type":"NewsArticle","@id":"http:\/\/e-ciftlik.com\/haberler\/gundem\/irakin-kuzeyine-hava-harekati-37-hedef-imha-edildi\/#article","isPartOf":{"@id":"http:\/\/e-ciftlik.com\/haberler\/gundem\/irakin-kuzeyine-hava-harekati-37-hedef-imha-edildi\/"},"author":{"name":"Haber Merkezi","@id":"https:\/\/e-ciftlik.com\/haberler\/#\/schema\/person\/d2f4fee3143d7f72be82cb887d51b00a"},"headline":"Irak&#8217;\u0131n Kuzeyine Hava Harekat\u0131: 37 Hedef \u0130mha Edildi","datePublished":"2024-07-04T07:19:07+00:00","mainEntityOfPage":{"@id":"http:\/\/e-ciftlik.com\/haberler\/gundem\/irakin-kuzeyine-hava-harekati-37-hedef-imha-edildi\/"},"wordCount":204,"commentCount":0,"publisher":{"@id":"https:\/\/e-ciftlik.com\/haberler\/#organization"},"image":{"@id":"http:\/\/e-ciftlik.com\/haberler\/gundem\/irakin-kuzeyine-hava-harekati-37-hedef-imha-edildi\/#primaryimage"},"thumbnailUrl":"http:\/\/e-ciftlik.com\/haberler\/wp-content\/uploads\/2024\/07\/irakin-kuzeyine-hava-harekati-metina-gara-hakurk-kandil-ve-asosta-37-hedef-imha-edildi-1720035763495.jpg","articleSection":["G\u00fcndem"],"inLanguage":"tr","potentialAction":[{"@type":"CommentAction","name":"Comment","target":["http:\/\/e-ciftlik.com\/haberler\/gundem\/irakin-kuzeyine-hava-harekati-37-hedef-imha-edildi\/#respond"]}]},{"@type":"WebPage","@id":"http:\/\/e-ciftlik.com\/haberler\/gundem\/irakin-kuzeyine-hava-harekati-37-hedef-imha-edildi\/","url":"http:\/\/e-ciftlik.com\/haberler\/gundem\/irakin-kuzeyine-hava-harekati-37-hedef-imha-edildi\/","name":"Irak'\u0131n Kuzeyine Hava Harekat\u0131: 37 Hedef \u0130mha Edildi - E-&Ccedil;\u0130FTL\u0130K HABER","isPartOf":{"@id":"https:\/\/e-ciftlik.com\/haberler\/#website"},"primaryImageOfPage":{"@id":"http:\/\/e-ciftlik.com\/haberler\/gundem\/irakin-kuzeyine-hava-harekati-37-hedef-imha-edildi\/#primaryimage"},"image":{"@id":"http:\/\/e-ciftlik.com\/haberler\/gundem\/irakin-kuzeyine-hava-harekati-37-hedef-imha-edildi\/#primaryimage"},"thumbnailUrl":"http:\/\/e-ciftlik.com\/haberler\/wp-content\/uploads\/2024\/07\/irakin-kuzeyine-hava-harekati-metina-gara-hakurk-kandil-ve-asosta-37-hedef-imha-edildi-1720035763495.jpg","datePublished":"2024-07-04T07:19:07+00:00","description":"Milli Savunma Bakanl\u0131\u011f\u0131, Irak'\u0131n kuzeyine d\u00fczenledi\u011fi hava harekat\u0131n\u0131 duyurdu. Irak kuzeyine yap\u0131lan hava harekat\u0131na ili\u015fkin yay\u0131nlanan videoda,","breadcrumb":{"@id":"http:\/\/e-ciftlik.com\/haberler\/gundem\/irakin-kuzeyine-hava-harekati-37-hedef-imha-edildi\/#breadcrumb"},"inLanguage":"tr","potentialAction":[{"@type":"ReadAction","target":["http:\/\/e-ciftlik.com\/haberler\/gundem\/irakin-kuzeyine-hava-harekati-37-hedef-imha-edildi\/"]}]},{"@type":"ImageObject","inLanguage":"tr","@id":"http:\/\/e-ciftlik.com\/haberler\/gundem\/irakin-kuzeyine-hava-harekati-37-hedef-imha-edildi\/#primaryimage","url":"http:\/\/e-ciftlik.com\/haberler\/wp-content\/uploads\/2024\/07\/irakin-kuzeyine-hava-harekati-metina-gara-hakurk-kandil-ve-asosta-37-hedef-imha-edildi-1720035763495.jpg","contentUrl":"http:\/\/e-ciftlik.com\/haberler\/wp-content\/uploads\/2024\/07\/irakin-kuzeyine-hava-harekati-metina-gara-hakurk-kandil-ve-asosta-37-hedef-imha-edildi-1720035763495.jpg","width":1200,"height":675},{"@type":"BreadcrumbList","@id":"http:\/\/e-ciftlik.com\/haberler\/gundem\/irakin-kuzeyine-hava-harekati-37-hedef-imha-edildi\/#breadcrumb","itemListElement":[{"@type":"ListItem","position":1,"name":"Anasayfa","item":"https:\/\/e-ciftlik.com\/haberler\/"},{"@type":"ListItem","position":2,"name":"Irak&#8217;\u0131n Kuzeyine Hava Harekat\u0131: 37 Hedef \u0130mha Edildi"}]},{"@type":"WebSite","@id":"https:\/\/e-ciftlik.com\/haberler\/#website","url":"https:\/\/e-ciftlik.com\/haberler\/","name":"E-\u00c7iftlik Haber | G\u00fcncel, Son Dakika Haberler, En Son Haber","description":"","publisher":{"@id":"https:\/\/e-ciftlik.com\/haberler\/#organization"},"potentialAction":[{"@type":"SearchAction","target":{"@type":"EntryPoint","urlTemplate":"https:\/\/e-ciftlik.com\/haberler\/?s={search_term_string}"},"query-input":{"@type":"PropertyValueSpecification","valueRequired":true,"valueName":"search_term_string"}}],"inLanguage":"tr"},{"@type":"Organization","@id":"https:\/\/e-ciftlik.com\/haberler\/#organization","name":"E-\u00c7\u0130FTL\u0130K HABER","url":"https:\/\/e-ciftlik.com\/haberler\/","logo":{"@type":"ImageObject","inLanguage":"tr","@id":"https:\/\/e-ciftlik.com\/haberler\/#\/schema\/logo\/image\/","url":"http:\/\/e-ciftlik.com\/haberler\/wp-content\/uploads\/2024\/06\/cropped-cropped-favicon-1-2.png","contentUrl":"http:\/\/e-ciftlik.com\/haberler\/wp-content\/uploads\/2024\/06\/cropped-cropped-favicon-1-2.png","width":512,"height":512,"caption":"E-\u00c7\u0130FTL\u0130K HABER"},"image":{"@id":"https:\/\/e-ciftlik.com\/haberler\/#\/schema\/logo\/image\/"},"sameAs":["https:\/\/www.facebook.com\/eciftlikturkiye","https:\/\/x.com\/eciftlikresmi","https:\/\/www.instagram.com\/eciftlikresmi\/"]},{"@type":"Person","@id":"https:\/\/e-ciftlik.com\/haberler\/#\/schema\/person\/d2f4fee3143d7f72be82cb887d51b00a","name":"Haber Merkezi","image":{"@type":"ImageObject","inLanguage":"tr","@id":"https:\/\/secure.gravatar.com\/avatar\/6c27d641914e66c1d0452c92716002398782818991d86db1c2cccb531e7c7c82?s=96&d=mm&r=g","url":"https:\/\/secure.gravatar.com\/avatar\/6c27d641914e66c1d0452c92716002398782818991d86db1c2cccb531e7c7c82?s=96&d=mm&r=g","contentUrl":"https:\/\/secure.gravatar.com\/avatar\/6c27d641914e66c1d0452c92716002398782818991d86db1c2cccb531e7c7c82?s=96&d=mm&r=g","caption":"Haber Merkezi"},"sameAs":["http:\/\/e-ciftlik.com\/haberler"]}]}},"_links":{"self":[{"href":"http:\/\/e-ciftlik.com\/haberler\/wp-json\/wp\/v2\/posts\/9198","targetHints":{"allow":["GET"]}}],"collection":[{"href":"http:\/\/e-ciftlik.com\/haberler\/wp-json\/wp\/v2\/posts"}],"about":[{"href":"http:\/\/e-ciftlik.com\/haberler\/wp-json\/wp\/v2\/types\/post"}],"author":[{"embeddable":true,"href":"http:\/\/e-ciftlik.com\/haberler\/wp-json\/wp\/v2\/users\/1"}],"replies":[{"embeddable":true,"href":"http:\/\/e-ciftlik.com\/haberler\/wp-json\/wp\/v2\/comments?post=9198"}],"version-history":[{"count":0,"href":"http:\/\/e-ciftlik.com\/haberler\/wp-json\/wp\/v2\/posts\/9198\/revisions"}],"wp:featuredmedia":[{"embeddable":true,"href":"http:\/\/e-ciftlik.com\/haberler\/wp-json\/wp\/v2\/media\/9199"}],"wp:attachment":[{"href":"http:\/\/e-ciftlik.com\/haberler\/wp-json\/wp\/v2\/media?parent=9198"}],"wp:term":[{"taxonomy":"category","embeddable":true,"href":"http:\/\/e-ciftlik.com\/haberler\/wp-json\/wp\/v2\/categories?post=9198"},{"taxonomy":"post_tag","embeddable":true,"href":"http:\/\/e-ciftlik.com\/haberler\/wp-json\/wp\/v2\/tags?post=9198"}],"curies":[{"name":"wp","href":"https:\/\/api.w.org\/{rel}","templated":true}]}}