{"id":9200,"date":"2024-07-04T07:21:41","date_gmt":"2024-07-04T07:21:41","guid":{"rendered":"https:\/\/e-ciftlik.com\/haberler\/spor\/ferdi-kadioglu-tek-basina-parliyor\/"},"modified":"2024-07-04T07:21:41","modified_gmt":"2024-07-04T07:21:41","slug":"ferdi-kadioglu-tek-basina-parliyor","status":"publish","type":"post","link":"http:\/\/e-ciftlik.com\/haberler\/spor\/ferdi-kadioglu-tek-basina-parliyor\/","title":{"rendered":"Ferdi Kad\u0131o\u011flu: Tek Ba\u015f\u0131na Parl\u0131yor"},"content":{"rendered":"<p><img decoding=\"async\" src=\"https:\/\/im.haberturk.com\/l\/2024\/07\/03\/ver1720010927\/3700053\/jpg\/1280x1280\" \/><\/p>\n<p>A Milli Tak\u0131m&#8217;\u0131n kat\u0131ld\u0131\u011f\u0131 2024 Avrupa \u015eampiyonas\u0131&#8217;nda dikkat \u00e7eken isimlerden biri olan Ferdi Kad\u0131o\u011flu, elde etti\u011fi istatistiklerle \u00f6ne \u00e7\u0131kt\u0131. Turnuvada 5 ve \u00fczerinde ikili m\u00fccadele kazanan (28), \u015fut pas\u0131 veren (11), \u00e7al\u0131m atan (5), top kapan (10) ve pas aras\u0131 yapan (7) Ferdi Kad\u0131o\u011flu, bu kategorilerde en iyi performans\u0131 sergileyen tek futbolcu oldu.<\/p>\n","protected":false},"excerpt":{"rendered":"<p>A Milli Tak\u0131m&#8217;\u0131n kat\u0131ld\u0131\u011f\u0131 2024 Avrupa \u015eampiyonas\u0131&#8217;nda dikkat \u00e7eken isimlerden biri olan Ferdi Kad\u0131o\u011flu, elde&hellip;<\/p>\n","protected":false},"author":1,"featured_media":9201,"comment_status":"open","ping_status":"open","sticky":false,"template":"","format":"standard","meta":{"footnotes":""},"categories":[7],"tags":[],"class_list":["post-9200","post","type-post","status-publish","format-standard","has-post-thumbnail","hentry","category-spor"],"yoast_head":"<!-- This site is optimized with the Yoast SEO Premium plugin v24.3 (Yoast SEO v27.4) - https:\/\/yoast.com\/product\/yoast-seo-premium-wordpress\/ -->\n<title>Ferdi Kad\u0131o\u011flu: Tek Ba\u015f\u0131na Parl\u0131yor - E-&Ccedil;\u0130FTL\u0130K HABER<\/title>\n<meta name=\"description\" content=\"A Milli Tak\u0131m&#039;\u0131n kat\u0131ld\u0131\u011f\u0131 2024 Avrupa \u015eampiyonas\u0131&#039;nda dikkat \u00e7eken isimlerden biri olan Ferdi Kad\u0131o\u011flu, elde etti\u011fi istatistiklerle \u00f6ne \u00e7\u0131kt\u0131. Turnuvada\" \/>\n<meta name=\"robots\" content=\"index, follow, max-snippet:-1, max-image-preview:large, max-video-preview:-1\" \/>\n<link rel=\"canonical\" href=\"http:\/\/e-ciftlik.com\/haberler\/spor\/ferdi-kadioglu-tek-basina-parliyor\/\" \/>\n<meta property=\"og:locale\" content=\"tr_TR\" \/>\n<meta property=\"og:type\" content=\"article\" \/>\n<meta property=\"og:title\" content=\"Ferdi Kad\u0131o\u011flu: Tek Ba\u015f\u0131na Parl\u0131yor\" \/>\n<meta property=\"og:description\" content=\"A Milli Tak\u0131m&#039;\u0131n kat\u0131ld\u0131\u011f\u0131 2024 Avrupa \u015eampiyonas\u0131&#039;nda dikkat \u00e7eken isimlerden biri olan Ferdi Kad\u0131o\u011flu, elde etti\u011fi istatistiklerle \u00f6ne \u00e7\u0131kt\u0131. Turnuvada\" \/>\n<meta property=\"og:url\" content=\"http:\/\/e-ciftlik.com\/haberler\/spor\/ferdi-kadioglu-tek-basina-parliyor\/\" \/>\n<meta property=\"og:site_name\" content=\"E-&Ccedil;\u0130FTL\u0130K HABER\" \/>\n<meta property=\"article:publisher\" content=\"https:\/\/www.facebook.com\/eciftlikturkiye\" \/>\n<meta property=\"article:published_time\" content=\"2024-07-04T07:21:41+00:00\" \/>\n<meta property=\"og:image\" content=\"http:\/\/e-ciftlik.com\/haberler\/wp-content\/uploads\/2024\/07\/1720077705_1200x628.jpeg\" \/>\n\t<meta property=\"og:image:width\" content=\"1200\" \/>\n\t<meta property=\"og:image:height\" content=\"628\" \/>\n\t<meta property=\"og:image:type\" content=\"image\/jpeg\" \/>\n<meta name=\"author\" content=\"Haber Merkezi\" \/>\n<meta name=\"twitter:card\" content=\"summary_large_image\" \/>\n<meta name=\"twitter:creator\" content=\"@eciftlikresmi\" \/>\n<meta name=\"twitter:site\" content=\"@eciftlikresmi\" \/>\n<meta name=\"twitter:label1\" content=\"Yazan:\" \/>\n\t<meta name=\"twitter:data1\" content=\"Haber Merkezi\" \/>\n<script type=\"application\/ld+json\" class=\"yoast-schema-graph\">{\"@context\":\"https:\\\/\\\/schema.org\",\"@graph\":[{\"@type\":\"NewsArticle\",\"@id\":\"http:\\\/\\\/e-ciftlik.com\\\/haberler\\\/spor\\\/ferdi-kadioglu-tek-basina-parliyor\\\/#article\",\"isPartOf\":{\"@id\":\"http:\\\/\\\/e-ciftlik.com\\\/haberler\\\/spor\\\/ferdi-kadioglu-tek-basina-parliyor\\\/\"},\"author\":{\"name\":\"Haber Merkezi\",\"@id\":\"https:\\\/\\\/e-ciftlik.com\\\/haberler\\\/#\\\/schema\\\/person\\\/d2f4fee3143d7f72be82cb887d51b00a\"},\"headline\":\"Ferdi Kad\u0131o\u011flu: Tek Ba\u015f\u0131na Parl\u0131yor\",\"datePublished\":\"2024-07-04T07:21:41+00:00\",\"mainEntityOfPage\":{\"@id\":\"http:\\\/\\\/e-ciftlik.com\\\/haberler\\\/spor\\\/ferdi-kadioglu-tek-basina-parliyor\\\/\"},\"wordCount\":66,\"commentCount\":0,\"publisher\":{\"@id\":\"https:\\\/\\\/e-ciftlik.com\\\/haberler\\\/#organization\"},\"image\":{\"@id\":\"http:\\\/\\\/e-ciftlik.com\\\/haberler\\\/spor\\\/ferdi-kadioglu-tek-basina-parliyor\\\/#primaryimage\"},\"thumbnailUrl\":\"http:\\\/\\\/e-ciftlik.com\\\/haberler\\\/wp-content\\\/uploads\\\/2024\\\/07\\\/1720077705_1200x628.jpeg\",\"articleSection\":[\"Spor\"],\"inLanguage\":\"tr\",\"potentialAction\":[{\"@type\":\"CommentAction\",\"name\":\"Comment\",\"target\":[\"http:\\\/\\\/e-ciftlik.com\\\/haberler\\\/spor\\\/ferdi-kadioglu-tek-basina-parliyor\\\/#respond\"]}]},{\"@type\":\"WebPage\",\"@id\":\"http:\\\/\\\/e-ciftlik.com\\\/haberler\\\/spor\\\/ferdi-kadioglu-tek-basina-parliyor\\\/\",\"url\":\"http:\\\/\\\/e-ciftlik.com\\\/haberler\\\/spor\\\/ferdi-kadioglu-tek-basina-parliyor\\\/\",\"name\":\"Ferdi Kad\u0131o\u011flu: Tek Ba\u015f\u0131na Parl\u0131yor - E-&Ccedil;\u0130FTL\u0130K HABER\",\"isPartOf\":{\"@id\":\"https:\\\/\\\/e-ciftlik.com\\\/haberler\\\/#website\"},\"primaryImageOfPage\":{\"@id\":\"http:\\\/\\\/e-ciftlik.com\\\/haberler\\\/spor\\\/ferdi-kadioglu-tek-basina-parliyor\\\/#primaryimage\"},\"image\":{\"@id\":\"http:\\\/\\\/e-ciftlik.com\\\/haberler\\\/spor\\\/ferdi-kadioglu-tek-basina-parliyor\\\/#primaryimage\"},\"thumbnailUrl\":\"http:\\\/\\\/e-ciftlik.com\\\/haberler\\\/wp-content\\\/uploads\\\/2024\\\/07\\\/1720077705_1200x628.jpeg\",\"datePublished\":\"2024-07-04T07:21:41+00:00\",\"description\":\"A Milli Tak\u0131m'\u0131n kat\u0131ld\u0131\u011f\u0131 2024 Avrupa \u015eampiyonas\u0131'nda dikkat \u00e7eken isimlerden biri olan Ferdi Kad\u0131o\u011flu, elde etti\u011fi istatistiklerle \u00f6ne \u00e7\u0131kt\u0131. Turnuvada\",\"breadcrumb\":{\"@id\":\"http:\\\/\\\/e-ciftlik.com\\\/haberler\\\/spor\\\/ferdi-kadioglu-tek-basina-parliyor\\\/#breadcrumb\"},\"inLanguage\":\"tr\",\"potentialAction\":[{\"@type\":\"ReadAction\",\"target\":[\"http:\\\/\\\/e-ciftlik.com\\\/haberler\\\/spor\\\/ferdi-kadioglu-tek-basina-parliyor\\\/\"]}]},{\"@type\":\"ImageObject\",\"inLanguage\":\"tr\",\"@id\":\"http:\\\/\\\/e-ciftlik.com\\\/haberler\\\/spor\\\/ferdi-kadioglu-tek-basina-parliyor\\\/#primaryimage\",\"url\":\"http:\\\/\\\/e-ciftlik.com\\\/haberler\\\/wp-content\\\/uploads\\\/2024\\\/07\\\/1720077705_1200x628.jpeg\",\"contentUrl\":\"http:\\\/\\\/e-ciftlik.com\\\/haberler\\\/wp-content\\\/uploads\\\/2024\\\/07\\\/1720077705_1200x628.jpeg\",\"width\":1200,\"height\":628},{\"@type\":\"BreadcrumbList\",\"@id\":\"http:\\\/\\\/e-ciftlik.com\\\/haberler\\\/spor\\\/ferdi-kadioglu-tek-basina-parliyor\\\/#breadcrumb\",\"itemListElement\":[{\"@type\":\"ListItem\",\"position\":1,\"name\":\"Anasayfa\",\"item\":\"https:\\\/\\\/e-ciftlik.com\\\/haberler\\\/\"},{\"@type\":\"ListItem\",\"position\":2,\"name\":\"Ferdi Kad\u0131o\u011flu: Tek Ba\u015f\u0131na Parl\u0131yor\"}]},{\"@type\":\"WebSite\",\"@id\":\"https:\\\/\\\/e-ciftlik.com\\\/haberler\\\/#website\",\"url\":\"https:\\\/\\\/e-ciftlik.com\\\/haberler\\\/\",\"name\":\"E-\u00c7iftlik Haber | G\u00fcncel, Son Dakika Haberler, En Son Haber\",\"description\":\"\",\"publisher\":{\"@id\":\"https:\\\/\\\/e-ciftlik.com\\\/haberler\\\/#organization\"},\"potentialAction\":[{\"@type\":\"SearchAction\",\"target\":{\"@type\":\"EntryPoint\",\"urlTemplate\":\"https:\\\/\\\/e-ciftlik.com\\\/haberler\\\/?s={search_term_string}\"},\"query-input\":{\"@type\":\"PropertyValueSpecification\",\"valueRequired\":true,\"valueName\":\"search_term_string\"}}],\"inLanguage\":\"tr\"},{\"@type\":\"Organization\",\"@id\":\"https:\\\/\\\/e-ciftlik.com\\\/haberler\\\/#organization\",\"name\":\"E-\u00c7\u0130FTL\u0130K HABER\",\"url\":\"https:\\\/\\\/e-ciftlik.com\\\/haberler\\\/\",\"logo\":{\"@type\":\"ImageObject\",\"inLanguage\":\"tr\",\"@id\":\"https:\\\/\\\/e-ciftlik.com\\\/haberler\\\/#\\\/schema\\\/logo\\\/image\\\/\",\"url\":\"http:\\\/\\\/e-ciftlik.com\\\/haberler\\\/wp-content\\\/uploads\\\/2024\\\/06\\\/cropped-cropped-favicon-1-2.png\",\"contentUrl\":\"http:\\\/\\\/e-ciftlik.com\\\/haberler\\\/wp-content\\\/uploads\\\/2024\\\/06\\\/cropped-cropped-favicon-1-2.png\",\"width\":512,\"height\":512,\"caption\":\"E-\u00c7\u0130FTL\u0130K HABER\"},\"image\":{\"@id\":\"https:\\\/\\\/e-ciftlik.com\\\/haberler\\\/#\\\/schema\\\/logo\\\/image\\\/\"},\"sameAs\":[\"https:\\\/\\\/www.facebook.com\\\/eciftlikturkiye\",\"https:\\\/\\\/x.com\\\/eciftlikresmi\",\"https:\\\/\\\/www.instagram.com\\\/eciftlikresmi\\\/\"]},{\"@type\":\"Person\",\"@id\":\"https:\\\/\\\/e-ciftlik.com\\\/haberler\\\/#\\\/schema\\\/person\\\/d2f4fee3143d7f72be82cb887d51b00a\",\"name\":\"Haber Merkezi\",\"image\":{\"@type\":\"ImageObject\",\"inLanguage\":\"tr\",\"@id\":\"https:\\\/\\\/secure.gravatar.com\\\/avatar\\\/6c27d641914e66c1d0452c92716002398782818991d86db1c2cccb531e7c7c82?s=96&d=mm&r=g\",\"url\":\"https:\\\/\\\/secure.gravatar.com\\\/avatar\\\/6c27d641914e66c1d0452c92716002398782818991d86db1c2cccb531e7c7c82?s=96&d=mm&r=g\",\"contentUrl\":\"https:\\\/\\\/secure.gravatar.com\\\/avatar\\\/6c27d641914e66c1d0452c92716002398782818991d86db1c2cccb531e7c7c82?s=96&d=mm&r=g\",\"caption\":\"Haber Merkezi\"},\"sameAs\":[\"http:\\\/\\\/e-ciftlik.com\\\/haberler\"]}]}<\/script>\n<!-- \/ Yoast SEO Premium plugin. -->","yoast_head_json":{"title":"Ferdi Kad\u0131o\u011flu: Tek Ba\u015f\u0131na Parl\u0131yor - E-&Ccedil;\u0130FTL\u0130K HABER","description":"A Milli Tak\u0131m'\u0131n kat\u0131ld\u0131\u011f\u0131 2024 Avrupa \u015eampiyonas\u0131'nda dikkat \u00e7eken isimlerden biri olan Ferdi Kad\u0131o\u011flu, elde etti\u011fi istatistiklerle \u00f6ne \u00e7\u0131kt\u0131. Turnuvada","robots":{"index":"index","follow":"follow","max-snippet":"max-snippet:-1","max-image-preview":"max-image-preview:large","max-video-preview":"max-video-preview:-1"},"canonical":"http:\/\/e-ciftlik.com\/haberler\/spor\/ferdi-kadioglu-tek-basina-parliyor\/","og_locale":"tr_TR","og_type":"article","og_title":"Ferdi Kad\u0131o\u011flu: Tek Ba\u015f\u0131na Parl\u0131yor","og_description":"A Milli Tak\u0131m'\u0131n kat\u0131ld\u0131\u011f\u0131 2024 Avrupa \u015eampiyonas\u0131'nda dikkat \u00e7eken isimlerden biri olan Ferdi Kad\u0131o\u011flu, elde etti\u011fi istatistiklerle \u00f6ne \u00e7\u0131kt\u0131. Turnuvada","og_url":"http:\/\/e-ciftlik.com\/haberler\/spor\/ferdi-kadioglu-tek-basina-parliyor\/","og_site_name":"E-&Ccedil;\u0130FTL\u0130K HABER","article_publisher":"https:\/\/www.facebook.com\/eciftlikturkiye","article_published_time":"2024-07-04T07:21:41+00:00","og_image":[{"width":1200,"height":628,"url":"http:\/\/e-ciftlik.com\/haberler\/wp-content\/uploads\/2024\/07\/1720077705_1200x628.jpeg","type":"image\/jpeg"}],"author":"Haber Merkezi","twitter_card":"summary_large_image","twitter_creator":"@eciftlikresmi","twitter_site":"@eciftlikresmi","twitter_misc":{"Yazan:":"Haber Merkezi"},"schema":{"@context":"https:\/\/schema.org","@graph":[{"@type":"NewsArticle","@id":"http:\/\/e-ciftlik.com\/haberler\/spor\/ferdi-kadioglu-tek-basina-parliyor\/#article","isPartOf":{"@id":"http:\/\/e-ciftlik.com\/haberler\/spor\/ferdi-kadioglu-tek-basina-parliyor\/"},"author":{"name":"Haber Merkezi","@id":"https:\/\/e-ciftlik.com\/haberler\/#\/schema\/person\/d2f4fee3143d7f72be82cb887d51b00a"},"headline":"Ferdi Kad\u0131o\u011flu: Tek Ba\u015f\u0131na Parl\u0131yor","datePublished":"2024-07-04T07:21:41+00:00","mainEntityOfPage":{"@id":"http:\/\/e-ciftlik.com\/haberler\/spor\/ferdi-kadioglu-tek-basina-parliyor\/"},"wordCount":66,"commentCount":0,"publisher":{"@id":"https:\/\/e-ciftlik.com\/haberler\/#organization"},"image":{"@id":"http:\/\/e-ciftlik.com\/haberler\/spor\/ferdi-kadioglu-tek-basina-parliyor\/#primaryimage"},"thumbnailUrl":"http:\/\/e-ciftlik.com\/haberler\/wp-content\/uploads\/2024\/07\/1720077705_1200x628.jpeg","articleSection":["Spor"],"inLanguage":"tr","potentialAction":[{"@type":"CommentAction","name":"Comment","target":["http:\/\/e-ciftlik.com\/haberler\/spor\/ferdi-kadioglu-tek-basina-parliyor\/#respond"]}]},{"@type":"WebPage","@id":"http:\/\/e-ciftlik.com\/haberler\/spor\/ferdi-kadioglu-tek-basina-parliyor\/","url":"http:\/\/e-ciftlik.com\/haberler\/spor\/ferdi-kadioglu-tek-basina-parliyor\/","name":"Ferdi Kad\u0131o\u011flu: Tek Ba\u015f\u0131na Parl\u0131yor - E-&Ccedil;\u0130FTL\u0130K HABER","isPartOf":{"@id":"https:\/\/e-ciftlik.com\/haberler\/#website"},"primaryImageOfPage":{"@id":"http:\/\/e-ciftlik.com\/haberler\/spor\/ferdi-kadioglu-tek-basina-parliyor\/#primaryimage"},"image":{"@id":"http:\/\/e-ciftlik.com\/haberler\/spor\/ferdi-kadioglu-tek-basina-parliyor\/#primaryimage"},"thumbnailUrl":"http:\/\/e-ciftlik.com\/haberler\/wp-content\/uploads\/2024\/07\/1720077705_1200x628.jpeg","datePublished":"2024-07-04T07:21:41+00:00","description":"A Milli Tak\u0131m'\u0131n kat\u0131ld\u0131\u011f\u0131 2024 Avrupa \u015eampiyonas\u0131'nda dikkat \u00e7eken isimlerden biri olan Ferdi Kad\u0131o\u011flu, elde etti\u011fi istatistiklerle \u00f6ne \u00e7\u0131kt\u0131. Turnuvada","breadcrumb":{"@id":"http:\/\/e-ciftlik.com\/haberler\/spor\/ferdi-kadioglu-tek-basina-parliyor\/#breadcrumb"},"inLanguage":"tr","potentialAction":[{"@type":"ReadAction","target":["http:\/\/e-ciftlik.com\/haberler\/spor\/ferdi-kadioglu-tek-basina-parliyor\/"]}]},{"@type":"ImageObject","inLanguage":"tr","@id":"http:\/\/e-ciftlik.com\/haberler\/spor\/ferdi-kadioglu-tek-basina-parliyor\/#primaryimage","url":"http:\/\/e-ciftlik.com\/haberler\/wp-content\/uploads\/2024\/07\/1720077705_1200x628.jpeg","contentUrl":"http:\/\/e-ciftlik.com\/haberler\/wp-content\/uploads\/2024\/07\/1720077705_1200x628.jpeg","width":1200,"height":628},{"@type":"BreadcrumbList","@id":"http:\/\/e-ciftlik.com\/haberler\/spor\/ferdi-kadioglu-tek-basina-parliyor\/#breadcrumb","itemListElement":[{"@type":"ListItem","position":1,"name":"Anasayfa","item":"https:\/\/e-ciftlik.com\/haberler\/"},{"@type":"ListItem","position":2,"name":"Ferdi Kad\u0131o\u011flu: Tek Ba\u015f\u0131na Parl\u0131yor"}]},{"@type":"WebSite","@id":"https:\/\/e-ciftlik.com\/haberler\/#website","url":"https:\/\/e-ciftlik.com\/haberler\/","name":"E-\u00c7iftlik Haber | G\u00fcncel, Son Dakika Haberler, En Son Haber","description":"","publisher":{"@id":"https:\/\/e-ciftlik.com\/haberler\/#organization"},"potentialAction":[{"@type":"SearchAction","target":{"@type":"EntryPoint","urlTemplate":"https:\/\/e-ciftlik.com\/haberler\/?s={search_term_string}"},"query-input":{"@type":"PropertyValueSpecification","valueRequired":true,"valueName":"search_term_string"}}],"inLanguage":"tr"},{"@type":"Organization","@id":"https:\/\/e-ciftlik.com\/haberler\/#organization","name":"E-\u00c7\u0130FTL\u0130K HABER","url":"https:\/\/e-ciftlik.com\/haberler\/","logo":{"@type":"ImageObject","inLanguage":"tr","@id":"https:\/\/e-ciftlik.com\/haberler\/#\/schema\/logo\/image\/","url":"http:\/\/e-ciftlik.com\/haberler\/wp-content\/uploads\/2024\/06\/cropped-cropped-favicon-1-2.png","contentUrl":"http:\/\/e-ciftlik.com\/haberler\/wp-content\/uploads\/2024\/06\/cropped-cropped-favicon-1-2.png","width":512,"height":512,"caption":"E-\u00c7\u0130FTL\u0130K HABER"},"image":{"@id":"https:\/\/e-ciftlik.com\/haberler\/#\/schema\/logo\/image\/"},"sameAs":["https:\/\/www.facebook.com\/eciftlikturkiye","https:\/\/x.com\/eciftlikresmi","https:\/\/www.instagram.com\/eciftlikresmi\/"]},{"@type":"Person","@id":"https:\/\/e-ciftlik.com\/haberler\/#\/schema\/person\/d2f4fee3143d7f72be82cb887d51b00a","name":"Haber Merkezi","image":{"@type":"ImageObject","inLanguage":"tr","@id":"https:\/\/secure.gravatar.com\/avatar\/6c27d641914e66c1d0452c92716002398782818991d86db1c2cccb531e7c7c82?s=96&d=mm&r=g","url":"https:\/\/secure.gravatar.com\/avatar\/6c27d641914e66c1d0452c92716002398782818991d86db1c2cccb531e7c7c82?s=96&d=mm&r=g","contentUrl":"https:\/\/secure.gravatar.com\/avatar\/6c27d641914e66c1d0452c92716002398782818991d86db1c2cccb531e7c7c82?s=96&d=mm&r=g","caption":"Haber Merkezi"},"sameAs":["http:\/\/e-ciftlik.com\/haberler"]}]}},"_links":{"self":[{"href":"http:\/\/e-ciftlik.com\/haberler\/wp-json\/wp\/v2\/posts\/9200","targetHints":{"allow":["GET"]}}],"collection":[{"href":"http:\/\/e-ciftlik.com\/haberler\/wp-json\/wp\/v2\/posts"}],"about":[{"href":"http:\/\/e-ciftlik.com\/haberler\/wp-json\/wp\/v2\/types\/post"}],"author":[{"embeddable":true,"href":"http:\/\/e-ciftlik.com\/haberler\/wp-json\/wp\/v2\/users\/1"}],"replies":[{"embeddable":true,"href":"http:\/\/e-ciftlik.com\/haberler\/wp-json\/wp\/v2\/comments?post=9200"}],"version-history":[{"count":0,"href":"http:\/\/e-ciftlik.com\/haberler\/wp-json\/wp\/v2\/posts\/9200\/revisions"}],"wp:featuredmedia":[{"embeddable":true,"href":"http:\/\/e-ciftlik.com\/haberler\/wp-json\/wp\/v2\/media\/9201"}],"wp:attachment":[{"href":"http:\/\/e-ciftlik.com\/haberler\/wp-json\/wp\/v2\/media?parent=9200"}],"wp:term":[{"taxonomy":"category","embeddable":true,"href":"http:\/\/e-ciftlik.com\/haberler\/wp-json\/wp\/v2\/categories?post=9200"},{"taxonomy":"post_tag","embeddable":true,"href":"http:\/\/e-ciftlik.com\/haberler\/wp-json\/wp\/v2\/tags?post=9200"}],"curies":[{"name":"wp","href":"https:\/\/api.w.org\/{rel}","templated":true}]}}