{"id":9361,"date":"2024-07-04T07:57:00","date_gmt":"2024-07-04T07:57:00","guid":{"rendered":"https:\/\/e-ciftlik.com\/haberler\/tarim\/aksarayda-tarlada-cikan-yangin-sonduruldu\/"},"modified":"2024-07-04T07:57:00","modified_gmt":"2024-07-04T07:57:00","slug":"aksarayda-tarlada-cikan-yangin-sonduruldu","status":"publish","type":"post","link":"http:\/\/e-ciftlik.com\/haberler\/tarim\/aksarayda-tarlada-cikan-yangin-sonduruldu\/","title":{"rendered":"Aksaray&#8217;da Tarlada \u00c7\u0131kan Yang\u0131n S\u00f6nd\u00fcr\u00fcld\u00fc"},"content":{"rendered":"<p>Aksaray&#8217;da Bu\u011fday ve Arpa Ekili Tarlada \u00c7\u0131kan Yang\u0131n S\u00f6nd\u00fcr\u00fcld\u00fc<\/p>\n<p>Aksaray&#8217;da, merkeze ba\u011fl\u0131 Yanyurt k\u00f6y\u00fcnde arpa ekili tarlada hen\u00fcz belirlenemeyen bir nedenle yang\u0131n \u00e7\u0131kt\u0131. R\u00fczgar\u0131n etkisiyle yay\u0131lan yang\u0131n, bu\u011fday ekili tarlalara da s\u0131\u00e7rad\u0131. \u0130hbar \u00fczerine b\u00f6lgeye gelen Aksaray Belediyesi itfaiye ekipleri taraf\u0131ndan yang\u0131n s\u00f6nd\u00fcr\u00fcld\u00fc.<\/p>\n<p>Yang\u0131n sonucunda 100 dekar alanda zarar meydana geldi. Yang\u0131n sonras\u0131nda, \u0130l Tar\u0131m ve Orman M\u00fcd\u00fcrl\u00fc\u011f\u00fc ekipleri taraf\u0131ndan tarlalarda detayl\u0131 inceleme yap\u0131ld\u0131.<\/p>\n<p>Olayla ilgili olarak yap\u0131lan a\u00e7\u0131klamada, Aksaray Belediyesi, inceleme, itfaiye, Aksaray, tar\u0131m, ya\u015fam gibi kelimeler anahtar kelimeler olarak belirtildi.<\/p>\n","protected":false},"excerpt":{"rendered":"<p>Aksaray&#8217;da Bu\u011fday ve Arpa Ekili Tarlada \u00c7\u0131kan Yang\u0131n S\u00f6nd\u00fcr\u00fcld\u00fc Aksaray&#8217;da, merkeze ba\u011fl\u0131 Yanyurt k\u00f6y\u00fcnde arpa&hellip;<\/p>\n","protected":false},"author":1,"featured_media":9362,"comment_status":"open","ping_status":"open","sticky":false,"template":"","format":"standard","meta":{"footnotes":""},"categories":[9],"tags":[],"class_list":["post-9361","post","type-post","status-publish","format-standard","has-post-thumbnail","hentry","category-tarim"],"yoast_head":"<!-- This site is optimized with the Yoast SEO Premium plugin v24.3 (Yoast SEO v27.4) - https:\/\/yoast.com\/product\/yoast-seo-premium-wordpress\/ -->\n<title>Aksaray&#039;da Tarlada \u00c7\u0131kan Yang\u0131n S\u00f6nd\u00fcr\u00fcld\u00fc - E-&Ccedil;\u0130FTL\u0130K HABER<\/title>\n<meta name=\"description\" content=\"Aksaray&#039;da Bu\u011fday ve Arpa Ekili Tarlada \u00c7\u0131kan Yang\u0131n S\u00f6nd\u00fcr\u00fcld\u00fc Aksaray&#039;da, merkeze ba\u011fl\u0131 Yanyurt k\u00f6y\u00fcnde arpa ekili tarlada hen\u00fcz belirlenemeyen bir\" \/>\n<meta name=\"robots\" content=\"index, follow, max-snippet:-1, max-image-preview:large, max-video-preview:-1\" \/>\n<link rel=\"canonical\" href=\"http:\/\/e-ciftlik.com\/haberler\/tarim\/aksarayda-tarlada-cikan-yangin-sonduruldu\/\" \/>\n<meta property=\"og:locale\" content=\"tr_TR\" \/>\n<meta property=\"og:type\" content=\"article\" \/>\n<meta property=\"og:title\" content=\"Aksaray&#039;da Tarlada \u00c7\u0131kan Yang\u0131n S\u00f6nd\u00fcr\u00fcld\u00fc\" \/>\n<meta property=\"og:description\" content=\"Aksaray&#039;da Bu\u011fday ve Arpa Ekili Tarlada \u00c7\u0131kan Yang\u0131n S\u00f6nd\u00fcr\u00fcld\u00fc Aksaray&#039;da, merkeze ba\u011fl\u0131 Yanyurt k\u00f6y\u00fcnde arpa ekili tarlada hen\u00fcz belirlenemeyen bir\" \/>\n<meta property=\"og:url\" content=\"http:\/\/e-ciftlik.com\/haberler\/tarim\/aksarayda-tarlada-cikan-yangin-sonduruldu\/\" \/>\n<meta property=\"og:site_name\" content=\"E-&Ccedil;\u0130FTL\u0130K HABER\" \/>\n<meta property=\"article:publisher\" content=\"https:\/\/www.facebook.com\/eciftlikturkiye\" \/>\n<meta property=\"article:published_time\" content=\"2024-07-04T07:57:00+00:00\" \/>\n<meta property=\"og:image\" content=\"http:\/\/e-ciftlik.com\/haberler\/wp-content\/uploads\/2024\/07\/aksaray-da-bugday-ve-arpa-ekili-tarlada-cikan-17486897_amp.jpg\" \/>\n\t<meta property=\"og:image:width\" content=\"1200\" \/>\n\t<meta property=\"og:image:height\" content=\"900\" \/>\n\t<meta property=\"og:image:type\" content=\"image\/jpeg\" \/>\n<meta name=\"author\" content=\"Haber Merkezi\" \/>\n<meta name=\"twitter:card\" content=\"summary_large_image\" \/>\n<meta name=\"twitter:creator\" content=\"@eciftlikresmi\" \/>\n<meta name=\"twitter:site\" content=\"@eciftlikresmi\" \/>\n<meta name=\"twitter:label1\" content=\"Yazan:\" \/>\n\t<meta name=\"twitter:data1\" content=\"Haber Merkezi\" \/>\n\t<meta name=\"twitter:label2\" content=\"Tahmini okuma s\u00fcresi\" \/>\n\t<meta name=\"twitter:data2\" content=\"1 dakika\" \/>\n<script type=\"application\/ld+json\" class=\"yoast-schema-graph\">{\"@context\":\"https:\\\/\\\/schema.org\",\"@graph\":[{\"@type\":\"NewsArticle\",\"@id\":\"http:\\\/\\\/e-ciftlik.com\\\/haberler\\\/tarim\\\/aksarayda-tarlada-cikan-yangin-sonduruldu\\\/#article\",\"isPartOf\":{\"@id\":\"http:\\\/\\\/e-ciftlik.com\\\/haberler\\\/tarim\\\/aksarayda-tarlada-cikan-yangin-sonduruldu\\\/\"},\"author\":{\"name\":\"Haber Merkezi\",\"@id\":\"https:\\\/\\\/e-ciftlik.com\\\/haberler\\\/#\\\/schema\\\/person\\\/d2f4fee3143d7f72be82cb887d51b00a\"},\"headline\":\"Aksaray&#8217;da Tarlada \u00c7\u0131kan Yang\u0131n S\u00f6nd\u00fcr\u00fcld\u00fc\",\"datePublished\":\"2024-07-04T07:57:00+00:00\",\"mainEntityOfPage\":{\"@id\":\"http:\\\/\\\/e-ciftlik.com\\\/haberler\\\/tarim\\\/aksarayda-tarlada-cikan-yangin-sonduruldu\\\/\"},\"wordCount\":127,\"commentCount\":0,\"publisher\":{\"@id\":\"https:\\\/\\\/e-ciftlik.com\\\/haberler\\\/#organization\"},\"image\":{\"@id\":\"http:\\\/\\\/e-ciftlik.com\\\/haberler\\\/tarim\\\/aksarayda-tarlada-cikan-yangin-sonduruldu\\\/#primaryimage\"},\"thumbnailUrl\":\"http:\\\/\\\/e-ciftlik.com\\\/haberler\\\/wp-content\\\/uploads\\\/2024\\\/07\\\/aksaray-da-bugday-ve-arpa-ekili-tarlada-cikan-17486897_amp.jpg\",\"articleSection\":[\"Tar\u0131m\"],\"inLanguage\":\"tr\",\"potentialAction\":[{\"@type\":\"CommentAction\",\"name\":\"Comment\",\"target\":[\"http:\\\/\\\/e-ciftlik.com\\\/haberler\\\/tarim\\\/aksarayda-tarlada-cikan-yangin-sonduruldu\\\/#respond\"]}]},{\"@type\":\"WebPage\",\"@id\":\"http:\\\/\\\/e-ciftlik.com\\\/haberler\\\/tarim\\\/aksarayda-tarlada-cikan-yangin-sonduruldu\\\/\",\"url\":\"http:\\\/\\\/e-ciftlik.com\\\/haberler\\\/tarim\\\/aksarayda-tarlada-cikan-yangin-sonduruldu\\\/\",\"name\":\"Aksaray'da Tarlada \u00c7\u0131kan Yang\u0131n S\u00f6nd\u00fcr\u00fcld\u00fc - E-&Ccedil;\u0130FTL\u0130K HABER\",\"isPartOf\":{\"@id\":\"https:\\\/\\\/e-ciftlik.com\\\/haberler\\\/#website\"},\"primaryImageOfPage\":{\"@id\":\"http:\\\/\\\/e-ciftlik.com\\\/haberler\\\/tarim\\\/aksarayda-tarlada-cikan-yangin-sonduruldu\\\/#primaryimage\"},\"image\":{\"@id\":\"http:\\\/\\\/e-ciftlik.com\\\/haberler\\\/tarim\\\/aksarayda-tarlada-cikan-yangin-sonduruldu\\\/#primaryimage\"},\"thumbnailUrl\":\"http:\\\/\\\/e-ciftlik.com\\\/haberler\\\/wp-content\\\/uploads\\\/2024\\\/07\\\/aksaray-da-bugday-ve-arpa-ekili-tarlada-cikan-17486897_amp.jpg\",\"datePublished\":\"2024-07-04T07:57:00+00:00\",\"description\":\"Aksaray'da Bu\u011fday ve Arpa Ekili Tarlada \u00c7\u0131kan Yang\u0131n S\u00f6nd\u00fcr\u00fcld\u00fc Aksaray'da, merkeze ba\u011fl\u0131 Yanyurt k\u00f6y\u00fcnde arpa ekili tarlada hen\u00fcz belirlenemeyen bir\",\"breadcrumb\":{\"@id\":\"http:\\\/\\\/e-ciftlik.com\\\/haberler\\\/tarim\\\/aksarayda-tarlada-cikan-yangin-sonduruldu\\\/#breadcrumb\"},\"inLanguage\":\"tr\",\"potentialAction\":[{\"@type\":\"ReadAction\",\"target\":[\"http:\\\/\\\/e-ciftlik.com\\\/haberler\\\/tarim\\\/aksarayda-tarlada-cikan-yangin-sonduruldu\\\/\"]}]},{\"@type\":\"ImageObject\",\"inLanguage\":\"tr\",\"@id\":\"http:\\\/\\\/e-ciftlik.com\\\/haberler\\\/tarim\\\/aksarayda-tarlada-cikan-yangin-sonduruldu\\\/#primaryimage\",\"url\":\"http:\\\/\\\/e-ciftlik.com\\\/haberler\\\/wp-content\\\/uploads\\\/2024\\\/07\\\/aksaray-da-bugday-ve-arpa-ekili-tarlada-cikan-17486897_amp.jpg\",\"contentUrl\":\"http:\\\/\\\/e-ciftlik.com\\\/haberler\\\/wp-content\\\/uploads\\\/2024\\\/07\\\/aksaray-da-bugday-ve-arpa-ekili-tarlada-cikan-17486897_amp.jpg\",\"width\":1200,\"height\":900},{\"@type\":\"BreadcrumbList\",\"@id\":\"http:\\\/\\\/e-ciftlik.com\\\/haberler\\\/tarim\\\/aksarayda-tarlada-cikan-yangin-sonduruldu\\\/#breadcrumb\",\"itemListElement\":[{\"@type\":\"ListItem\",\"position\":1,\"name\":\"Anasayfa\",\"item\":\"https:\\\/\\\/e-ciftlik.com\\\/haberler\\\/\"},{\"@type\":\"ListItem\",\"position\":2,\"name\":\"Aksaray&#8217;da Tarlada \u00c7\u0131kan Yang\u0131n S\u00f6nd\u00fcr\u00fcld\u00fc\"}]},{\"@type\":\"WebSite\",\"@id\":\"https:\\\/\\\/e-ciftlik.com\\\/haberler\\\/#website\",\"url\":\"https:\\\/\\\/e-ciftlik.com\\\/haberler\\\/\",\"name\":\"E-\u00c7iftlik Haber | G\u00fcncel, Son Dakika Haberler, En Son Haber\",\"description\":\"\",\"publisher\":{\"@id\":\"https:\\\/\\\/e-ciftlik.com\\\/haberler\\\/#organization\"},\"potentialAction\":[{\"@type\":\"SearchAction\",\"target\":{\"@type\":\"EntryPoint\",\"urlTemplate\":\"https:\\\/\\\/e-ciftlik.com\\\/haberler\\\/?s={search_term_string}\"},\"query-input\":{\"@type\":\"PropertyValueSpecification\",\"valueRequired\":true,\"valueName\":\"search_term_string\"}}],\"inLanguage\":\"tr\"},{\"@type\":\"Organization\",\"@id\":\"https:\\\/\\\/e-ciftlik.com\\\/haberler\\\/#organization\",\"name\":\"E-\u00c7\u0130FTL\u0130K HABER\",\"url\":\"https:\\\/\\\/e-ciftlik.com\\\/haberler\\\/\",\"logo\":{\"@type\":\"ImageObject\",\"inLanguage\":\"tr\",\"@id\":\"https:\\\/\\\/e-ciftlik.com\\\/haberler\\\/#\\\/schema\\\/logo\\\/image\\\/\",\"url\":\"http:\\\/\\\/e-ciftlik.com\\\/haberler\\\/wp-content\\\/uploads\\\/2024\\\/06\\\/cropped-cropped-favicon-1-2.png\",\"contentUrl\":\"http:\\\/\\\/e-ciftlik.com\\\/haberler\\\/wp-content\\\/uploads\\\/2024\\\/06\\\/cropped-cropped-favicon-1-2.png\",\"width\":512,\"height\":512,\"caption\":\"E-\u00c7\u0130FTL\u0130K HABER\"},\"image\":{\"@id\":\"https:\\\/\\\/e-ciftlik.com\\\/haberler\\\/#\\\/schema\\\/logo\\\/image\\\/\"},\"sameAs\":[\"https:\\\/\\\/www.facebook.com\\\/eciftlikturkiye\",\"https:\\\/\\\/x.com\\\/eciftlikresmi\",\"https:\\\/\\\/www.instagram.com\\\/eciftlikresmi\\\/\"]},{\"@type\":\"Person\",\"@id\":\"https:\\\/\\\/e-ciftlik.com\\\/haberler\\\/#\\\/schema\\\/person\\\/d2f4fee3143d7f72be82cb887d51b00a\",\"name\":\"Haber Merkezi\",\"image\":{\"@type\":\"ImageObject\",\"inLanguage\":\"tr\",\"@id\":\"https:\\\/\\\/secure.gravatar.com\\\/avatar\\\/6c27d641914e66c1d0452c92716002398782818991d86db1c2cccb531e7c7c82?s=96&d=mm&r=g\",\"url\":\"https:\\\/\\\/secure.gravatar.com\\\/avatar\\\/6c27d641914e66c1d0452c92716002398782818991d86db1c2cccb531e7c7c82?s=96&d=mm&r=g\",\"contentUrl\":\"https:\\\/\\\/secure.gravatar.com\\\/avatar\\\/6c27d641914e66c1d0452c92716002398782818991d86db1c2cccb531e7c7c82?s=96&d=mm&r=g\",\"caption\":\"Haber Merkezi\"},\"sameAs\":[\"http:\\\/\\\/e-ciftlik.com\\\/haberler\"]}]}<\/script>\n<!-- \/ Yoast SEO Premium plugin. -->","yoast_head_json":{"title":"Aksaray'da Tarlada \u00c7\u0131kan Yang\u0131n S\u00f6nd\u00fcr\u00fcld\u00fc - E-&Ccedil;\u0130FTL\u0130K HABER","description":"Aksaray'da Bu\u011fday ve Arpa Ekili Tarlada \u00c7\u0131kan Yang\u0131n S\u00f6nd\u00fcr\u00fcld\u00fc Aksaray'da, merkeze ba\u011fl\u0131 Yanyurt k\u00f6y\u00fcnde arpa ekili tarlada hen\u00fcz belirlenemeyen bir","robots":{"index":"index","follow":"follow","max-snippet":"max-snippet:-1","max-image-preview":"max-image-preview:large","max-video-preview":"max-video-preview:-1"},"canonical":"http:\/\/e-ciftlik.com\/haberler\/tarim\/aksarayda-tarlada-cikan-yangin-sonduruldu\/","og_locale":"tr_TR","og_type":"article","og_title":"Aksaray'da Tarlada \u00c7\u0131kan Yang\u0131n S\u00f6nd\u00fcr\u00fcld\u00fc","og_description":"Aksaray'da Bu\u011fday ve Arpa Ekili Tarlada \u00c7\u0131kan Yang\u0131n S\u00f6nd\u00fcr\u00fcld\u00fc Aksaray'da, merkeze ba\u011fl\u0131 Yanyurt k\u00f6y\u00fcnde arpa ekili tarlada hen\u00fcz belirlenemeyen bir","og_url":"http:\/\/e-ciftlik.com\/haberler\/tarim\/aksarayda-tarlada-cikan-yangin-sonduruldu\/","og_site_name":"E-&Ccedil;\u0130FTL\u0130K HABER","article_publisher":"https:\/\/www.facebook.com\/eciftlikturkiye","article_published_time":"2024-07-04T07:57:00+00:00","og_image":[{"width":1200,"height":900,"url":"http:\/\/e-ciftlik.com\/haberler\/wp-content\/uploads\/2024\/07\/aksaray-da-bugday-ve-arpa-ekili-tarlada-cikan-17486897_amp.jpg","type":"image\/jpeg"}],"author":"Haber Merkezi","twitter_card":"summary_large_image","twitter_creator":"@eciftlikresmi","twitter_site":"@eciftlikresmi","twitter_misc":{"Yazan:":"Haber Merkezi","Tahmini okuma s\u00fcresi":"1 dakika"},"schema":{"@context":"https:\/\/schema.org","@graph":[{"@type":"NewsArticle","@id":"http:\/\/e-ciftlik.com\/haberler\/tarim\/aksarayda-tarlada-cikan-yangin-sonduruldu\/#article","isPartOf":{"@id":"http:\/\/e-ciftlik.com\/haberler\/tarim\/aksarayda-tarlada-cikan-yangin-sonduruldu\/"},"author":{"name":"Haber Merkezi","@id":"https:\/\/e-ciftlik.com\/haberler\/#\/schema\/person\/d2f4fee3143d7f72be82cb887d51b00a"},"headline":"Aksaray&#8217;da Tarlada \u00c7\u0131kan Yang\u0131n S\u00f6nd\u00fcr\u00fcld\u00fc","datePublished":"2024-07-04T07:57:00+00:00","mainEntityOfPage":{"@id":"http:\/\/e-ciftlik.com\/haberler\/tarim\/aksarayda-tarlada-cikan-yangin-sonduruldu\/"},"wordCount":127,"commentCount":0,"publisher":{"@id":"https:\/\/e-ciftlik.com\/haberler\/#organization"},"image":{"@id":"http:\/\/e-ciftlik.com\/haberler\/tarim\/aksarayda-tarlada-cikan-yangin-sonduruldu\/#primaryimage"},"thumbnailUrl":"http:\/\/e-ciftlik.com\/haberler\/wp-content\/uploads\/2024\/07\/aksaray-da-bugday-ve-arpa-ekili-tarlada-cikan-17486897_amp.jpg","articleSection":["Tar\u0131m"],"inLanguage":"tr","potentialAction":[{"@type":"CommentAction","name":"Comment","target":["http:\/\/e-ciftlik.com\/haberler\/tarim\/aksarayda-tarlada-cikan-yangin-sonduruldu\/#respond"]}]},{"@type":"WebPage","@id":"http:\/\/e-ciftlik.com\/haberler\/tarim\/aksarayda-tarlada-cikan-yangin-sonduruldu\/","url":"http:\/\/e-ciftlik.com\/haberler\/tarim\/aksarayda-tarlada-cikan-yangin-sonduruldu\/","name":"Aksaray'da Tarlada \u00c7\u0131kan Yang\u0131n S\u00f6nd\u00fcr\u00fcld\u00fc - E-&Ccedil;\u0130FTL\u0130K HABER","isPartOf":{"@id":"https:\/\/e-ciftlik.com\/haberler\/#website"},"primaryImageOfPage":{"@id":"http:\/\/e-ciftlik.com\/haberler\/tarim\/aksarayda-tarlada-cikan-yangin-sonduruldu\/#primaryimage"},"image":{"@id":"http:\/\/e-ciftlik.com\/haberler\/tarim\/aksarayda-tarlada-cikan-yangin-sonduruldu\/#primaryimage"},"thumbnailUrl":"http:\/\/e-ciftlik.com\/haberler\/wp-content\/uploads\/2024\/07\/aksaray-da-bugday-ve-arpa-ekili-tarlada-cikan-17486897_amp.jpg","datePublished":"2024-07-04T07:57:00+00:00","description":"Aksaray'da Bu\u011fday ve Arpa Ekili Tarlada \u00c7\u0131kan Yang\u0131n S\u00f6nd\u00fcr\u00fcld\u00fc Aksaray'da, merkeze ba\u011fl\u0131 Yanyurt k\u00f6y\u00fcnde arpa ekili tarlada hen\u00fcz belirlenemeyen bir","breadcrumb":{"@id":"http:\/\/e-ciftlik.com\/haberler\/tarim\/aksarayda-tarlada-cikan-yangin-sonduruldu\/#breadcrumb"},"inLanguage":"tr","potentialAction":[{"@type":"ReadAction","target":["http:\/\/e-ciftlik.com\/haberler\/tarim\/aksarayda-tarlada-cikan-yangin-sonduruldu\/"]}]},{"@type":"ImageObject","inLanguage":"tr","@id":"http:\/\/e-ciftlik.com\/haberler\/tarim\/aksarayda-tarlada-cikan-yangin-sonduruldu\/#primaryimage","url":"http:\/\/e-ciftlik.com\/haberler\/wp-content\/uploads\/2024\/07\/aksaray-da-bugday-ve-arpa-ekili-tarlada-cikan-17486897_amp.jpg","contentUrl":"http:\/\/e-ciftlik.com\/haberler\/wp-content\/uploads\/2024\/07\/aksaray-da-bugday-ve-arpa-ekili-tarlada-cikan-17486897_amp.jpg","width":1200,"height":900},{"@type":"BreadcrumbList","@id":"http:\/\/e-ciftlik.com\/haberler\/tarim\/aksarayda-tarlada-cikan-yangin-sonduruldu\/#breadcrumb","itemListElement":[{"@type":"ListItem","position":1,"name":"Anasayfa","item":"https:\/\/e-ciftlik.com\/haberler\/"},{"@type":"ListItem","position":2,"name":"Aksaray&#8217;da Tarlada \u00c7\u0131kan Yang\u0131n S\u00f6nd\u00fcr\u00fcld\u00fc"}]},{"@type":"WebSite","@id":"https:\/\/e-ciftlik.com\/haberler\/#website","url":"https:\/\/e-ciftlik.com\/haberler\/","name":"E-\u00c7iftlik Haber | G\u00fcncel, Son Dakika Haberler, En Son Haber","description":"","publisher":{"@id":"https:\/\/e-ciftlik.com\/haberler\/#organization"},"potentialAction":[{"@type":"SearchAction","target":{"@type":"EntryPoint","urlTemplate":"https:\/\/e-ciftlik.com\/haberler\/?s={search_term_string}"},"query-input":{"@type":"PropertyValueSpecification","valueRequired":true,"valueName":"search_term_string"}}],"inLanguage":"tr"},{"@type":"Organization","@id":"https:\/\/e-ciftlik.com\/haberler\/#organization","name":"E-\u00c7\u0130FTL\u0130K HABER","url":"https:\/\/e-ciftlik.com\/haberler\/","logo":{"@type":"ImageObject","inLanguage":"tr","@id":"https:\/\/e-ciftlik.com\/haberler\/#\/schema\/logo\/image\/","url":"http:\/\/e-ciftlik.com\/haberler\/wp-content\/uploads\/2024\/06\/cropped-cropped-favicon-1-2.png","contentUrl":"http:\/\/e-ciftlik.com\/haberler\/wp-content\/uploads\/2024\/06\/cropped-cropped-favicon-1-2.png","width":512,"height":512,"caption":"E-\u00c7\u0130FTL\u0130K HABER"},"image":{"@id":"https:\/\/e-ciftlik.com\/haberler\/#\/schema\/logo\/image\/"},"sameAs":["https:\/\/www.facebook.com\/eciftlikturkiye","https:\/\/x.com\/eciftlikresmi","https:\/\/www.instagram.com\/eciftlikresmi\/"]},{"@type":"Person","@id":"https:\/\/e-ciftlik.com\/haberler\/#\/schema\/person\/d2f4fee3143d7f72be82cb887d51b00a","name":"Haber Merkezi","image":{"@type":"ImageObject","inLanguage":"tr","@id":"https:\/\/secure.gravatar.com\/avatar\/6c27d641914e66c1d0452c92716002398782818991d86db1c2cccb531e7c7c82?s=96&d=mm&r=g","url":"https:\/\/secure.gravatar.com\/avatar\/6c27d641914e66c1d0452c92716002398782818991d86db1c2cccb531e7c7c82?s=96&d=mm&r=g","contentUrl":"https:\/\/secure.gravatar.com\/avatar\/6c27d641914e66c1d0452c92716002398782818991d86db1c2cccb531e7c7c82?s=96&d=mm&r=g","caption":"Haber Merkezi"},"sameAs":["http:\/\/e-ciftlik.com\/haberler"]}]}},"_links":{"self":[{"href":"http:\/\/e-ciftlik.com\/haberler\/wp-json\/wp\/v2\/posts\/9361","targetHints":{"allow":["GET"]}}],"collection":[{"href":"http:\/\/e-ciftlik.com\/haberler\/wp-json\/wp\/v2\/posts"}],"about":[{"href":"http:\/\/e-ciftlik.com\/haberler\/wp-json\/wp\/v2\/types\/post"}],"author":[{"embeddable":true,"href":"http:\/\/e-ciftlik.com\/haberler\/wp-json\/wp\/v2\/users\/1"}],"replies":[{"embeddable":true,"href":"http:\/\/e-ciftlik.com\/haberler\/wp-json\/wp\/v2\/comments?post=9361"}],"version-history":[{"count":0,"href":"http:\/\/e-ciftlik.com\/haberler\/wp-json\/wp\/v2\/posts\/9361\/revisions"}],"wp:featuredmedia":[{"embeddable":true,"href":"http:\/\/e-ciftlik.com\/haberler\/wp-json\/wp\/v2\/media\/9362"}],"wp:attachment":[{"href":"http:\/\/e-ciftlik.com\/haberler\/wp-json\/wp\/v2\/media?parent=9361"}],"wp:term":[{"taxonomy":"category","embeddable":true,"href":"http:\/\/e-ciftlik.com\/haberler\/wp-json\/wp\/v2\/categories?post=9361"},{"taxonomy":"post_tag","embeddable":true,"href":"http:\/\/e-ciftlik.com\/haberler\/wp-json\/wp\/v2\/tags?post=9361"}],"curies":[{"name":"wp","href":"https:\/\/api.w.org\/{rel}","templated":true}]}}