{"id":9673,"date":"2024-07-05T19:43:41","date_gmt":"2024-07-05T19:43:41","guid":{"rendered":"https:\/\/e-ciftlik.com\/haberler\/spor\/turkiyenin-euro-2024-kadrosu-belli-oldu\/"},"modified":"2024-07-05T19:43:41","modified_gmt":"2024-07-05T19:43:41","slug":"turkiyenin-euro-2024-kadrosu-belli-oldu","status":"publish","type":"post","link":"http:\/\/e-ciftlik.com\/haberler\/spor\/turkiyenin-euro-2024-kadrosu-belli-oldu\/","title":{"rendered":"T\u00fcrkiye&#8217;nin EURO 2024 Kadrosu Belli Oldu!"},"content":{"rendered":"<p>T\u00dcRK\u0130YE&#8217;N\u0130N KADROSU<\/p>\n<p>A Milli Tak\u0131m&#8217;\u0131n EURO 2024 kadrosunda \u015fu futbolcular bulunmaktad\u0131r:<\/p>\n<p>Kaleci: Altay Bay\u0131nd\u0131r (Manchester United), Mert G\u00fcnok (Be\u015fikta\u015f), U\u011furcan \u00c7ak\u0131r (Trabzonspor)<\/p>\n<p>Defans: Mert M\u00fcld\u00fcr, Ferdi Kad\u0131o\u011flu, Samet Akayd\u0131n (Fenerbah\u00e7e), Zeki \u00c7elik (Roma), Abd\u00fclkerim Bardakc\u0131 (Galatasaray), Ahmetcan Kaplan (Ajax), Merih Demiral (Al-Ahli)<\/p>\n<p>Orta saha: \u0130smail Y\u00fcksek (Fenerbah\u00e7e), Kaan Ayhan (Galatasaray), Okay Yoku\u015flu (West Bromwich), Orkun K\u00f6k\u00e7\u00fc (Benfica), Salih \u00d6zcan (Borussia Dortmund), Hakan \u00c7alhano\u011flu (Inter)<\/p>\n<p>Forvet: \u0130rfan Can Kahveci (Fenerbah\u00e7e), Yunus Akg\u00fcn (Leicester City), Kenan Y\u0131ld\u0131z (Juventus), Kerem Akt\u00fcrko\u011flu, Bar\u0131\u015f Alper Y\u0131lmaz (Galatasaray), Arda G\u00fcler (Real Madrid), Bertu\u011f Y\u0131ld\u0131r\u0131m (Rennes), Cenk Tosun, Semih K\u0131l\u0131\u00e7soy (Be\u015fikta\u015f), Yusuf Yaz\u0131c\u0131 (Lille)<\/p>\n","protected":false},"excerpt":{"rendered":"<p>T\u00dcRK\u0130YE&#8217;N\u0130N KADROSU A Milli Tak\u0131m&#8217;\u0131n EURO 2024 kadrosunda \u015fu futbolcular bulunmaktad\u0131r: Kaleci: Altay Bay\u0131nd\u0131r (Manchester&hellip;<\/p>\n","protected":false},"author":1,"featured_media":9674,"comment_status":"open","ping_status":"open","sticky":false,"template":"","format":"standard","meta":{"footnotes":""},"categories":[7],"tags":[],"class_list":["post-9673","post","type-post","status-publish","format-standard","has-post-thumbnail","hentry","category-spor"],"yoast_head":"<!-- This site is optimized with the Yoast SEO Premium plugin v24.3 (Yoast SEO v27.4) - https:\/\/yoast.com\/product\/yoast-seo-premium-wordpress\/ -->\n<title>T\u00fcrkiye&#039;nin EURO 2024 Kadrosu Belli Oldu! - E-&Ccedil;\u0130FTL\u0130K HABER<\/title>\n<meta name=\"description\" content=\"T\u00dcRK\u0130YE&#039;N\u0130N KADROSU A Milli Tak\u0131m&#039;\u0131n EURO 2024 kadrosunda \u015fu futbolcular bulunmaktad\u0131r: Kaleci: Altay Bay\u0131nd\u0131r (Manchester United), Mert G\u00fcnok (Be\u015fikta\u015f),\" \/>\n<meta name=\"robots\" content=\"index, follow, max-snippet:-1, max-image-preview:large, max-video-preview:-1\" \/>\n<link rel=\"canonical\" href=\"http:\/\/e-ciftlik.com\/haberler\/spor\/turkiyenin-euro-2024-kadrosu-belli-oldu\/\" \/>\n<meta property=\"og:locale\" content=\"tr_TR\" \/>\n<meta property=\"og:type\" content=\"article\" \/>\n<meta property=\"og:title\" content=\"T\u00fcrkiye&#039;nin EURO 2024 Kadrosu Belli Oldu!\" \/>\n<meta property=\"og:description\" content=\"T\u00dcRK\u0130YE&#039;N\u0130N KADROSU A Milli Tak\u0131m&#039;\u0131n EURO 2024 kadrosunda \u015fu futbolcular bulunmaktad\u0131r: Kaleci: Altay Bay\u0131nd\u0131r (Manchester United), Mert G\u00fcnok (Be\u015fikta\u015f),\" \/>\n<meta property=\"og:url\" content=\"http:\/\/e-ciftlik.com\/haberler\/spor\/turkiyenin-euro-2024-kadrosu-belli-oldu\/\" \/>\n<meta property=\"og:site_name\" content=\"E-&Ccedil;\u0130FTL\u0130K HABER\" \/>\n<meta property=\"article:publisher\" content=\"https:\/\/www.facebook.com\/eciftlikturkiye\" \/>\n<meta property=\"article:published_time\" content=\"2024-07-05T19:43:41+00:00\" \/>\n<meta property=\"og:image\" content=\"http:\/\/e-ciftlik.com\/haberler\/wp-content\/uploads\/2024\/07\/1720208625_1200x628.jpeg\" \/>\n\t<meta property=\"og:image:width\" content=\"1200\" \/>\n\t<meta property=\"og:image:height\" content=\"628\" \/>\n\t<meta property=\"og:image:type\" content=\"image\/jpeg\" \/>\n<meta name=\"author\" content=\"Haber Merkezi\" \/>\n<meta name=\"twitter:card\" content=\"summary_large_image\" \/>\n<meta name=\"twitter:creator\" content=\"@eciftlikresmi\" \/>\n<meta name=\"twitter:site\" content=\"@eciftlikresmi\" \/>\n<meta name=\"twitter:label1\" content=\"Yazan:\" \/>\n\t<meta name=\"twitter:data1\" content=\"Haber Merkezi\" \/>\n\t<meta name=\"twitter:label2\" content=\"Tahmini okuma s\u00fcresi\" \/>\n\t<meta name=\"twitter:data2\" content=\"1 dakika\" \/>\n<script type=\"application\/ld+json\" class=\"yoast-schema-graph\">{\"@context\":\"https:\\\/\\\/schema.org\",\"@graph\":[{\"@type\":\"NewsArticle\",\"@id\":\"http:\\\/\\\/e-ciftlik.com\\\/haberler\\\/spor\\\/turkiyenin-euro-2024-kadrosu-belli-oldu\\\/#article\",\"isPartOf\":{\"@id\":\"http:\\\/\\\/e-ciftlik.com\\\/haberler\\\/spor\\\/turkiyenin-euro-2024-kadrosu-belli-oldu\\\/\"},\"author\":{\"name\":\"Haber Merkezi\",\"@id\":\"https:\\\/\\\/e-ciftlik.com\\\/haberler\\\/#\\\/schema\\\/person\\\/d2f4fee3143d7f72be82cb887d51b00a\"},\"headline\":\"T\u00fcrkiye&#8217;nin EURO 2024 Kadrosu Belli Oldu!\",\"datePublished\":\"2024-07-05T19:43:41+00:00\",\"mainEntityOfPage\":{\"@id\":\"http:\\\/\\\/e-ciftlik.com\\\/haberler\\\/spor\\\/turkiyenin-euro-2024-kadrosu-belli-oldu\\\/\"},\"wordCount\":143,\"commentCount\":0,\"publisher\":{\"@id\":\"https:\\\/\\\/e-ciftlik.com\\\/haberler\\\/#organization\"},\"image\":{\"@id\":\"http:\\\/\\\/e-ciftlik.com\\\/haberler\\\/spor\\\/turkiyenin-euro-2024-kadrosu-belli-oldu\\\/#primaryimage\"},\"thumbnailUrl\":\"http:\\\/\\\/e-ciftlik.com\\\/haberler\\\/wp-content\\\/uploads\\\/2024\\\/07\\\/1720208625_1200x628.jpeg\",\"articleSection\":[\"Spor\"],\"inLanguage\":\"tr\",\"potentialAction\":[{\"@type\":\"CommentAction\",\"name\":\"Comment\",\"target\":[\"http:\\\/\\\/e-ciftlik.com\\\/haberler\\\/spor\\\/turkiyenin-euro-2024-kadrosu-belli-oldu\\\/#respond\"]}]},{\"@type\":\"WebPage\",\"@id\":\"http:\\\/\\\/e-ciftlik.com\\\/haberler\\\/spor\\\/turkiyenin-euro-2024-kadrosu-belli-oldu\\\/\",\"url\":\"http:\\\/\\\/e-ciftlik.com\\\/haberler\\\/spor\\\/turkiyenin-euro-2024-kadrosu-belli-oldu\\\/\",\"name\":\"T\u00fcrkiye'nin EURO 2024 Kadrosu Belli Oldu! - E-&Ccedil;\u0130FTL\u0130K HABER\",\"isPartOf\":{\"@id\":\"https:\\\/\\\/e-ciftlik.com\\\/haberler\\\/#website\"},\"primaryImageOfPage\":{\"@id\":\"http:\\\/\\\/e-ciftlik.com\\\/haberler\\\/spor\\\/turkiyenin-euro-2024-kadrosu-belli-oldu\\\/#primaryimage\"},\"image\":{\"@id\":\"http:\\\/\\\/e-ciftlik.com\\\/haberler\\\/spor\\\/turkiyenin-euro-2024-kadrosu-belli-oldu\\\/#primaryimage\"},\"thumbnailUrl\":\"http:\\\/\\\/e-ciftlik.com\\\/haberler\\\/wp-content\\\/uploads\\\/2024\\\/07\\\/1720208625_1200x628.jpeg\",\"datePublished\":\"2024-07-05T19:43:41+00:00\",\"description\":\"T\u00dcRK\u0130YE'N\u0130N KADROSU A Milli Tak\u0131m'\u0131n EURO 2024 kadrosunda \u015fu futbolcular bulunmaktad\u0131r: Kaleci: Altay Bay\u0131nd\u0131r (Manchester United), Mert G\u00fcnok (Be\u015fikta\u015f),\",\"breadcrumb\":{\"@id\":\"http:\\\/\\\/e-ciftlik.com\\\/haberler\\\/spor\\\/turkiyenin-euro-2024-kadrosu-belli-oldu\\\/#breadcrumb\"},\"inLanguage\":\"tr\",\"potentialAction\":[{\"@type\":\"ReadAction\",\"target\":[\"http:\\\/\\\/e-ciftlik.com\\\/haberler\\\/spor\\\/turkiyenin-euro-2024-kadrosu-belli-oldu\\\/\"]}]},{\"@type\":\"ImageObject\",\"inLanguage\":\"tr\",\"@id\":\"http:\\\/\\\/e-ciftlik.com\\\/haberler\\\/spor\\\/turkiyenin-euro-2024-kadrosu-belli-oldu\\\/#primaryimage\",\"url\":\"http:\\\/\\\/e-ciftlik.com\\\/haberler\\\/wp-content\\\/uploads\\\/2024\\\/07\\\/1720208625_1200x628.jpeg\",\"contentUrl\":\"http:\\\/\\\/e-ciftlik.com\\\/haberler\\\/wp-content\\\/uploads\\\/2024\\\/07\\\/1720208625_1200x628.jpeg\",\"width\":1200,\"height\":628},{\"@type\":\"BreadcrumbList\",\"@id\":\"http:\\\/\\\/e-ciftlik.com\\\/haberler\\\/spor\\\/turkiyenin-euro-2024-kadrosu-belli-oldu\\\/#breadcrumb\",\"itemListElement\":[{\"@type\":\"ListItem\",\"position\":1,\"name\":\"Anasayfa\",\"item\":\"https:\\\/\\\/e-ciftlik.com\\\/haberler\\\/\"},{\"@type\":\"ListItem\",\"position\":2,\"name\":\"T\u00fcrkiye&#8217;nin EURO 2024 Kadrosu Belli Oldu!\"}]},{\"@type\":\"WebSite\",\"@id\":\"https:\\\/\\\/e-ciftlik.com\\\/haberler\\\/#website\",\"url\":\"https:\\\/\\\/e-ciftlik.com\\\/haberler\\\/\",\"name\":\"E-\u00c7iftlik Haber | G\u00fcncel, Son Dakika Haberler, En Son Haber\",\"description\":\"\",\"publisher\":{\"@id\":\"https:\\\/\\\/e-ciftlik.com\\\/haberler\\\/#organization\"},\"potentialAction\":[{\"@type\":\"SearchAction\",\"target\":{\"@type\":\"EntryPoint\",\"urlTemplate\":\"https:\\\/\\\/e-ciftlik.com\\\/haberler\\\/?s={search_term_string}\"},\"query-input\":{\"@type\":\"PropertyValueSpecification\",\"valueRequired\":true,\"valueName\":\"search_term_string\"}}],\"inLanguage\":\"tr\"},{\"@type\":\"Organization\",\"@id\":\"https:\\\/\\\/e-ciftlik.com\\\/haberler\\\/#organization\",\"name\":\"E-\u00c7\u0130FTL\u0130K HABER\",\"url\":\"https:\\\/\\\/e-ciftlik.com\\\/haberler\\\/\",\"logo\":{\"@type\":\"ImageObject\",\"inLanguage\":\"tr\",\"@id\":\"https:\\\/\\\/e-ciftlik.com\\\/haberler\\\/#\\\/schema\\\/logo\\\/image\\\/\",\"url\":\"http:\\\/\\\/e-ciftlik.com\\\/haberler\\\/wp-content\\\/uploads\\\/2024\\\/06\\\/cropped-cropped-favicon-1-2.png\",\"contentUrl\":\"http:\\\/\\\/e-ciftlik.com\\\/haberler\\\/wp-content\\\/uploads\\\/2024\\\/06\\\/cropped-cropped-favicon-1-2.png\",\"width\":512,\"height\":512,\"caption\":\"E-\u00c7\u0130FTL\u0130K HABER\"},\"image\":{\"@id\":\"https:\\\/\\\/e-ciftlik.com\\\/haberler\\\/#\\\/schema\\\/logo\\\/image\\\/\"},\"sameAs\":[\"https:\\\/\\\/www.facebook.com\\\/eciftlikturkiye\",\"https:\\\/\\\/x.com\\\/eciftlikresmi\",\"https:\\\/\\\/www.instagram.com\\\/eciftlikresmi\\\/\"]},{\"@type\":\"Person\",\"@id\":\"https:\\\/\\\/e-ciftlik.com\\\/haberler\\\/#\\\/schema\\\/person\\\/d2f4fee3143d7f72be82cb887d51b00a\",\"name\":\"Haber Merkezi\",\"image\":{\"@type\":\"ImageObject\",\"inLanguage\":\"tr\",\"@id\":\"https:\\\/\\\/secure.gravatar.com\\\/avatar\\\/6c27d641914e66c1d0452c92716002398782818991d86db1c2cccb531e7c7c82?s=96&d=mm&r=g\",\"url\":\"https:\\\/\\\/secure.gravatar.com\\\/avatar\\\/6c27d641914e66c1d0452c92716002398782818991d86db1c2cccb531e7c7c82?s=96&d=mm&r=g\",\"contentUrl\":\"https:\\\/\\\/secure.gravatar.com\\\/avatar\\\/6c27d641914e66c1d0452c92716002398782818991d86db1c2cccb531e7c7c82?s=96&d=mm&r=g\",\"caption\":\"Haber Merkezi\"},\"sameAs\":[\"http:\\\/\\\/e-ciftlik.com\\\/haberler\"]}]}<\/script>\n<!-- \/ Yoast SEO Premium plugin. -->","yoast_head_json":{"title":"T\u00fcrkiye'nin EURO 2024 Kadrosu Belli Oldu! - E-&Ccedil;\u0130FTL\u0130K HABER","description":"T\u00dcRK\u0130YE'N\u0130N KADROSU A Milli Tak\u0131m'\u0131n EURO 2024 kadrosunda \u015fu futbolcular bulunmaktad\u0131r: Kaleci: Altay Bay\u0131nd\u0131r (Manchester United), Mert G\u00fcnok (Be\u015fikta\u015f),","robots":{"index":"index","follow":"follow","max-snippet":"max-snippet:-1","max-image-preview":"max-image-preview:large","max-video-preview":"max-video-preview:-1"},"canonical":"http:\/\/e-ciftlik.com\/haberler\/spor\/turkiyenin-euro-2024-kadrosu-belli-oldu\/","og_locale":"tr_TR","og_type":"article","og_title":"T\u00fcrkiye'nin EURO 2024 Kadrosu Belli Oldu!","og_description":"T\u00dcRK\u0130YE'N\u0130N KADROSU A Milli Tak\u0131m'\u0131n EURO 2024 kadrosunda \u015fu futbolcular bulunmaktad\u0131r: Kaleci: Altay Bay\u0131nd\u0131r (Manchester United), Mert G\u00fcnok (Be\u015fikta\u015f),","og_url":"http:\/\/e-ciftlik.com\/haberler\/spor\/turkiyenin-euro-2024-kadrosu-belli-oldu\/","og_site_name":"E-&Ccedil;\u0130FTL\u0130K HABER","article_publisher":"https:\/\/www.facebook.com\/eciftlikturkiye","article_published_time":"2024-07-05T19:43:41+00:00","og_image":[{"width":1200,"height":628,"url":"http:\/\/e-ciftlik.com\/haberler\/wp-content\/uploads\/2024\/07\/1720208625_1200x628.jpeg","type":"image\/jpeg"}],"author":"Haber Merkezi","twitter_card":"summary_large_image","twitter_creator":"@eciftlikresmi","twitter_site":"@eciftlikresmi","twitter_misc":{"Yazan:":"Haber Merkezi","Tahmini okuma s\u00fcresi":"1 dakika"},"schema":{"@context":"https:\/\/schema.org","@graph":[{"@type":"NewsArticle","@id":"http:\/\/e-ciftlik.com\/haberler\/spor\/turkiyenin-euro-2024-kadrosu-belli-oldu\/#article","isPartOf":{"@id":"http:\/\/e-ciftlik.com\/haberler\/spor\/turkiyenin-euro-2024-kadrosu-belli-oldu\/"},"author":{"name":"Haber Merkezi","@id":"https:\/\/e-ciftlik.com\/haberler\/#\/schema\/person\/d2f4fee3143d7f72be82cb887d51b00a"},"headline":"T\u00fcrkiye&#8217;nin EURO 2024 Kadrosu Belli Oldu!","datePublished":"2024-07-05T19:43:41+00:00","mainEntityOfPage":{"@id":"http:\/\/e-ciftlik.com\/haberler\/spor\/turkiyenin-euro-2024-kadrosu-belli-oldu\/"},"wordCount":143,"commentCount":0,"publisher":{"@id":"https:\/\/e-ciftlik.com\/haberler\/#organization"},"image":{"@id":"http:\/\/e-ciftlik.com\/haberler\/spor\/turkiyenin-euro-2024-kadrosu-belli-oldu\/#primaryimage"},"thumbnailUrl":"http:\/\/e-ciftlik.com\/haberler\/wp-content\/uploads\/2024\/07\/1720208625_1200x628.jpeg","articleSection":["Spor"],"inLanguage":"tr","potentialAction":[{"@type":"CommentAction","name":"Comment","target":["http:\/\/e-ciftlik.com\/haberler\/spor\/turkiyenin-euro-2024-kadrosu-belli-oldu\/#respond"]}]},{"@type":"WebPage","@id":"http:\/\/e-ciftlik.com\/haberler\/spor\/turkiyenin-euro-2024-kadrosu-belli-oldu\/","url":"http:\/\/e-ciftlik.com\/haberler\/spor\/turkiyenin-euro-2024-kadrosu-belli-oldu\/","name":"T\u00fcrkiye'nin EURO 2024 Kadrosu Belli Oldu! - E-&Ccedil;\u0130FTL\u0130K HABER","isPartOf":{"@id":"https:\/\/e-ciftlik.com\/haberler\/#website"},"primaryImageOfPage":{"@id":"http:\/\/e-ciftlik.com\/haberler\/spor\/turkiyenin-euro-2024-kadrosu-belli-oldu\/#primaryimage"},"image":{"@id":"http:\/\/e-ciftlik.com\/haberler\/spor\/turkiyenin-euro-2024-kadrosu-belli-oldu\/#primaryimage"},"thumbnailUrl":"http:\/\/e-ciftlik.com\/haberler\/wp-content\/uploads\/2024\/07\/1720208625_1200x628.jpeg","datePublished":"2024-07-05T19:43:41+00:00","description":"T\u00dcRK\u0130YE'N\u0130N KADROSU A Milli Tak\u0131m'\u0131n EURO 2024 kadrosunda \u015fu futbolcular bulunmaktad\u0131r: Kaleci: Altay Bay\u0131nd\u0131r (Manchester United), Mert G\u00fcnok (Be\u015fikta\u015f),","breadcrumb":{"@id":"http:\/\/e-ciftlik.com\/haberler\/spor\/turkiyenin-euro-2024-kadrosu-belli-oldu\/#breadcrumb"},"inLanguage":"tr","potentialAction":[{"@type":"ReadAction","target":["http:\/\/e-ciftlik.com\/haberler\/spor\/turkiyenin-euro-2024-kadrosu-belli-oldu\/"]}]},{"@type":"ImageObject","inLanguage":"tr","@id":"http:\/\/e-ciftlik.com\/haberler\/spor\/turkiyenin-euro-2024-kadrosu-belli-oldu\/#primaryimage","url":"http:\/\/e-ciftlik.com\/haberler\/wp-content\/uploads\/2024\/07\/1720208625_1200x628.jpeg","contentUrl":"http:\/\/e-ciftlik.com\/haberler\/wp-content\/uploads\/2024\/07\/1720208625_1200x628.jpeg","width":1200,"height":628},{"@type":"BreadcrumbList","@id":"http:\/\/e-ciftlik.com\/haberler\/spor\/turkiyenin-euro-2024-kadrosu-belli-oldu\/#breadcrumb","itemListElement":[{"@type":"ListItem","position":1,"name":"Anasayfa","item":"https:\/\/e-ciftlik.com\/haberler\/"},{"@type":"ListItem","position":2,"name":"T\u00fcrkiye&#8217;nin EURO 2024 Kadrosu Belli Oldu!"}]},{"@type":"WebSite","@id":"https:\/\/e-ciftlik.com\/haberler\/#website","url":"https:\/\/e-ciftlik.com\/haberler\/","name":"E-\u00c7iftlik Haber | G\u00fcncel, Son Dakika Haberler, En Son Haber","description":"","publisher":{"@id":"https:\/\/e-ciftlik.com\/haberler\/#organization"},"potentialAction":[{"@type":"SearchAction","target":{"@type":"EntryPoint","urlTemplate":"https:\/\/e-ciftlik.com\/haberler\/?s={search_term_string}"},"query-input":{"@type":"PropertyValueSpecification","valueRequired":true,"valueName":"search_term_string"}}],"inLanguage":"tr"},{"@type":"Organization","@id":"https:\/\/e-ciftlik.com\/haberler\/#organization","name":"E-\u00c7\u0130FTL\u0130K HABER","url":"https:\/\/e-ciftlik.com\/haberler\/","logo":{"@type":"ImageObject","inLanguage":"tr","@id":"https:\/\/e-ciftlik.com\/haberler\/#\/schema\/logo\/image\/","url":"http:\/\/e-ciftlik.com\/haberler\/wp-content\/uploads\/2024\/06\/cropped-cropped-favicon-1-2.png","contentUrl":"http:\/\/e-ciftlik.com\/haberler\/wp-content\/uploads\/2024\/06\/cropped-cropped-favicon-1-2.png","width":512,"height":512,"caption":"E-\u00c7\u0130FTL\u0130K HABER"},"image":{"@id":"https:\/\/e-ciftlik.com\/haberler\/#\/schema\/logo\/image\/"},"sameAs":["https:\/\/www.facebook.com\/eciftlikturkiye","https:\/\/x.com\/eciftlikresmi","https:\/\/www.instagram.com\/eciftlikresmi\/"]},{"@type":"Person","@id":"https:\/\/e-ciftlik.com\/haberler\/#\/schema\/person\/d2f4fee3143d7f72be82cb887d51b00a","name":"Haber Merkezi","image":{"@type":"ImageObject","inLanguage":"tr","@id":"https:\/\/secure.gravatar.com\/avatar\/6c27d641914e66c1d0452c92716002398782818991d86db1c2cccb531e7c7c82?s=96&d=mm&r=g","url":"https:\/\/secure.gravatar.com\/avatar\/6c27d641914e66c1d0452c92716002398782818991d86db1c2cccb531e7c7c82?s=96&d=mm&r=g","contentUrl":"https:\/\/secure.gravatar.com\/avatar\/6c27d641914e66c1d0452c92716002398782818991d86db1c2cccb531e7c7c82?s=96&d=mm&r=g","caption":"Haber Merkezi"},"sameAs":["http:\/\/e-ciftlik.com\/haberler"]}]}},"_links":{"self":[{"href":"http:\/\/e-ciftlik.com\/haberler\/wp-json\/wp\/v2\/posts\/9673","targetHints":{"allow":["GET"]}}],"collection":[{"href":"http:\/\/e-ciftlik.com\/haberler\/wp-json\/wp\/v2\/posts"}],"about":[{"href":"http:\/\/e-ciftlik.com\/haberler\/wp-json\/wp\/v2\/types\/post"}],"author":[{"embeddable":true,"href":"http:\/\/e-ciftlik.com\/haberler\/wp-json\/wp\/v2\/users\/1"}],"replies":[{"embeddable":true,"href":"http:\/\/e-ciftlik.com\/haberler\/wp-json\/wp\/v2\/comments?post=9673"}],"version-history":[{"count":0,"href":"http:\/\/e-ciftlik.com\/haberler\/wp-json\/wp\/v2\/posts\/9673\/revisions"}],"wp:featuredmedia":[{"embeddable":true,"href":"http:\/\/e-ciftlik.com\/haberler\/wp-json\/wp\/v2\/media\/9674"}],"wp:attachment":[{"href":"http:\/\/e-ciftlik.com\/haberler\/wp-json\/wp\/v2\/media?parent=9673"}],"wp:term":[{"taxonomy":"category","embeddable":true,"href":"http:\/\/e-ciftlik.com\/haberler\/wp-json\/wp\/v2\/categories?post=9673"},{"taxonomy":"post_tag","embeddable":true,"href":"http:\/\/e-ciftlik.com\/haberler\/wp-json\/wp\/v2\/tags?post=9673"}],"curies":[{"name":"wp","href":"https:\/\/api.w.org\/{rel}","templated":true}]}}